{"id":45176,"date":"2024-04-09T11:49:46","date_gmt":"2024-04-09T14:49:46","guid":{"rendered":"https:\/\/psol50.org.br\/psol-rede\/?p=45176"},"modified":"2024-04-24T12:07:21","modified_gmt":"2024-04-24T15:07:21","slug":"resolucao-da-federacao-psol-rede-disciplina-as-coligacoes-e-a-formacao-de-listas-de-candidatos-nas-eleicoes-majoritarias-e-proporcionais-de-2024","status":"publish","type":"post","link":"https:\/\/psol50.org.br\/psol-rede\/resolucao-da-federacao-psol-rede-disciplina-as-coligacoes-e-a-formacao-de-listas-de-candidatos-nas-eleicoes-majoritarias-e-proporcionais-de-2024\/","title":{"rendered":"Resolu\u00e7\u00e3o da Federa\u00e7\u00e3o PSOL-Rede: disciplina as coliga\u00e7\u00f5es e a forma\u00e7\u00e3o de listas de candidatos nas elei\u00e7\u00f5es majorit\u00e1rias e proporcionais de 2024"},"content":{"rendered":"<p style=\"text-align: right;\"><a href=\"https:\/\/psol50.org.br\/wp-content\/uploads\/2024\/04\/Resolucao-Eleicoes-2024-PSOL-REDE.docx.pdf\" target=\"_blank\" rel=\"noopener\"><i><span style=\"font-weight: 400;\"><strong>Resolu\u00e7\u00e3o n\u00ba 7\/2024 \u2013 Federa\u00e7\u00e3o PSOL\/REDE: disciplina as coliga\u00e7\u00f5es e a forma\u00e7\u00e3o de listas de candidatos nas elei\u00e7\u00f5es majorit\u00e1rias e proporcionais na Elei\u00e7\u00e3o 2024.<\/strong><\/span><\/i><\/a><\/p>\n<p><span style=\"font-weight: 400;\">Art. 1\u00ba. Est\u00e3o autorizadas alian\u00e7as eleitorais majorit\u00e1rias e a forma\u00e7\u00e3o de coliga\u00e7\u00f5es com os partidos da Federa\u00e7\u00e3o Brasil da Esperan\u00e7a (PT, PC do B e PV), PSB e PDT, PCB e UP.<\/span><\/p>\n<ul>\n<li><span style=\"font-weight: 400;\"> 1\u00ba. Toda e qualquer alian\u00e7a com partidos que n\u00e3o est\u00e3o taxativamente autorizados no art. 1\u00ba, entende-se como n\u00e3o orientada e, portanto, vedada.<\/span><\/li>\n<li><span style=\"font-weight: 400;\"> 2\u00ba Caber\u00e1 \u00e0 dire\u00e7\u00e3o nacional da federa\u00e7\u00e3o, uma avalia\u00e7\u00e3o pol\u00edtica local e autoriza\u00e7\u00e3o ou n\u00e3o para ser realizada.\u00a0<\/span><\/li>\n<li><span style=\"font-weight: 400;\"> 3\u00ba. A inobserv\u00e2ncia de tais regras poder\u00e1 levar \u00e0 anula\u00e7\u00e3o das delibera\u00e7\u00f5es tomadas pela federa\u00e7\u00e3o na circunscri\u00e7\u00e3o eleitoral, pela dire\u00e7\u00e3o estadual ou nacional da federa\u00e7\u00e3o, conforme o caso.<\/span><\/li>\n<\/ul>\n<p><span style=\"font-weight: 400;\">Art. 2\u00ba. A dire\u00e7\u00e3o nacional da federa\u00e7\u00e3o ser\u00e1 respons\u00e1vel por analisar e autorizar ou n\u00e3o as alian\u00e7as eleitorais nas circunscri\u00e7\u00f5es com mais de 200.000 (duzentos mil) eleitores.<\/span><\/p>\n<p><span style=\"font-weight: 400;\">Art. 3\u00ba. A dire\u00e7\u00e3o estadual da federa\u00e7\u00e3o ser\u00e1 respons\u00e1vel por analisar e autorizar ou n\u00e3o as alian\u00e7as eleitorais nas circunscri\u00e7\u00f5es com at\u00e9 200.000 (duzentos\u00a0mil)\u00a0eleitores.<\/span><\/p>\n<ul>\n<li><span style=\"font-weight: 400;\"> 1\u00ba As decis\u00f5es estaduais da federa\u00e7\u00e3o poder\u00e3o ser contestadas, via recurso, \u00e0 dire\u00e7\u00e3o nacional da federa\u00e7\u00e3o, no prazo de 48h ap\u00f3s publicizada a decis\u00e3o estadual.<\/span><\/li>\n<li><span style=\"font-weight: 400;\"> 2\u00ba. As dire\u00e7\u00f5es nacional e estaduais deliberar\u00e3o por consenso progressivo.<\/span><\/li>\n<li><span style=\"font-weight: 400;\"> 3\u00ba. N\u00e3o havendo consenso, a delibera\u00e7\u00e3o ser\u00e1 por maioria de votos dos dirigentes das dire\u00e7\u00f5es estaduais ou nacional, conforme o caso.<\/span><\/li>\n<\/ul>\n<p><span style=\"font-weight: 400;\">Art. 4\u00ba. Na forma\u00e7\u00e3o das chapas majorit\u00e1rias ter\u00e1 prefer\u00eancia a ser indicado como candidato o filiado a partido federado que seja candidato \u00e0 reelei\u00e7\u00e3o.<\/span><\/p>\n<p><span style=\"font-weight: 400;\">Art. 5\u00ba. Na forma\u00e7\u00e3o das chapas majorit\u00e1rias ser\u00e1 considerado como crit\u00e9rio de defini\u00e7\u00e3o a indica\u00e7\u00e3o do partido federado que obteve maioria dos votos para a c\u00e2mara municipal em 2020.<\/span><\/p>\n<ul>\n<li><span style=\"font-weight: 400;\"> 1\u00ba Na hip\u00f3tese de nenhum dos partidos terem concorrido ao pleito de 2020, a refer\u00eancia a ser utilizada ser\u00e1 a propor\u00e7\u00e3o estadual com base na elei\u00e7\u00e3o de 2022, nos termos do art. 24, inciso I, do Estatuto da Federa\u00e7\u00e3o PSOL-REDE.<\/span><\/li>\n<li><span style=\"font-weight: 400;\"> 2\u00ba Por consenso, entre os partidos federados, a escolha do majorit\u00e1rio poder\u00e1 n\u00e3o ser da legenda que obteve maioria dos votos indicado no art. 6\u00ba e no \u00a7 1\u00ba.<\/span><\/li>\n<\/ul>\n<p><span style=\"font-weight: 400;\">Art. 6\u00ba. Na defini\u00e7\u00e3o do quantitativo de vagas das chapas proporcionais ser\u00e1 observada a vota\u00e7\u00e3o obtida pelos partidos federados na disputa pela c\u00e2mara de vereadores na elei\u00e7\u00e3o 2020.<\/span><\/p>\n<ul>\n<li><span style=\"font-weight: 400;\"> 1\u00ba. Na hip\u00f3tese de nenhum dos partidos terem concorrido ao pleito de 2020, a refer\u00eancia a ser utilizada ser\u00e1 a propor\u00e7\u00e3o estadual com base na elei\u00e7\u00e3o de 2022, nos termos do art. 24, inciso I, do Estatuto da Federa\u00e7\u00e3o PSOL-REDE.<\/span><\/li>\n<li><span style=\"font-weight: 400;\"> 2\u00ba. Independentemente da vota\u00e7\u00e3o, cada partido tem direito a preencher 1\/3 da chapa.<\/span><\/li>\n<li><span style=\"font-weight: 400;\"> 3\u00ba. Por consenso, os partidos federados podem\u00a0 distribuir as vagas de maneira diferente da indicada pela vota\u00e7\u00e3o no pleito de 2020.<\/span><\/li>\n<li><span style=\"font-weight: 400;\"> 4\u00ba. Os partidos federados dever\u00e3o observar o percentual m\u00ednimo de 30% de candidaturas femininas nas listas isoladas e na lista global.<\/span><\/li>\n<li><span style=\"font-weight: 400;\"> 5\u00ba. Para participa\u00e7\u00e3o no pleito proporcional, o partido federado dever\u00e1 indicar, no m\u00ednimo, dois candidatos, um de cada g\u00eanero.<\/span><\/li>\n<li><span style=\"font-weight: 400;\"> 6\u00ba A inobserv\u00e2ncia do percentual em lista isolada ou do disposto no \u00a7 5\u00ba implica na impossibilidade de o partido federado lan\u00e7ar candidatos, de modo que a federa\u00e7\u00e3o participar\u00e1 do pleito somente com a indica\u00e7\u00e3o de candidatos do partido que cumprir os percentuais de g\u00eanero previstos na legisla\u00e7\u00e3o.<\/span><\/li>\n<\/ul>\n<p><span style=\"font-weight: 400;\">Art. 7\u00ba. Os partidos federados formar\u00e3o a lista de candidatos e submeter\u00e3o a proposta para forma\u00e7\u00e3o das chapas majorit\u00e1ria e proporcional \u00e0 dire\u00e7\u00e3o municipal da federa\u00e7\u00e3o at\u00e9 20 de julho de 2024.<\/span><\/p>\n<p><span style=\"font-weight: 400;\">Art. 8\u00ba. A dire\u00e7\u00e3o municipal da federa\u00e7\u00e3o se reunir\u00e1 e deliberar\u00e1 sobre a lista no prazo de 24 horas.<\/span><\/p>\n<p><span style=\"font-weight: 400;\">Art. 9\u00ba. N\u00e3o havendo consenso, ser\u00e1 acionada a dire\u00e7\u00e3o superior competente, nos termos dos artigos 2\u00ba e 3\u00ba.<\/span><\/p>\n<p><span style=\"font-weight: 400;\">Art. 10. As listas aprovadas pela dire\u00e7\u00e3o competente, conforme o caso, ser\u00e3o homologadas pelos partidos federados conforme normativa interna definida pelo partido e, posteriormente, em conven\u00e7\u00e3o da federa\u00e7\u00e3o no munic\u00edpio.<\/span><\/p>\n<ul>\n<li><span style=\"font-weight: 400;\"> 1\u00ba. Deliberar\u00e3o pela dire\u00e7\u00e3o municipal da federa\u00e7\u00e3o os respectivos dirigentes.<\/span><\/li>\n<li><span style=\"font-weight: 400;\"> 2\u00ba. As conven\u00e7\u00f5es dos partidos e da federa\u00e7\u00e3o podem ser realizadas no mesmo dia e local.<\/span><\/li>\n<\/ul>\n<p><em><strong>Bras\u00edlia, 27 de mar\u00e7o de 2024.<br \/>\nFedera\u00e7\u00e3o PSOL-REDE<\/strong><\/em><\/p>\n<p><em><strong>Paula Bermudes Moraes Coradi &#8211; Presidente<\/strong><\/em><\/p>\n","protected":false},"excerpt":{"rendered":"<p>Resolu\u00e7\u00e3o n\u00ba 7\/2024 \u2013 Federa\u00e7\u00e3o PSOL\/REDE: disciplina as coliga\u00e7\u00f5es e a forma\u00e7\u00e3o de listas de candidatos nas elei\u00e7\u00f5es majorit\u00e1rias e proporcionais na Elei\u00e7\u00e3o 2024. Art. 1\u00ba. Est\u00e3o autorizadas alian\u00e7as eleitorais majorit\u00e1rias e a forma\u00e7\u00e3o de coliga\u00e7\u00f5es com os partidos da Federa\u00e7\u00e3o Brasil da Esperan\u00e7a (PT, PC do B e PV), PSB e PDT, PCB e [&hellip;]<\/p>\n","protected":false},"author":4,"featured_media":45178,"comment_status":"closed","ping_status":"open","sticky":false,"template":"","format":"standard","meta":{"footnotes":""},"categories":[5801],"tags":[],"class_list":{"0":"post-45176","1":"post","2":"type-post","3":"status-publish","4":"format-standard","5":"has-post-thumbnail","7":"category-psol-rede"},"_links":{"self":[{"href":"https:\/\/psol50.org.br\/psol-rede\/wp-json\/wp\/v2\/posts\/45176","targetHints":{"allow":["GET"]}}],"collection":[{"href":"https:\/\/psol50.org.br\/psol-rede\/wp-json\/wp\/v2\/posts"}],"about":[{"href":"https:\/\/psol50.org.br\/psol-rede\/wp-json\/wp\/v2\/types\/post"}],"author":[{"embeddable":true,"href":"https:\/\/psol50.org.br\/psol-rede\/wp-json\/wp\/v2\/users\/4"}],"replies":[{"embeddable":true,"href":"https:\/\/psol50.org.br\/psol-rede\/wp-json\/wp\/v2\/comments?post=45176"}],"version-history":[{"count":1,"href":"https:\/\/psol50.org.br\/psol-rede\/wp-json\/wp\/v2\/posts\/45176\/revisions"}],"predecessor-version":[{"id":45177,"href":"https:\/\/psol50.org.br\/psol-rede\/wp-json\/wp\/v2\/posts\/45176\/revisions\/45177"}],"wp:featuredmedia":[{"embeddable":true,"href":"https:\/\/psol50.org.br\/psol-rede\/wp-json\/wp\/v2\/media\/45178"}],"wp:attachment":[{"href":"https:\/\/psol50.org.br\/psol-rede\/wp-json\/wp\/v2\/media?parent=45176"}],"wp:term":[{"taxonomy":"category","embeddable":true,"href":"https:\/\/psol50.org.br\/psol-rede\/wp-json\/wp\/v2\/categories?post=45176"},{"taxonomy":"post_tag","embeddable":true,"href":"https:\/\/psol50.org.br\/psol-rede\/wp-json\/wp\/v2\/tags?post=45176"}],"curies":[{"name":"wp","href":"https:\/\/api.w.org\/{rel}","templated":true}]}}