{"id":1000,"date":"2012-02-14T00:00:00","date_gmt":"2012-02-14T00:00:00","guid":{"rendered":"http:\/\/psol50.org.br\/arquivo\/2012\/02\/14\/vila-e-destruida-e-sem-opcoes-familias-sao-enxotadas-com-indenizacoes-minimas\/"},"modified":"2012-02-14T00:00:00","modified_gmt":"2012-02-14T00:00:00","slug":"vila-e-destruida-e-sem-opcoes-familias-sao-enxotadas-com-indenizacoes-minimas","status":"publish","type":"post","link":"https:\/\/psol50.org.br\/vila-e-destruida-e-sem-opcoes-familias-sao-enxotadas-com-indenizacoes-minimas\/","title":{"rendered":"Vila \u00e9 destru\u00edda e, sem op\u00e7\u00f5es, fam\u00edlias s\u00e3o enxotadas com indeniza\u00e7\u00f5es m\u00ednimas"},"content":{"rendered":"<p style=\"text-align: justify\"><a href=\"http:\/\/www.xinguvivo.org.br\/inc\/uploads\/2012\/02\/Altamira-8-302.jpg\"><img loading=\"lazy\" decoding=\"async\" src=\"http:\/\/www.xinguvivo.org.br\/inc\/uploads\/2012\/02\/Altamira-8-302.jpg\" alt=\"\" width=\"490\" height=\"326\" \/><\/a><\/p>\n<p style=\"text-align: justify\">Ao lado do principal canteiro de obras de Belo Monte \u2013 o s\u00edtio Belo Monte \u2013 est\u00e1 uma comunidade rural de m\u00e9dio porte, situada no munic\u00edpio de Vit\u00f3ria do Xingu, localizada nas margens da Rodovia Transamaz\u00f4nica \u2013 mais precisamente, no quil\u00f4metro 50, no trecho entre Altamira e Anapu. \u00c9 a Vila Santo Ant\u00f4nio. Ou era.<\/p>\n<p style=\"text-align: justify\">\u201cAcabaram com todos os nossos la\u00e7os familiares e com os nossos la\u00e7os comunit\u00e1rios. Est\u00e3o todos indo embora e ningu\u00e9m sabe direito pra onde\u201d, conta o pescador \u00c9lio Alves da Silva, enquanto vende os peixes que pescara de manh\u00e3 aos poucos moradores que ainda restam na vila.<\/p>\n<p style=\"text-align: justify\">\u00c9lio \u00e9 o \u00fanico porta-voz de uma das maiores injusti\u00e7as cometidas pela Norte Energia at\u00e9 ent\u00e3o: a desapropria\u00e7\u00e3o for\u00e7ada de cerca de 25 propriedades da comunidade, cuja Associa\u00e7\u00e3o de Moradores ele preside.<\/p>\n<p style=\"text-align: justify\">\u201cAs indeniza\u00e7\u00f5es variam entre 9 mil e 60 mil reais\u201d, conta \u00c9lio. Quando recebeu sua proposta de desapropria\u00e7\u00e3o, o pescador disse ao engenheiro: \u2018rapaz, isso t\u00e1 muito pouco!\u2019.\u00a0 Ele me respondeu, ir\u00f4nico: \u2018melhor um p\u00e1ssaro na m\u00e3o do que dois voando\u2019\u201d.<\/p>\n<p style=\"text-align: justify\"><a href=\"http:\/\/www.xinguvivo.org.br\/inc\/uploads\/2012\/02\/Altamira-8-099.jpg\"><img loading=\"lazy\" decoding=\"async\" src=\"http:\/\/www.xinguvivo.org.br\/inc\/uploads\/2012\/02\/Altamira-8-099.jpg\" alt=\"\" width=\"467\" height=\"309\" \/><\/a><\/p>\n<p style=\"text-align: justify\">Os moradores do Santo Ant\u00f4nio vivem uma situa\u00e7\u00e3o singular em rela\u00e7\u00e3o aos colonos e ribeirinhos. N\u00e3o possuem grandes extens\u00f5es de terra ou planta\u00e7\u00f5es que pudessem garantir indeniza\u00e7\u00f5es elevadas. \u201cQuem n\u00e3o \u00e9 pescador, vivia de servi\u00e7o, trabalhando em fazendas que tamb\u00e9m foram desapropriadas, ou trabalhando em Anapu\u201d. Tamb\u00e9m n\u00e3o possuem documenta\u00e7\u00e3o de titula\u00e7\u00e3o de propriedade da \u00e1rea.<\/p>\n<p style=\"text-align: justify\">\u201cN\u00e3o t\u00ednhamos os documentos da terra. Estamos aqui faz mais de 40 anos, mas nunca ningu\u00e9m passou a propriedade pra gente. S\u00f3 temos o direito de posse. Por isso acharam que podiam desapropriar facinho assim\u2026 Eu moro aqui h\u00e1 32 anos e nunca peguei documento de nada. Nunca ningu\u00e9m veio aqui registrar, prefeitura, governo do Estado\u2026 Ningu\u00e9m. Tamb\u00e9m, ao longo da vida, a gente se acomodou, ficou tranq\u00fcilo. A gente n\u00e3o achava que vinha um tro\u00e7o desse [<em>a usina<\/em>] nunca. Porque ningu\u00e9m quer [terra] pra vender! A gente quer pra morar\u201d, lamenta.<\/p>\n<p style=\"text-align: justify\">E era justamente por conta desta peculiaridade que havia um consenso entre quase todos os moradores da vila: era prefer\u00edvel o reassentamento \u00e0s ideniza\u00e7\u00f5es, que todos j\u00e1 esperavam ser baixas. \u201cAcontece que a realoca\u00e7\u00e3o n\u00e3o existiu e nunca vai existir\u201d, denuncia \u00c9lio.<\/p>\n<p style=\"text-align: justify\">\u201cQuando a gente fez o cadastro, todo mundo queria casa na nova vila. \u00a0Mas quando vieram as propostas, pra quase todo mundo veio escrito assim: \u2018voc\u00ea n\u00e3o tem op\u00e7\u00e3o\u2019.\u00a0 Aqui tem 252 propriedades. Eles falam 245, mas s\u00e3o 252. E dessas, s\u00f3 26 tiveram direito \u00e0s tr\u00eas op\u00e7\u00f5es\u201d. \u00c9lio se refere \u00e0s tr\u00eas op\u00e7\u00f5es que a lei exige que a companhia ofere\u00e7a aos afetados: o reassentamento em uma nova vila, a indeniza\u00e7\u00e3o e a carta de cr\u00e9dito para comprar um novo terreno.<\/p>\n<p style=\"text-align: justify\">\u00c9lio conta que a comunidade j\u00e1 havia escolhido uma terra, entre quatro op\u00e7\u00f5es que a Norte Energia havia oferecido a eles. \u201cA gente queria uma \u00e1rea com acesso \u00e0 estrada e ao rio\u201d, exigiram os moradores.<\/p>\n<p style=\"text-align: justify\">\u201cA\u00ed eles iam fazer uma vota\u00e7\u00e3o pra validar\u201d, explica. \u201cDas 200 e poucas fam\u00edlias, s\u00f3 as 26 que tinham direito \u00e0s tr\u00eas op\u00e7\u00f5es \u00e9 que iam poder dar o voto. Acontece que, pra piorar, no dia da elei\u00e7\u00e3o, s\u00f3 16 dos 26 iam votar, porque as outras casas j\u00e1 haviam recebido a indeniza\u00e7\u00e3o\u2026\u201d.<\/p>\n<p style=\"text-align: justify\">\u201cUm monte de gente j\u00e1 n\u00e3o tinha direito a ir pra vila nova, e das poucas que sobraram, cada dia que passava, mais gente pegava a indeniza\u00e7\u00e3o, com medo de ficar sem nada. A\u00ed entrou na hist\u00f3ria o prefeito [vice-prefeito de Vit\u00f3ria do Xingu], que queria vender uma \u00e1rea dele nessa situa\u00e7\u00e3o\u2026 A\u00ed ele aproveitou o dia da vota\u00e7\u00e3o \u2013 em que inclusive eu n\u00e3o estava na vila &#8211;\u00a0 e disse pra todo mundo \u2018olha, se voc\u00eas escolherem essa terra aqui, eu vou ajudar voc\u00eas\u2019. Isso dividiu ainda mais a comunidade. Alguns funcion\u00e1rios do prefeito, de fora do Santo Ant\u00f4nio, vieram pra c\u00e1, foram de casa em casa, no dia da elei\u00e7\u00e3o da terra, fazer \u2018campanha\u2019 pra terra do prefeito. Algumas pessoas acreditaram nas promessas e acabaram votando nessa terra. Os advogados na Norte Energia j\u00e1 estavam com a documenta\u00e7\u00e3o toda pronta. No final, s\u00f3 sobraram a minha propriedade e mais quatro que tinham o direito de ir pra nova Vila. E eu disse que n\u00e3o ia porque eu tinha escolhido outra terra, e n\u00e3o essa do prefeito\u201d.<\/p>\n<p style=\"text-align: justify\">\u201cEu sei que n\u00e3o vai sair vila nenhuma. O que eles devem fazer \u00e9 comprar terra pra fazer tipo uma vila industrial, \u00e9 conjunto de casa pra quem vier com a fam\u00edlia trabalhar na obra. Eles v\u00e3o construir uma vila pra botar cinco fam\u00edlias?!\u201d<\/p>\n<p style=\"text-align: justify\">\u201cE \u00e9 porque eles enrolaram a gente o ano todo que cada um pegou seus destinos\u2026 Tem gente indo pra depois de Altamira, Anapu, Amap\u00e1, Maranh\u00e3o, Tucuru\u00ed, Novo Repartimento, Porto Velho\u2026\u201d.<\/p>\n<p style=\"text-align: justify\"><strong>Utilidade P\u00fablica<\/strong><\/p>\n<p style=\"text-align: justify\"><a href=\"http:\/\/www.xinguvivo.org.br\/inc\/uploads\/2012\/02\/Sto-Antonio-3.jpg\"><img loading=\"lazy\" decoding=\"async\" src=\"http:\/\/www.xinguvivo.org.br\/inc\/uploads\/2012\/02\/Sto-Antonio-3.jpg\" alt=\"\" width=\"451\" height=\"300\" \/><\/a><br \/>\nNo final de dezembro, a Norte Energia come\u00e7ou a se apoderar da Vila. Contratou um servi\u00e7o de demoli\u00e7\u00e3o e come\u00e7ou a por abaixo, uma a uma, as casas abandonadas, apoiada em uma Declara\u00e7\u00e3o de Utilidade Publica expedida pela Ag\u00eancia Nacional de Energia El\u00e9trica (Aneel), que ordenou as desapropria\u00e7\u00f5es sum\u00e1rias. \u201cTodo dia aqui se derrubam duas ou tr\u00eas casas. A gente s\u00f3 t\u00e1 recebendo uma mixaria.\u00a0 O japon\u00eas dono da empresa que vem demolir as casas aqui, a cada dez casas que ele derruba, ganha mais do que a minha indeniza\u00e7\u00e3o\u201d, conta \u00c9lio.<\/p>\n<p style=\"text-align: justify\">Uma das maiores brutalidades neste processo foi a interdi\u00e7\u00e3o do pequeno cemit\u00e9rio da Vila. Uma enorme placa anuncia que \u201cfica expressamente proibido todo e qualquer sepultamento no local\u201d.<\/p>\n<p style=\"text-align: justify\"><a href=\"http:\/\/www.xinguvivo.org.br\/inc\/uploads\/2012\/02\/Sto-Antonio-11.jpg\"><img loading=\"lazy\" decoding=\"async\" src=\"http:\/\/www.xinguvivo.org.br\/inc\/uploads\/2012\/02\/Sto-Antonio-11.jpg\" alt=\"\" width=\"515\" height=\"342\" \/><\/a><\/p>\n<p style=\"text-align: justify\">Do lado de cada t\u00famulo, a empresa fincou uma estaca tomando \u201cposse\u201d das sepulturas. \u201cFecharam o cemit\u00e9rio.\u00a0 Se morre algu\u00e9m temos que ligar pra Norte Energia, ach\u00e1-los sabe-se l\u00e1 onde, pra eles levarem o corpo sabe l\u00e1 pra onde, pra depois realocar \u2013 o que n\u00e3o vai acontecer porque n\u00e3o compraram \u00e1rea nenhuma. E mesmo vendo Santo Ant\u00f4nio ser destru\u00edda, eu continuo aqui. Eu n\u00e3o queria ver isso, mas eu n\u00e3o tenho op\u00e7\u00e3o\u201d, diz o presidente da associa\u00e7\u00e3o da Vila.<\/p>\n<p style=\"text-align: justify\">\u201cDaqui saiu o meu neto que, agora com 17 anos, joga futebol na It\u00e1lia, no Torino. Nascido e criado aqui. Tamb\u00e9m daqui saiu uma irm\u00e3, filha do seu Walci, que virou freira em Santa Catarina\u201d, conta \u2013 suas \u00faltimas mem\u00f3rias de uma hist\u00f3ria que se apaga nos destro\u00e7os de casas e vidas de Santo Antonio.<\/p>\n<p style=\"text-align: justify\"><a href=\"http:\/\/www.xinguvivo.org.br\/inc\/uploads\/2012\/02\/Sto-Antonio-2.jpg\"><img loading=\"lazy\" decoding=\"async\" src=\"http:\/\/www.xinguvivo.org.br\/inc\/uploads\/2012\/02\/Sto-Antonio-2.jpg\" alt=\"\" width=\"451\" height=\"300\" \/><\/a><\/p>\n<p style=\"text-align: justify\"><strong><em>Fotos: Jo\u00e3o Zinclar<\/em><\/strong><\/p>\n<p style=\"text-align: justify\"><a href=\"http:\/\/www.xinguvivo.org.br\/2012\/02\/11\/vila-e-destruida-e-sem-opcoes-familias-sao-enxotadas-com-indenizacoes-minimas\/\"><strong>*Fonte: Xingu Vivo<\/strong><\/a><\/p>\n","protected":false},"excerpt":{"rendered":"<p>Ao lado do principal canteiro de obras de Belo Monte \u2013 o s\u00edtio Belo Monte \u2013 est\u00e1 uma comunidade rural de m\u00e9dio porte, situada no munic\u00edpio de Vit\u00f3ria do Xingu, localizada nas margens da Rodovia Transamaz\u00f4nica \u2013 mais precisamente, no quil\u00f4metro 50, no trecho entre Altamira e Anapu. \u00c9 a Vila Santo Ant\u00f4nio. Ou era. [&hellip;]<\/p>\n","protected":false},"author":2,"featured_media":0,"comment_status":"open","ping_status":"open","sticky":false,"template":"","format":"standard","meta":{"_acf_changed":false,"footnotes":""},"categories":[4766],"tags":[],"class_list":{"0":"post-1000","1":"post","2":"type-post","3":"status-publish","4":"format-standard","6":"category-arquivo"},"acf":[],"yoast_head":"<!-- This site is optimized with the Yoast SEO plugin v26.5 - https:\/\/yoast.com\/wordpress\/plugins\/seo\/ -->\n<title>Vila \u00e9 destru\u00edda e, sem op\u00e7\u00f5es, fam\u00edlias s\u00e3o enxotadas com indeniza\u00e7\u00f5es m\u00ednimas - PSOL 50<\/title>\n<meta name=\"robots\" content=\"index, follow, max-snippet:-1, max-image-preview:large, max-video-preview:-1\" \/>\n<link rel=\"canonical\" href=\"https:\/\/psol50.org.br\/vila-e-destruida-e-sem-opcoes-familias-sao-enxotadas-com-indenizacoes-minimas\/\" \/>\n<meta property=\"og:locale\" content=\"pt_BR\" \/>\n<meta property=\"og:type\" content=\"article\" \/>\n<meta property=\"og:title\" content=\"Vila \u00e9 destru\u00edda e, sem op\u00e7\u00f5es, fam\u00edlias s\u00e3o enxotadas com indeniza\u00e7\u00f5es m\u00ednimas - PSOL 50\" \/>\n<meta property=\"og:description\" content=\"Ao lado do principal canteiro de obras de Belo Monte \u2013 o s\u00edtio Belo Monte \u2013 est\u00e1 uma comunidade rural de m\u00e9dio porte, situada no munic\u00edpio de Vit\u00f3ria do Xingu, localizada nas margens da Rodovia Transamaz\u00f4nica \u2013 mais precisamente, no quil\u00f4metro 50, no trecho entre Altamira e Anapu. \u00c9 a Vila Santo Ant\u00f4nio. Ou era. [&hellip;]\" \/>\n<meta property=\"og:url\" content=\"https:\/\/psol50.org.br\/vila-e-destruida-e-sem-opcoes-familias-sao-enxotadas-com-indenizacoes-minimas\/\" \/>\n<meta property=\"og:site_name\" content=\"PSOL 50\" \/>\n<meta property=\"article:publisher\" content=\"https:\/\/www.facebook.com\/psol50\" \/>\n<meta property=\"article:published_time\" content=\"2012-02-14T00:00:00+00:00\" \/>\n<meta property=\"og:image\" content=\"http:\/\/www.xinguvivo.org.br\/inc\/uploads\/2012\/02\/Altamira-8-302.jpg\" \/>\n<meta name=\"author\" content=\"Comunica\u00e7\u00e3o PSOL\" \/>\n<meta name=\"twitter:card\" content=\"summary_large_image\" \/>\n<meta name=\"twitter:creator\" content=\"@psol50\" \/>\n<meta name=\"twitter:site\" content=\"@psol50\" \/>\n<meta name=\"twitter:label1\" content=\"Escrito por\" \/>\n\t<meta name=\"twitter:data1\" content=\"Comunica\u00e7\u00e3o PSOL\" \/>\n\t<meta name=\"twitter:label2\" content=\"Est. tempo de leitura\" \/>\n\t<meta name=\"twitter:data2\" content=\"6 minutos\" \/>\n<script type=\"application\/ld+json\" class=\"yoast-schema-graph\">{\"@context\":\"https:\/\/schema.org\",\"@graph\":[{\"@type\":\"Article\",\"@id\":\"https:\/\/psol50.org.br\/vila-e-destruida-e-sem-opcoes-familias-sao-enxotadas-com-indenizacoes-minimas\/#article\",\"isPartOf\":{\"@id\":\"https:\/\/psol50.org.br\/vila-e-destruida-e-sem-opcoes-familias-sao-enxotadas-com-indenizacoes-minimas\/\"},\"author\":{\"name\":\"Comunica\u00e7\u00e3o PSOL\",\"@id\":\"https:\/\/psol50.org.br\/#\/schema\/person\/475dfa57d0b815993c714c2e96491fcd\"},\"headline\":\"Vila \u00e9 destru\u00edda e, sem op\u00e7\u00f5es, fam\u00edlias s\u00e3o enxotadas com indeniza\u00e7\u00f5es m\u00ednimas\",\"datePublished\":\"2012-02-14T00:00:00+00:00\",\"mainEntityOfPage\":{\"@id\":\"https:\/\/psol50.org.br\/vila-e-destruida-e-sem-opcoes-familias-sao-enxotadas-com-indenizacoes-minimas\/\"},\"wordCount\":1159,\"commentCount\":0,\"publisher\":{\"@id\":\"https:\/\/psol50.org.br\/#organization\"},\"image\":{\"@id\":\"https:\/\/psol50.org.br\/vila-e-destruida-e-sem-opcoes-familias-sao-enxotadas-com-indenizacoes-minimas\/#primaryimage\"},\"thumbnailUrl\":\"http:\/\/www.xinguvivo.org.br\/inc\/uploads\/2012\/02\/Altamira-8-302.jpg\",\"articleSection\":[\"Arquivo\"],\"inLanguage\":\"pt-BR\",\"potentialAction\":[{\"@type\":\"CommentAction\",\"name\":\"Comment\",\"target\":[\"https:\/\/psol50.org.br\/vila-e-destruida-e-sem-opcoes-familias-sao-enxotadas-com-indenizacoes-minimas\/#respond\"]}]},{\"@type\":\"WebPage\",\"@id\":\"https:\/\/psol50.org.br\/vila-e-destruida-e-sem-opcoes-familias-sao-enxotadas-com-indenizacoes-minimas\/\",\"url\":\"https:\/\/psol50.org.br\/vila-e-destruida-e-sem-opcoes-familias-sao-enxotadas-com-indenizacoes-minimas\/\",\"name\":\"Vila \u00e9 destru\u00edda e, sem op\u00e7\u00f5es, fam\u00edlias s\u00e3o enxotadas com indeniza\u00e7\u00f5es m\u00ednimas - PSOL 50\",\"isPartOf\":{\"@id\":\"https:\/\/psol50.org.br\/#website\"},\"primaryImageOfPage\":{\"@id\":\"https:\/\/psol50.org.br\/vila-e-destruida-e-sem-opcoes-familias-sao-enxotadas-com-indenizacoes-minimas\/#primaryimage\"},\"image\":{\"@id\":\"https:\/\/psol50.org.br\/vila-e-destruida-e-sem-opcoes-familias-sao-enxotadas-com-indenizacoes-minimas\/#primaryimage\"},\"thumbnailUrl\":\"http:\/\/www.xinguvivo.org.br\/inc\/uploads\/2012\/02\/Altamira-8-302.jpg\",\"datePublished\":\"2012-02-14T00:00:00+00:00\",\"breadcrumb\":{\"@id\":\"https:\/\/psol50.org.br\/vila-e-destruida-e-sem-opcoes-familias-sao-enxotadas-com-indenizacoes-minimas\/#breadcrumb\"},\"inLanguage\":\"pt-BR\",\"potentialAction\":[{\"@type\":\"ReadAction\",\"target\":[\"https:\/\/psol50.org.br\/vila-e-destruida-e-sem-opcoes-familias-sao-enxotadas-com-indenizacoes-minimas\/\"]}]},{\"@type\":\"ImageObject\",\"inLanguage\":\"pt-BR\",\"@id\":\"https:\/\/psol50.org.br\/vila-e-destruida-e-sem-opcoes-familias-sao-enxotadas-com-indenizacoes-minimas\/#primaryimage\",\"url\":\"http:\/\/www.xinguvivo.org.br\/inc\/uploads\/2012\/02\/Altamira-8-302.jpg\",\"contentUrl\":\"http:\/\/www.xinguvivo.org.br\/inc\/uploads\/2012\/02\/Altamira-8-302.jpg\"},{\"@type\":\"BreadcrumbList\",\"@id\":\"https:\/\/psol50.org.br\/vila-e-destruida-e-sem-opcoes-familias-sao-enxotadas-com-indenizacoes-minimas\/#breadcrumb\",\"itemListElement\":[{\"@type\":\"ListItem\",\"position\":1,\"name\":\"In\u00edcio\",\"item\":\"https:\/\/psol50.org.br\/\"},{\"@type\":\"ListItem\",\"position\":2,\"name\":\"Vila \u00e9 destru\u00edda e, sem op\u00e7\u00f5es, fam\u00edlias s\u00e3o enxotadas com indeniza\u00e7\u00f5es m\u00ednimas\"}]},{\"@type\":\"WebSite\",\"@id\":\"https:\/\/psol50.org.br\/#website\",\"url\":\"https:\/\/psol50.org.br\/\",\"name\":\"PSOL 50\",\"description\":\"Site oficial do Partido Socialismo e Liberdade\",\"publisher\":{\"@id\":\"https:\/\/psol50.org.br\/#organization\"},\"alternateName\":\"PSOL50\",\"potentialAction\":[{\"@type\":\"SearchAction\",\"target\":{\"@type\":\"EntryPoint\",\"urlTemplate\":\"https:\/\/psol50.org.br\/?s={search_term_string}\"},\"query-input\":{\"@type\":\"PropertyValueSpecification\",\"valueRequired\":true,\"valueName\":\"search_term_string\"}}],\"inLanguage\":\"pt-BR\"},{\"@type\":\"Organization\",\"@id\":\"https:\/\/psol50.org.br\/#organization\",\"name\":\"PSOL 50\",\"alternateName\":\"PSOL 50\",\"url\":\"https:\/\/psol50.org.br\/\",\"logo\":{\"@type\":\"ImageObject\",\"inLanguage\":\"pt-BR\",\"@id\":\"https:\/\/psol50.org.br\/#\/schema\/logo\/image\/\",\"url\":\"https:\/\/psol50.org.br\/inc\/uploads\/2018\/07\/capa.png\",\"contentUrl\":\"https:\/\/psol50.org.br\/inc\/uploads\/2018\/07\/capa.png\",\"width\":1350,\"height\":900,\"caption\":\"PSOL 50\"},\"image\":{\"@id\":\"https:\/\/psol50.org.br\/#\/schema\/logo\/image\/\"},\"sameAs\":[\"https:\/\/www.facebook.com\/psol50\",\"https:\/\/x.com\/psol50\",\"https:\/\/www.instagram.com\/psol50\/\",\"https:\/\/www.youtube.com\/channel\/UC7SnJS5o1os7a6CaiNabzcg\"]},{\"@type\":\"Person\",\"@id\":\"https:\/\/psol50.org.br\/#\/schema\/person\/475dfa57d0b815993c714c2e96491fcd\",\"name\":\"Comunica\u00e7\u00e3o PSOL\",\"image\":{\"@type\":\"ImageObject\",\"inLanguage\":\"pt-BR\",\"@id\":\"https:\/\/psol50.org.br\/#\/schema\/person\/image\/\",\"url\":\"https:\/\/secure.gravatar.com\/avatar\/b34fc4f4e468a4e51785917065a3db57b841f5c95dba6ad8c73aaf8f66f8f9bf?s=96&d=mm&r=g\",\"contentUrl\":\"https:\/\/secure.gravatar.com\/avatar\/b34fc4f4e468a4e51785917065a3db57b841f5c95dba6ad8c73aaf8f66f8f9bf?s=96&d=mm&r=g\",\"caption\":\"Comunica\u00e7\u00e3o PSOL\"}}]}<\/script>\n<!-- \/ Yoast SEO plugin. -->","yoast_head_json":{"title":"Vila \u00e9 destru\u00edda e, sem op\u00e7\u00f5es, fam\u00edlias s\u00e3o enxotadas com indeniza\u00e7\u00f5es m\u00ednimas - PSOL 50","robots":{"index":"index","follow":"follow","max-snippet":"max-snippet:-1","max-image-preview":"max-image-preview:large","max-video-preview":"max-video-preview:-1"},"canonical":"https:\/\/psol50.org.br\/vila-e-destruida-e-sem-opcoes-familias-sao-enxotadas-com-indenizacoes-minimas\/","og_locale":"pt_BR","og_type":"article","og_title":"Vila \u00e9 destru\u00edda e, sem op\u00e7\u00f5es, fam\u00edlias s\u00e3o enxotadas com indeniza\u00e7\u00f5es m\u00ednimas - PSOL 50","og_description":"Ao lado do principal canteiro de obras de Belo Monte \u2013 o s\u00edtio Belo Monte \u2013 est\u00e1 uma comunidade rural de m\u00e9dio porte, situada no munic\u00edpio de Vit\u00f3ria do Xingu, localizada nas margens da Rodovia Transamaz\u00f4nica \u2013 mais precisamente, no quil\u00f4metro 50, no trecho entre Altamira e Anapu. \u00c9 a Vila Santo Ant\u00f4nio. Ou era. [&hellip;]","og_url":"https:\/\/psol50.org.br\/vila-e-destruida-e-sem-opcoes-familias-sao-enxotadas-com-indenizacoes-minimas\/","og_site_name":"PSOL 50","article_publisher":"https:\/\/www.facebook.com\/psol50","article_published_time":"2012-02-14T00:00:00+00:00","og_image":[{"url":"http:\/\/www.xinguvivo.org.br\/inc\/uploads\/2012\/02\/Altamira-8-302.jpg","type":"","width":"","height":""}],"author":"Comunica\u00e7\u00e3o PSOL","twitter_card":"summary_large_image","twitter_creator":"@psol50","twitter_site":"@psol50","twitter_misc":{"Escrito por":"Comunica\u00e7\u00e3o PSOL","Est. tempo de leitura":"6 minutos"},"schema":{"@context":"https:\/\/schema.org","@graph":[{"@type":"Article","@id":"https:\/\/psol50.org.br\/vila-e-destruida-e-sem-opcoes-familias-sao-enxotadas-com-indenizacoes-minimas\/#article","isPartOf":{"@id":"https:\/\/psol50.org.br\/vila-e-destruida-e-sem-opcoes-familias-sao-enxotadas-com-indenizacoes-minimas\/"},"author":{"name":"Comunica\u00e7\u00e3o PSOL","@id":"https:\/\/psol50.org.br\/#\/schema\/person\/475dfa57d0b815993c714c2e96491fcd"},"headline":"Vila \u00e9 destru\u00edda e, sem op\u00e7\u00f5es, fam\u00edlias s\u00e3o enxotadas com indeniza\u00e7\u00f5es m\u00ednimas","datePublished":"2012-02-14T00:00:00+00:00","mainEntityOfPage":{"@id":"https:\/\/psol50.org.br\/vila-e-destruida-e-sem-opcoes-familias-sao-enxotadas-com-indenizacoes-minimas\/"},"wordCount":1159,"commentCount":0,"publisher":{"@id":"https:\/\/psol50.org.br\/#organization"},"image":{"@id":"https:\/\/psol50.org.br\/vila-e-destruida-e-sem-opcoes-familias-sao-enxotadas-com-indenizacoes-minimas\/#primaryimage"},"thumbnailUrl":"http:\/\/www.xinguvivo.org.br\/inc\/uploads\/2012\/02\/Altamira-8-302.jpg","articleSection":["Arquivo"],"inLanguage":"pt-BR","potentialAction":[{"@type":"CommentAction","name":"Comment","target":["https:\/\/psol50.org.br\/vila-e-destruida-e-sem-opcoes-familias-sao-enxotadas-com-indenizacoes-minimas\/#respond"]}]},{"@type":"WebPage","@id":"https:\/\/psol50.org.br\/vila-e-destruida-e-sem-opcoes-familias-sao-enxotadas-com-indenizacoes-minimas\/","url":"https:\/\/psol50.org.br\/vila-e-destruida-e-sem-opcoes-familias-sao-enxotadas-com-indenizacoes-minimas\/","name":"Vila \u00e9 destru\u00edda e, sem op\u00e7\u00f5es, fam\u00edlias s\u00e3o enxotadas com indeniza\u00e7\u00f5es m\u00ednimas - PSOL 50","isPartOf":{"@id":"https:\/\/psol50.org.br\/#website"},"primaryImageOfPage":{"@id":"https:\/\/psol50.org.br\/vila-e-destruida-e-sem-opcoes-familias-sao-enxotadas-com-indenizacoes-minimas\/#primaryimage"},"image":{"@id":"https:\/\/psol50.org.br\/vila-e-destruida-e-sem-opcoes-familias-sao-enxotadas-com-indenizacoes-minimas\/#primaryimage"},"thumbnailUrl":"http:\/\/www.xinguvivo.org.br\/inc\/uploads\/2012\/02\/Altamira-8-302.jpg","datePublished":"2012-02-14T00:00:00+00:00","breadcrumb":{"@id":"https:\/\/psol50.org.br\/vila-e-destruida-e-sem-opcoes-familias-sao-enxotadas-com-indenizacoes-minimas\/#breadcrumb"},"inLanguage":"pt-BR","potentialAction":[{"@type":"ReadAction","target":["https:\/\/psol50.org.br\/vila-e-destruida-e-sem-opcoes-familias-sao-enxotadas-com-indenizacoes-minimas\/"]}]},{"@type":"ImageObject","inLanguage":"pt-BR","@id":"https:\/\/psol50.org.br\/vila-e-destruida-e-sem-opcoes-familias-sao-enxotadas-com-indenizacoes-minimas\/#primaryimage","url":"http:\/\/www.xinguvivo.org.br\/inc\/uploads\/2012\/02\/Altamira-8-302.jpg","contentUrl":"http:\/\/www.xinguvivo.org.br\/inc\/uploads\/2012\/02\/Altamira-8-302.jpg"},{"@type":"BreadcrumbList","@id":"https:\/\/psol50.org.br\/vila-e-destruida-e-sem-opcoes-familias-sao-enxotadas-com-indenizacoes-minimas\/#breadcrumb","itemListElement":[{"@type":"ListItem","position":1,"name":"In\u00edcio","item":"https:\/\/psol50.org.br\/"},{"@type":"ListItem","position":2,"name":"Vila \u00e9 destru\u00edda e, sem op\u00e7\u00f5es, fam\u00edlias s\u00e3o enxotadas com indeniza\u00e7\u00f5es m\u00ednimas"}]},{"@type":"WebSite","@id":"https:\/\/psol50.org.br\/#website","url":"https:\/\/psol50.org.br\/","name":"PSOL 50","description":"Site oficial do Partido Socialismo e Liberdade","publisher":{"@id":"https:\/\/psol50.org.br\/#organization"},"alternateName":"PSOL50","potentialAction":[{"@type":"SearchAction","target":{"@type":"EntryPoint","urlTemplate":"https:\/\/psol50.org.br\/?s={search_term_string}"},"query-input":{"@type":"PropertyValueSpecification","valueRequired":true,"valueName":"search_term_string"}}],"inLanguage":"pt-BR"},{"@type":"Organization","@id":"https:\/\/psol50.org.br\/#organization","name":"PSOL 50","alternateName":"PSOL 50","url":"https:\/\/psol50.org.br\/","logo":{"@type":"ImageObject","inLanguage":"pt-BR","@id":"https:\/\/psol50.org.br\/#\/schema\/logo\/image\/","url":"https:\/\/psol50.org.br\/inc\/uploads\/2018\/07\/capa.png","contentUrl":"https:\/\/psol50.org.br\/inc\/uploads\/2018\/07\/capa.png","width":1350,"height":900,"caption":"PSOL 50"},"image":{"@id":"https:\/\/psol50.org.br\/#\/schema\/logo\/image\/"},"sameAs":["https:\/\/www.facebook.com\/psol50","https:\/\/x.com\/psol50","https:\/\/www.instagram.com\/psol50\/","https:\/\/www.youtube.com\/channel\/UC7SnJS5o1os7a6CaiNabzcg"]},{"@type":"Person","@id":"https:\/\/psol50.org.br\/#\/schema\/person\/475dfa57d0b815993c714c2e96491fcd","name":"Comunica\u00e7\u00e3o PSOL","image":{"@type":"ImageObject","inLanguage":"pt-BR","@id":"https:\/\/psol50.org.br\/#\/schema\/person\/image\/","url":"https:\/\/secure.gravatar.com\/avatar\/b34fc4f4e468a4e51785917065a3db57b841f5c95dba6ad8c73aaf8f66f8f9bf?s=96&d=mm&r=g","contentUrl":"https:\/\/secure.gravatar.com\/avatar\/b34fc4f4e468a4e51785917065a3db57b841f5c95dba6ad8c73aaf8f66f8f9bf?s=96&d=mm&r=g","caption":"Comunica\u00e7\u00e3o PSOL"}}]}},"_links":{"self":[{"href":"https:\/\/psol50.org.br\/rest\/wp\/v2\/posts\/1000","targetHints":{"allow":["GET"]}}],"collection":[{"href":"https:\/\/psol50.org.br\/rest\/wp\/v2\/posts"}],"about":[{"href":"https:\/\/psol50.org.br\/rest\/wp\/v2\/types\/post"}],"author":[{"embeddable":true,"href":"https:\/\/psol50.org.br\/rest\/wp\/v2\/users\/2"}],"replies":[{"embeddable":true,"href":"https:\/\/psol50.org.br\/rest\/wp\/v2\/comments?post=1000"}],"version-history":[{"count":0,"href":"https:\/\/psol50.org.br\/rest\/wp\/v2\/posts\/1000\/revisions"}],"wp:attachment":[{"href":"https:\/\/psol50.org.br\/rest\/wp\/v2\/media?parent=1000"}],"wp:term":[{"taxonomy":"category","embeddable":true,"href":"https:\/\/psol50.org.br\/rest\/wp\/v2\/categories?post=1000"},{"taxonomy":"post_tag","embeddable":true,"href":"https:\/\/psol50.org.br\/rest\/wp\/v2\/tags?post=1000"}],"curies":[{"name":"wp","href":"https:\/\/api.w.org\/{rel}","templated":true}]}}