{"id":1001,"date":"2012-02-14T00:00:00","date_gmt":"2012-02-14T00:00:00","guid":{"rendered":"http:\/\/psol50.org.br\/arquivo\/2012\/02\/14\/grupo-entra-em-shopping-de-sp-e-protesta-contra-o-racismo\/"},"modified":"2012-02-14T00:00:00","modified_gmt":"2012-02-14T00:00:00","slug":"grupo-entra-em-shopping-de-sp-e-protesta-contra-o-racismo","status":"publish","type":"post","link":"https:\/\/psol50.org.br\/grupo-entra-em-shopping-de-sp-e-protesta-contra-o-racismo\/","title":{"rendered":"Grupo entra em shopping de SP e protesta contra o racismo"},"content":{"rendered":"<p style=\"text-align: justify\"><strong><a href=\"http:\/\/psol50.org.br\/blog\/2012\/02\/14\/grupo-entra-em-shopping-de-sp-e-protesta-contra-o-racismo\/protestoracismo-sp\/\" rel=\"attachment wp-att-13647\"><img loading=\"lazy\" decoding=\"async\" class=\"alignleft size-full wp-image-13647\" src=\"http:\/\/psol50.org.br\/files\/2012\/02\/ProtestoRacismo-SP.jpg\" alt=\"\" width=\"300\" height=\"200\" \/><\/a><a href=\"http:\/\/mariafro.com\/\">*Fonte: S\u00edtio Maria Fr\u00f4<\/a><\/strong><\/p>\n<p style=\"text-align: justify\">O ato organizado pelo \u201cComit\u00ea contra o genoc\u00eddio da juventude negra\u201d, ocorreu no s\u00e1bado, 11 de fevereiro de 2012. Come\u00e7ou em Santa Cec\u00edlia e terminou com os manifestantes ocupando as depend\u00eancias do Shopping P\u00e1tio Higien\u00f3polis.<\/p>\n<p style=\"text-align: justify\">O ato marcou a marcha realizada contra o racismo, higieniza\u00e7\u00e3o, homofobia e a viol\u00eancia dentro do estado de S\u00e3o Paulo. Veja abaixo um texto que faz uma reflex\u00e3o sobre a atividade:<\/p>\n<p style=\"text-align: justify\"><a href=\"http:\/\/mariafro.com\/2012\/02\/12\/300-militantes-negros-no-shopping-higienopolis-provocaram-um-frenesi-nas-faces-brancas-e-rosadas-da-elite-privilegiada-deste-pais\/\"><em><strong>300 militantes negros no Shopping Higien\u00f3polis provocaram um frenesi nas faces brancas e rosadas da elite brasileira<\/strong><\/em><\/a><\/p>\n<p style=\"text-align: justify\"><em><strong>*Por Francisco Antero, via Facebook<\/strong><\/em><\/p>\n<p style=\"text-align: justify\">02 de maio de 1967 e 11 de fevereiro de 2012. O que h\u00e1 em comum entre estas duas datas? Naquele primeiro momento vivia-se nos Estados Unidos da Am\u00e9rica um turbilh\u00e3o de embates sobre a condi\u00e7\u00e3o dos negros e negras na sociedade norte-americana. E naquele momento um grupo de 29 panteras negras, militantes e guerreiros em prol de um tratamento igualit\u00e1rio, promovem uma entrada triunfal e convicta no Capit\u00f3lio.<\/p>\n<p style=\"text-align: justify\">O Congresso americano tomou um susto quando aquele grupo, aquela pequena onda negra adentrava a \u201ccasa do povo\u201d, estavam de armas em punho, pois at\u00e9 ali, as leis permitiam que qualquer norte-americano portasse armas de fogo. N\u00e3o era crime algum. Um tabu e medo que perseguem a sociedade burguesa desde sempre, qual seja, armas na m\u00e3o do povo, do eleitor. Entraram e fizeram seu discurso antirracista perante deputados brancos e assustados. Pois bem, 45 anos depois, outra onda de tamanho dez vezes maior, mas com a mesma demanda adentrava de forma surpreendente um s\u00edmbolo da sociedade burguesa atual, um Shopping Center.<\/p>\n<p style=\"text-align: justify\">As armas que portavam n\u00e3o eram de fogo, eram armas verbais, armados orgulhosamente com a cor negra. Militantes do movimento negro em S\u00e3o Paulo ap\u00f3s passeata entoada por palavras de ordem pegaram de surpresa a seguran\u00e7a do Shopping Higien\u00f3polis, eram por volta de 16:00 da tarde quando uns 300 militantes adentraram rapidamente e provocaram um frenesi nas faces brancas e rosadas da elite privilegiada deste pa\u00eds.<\/p>\n<p style=\"text-align: justify\">Ultrapassada as tr\u00eas portas principais, objetivava-se agora chegar ao ponto central desta casa que \u00e9 a ant\u00edtese da casa do povo. Os seguran\u00e7as tentaram impedir, havendo um in\u00edcio de tumulto, logo superado pela onda negra que fazia press\u00e3o para que n\u00e3o se parassem nos corredores. Tomamos o ponto central com nossas bandeiras, com nossas palavras, com nossa cor preta.<\/p>\n<p style=\"text-align: justify\">A disposi\u00e7\u00e3o arquitet\u00f4nica deste centro mercantilista \u00e9 perfeita para este tipo de ato, pois dos v\u00e1rios andares poder-se-ia avistar o nosso grito de protesto de onde est\u00e1vamos. As for\u00e7as de seguran\u00e7a do Estado racista brasileiro estavam em nosso encal\u00e7o, mas fizeram as interven\u00e7\u00f5es de rotina. Os militantes do movimento negro se revezavam no microfone para dar o recado nunca antes ouvido pela elite branca que gastava ali o dinheiro advindo do suor do povo negro deste pa\u00eds.<\/p>\n<p style=\"text-align: justify\">Os olhares de perplexidade foram a t\u00f4nica, incredulidade da burguesia por termos chegado at\u00e9 onde chegamos. Ouvir verdades nunca foi o forte desta gente. Enfatizo o fato de poder ter sido qualquer outro Shopping o alvo, mas era preciso algo a simbolizar nossa hist\u00f3ria de exclus\u00e3o. Este templo do consumo carrega em seu nome a caracter\u00edstica eug\u00eanica de nossa elite branca pensante de fins do s\u00e9culo XIX e in\u00edcio do s\u00e9culo XX.<\/p>\n<p style=\"text-align: justify\">Nossas palavras fizeram eco. Nossa inten\u00e7\u00e3o jamais foi reclamar participa\u00e7\u00e3o e exist\u00eancia naquele ambiente de luxo. Nossa inten\u00e7\u00e3o era denunciar olho no olho para quem vive as custas do suor do povo negro. Encerramos a manifesta\u00e7\u00e3o e nossa alma foi duplamente lavada pela chuva que ca\u00eda sem cessar. Vivemos hoje um grande momento de Panteras Negras com esta entrada. O Povo negro deste pa\u00eds existe e vai exigir sua participa\u00e7\u00e3o nas riquezas deste pa\u00eds, doa a quem doer.<\/p>\n","protected":false},"excerpt":{"rendered":"<p>*Fonte: S\u00edtio Maria Fr\u00f4 O ato organizado pelo \u201cComit\u00ea contra o genoc\u00eddio da juventude negra\u201d, ocorreu no s\u00e1bado, 11 de fevereiro de 2012. Come\u00e7ou em Santa Cec\u00edlia e terminou com os manifestantes ocupando as depend\u00eancias do Shopping P\u00e1tio Higien\u00f3polis. O ato marcou a marcha realizada contra o racismo, higieniza\u00e7\u00e3o, homofobia e a viol\u00eancia dentro do [&hellip;]<\/p>\n","protected":false},"author":2,"featured_media":0,"comment_status":"open","ping_status":"open","sticky":false,"template":"","format":"standard","meta":{"_acf_changed":false,"footnotes":""},"categories":[4766,1104],"tags":[],"class_list":{"0":"post-1001","1":"post","2":"type-post","3":"status-publish","4":"format-standard","6":"category-arquivo","7":"category-movimento"},"acf":[],"yoast_head":"<!-- This site is optimized with the Yoast SEO plugin v26.5 - https:\/\/yoast.com\/wordpress\/plugins\/seo\/ -->\n<title>Grupo entra em shopping de SP e protesta contra o racismo - PSOL 50<\/title>\n<meta name=\"robots\" content=\"index, follow, max-snippet:-1, max-image-preview:large, max-video-preview:-1\" \/>\n<link rel=\"canonical\" href=\"https:\/\/psol50.org.br\/grupo-entra-em-shopping-de-sp-e-protesta-contra-o-racismo\/\" \/>\n<meta property=\"og:locale\" content=\"pt_BR\" \/>\n<meta property=\"og:type\" content=\"article\" \/>\n<meta property=\"og:title\" content=\"Grupo entra em shopping de SP e protesta contra o racismo - PSOL 50\" \/>\n<meta property=\"og:description\" content=\"*Fonte: S\u00edtio Maria Fr\u00f4 O ato organizado pelo \u201cComit\u00ea contra o genoc\u00eddio da juventude negra\u201d, ocorreu no s\u00e1bado, 11 de fevereiro de 2012. Come\u00e7ou em Santa Cec\u00edlia e terminou com os manifestantes ocupando as depend\u00eancias do Shopping P\u00e1tio Higien\u00f3polis. O ato marcou a marcha realizada contra o racismo, higieniza\u00e7\u00e3o, homofobia e a viol\u00eancia dentro do [&hellip;]\" \/>\n<meta property=\"og:url\" content=\"https:\/\/psol50.org.br\/grupo-entra-em-shopping-de-sp-e-protesta-contra-o-racismo\/\" \/>\n<meta property=\"og:site_name\" content=\"PSOL 50\" \/>\n<meta property=\"article:publisher\" content=\"https:\/\/www.facebook.com\/psol50\" \/>\n<meta property=\"article:published_time\" content=\"2012-02-14T00:00:00+00:00\" \/>\n<meta property=\"og:image\" content=\"http:\/\/psol50.org.br\/files\/2012\/02\/ProtestoRacismo-SP.jpg\" \/>\n<meta name=\"author\" content=\"Comunica\u00e7\u00e3o PSOL\" \/>\n<meta name=\"twitter:card\" content=\"summary_large_image\" \/>\n<meta name=\"twitter:creator\" content=\"@psol50\" \/>\n<meta name=\"twitter:site\" content=\"@psol50\" \/>\n<meta name=\"twitter:label1\" content=\"Escrito por\" \/>\n\t<meta name=\"twitter:data1\" content=\"Comunica\u00e7\u00e3o PSOL\" \/>\n\t<meta name=\"twitter:label2\" content=\"Est. tempo de leitura\" \/>\n\t<meta name=\"twitter:data2\" content=\"3 minutos\" \/>\n<script type=\"application\/ld+json\" class=\"yoast-schema-graph\">{\"@context\":\"https:\/\/schema.org\",\"@graph\":[{\"@type\":\"Article\",\"@id\":\"https:\/\/psol50.org.br\/grupo-entra-em-shopping-de-sp-e-protesta-contra-o-racismo\/#article\",\"isPartOf\":{\"@id\":\"https:\/\/psol50.org.br\/grupo-entra-em-shopping-de-sp-e-protesta-contra-o-racismo\/\"},\"author\":{\"name\":\"Comunica\u00e7\u00e3o PSOL\",\"@id\":\"https:\/\/psol50.org.br\/#\/schema\/person\/475dfa57d0b815993c714c2e96491fcd\"},\"headline\":\"Grupo entra em shopping de SP e protesta contra o racismo\",\"datePublished\":\"2012-02-14T00:00:00+00:00\",\"mainEntityOfPage\":{\"@id\":\"https:\/\/psol50.org.br\/grupo-entra-em-shopping-de-sp-e-protesta-contra-o-racismo\/\"},\"wordCount\":671,\"commentCount\":0,\"publisher\":{\"@id\":\"https:\/\/psol50.org.br\/#organization\"},\"image\":{\"@id\":\"https:\/\/psol50.org.br\/grupo-entra-em-shopping-de-sp-e-protesta-contra-o-racismo\/#primaryimage\"},\"thumbnailUrl\":\"http:\/\/psol50.org.br\/files\/2012\/02\/ProtestoRacismo-SP.jpg\",\"articleSection\":[\"Arquivo\",\"Movimento\"],\"inLanguage\":\"pt-BR\",\"potentialAction\":[{\"@type\":\"CommentAction\",\"name\":\"Comment\",\"target\":[\"https:\/\/psol50.org.br\/grupo-entra-em-shopping-de-sp-e-protesta-contra-o-racismo\/#respond\"]}]},{\"@type\":\"WebPage\",\"@id\":\"https:\/\/psol50.org.br\/grupo-entra-em-shopping-de-sp-e-protesta-contra-o-racismo\/\",\"url\":\"https:\/\/psol50.org.br\/grupo-entra-em-shopping-de-sp-e-protesta-contra-o-racismo\/\",\"name\":\"Grupo entra em shopping de SP e protesta contra o racismo - PSOL 50\",\"isPartOf\":{\"@id\":\"https:\/\/psol50.org.br\/#website\"},\"primaryImageOfPage\":{\"@id\":\"https:\/\/psol50.org.br\/grupo-entra-em-shopping-de-sp-e-protesta-contra-o-racismo\/#primaryimage\"},\"image\":{\"@id\":\"https:\/\/psol50.org.br\/grupo-entra-em-shopping-de-sp-e-protesta-contra-o-racismo\/#primaryimage\"},\"thumbnailUrl\":\"http:\/\/psol50.org.br\/files\/2012\/02\/ProtestoRacismo-SP.jpg\",\"datePublished\":\"2012-02-14T00:00:00+00:00\",\"breadcrumb\":{\"@id\":\"https:\/\/psol50.org.br\/grupo-entra-em-shopping-de-sp-e-protesta-contra-o-racismo\/#breadcrumb\"},\"inLanguage\":\"pt-BR\",\"potentialAction\":[{\"@type\":\"ReadAction\",\"target\":[\"https:\/\/psol50.org.br\/grupo-entra-em-shopping-de-sp-e-protesta-contra-o-racismo\/\"]}]},{\"@type\":\"ImageObject\",\"inLanguage\":\"pt-BR\",\"@id\":\"https:\/\/psol50.org.br\/grupo-entra-em-shopping-de-sp-e-protesta-contra-o-racismo\/#primaryimage\",\"url\":\"http:\/\/psol50.org.br\/files\/2012\/02\/ProtestoRacismo-SP.jpg\",\"contentUrl\":\"http:\/\/psol50.org.br\/files\/2012\/02\/ProtestoRacismo-SP.jpg\"},{\"@type\":\"BreadcrumbList\",\"@id\":\"https:\/\/psol50.org.br\/grupo-entra-em-shopping-de-sp-e-protesta-contra-o-racismo\/#breadcrumb\",\"itemListElement\":[{\"@type\":\"ListItem\",\"position\":1,\"name\":\"In\u00edcio\",\"item\":\"https:\/\/psol50.org.br\/\"},{\"@type\":\"ListItem\",\"position\":2,\"name\":\"Grupo entra em shopping de SP e protesta contra o racismo\"}]},{\"@type\":\"WebSite\",\"@id\":\"https:\/\/psol50.org.br\/#website\",\"url\":\"https:\/\/psol50.org.br\/\",\"name\":\"PSOL 50\",\"description\":\"Site oficial do Partido Socialismo e Liberdade\",\"publisher\":{\"@id\":\"https:\/\/psol50.org.br\/#organization\"},\"alternateName\":\"PSOL50\",\"potentialAction\":[{\"@type\":\"SearchAction\",\"target\":{\"@type\":\"EntryPoint\",\"urlTemplate\":\"https:\/\/psol50.org.br\/?s={search_term_string}\"},\"query-input\":{\"@type\":\"PropertyValueSpecification\",\"valueRequired\":true,\"valueName\":\"search_term_string\"}}],\"inLanguage\":\"pt-BR\"},{\"@type\":\"Organization\",\"@id\":\"https:\/\/psol50.org.br\/#organization\",\"name\":\"PSOL 50\",\"alternateName\":\"PSOL 50\",\"url\":\"https:\/\/psol50.org.br\/\",\"logo\":{\"@type\":\"ImageObject\",\"inLanguage\":\"pt-BR\",\"@id\":\"https:\/\/psol50.org.br\/#\/schema\/logo\/image\/\",\"url\":\"https:\/\/psol50.org.br\/inc\/uploads\/2018\/07\/capa.png\",\"contentUrl\":\"https:\/\/psol50.org.br\/inc\/uploads\/2018\/07\/capa.png\",\"width\":1350,\"height\":900,\"caption\":\"PSOL 50\"},\"image\":{\"@id\":\"https:\/\/psol50.org.br\/#\/schema\/logo\/image\/\"},\"sameAs\":[\"https:\/\/www.facebook.com\/psol50\",\"https:\/\/x.com\/psol50\",\"https:\/\/www.instagram.com\/psol50\/\",\"https:\/\/www.youtube.com\/channel\/UC7SnJS5o1os7a6CaiNabzcg\"]},{\"@type\":\"Person\",\"@id\":\"https:\/\/psol50.org.br\/#\/schema\/person\/475dfa57d0b815993c714c2e96491fcd\",\"name\":\"Comunica\u00e7\u00e3o PSOL\",\"image\":{\"@type\":\"ImageObject\",\"inLanguage\":\"pt-BR\",\"@id\":\"https:\/\/psol50.org.br\/#\/schema\/person\/image\/\",\"url\":\"https:\/\/secure.gravatar.com\/avatar\/b34fc4f4e468a4e51785917065a3db57b841f5c95dba6ad8c73aaf8f66f8f9bf?s=96&d=mm&r=g\",\"contentUrl\":\"https:\/\/secure.gravatar.com\/avatar\/b34fc4f4e468a4e51785917065a3db57b841f5c95dba6ad8c73aaf8f66f8f9bf?s=96&d=mm&r=g\",\"caption\":\"Comunica\u00e7\u00e3o PSOL\"}}]}<\/script>\n<!-- \/ Yoast SEO plugin. -->","yoast_head_json":{"title":"Grupo entra em shopping de SP e protesta contra o racismo - PSOL 50","robots":{"index":"index","follow":"follow","max-snippet":"max-snippet:-1","max-image-preview":"max-image-preview:large","max-video-preview":"max-video-preview:-1"},"canonical":"https:\/\/psol50.org.br\/grupo-entra-em-shopping-de-sp-e-protesta-contra-o-racismo\/","og_locale":"pt_BR","og_type":"article","og_title":"Grupo entra em shopping de SP e protesta contra o racismo - PSOL 50","og_description":"*Fonte: S\u00edtio Maria Fr\u00f4 O ato organizado pelo \u201cComit\u00ea contra o genoc\u00eddio da juventude negra\u201d, ocorreu no s\u00e1bado, 11 de fevereiro de 2012. Come\u00e7ou em Santa Cec\u00edlia e terminou com os manifestantes ocupando as depend\u00eancias do Shopping P\u00e1tio Higien\u00f3polis. O ato marcou a marcha realizada contra o racismo, higieniza\u00e7\u00e3o, homofobia e a viol\u00eancia dentro do [&hellip;]","og_url":"https:\/\/psol50.org.br\/grupo-entra-em-shopping-de-sp-e-protesta-contra-o-racismo\/","og_site_name":"PSOL 50","article_publisher":"https:\/\/www.facebook.com\/psol50","article_published_time":"2012-02-14T00:00:00+00:00","og_image":[{"url":"http:\/\/psol50.org.br\/files\/2012\/02\/ProtestoRacismo-SP.jpg","type":"","width":"","height":""}],"author":"Comunica\u00e7\u00e3o PSOL","twitter_card":"summary_large_image","twitter_creator":"@psol50","twitter_site":"@psol50","twitter_misc":{"Escrito por":"Comunica\u00e7\u00e3o PSOL","Est. tempo de leitura":"3 minutos"},"schema":{"@context":"https:\/\/schema.org","@graph":[{"@type":"Article","@id":"https:\/\/psol50.org.br\/grupo-entra-em-shopping-de-sp-e-protesta-contra-o-racismo\/#article","isPartOf":{"@id":"https:\/\/psol50.org.br\/grupo-entra-em-shopping-de-sp-e-protesta-contra-o-racismo\/"},"author":{"name":"Comunica\u00e7\u00e3o PSOL","@id":"https:\/\/psol50.org.br\/#\/schema\/person\/475dfa57d0b815993c714c2e96491fcd"},"headline":"Grupo entra em shopping de SP e protesta contra o racismo","datePublished":"2012-02-14T00:00:00+00:00","mainEntityOfPage":{"@id":"https:\/\/psol50.org.br\/grupo-entra-em-shopping-de-sp-e-protesta-contra-o-racismo\/"},"wordCount":671,"commentCount":0,"publisher":{"@id":"https:\/\/psol50.org.br\/#organization"},"image":{"@id":"https:\/\/psol50.org.br\/grupo-entra-em-shopping-de-sp-e-protesta-contra-o-racismo\/#primaryimage"},"thumbnailUrl":"http:\/\/psol50.org.br\/files\/2012\/02\/ProtestoRacismo-SP.jpg","articleSection":["Arquivo","Movimento"],"inLanguage":"pt-BR","potentialAction":[{"@type":"CommentAction","name":"Comment","target":["https:\/\/psol50.org.br\/grupo-entra-em-shopping-de-sp-e-protesta-contra-o-racismo\/#respond"]}]},{"@type":"WebPage","@id":"https:\/\/psol50.org.br\/grupo-entra-em-shopping-de-sp-e-protesta-contra-o-racismo\/","url":"https:\/\/psol50.org.br\/grupo-entra-em-shopping-de-sp-e-protesta-contra-o-racismo\/","name":"Grupo entra em shopping de SP e protesta contra o racismo - PSOL 50","isPartOf":{"@id":"https:\/\/psol50.org.br\/#website"},"primaryImageOfPage":{"@id":"https:\/\/psol50.org.br\/grupo-entra-em-shopping-de-sp-e-protesta-contra-o-racismo\/#primaryimage"},"image":{"@id":"https:\/\/psol50.org.br\/grupo-entra-em-shopping-de-sp-e-protesta-contra-o-racismo\/#primaryimage"},"thumbnailUrl":"http:\/\/psol50.org.br\/files\/2012\/02\/ProtestoRacismo-SP.jpg","datePublished":"2012-02-14T00:00:00+00:00","breadcrumb":{"@id":"https:\/\/psol50.org.br\/grupo-entra-em-shopping-de-sp-e-protesta-contra-o-racismo\/#breadcrumb"},"inLanguage":"pt-BR","potentialAction":[{"@type":"ReadAction","target":["https:\/\/psol50.org.br\/grupo-entra-em-shopping-de-sp-e-protesta-contra-o-racismo\/"]}]},{"@type":"ImageObject","inLanguage":"pt-BR","@id":"https:\/\/psol50.org.br\/grupo-entra-em-shopping-de-sp-e-protesta-contra-o-racismo\/#primaryimage","url":"http:\/\/psol50.org.br\/files\/2012\/02\/ProtestoRacismo-SP.jpg","contentUrl":"http:\/\/psol50.org.br\/files\/2012\/02\/ProtestoRacismo-SP.jpg"},{"@type":"BreadcrumbList","@id":"https:\/\/psol50.org.br\/grupo-entra-em-shopping-de-sp-e-protesta-contra-o-racismo\/#breadcrumb","itemListElement":[{"@type":"ListItem","position":1,"name":"In\u00edcio","item":"https:\/\/psol50.org.br\/"},{"@type":"ListItem","position":2,"name":"Grupo entra em shopping de SP e protesta contra o racismo"}]},{"@type":"WebSite","@id":"https:\/\/psol50.org.br\/#website","url":"https:\/\/psol50.org.br\/","name":"PSOL 50","description":"Site oficial do Partido Socialismo e Liberdade","publisher":{"@id":"https:\/\/psol50.org.br\/#organization"},"alternateName":"PSOL50","potentialAction":[{"@type":"SearchAction","target":{"@type":"EntryPoint","urlTemplate":"https:\/\/psol50.org.br\/?s={search_term_string}"},"query-input":{"@type":"PropertyValueSpecification","valueRequired":true,"valueName":"search_term_string"}}],"inLanguage":"pt-BR"},{"@type":"Organization","@id":"https:\/\/psol50.org.br\/#organization","name":"PSOL 50","alternateName":"PSOL 50","url":"https:\/\/psol50.org.br\/","logo":{"@type":"ImageObject","inLanguage":"pt-BR","@id":"https:\/\/psol50.org.br\/#\/schema\/logo\/image\/","url":"https:\/\/psol50.org.br\/inc\/uploads\/2018\/07\/capa.png","contentUrl":"https:\/\/psol50.org.br\/inc\/uploads\/2018\/07\/capa.png","width":1350,"height":900,"caption":"PSOL 50"},"image":{"@id":"https:\/\/psol50.org.br\/#\/schema\/logo\/image\/"},"sameAs":["https:\/\/www.facebook.com\/psol50","https:\/\/x.com\/psol50","https:\/\/www.instagram.com\/psol50\/","https:\/\/www.youtube.com\/channel\/UC7SnJS5o1os7a6CaiNabzcg"]},{"@type":"Person","@id":"https:\/\/psol50.org.br\/#\/schema\/person\/475dfa57d0b815993c714c2e96491fcd","name":"Comunica\u00e7\u00e3o PSOL","image":{"@type":"ImageObject","inLanguage":"pt-BR","@id":"https:\/\/psol50.org.br\/#\/schema\/person\/image\/","url":"https:\/\/secure.gravatar.com\/avatar\/b34fc4f4e468a4e51785917065a3db57b841f5c95dba6ad8c73aaf8f66f8f9bf?s=96&d=mm&r=g","contentUrl":"https:\/\/secure.gravatar.com\/avatar\/b34fc4f4e468a4e51785917065a3db57b841f5c95dba6ad8c73aaf8f66f8f9bf?s=96&d=mm&r=g","caption":"Comunica\u00e7\u00e3o PSOL"}}]}},"_links":{"self":[{"href":"https:\/\/psol50.org.br\/rest\/wp\/v2\/posts\/1001","targetHints":{"allow":["GET"]}}],"collection":[{"href":"https:\/\/psol50.org.br\/rest\/wp\/v2\/posts"}],"about":[{"href":"https:\/\/psol50.org.br\/rest\/wp\/v2\/types\/post"}],"author":[{"embeddable":true,"href":"https:\/\/psol50.org.br\/rest\/wp\/v2\/users\/2"}],"replies":[{"embeddable":true,"href":"https:\/\/psol50.org.br\/rest\/wp\/v2\/comments?post=1001"}],"version-history":[{"count":0,"href":"https:\/\/psol50.org.br\/rest\/wp\/v2\/posts\/1001\/revisions"}],"wp:attachment":[{"href":"https:\/\/psol50.org.br\/rest\/wp\/v2\/media?parent=1001"}],"wp:term":[{"taxonomy":"category","embeddable":true,"href":"https:\/\/psol50.org.br\/rest\/wp\/v2\/categories?post=1001"},{"taxonomy":"post_tag","embeddable":true,"href":"https:\/\/psol50.org.br\/rest\/wp\/v2\/tags?post=1001"}],"curies":[{"name":"wp","href":"https:\/\/api.w.org\/{rel}","templated":true}]}}