{"id":1013,"date":"2012-02-29T00:00:00","date_gmt":"2012-02-29T00:00:00","guid":{"rendered":"http:\/\/psol50.org.br\/arquivo\/2012\/02\/29\/so-uma-comunidade-quilombola-recebeu-titulo-federal-em-2011\/"},"modified":"2012-02-29T00:00:00","modified_gmt":"2012-02-29T00:00:00","slug":"so-uma-comunidade-quilombola-recebeu-titulo-federal-em-2011","status":"publish","type":"post","link":"https:\/\/psol50.org.br\/so-uma-comunidade-quilombola-recebeu-titulo-federal-em-2011\/","title":{"rendered":"S\u00f3 uma comunidade quilombola recebeu t\u00edtulo federal em 2011"},"content":{"rendered":"<p style=\"text-align: justify\"><em>Da estimativa total de 3 mil comunidades quilombolas existentes no pa\u00eds, apenas 6% (110) t\u00eam t\u00edtulo de terra assegurado, conforme a Comiss\u00e3o Pr\u00f3-\u00cdndio<\/em><\/p>\n<p style=\"text-align: justify\"><a href=\"http:\/\/www.reporterbrasil.org.br\/exibe.php?id=2006\"><strong>*Por Bianca Pyl Rep\u00f3rter Brasil<\/strong><\/a><\/p>\n<table border=\"0\" align=\"left\">\n<tbody>\n<tr>\n<td><img decoding=\"async\" src=\"http:\/\/www.reporterbrasil.org.br\/images\/articles\/20120223balanco3.JPG\" alt=\"\" border=\"0\" \/><\/td>\n<\/tr>\n<tr>\n<td>Apenas\u00a0duas terras quilombolas\u00a0foram tituladas<br \/>\nem todo o\u00a0ano passado (Foto: Carlos Penteado)<\/td>\n<\/tr>\n<\/tbody>\n<\/table>\n<p style=\"text-align: justify\">Os descendentes de escravos t\u00eam pouco\u00a0a comemorar em rela\u00e7\u00e3o ao ano que passou. Al\u00e9m do acirramento da viol\u00eancia e de amea\u00e7as sofridas, como o\u00a0<a href=\"http:\/\/reporterbrasil.org.br\/blogdaredacao\/?p=658\">caso noticiado no Blog da Reda\u00e7\u00e3o<\/a>, somente duas comunidades quilombolas conseguiram o t\u00edtulo da terra em 2011. O \u00fanico territ\u00f3rio quilombola a receber o t\u00edtulo no\u00a01\u00b0ano de gest\u00e3o federal\u00a0da presidenta Dilma Rousseff foi a Col\u00f4nia S\u00e3o Miguel, no Mato Grosso do Sul.<\/p>\n<p style=\"text-align: justify\">A outra \u00e1rea titulada ano passado foi a\u00a0Terra Quilombola Preto Forro, no Rio de Janeiro, que recebeu do Instituto de Terras e Cartografia do Estado do Rio de Janeiro (ITERJ). Os dados fazem parte do estudo <em><a href=\"http:\/\/www.cpisp.org.br\/email\/balanco11\/img\/Balan%C3%A7oTerrasQuilombolas2011.pdf\">Terras Quilombolas &#8211; Balan\u00e7o 2011<\/a><\/em>, lan\u00e7ado na semana passada pela Comiss\u00e3o Pr\u00f3-\u00cdndio de S\u00e3o Paulo (CPI-SP).<\/p>\n<p style=\"text-align: justify\">Da estimativa total de 3 mil comunidades quilombolas que existem no pa\u00eds, apenas 6% (110)\u00a0contam com o t\u00edtulo assegurado. No quesito titula\u00e7\u00e3o, os governos estaduais t\u00eam sido mais atuantes que o federal. Sete governos estaduais s\u00e3o respons\u00e1veis pela emiss\u00e3o de 73% dos 117 t\u00edtulos j\u00e1 concedidos a quilombolas. O destaque \u00e9 o Par\u00e1, com 38% das titula\u00e7\u00f5es &#8211; apesar de ter institu\u00eddo a Pol\u00edtica Estadual para as Comunidades Remanescentes de Quilombos do Par\u00e1 apenas em novembro do ano passado (<a href=\"http:\/\/www.cpisp.org.br\/terras\/upload\/editor\/files\/Decreto%20n261%20-%20PA%20-%20Politica%20Estadual%20para%20Comunidades%20Quilombolas.pdf\">Decreto 261, 22\/11\/2011<\/a>).<\/p>\n<table border=\"0\" align=\"center\">\n<tbody>\n<tr>\n<td><strong>Expedidor\u00a0<\/strong><\/td>\n<td><strong>N\u00ba de t\u00edtulos<br \/>\n(1995 a 2011)\u00a0<\/strong><\/td>\n<td><strong>% <\/strong><\/td>\n<\/tr>\n<tr>\n<td><strong>Governo Federal<\/strong><\/td>\n<td>32<\/td>\n<td>27%<\/td>\n<\/tr>\n<tr>\n<td>Incra<\/td>\n<td>17<\/td>\n<td>15%<\/td>\n<\/tr>\n<tr>\n<td>Palmares<\/td>\n<td>13<\/td>\n<td>11%<\/td>\n<\/tr>\n<tr>\n<td>SPU<\/td>\n<td>02<\/td>\n<td>2%<\/td>\n<\/tr>\n<tr>\n<td><strong>Governos Estaduais<\/strong><\/td>\n<td>85<\/td>\n<td>73%<\/td>\n<\/tr>\n<tr>\n<td>Par\u00e1<\/td>\n<td>45<\/td>\n<td>38%<\/td>\n<\/tr>\n<tr>\n<td>Maranh\u00e3o<\/td>\n<td>23<\/td>\n<td>20%<\/td>\n<\/tr>\n<tr>\n<td>S\u00e3o Paulo<\/td>\n<td>06<\/td>\n<td>5%<\/td>\n<\/tr>\n<tr>\n<td>Piau\u00ed<\/td>\n<td>05<\/td>\n<td>4%<\/td>\n<\/tr>\n<tr>\n<td>Bahia<\/td>\n<td>02<\/td>\n<td>2%<\/td>\n<\/tr>\n<tr>\n<td>Rio de Janeiro<\/td>\n<td>03<\/td>\n<td>3%<\/td>\n<\/tr>\n<tr>\n<td>Mato Grosso do Sul<\/td>\n<td>01<\/td>\n<td>1%<\/td>\n<\/tr>\n<\/tbody>\n<\/table>\n<p style=\"text-align: justify\"><em>\u00a0\u00a0\u00a0\u00a0\u00a0\u00a0\u00a0\u00a0\u00a0\u00a0\u00a0\u00a0\u00a0\u00a0\u00a0\u00a0\u00a0\u00a0\u00a0\u00a0\u00a0\u00a0\u00a0\u00a0\u00a0\u00a0\u00a0\u00a0\u00a0\u00a0\u00a0\u00a0\u00a0\u00a0\u00a0\u00a0\u00a0\u00a0\u00a0\u00a0Fonte: Comiss\u00e3o Pr\u00f3-\u00cdndio<\/em><\/p>\n<p style=\"text-align: justify\">At\u00e9 receber o t\u00edtulo, as comunidades enfrentam um longo processo (confira\u00a0<a href=\"http:\/\/www.cpisp.org.br\/terras\/html\/comosetitula_caminho.aspx\">aqui<\/a>\u00a0como se d\u00e1 uma titula\u00e7\u00e3o, passo a passo). Os procedimentos para a identifica\u00e7\u00e3o e titula\u00e7\u00e3o das terras quilombolas s\u00e3o orientados por legisla\u00e7\u00e3o federal e por legisla\u00e7\u00f5es estaduais. O volume de processos abertos no Instituto Nacional de Coloniza\u00e7\u00e3o e Reforma Agr\u00e1ria (Incra), ligado a governo federal, totalizava 1.084, abrangendo 24 estados, em dados referentes a dezembro de 2011. De acordo com a CPI-SP, apenas 7% desses processos j\u00e1 contam com o\u00a0Relat\u00f3rio T\u00e9cnicos de Identifica\u00e7\u00e3o e Delimita\u00e7\u00e3o (RTID) publicado. Ao longo de 2011, 64 novos processos para titula\u00e7\u00e3o de terras quilombolas foram instaurados, n\u00famero inferior ao registrado em 2010 (73) e 2009 (147).<\/p>\n<table border=\"0\" align=\"left\">\n<tbody>\n<tr>\n<td><img decoding=\"async\" src=\"http:\/\/www.reporterbrasil.org.br\/images\/articles\/20120223balanco1.jpg\" alt=\"\" border=\"0\" \/><\/td>\n<\/tr>\n<tr>\n<td><\/td>\n<\/tr>\n<\/tbody>\n<\/table>\n<p style=\"text-align: justify\">Ap\u00f3s a elabora\u00e7\u00e3o do relat\u00f3rio, \u00e9 necess\u00e1ria a publica\u00e7\u00e3o de um decreto de desapropria\u00e7\u00e3o. At\u00e9 hoje, das 44 desapropria\u00e7\u00f5es por interesse sociais decretadas pelo governo federal, apenas tr\u00eas se concretizaram em titula\u00e7\u00f5es: Fam\u00edlia Silva (RS), Col\u00f4nia S\u00e3o Miguel (MS) e Preto Forro (RJ). O maior problema na demora est\u00e1 no risco dos decretos &#8220;caducarem&#8221;, j\u00e1 que a legisla\u00e7\u00e3o (<a href=\"http:\/\/www.planalto.gov.br\/ccivil_03\/leis\/L4132.htm\">Lei n\u00ba 4.132 de 1962<\/a>) determina o prazo de dois anos para efetivar a desapropria\u00e7\u00e3o, que come\u00e7a a contar a partir da publica\u00e7\u00e3o do decreto. A desapropria\u00e7\u00e3o \u00e9 efetivada quando h\u00e1 acordo entre o Incra e o propriet\u00e1rio ou quando a respectiva a\u00e7\u00e3o de desapropria\u00e7\u00e3o \u00e9 ajuizada.<\/p>\n<p style=\"text-align: justify\">Em 2011, o prazo para efetiva\u00e7\u00e3o de tr\u00eas decretos de 2009 venceu sem as devidas provid\u00eancias. &#8220;N\u00e3o se sabe qual \u00e0 medida que o governo adotar\u00e1 a partir de agora para retomar os processos das comunidades Lagoinha de Baixo e Mata Cavalo, no Mato Grosso, e Lagoa do Peixe, na Bahia&#8221;, questiona a organiza\u00e7\u00e3o.<\/p>\n<p style=\"text-align: justify\">Para se ter uma id\u00e9ia da demora no processo de titula\u00e7\u00e3o, dos 21 processos que tiveram o RTID publicado em 2011, o tempo entre a instaura\u00e7\u00e3o do processo e a publica\u00e7\u00e3o variou de 1 a 7 anos. Considerando todos os 145 processos que tiveram o RTID publicado entre 2003 e 2011, o tempo m\u00e9dio entre a abertura do processo a publica\u00e7\u00e3o do estudo foi de 5 anos.<\/p>\n<p style=\"text-align: justify\">Segundo a organiza\u00e7\u00e3o, os entraves \u00e0 titula\u00e7\u00e3o das terras quilombolas est\u00e3o situados muitas vezes no pr\u00f3prio governo federal. &#8220;Em diversas situa\u00e7\u00f5es, \u00f3rg\u00e3os do governo apresentam resist\u00eancia \u00e0 regulariza\u00e7\u00e3o das \u00e1reas quilombolas. Entre os casos mais conhecidos est\u00e3o os de Marambaia (no Rio de Janeiro) que envolve uma disputa com a Marinha; de Alc\u00e2ntara (no Maranh\u00e3o) cujo processo \u00e9 contestado pela Aeron\u00e1utica; e os processos envolvendo a sobreposi\u00e7\u00e3o de terras quilombolas e unidades de conserva\u00e7\u00e3o onde a resist\u00eancia parte dos \u00f3rg\u00e3os ambientais&#8221;, aponta a publica\u00e7\u00e3o.<\/p>\n<p style=\"text-align: justify\">Casos como esses (discord\u00e2ncia entre o Incra e os demais \u00f3rg\u00e3os governamentais) s\u00e3o encaminhados para a Advocacia Geral da Uni\u00e3o (AGU). &#8220;A tramita\u00e7\u00e3o dos processos na C\u00e2mara de Concilia\u00e7\u00e3o d\u00e1-se de forma pouco transparente. As informa\u00e7\u00f5es n\u00e3o s\u00e3o disponibilizadas ao p\u00fablico e \u00e9 dif\u00edcil at\u00e9 mesmo saber quais processos est\u00e3o sendo analisados pela CCAF&#8221;, reclama a CPI-SP, que publica anualmente o balan\u00e7o.<\/p>\n<p style=\"text-align: justify\">Para Richard Torsiano, diretor nacional de ordenamento da estrutura fundi\u00e1ria do Incra, \u00e9 importante registrar que a pol\u00edtica de titula\u00e7\u00f5es de comunidade quilombolas passa existir s\u00f3 a partir 2003, com a publica\u00e7\u00e3o do <a href=\"http:\/\/www.planalto.gov.br\/ccivil_03\/decreto\/2003\/d4887.htm\">Decreto Presidencial 4887\/2003<\/a>.\u00a0&#8220;At\u00e9 2003 n\u00e3o foi feito praticamente nada por conta da aus\u00eancia de um arcabou\u00e7o legal para regularizar as comunidades. Ap\u00f3s 2003, os n\u00fameros vem aumentando&#8221;, pontua.<\/p>\n<p style=\"text-align: justify\">As titula\u00e7\u00f5es avan\u00e7aram nos estados, em parte por conta dos conv\u00eanios com o Incra, na avalia\u00e7\u00e3o do diretor. &#8220;[O Incra] Aportou recursos [nos estados] para que as titula\u00e7\u00f5es fossem efetivadas. O procedimento pelo estado \u00e9 bem mais simples e mais agilizado&#8221;, explica o diretor do instituto federal.<\/p>\n<p style=\"text-align: justify\">As titula\u00e7\u00f5es n\u00e3o dependem s\u00f3 da interven\u00e7\u00e3o do Incra. O Poder Judici\u00e1rio tamb\u00e9m entra no processo porque as partes envolvidas podem recorrer. &#8220;\u00c9 um longo percursos at\u00e9 indeniza\u00e7\u00e3o dos n\u00e3o-quilombolas que vivem na \u00e1rea&#8221;, frisa Richard. De acordo com ela, o baixo n\u00famero de titula\u00e7\u00f5es de territ\u00f3rios quilombolas \u00e9 resultado do processo complexo &#8211; e, portanto, moroso &#8211; para que uma determinada \u00e1rea seja efetivamente reconhecida.<\/p>\n<table border=\"0\" align=\"center\">\n<tbody>\n<tr>\n<td><img decoding=\"async\" src=\"http:\/\/www.reporterbrasil.org.br\/images\/articles\/20120223balanco2.JPG\" alt=\"\" border=\"0\" \/><\/td>\n<\/tr>\n<tr>\n<td><em>Comunidades quilombolas encaram longos processos\u00a0de\u00a0titula\u00e7\u00e3o de terra (Foto:Carlos Penteado)<\/em><\/td>\n<\/tr>\n<\/tbody>\n<\/table>\n<p style=\"text-align: justify\"><strong>Empresa de inform\u00e1tica<\/strong><br \/>\nEm agosto de 2011, o Incra decidiu contratar empresas, por meio de preg\u00e3o eletr\u00f4nico, para a realiza\u00e7\u00e3o de 158 relat\u00f3rios antropol\u00f3gicos de identifica\u00e7\u00e3o das terras quilombolas. Ser\u00e3o investidos mais de R$ 8 milh\u00f5es nos contratos para a realiza\u00e7\u00e3o dos estudos que, conforme previs\u00f5es iniciais, devem ter vig\u00eancia de setembro de 2011 a setembro de 2012.<\/p>\n<p style=\"text-align: justify\">De acordo com an\u00e1lise da CPI-SP, a medida gera preocupa\u00e7\u00e3o em rela\u00e7\u00e3o \u00e0 qualidade t\u00e9cnica dos estudos, uma vez que as empresas selecionadas n\u00e3o parecem dispor de ac\u00famulo para a realiza\u00e7\u00e3o da tarefa. &#8220;At\u00e9 onde foi poss\u00edvel levantar, nenhuma delas t\u00eam experi\u00eancia pr\u00e9via com elabora\u00e7\u00e3o de estudos antropol\u00f3gicos&#8221;, real\u00e7a um trecho da publica\u00e7\u00e3o.<\/p>\n<p style=\"text-align: justify\">Algumas empresas s\u00e3o de ramos econ\u00f4micos completamente alheios ao dos estudos e das pesquisas exigidas, como \u00e9 o caso da Capital Inform\u00e1tica Solu\u00e7\u00f5es e Servi\u00e7os, contratada para realizar 17 estudos em Minas Gerais e Mato Grosso; e do Servi\u00e7o Nacional de Aprendizagem Industrial (Senai), respons\u00e1vel por quatro estudos no estado da Bahia. Apenas duas empresas assumiram 61% da produ\u00e7\u00e3o de relat\u00f3rio. S\u00e3o elas a Terra Ambiental e a Ecodimens\u00e3o. A Empresa Terra Ambiental, com sede em Santa Catarina, ficou respons\u00e1vel por nada menos que 70 estudos em 11 estados distintos da Federa\u00e7\u00e3o, o que corresponde a 44% dos estudos contratados pelo Incra.<\/p>\n<p style=\"text-align: justify\">Na an\u00e1lise da CPI-SP, h\u00e1 d\u00favidas quanto \u00e0 prometida agiliza\u00e7\u00e3o utilizada como justificativa para a contrata\u00e7\u00e3o mediante preg\u00e3o eletr\u00f4nico, j\u00e1 que o relat\u00f3rio antropol\u00f3gico \u00e9 apenas uma das pe\u00e7as do RTID. O restante do processo continuar\u00e1 sob responsabilidade do pr\u00f3prio \u00f3rg\u00e3o. &#8220;N\u00e3o se sabe como o Incra planeja dar conta dessa demanda especialmente tendo em vista que em sete anos publicou apenas 147 RTIDs&#8221;, pontua a publica\u00e7\u00e3o.<\/p>\n<p style=\"text-align: justify\">Os relat\u00f3rios devem seguir crit\u00e9rios t\u00e9cnicos estabelecidos pelo edital, de acordo com o diretor\u00a0nacional de ordenamento da estrutura fundi\u00e1ria\u00a0do Incra. &#8220;O relat\u00f3rio que n\u00e3o estiver de acordo n\u00e3o ser\u00e1 aceito&#8221;, assegura Richard. A produ\u00e7\u00e3o do relat\u00f3rio ser\u00e1 acompanhada pela \u00e1rea t\u00e9cnica do Incra e da Associa\u00e7\u00e3o Brasileira de Antropologia (Aba) &#8211; que assinou um termo de coopera\u00e7\u00e3o t\u00e9cnica com o instituto.\u00a0&#8220;Precisamos de varias estrat\u00e9gias, como a contrata\u00e7\u00e3o das empresas e fortalecimento com as parcerias estaduais&#8221;, declara. &#8220;Estamos disposto a repassar recursos aos estados e a manter as parcerias hist\u00f3ricas com as universidades. N\u00e3o abriremos m\u00e3o disso&#8221;.<\/p>\n<p style=\"text-align: justify\"><a href=\"http:\/\/www.cpisp.org.br\/email\/balanco11\/img\/Balan%C3%A7oTerrasQuilombolas2011.pdf\"><em><strong>**Clique aqui para ver balan\u00e7o da CPI-SP sobre terras quilombola<\/strong><\/em><\/a><\/p>\n<p style=\"text-align: justify\">*<\/p>\n","protected":false},"excerpt":{"rendered":"<p>Da estimativa total de 3 mil comunidades quilombolas existentes no pa\u00eds, apenas 6% (110) t\u00eam t\u00edtulo de terra assegurado, conforme a Comiss\u00e3o Pr\u00f3-\u00cdndio *Por Bianca Pyl Rep\u00f3rter Brasil Apenas\u00a0duas terras quilombolas\u00a0foram tituladas em todo o\u00a0ano passado (Foto: Carlos Penteado) Os descendentes de escravos t\u00eam pouco\u00a0a comemorar em rela\u00e7\u00e3o ao ano que passou. Al\u00e9m do acirramento [&hellip;]<\/p>\n","protected":false},"author":2,"featured_media":0,"comment_status":"open","ping_status":"open","sticky":false,"template":"","format":"standard","meta":{"_acf_changed":false,"footnotes":""},"categories":[4766],"tags":[],"class_list":{"0":"post-1013","1":"post","2":"type-post","3":"status-publish","4":"format-standard","6":"category-arquivo"},"acf":[],"yoast_head":"<!-- This site is optimized with the Yoast SEO plugin v26.5 - https:\/\/yoast.com\/wordpress\/plugins\/seo\/ -->\n<title>S\u00f3 uma comunidade quilombola recebeu t\u00edtulo federal em 2011 - PSOL 50<\/title>\n<meta name=\"robots\" content=\"index, follow, max-snippet:-1, max-image-preview:large, max-video-preview:-1\" \/>\n<link rel=\"canonical\" href=\"https:\/\/psol50.org.br\/so-uma-comunidade-quilombola-recebeu-titulo-federal-em-2011\/\" \/>\n<meta property=\"og:locale\" content=\"pt_BR\" \/>\n<meta property=\"og:type\" content=\"article\" \/>\n<meta property=\"og:title\" content=\"S\u00f3 uma comunidade quilombola recebeu t\u00edtulo federal em 2011 - PSOL 50\" \/>\n<meta property=\"og:description\" content=\"Da estimativa total de 3 mil comunidades quilombolas existentes no pa\u00eds, apenas 6% (110) t\u00eam t\u00edtulo de terra assegurado, conforme a Comiss\u00e3o Pr\u00f3-\u00cdndio *Por Bianca Pyl Rep\u00f3rter Brasil Apenas\u00a0duas terras quilombolas\u00a0foram tituladas em todo o\u00a0ano passado (Foto: Carlos Penteado) Os descendentes de escravos t\u00eam pouco\u00a0a comemorar em rela\u00e7\u00e3o ao ano que passou. Al\u00e9m do acirramento [&hellip;]\" \/>\n<meta property=\"og:url\" content=\"https:\/\/psol50.org.br\/so-uma-comunidade-quilombola-recebeu-titulo-federal-em-2011\/\" \/>\n<meta property=\"og:site_name\" content=\"PSOL 50\" \/>\n<meta property=\"article:publisher\" content=\"https:\/\/www.facebook.com\/psol50\" \/>\n<meta property=\"article:published_time\" content=\"2012-02-29T00:00:00+00:00\" \/>\n<meta property=\"og:image\" content=\"http:\/\/www.reporterbrasil.org.br\/images\/articles\/20120223balanco3.JPG\" \/>\n<meta name=\"author\" content=\"Comunica\u00e7\u00e3o PSOL\" \/>\n<meta name=\"twitter:card\" content=\"summary_large_image\" \/>\n<meta name=\"twitter:creator\" content=\"@psol50\" \/>\n<meta name=\"twitter:site\" content=\"@psol50\" \/>\n<meta name=\"twitter:label1\" content=\"Escrito por\" \/>\n\t<meta name=\"twitter:data1\" content=\"Comunica\u00e7\u00e3o PSOL\" \/>\n\t<meta name=\"twitter:label2\" content=\"Est. tempo de leitura\" \/>\n\t<meta name=\"twitter:data2\" content=\"7 minutos\" \/>\n<script type=\"application\/ld+json\" class=\"yoast-schema-graph\">{\"@context\":\"https:\/\/schema.org\",\"@graph\":[{\"@type\":\"Article\",\"@id\":\"https:\/\/psol50.org.br\/so-uma-comunidade-quilombola-recebeu-titulo-federal-em-2011\/#article\",\"isPartOf\":{\"@id\":\"https:\/\/psol50.org.br\/so-uma-comunidade-quilombola-recebeu-titulo-federal-em-2011\/\"},\"author\":{\"name\":\"Comunica\u00e7\u00e3o PSOL\",\"@id\":\"https:\/\/psol50.org.br\/#\/schema\/person\/475dfa57d0b815993c714c2e96491fcd\"},\"headline\":\"S\u00f3 uma comunidade quilombola recebeu t\u00edtulo federal em 2011\",\"datePublished\":\"2012-02-29T00:00:00+00:00\",\"mainEntityOfPage\":{\"@id\":\"https:\/\/psol50.org.br\/so-uma-comunidade-quilombola-recebeu-titulo-federal-em-2011\/\"},\"wordCount\":1495,\"commentCount\":0,\"publisher\":{\"@id\":\"https:\/\/psol50.org.br\/#organization\"},\"image\":{\"@id\":\"https:\/\/psol50.org.br\/so-uma-comunidade-quilombola-recebeu-titulo-federal-em-2011\/#primaryimage\"},\"thumbnailUrl\":\"http:\/\/www.reporterbrasil.org.br\/images\/articles\/20120223balanco3.JPG\",\"articleSection\":[\"Arquivo\"],\"inLanguage\":\"pt-BR\",\"potentialAction\":[{\"@type\":\"CommentAction\",\"name\":\"Comment\",\"target\":[\"https:\/\/psol50.org.br\/so-uma-comunidade-quilombola-recebeu-titulo-federal-em-2011\/#respond\"]}]},{\"@type\":\"WebPage\",\"@id\":\"https:\/\/psol50.org.br\/so-uma-comunidade-quilombola-recebeu-titulo-federal-em-2011\/\",\"url\":\"https:\/\/psol50.org.br\/so-uma-comunidade-quilombola-recebeu-titulo-federal-em-2011\/\",\"name\":\"S\u00f3 uma comunidade quilombola recebeu t\u00edtulo federal em 2011 - PSOL 50\",\"isPartOf\":{\"@id\":\"https:\/\/psol50.org.br\/#website\"},\"primaryImageOfPage\":{\"@id\":\"https:\/\/psol50.org.br\/so-uma-comunidade-quilombola-recebeu-titulo-federal-em-2011\/#primaryimage\"},\"image\":{\"@id\":\"https:\/\/psol50.org.br\/so-uma-comunidade-quilombola-recebeu-titulo-federal-em-2011\/#primaryimage\"},\"thumbnailUrl\":\"http:\/\/www.reporterbrasil.org.br\/images\/articles\/20120223balanco3.JPG\",\"datePublished\":\"2012-02-29T00:00:00+00:00\",\"breadcrumb\":{\"@id\":\"https:\/\/psol50.org.br\/so-uma-comunidade-quilombola-recebeu-titulo-federal-em-2011\/#breadcrumb\"},\"inLanguage\":\"pt-BR\",\"potentialAction\":[{\"@type\":\"ReadAction\",\"target\":[\"https:\/\/psol50.org.br\/so-uma-comunidade-quilombola-recebeu-titulo-federal-em-2011\/\"]}]},{\"@type\":\"ImageObject\",\"inLanguage\":\"pt-BR\",\"@id\":\"https:\/\/psol50.org.br\/so-uma-comunidade-quilombola-recebeu-titulo-federal-em-2011\/#primaryimage\",\"url\":\"http:\/\/www.reporterbrasil.org.br\/images\/articles\/20120223balanco3.JPG\",\"contentUrl\":\"http:\/\/www.reporterbrasil.org.br\/images\/articles\/20120223balanco3.JPG\"},{\"@type\":\"BreadcrumbList\",\"@id\":\"https:\/\/psol50.org.br\/so-uma-comunidade-quilombola-recebeu-titulo-federal-em-2011\/#breadcrumb\",\"itemListElement\":[{\"@type\":\"ListItem\",\"position\":1,\"name\":\"In\u00edcio\",\"item\":\"https:\/\/psol50.org.br\/\"},{\"@type\":\"ListItem\",\"position\":2,\"name\":\"S\u00f3 uma comunidade quilombola recebeu t\u00edtulo federal em 2011\"}]},{\"@type\":\"WebSite\",\"@id\":\"https:\/\/psol50.org.br\/#website\",\"url\":\"https:\/\/psol50.org.br\/\",\"name\":\"PSOL 50\",\"description\":\"Site oficial do Partido Socialismo e Liberdade\",\"publisher\":{\"@id\":\"https:\/\/psol50.org.br\/#organization\"},\"alternateName\":\"PSOL50\",\"potentialAction\":[{\"@type\":\"SearchAction\",\"target\":{\"@type\":\"EntryPoint\",\"urlTemplate\":\"https:\/\/psol50.org.br\/?s={search_term_string}\"},\"query-input\":{\"@type\":\"PropertyValueSpecification\",\"valueRequired\":true,\"valueName\":\"search_term_string\"}}],\"inLanguage\":\"pt-BR\"},{\"@type\":\"Organization\",\"@id\":\"https:\/\/psol50.org.br\/#organization\",\"name\":\"PSOL 50\",\"alternateName\":\"PSOL 50\",\"url\":\"https:\/\/psol50.org.br\/\",\"logo\":{\"@type\":\"ImageObject\",\"inLanguage\":\"pt-BR\",\"@id\":\"https:\/\/psol50.org.br\/#\/schema\/logo\/image\/\",\"url\":\"https:\/\/psol50.org.br\/inc\/uploads\/2018\/07\/capa.png\",\"contentUrl\":\"https:\/\/psol50.org.br\/inc\/uploads\/2018\/07\/capa.png\",\"width\":1350,\"height\":900,\"caption\":\"PSOL 50\"},\"image\":{\"@id\":\"https:\/\/psol50.org.br\/#\/schema\/logo\/image\/\"},\"sameAs\":[\"https:\/\/www.facebook.com\/psol50\",\"https:\/\/x.com\/psol50\",\"https:\/\/www.instagram.com\/psol50\/\",\"https:\/\/www.youtube.com\/channel\/UC7SnJS5o1os7a6CaiNabzcg\"]},{\"@type\":\"Person\",\"@id\":\"https:\/\/psol50.org.br\/#\/schema\/person\/475dfa57d0b815993c714c2e96491fcd\",\"name\":\"Comunica\u00e7\u00e3o PSOL\",\"image\":{\"@type\":\"ImageObject\",\"inLanguage\":\"pt-BR\",\"@id\":\"https:\/\/psol50.org.br\/#\/schema\/person\/image\/\",\"url\":\"https:\/\/secure.gravatar.com\/avatar\/b34fc4f4e468a4e51785917065a3db57b841f5c95dba6ad8c73aaf8f66f8f9bf?s=96&d=mm&r=g\",\"contentUrl\":\"https:\/\/secure.gravatar.com\/avatar\/b34fc4f4e468a4e51785917065a3db57b841f5c95dba6ad8c73aaf8f66f8f9bf?s=96&d=mm&r=g\",\"caption\":\"Comunica\u00e7\u00e3o PSOL\"}}]}<\/script>\n<!-- \/ Yoast SEO plugin. -->","yoast_head_json":{"title":"S\u00f3 uma comunidade quilombola recebeu t\u00edtulo federal em 2011 - PSOL 50","robots":{"index":"index","follow":"follow","max-snippet":"max-snippet:-1","max-image-preview":"max-image-preview:large","max-video-preview":"max-video-preview:-1"},"canonical":"https:\/\/psol50.org.br\/so-uma-comunidade-quilombola-recebeu-titulo-federal-em-2011\/","og_locale":"pt_BR","og_type":"article","og_title":"S\u00f3 uma comunidade quilombola recebeu t\u00edtulo federal em 2011 - PSOL 50","og_description":"Da estimativa total de 3 mil comunidades quilombolas existentes no pa\u00eds, apenas 6% (110) t\u00eam t\u00edtulo de terra assegurado, conforme a Comiss\u00e3o Pr\u00f3-\u00cdndio *Por Bianca Pyl Rep\u00f3rter Brasil Apenas\u00a0duas terras quilombolas\u00a0foram tituladas em todo o\u00a0ano passado (Foto: Carlos Penteado) Os descendentes de escravos t\u00eam pouco\u00a0a comemorar em rela\u00e7\u00e3o ao ano que passou. Al\u00e9m do acirramento [&hellip;]","og_url":"https:\/\/psol50.org.br\/so-uma-comunidade-quilombola-recebeu-titulo-federal-em-2011\/","og_site_name":"PSOL 50","article_publisher":"https:\/\/www.facebook.com\/psol50","article_published_time":"2012-02-29T00:00:00+00:00","og_image":[{"url":"http:\/\/www.reporterbrasil.org.br\/images\/articles\/20120223balanco3.JPG","type":"","width":"","height":""}],"author":"Comunica\u00e7\u00e3o PSOL","twitter_card":"summary_large_image","twitter_creator":"@psol50","twitter_site":"@psol50","twitter_misc":{"Escrito por":"Comunica\u00e7\u00e3o PSOL","Est. tempo de leitura":"7 minutos"},"schema":{"@context":"https:\/\/schema.org","@graph":[{"@type":"Article","@id":"https:\/\/psol50.org.br\/so-uma-comunidade-quilombola-recebeu-titulo-federal-em-2011\/#article","isPartOf":{"@id":"https:\/\/psol50.org.br\/so-uma-comunidade-quilombola-recebeu-titulo-federal-em-2011\/"},"author":{"name":"Comunica\u00e7\u00e3o PSOL","@id":"https:\/\/psol50.org.br\/#\/schema\/person\/475dfa57d0b815993c714c2e96491fcd"},"headline":"S\u00f3 uma comunidade quilombola recebeu t\u00edtulo federal em 2011","datePublished":"2012-02-29T00:00:00+00:00","mainEntityOfPage":{"@id":"https:\/\/psol50.org.br\/so-uma-comunidade-quilombola-recebeu-titulo-federal-em-2011\/"},"wordCount":1495,"commentCount":0,"publisher":{"@id":"https:\/\/psol50.org.br\/#organization"},"image":{"@id":"https:\/\/psol50.org.br\/so-uma-comunidade-quilombola-recebeu-titulo-federal-em-2011\/#primaryimage"},"thumbnailUrl":"http:\/\/www.reporterbrasil.org.br\/images\/articles\/20120223balanco3.JPG","articleSection":["Arquivo"],"inLanguage":"pt-BR","potentialAction":[{"@type":"CommentAction","name":"Comment","target":["https:\/\/psol50.org.br\/so-uma-comunidade-quilombola-recebeu-titulo-federal-em-2011\/#respond"]}]},{"@type":"WebPage","@id":"https:\/\/psol50.org.br\/so-uma-comunidade-quilombola-recebeu-titulo-federal-em-2011\/","url":"https:\/\/psol50.org.br\/so-uma-comunidade-quilombola-recebeu-titulo-federal-em-2011\/","name":"S\u00f3 uma comunidade quilombola recebeu t\u00edtulo federal em 2011 - PSOL 50","isPartOf":{"@id":"https:\/\/psol50.org.br\/#website"},"primaryImageOfPage":{"@id":"https:\/\/psol50.org.br\/so-uma-comunidade-quilombola-recebeu-titulo-federal-em-2011\/#primaryimage"},"image":{"@id":"https:\/\/psol50.org.br\/so-uma-comunidade-quilombola-recebeu-titulo-federal-em-2011\/#primaryimage"},"thumbnailUrl":"http:\/\/www.reporterbrasil.org.br\/images\/articles\/20120223balanco3.JPG","datePublished":"2012-02-29T00:00:00+00:00","breadcrumb":{"@id":"https:\/\/psol50.org.br\/so-uma-comunidade-quilombola-recebeu-titulo-federal-em-2011\/#breadcrumb"},"inLanguage":"pt-BR","potentialAction":[{"@type":"ReadAction","target":["https:\/\/psol50.org.br\/so-uma-comunidade-quilombola-recebeu-titulo-federal-em-2011\/"]}]},{"@type":"ImageObject","inLanguage":"pt-BR","@id":"https:\/\/psol50.org.br\/so-uma-comunidade-quilombola-recebeu-titulo-federal-em-2011\/#primaryimage","url":"http:\/\/www.reporterbrasil.org.br\/images\/articles\/20120223balanco3.JPG","contentUrl":"http:\/\/www.reporterbrasil.org.br\/images\/articles\/20120223balanco3.JPG"},{"@type":"BreadcrumbList","@id":"https:\/\/psol50.org.br\/so-uma-comunidade-quilombola-recebeu-titulo-federal-em-2011\/#breadcrumb","itemListElement":[{"@type":"ListItem","position":1,"name":"In\u00edcio","item":"https:\/\/psol50.org.br\/"},{"@type":"ListItem","position":2,"name":"S\u00f3 uma comunidade quilombola recebeu t\u00edtulo federal em 2011"}]},{"@type":"WebSite","@id":"https:\/\/psol50.org.br\/#website","url":"https:\/\/psol50.org.br\/","name":"PSOL 50","description":"Site oficial do Partido Socialismo e Liberdade","publisher":{"@id":"https:\/\/psol50.org.br\/#organization"},"alternateName":"PSOL50","potentialAction":[{"@type":"SearchAction","target":{"@type":"EntryPoint","urlTemplate":"https:\/\/psol50.org.br\/?s={search_term_string}"},"query-input":{"@type":"PropertyValueSpecification","valueRequired":true,"valueName":"search_term_string"}}],"inLanguage":"pt-BR"},{"@type":"Organization","@id":"https:\/\/psol50.org.br\/#organization","name":"PSOL 50","alternateName":"PSOL 50","url":"https:\/\/psol50.org.br\/","logo":{"@type":"ImageObject","inLanguage":"pt-BR","@id":"https:\/\/psol50.org.br\/#\/schema\/logo\/image\/","url":"https:\/\/psol50.org.br\/inc\/uploads\/2018\/07\/capa.png","contentUrl":"https:\/\/psol50.org.br\/inc\/uploads\/2018\/07\/capa.png","width":1350,"height":900,"caption":"PSOL 50"},"image":{"@id":"https:\/\/psol50.org.br\/#\/schema\/logo\/image\/"},"sameAs":["https:\/\/www.facebook.com\/psol50","https:\/\/x.com\/psol50","https:\/\/www.instagram.com\/psol50\/","https:\/\/www.youtube.com\/channel\/UC7SnJS5o1os7a6CaiNabzcg"]},{"@type":"Person","@id":"https:\/\/psol50.org.br\/#\/schema\/person\/475dfa57d0b815993c714c2e96491fcd","name":"Comunica\u00e7\u00e3o PSOL","image":{"@type":"ImageObject","inLanguage":"pt-BR","@id":"https:\/\/psol50.org.br\/#\/schema\/person\/image\/","url":"https:\/\/secure.gravatar.com\/avatar\/b34fc4f4e468a4e51785917065a3db57b841f5c95dba6ad8c73aaf8f66f8f9bf?s=96&d=mm&r=g","contentUrl":"https:\/\/secure.gravatar.com\/avatar\/b34fc4f4e468a4e51785917065a3db57b841f5c95dba6ad8c73aaf8f66f8f9bf?s=96&d=mm&r=g","caption":"Comunica\u00e7\u00e3o PSOL"}}]}},"_links":{"self":[{"href":"https:\/\/psol50.org.br\/rest\/wp\/v2\/posts\/1013","targetHints":{"allow":["GET"]}}],"collection":[{"href":"https:\/\/psol50.org.br\/rest\/wp\/v2\/posts"}],"about":[{"href":"https:\/\/psol50.org.br\/rest\/wp\/v2\/types\/post"}],"author":[{"embeddable":true,"href":"https:\/\/psol50.org.br\/rest\/wp\/v2\/users\/2"}],"replies":[{"embeddable":true,"href":"https:\/\/psol50.org.br\/rest\/wp\/v2\/comments?post=1013"}],"version-history":[{"count":0,"href":"https:\/\/psol50.org.br\/rest\/wp\/v2\/posts\/1013\/revisions"}],"wp:attachment":[{"href":"https:\/\/psol50.org.br\/rest\/wp\/v2\/media?parent=1013"}],"wp:term":[{"taxonomy":"category","embeddable":true,"href":"https:\/\/psol50.org.br\/rest\/wp\/v2\/categories?post=1013"},{"taxonomy":"post_tag","embeddable":true,"href":"https:\/\/psol50.org.br\/rest\/wp\/v2\/tags?post=1013"}],"curies":[{"name":"wp","href":"https:\/\/api.w.org\/{rel}","templated":true}]}}