{"id":10186,"date":"2015-10-13T18:11:57","date_gmt":"2015-10-13T18:11:57","guid":{"rendered":"http:\/\/179.190.55.146\/~psol5185\/?p=10186"},"modified":"2015-10-13T18:11:57","modified_gmt":"2015-10-13T18:11:57","slug":"linha-de-frente-do-foracunha-psol-pede-abertura-de-investigacao-contra-presidente-da-camara","status":"publish","type":"post","link":"https:\/\/psol50.org.br\/linha-de-frente-do-foracunha-psol-pede-abertura-de-investigacao-contra-presidente-da-camara\/","title":{"rendered":"PSOL pede abertura de investiga\u00e7\u00e3o contra presidente da C\u00e2mara"},"content":{"rendered":"<div>O PSOL, juntamente com a Rede Sustentabilidade, protocolou na tarde desta ter\u00e7a-feira (13), no Conselho de \u00c9tica da C\u00e2mara uma representa\u00e7\u00e3o contra o deputado Eduardo Cunha (PMDB-RJ), presidente da Casa, por quebra de decoro parlamentar. Al\u00e9m de Chico Alencar (RJ), Ivan Valente (SP), Jean Wyllys (RJ), Edmilson Rodrigues (PA) e Glauber Braga (RJ), tamb\u00e9m apoiam o pedido 43 deputados de partidos como Rede, PT, PPS, PROS, PMDB e PSB.<\/div>\n<div><\/div>\n<div><\/div>\n<div>Para elaborar a representa\u00e7\u00e3o, que pede a abertura de investiga\u00e7\u00e3o contra o peemedebista, o PSOL tomou como base o documento enviado na semana passada pela Procuradoria Geral da Rep\u00fablica (PGR), ap\u00f3s um pedido formal do partido, confirmando que Cunha e familiares mant\u00eam contas banc\u00e1rias secretas na Su\u00ed\u00e7a. Com base nas respostas do procurador-geral, Rodrigo Janot, o partido entende que Cunha mentiu em depoimento \u00e0 CPI da Petrobras, em mar\u00e7o deste ano, quando negou ter contas no exterior.<\/div>\n<div><\/div>\n<div><\/div>\n<div>Segundo explicou o l\u00edder na C\u00e2mara, deputado Chico Alencar, \u201cficou patente, com fortes ind\u00edcios e com uma investiga\u00e7\u00e3o assumida pelo Minist\u00e9rio P\u00fablico Federal, que o deputado Eduardo Cunha afrontou a Constitui\u00e7\u00e3o e o c\u00f3digo de \u00e9tica e decoro parlamentar, no m\u00ednimo por utilizar o cargo para obter vantagens indevidas e n\u00e3o prestar as informa\u00e7\u00f5es obrigat\u00f3rias\u201d. De acordo com o l\u00edder, durante entrevista coletiva \u00e0 imprensa logo ap\u00f3s a entrega da representa\u00e7\u00e3o, o presidente da C\u00e2mara mentiu e praticou corrup\u00e7\u00e3o passiva e lavagem de dinheiro, conforme j\u00e1 apontou a Procuradoria Geral da Rep\u00fablica.<\/div>\n<div><\/div>\n<div><\/div>\n<div>\u201cOutras investiga\u00e7\u00f5es em curso falam tamb\u00e9m de evas\u00e3o de divisas e sonega\u00e7\u00e3o fiscal. Portanto, o conjunto da \u2018m\u00e1-obra\u2019 \u00e9 muito perverso e, claro, ainda mais na fun\u00e7\u00e3o que ocupa e na qual insiste em permanecer, embora v\u00e1rios partidos, inclusive pr\u00f3ximos a ele, j\u00e1 tenham pedido para dali se licenciar. Ele quer permanecer no cargo de presidente da C\u00e2mara, inclusive como meio de se proteger dessas investiga\u00e7\u00f5es\u201d, completou Alencar.<\/div>\n<div><\/div>\n<div><\/div>\n<div>No texto da representa\u00e7\u00e3o, o PSOL considera que os fatos revelados pela Opera\u00e7\u00e3o Lava-Jato s\u00e3o extremamente graves e exp\u00f5em, de forma contundente, a corrup\u00e7\u00e3o como problema estrutural do Brasil. \u201cSegundo den\u00fancia do Minist\u00e9rio P\u00fablico, um cons\u00f3rcio criminoso de empreiteiras \u2013 as maiores do pa\u00eds \u2013 era favorecido em contratos com a Petrobras por diretores corruptos da estatal. Em troca, o cons\u00f3rcio pagava propina a \u2018operadores\u2019 indicados por pol\u00edticos com o objetivo de financiar partidos e campanhas eleitorais, tamb\u00e9m possibilitando amplia\u00e7\u00e3o patrimonial individual\u201d, afirma o documento.<\/div>\n<div><\/div>\n<div><\/div>\n<div>Al\u00e9m da abertura da investiga\u00e7\u00e3o, o documento pede, ainda, que Eduardo Cunha seja notificado e que preste depoimento no Conselho de \u00c9tica, dentro do prazo previsto no Regimento Interno da Casa. Ao final, o partido \u00e9 taxativo, ao solicitar \u201ca proced\u00eancia da presente Representa\u00e7\u00e3o com a recomenda\u00e7\u00e3o ao Plen\u00e1rio da C\u00e2mara dos Deputados da cassa\u00e7\u00e3o do mandato parlamentar, uma vez que as condutas cometidas pelo Representado s\u00e3o incompat\u00edveis com o decoro parlamentar, na forma do disposto no art. 4\u00ba, incisos II e V do C\u00f3digo de \u00c9tica e Decoro Parlamentar da C\u00e2mara dos Deputados, cuja pena, inscrita no pr\u00f3prio caput do referido art. 4\u00ba, \u00e9 a perda do mandato\u201d.<\/div>\n<div><\/div>\n<div><\/div>\n<div>Confira todo o conte\u00fado da <a href=\"http:\/\/www.psol50.org.br\/inc\/uploads\/2015\/10\/Representa\u00e7\u00e3o-contra-Eduardo-Cunha-Conselho-de-\u00c9tica-13-10-15.pdf\">representa\u00e7\u00e3o<\/a>.<\/div>\n<div><\/div>\n<div><\/div>\n<div>Assista ao v\u00eddeo do momento em que o PSOL protocolou a representa\u00e7\u00e3o no Conselho de \u00c9tica.<\/div>\n<div><\/div>\n<div id=\"blocotxtPrint\">\n<object data=\"http:\/\/www.youtube.com\/v\/gVxwUCI5Hj4\" width=\"500\" height=\"400\" hspace=\"3\" vspace=\"3\"><\/object><br \/>\n&nbsp;<br \/>\nAssista \u00e0 entrevista coletiva concedida pelo l\u00edder do PSOL.<br \/>\n<object width=\"500\" height=\"400\"><embed allowfullscreen=\"allowfullscreen\" allowscriptaccess=\"always\" height=\"400\" src=\"http:\/\/www.youtube.com\/v\/45qpZmxI8SI\" type=\"application\/x-shockwave-flash\" width=\"500\" \/><\/object>\n<\/div>\n<p>&nbsp;<br \/>\n<em>Da Reda\u00e7\u00e3o do PSOL Nacional<\/em><\/p>\n","protected":false},"excerpt":{"rendered":"<p>O PSOL, juntamente com a Rede Sustentabilidade, protocolou na tarde desta ter\u00e7a-feira (13), no Conselho de \u00c9tica da C\u00e2mara uma representa\u00e7\u00e3o contra o deputado Eduardo Cunha (PMDB-RJ), presidente da Casa, por quebra de decoro parlamentar. Al\u00e9m de Chico Alencar (RJ), Ivan Valente (SP), Jean Wyllys (RJ), Edmilson Rodrigues (PA) e Glauber Braga (RJ), tamb\u00e9m apoiam [&hellip;]<\/p>\n","protected":false},"author":2,"featured_media":10187,"comment_status":"open","ping_status":"open","sticky":false,"template":"","format":"standard","meta":{"_acf_changed":false,"footnotes":""},"categories":[10,1882,6,14],"tags":[3944,2259],"class_list":{"0":"post-10186","1":"post","2":"type-post","3":"status-publish","4":"format-standard","5":"has-post-thumbnail","7":"category-acao-parlamentares","8":"category-brasil","9":"category-noticias","10":"category-partido","11":"tag-foracunha","12":"tag-crise-politica"},"acf":[],"yoast_head":"<!-- This site is optimized with the Yoast SEO plugin v26.5 - https:\/\/yoast.com\/wordpress\/plugins\/seo\/ -->\n<title>PSOL pede abertura de investiga\u00e7\u00e3o contra presidente da C\u00e2mara - PSOL 50<\/title>\n<meta name=\"robots\" content=\"index, follow, max-snippet:-1, max-image-preview:large, max-video-preview:-1\" \/>\n<link rel=\"canonical\" href=\"https:\/\/psol50.org.br\/linha-de-frente-do-foracunha-psol-pede-abertura-de-investigacao-contra-presidente-da-camara\/\" \/>\n<meta property=\"og:locale\" content=\"pt_BR\" \/>\n<meta property=\"og:type\" content=\"article\" \/>\n<meta property=\"og:title\" content=\"PSOL pede abertura de investiga\u00e7\u00e3o contra presidente da C\u00e2mara - PSOL 50\" \/>\n<meta property=\"og:description\" content=\"O PSOL, juntamente com a Rede Sustentabilidade, protocolou na tarde desta ter\u00e7a-feira (13), no Conselho de \u00c9tica da C\u00e2mara uma representa\u00e7\u00e3o contra o deputado Eduardo Cunha (PMDB-RJ), presidente da Casa, por quebra de decoro parlamentar. Al\u00e9m de Chico Alencar (RJ), Ivan Valente (SP), Jean Wyllys (RJ), Edmilson Rodrigues (PA) e Glauber Braga (RJ), tamb\u00e9m apoiam [&hellip;]\" \/>\n<meta property=\"og:url\" content=\"https:\/\/psol50.org.br\/linha-de-frente-do-foracunha-psol-pede-abertura-de-investigacao-contra-presidente-da-camara\/\" \/>\n<meta property=\"og:site_name\" content=\"PSOL 50\" \/>\n<meta property=\"article:publisher\" content=\"https:\/\/www.facebook.com\/psol50\" \/>\n<meta property=\"article:published_time\" content=\"2015-10-13T18:11:57+00:00\" \/>\n<meta property=\"og:image\" content=\"https:\/\/psol50.org.br\/inc\/uploads\/2015\/10\/Representacao_contra_Eduardo_Cunha_-_ABr.jpg\" \/>\n\t<meta property=\"og:image:width\" content=\"500\" \/>\n\t<meta property=\"og:image:height\" content=\"332\" \/>\n\t<meta property=\"og:image:type\" content=\"image\/jpeg\" \/>\n<meta name=\"author\" content=\"Comunica\u00e7\u00e3o PSOL\" \/>\n<meta name=\"twitter:card\" content=\"summary_large_image\" \/>\n<meta name=\"twitter:creator\" content=\"@psol50\" \/>\n<meta name=\"twitter:site\" content=\"@psol50\" \/>\n<meta name=\"twitter:label1\" content=\"Escrito por\" \/>\n\t<meta name=\"twitter:data1\" content=\"Comunica\u00e7\u00e3o PSOL\" \/>\n\t<meta name=\"twitter:label2\" content=\"Est. tempo de leitura\" \/>\n\t<meta name=\"twitter:data2\" content=\"3 minutos\" \/>\n<script type=\"application\/ld+json\" class=\"yoast-schema-graph\">{\"@context\":\"https:\/\/schema.org\",\"@graph\":[{\"@type\":\"Article\",\"@id\":\"https:\/\/psol50.org.br\/linha-de-frente-do-foracunha-psol-pede-abertura-de-investigacao-contra-presidente-da-camara\/#article\",\"isPartOf\":{\"@id\":\"https:\/\/psol50.org.br\/linha-de-frente-do-foracunha-psol-pede-abertura-de-investigacao-contra-presidente-da-camara\/\"},\"author\":{\"name\":\"Comunica\u00e7\u00e3o PSOL\",\"@id\":\"https:\/\/psol50.org.br\/#\/schema\/person\/475dfa57d0b815993c714c2e96491fcd\"},\"headline\":\"PSOL pede abertura de investiga\u00e7\u00e3o contra presidente da C\u00e2mara\",\"datePublished\":\"2015-10-13T18:11:57+00:00\",\"mainEntityOfPage\":{\"@id\":\"https:\/\/psol50.org.br\/linha-de-frente-do-foracunha-psol-pede-abertura-de-investigacao-contra-presidente-da-camara\/\"},\"wordCount\":611,\"commentCount\":0,\"publisher\":{\"@id\":\"https:\/\/psol50.org.br\/#organization\"},\"image\":{\"@id\":\"https:\/\/psol50.org.br\/linha-de-frente-do-foracunha-psol-pede-abertura-de-investigacao-contra-presidente-da-camara\/#primaryimage\"},\"thumbnailUrl\":\"https:\/\/psol50.org.br\/inc\/uploads\/2015\/10\/Representacao_contra_Eduardo_Cunha_-_ABr.jpg\",\"keywords\":[\"#foracunha\",\"crise pol\u00edtica\"],\"articleSection\":[\"A\u00e7\u00e3o Parlamentar\",\"Brasil\",\"Not\u00edcias\",\"Partido\"],\"inLanguage\":\"pt-BR\",\"potentialAction\":[{\"@type\":\"CommentAction\",\"name\":\"Comment\",\"target\":[\"https:\/\/psol50.org.br\/linha-de-frente-do-foracunha-psol-pede-abertura-de-investigacao-contra-presidente-da-camara\/#respond\"]}]},{\"@type\":\"WebPage\",\"@id\":\"https:\/\/psol50.org.br\/linha-de-frente-do-foracunha-psol-pede-abertura-de-investigacao-contra-presidente-da-camara\/\",\"url\":\"https:\/\/psol50.org.br\/linha-de-frente-do-foracunha-psol-pede-abertura-de-investigacao-contra-presidente-da-camara\/\",\"name\":\"PSOL pede abertura de investiga\u00e7\u00e3o contra presidente da C\u00e2mara - PSOL 50\",\"isPartOf\":{\"@id\":\"https:\/\/psol50.org.br\/#website\"},\"primaryImageOfPage\":{\"@id\":\"https:\/\/psol50.org.br\/linha-de-frente-do-foracunha-psol-pede-abertura-de-investigacao-contra-presidente-da-camara\/#primaryimage\"},\"image\":{\"@id\":\"https:\/\/psol50.org.br\/linha-de-frente-do-foracunha-psol-pede-abertura-de-investigacao-contra-presidente-da-camara\/#primaryimage\"},\"thumbnailUrl\":\"https:\/\/psol50.org.br\/inc\/uploads\/2015\/10\/Representacao_contra_Eduardo_Cunha_-_ABr.jpg\",\"datePublished\":\"2015-10-13T18:11:57+00:00\",\"breadcrumb\":{\"@id\":\"https:\/\/psol50.org.br\/linha-de-frente-do-foracunha-psol-pede-abertura-de-investigacao-contra-presidente-da-camara\/#breadcrumb\"},\"inLanguage\":\"pt-BR\",\"potentialAction\":[{\"@type\":\"ReadAction\",\"target\":[\"https:\/\/psol50.org.br\/linha-de-frente-do-foracunha-psol-pede-abertura-de-investigacao-contra-presidente-da-camara\/\"]}]},{\"@type\":\"ImageObject\",\"inLanguage\":\"pt-BR\",\"@id\":\"https:\/\/psol50.org.br\/linha-de-frente-do-foracunha-psol-pede-abertura-de-investigacao-contra-presidente-da-camara\/#primaryimage\",\"url\":\"https:\/\/psol50.org.br\/inc\/uploads\/2015\/10\/Representacao_contra_Eduardo_Cunha_-_ABr.jpg\",\"contentUrl\":\"https:\/\/psol50.org.br\/inc\/uploads\/2015\/10\/Representacao_contra_Eduardo_Cunha_-_ABr.jpg\",\"width\":500,\"height\":332},{\"@type\":\"BreadcrumbList\",\"@id\":\"https:\/\/psol50.org.br\/linha-de-frente-do-foracunha-psol-pede-abertura-de-investigacao-contra-presidente-da-camara\/#breadcrumb\",\"itemListElement\":[{\"@type\":\"ListItem\",\"position\":1,\"name\":\"In\u00edcio\",\"item\":\"https:\/\/psol50.org.br\/\"},{\"@type\":\"ListItem\",\"position\":2,\"name\":\"PSOL pede abertura de investiga\u00e7\u00e3o contra presidente da C\u00e2mara\"}]},{\"@type\":\"WebSite\",\"@id\":\"https:\/\/psol50.org.br\/#website\",\"url\":\"https:\/\/psol50.org.br\/\",\"name\":\"PSOL 50\",\"description\":\"Site oficial do Partido Socialismo e Liberdade\",\"publisher\":{\"@id\":\"https:\/\/psol50.org.br\/#organization\"},\"alternateName\":\"PSOL50\",\"potentialAction\":[{\"@type\":\"SearchAction\",\"target\":{\"@type\":\"EntryPoint\",\"urlTemplate\":\"https:\/\/psol50.org.br\/?s={search_term_string}\"},\"query-input\":{\"@type\":\"PropertyValueSpecification\",\"valueRequired\":true,\"valueName\":\"search_term_string\"}}],\"inLanguage\":\"pt-BR\"},{\"@type\":\"Organization\",\"@id\":\"https:\/\/psol50.org.br\/#organization\",\"name\":\"PSOL 50\",\"alternateName\":\"PSOL 50\",\"url\":\"https:\/\/psol50.org.br\/\",\"logo\":{\"@type\":\"ImageObject\",\"inLanguage\":\"pt-BR\",\"@id\":\"https:\/\/psol50.org.br\/#\/schema\/logo\/image\/\",\"url\":\"https:\/\/psol50.org.br\/inc\/uploads\/2018\/07\/capa.png\",\"contentUrl\":\"https:\/\/psol50.org.br\/inc\/uploads\/2018\/07\/capa.png\",\"width\":1350,\"height\":900,\"caption\":\"PSOL 50\"},\"image\":{\"@id\":\"https:\/\/psol50.org.br\/#\/schema\/logo\/image\/\"},\"sameAs\":[\"https:\/\/www.facebook.com\/psol50\",\"https:\/\/x.com\/psol50\",\"https:\/\/www.instagram.com\/psol50\/\",\"https:\/\/www.youtube.com\/channel\/UC7SnJS5o1os7a6CaiNabzcg\"]},{\"@type\":\"Person\",\"@id\":\"https:\/\/psol50.org.br\/#\/schema\/person\/475dfa57d0b815993c714c2e96491fcd\",\"name\":\"Comunica\u00e7\u00e3o PSOL\",\"image\":{\"@type\":\"ImageObject\",\"inLanguage\":\"pt-BR\",\"@id\":\"https:\/\/psol50.org.br\/#\/schema\/person\/image\/\",\"url\":\"https:\/\/secure.gravatar.com\/avatar\/b34fc4f4e468a4e51785917065a3db57b841f5c95dba6ad8c73aaf8f66f8f9bf?s=96&d=mm&r=g\",\"contentUrl\":\"https:\/\/secure.gravatar.com\/avatar\/b34fc4f4e468a4e51785917065a3db57b841f5c95dba6ad8c73aaf8f66f8f9bf?s=96&d=mm&r=g\",\"caption\":\"Comunica\u00e7\u00e3o PSOL\"}}]}<\/script>\n<!-- \/ Yoast SEO plugin. -->","yoast_head_json":{"title":"PSOL pede abertura de investiga\u00e7\u00e3o contra presidente da C\u00e2mara - PSOL 50","robots":{"index":"index","follow":"follow","max-snippet":"max-snippet:-1","max-image-preview":"max-image-preview:large","max-video-preview":"max-video-preview:-1"},"canonical":"https:\/\/psol50.org.br\/linha-de-frente-do-foracunha-psol-pede-abertura-de-investigacao-contra-presidente-da-camara\/","og_locale":"pt_BR","og_type":"article","og_title":"PSOL pede abertura de investiga\u00e7\u00e3o contra presidente da C\u00e2mara - PSOL 50","og_description":"O PSOL, juntamente com a Rede Sustentabilidade, protocolou na tarde desta ter\u00e7a-feira (13), no Conselho de \u00c9tica da C\u00e2mara uma representa\u00e7\u00e3o contra o deputado Eduardo Cunha (PMDB-RJ), presidente da Casa, por quebra de decoro parlamentar. Al\u00e9m de Chico Alencar (RJ), Ivan Valente (SP), Jean Wyllys (RJ), Edmilson Rodrigues (PA) e Glauber Braga (RJ), tamb\u00e9m apoiam [&hellip;]","og_url":"https:\/\/psol50.org.br\/linha-de-frente-do-foracunha-psol-pede-abertura-de-investigacao-contra-presidente-da-camara\/","og_site_name":"PSOL 50","article_publisher":"https:\/\/www.facebook.com\/psol50","article_published_time":"2015-10-13T18:11:57+00:00","og_image":[{"width":500,"height":332,"url":"https:\/\/psol50.org.br\/inc\/uploads\/2015\/10\/Representacao_contra_Eduardo_Cunha_-_ABr.jpg","type":"image\/jpeg"}],"author":"Comunica\u00e7\u00e3o PSOL","twitter_card":"summary_large_image","twitter_creator":"@psol50","twitter_site":"@psol50","twitter_misc":{"Escrito por":"Comunica\u00e7\u00e3o PSOL","Est. tempo de leitura":"3 minutos"},"schema":{"@context":"https:\/\/schema.org","@graph":[{"@type":"Article","@id":"https:\/\/psol50.org.br\/linha-de-frente-do-foracunha-psol-pede-abertura-de-investigacao-contra-presidente-da-camara\/#article","isPartOf":{"@id":"https:\/\/psol50.org.br\/linha-de-frente-do-foracunha-psol-pede-abertura-de-investigacao-contra-presidente-da-camara\/"},"author":{"name":"Comunica\u00e7\u00e3o PSOL","@id":"https:\/\/psol50.org.br\/#\/schema\/person\/475dfa57d0b815993c714c2e96491fcd"},"headline":"PSOL pede abertura de investiga\u00e7\u00e3o contra presidente da C\u00e2mara","datePublished":"2015-10-13T18:11:57+00:00","mainEntityOfPage":{"@id":"https:\/\/psol50.org.br\/linha-de-frente-do-foracunha-psol-pede-abertura-de-investigacao-contra-presidente-da-camara\/"},"wordCount":611,"commentCount":0,"publisher":{"@id":"https:\/\/psol50.org.br\/#organization"},"image":{"@id":"https:\/\/psol50.org.br\/linha-de-frente-do-foracunha-psol-pede-abertura-de-investigacao-contra-presidente-da-camara\/#primaryimage"},"thumbnailUrl":"https:\/\/psol50.org.br\/inc\/uploads\/2015\/10\/Representacao_contra_Eduardo_Cunha_-_ABr.jpg","keywords":["#foracunha","crise pol\u00edtica"],"articleSection":["A\u00e7\u00e3o Parlamentar","Brasil","Not\u00edcias","Partido"],"inLanguage":"pt-BR","potentialAction":[{"@type":"CommentAction","name":"Comment","target":["https:\/\/psol50.org.br\/linha-de-frente-do-foracunha-psol-pede-abertura-de-investigacao-contra-presidente-da-camara\/#respond"]}]},{"@type":"WebPage","@id":"https:\/\/psol50.org.br\/linha-de-frente-do-foracunha-psol-pede-abertura-de-investigacao-contra-presidente-da-camara\/","url":"https:\/\/psol50.org.br\/linha-de-frente-do-foracunha-psol-pede-abertura-de-investigacao-contra-presidente-da-camara\/","name":"PSOL pede abertura de investiga\u00e7\u00e3o contra presidente da C\u00e2mara - PSOL 50","isPartOf":{"@id":"https:\/\/psol50.org.br\/#website"},"primaryImageOfPage":{"@id":"https:\/\/psol50.org.br\/linha-de-frente-do-foracunha-psol-pede-abertura-de-investigacao-contra-presidente-da-camara\/#primaryimage"},"image":{"@id":"https:\/\/psol50.org.br\/linha-de-frente-do-foracunha-psol-pede-abertura-de-investigacao-contra-presidente-da-camara\/#primaryimage"},"thumbnailUrl":"https:\/\/psol50.org.br\/inc\/uploads\/2015\/10\/Representacao_contra_Eduardo_Cunha_-_ABr.jpg","datePublished":"2015-10-13T18:11:57+00:00","breadcrumb":{"@id":"https:\/\/psol50.org.br\/linha-de-frente-do-foracunha-psol-pede-abertura-de-investigacao-contra-presidente-da-camara\/#breadcrumb"},"inLanguage":"pt-BR","potentialAction":[{"@type":"ReadAction","target":["https:\/\/psol50.org.br\/linha-de-frente-do-foracunha-psol-pede-abertura-de-investigacao-contra-presidente-da-camara\/"]}]},{"@type":"ImageObject","inLanguage":"pt-BR","@id":"https:\/\/psol50.org.br\/linha-de-frente-do-foracunha-psol-pede-abertura-de-investigacao-contra-presidente-da-camara\/#primaryimage","url":"https:\/\/psol50.org.br\/inc\/uploads\/2015\/10\/Representacao_contra_Eduardo_Cunha_-_ABr.jpg","contentUrl":"https:\/\/psol50.org.br\/inc\/uploads\/2015\/10\/Representacao_contra_Eduardo_Cunha_-_ABr.jpg","width":500,"height":332},{"@type":"BreadcrumbList","@id":"https:\/\/psol50.org.br\/linha-de-frente-do-foracunha-psol-pede-abertura-de-investigacao-contra-presidente-da-camara\/#breadcrumb","itemListElement":[{"@type":"ListItem","position":1,"name":"In\u00edcio","item":"https:\/\/psol50.org.br\/"},{"@type":"ListItem","position":2,"name":"PSOL pede abertura de investiga\u00e7\u00e3o contra presidente da C\u00e2mara"}]},{"@type":"WebSite","@id":"https:\/\/psol50.org.br\/#website","url":"https:\/\/psol50.org.br\/","name":"PSOL 50","description":"Site oficial do Partido Socialismo e Liberdade","publisher":{"@id":"https:\/\/psol50.org.br\/#organization"},"alternateName":"PSOL50","potentialAction":[{"@type":"SearchAction","target":{"@type":"EntryPoint","urlTemplate":"https:\/\/psol50.org.br\/?s={search_term_string}"},"query-input":{"@type":"PropertyValueSpecification","valueRequired":true,"valueName":"search_term_string"}}],"inLanguage":"pt-BR"},{"@type":"Organization","@id":"https:\/\/psol50.org.br\/#organization","name":"PSOL 50","alternateName":"PSOL 50","url":"https:\/\/psol50.org.br\/","logo":{"@type":"ImageObject","inLanguage":"pt-BR","@id":"https:\/\/psol50.org.br\/#\/schema\/logo\/image\/","url":"https:\/\/psol50.org.br\/inc\/uploads\/2018\/07\/capa.png","contentUrl":"https:\/\/psol50.org.br\/inc\/uploads\/2018\/07\/capa.png","width":1350,"height":900,"caption":"PSOL 50"},"image":{"@id":"https:\/\/psol50.org.br\/#\/schema\/logo\/image\/"},"sameAs":["https:\/\/www.facebook.com\/psol50","https:\/\/x.com\/psol50","https:\/\/www.instagram.com\/psol50\/","https:\/\/www.youtube.com\/channel\/UC7SnJS5o1os7a6CaiNabzcg"]},{"@type":"Person","@id":"https:\/\/psol50.org.br\/#\/schema\/person\/475dfa57d0b815993c714c2e96491fcd","name":"Comunica\u00e7\u00e3o PSOL","image":{"@type":"ImageObject","inLanguage":"pt-BR","@id":"https:\/\/psol50.org.br\/#\/schema\/person\/image\/","url":"https:\/\/secure.gravatar.com\/avatar\/b34fc4f4e468a4e51785917065a3db57b841f5c95dba6ad8c73aaf8f66f8f9bf?s=96&d=mm&r=g","contentUrl":"https:\/\/secure.gravatar.com\/avatar\/b34fc4f4e468a4e51785917065a3db57b841f5c95dba6ad8c73aaf8f66f8f9bf?s=96&d=mm&r=g","caption":"Comunica\u00e7\u00e3o PSOL"}}]}},"_links":{"self":[{"href":"https:\/\/psol50.org.br\/rest\/wp\/v2\/posts\/10186","targetHints":{"allow":["GET"]}}],"collection":[{"href":"https:\/\/psol50.org.br\/rest\/wp\/v2\/posts"}],"about":[{"href":"https:\/\/psol50.org.br\/rest\/wp\/v2\/types\/post"}],"author":[{"embeddable":true,"href":"https:\/\/psol50.org.br\/rest\/wp\/v2\/users\/2"}],"replies":[{"embeddable":true,"href":"https:\/\/psol50.org.br\/rest\/wp\/v2\/comments?post=10186"}],"version-history":[{"count":0,"href":"https:\/\/psol50.org.br\/rest\/wp\/v2\/posts\/10186\/revisions"}],"wp:featuredmedia":[{"embeddable":true,"href":"https:\/\/psol50.org.br\/rest\/wp\/v2\/media\/10187"}],"wp:attachment":[{"href":"https:\/\/psol50.org.br\/rest\/wp\/v2\/media?parent=10186"}],"wp:term":[{"taxonomy":"category","embeddable":true,"href":"https:\/\/psol50.org.br\/rest\/wp\/v2\/categories?post=10186"},{"taxonomy":"post_tag","embeddable":true,"href":"https:\/\/psol50.org.br\/rest\/wp\/v2\/tags?post=10186"}],"curies":[{"name":"wp","href":"https:\/\/api.w.org\/{rel}","templated":true}]}}