{"id":1019,"date":"2012-03-05T00:00:00","date_gmt":"2012-03-05T00:00:00","guid":{"rendered":"http:\/\/psol50.org.br\/arquivo\/2012\/03\/05\/rs-trabalhadores-em-educacao-rejeitam-proposta-governamental-e-apostam-na-mobilizacao\/"},"modified":"2012-03-05T00:00:00","modified_gmt":"2012-03-05T00:00:00","slug":"rs-trabalhadores-em-educacao-rejeitam-proposta-governamental-e-apostam-na-mobilizacao","status":"publish","type":"post","link":"https:\/\/psol50.org.br\/rs-trabalhadores-em-educacao-rejeitam-proposta-governamental-e-apostam-na-mobilizacao\/","title":{"rendered":"RS: Trabalhadores em Educa\u00e7\u00e3o rejeitam proposta governamental e apostam na mobiliza\u00e7\u00e3o"},"content":{"rendered":"<p style=\"text-align: justify\"><a href=\"http:\/\/psol50.org.br\/blog\/2012\/03\/05\/rs-trabalhadores-em-educacao-rejeitam-proposta-governamental\/cpers_sindicato\/\" rel=\"attachment wp-att-14056\"><img loading=\"lazy\" decoding=\"async\" class=\"alignleft size-medium wp-image-14056\" src=\"http:\/\/psol50.org.br\/files\/2012\/03\/CPERS_Sindicato-300x199.jpg\" alt=\"\" width=\"300\" height=\"199\" \/><\/a>Os trabalhadores estaduais da educa\u00e7\u00e3o rejeitaram, em assembleia geral realizada na sexta-feira (02), em frente ao Pal\u00e1cio Piratini, em Porto Alegre, a proposta de reajuste apresentada pelo governo do estado. A categoria aprovou uma contraproposta elaborada pelo sindicato, que garante, ainda este ano, a integraliza\u00e7\u00e3o do valor do piso salarial.<\/p>\n<p style=\"text-align: justify\">A proposta aprovada pela categoria consiste no pagamento de um reajuste, em tr\u00eas parcelas, todas de 22,41%, nos meses de maio, agosto e novembro, integralizando o valor do piso salarial, que \u00e9 de R$ 1.451,00.<\/p>\n<p style=\"text-align: justify\">A proposta do governo n\u00e3o garante o cumprimento da lei do piso. Ao final de 2014, o estado estaria pagando aos professores R$ 1.259,11 por uma jornada semanal de 40 horas, aqu\u00e9m do valor definido para 2012.<\/p>\n<p style=\"text-align: justify\">Para os funcion\u00e1rios de escola, a proposta do governo \u00e9 ainda mais rebaixada. At\u00e9 o final do mandato, aplicaria somente o \u00edndice de 23,5%, integralizado at\u00e9 fevereiro de 2013.<\/p>\n<p style=\"text-align: justify\">A contraproposta aprovada pela categoria garante aos funcion\u00e1rios os mesmos \u00edndices concedidos aos professores.<\/p>\n<p style=\"text-align: justify\"><strong>Estado de greve<\/strong><\/p>\n<p style=\"text-align: justify\">A categoria tamb\u00e9m aprovou o estado de greve, a retirada da Assembleia Legislativa dos projetos que tratam do reajuste salarial e um calend\u00e1rio de mobiliza\u00e7\u00e3o para pressionar o governo a cumprir a lei do piso.<\/p>\n<p style=\"text-align: justify\">A mobiliza\u00e7\u00e3o consiste na realiza\u00e7\u00e3o de atividades espec\u00edficas com os funcion\u00e1rios de escola, panela\u00e7os, plen\u00e1rias, semin\u00e1rios, varal de contracheques, visitas \u00e0s fam\u00edlias dos alunos, vig\u00edlias, campanha de outdoors, exposi\u00e7\u00e3o de faixas em frente aos partidos do governador e dos seus aliados, ped\u00e1gios explicativos, faixas em frente \u00e0s escolas e campanha de e-mails.<\/p>\n<p style=\"text-align: justify\">Como forma de press\u00e3o pelo cumprimento da lei do piso, a categoria tamb\u00e9m vai cobrar o posicionamento dos senadores da bancada ga\u00facha, buscar audi\u00eancia com a presidente da Rep\u00fablica, ocupar espa\u00e7os nas c\u00e2maras de vereadores e realizar audi\u00eancias p\u00fablicas nas promotorias de cada munic\u00edpio.<\/p>\n<p style=\"text-align: justify\">A luta pela implementa\u00e7\u00e3o do piso tamb\u00e9m ter\u00e1 press\u00e3o aos deputados estaduais para que n\u00e3o votem os projetos de reajuste que est\u00e3o no Legislativo, aos vereadores, candidatos \u00e0s elei\u00e7\u00f5es municipais, l\u00edderes de bancadas e presidentes de partidos. A categoria tamb\u00e9m vai pressionar os deputados para que votem o projeto de abono das faltas da greve passada.<\/p>\n<p style=\"text-align: justify\"><strong>Paralisa\u00e7\u00e3o nacional<\/strong><\/p>\n<p style=\"text-align: justify\">O calend\u00e1rio de mobiliza\u00e7\u00e3o tem previsto para os dias 14, 15 e 16 de mar\u00e7o a participa\u00e7\u00e3o da categoria na paralisa\u00e7\u00e3o nacional pelo cumprimento da lei do piso, dos 10% do PIB para a educa\u00e7\u00e3o e contra o projeto que altera o indexador de corre\u00e7\u00e3o do piso. O CPERS participar\u00e1, junto com outras categorias, de um ato p\u00fablico estadual no dia 16 de mar\u00e7o.<\/p>\n<p style=\"text-align: justify\">Os educadores tamb\u00e9m fortalecer\u00e3o o boicote \u00e0 reforma do ensino m\u00e9dio, continuando o debate com a comunidade escolar para que as escolas construam a suas pr\u00f3prias propostas pedag\u00f3gicas. A categoria tamb\u00e9m vai exigir o cumprimento de um ter\u00e7o de horas-atividade, se recusando a cumprir mais per\u00edodos e denunciando as coordenadorias de educa\u00e7\u00e3o que est\u00e3o utilizando esta pr\u00e1tica.<\/p>\n<p style=\"text-align: justify\">No dia 8 de mar\u00e7o \u2013 Dia Internacional da Mulher \u2013 ser\u00e3o realizadas panfletagens em locais p\u00fablicos e participa\u00e7\u00e3o em atividades unificadas com outras organiza\u00e7\u00f5es.<\/p>\n<p style=\"text-align: justify\"><a href=\"http:\/\/www.intersindical.inf.br\/noticias_det.php?id=587\"><strong>*Fonte: Intersindical<\/strong><\/a><\/p>\n","protected":false},"excerpt":{"rendered":"<p>Os trabalhadores estaduais da educa\u00e7\u00e3o rejeitaram, em assembleia geral realizada na sexta-feira (02), em frente ao Pal\u00e1cio Piratini, em Porto Alegre, a proposta de reajuste apresentada pelo governo do estado. A categoria aprovou uma contraproposta elaborada pelo sindicato, que garante, ainda este ano, a integraliza\u00e7\u00e3o do valor do piso salarial. A proposta aprovada pela categoria [&hellip;]<\/p>\n","protected":false},"author":2,"featured_media":0,"comment_status":"open","ping_status":"open","sticky":false,"template":"","format":"standard","meta":{"_acf_changed":false,"footnotes":""},"categories":[4766,1104],"tags":[],"class_list":{"0":"post-1019","1":"post","2":"type-post","3":"status-publish","4":"format-standard","6":"category-arquivo","7":"category-movimento"},"acf":[],"yoast_head":"<!-- This site is optimized with the Yoast SEO plugin v26.5 - https:\/\/yoast.com\/wordpress\/plugins\/seo\/ -->\n<title>RS: Trabalhadores em Educa\u00e7\u00e3o rejeitam proposta governamental e apostam na mobiliza\u00e7\u00e3o - PSOL 50<\/title>\n<meta name=\"robots\" content=\"index, follow, max-snippet:-1, max-image-preview:large, max-video-preview:-1\" \/>\n<link rel=\"canonical\" href=\"https:\/\/psol50.org.br\/rs-trabalhadores-em-educacao-rejeitam-proposta-governamental-e-apostam-na-mobilizacao\/\" \/>\n<meta property=\"og:locale\" content=\"pt_BR\" \/>\n<meta property=\"og:type\" content=\"article\" \/>\n<meta property=\"og:title\" content=\"RS: Trabalhadores em Educa\u00e7\u00e3o rejeitam proposta governamental e apostam na mobiliza\u00e7\u00e3o - PSOL 50\" \/>\n<meta property=\"og:description\" content=\"Os trabalhadores estaduais da educa\u00e7\u00e3o rejeitaram, em assembleia geral realizada na sexta-feira (02), em frente ao Pal\u00e1cio Piratini, em Porto Alegre, a proposta de reajuste apresentada pelo governo do estado. A categoria aprovou uma contraproposta elaborada pelo sindicato, que garante, ainda este ano, a integraliza\u00e7\u00e3o do valor do piso salarial. A proposta aprovada pela categoria [&hellip;]\" \/>\n<meta property=\"og:url\" content=\"https:\/\/psol50.org.br\/rs-trabalhadores-em-educacao-rejeitam-proposta-governamental-e-apostam-na-mobilizacao\/\" \/>\n<meta property=\"og:site_name\" content=\"PSOL 50\" \/>\n<meta property=\"article:publisher\" content=\"https:\/\/www.facebook.com\/psol50\" \/>\n<meta property=\"article:published_time\" content=\"2012-03-05T00:00:00+00:00\" \/>\n<meta property=\"og:image\" content=\"http:\/\/psol50.org.br\/files\/2012\/03\/CPERS_Sindicato-300x199.jpg\" \/>\n<meta name=\"author\" content=\"Comunica\u00e7\u00e3o PSOL\" \/>\n<meta name=\"twitter:card\" content=\"summary_large_image\" \/>\n<meta name=\"twitter:creator\" content=\"@psol50\" \/>\n<meta name=\"twitter:site\" content=\"@psol50\" \/>\n<meta name=\"twitter:label1\" content=\"Escrito por\" \/>\n\t<meta name=\"twitter:data1\" content=\"Comunica\u00e7\u00e3o PSOL\" \/>\n\t<meta name=\"twitter:label2\" content=\"Est. tempo de leitura\" \/>\n\t<meta name=\"twitter:data2\" content=\"3 minutos\" \/>\n<script type=\"application\/ld+json\" class=\"yoast-schema-graph\">{\"@context\":\"https:\/\/schema.org\",\"@graph\":[{\"@type\":\"Article\",\"@id\":\"https:\/\/psol50.org.br\/rs-trabalhadores-em-educacao-rejeitam-proposta-governamental-e-apostam-na-mobilizacao\/#article\",\"isPartOf\":{\"@id\":\"https:\/\/psol50.org.br\/rs-trabalhadores-em-educacao-rejeitam-proposta-governamental-e-apostam-na-mobilizacao\/\"},\"author\":{\"name\":\"Comunica\u00e7\u00e3o PSOL\",\"@id\":\"https:\/\/psol50.org.br\/#\/schema\/person\/475dfa57d0b815993c714c2e96491fcd\"},\"headline\":\"RS: Trabalhadores em Educa\u00e7\u00e3o rejeitam proposta governamental e apostam na mobiliza\u00e7\u00e3o\",\"datePublished\":\"2012-03-05T00:00:00+00:00\",\"mainEntityOfPage\":{\"@id\":\"https:\/\/psol50.org.br\/rs-trabalhadores-em-educacao-rejeitam-proposta-governamental-e-apostam-na-mobilizacao\/\"},\"wordCount\":564,\"commentCount\":0,\"publisher\":{\"@id\":\"https:\/\/psol50.org.br\/#organization\"},\"image\":{\"@id\":\"https:\/\/psol50.org.br\/rs-trabalhadores-em-educacao-rejeitam-proposta-governamental-e-apostam-na-mobilizacao\/#primaryimage\"},\"thumbnailUrl\":\"http:\/\/psol50.org.br\/files\/2012\/03\/CPERS_Sindicato-300x199.jpg\",\"articleSection\":[\"Arquivo\",\"Movimento\"],\"inLanguage\":\"pt-BR\",\"potentialAction\":[{\"@type\":\"CommentAction\",\"name\":\"Comment\",\"target\":[\"https:\/\/psol50.org.br\/rs-trabalhadores-em-educacao-rejeitam-proposta-governamental-e-apostam-na-mobilizacao\/#respond\"]}]},{\"@type\":\"WebPage\",\"@id\":\"https:\/\/psol50.org.br\/rs-trabalhadores-em-educacao-rejeitam-proposta-governamental-e-apostam-na-mobilizacao\/\",\"url\":\"https:\/\/psol50.org.br\/rs-trabalhadores-em-educacao-rejeitam-proposta-governamental-e-apostam-na-mobilizacao\/\",\"name\":\"RS: Trabalhadores em Educa\u00e7\u00e3o rejeitam proposta governamental e apostam na mobiliza\u00e7\u00e3o - PSOL 50\",\"isPartOf\":{\"@id\":\"https:\/\/psol50.org.br\/#website\"},\"primaryImageOfPage\":{\"@id\":\"https:\/\/psol50.org.br\/rs-trabalhadores-em-educacao-rejeitam-proposta-governamental-e-apostam-na-mobilizacao\/#primaryimage\"},\"image\":{\"@id\":\"https:\/\/psol50.org.br\/rs-trabalhadores-em-educacao-rejeitam-proposta-governamental-e-apostam-na-mobilizacao\/#primaryimage\"},\"thumbnailUrl\":\"http:\/\/psol50.org.br\/files\/2012\/03\/CPERS_Sindicato-300x199.jpg\",\"datePublished\":\"2012-03-05T00:00:00+00:00\",\"breadcrumb\":{\"@id\":\"https:\/\/psol50.org.br\/rs-trabalhadores-em-educacao-rejeitam-proposta-governamental-e-apostam-na-mobilizacao\/#breadcrumb\"},\"inLanguage\":\"pt-BR\",\"potentialAction\":[{\"@type\":\"ReadAction\",\"target\":[\"https:\/\/psol50.org.br\/rs-trabalhadores-em-educacao-rejeitam-proposta-governamental-e-apostam-na-mobilizacao\/\"]}]},{\"@type\":\"ImageObject\",\"inLanguage\":\"pt-BR\",\"@id\":\"https:\/\/psol50.org.br\/rs-trabalhadores-em-educacao-rejeitam-proposta-governamental-e-apostam-na-mobilizacao\/#primaryimage\",\"url\":\"http:\/\/psol50.org.br\/files\/2012\/03\/CPERS_Sindicato-300x199.jpg\",\"contentUrl\":\"http:\/\/psol50.org.br\/files\/2012\/03\/CPERS_Sindicato-300x199.jpg\"},{\"@type\":\"BreadcrumbList\",\"@id\":\"https:\/\/psol50.org.br\/rs-trabalhadores-em-educacao-rejeitam-proposta-governamental-e-apostam-na-mobilizacao\/#breadcrumb\",\"itemListElement\":[{\"@type\":\"ListItem\",\"position\":1,\"name\":\"In\u00edcio\",\"item\":\"https:\/\/psol50.org.br\/\"},{\"@type\":\"ListItem\",\"position\":2,\"name\":\"RS: Trabalhadores em Educa\u00e7\u00e3o rejeitam proposta governamental e apostam na mobiliza\u00e7\u00e3o\"}]},{\"@type\":\"WebSite\",\"@id\":\"https:\/\/psol50.org.br\/#website\",\"url\":\"https:\/\/psol50.org.br\/\",\"name\":\"PSOL 50\",\"description\":\"Site oficial do Partido Socialismo e Liberdade\",\"publisher\":{\"@id\":\"https:\/\/psol50.org.br\/#organization\"},\"alternateName\":\"PSOL50\",\"potentialAction\":[{\"@type\":\"SearchAction\",\"target\":{\"@type\":\"EntryPoint\",\"urlTemplate\":\"https:\/\/psol50.org.br\/?s={search_term_string}\"},\"query-input\":{\"@type\":\"PropertyValueSpecification\",\"valueRequired\":true,\"valueName\":\"search_term_string\"}}],\"inLanguage\":\"pt-BR\"},{\"@type\":\"Organization\",\"@id\":\"https:\/\/psol50.org.br\/#organization\",\"name\":\"PSOL 50\",\"alternateName\":\"PSOL 50\",\"url\":\"https:\/\/psol50.org.br\/\",\"logo\":{\"@type\":\"ImageObject\",\"inLanguage\":\"pt-BR\",\"@id\":\"https:\/\/psol50.org.br\/#\/schema\/logo\/image\/\",\"url\":\"https:\/\/psol50.org.br\/inc\/uploads\/2018\/07\/capa.png\",\"contentUrl\":\"https:\/\/psol50.org.br\/inc\/uploads\/2018\/07\/capa.png\",\"width\":1350,\"height\":900,\"caption\":\"PSOL 50\"},\"image\":{\"@id\":\"https:\/\/psol50.org.br\/#\/schema\/logo\/image\/\"},\"sameAs\":[\"https:\/\/www.facebook.com\/psol50\",\"https:\/\/x.com\/psol50\",\"https:\/\/www.instagram.com\/psol50\/\",\"https:\/\/www.youtube.com\/channel\/UC7SnJS5o1os7a6CaiNabzcg\"]},{\"@type\":\"Person\",\"@id\":\"https:\/\/psol50.org.br\/#\/schema\/person\/475dfa57d0b815993c714c2e96491fcd\",\"name\":\"Comunica\u00e7\u00e3o PSOL\",\"image\":{\"@type\":\"ImageObject\",\"inLanguage\":\"pt-BR\",\"@id\":\"https:\/\/psol50.org.br\/#\/schema\/person\/image\/\",\"url\":\"https:\/\/secure.gravatar.com\/avatar\/b34fc4f4e468a4e51785917065a3db57b841f5c95dba6ad8c73aaf8f66f8f9bf?s=96&d=mm&r=g\",\"contentUrl\":\"https:\/\/secure.gravatar.com\/avatar\/b34fc4f4e468a4e51785917065a3db57b841f5c95dba6ad8c73aaf8f66f8f9bf?s=96&d=mm&r=g\",\"caption\":\"Comunica\u00e7\u00e3o PSOL\"}}]}<\/script>\n<!-- \/ Yoast SEO plugin. -->","yoast_head_json":{"title":"RS: Trabalhadores em Educa\u00e7\u00e3o rejeitam proposta governamental e apostam na mobiliza\u00e7\u00e3o - PSOL 50","robots":{"index":"index","follow":"follow","max-snippet":"max-snippet:-1","max-image-preview":"max-image-preview:large","max-video-preview":"max-video-preview:-1"},"canonical":"https:\/\/psol50.org.br\/rs-trabalhadores-em-educacao-rejeitam-proposta-governamental-e-apostam-na-mobilizacao\/","og_locale":"pt_BR","og_type":"article","og_title":"RS: Trabalhadores em Educa\u00e7\u00e3o rejeitam proposta governamental e apostam na mobiliza\u00e7\u00e3o - PSOL 50","og_description":"Os trabalhadores estaduais da educa\u00e7\u00e3o rejeitaram, em assembleia geral realizada na sexta-feira (02), em frente ao Pal\u00e1cio Piratini, em Porto Alegre, a proposta de reajuste apresentada pelo governo do estado. A categoria aprovou uma contraproposta elaborada pelo sindicato, que garante, ainda este ano, a integraliza\u00e7\u00e3o do valor do piso salarial. A proposta aprovada pela categoria [&hellip;]","og_url":"https:\/\/psol50.org.br\/rs-trabalhadores-em-educacao-rejeitam-proposta-governamental-e-apostam-na-mobilizacao\/","og_site_name":"PSOL 50","article_publisher":"https:\/\/www.facebook.com\/psol50","article_published_time":"2012-03-05T00:00:00+00:00","og_image":[{"url":"http:\/\/psol50.org.br\/files\/2012\/03\/CPERS_Sindicato-300x199.jpg","type":"","width":"","height":""}],"author":"Comunica\u00e7\u00e3o PSOL","twitter_card":"summary_large_image","twitter_creator":"@psol50","twitter_site":"@psol50","twitter_misc":{"Escrito por":"Comunica\u00e7\u00e3o PSOL","Est. tempo de leitura":"3 minutos"},"schema":{"@context":"https:\/\/schema.org","@graph":[{"@type":"Article","@id":"https:\/\/psol50.org.br\/rs-trabalhadores-em-educacao-rejeitam-proposta-governamental-e-apostam-na-mobilizacao\/#article","isPartOf":{"@id":"https:\/\/psol50.org.br\/rs-trabalhadores-em-educacao-rejeitam-proposta-governamental-e-apostam-na-mobilizacao\/"},"author":{"name":"Comunica\u00e7\u00e3o PSOL","@id":"https:\/\/psol50.org.br\/#\/schema\/person\/475dfa57d0b815993c714c2e96491fcd"},"headline":"RS: Trabalhadores em Educa\u00e7\u00e3o rejeitam proposta governamental e apostam na mobiliza\u00e7\u00e3o","datePublished":"2012-03-05T00:00:00+00:00","mainEntityOfPage":{"@id":"https:\/\/psol50.org.br\/rs-trabalhadores-em-educacao-rejeitam-proposta-governamental-e-apostam-na-mobilizacao\/"},"wordCount":564,"commentCount":0,"publisher":{"@id":"https:\/\/psol50.org.br\/#organization"},"image":{"@id":"https:\/\/psol50.org.br\/rs-trabalhadores-em-educacao-rejeitam-proposta-governamental-e-apostam-na-mobilizacao\/#primaryimage"},"thumbnailUrl":"http:\/\/psol50.org.br\/files\/2012\/03\/CPERS_Sindicato-300x199.jpg","articleSection":["Arquivo","Movimento"],"inLanguage":"pt-BR","potentialAction":[{"@type":"CommentAction","name":"Comment","target":["https:\/\/psol50.org.br\/rs-trabalhadores-em-educacao-rejeitam-proposta-governamental-e-apostam-na-mobilizacao\/#respond"]}]},{"@type":"WebPage","@id":"https:\/\/psol50.org.br\/rs-trabalhadores-em-educacao-rejeitam-proposta-governamental-e-apostam-na-mobilizacao\/","url":"https:\/\/psol50.org.br\/rs-trabalhadores-em-educacao-rejeitam-proposta-governamental-e-apostam-na-mobilizacao\/","name":"RS: Trabalhadores em Educa\u00e7\u00e3o rejeitam proposta governamental e apostam na mobiliza\u00e7\u00e3o - PSOL 50","isPartOf":{"@id":"https:\/\/psol50.org.br\/#website"},"primaryImageOfPage":{"@id":"https:\/\/psol50.org.br\/rs-trabalhadores-em-educacao-rejeitam-proposta-governamental-e-apostam-na-mobilizacao\/#primaryimage"},"image":{"@id":"https:\/\/psol50.org.br\/rs-trabalhadores-em-educacao-rejeitam-proposta-governamental-e-apostam-na-mobilizacao\/#primaryimage"},"thumbnailUrl":"http:\/\/psol50.org.br\/files\/2012\/03\/CPERS_Sindicato-300x199.jpg","datePublished":"2012-03-05T00:00:00+00:00","breadcrumb":{"@id":"https:\/\/psol50.org.br\/rs-trabalhadores-em-educacao-rejeitam-proposta-governamental-e-apostam-na-mobilizacao\/#breadcrumb"},"inLanguage":"pt-BR","potentialAction":[{"@type":"ReadAction","target":["https:\/\/psol50.org.br\/rs-trabalhadores-em-educacao-rejeitam-proposta-governamental-e-apostam-na-mobilizacao\/"]}]},{"@type":"ImageObject","inLanguage":"pt-BR","@id":"https:\/\/psol50.org.br\/rs-trabalhadores-em-educacao-rejeitam-proposta-governamental-e-apostam-na-mobilizacao\/#primaryimage","url":"http:\/\/psol50.org.br\/files\/2012\/03\/CPERS_Sindicato-300x199.jpg","contentUrl":"http:\/\/psol50.org.br\/files\/2012\/03\/CPERS_Sindicato-300x199.jpg"},{"@type":"BreadcrumbList","@id":"https:\/\/psol50.org.br\/rs-trabalhadores-em-educacao-rejeitam-proposta-governamental-e-apostam-na-mobilizacao\/#breadcrumb","itemListElement":[{"@type":"ListItem","position":1,"name":"In\u00edcio","item":"https:\/\/psol50.org.br\/"},{"@type":"ListItem","position":2,"name":"RS: Trabalhadores em Educa\u00e7\u00e3o rejeitam proposta governamental e apostam na mobiliza\u00e7\u00e3o"}]},{"@type":"WebSite","@id":"https:\/\/psol50.org.br\/#website","url":"https:\/\/psol50.org.br\/","name":"PSOL 50","description":"Site oficial do Partido Socialismo e Liberdade","publisher":{"@id":"https:\/\/psol50.org.br\/#organization"},"alternateName":"PSOL50","potentialAction":[{"@type":"SearchAction","target":{"@type":"EntryPoint","urlTemplate":"https:\/\/psol50.org.br\/?s={search_term_string}"},"query-input":{"@type":"PropertyValueSpecification","valueRequired":true,"valueName":"search_term_string"}}],"inLanguage":"pt-BR"},{"@type":"Organization","@id":"https:\/\/psol50.org.br\/#organization","name":"PSOL 50","alternateName":"PSOL 50","url":"https:\/\/psol50.org.br\/","logo":{"@type":"ImageObject","inLanguage":"pt-BR","@id":"https:\/\/psol50.org.br\/#\/schema\/logo\/image\/","url":"https:\/\/psol50.org.br\/inc\/uploads\/2018\/07\/capa.png","contentUrl":"https:\/\/psol50.org.br\/inc\/uploads\/2018\/07\/capa.png","width":1350,"height":900,"caption":"PSOL 50"},"image":{"@id":"https:\/\/psol50.org.br\/#\/schema\/logo\/image\/"},"sameAs":["https:\/\/www.facebook.com\/psol50","https:\/\/x.com\/psol50","https:\/\/www.instagram.com\/psol50\/","https:\/\/www.youtube.com\/channel\/UC7SnJS5o1os7a6CaiNabzcg"]},{"@type":"Person","@id":"https:\/\/psol50.org.br\/#\/schema\/person\/475dfa57d0b815993c714c2e96491fcd","name":"Comunica\u00e7\u00e3o PSOL","image":{"@type":"ImageObject","inLanguage":"pt-BR","@id":"https:\/\/psol50.org.br\/#\/schema\/person\/image\/","url":"https:\/\/secure.gravatar.com\/avatar\/b34fc4f4e468a4e51785917065a3db57b841f5c95dba6ad8c73aaf8f66f8f9bf?s=96&d=mm&r=g","contentUrl":"https:\/\/secure.gravatar.com\/avatar\/b34fc4f4e468a4e51785917065a3db57b841f5c95dba6ad8c73aaf8f66f8f9bf?s=96&d=mm&r=g","caption":"Comunica\u00e7\u00e3o PSOL"}}]}},"_links":{"self":[{"href":"https:\/\/psol50.org.br\/rest\/wp\/v2\/posts\/1019","targetHints":{"allow":["GET"]}}],"collection":[{"href":"https:\/\/psol50.org.br\/rest\/wp\/v2\/posts"}],"about":[{"href":"https:\/\/psol50.org.br\/rest\/wp\/v2\/types\/post"}],"author":[{"embeddable":true,"href":"https:\/\/psol50.org.br\/rest\/wp\/v2\/users\/2"}],"replies":[{"embeddable":true,"href":"https:\/\/psol50.org.br\/rest\/wp\/v2\/comments?post=1019"}],"version-history":[{"count":0,"href":"https:\/\/psol50.org.br\/rest\/wp\/v2\/posts\/1019\/revisions"}],"wp:attachment":[{"href":"https:\/\/psol50.org.br\/rest\/wp\/v2\/media?parent=1019"}],"wp:term":[{"taxonomy":"category","embeddable":true,"href":"https:\/\/psol50.org.br\/rest\/wp\/v2\/categories?post=1019"},{"taxonomy":"post_tag","embeddable":true,"href":"https:\/\/psol50.org.br\/rest\/wp\/v2\/tags?post=1019"}],"curies":[{"name":"wp","href":"https:\/\/api.w.org\/{rel}","templated":true}]}}