{"id":10208,"date":"2015-10-15T12:14:48","date_gmt":"2015-10-15T12:14:48","guid":{"rendered":"http:\/\/179.190.55.146\/~psol5185\/?p=10208"},"modified":"2015-10-15T12:14:48","modified_gmt":"2015-10-15T12:14:48","slug":"psol-repudia-acordao-para-salvar-cunha","status":"publish","type":"post","link":"https:\/\/psol50.org.br\/psol-repudia-acordao-para-salvar-cunha\/","title":{"rendered":"PSOL repudia acord\u00e3o para salvar Cunha"},"content":{"rendered":"<p><em><strong>Partido inicia campanha para incentivar a popula\u00e7\u00e3o a pressionar Conselho de \u00c9tica a dar celeridade ao processo de cassa\u00e7\u00e3o<\/strong><\/em><br \/>\n<span id=\"Texto\">A bancada do PSOL declarou rep\u00fadio a qualquer tipo de acord\u00e3o para salvar o deputado Eduardo Cunha do processo de cassa\u00e7\u00e3o no Conselho de \u00c9tica da C\u00e2mara. Em entrevista coletiva \u00e0 imprensa na tarde desta quinta-feira (15), os deputados tamb\u00e9m anunciaram uma campanha pelas redes sociais e via telefone para pressionar o Conselho a dar celeridade \u00e0s investiga\u00e7\u00f5es.<\/span><br \/>\nO pedido de abertura de processo de cassa\u00e7\u00e3o contra Eduardo Cunha foi protocolado na ter\u00e7a-feira (13), pelo PSOL e Rede. Entre as acusa\u00e7\u00f5es, as contas n\u00e3o declaradas na Su\u00ed\u00e7a e a den\u00fancia da Procuradoria Geral da Rep\u00fablica por envolvimento no esquema de corrup\u00e7\u00e3o da Petrobras.<br \/>\nOs rumores sobre um poss\u00edvel acord\u00e3o est\u00e3o nos corredores da C\u00e2mara, foram divulgados pela imprensa e envolveriam Cunha e seus aliados e o governo federal. De um lado, se aumentaria a blindagem ao presidente da Casa, tanto na CPI da Petrobras como no Conselho de \u00c9tica, e do outro n\u00e3o seria iniciado processo de impeachment da presidente Dilma Roussef.<br \/>\n&#8220;\u00c9 inaceit\u00e1vel acordos de bastidores tanto para impedir o andamento de uma representa\u00e7\u00e3o legal quanto para pedido de impeachment. N\u00f3s n\u00e3o nos fixaremos em insinua\u00e7\u00f5es e repudiamos qualquer tipo de acordo para beneficiar ou proteger um ou outro&#8221;, afirmou o l\u00edder do PSOL, deputado Chico Alencar (RJ).<br \/>\nDe acordo com o l\u00edder, foram nomeados para supl\u00eancia no Conselho de \u00c9tica dois escudeiros de Cunha: Carlos Marun (MS) e Manoel J\u00fanior (PB) \u2013 o que representaria mais um sinal para evitar o bom andamento do processo. &#8220;Devemos nos primar pela transpar\u00eancia, agilidade e intocabilidade da representa\u00e7\u00e3o&#8221;, destacou.<br \/>\nO deputado Ivan Valente (SP), membro da CPI da Petrobras, disse que h\u00e1 um forte movimento, com ordem direta de Cunha, para que a Comiss\u00e3o seja enterrada. Desde o dia 1\u00ba de outubro requerimento para prorroga\u00e7\u00e3o da CPI, com apoiamento de 14 deputados, est\u00e1 pronto para ser votado no plen\u00e1rio \u2013 mas como a inclus\u00e3o na pauta do plen\u00e1rio depende da decis\u00e3o de Cunha, isto ainda n\u00e3o aconteceu.<br \/>\n&#8220;Cunha foi depor em mar\u00e7o e mentiu, disse que voltaria \u00e0quela Comiss\u00e3o, mas n\u00e3o o faz. E prevalece uma fiel e preocupante blindagem a ele. Quem ajudar a salvar Cunha vai acabar afundando junto&#8221;, declarou Ivan Valente. &#8220;\u00c9 insustent\u00e1vel a posi\u00e7\u00e3o de Cunha, que n\u00e3o merece estar na Presid\u00eancia da Casa, nem exercer um mandato parlamentar&#8221;, afirmou.<br \/>\nPara o deputado Glauber Braga (RJ), h\u00e1 ind\u00edcios fort\u00edssimos do que est\u00e1 sendo operado, um acord\u00e3o. &#8220;A nota de alguns partidos divulgada no \u00faltimo final de semana \u00e9 uma farsa. Os l\u00edderes e representantes de partidos disseram publicamente, para dar um sinal \u00e0 opini\u00e3o p\u00fablica, que defendiam o afastamento de Cunha, mas s\u00e3o eles mesmos que est\u00e3o gerando o cintur\u00e3o de prote\u00e7\u00e3o&#8221;, declarou. &#8220;E n\u00e3o se manifestaram nem na reuni\u00e3o de l\u00edderes, nem no plen\u00e1rio at\u00e9 agora&#8221;, completou Glauber Braga.<br \/>\n<strong>Campanha<\/strong><br \/>\nCom o objetivo de pressionar os membros do Conselho de \u00c9tica para que deem celeridade ao processo de quebra de decoro parlamentar contra Eduardo Cunha, o PSOL inicia uma campanha popular pelas redes sociais e via telefone.<br \/>\nSer\u00e3o publicizados nomes e e-mails dos 21 membros titulares e suplentes do Conselho de \u00c9tica. Tamb\u00e9m ser\u00e1 difundido o telefone da Ouvidoria da C\u00e2mara \u2013\u00a0<span id=\"Texto\"><span id=\"skype_c2c_container\" class=\"skype_c2c_container notranslate\" dir=\"ltr\" tabindex=\"-1\" data-numbertocall=\"+44800619619\" data-numbertype=\"tollfree\" data-isfreecall=\"true\" data-isrtl=\"false\" data-ismobile=\"false\"><span class=\"skype_c2c_highlighting_inactive_common\" dir=\"ltr\"><span id=\"free_num_ui\" class=\"skype_c2c_textarea_span\"><span class=\"skype_c2c_text_span\">0800 619 619<\/span><\/span><\/span><\/span><\/span> \u2013 para que a popula\u00e7\u00e3o deixe seu recado e pressione, efetivamente, o Conselho de \u00c9tica e Decoro Parlamentar a dar andamento c\u00e9lere ao processo por quebra de decoro contra Eduardo Cunha.<br \/>\nPara o deputado Jean Wyllys (RJ), a opini\u00e3o p\u00fablica tem o poder de exercer essa press\u00e3o. &#8220;Cada cidad\u00e3o deve ficar atento em como est\u00e1 agindo o seu deputado. Assim esperamos que o Conselho haja com o decoro que lhe \u00e9 devido&#8221;.<br \/>\nSegundo Chico Alencar \u00e9 preciso evitar que &#8220;tudo vire uma pizza s\u00f3, de sabor duvidoso e inescrupuloso. A luz do sol \u00e9 o melhor desinfetante&#8221;.<br \/>\nFonte: <em>Lideran\u00e7a do PSOL na C\u00e2mara<\/em><\/p>\n","protected":false},"excerpt":{"rendered":"<p>Partido inicia campanha para incentivar a popula\u00e7\u00e3o a pressionar Conselho de \u00c9tica a dar celeridade ao processo de cassa\u00e7\u00e3o A bancada do PSOL declarou rep\u00fadio a qualquer tipo de acord\u00e3o para salvar o deputado Eduardo Cunha do processo de cassa\u00e7\u00e3o no Conselho de \u00c9tica da C\u00e2mara. Em entrevista coletiva \u00e0 imprensa na tarde desta quinta-feira [&hellip;]<\/p>\n","protected":false},"author":2,"featured_media":10209,"comment_status":"open","ping_status":"open","sticky":false,"template":"","format":"standard","meta":{"_acf_changed":false,"footnotes":""},"categories":[10,1882,6,14],"tags":[2734,1680,3955,973,2890,552,663,22],"class_list":{"0":"post-10208","1":"post","2":"type-post","3":"status-publish","4":"format-standard","5":"has-post-thumbnail","7":"category-acao-parlamentares","8":"category-brasil","9":"category-noticias","10":"category-partido","11":"tag-bancada-do-psol","12":"tag-chico-alencar","13":"tag-cpi-da-petrobras","14":"tag-edmilson-rodrigues","15":"tag-eduardo-cunha","16":"tag-ivan-valente","17":"tag-jean-wyllys","18":"tag-psol"},"acf":[],"yoast_head":"<!-- This site is optimized with the Yoast SEO plugin v26.5 - https:\/\/yoast.com\/wordpress\/plugins\/seo\/ -->\n<title>PSOL repudia acord\u00e3o para salvar Cunha - PSOL 50<\/title>\n<meta name=\"robots\" content=\"index, follow, max-snippet:-1, max-image-preview:large, max-video-preview:-1\" \/>\n<link rel=\"canonical\" href=\"https:\/\/psol50.org.br\/psol-repudia-acordao-para-salvar-cunha\/\" \/>\n<meta property=\"og:locale\" content=\"pt_BR\" \/>\n<meta property=\"og:type\" content=\"article\" \/>\n<meta property=\"og:title\" content=\"PSOL repudia acord\u00e3o para salvar Cunha - PSOL 50\" \/>\n<meta property=\"og:description\" content=\"Partido inicia campanha para incentivar a popula\u00e7\u00e3o a pressionar Conselho de \u00c9tica a dar celeridade ao processo de cassa\u00e7\u00e3o A bancada do PSOL declarou rep\u00fadio a qualquer tipo de acord\u00e3o para salvar o deputado Eduardo Cunha do processo de cassa\u00e7\u00e3o no Conselho de \u00c9tica da C\u00e2mara. Em entrevista coletiva \u00e0 imprensa na tarde desta quinta-feira [&hellip;]\" \/>\n<meta property=\"og:url\" content=\"https:\/\/psol50.org.br\/psol-repudia-acordao-para-salvar-cunha\/\" \/>\n<meta property=\"og:site_name\" content=\"PSOL 50\" \/>\n<meta property=\"article:publisher\" content=\"https:\/\/www.facebook.com\/psol50\" \/>\n<meta property=\"article:published_time\" content=\"2015-10-15T12:14:48+00:00\" \/>\n<meta property=\"og:image\" content=\"https:\/\/psol50.org.br\/inc\/uploads\/2015\/10\/Coletiva-imprensa-contra-acordao-e1448897512213.jpg\" \/>\n\t<meta property=\"og:image:width\" content=\"1000\" \/>\n\t<meta property=\"og:image:height\" content=\"665\" \/>\n\t<meta property=\"og:image:type\" content=\"image\/jpeg\" \/>\n<meta name=\"author\" content=\"Comunica\u00e7\u00e3o PSOL\" \/>\n<meta name=\"twitter:card\" content=\"summary_large_image\" \/>\n<meta name=\"twitter:creator\" content=\"@psol50\" \/>\n<meta name=\"twitter:site\" content=\"@psol50\" \/>\n<meta name=\"twitter:label1\" content=\"Escrito por\" \/>\n\t<meta name=\"twitter:data1\" content=\"Comunica\u00e7\u00e3o PSOL\" \/>\n\t<meta name=\"twitter:label2\" content=\"Est. tempo de leitura\" \/>\n\t<meta name=\"twitter:data2\" content=\"4 minutos\" \/>\n<script type=\"application\/ld+json\" class=\"yoast-schema-graph\">{\"@context\":\"https:\/\/schema.org\",\"@graph\":[{\"@type\":\"Article\",\"@id\":\"https:\/\/psol50.org.br\/psol-repudia-acordao-para-salvar-cunha\/#article\",\"isPartOf\":{\"@id\":\"https:\/\/psol50.org.br\/psol-repudia-acordao-para-salvar-cunha\/\"},\"author\":{\"name\":\"Comunica\u00e7\u00e3o PSOL\",\"@id\":\"https:\/\/psol50.org.br\/#\/schema\/person\/475dfa57d0b815993c714c2e96491fcd\"},\"headline\":\"PSOL repudia acord\u00e3o para salvar Cunha\",\"datePublished\":\"2015-10-15T12:14:48+00:00\",\"mainEntityOfPage\":{\"@id\":\"https:\/\/psol50.org.br\/psol-repudia-acordao-para-salvar-cunha\/\"},\"wordCount\":709,\"commentCount\":3,\"publisher\":{\"@id\":\"https:\/\/psol50.org.br\/#organization\"},\"image\":{\"@id\":\"https:\/\/psol50.org.br\/psol-repudia-acordao-para-salvar-cunha\/#primaryimage\"},\"thumbnailUrl\":\"https:\/\/psol50.org.br\/inc\/uploads\/2015\/10\/Coletiva-imprensa-contra-acordao-e1448897512213.jpg\",\"keywords\":[\"Bancada do PSOL\",\"Chico Alencar\",\"CPI da Petrobras\",\"Edmilson Rodrigues\",\"Eduardo Cunha\",\"Ivan Valente\",\"Jean Wyllys\",\"PSOL\"],\"articleSection\":[\"A\u00e7\u00e3o Parlamentar\",\"Brasil\",\"Not\u00edcias\",\"Partido\"],\"inLanguage\":\"pt-BR\",\"potentialAction\":[{\"@type\":\"CommentAction\",\"name\":\"Comment\",\"target\":[\"https:\/\/psol50.org.br\/psol-repudia-acordao-para-salvar-cunha\/#respond\"]}]},{\"@type\":\"WebPage\",\"@id\":\"https:\/\/psol50.org.br\/psol-repudia-acordao-para-salvar-cunha\/\",\"url\":\"https:\/\/psol50.org.br\/psol-repudia-acordao-para-salvar-cunha\/\",\"name\":\"PSOL repudia acord\u00e3o para salvar Cunha - PSOL 50\",\"isPartOf\":{\"@id\":\"https:\/\/psol50.org.br\/#website\"},\"primaryImageOfPage\":{\"@id\":\"https:\/\/psol50.org.br\/psol-repudia-acordao-para-salvar-cunha\/#primaryimage\"},\"image\":{\"@id\":\"https:\/\/psol50.org.br\/psol-repudia-acordao-para-salvar-cunha\/#primaryimage\"},\"thumbnailUrl\":\"https:\/\/psol50.org.br\/inc\/uploads\/2015\/10\/Coletiva-imprensa-contra-acordao-e1448897512213.jpg\",\"datePublished\":\"2015-10-15T12:14:48+00:00\",\"breadcrumb\":{\"@id\":\"https:\/\/psol50.org.br\/psol-repudia-acordao-para-salvar-cunha\/#breadcrumb\"},\"inLanguage\":\"pt-BR\",\"potentialAction\":[{\"@type\":\"ReadAction\",\"target\":[\"https:\/\/psol50.org.br\/psol-repudia-acordao-para-salvar-cunha\/\"]}]},{\"@type\":\"ImageObject\",\"inLanguage\":\"pt-BR\",\"@id\":\"https:\/\/psol50.org.br\/psol-repudia-acordao-para-salvar-cunha\/#primaryimage\",\"url\":\"https:\/\/psol50.org.br\/inc\/uploads\/2015\/10\/Coletiva-imprensa-contra-acordao-e1448897512213.jpg\",\"contentUrl\":\"https:\/\/psol50.org.br\/inc\/uploads\/2015\/10\/Coletiva-imprensa-contra-acordao-e1448897512213.jpg\",\"width\":1000,\"height\":665},{\"@type\":\"BreadcrumbList\",\"@id\":\"https:\/\/psol50.org.br\/psol-repudia-acordao-para-salvar-cunha\/#breadcrumb\",\"itemListElement\":[{\"@type\":\"ListItem\",\"position\":1,\"name\":\"In\u00edcio\",\"item\":\"https:\/\/psol50.org.br\/\"},{\"@type\":\"ListItem\",\"position\":2,\"name\":\"PSOL repudia acord\u00e3o para salvar Cunha\"}]},{\"@type\":\"WebSite\",\"@id\":\"https:\/\/psol50.org.br\/#website\",\"url\":\"https:\/\/psol50.org.br\/\",\"name\":\"PSOL 50\",\"description\":\"Site oficial do Partido Socialismo e Liberdade\",\"publisher\":{\"@id\":\"https:\/\/psol50.org.br\/#organization\"},\"alternateName\":\"PSOL50\",\"potentialAction\":[{\"@type\":\"SearchAction\",\"target\":{\"@type\":\"EntryPoint\",\"urlTemplate\":\"https:\/\/psol50.org.br\/?s={search_term_string}\"},\"query-input\":{\"@type\":\"PropertyValueSpecification\",\"valueRequired\":true,\"valueName\":\"search_term_string\"}}],\"inLanguage\":\"pt-BR\"},{\"@type\":\"Organization\",\"@id\":\"https:\/\/psol50.org.br\/#organization\",\"name\":\"PSOL 50\",\"alternateName\":\"PSOL 50\",\"url\":\"https:\/\/psol50.org.br\/\",\"logo\":{\"@type\":\"ImageObject\",\"inLanguage\":\"pt-BR\",\"@id\":\"https:\/\/psol50.org.br\/#\/schema\/logo\/image\/\",\"url\":\"https:\/\/psol50.org.br\/inc\/uploads\/2018\/07\/capa.png\",\"contentUrl\":\"https:\/\/psol50.org.br\/inc\/uploads\/2018\/07\/capa.png\",\"width\":1350,\"height\":900,\"caption\":\"PSOL 50\"},\"image\":{\"@id\":\"https:\/\/psol50.org.br\/#\/schema\/logo\/image\/\"},\"sameAs\":[\"https:\/\/www.facebook.com\/psol50\",\"https:\/\/x.com\/psol50\",\"https:\/\/www.instagram.com\/psol50\/\",\"https:\/\/www.youtube.com\/channel\/UC7SnJS5o1os7a6CaiNabzcg\"]},{\"@type\":\"Person\",\"@id\":\"https:\/\/psol50.org.br\/#\/schema\/person\/475dfa57d0b815993c714c2e96491fcd\",\"name\":\"Comunica\u00e7\u00e3o PSOL\",\"image\":{\"@type\":\"ImageObject\",\"inLanguage\":\"pt-BR\",\"@id\":\"https:\/\/psol50.org.br\/#\/schema\/person\/image\/\",\"url\":\"https:\/\/secure.gravatar.com\/avatar\/b34fc4f4e468a4e51785917065a3db57b841f5c95dba6ad8c73aaf8f66f8f9bf?s=96&d=mm&r=g\",\"contentUrl\":\"https:\/\/secure.gravatar.com\/avatar\/b34fc4f4e468a4e51785917065a3db57b841f5c95dba6ad8c73aaf8f66f8f9bf?s=96&d=mm&r=g\",\"caption\":\"Comunica\u00e7\u00e3o PSOL\"}}]}<\/script>\n<!-- \/ Yoast SEO plugin. -->","yoast_head_json":{"title":"PSOL repudia acord\u00e3o para salvar Cunha - PSOL 50","robots":{"index":"index","follow":"follow","max-snippet":"max-snippet:-1","max-image-preview":"max-image-preview:large","max-video-preview":"max-video-preview:-1"},"canonical":"https:\/\/psol50.org.br\/psol-repudia-acordao-para-salvar-cunha\/","og_locale":"pt_BR","og_type":"article","og_title":"PSOL repudia acord\u00e3o para salvar Cunha - PSOL 50","og_description":"Partido inicia campanha para incentivar a popula\u00e7\u00e3o a pressionar Conselho de \u00c9tica a dar celeridade ao processo de cassa\u00e7\u00e3o A bancada do PSOL declarou rep\u00fadio a qualquer tipo de acord\u00e3o para salvar o deputado Eduardo Cunha do processo de cassa\u00e7\u00e3o no Conselho de \u00c9tica da C\u00e2mara. Em entrevista coletiva \u00e0 imprensa na tarde desta quinta-feira [&hellip;]","og_url":"https:\/\/psol50.org.br\/psol-repudia-acordao-para-salvar-cunha\/","og_site_name":"PSOL 50","article_publisher":"https:\/\/www.facebook.com\/psol50","article_published_time":"2015-10-15T12:14:48+00:00","og_image":[{"width":1000,"height":665,"url":"https:\/\/psol50.org.br\/inc\/uploads\/2015\/10\/Coletiva-imprensa-contra-acordao-e1448897512213.jpg","type":"image\/jpeg"}],"author":"Comunica\u00e7\u00e3o PSOL","twitter_card":"summary_large_image","twitter_creator":"@psol50","twitter_site":"@psol50","twitter_misc":{"Escrito por":"Comunica\u00e7\u00e3o PSOL","Est. tempo de leitura":"4 minutos"},"schema":{"@context":"https:\/\/schema.org","@graph":[{"@type":"Article","@id":"https:\/\/psol50.org.br\/psol-repudia-acordao-para-salvar-cunha\/#article","isPartOf":{"@id":"https:\/\/psol50.org.br\/psol-repudia-acordao-para-salvar-cunha\/"},"author":{"name":"Comunica\u00e7\u00e3o PSOL","@id":"https:\/\/psol50.org.br\/#\/schema\/person\/475dfa57d0b815993c714c2e96491fcd"},"headline":"PSOL repudia acord\u00e3o para salvar Cunha","datePublished":"2015-10-15T12:14:48+00:00","mainEntityOfPage":{"@id":"https:\/\/psol50.org.br\/psol-repudia-acordao-para-salvar-cunha\/"},"wordCount":709,"commentCount":3,"publisher":{"@id":"https:\/\/psol50.org.br\/#organization"},"image":{"@id":"https:\/\/psol50.org.br\/psol-repudia-acordao-para-salvar-cunha\/#primaryimage"},"thumbnailUrl":"https:\/\/psol50.org.br\/inc\/uploads\/2015\/10\/Coletiva-imprensa-contra-acordao-e1448897512213.jpg","keywords":["Bancada do PSOL","Chico Alencar","CPI da Petrobras","Edmilson Rodrigues","Eduardo Cunha","Ivan Valente","Jean Wyllys","PSOL"],"articleSection":["A\u00e7\u00e3o Parlamentar","Brasil","Not\u00edcias","Partido"],"inLanguage":"pt-BR","potentialAction":[{"@type":"CommentAction","name":"Comment","target":["https:\/\/psol50.org.br\/psol-repudia-acordao-para-salvar-cunha\/#respond"]}]},{"@type":"WebPage","@id":"https:\/\/psol50.org.br\/psol-repudia-acordao-para-salvar-cunha\/","url":"https:\/\/psol50.org.br\/psol-repudia-acordao-para-salvar-cunha\/","name":"PSOL repudia acord\u00e3o para salvar Cunha - PSOL 50","isPartOf":{"@id":"https:\/\/psol50.org.br\/#website"},"primaryImageOfPage":{"@id":"https:\/\/psol50.org.br\/psol-repudia-acordao-para-salvar-cunha\/#primaryimage"},"image":{"@id":"https:\/\/psol50.org.br\/psol-repudia-acordao-para-salvar-cunha\/#primaryimage"},"thumbnailUrl":"https:\/\/psol50.org.br\/inc\/uploads\/2015\/10\/Coletiva-imprensa-contra-acordao-e1448897512213.jpg","datePublished":"2015-10-15T12:14:48+00:00","breadcrumb":{"@id":"https:\/\/psol50.org.br\/psol-repudia-acordao-para-salvar-cunha\/#breadcrumb"},"inLanguage":"pt-BR","potentialAction":[{"@type":"ReadAction","target":["https:\/\/psol50.org.br\/psol-repudia-acordao-para-salvar-cunha\/"]}]},{"@type":"ImageObject","inLanguage":"pt-BR","@id":"https:\/\/psol50.org.br\/psol-repudia-acordao-para-salvar-cunha\/#primaryimage","url":"https:\/\/psol50.org.br\/inc\/uploads\/2015\/10\/Coletiva-imprensa-contra-acordao-e1448897512213.jpg","contentUrl":"https:\/\/psol50.org.br\/inc\/uploads\/2015\/10\/Coletiva-imprensa-contra-acordao-e1448897512213.jpg","width":1000,"height":665},{"@type":"BreadcrumbList","@id":"https:\/\/psol50.org.br\/psol-repudia-acordao-para-salvar-cunha\/#breadcrumb","itemListElement":[{"@type":"ListItem","position":1,"name":"In\u00edcio","item":"https:\/\/psol50.org.br\/"},{"@type":"ListItem","position":2,"name":"PSOL repudia acord\u00e3o para salvar Cunha"}]},{"@type":"WebSite","@id":"https:\/\/psol50.org.br\/#website","url":"https:\/\/psol50.org.br\/","name":"PSOL 50","description":"Site oficial do Partido Socialismo e Liberdade","publisher":{"@id":"https:\/\/psol50.org.br\/#organization"},"alternateName":"PSOL50","potentialAction":[{"@type":"SearchAction","target":{"@type":"EntryPoint","urlTemplate":"https:\/\/psol50.org.br\/?s={search_term_string}"},"query-input":{"@type":"PropertyValueSpecification","valueRequired":true,"valueName":"search_term_string"}}],"inLanguage":"pt-BR"},{"@type":"Organization","@id":"https:\/\/psol50.org.br\/#organization","name":"PSOL 50","alternateName":"PSOL 50","url":"https:\/\/psol50.org.br\/","logo":{"@type":"ImageObject","inLanguage":"pt-BR","@id":"https:\/\/psol50.org.br\/#\/schema\/logo\/image\/","url":"https:\/\/psol50.org.br\/inc\/uploads\/2018\/07\/capa.png","contentUrl":"https:\/\/psol50.org.br\/inc\/uploads\/2018\/07\/capa.png","width":1350,"height":900,"caption":"PSOL 50"},"image":{"@id":"https:\/\/psol50.org.br\/#\/schema\/logo\/image\/"},"sameAs":["https:\/\/www.facebook.com\/psol50","https:\/\/x.com\/psol50","https:\/\/www.instagram.com\/psol50\/","https:\/\/www.youtube.com\/channel\/UC7SnJS5o1os7a6CaiNabzcg"]},{"@type":"Person","@id":"https:\/\/psol50.org.br\/#\/schema\/person\/475dfa57d0b815993c714c2e96491fcd","name":"Comunica\u00e7\u00e3o PSOL","image":{"@type":"ImageObject","inLanguage":"pt-BR","@id":"https:\/\/psol50.org.br\/#\/schema\/person\/image\/","url":"https:\/\/secure.gravatar.com\/avatar\/b34fc4f4e468a4e51785917065a3db57b841f5c95dba6ad8c73aaf8f66f8f9bf?s=96&d=mm&r=g","contentUrl":"https:\/\/secure.gravatar.com\/avatar\/b34fc4f4e468a4e51785917065a3db57b841f5c95dba6ad8c73aaf8f66f8f9bf?s=96&d=mm&r=g","caption":"Comunica\u00e7\u00e3o PSOL"}}]}},"_links":{"self":[{"href":"https:\/\/psol50.org.br\/rest\/wp\/v2\/posts\/10208","targetHints":{"allow":["GET"]}}],"collection":[{"href":"https:\/\/psol50.org.br\/rest\/wp\/v2\/posts"}],"about":[{"href":"https:\/\/psol50.org.br\/rest\/wp\/v2\/types\/post"}],"author":[{"embeddable":true,"href":"https:\/\/psol50.org.br\/rest\/wp\/v2\/users\/2"}],"replies":[{"embeddable":true,"href":"https:\/\/psol50.org.br\/rest\/wp\/v2\/comments?post=10208"}],"version-history":[{"count":0,"href":"https:\/\/psol50.org.br\/rest\/wp\/v2\/posts\/10208\/revisions"}],"wp:featuredmedia":[{"embeddable":true,"href":"https:\/\/psol50.org.br\/rest\/wp\/v2\/media\/10209"}],"wp:attachment":[{"href":"https:\/\/psol50.org.br\/rest\/wp\/v2\/media?parent=10208"}],"wp:term":[{"taxonomy":"category","embeddable":true,"href":"https:\/\/psol50.org.br\/rest\/wp\/v2\/categories?post=10208"},{"taxonomy":"post_tag","embeddable":true,"href":"https:\/\/psol50.org.br\/rest\/wp\/v2\/tags?post=10208"}],"curies":[{"name":"wp","href":"https:\/\/api.w.org\/{rel}","templated":true}]}}