{"id":10222,"date":"2015-10-09T20:18:46","date_gmt":"2015-10-09T20:18:46","guid":{"rendered":"http:\/\/179.190.55.146\/~psol5185\/?p=10222"},"modified":"2015-10-09T20:18:46","modified_gmt":"2015-10-09T20:18:46","slug":"deputados-do-psol-continuam-os-melhores-segundo-premio-congresso-em-foco","status":"publish","type":"post","link":"https:\/\/psol50.org.br\/deputados-do-psol-continuam-os-melhores-segundo-premio-congresso-em-foco\/","title":{"rendered":"Deputados do PSOL continuam os melhores, segundo Pr\u00eamio Congresso em Foco"},"content":{"rendered":"<p><em><strong>Mais uma vez, a bancada do partido na C\u00e2mara saiu na dianteira na vota\u00e7\u00e3o do p\u00fablico e dos jornalistas, com Jean Wyllys e Chico Alencar levando os primeiros lugares<\/strong><\/em><br \/>\n<span id=\"Texto\">A bancada do PSOL na C\u00e2mara foi a que mais subiu ao palco do Unique Palace, na noite desta quinta-feira (08), durante a entrega do Pr\u00eamio Congresso em Foco 2015. Como vem ocorrendo nas \u00faltimas premia\u00e7\u00f5es, este ano n\u00e3o foi diferente e, mais uma vez, os deputados do partido foram os mais bem avaliados na vota\u00e7\u00e3o tanto dos jornalistas quanto do p\u00fablico.<\/span><br \/>\n<figure id=\"attachment_10225\" aria-describedby=\"caption-attachment-10225\" style=\"width: 300px\" class=\"wp-caption alignleft\"><a href=\"http:\/\/179.190.55.146\/~psol5185\/inc\/uploads\/2015\/10\/22020673786_78703186ab_k-e1445459549862.jpg\"><img loading=\"lazy\" decoding=\"async\" class=\"size-medium wp-image-10225\" src=\"http:\/\/179.190.55.146\/~psol5185\/inc\/uploads\/2015\/10\/22020673786_78703186ab_k-e1445459549862-300x253.jpg\" alt=\"Deputado Jean Wyllys foi o escolhido o melhor deputado na prefer\u00eancia do p\u00fablico\" width=\"300\" height=\"253\" \/><\/a><figcaption id=\"caption-attachment-10225\" class=\"wp-caption-text\"><em>Deputado Jean Wyllys foi o escolhido o melhor deputado na prefer\u00eancia do p\u00fablico<\/em><\/figcaption><\/figure><br \/>\nCom 19.809 votos, Jean Wyllys (RJ) levou o primeiro lugar na vota\u00e7\u00e3o do p\u00fablico, aberta, pela internet, at\u00e9 o \u00faltimo dia 20 de setembro. Esta \u00e9 a terceira edi\u00e7\u00e3o do pr\u00eamio em que o deputado pelo PSOL do Rio de Janeiro recebe a homenagem. Ele foi o deputado mais votado nas edi\u00e7\u00f5es de 2013 e 2012.<br \/>\nAo receber o pr\u00eamio, Jean Wyllys destacou que \u00e9 muito significativo que a popula\u00e7\u00e3o ainda escolha parlamentares que lutam pelos direitos humanos e pelo combate \u00e0 corrup\u00e7\u00e3o, mesmo em cen\u00e1rio pol\u00edtico em que o presidente da C\u00e2mara, Eduardo Cunha (PMDB-RJ), \u00e9 \u201cdenunciado formalmente pelos crimes de lavagem de dinheiro e corrup\u00e7\u00e3o\u201d.<br \/>\n\u201cA partir desses valores passamos uma mensagem positiva sobre a pol\u00edtica. A vit\u00f3ria \u00e9 nossa\u201d, disse ele.<br \/>\nAl\u00e9m da premia\u00e7\u00e3o na categoria geral, Jean Wyllys tamb\u00e9m foi o mais votado na categoria \u201cParlamentares de Futuro\u201d, que homenageou deputados e senadores com menos de 45 anos, \u201cDefesa da Cidadania e da Justi\u00e7a Social\u201d, e foi o segundo deputado mais bem avaliado pelos jornalistas que cobrem o Congresso Nacional.<br \/>\nNa mesma categoria de escolha do p\u00fablico, o segundo lugar tamb\u00e9m ficou com o PSOL. O l\u00edder do partido na C\u00e2mara, Chico Alencar (RJ), obteve 17686 na vota\u00e7\u00e3o pela internet. O quarto e o quinto lugares tamb\u00e9m foram do partido, ocupados, respectivamente, por Ivan Valente (SP), com 12405 votos, e Edmilson Rodrigues (PA), com 6913 votos \u2013 uma premia\u00e7\u00e3o surpreendente pelo fato de exercer o seu primeiro mandato de deputado federal.<br \/>\n<span id=\"Texto\"><strong>PSOL tamb\u00e9m \u00e9 o preferido dos jornalistas<br \/>\n<\/strong><\/span><span id=\"Texto\">O deputado Chico Alencar foi eleito o melhor deputado, segundo os jornalistas, com 110 votos. O historiador e mestre em Educa\u00e7\u00e3o come\u00e7ou sua trajet\u00f3ria pol\u00edtica nos movimentos sociais. Ex-vereador e deputado estadual, chegou \u00e0 C\u00e2mara em 2003.<\/span><br \/>\nL\u00edder do partido, Alencar atua em defesa da \u00e9tica e da probidade na administra\u00e7\u00e3o p\u00fablica, dos direitos das minorias e da educa\u00e7\u00e3o. Esta \u00e9 a sexta vez consecutiva que Chico Alencar fica em primeiro colocado nesta categoria.<br \/>\nNa escolha feita pelos jornalistas Jean Wyllys levou o segundo lugar, com 83 votos, e Ivan Valente o quinto, com 50 votos. Glauber Braga (RJ) tamb\u00e9m ficou entre os dez primeiros.<br \/>\nOs deputados do PSOL tamb\u00e9m foram premiados em outras categorias do Pr\u00eamio Congresso em Foco 2015, como Defesa da Cidadania e da Justi\u00e7a Social; Combate \u00e0 Corrup\u00e7\u00e3o e ao Crime Organizado e Profissionaliza\u00e7\u00e3o da Gest\u00e3o P\u00fablica.<br \/>\nConfira como foi a premia\u00e7\u00e3o: <a href=\"http:\/\/bit.ly\/1JVX3Um\">http:\/\/bit.ly\/1JVX3Um<\/a>.<br \/>\n<em>Com informa\u00e7\u00f5es do Congresso em Foco<\/em><\/p>\n","protected":false},"excerpt":{"rendered":"<p>Mais uma vez, a bancada do partido na C\u00e2mara saiu na dianteira na vota\u00e7\u00e3o do p\u00fablico e dos jornalistas, com Jean Wyllys e Chico Alencar levando os primeiros lugares A bancada do PSOL na C\u00e2mara foi a que mais subiu ao palco do Unique Palace, na noite desta quinta-feira (08), durante a entrega do Pr\u00eamio [&hellip;]<\/p>\n","protected":false},"author":2,"featured_media":10223,"comment_status":"open","ping_status":"open","sticky":false,"template":"","format":"standard","meta":{"_acf_changed":false,"footnotes":""},"categories":[10,1882,6,14],"tags":[2734,1680,973,1191,552,663,2695,22],"class_list":{"0":"post-10222","1":"post","2":"type-post","3":"status-publish","4":"format-standard","5":"has-post-thumbnail","7":"category-acao-parlamentares","8":"category-brasil","9":"category-noticias","10":"category-partido","11":"tag-bancada-do-psol","12":"tag-chico-alencar","13":"tag-edmilson-rodrigues","14":"tag-glauber-braga","15":"tag-ivan-valente","16":"tag-jean-wyllys","17":"tag-premio-congresso-em-foco","18":"tag-psol"},"acf":[],"yoast_head":"<!-- This site is optimized with the Yoast SEO plugin v26.5 - https:\/\/yoast.com\/wordpress\/plugins\/seo\/ -->\n<title>Deputados do PSOL continuam os melhores, segundo Pr\u00eamio Congresso em Foco - PSOL 50<\/title>\n<meta name=\"robots\" content=\"index, follow, max-snippet:-1, max-image-preview:large, max-video-preview:-1\" \/>\n<link rel=\"canonical\" href=\"https:\/\/psol50.org.br\/deputados-do-psol-continuam-os-melhores-segundo-premio-congresso-em-foco\/\" \/>\n<meta property=\"og:locale\" content=\"pt_BR\" \/>\n<meta property=\"og:type\" content=\"article\" \/>\n<meta property=\"og:title\" content=\"Deputados do PSOL continuam os melhores, segundo Pr\u00eamio Congresso em Foco - PSOL 50\" \/>\n<meta property=\"og:description\" content=\"Mais uma vez, a bancada do partido na C\u00e2mara saiu na dianteira na vota\u00e7\u00e3o do p\u00fablico e dos jornalistas, com Jean Wyllys e Chico Alencar levando os primeiros lugares A bancada do PSOL na C\u00e2mara foi a que mais subiu ao palco do Unique Palace, na noite desta quinta-feira (08), durante a entrega do Pr\u00eamio [&hellip;]\" \/>\n<meta property=\"og:url\" content=\"https:\/\/psol50.org.br\/deputados-do-psol-continuam-os-melhores-segundo-premio-congresso-em-foco\/\" \/>\n<meta property=\"og:site_name\" content=\"PSOL 50\" \/>\n<meta property=\"article:publisher\" content=\"https:\/\/www.facebook.com\/psol50\" \/>\n<meta property=\"article:published_time\" content=\"2015-10-09T20:18:46+00:00\" \/>\n<meta property=\"og:image\" content=\"https:\/\/psol50.org.br\/inc\/uploads\/2015\/10\/Bancada-e1448897484442.jpg\" \/>\n\t<meta property=\"og:image:width\" content=\"1000\" \/>\n\t<meta property=\"og:image:height\" content=\"665\" \/>\n\t<meta property=\"og:image:type\" content=\"image\/jpeg\" \/>\n<meta name=\"author\" content=\"Comunica\u00e7\u00e3o PSOL\" \/>\n<meta name=\"twitter:card\" content=\"summary_large_image\" \/>\n<meta name=\"twitter:creator\" content=\"@psol50\" \/>\n<meta name=\"twitter:site\" content=\"@psol50\" \/>\n<meta name=\"twitter:label1\" content=\"Escrito por\" \/>\n\t<meta name=\"twitter:data1\" content=\"Comunica\u00e7\u00e3o PSOL\" \/>\n\t<meta name=\"twitter:label2\" content=\"Est. tempo de leitura\" \/>\n\t<meta name=\"twitter:data2\" content=\"3 minutos\" \/>\n<script type=\"application\/ld+json\" class=\"yoast-schema-graph\">{\"@context\":\"https:\/\/schema.org\",\"@graph\":[{\"@type\":\"Article\",\"@id\":\"https:\/\/psol50.org.br\/deputados-do-psol-continuam-os-melhores-segundo-premio-congresso-em-foco\/#article\",\"isPartOf\":{\"@id\":\"https:\/\/psol50.org.br\/deputados-do-psol-continuam-os-melhores-segundo-premio-congresso-em-foco\/\"},\"author\":{\"name\":\"Comunica\u00e7\u00e3o PSOL\",\"@id\":\"https:\/\/psol50.org.br\/#\/schema\/person\/475dfa57d0b815993c714c2e96491fcd\"},\"headline\":\"Deputados do PSOL continuam os melhores, segundo Pr\u00eamio Congresso em Foco\",\"datePublished\":\"2015-10-09T20:18:46+00:00\",\"mainEntityOfPage\":{\"@id\":\"https:\/\/psol50.org.br\/deputados-do-psol-continuam-os-melhores-segundo-premio-congresso-em-foco\/\"},\"wordCount\":563,\"commentCount\":0,\"publisher\":{\"@id\":\"https:\/\/psol50.org.br\/#organization\"},\"image\":{\"@id\":\"https:\/\/psol50.org.br\/deputados-do-psol-continuam-os-melhores-segundo-premio-congresso-em-foco\/#primaryimage\"},\"thumbnailUrl\":\"https:\/\/psol50.org.br\/inc\/uploads\/2015\/10\/Bancada-e1448897484442.jpg\",\"keywords\":[\"Bancada do PSOL\",\"Chico Alencar\",\"Edmilson Rodrigues\",\"Glauber Braga\",\"Ivan Valente\",\"Jean Wyllys\",\"Pr\u00eamio Congresso em Foco\",\"PSOL\"],\"articleSection\":[\"A\u00e7\u00e3o Parlamentar\",\"Brasil\",\"Not\u00edcias\",\"Partido\"],\"inLanguage\":\"pt-BR\",\"potentialAction\":[{\"@type\":\"CommentAction\",\"name\":\"Comment\",\"target\":[\"https:\/\/psol50.org.br\/deputados-do-psol-continuam-os-melhores-segundo-premio-congresso-em-foco\/#respond\"]}]},{\"@type\":\"WebPage\",\"@id\":\"https:\/\/psol50.org.br\/deputados-do-psol-continuam-os-melhores-segundo-premio-congresso-em-foco\/\",\"url\":\"https:\/\/psol50.org.br\/deputados-do-psol-continuam-os-melhores-segundo-premio-congresso-em-foco\/\",\"name\":\"Deputados do PSOL continuam os melhores, segundo Pr\u00eamio Congresso em Foco - PSOL 50\",\"isPartOf\":{\"@id\":\"https:\/\/psol50.org.br\/#website\"},\"primaryImageOfPage\":{\"@id\":\"https:\/\/psol50.org.br\/deputados-do-psol-continuam-os-melhores-segundo-premio-congresso-em-foco\/#primaryimage\"},\"image\":{\"@id\":\"https:\/\/psol50.org.br\/deputados-do-psol-continuam-os-melhores-segundo-premio-congresso-em-foco\/#primaryimage\"},\"thumbnailUrl\":\"https:\/\/psol50.org.br\/inc\/uploads\/2015\/10\/Bancada-e1448897484442.jpg\",\"datePublished\":\"2015-10-09T20:18:46+00:00\",\"breadcrumb\":{\"@id\":\"https:\/\/psol50.org.br\/deputados-do-psol-continuam-os-melhores-segundo-premio-congresso-em-foco\/#breadcrumb\"},\"inLanguage\":\"pt-BR\",\"potentialAction\":[{\"@type\":\"ReadAction\",\"target\":[\"https:\/\/psol50.org.br\/deputados-do-psol-continuam-os-melhores-segundo-premio-congresso-em-foco\/\"]}]},{\"@type\":\"ImageObject\",\"inLanguage\":\"pt-BR\",\"@id\":\"https:\/\/psol50.org.br\/deputados-do-psol-continuam-os-melhores-segundo-premio-congresso-em-foco\/#primaryimage\",\"url\":\"https:\/\/psol50.org.br\/inc\/uploads\/2015\/10\/Bancada-e1448897484442.jpg\",\"contentUrl\":\"https:\/\/psol50.org.br\/inc\/uploads\/2015\/10\/Bancada-e1448897484442.jpg\",\"width\":1000,\"height\":665},{\"@type\":\"BreadcrumbList\",\"@id\":\"https:\/\/psol50.org.br\/deputados-do-psol-continuam-os-melhores-segundo-premio-congresso-em-foco\/#breadcrumb\",\"itemListElement\":[{\"@type\":\"ListItem\",\"position\":1,\"name\":\"In\u00edcio\",\"item\":\"https:\/\/psol50.org.br\/\"},{\"@type\":\"ListItem\",\"position\":2,\"name\":\"Deputados do PSOL continuam os melhores, segundo Pr\u00eamio Congresso em Foco\"}]},{\"@type\":\"WebSite\",\"@id\":\"https:\/\/psol50.org.br\/#website\",\"url\":\"https:\/\/psol50.org.br\/\",\"name\":\"PSOL 50\",\"description\":\"Site oficial do Partido Socialismo e Liberdade\",\"publisher\":{\"@id\":\"https:\/\/psol50.org.br\/#organization\"},\"alternateName\":\"PSOL50\",\"potentialAction\":[{\"@type\":\"SearchAction\",\"target\":{\"@type\":\"EntryPoint\",\"urlTemplate\":\"https:\/\/psol50.org.br\/?s={search_term_string}\"},\"query-input\":{\"@type\":\"PropertyValueSpecification\",\"valueRequired\":true,\"valueName\":\"search_term_string\"}}],\"inLanguage\":\"pt-BR\"},{\"@type\":\"Organization\",\"@id\":\"https:\/\/psol50.org.br\/#organization\",\"name\":\"PSOL 50\",\"alternateName\":\"PSOL 50\",\"url\":\"https:\/\/psol50.org.br\/\",\"logo\":{\"@type\":\"ImageObject\",\"inLanguage\":\"pt-BR\",\"@id\":\"https:\/\/psol50.org.br\/#\/schema\/logo\/image\/\",\"url\":\"https:\/\/psol50.org.br\/inc\/uploads\/2018\/07\/capa.png\",\"contentUrl\":\"https:\/\/psol50.org.br\/inc\/uploads\/2018\/07\/capa.png\",\"width\":1350,\"height\":900,\"caption\":\"PSOL 50\"},\"image\":{\"@id\":\"https:\/\/psol50.org.br\/#\/schema\/logo\/image\/\"},\"sameAs\":[\"https:\/\/www.facebook.com\/psol50\",\"https:\/\/x.com\/psol50\",\"https:\/\/www.instagram.com\/psol50\/\",\"https:\/\/www.youtube.com\/channel\/UC7SnJS5o1os7a6CaiNabzcg\"]},{\"@type\":\"Person\",\"@id\":\"https:\/\/psol50.org.br\/#\/schema\/person\/475dfa57d0b815993c714c2e96491fcd\",\"name\":\"Comunica\u00e7\u00e3o PSOL\",\"image\":{\"@type\":\"ImageObject\",\"inLanguage\":\"pt-BR\",\"@id\":\"https:\/\/psol50.org.br\/#\/schema\/person\/image\/\",\"url\":\"https:\/\/secure.gravatar.com\/avatar\/b34fc4f4e468a4e51785917065a3db57b841f5c95dba6ad8c73aaf8f66f8f9bf?s=96&d=mm&r=g\",\"contentUrl\":\"https:\/\/secure.gravatar.com\/avatar\/b34fc4f4e468a4e51785917065a3db57b841f5c95dba6ad8c73aaf8f66f8f9bf?s=96&d=mm&r=g\",\"caption\":\"Comunica\u00e7\u00e3o PSOL\"}}]}<\/script>\n<!-- \/ Yoast SEO plugin. -->","yoast_head_json":{"title":"Deputados do PSOL continuam os melhores, segundo Pr\u00eamio Congresso em Foco - PSOL 50","robots":{"index":"index","follow":"follow","max-snippet":"max-snippet:-1","max-image-preview":"max-image-preview:large","max-video-preview":"max-video-preview:-1"},"canonical":"https:\/\/psol50.org.br\/deputados-do-psol-continuam-os-melhores-segundo-premio-congresso-em-foco\/","og_locale":"pt_BR","og_type":"article","og_title":"Deputados do PSOL continuam os melhores, segundo Pr\u00eamio Congresso em Foco - PSOL 50","og_description":"Mais uma vez, a bancada do partido na C\u00e2mara saiu na dianteira na vota\u00e7\u00e3o do p\u00fablico e dos jornalistas, com Jean Wyllys e Chico Alencar levando os primeiros lugares A bancada do PSOL na C\u00e2mara foi a que mais subiu ao palco do Unique Palace, na noite desta quinta-feira (08), durante a entrega do Pr\u00eamio [&hellip;]","og_url":"https:\/\/psol50.org.br\/deputados-do-psol-continuam-os-melhores-segundo-premio-congresso-em-foco\/","og_site_name":"PSOL 50","article_publisher":"https:\/\/www.facebook.com\/psol50","article_published_time":"2015-10-09T20:18:46+00:00","og_image":[{"width":1000,"height":665,"url":"https:\/\/psol50.org.br\/inc\/uploads\/2015\/10\/Bancada-e1448897484442.jpg","type":"image\/jpeg"}],"author":"Comunica\u00e7\u00e3o PSOL","twitter_card":"summary_large_image","twitter_creator":"@psol50","twitter_site":"@psol50","twitter_misc":{"Escrito por":"Comunica\u00e7\u00e3o PSOL","Est. tempo de leitura":"3 minutos"},"schema":{"@context":"https:\/\/schema.org","@graph":[{"@type":"Article","@id":"https:\/\/psol50.org.br\/deputados-do-psol-continuam-os-melhores-segundo-premio-congresso-em-foco\/#article","isPartOf":{"@id":"https:\/\/psol50.org.br\/deputados-do-psol-continuam-os-melhores-segundo-premio-congresso-em-foco\/"},"author":{"name":"Comunica\u00e7\u00e3o PSOL","@id":"https:\/\/psol50.org.br\/#\/schema\/person\/475dfa57d0b815993c714c2e96491fcd"},"headline":"Deputados do PSOL continuam os melhores, segundo Pr\u00eamio Congresso em Foco","datePublished":"2015-10-09T20:18:46+00:00","mainEntityOfPage":{"@id":"https:\/\/psol50.org.br\/deputados-do-psol-continuam-os-melhores-segundo-premio-congresso-em-foco\/"},"wordCount":563,"commentCount":0,"publisher":{"@id":"https:\/\/psol50.org.br\/#organization"},"image":{"@id":"https:\/\/psol50.org.br\/deputados-do-psol-continuam-os-melhores-segundo-premio-congresso-em-foco\/#primaryimage"},"thumbnailUrl":"https:\/\/psol50.org.br\/inc\/uploads\/2015\/10\/Bancada-e1448897484442.jpg","keywords":["Bancada do PSOL","Chico Alencar","Edmilson Rodrigues","Glauber Braga","Ivan Valente","Jean Wyllys","Pr\u00eamio Congresso em Foco","PSOL"],"articleSection":["A\u00e7\u00e3o Parlamentar","Brasil","Not\u00edcias","Partido"],"inLanguage":"pt-BR","potentialAction":[{"@type":"CommentAction","name":"Comment","target":["https:\/\/psol50.org.br\/deputados-do-psol-continuam-os-melhores-segundo-premio-congresso-em-foco\/#respond"]}]},{"@type":"WebPage","@id":"https:\/\/psol50.org.br\/deputados-do-psol-continuam-os-melhores-segundo-premio-congresso-em-foco\/","url":"https:\/\/psol50.org.br\/deputados-do-psol-continuam-os-melhores-segundo-premio-congresso-em-foco\/","name":"Deputados do PSOL continuam os melhores, segundo Pr\u00eamio Congresso em Foco - PSOL 50","isPartOf":{"@id":"https:\/\/psol50.org.br\/#website"},"primaryImageOfPage":{"@id":"https:\/\/psol50.org.br\/deputados-do-psol-continuam-os-melhores-segundo-premio-congresso-em-foco\/#primaryimage"},"image":{"@id":"https:\/\/psol50.org.br\/deputados-do-psol-continuam-os-melhores-segundo-premio-congresso-em-foco\/#primaryimage"},"thumbnailUrl":"https:\/\/psol50.org.br\/inc\/uploads\/2015\/10\/Bancada-e1448897484442.jpg","datePublished":"2015-10-09T20:18:46+00:00","breadcrumb":{"@id":"https:\/\/psol50.org.br\/deputados-do-psol-continuam-os-melhores-segundo-premio-congresso-em-foco\/#breadcrumb"},"inLanguage":"pt-BR","potentialAction":[{"@type":"ReadAction","target":["https:\/\/psol50.org.br\/deputados-do-psol-continuam-os-melhores-segundo-premio-congresso-em-foco\/"]}]},{"@type":"ImageObject","inLanguage":"pt-BR","@id":"https:\/\/psol50.org.br\/deputados-do-psol-continuam-os-melhores-segundo-premio-congresso-em-foco\/#primaryimage","url":"https:\/\/psol50.org.br\/inc\/uploads\/2015\/10\/Bancada-e1448897484442.jpg","contentUrl":"https:\/\/psol50.org.br\/inc\/uploads\/2015\/10\/Bancada-e1448897484442.jpg","width":1000,"height":665},{"@type":"BreadcrumbList","@id":"https:\/\/psol50.org.br\/deputados-do-psol-continuam-os-melhores-segundo-premio-congresso-em-foco\/#breadcrumb","itemListElement":[{"@type":"ListItem","position":1,"name":"In\u00edcio","item":"https:\/\/psol50.org.br\/"},{"@type":"ListItem","position":2,"name":"Deputados do PSOL continuam os melhores, segundo Pr\u00eamio Congresso em Foco"}]},{"@type":"WebSite","@id":"https:\/\/psol50.org.br\/#website","url":"https:\/\/psol50.org.br\/","name":"PSOL 50","description":"Site oficial do Partido Socialismo e Liberdade","publisher":{"@id":"https:\/\/psol50.org.br\/#organization"},"alternateName":"PSOL50","potentialAction":[{"@type":"SearchAction","target":{"@type":"EntryPoint","urlTemplate":"https:\/\/psol50.org.br\/?s={search_term_string}"},"query-input":{"@type":"PropertyValueSpecification","valueRequired":true,"valueName":"search_term_string"}}],"inLanguage":"pt-BR"},{"@type":"Organization","@id":"https:\/\/psol50.org.br\/#organization","name":"PSOL 50","alternateName":"PSOL 50","url":"https:\/\/psol50.org.br\/","logo":{"@type":"ImageObject","inLanguage":"pt-BR","@id":"https:\/\/psol50.org.br\/#\/schema\/logo\/image\/","url":"https:\/\/psol50.org.br\/inc\/uploads\/2018\/07\/capa.png","contentUrl":"https:\/\/psol50.org.br\/inc\/uploads\/2018\/07\/capa.png","width":1350,"height":900,"caption":"PSOL 50"},"image":{"@id":"https:\/\/psol50.org.br\/#\/schema\/logo\/image\/"},"sameAs":["https:\/\/www.facebook.com\/psol50","https:\/\/x.com\/psol50","https:\/\/www.instagram.com\/psol50\/","https:\/\/www.youtube.com\/channel\/UC7SnJS5o1os7a6CaiNabzcg"]},{"@type":"Person","@id":"https:\/\/psol50.org.br\/#\/schema\/person\/475dfa57d0b815993c714c2e96491fcd","name":"Comunica\u00e7\u00e3o PSOL","image":{"@type":"ImageObject","inLanguage":"pt-BR","@id":"https:\/\/psol50.org.br\/#\/schema\/person\/image\/","url":"https:\/\/secure.gravatar.com\/avatar\/b34fc4f4e468a4e51785917065a3db57b841f5c95dba6ad8c73aaf8f66f8f9bf?s=96&d=mm&r=g","contentUrl":"https:\/\/secure.gravatar.com\/avatar\/b34fc4f4e468a4e51785917065a3db57b841f5c95dba6ad8c73aaf8f66f8f9bf?s=96&d=mm&r=g","caption":"Comunica\u00e7\u00e3o PSOL"}}]}},"_links":{"self":[{"href":"https:\/\/psol50.org.br\/rest\/wp\/v2\/posts\/10222","targetHints":{"allow":["GET"]}}],"collection":[{"href":"https:\/\/psol50.org.br\/rest\/wp\/v2\/posts"}],"about":[{"href":"https:\/\/psol50.org.br\/rest\/wp\/v2\/types\/post"}],"author":[{"embeddable":true,"href":"https:\/\/psol50.org.br\/rest\/wp\/v2\/users\/2"}],"replies":[{"embeddable":true,"href":"https:\/\/psol50.org.br\/rest\/wp\/v2\/comments?post=10222"}],"version-history":[{"count":0,"href":"https:\/\/psol50.org.br\/rest\/wp\/v2\/posts\/10222\/revisions"}],"wp:featuredmedia":[{"embeddable":true,"href":"https:\/\/psol50.org.br\/rest\/wp\/v2\/media\/10223"}],"wp:attachment":[{"href":"https:\/\/psol50.org.br\/rest\/wp\/v2\/media?parent=10222"}],"wp:term":[{"taxonomy":"category","embeddable":true,"href":"https:\/\/psol50.org.br\/rest\/wp\/v2\/categories?post=10222"},{"taxonomy":"post_tag","embeddable":true,"href":"https:\/\/psol50.org.br\/rest\/wp\/v2\/tags?post=10222"}],"curies":[{"name":"wp","href":"https:\/\/api.w.org\/{rel}","templated":true}]}}