{"id":10231,"date":"2015-10-05T20:43:39","date_gmt":"2015-10-05T20:43:39","guid":{"rendered":"http:\/\/179.190.55.146\/~psol5185\/?p=10231"},"modified":"2015-10-05T20:43:39","modified_gmt":"2015-10-05T20:43:39","slug":"psol-reafirma-organizacao-popular-para-barrar-a-retirada-de-direitos-e-o-avanco-da-direita","status":"publish","type":"post","link":"https:\/\/psol50.org.br\/psol-reafirma-organizacao-popular-para-barrar-a-retirada-de-direitos-e-o-avanco-da-direita\/","title":{"rendered":"PSOL reafirma organiza\u00e7\u00e3o popular para barrar a retirada de direitos"},"content":{"rendered":"<h5><em><strong>Resolu\u00e7\u00e3o aprovada pela Executiva Nacional enfatiza as cr\u00edticas aos rumos do atual governo e tamb\u00e9m \u00e0s sa\u00eddas apontadas pela oposi\u00e7\u00e3o conservadora<\/strong><\/em><\/h5>\n<p><span id=\"Texto\">Ap\u00f3s um amplo debate sobre a conjuntura, a Executiva Nacional do PSOL, em reuni\u00e3o nesta segunda-feira (05), em Bras\u00edlia, aprovou uma resolu\u00e7\u00e3o apontando a necessidade e a urg\u00eancia de fortalecer e apoiar as mobiliza\u00e7\u00f5es sociais contra os efeitos da crise econ\u00f4mica sobre a classe trabalhadora, as medidas de ajuste fiscal implementadas pelo governo da presidenta Dilma Rousseff e o avan\u00e7o dos setores conservadores na pol\u00edtica e na sociedade. O documento, que expressa as avalia\u00e7\u00f5es das lideran\u00e7as e da milit\u00e2ncia do PSOL, enfatiza as cr\u00edticas aos rumos do atual governo, que vem cedendo cada vez mais \u00e0s press\u00f5es do mercado, do PMDB e demais partidos da direita, e tamb\u00e9m \u00e0s sa\u00eddas apontadas pela oposi\u00e7\u00e3o conservadora. A resolu\u00e7\u00e3o cobra, ainda, uma resposta incisiva \u00e0s sucessivas den\u00fancias de corrup\u00e7\u00e3o e lavagem de dinheiro contra o presidente da C\u00e2mara, deputado Eduardo Cunha (PMDB-RJ), suspeito de receber propina por vazamento de informa\u00e7\u00e3o privilegiada na venda, para a Petrobras, de um campo de petr\u00f3leo no Benin, na \u00c1frica.<\/span><\/p>\n<p>Como sa\u00edda a esse cen\u00e1rio que penaliza a classe trabalhadora e a popula\u00e7\u00e3o mais pobre deste pa\u00eds, o partido defende a articula\u00e7\u00e3o de uma ampla agenda de esquerda e a participa\u00e7\u00e3o na frente \u201cPovo Sem Medo\u201d, articulada por diversas organiza\u00e7\u00f5es sociais e entidades sindicais. \u201cNo plano da mobiliza\u00e7\u00e3o popular, in\u00fameras greves t\u00eam sido deflagradas contra as medidas do ajuste fiscal de Dilma e as tentativas das elites de socializar as perdas oriundas da crise econ\u00f4mica. H\u00e1, portanto, melhores condi\u00e7\u00f5es para o desenvolvimento de uma agenda \u00e0 esquerda para o enfrentamento \u00e0s medidas conservadoras de Dilma e dos governos estaduais, especialmente mediante as lutas que ser\u00e3o travadas no segundo semestre por diversas categorias com o apoio do PSOL, como ocorreu na primeira parte deste ano. Nesse contexto, cumpre um papel central a cria\u00e7\u00e3o da frente \u2018Povo sem Medo\u2019, que conta com as mais representativas entidades e movimentos sociais brasileiros. Fortalecer esse espa\u00e7o \u00e9 decisivo para o processo de reorganiza\u00e7\u00e3o da esquerda brasileira\u201d.<\/p>\n<p><strong>Confira abaixo o inteiro teor da resolu\u00e7\u00e3o, aprovada pela Executiva Nacional do PSOL.<\/strong><\/p>\n<p><strong>Fortalecer a resist\u00eancia popular contra o ajuste de Dilma, a direita e Eduardo Cunha<br \/>\n<\/strong>1. A crise econ\u00f4mica no Brasil continua se aprofundando. Dados divulgados recentemente atestam a queda da atividade industrial, da renda das fam\u00edlias e o aumento do desemprego (que j\u00e1 alcan\u00e7a 8,3%, segundo dados do IBGE). As medidas tomadas pelo governo Dilma at\u00e9 aqui, retirando direitos trabalhistas e previdenci\u00e1rios, retomando as privatiza\u00e7\u00f5es, cortando investimentos e aumentando as medidas que beneficiam a especula\u00e7\u00e3o em detrimento dos investimentos produtivos \u2013 especialmente com a manuten\u00e7\u00e3o de elevad\u00edssimas taxas de juros \u2013 aprofundam a crise econ\u00f4mica no Brasil sem tocar nos interesses do grande capital, especialmente na d\u00edvida p\u00fablica.<\/p>\n<p>2. Ao mesmo tempo, a crise econ\u00f4mica aprofunda a crise pol\u00edtica. Em meio \u00e0s amea\u00e7as de impeachment \u2013 embora fra\u00e7\u00f5es fundamentais do grande capital ainda n\u00e3o tenham aderido \u00e0 essa sa\u00edda \u2013 e as dificuldades de dar respostas \u00e0 crise, Dilma e o PT aprofundam o car\u00e1ter fisiol\u00f3gico de sua alian\u00e7a com o PMDB, ampliando seu espa\u00e7o na Esplanada dos Minist\u00e9rios. Para isso, al\u00e9m da j\u00e1 conhecida \u201cdan\u00e7a das cadeiras\u201d nos minist\u00e9rios, Dilma funde secretarias essenciais para o desenvolvimento de pol\u00edticas p\u00fablicas como \u00e0quelas voltadas aos negros e negras, mulheres, juventude e popula\u00e7\u00e3o LGBT.<\/p>\n<p>3. A oposi\u00e7\u00e3o conservadora, por sua vez, segue flertando com sa\u00eddas golpistas, embora n\u00e3o tenha conseguido for\u00e7a pol\u00edtica dentro e fora do parlamento para viabilizar a t\u00e1tica do impeachment. A identidade em torno das medidas tomadas pelo ministro Joaquim Levy, no entanto, demonstram que a oposi\u00e7\u00e3o conservadora n\u00e3o representa uma alternativa \u00e0 crise econ\u00f4mica e pol\u00edtica que o pa\u00eds atravessa. Por essa raz\u00e3o, embora reafirmemos nossa radical oposi\u00e7\u00e3o ao governo Dilma Roussef, n\u00e3o compactuaremos com sa\u00eddas golpistas como \u00e0quelas propostas por tucanos e seus aliados.<\/p>\n<p>4. Em meio a essas incertezas, fecha-se o cerco sobre o presidente da C\u00e2mara dos Deputados, Eduardo Cunha (PMDB\/RJ). Den\u00fancias recentes atestam a veracidade dos depoimentos de operadores do esquema da Petrobras, segundo os quais Eduardo Cunha foi o benefici\u00e1rio de recursos desviados da estatal. A confirma\u00e7\u00e3o da exist\u00eancia de contas do presidente da C\u00e2mara dos Deputados em bancos na Su\u00ed\u00e7a torna insustent\u00e1vel a perman\u00eancia de Cunha na fun\u00e7\u00e3o de principal mandat\u00e1rio do parlamento brasileiro.<\/p>\n<p>5. No plano da mobiliza\u00e7\u00e3o popular, in\u00fameras greves t\u00eam sido deflagradas contra as medidas do ajuste fiscal de Dilma e as tentativas das elites de socializar as perdas oriundas da crise econ\u00f4mica. H\u00e1, portanto, melhores condi\u00e7\u00f5es para o desenvolvimento de uma agenda \u00e0 esquerda para o enfrentamento \u00e0s medidas conservadoras de Dilma e dos governos estaduais, especialmente mediante as lutas que ser\u00e3o travadas no segundo semestre por diversas categorias com o apoio do PSOL, como ocorreu na primeira parte deste ano. Nesse contexto, cumpre um papel central a cria\u00e7\u00e3o da frente \u201cPovo sem Medo\u201d, que conta com as mais representativas entidades e movimentos sociais brasileiros. Fortalecer esse espa\u00e7o \u00e9 decisivo para o processo de reorganiza\u00e7\u00e3o da esquerda brasileira.<\/p>\n<p>6. Diante deste quadro, a Executiva Nacional do PSOL reafirma as seguintes prioridades:<\/p>\n<p>a) Fortalecer e apoiar todas as mobiliza\u00e7\u00f5es sociais contra os efeitos da crise econ\u00f4mica sobre os trabalhadores e trabalhadoras;<br \/>\nb) Apoiar a constru\u00e7\u00e3o e o fortalecimento da frente \u201cPovo sem Medo\u201d como espa\u00e7o priorit\u00e1rio de toda a milit\u00e2ncia do PSOL para a organiza\u00e7\u00e3o das lutas;<br \/>\nc) Aprofundar, no \u00e2mbito do Congresso Nacional, a luta pelo \u201cFora Cunha\u201d e em favor da puni\u00e7\u00e3o de todos os corruptos e corruptores, incluindo os empres\u00e1rios vinculados ao esc\u00e2ndalo da Petrobr\u00e1s;<br \/>\nd) Fortalecer as lutas democr\u00e1ticas em favor da livre organiza\u00e7\u00e3o partid\u00e1ria, contra a Lei da Morda\u00e7a e em favor do fortalecimento do PSOL.<\/p>\n<p><strong>Executiva Nacional do PSOL<br id=\"yui_3_16_0_1_1444071708525_2417\" \/>Bras\u00edlia, 5 de outubro de 2015<\/strong><\/p>\n","protected":false},"excerpt":{"rendered":"<p>Resolu\u00e7\u00e3o aprovada pela Executiva Nacional enfatiza as cr\u00edticas aos rumos do atual governo e tamb\u00e9m \u00e0s sa\u00eddas apontadas pela oposi\u00e7\u00e3o conservadora Ap\u00f3s um amplo debate sobre a conjuntura, a Executiva Nacional do PSOL, em reuni\u00e3o nesta segunda-feira (05), em Bras\u00edlia, aprovou uma resolu\u00e7\u00e3o apontando a necessidade e a urg\u00eancia de fortalecer e apoiar as mobiliza\u00e7\u00f5es [&hellip;]<\/p>\n","protected":false},"author":2,"featured_media":10232,"comment_status":"open","ping_status":"open","sticky":false,"template":"","format":"standard","meta":{"_acf_changed":false,"footnotes":""},"categories":[1882,1104,6,14],"tags":[4805,2890,1878,3981,4806,22],"class_list":{"0":"post-10231","1":"post","2":"type-post","3":"status-publish","4":"format-standard","5":"has-post-thumbnail","7":"category-brasil","8":"category-movimento","9":"category-noticias","10":"category-partido","11":"tag-ajuste-fical","12":"tag-eduardo-cunha","13":"tag-frente-povo-sem-medo","14":"tag-governo-dilma","15":"tag-oposicao-conservadora","16":"tag-psol"},"acf":[],"yoast_head":"<!-- This site is optimized with the Yoast SEO plugin v26.5 - https:\/\/yoast.com\/wordpress\/plugins\/seo\/ -->\n<title>PSOL reafirma organiza\u00e7\u00e3o popular para barrar a retirada de direitos - PSOL 50<\/title>\n<meta name=\"robots\" content=\"index, follow, max-snippet:-1, max-image-preview:large, max-video-preview:-1\" \/>\n<link rel=\"canonical\" href=\"https:\/\/psol50.org.br\/psol-reafirma-organizacao-popular-para-barrar-a-retirada-de-direitos-e-o-avanco-da-direita\/\" \/>\n<meta property=\"og:locale\" content=\"pt_BR\" \/>\n<meta property=\"og:type\" content=\"article\" \/>\n<meta property=\"og:title\" content=\"PSOL reafirma organiza\u00e7\u00e3o popular para barrar a retirada de direitos - PSOL 50\" \/>\n<meta property=\"og:description\" content=\"Resolu\u00e7\u00e3o aprovada pela Executiva Nacional enfatiza as cr\u00edticas aos rumos do atual governo e tamb\u00e9m \u00e0s sa\u00eddas apontadas pela oposi\u00e7\u00e3o conservadora Ap\u00f3s um amplo debate sobre a conjuntura, a Executiva Nacional do PSOL, em reuni\u00e3o nesta segunda-feira (05), em Bras\u00edlia, aprovou uma resolu\u00e7\u00e3o apontando a necessidade e a urg\u00eancia de fortalecer e apoiar as mobiliza\u00e7\u00f5es [&hellip;]\" \/>\n<meta property=\"og:url\" content=\"https:\/\/psol50.org.br\/psol-reafirma-organizacao-popular-para-barrar-a-retirada-de-direitos-e-o-avanco-da-direita\/\" \/>\n<meta property=\"og:site_name\" content=\"PSOL 50\" \/>\n<meta property=\"article:publisher\" content=\"https:\/\/www.facebook.com\/psol50\" \/>\n<meta property=\"article:published_time\" content=\"2015-10-05T20:43:39+00:00\" \/>\n<meta property=\"og:image\" content=\"https:\/\/psol50.org.br\/inc\/uploads\/2015\/10\/card-manisfestacao-contra-dilma-e-direita-so-imagem-e1448897412703.jpg\" \/>\n\t<meta property=\"og:image:width\" content=\"1000\" \/>\n\t<meta property=\"og:image:height\" content=\"707\" \/>\n\t<meta property=\"og:image:type\" content=\"image\/jpeg\" \/>\n<meta name=\"author\" content=\"Comunica\u00e7\u00e3o PSOL\" \/>\n<meta name=\"twitter:card\" content=\"summary_large_image\" \/>\n<meta name=\"twitter:creator\" content=\"@psol50\" \/>\n<meta name=\"twitter:site\" content=\"@psol50\" \/>\n<meta name=\"twitter:label1\" content=\"Escrito por\" \/>\n\t<meta name=\"twitter:data1\" content=\"Comunica\u00e7\u00e3o PSOL\" \/>\n\t<meta name=\"twitter:label2\" content=\"Est. tempo de leitura\" \/>\n\t<meta name=\"twitter:data2\" content=\"5 minutos\" \/>\n<script type=\"application\/ld+json\" class=\"yoast-schema-graph\">{\"@context\":\"https:\/\/schema.org\",\"@graph\":[{\"@type\":\"Article\",\"@id\":\"https:\/\/psol50.org.br\/psol-reafirma-organizacao-popular-para-barrar-a-retirada-de-direitos-e-o-avanco-da-direita\/#article\",\"isPartOf\":{\"@id\":\"https:\/\/psol50.org.br\/psol-reafirma-organizacao-popular-para-barrar-a-retirada-de-direitos-e-o-avanco-da-direita\/\"},\"author\":{\"name\":\"Comunica\u00e7\u00e3o PSOL\",\"@id\":\"https:\/\/psol50.org.br\/#\/schema\/person\/475dfa57d0b815993c714c2e96491fcd\"},\"headline\":\"PSOL reafirma organiza\u00e7\u00e3o popular para barrar a retirada de direitos\",\"datePublished\":\"2015-10-05T20:43:39+00:00\",\"mainEntityOfPage\":{\"@id\":\"https:\/\/psol50.org.br\/psol-reafirma-organizacao-popular-para-barrar-a-retirada-de-direitos-e-o-avanco-da-direita\/\"},\"wordCount\":1074,\"commentCount\":0,\"publisher\":{\"@id\":\"https:\/\/psol50.org.br\/#organization\"},\"image\":{\"@id\":\"https:\/\/psol50.org.br\/psol-reafirma-organizacao-popular-para-barrar-a-retirada-de-direitos-e-o-avanco-da-direita\/#primaryimage\"},\"thumbnailUrl\":\"https:\/\/psol50.org.br\/inc\/uploads\/2015\/10\/card-manisfestacao-contra-dilma-e-direita-so-imagem-e1448897412703.jpg\",\"keywords\":[\"ajuste fical\",\"Eduardo Cunha\",\"Frente Povo Sem Medo\",\"governo Dilma\",\"oposi\u00e7\u00e3o conservadora\",\"PSOL\"],\"articleSection\":[\"Brasil\",\"Movimento\",\"Not\u00edcias\",\"Partido\"],\"inLanguage\":\"pt-BR\",\"potentialAction\":[{\"@type\":\"CommentAction\",\"name\":\"Comment\",\"target\":[\"https:\/\/psol50.org.br\/psol-reafirma-organizacao-popular-para-barrar-a-retirada-de-direitos-e-o-avanco-da-direita\/#respond\"]}]},{\"@type\":\"WebPage\",\"@id\":\"https:\/\/psol50.org.br\/psol-reafirma-organizacao-popular-para-barrar-a-retirada-de-direitos-e-o-avanco-da-direita\/\",\"url\":\"https:\/\/psol50.org.br\/psol-reafirma-organizacao-popular-para-barrar-a-retirada-de-direitos-e-o-avanco-da-direita\/\",\"name\":\"PSOL reafirma organiza\u00e7\u00e3o popular para barrar a retirada de direitos - PSOL 50\",\"isPartOf\":{\"@id\":\"https:\/\/psol50.org.br\/#website\"},\"primaryImageOfPage\":{\"@id\":\"https:\/\/psol50.org.br\/psol-reafirma-organizacao-popular-para-barrar-a-retirada-de-direitos-e-o-avanco-da-direita\/#primaryimage\"},\"image\":{\"@id\":\"https:\/\/psol50.org.br\/psol-reafirma-organizacao-popular-para-barrar-a-retirada-de-direitos-e-o-avanco-da-direita\/#primaryimage\"},\"thumbnailUrl\":\"https:\/\/psol50.org.br\/inc\/uploads\/2015\/10\/card-manisfestacao-contra-dilma-e-direita-so-imagem-e1448897412703.jpg\",\"datePublished\":\"2015-10-05T20:43:39+00:00\",\"breadcrumb\":{\"@id\":\"https:\/\/psol50.org.br\/psol-reafirma-organizacao-popular-para-barrar-a-retirada-de-direitos-e-o-avanco-da-direita\/#breadcrumb\"},\"inLanguage\":\"pt-BR\",\"potentialAction\":[{\"@type\":\"ReadAction\",\"target\":[\"https:\/\/psol50.org.br\/psol-reafirma-organizacao-popular-para-barrar-a-retirada-de-direitos-e-o-avanco-da-direita\/\"]}]},{\"@type\":\"ImageObject\",\"inLanguage\":\"pt-BR\",\"@id\":\"https:\/\/psol50.org.br\/psol-reafirma-organizacao-popular-para-barrar-a-retirada-de-direitos-e-o-avanco-da-direita\/#primaryimage\",\"url\":\"https:\/\/psol50.org.br\/inc\/uploads\/2015\/10\/card-manisfestacao-contra-dilma-e-direita-so-imagem-e1448897412703.jpg\",\"contentUrl\":\"https:\/\/psol50.org.br\/inc\/uploads\/2015\/10\/card-manisfestacao-contra-dilma-e-direita-so-imagem-e1448897412703.jpg\",\"width\":1000,\"height\":707},{\"@type\":\"BreadcrumbList\",\"@id\":\"https:\/\/psol50.org.br\/psol-reafirma-organizacao-popular-para-barrar-a-retirada-de-direitos-e-o-avanco-da-direita\/#breadcrumb\",\"itemListElement\":[{\"@type\":\"ListItem\",\"position\":1,\"name\":\"In\u00edcio\",\"item\":\"https:\/\/psol50.org.br\/\"},{\"@type\":\"ListItem\",\"position\":2,\"name\":\"PSOL reafirma organiza\u00e7\u00e3o popular para barrar a retirada de direitos\"}]},{\"@type\":\"WebSite\",\"@id\":\"https:\/\/psol50.org.br\/#website\",\"url\":\"https:\/\/psol50.org.br\/\",\"name\":\"PSOL 50\",\"description\":\"Site oficial do Partido Socialismo e Liberdade\",\"publisher\":{\"@id\":\"https:\/\/psol50.org.br\/#organization\"},\"alternateName\":\"PSOL50\",\"potentialAction\":[{\"@type\":\"SearchAction\",\"target\":{\"@type\":\"EntryPoint\",\"urlTemplate\":\"https:\/\/psol50.org.br\/?s={search_term_string}\"},\"query-input\":{\"@type\":\"PropertyValueSpecification\",\"valueRequired\":true,\"valueName\":\"search_term_string\"}}],\"inLanguage\":\"pt-BR\"},{\"@type\":\"Organization\",\"@id\":\"https:\/\/psol50.org.br\/#organization\",\"name\":\"PSOL 50\",\"alternateName\":\"PSOL 50\",\"url\":\"https:\/\/psol50.org.br\/\",\"logo\":{\"@type\":\"ImageObject\",\"inLanguage\":\"pt-BR\",\"@id\":\"https:\/\/psol50.org.br\/#\/schema\/logo\/image\/\",\"url\":\"https:\/\/psol50.org.br\/inc\/uploads\/2018\/07\/capa.png\",\"contentUrl\":\"https:\/\/psol50.org.br\/inc\/uploads\/2018\/07\/capa.png\",\"width\":1350,\"height\":900,\"caption\":\"PSOL 50\"},\"image\":{\"@id\":\"https:\/\/psol50.org.br\/#\/schema\/logo\/image\/\"},\"sameAs\":[\"https:\/\/www.facebook.com\/psol50\",\"https:\/\/x.com\/psol50\",\"https:\/\/www.instagram.com\/psol50\/\",\"https:\/\/www.youtube.com\/channel\/UC7SnJS5o1os7a6CaiNabzcg\"]},{\"@type\":\"Person\",\"@id\":\"https:\/\/psol50.org.br\/#\/schema\/person\/475dfa57d0b815993c714c2e96491fcd\",\"name\":\"Comunica\u00e7\u00e3o PSOL\",\"image\":{\"@type\":\"ImageObject\",\"inLanguage\":\"pt-BR\",\"@id\":\"https:\/\/psol50.org.br\/#\/schema\/person\/image\/\",\"url\":\"https:\/\/secure.gravatar.com\/avatar\/b34fc4f4e468a4e51785917065a3db57b841f5c95dba6ad8c73aaf8f66f8f9bf?s=96&d=mm&r=g\",\"contentUrl\":\"https:\/\/secure.gravatar.com\/avatar\/b34fc4f4e468a4e51785917065a3db57b841f5c95dba6ad8c73aaf8f66f8f9bf?s=96&d=mm&r=g\",\"caption\":\"Comunica\u00e7\u00e3o PSOL\"}}]}<\/script>\n<!-- \/ Yoast SEO plugin. -->","yoast_head_json":{"title":"PSOL reafirma organiza\u00e7\u00e3o popular para barrar a retirada de direitos - PSOL 50","robots":{"index":"index","follow":"follow","max-snippet":"max-snippet:-1","max-image-preview":"max-image-preview:large","max-video-preview":"max-video-preview:-1"},"canonical":"https:\/\/psol50.org.br\/psol-reafirma-organizacao-popular-para-barrar-a-retirada-de-direitos-e-o-avanco-da-direita\/","og_locale":"pt_BR","og_type":"article","og_title":"PSOL reafirma organiza\u00e7\u00e3o popular para barrar a retirada de direitos - PSOL 50","og_description":"Resolu\u00e7\u00e3o aprovada pela Executiva Nacional enfatiza as cr\u00edticas aos rumos do atual governo e tamb\u00e9m \u00e0s sa\u00eddas apontadas pela oposi\u00e7\u00e3o conservadora Ap\u00f3s um amplo debate sobre a conjuntura, a Executiva Nacional do PSOL, em reuni\u00e3o nesta segunda-feira (05), em Bras\u00edlia, aprovou uma resolu\u00e7\u00e3o apontando a necessidade e a urg\u00eancia de fortalecer e apoiar as mobiliza\u00e7\u00f5es [&hellip;]","og_url":"https:\/\/psol50.org.br\/psol-reafirma-organizacao-popular-para-barrar-a-retirada-de-direitos-e-o-avanco-da-direita\/","og_site_name":"PSOL 50","article_publisher":"https:\/\/www.facebook.com\/psol50","article_published_time":"2015-10-05T20:43:39+00:00","og_image":[{"width":1000,"height":707,"url":"https:\/\/psol50.org.br\/inc\/uploads\/2015\/10\/card-manisfestacao-contra-dilma-e-direita-so-imagem-e1448897412703.jpg","type":"image\/jpeg"}],"author":"Comunica\u00e7\u00e3o PSOL","twitter_card":"summary_large_image","twitter_creator":"@psol50","twitter_site":"@psol50","twitter_misc":{"Escrito por":"Comunica\u00e7\u00e3o PSOL","Est. tempo de leitura":"5 minutos"},"schema":{"@context":"https:\/\/schema.org","@graph":[{"@type":"Article","@id":"https:\/\/psol50.org.br\/psol-reafirma-organizacao-popular-para-barrar-a-retirada-de-direitos-e-o-avanco-da-direita\/#article","isPartOf":{"@id":"https:\/\/psol50.org.br\/psol-reafirma-organizacao-popular-para-barrar-a-retirada-de-direitos-e-o-avanco-da-direita\/"},"author":{"name":"Comunica\u00e7\u00e3o PSOL","@id":"https:\/\/psol50.org.br\/#\/schema\/person\/475dfa57d0b815993c714c2e96491fcd"},"headline":"PSOL reafirma organiza\u00e7\u00e3o popular para barrar a retirada de direitos","datePublished":"2015-10-05T20:43:39+00:00","mainEntityOfPage":{"@id":"https:\/\/psol50.org.br\/psol-reafirma-organizacao-popular-para-barrar-a-retirada-de-direitos-e-o-avanco-da-direita\/"},"wordCount":1074,"commentCount":0,"publisher":{"@id":"https:\/\/psol50.org.br\/#organization"},"image":{"@id":"https:\/\/psol50.org.br\/psol-reafirma-organizacao-popular-para-barrar-a-retirada-de-direitos-e-o-avanco-da-direita\/#primaryimage"},"thumbnailUrl":"https:\/\/psol50.org.br\/inc\/uploads\/2015\/10\/card-manisfestacao-contra-dilma-e-direita-so-imagem-e1448897412703.jpg","keywords":["ajuste fical","Eduardo Cunha","Frente Povo Sem Medo","governo Dilma","oposi\u00e7\u00e3o conservadora","PSOL"],"articleSection":["Brasil","Movimento","Not\u00edcias","Partido"],"inLanguage":"pt-BR","potentialAction":[{"@type":"CommentAction","name":"Comment","target":["https:\/\/psol50.org.br\/psol-reafirma-organizacao-popular-para-barrar-a-retirada-de-direitos-e-o-avanco-da-direita\/#respond"]}]},{"@type":"WebPage","@id":"https:\/\/psol50.org.br\/psol-reafirma-organizacao-popular-para-barrar-a-retirada-de-direitos-e-o-avanco-da-direita\/","url":"https:\/\/psol50.org.br\/psol-reafirma-organizacao-popular-para-barrar-a-retirada-de-direitos-e-o-avanco-da-direita\/","name":"PSOL reafirma organiza\u00e7\u00e3o popular para barrar a retirada de direitos - PSOL 50","isPartOf":{"@id":"https:\/\/psol50.org.br\/#website"},"primaryImageOfPage":{"@id":"https:\/\/psol50.org.br\/psol-reafirma-organizacao-popular-para-barrar-a-retirada-de-direitos-e-o-avanco-da-direita\/#primaryimage"},"image":{"@id":"https:\/\/psol50.org.br\/psol-reafirma-organizacao-popular-para-barrar-a-retirada-de-direitos-e-o-avanco-da-direita\/#primaryimage"},"thumbnailUrl":"https:\/\/psol50.org.br\/inc\/uploads\/2015\/10\/card-manisfestacao-contra-dilma-e-direita-so-imagem-e1448897412703.jpg","datePublished":"2015-10-05T20:43:39+00:00","breadcrumb":{"@id":"https:\/\/psol50.org.br\/psol-reafirma-organizacao-popular-para-barrar-a-retirada-de-direitos-e-o-avanco-da-direita\/#breadcrumb"},"inLanguage":"pt-BR","potentialAction":[{"@type":"ReadAction","target":["https:\/\/psol50.org.br\/psol-reafirma-organizacao-popular-para-barrar-a-retirada-de-direitos-e-o-avanco-da-direita\/"]}]},{"@type":"ImageObject","inLanguage":"pt-BR","@id":"https:\/\/psol50.org.br\/psol-reafirma-organizacao-popular-para-barrar-a-retirada-de-direitos-e-o-avanco-da-direita\/#primaryimage","url":"https:\/\/psol50.org.br\/inc\/uploads\/2015\/10\/card-manisfestacao-contra-dilma-e-direita-so-imagem-e1448897412703.jpg","contentUrl":"https:\/\/psol50.org.br\/inc\/uploads\/2015\/10\/card-manisfestacao-contra-dilma-e-direita-so-imagem-e1448897412703.jpg","width":1000,"height":707},{"@type":"BreadcrumbList","@id":"https:\/\/psol50.org.br\/psol-reafirma-organizacao-popular-para-barrar-a-retirada-de-direitos-e-o-avanco-da-direita\/#breadcrumb","itemListElement":[{"@type":"ListItem","position":1,"name":"In\u00edcio","item":"https:\/\/psol50.org.br\/"},{"@type":"ListItem","position":2,"name":"PSOL reafirma organiza\u00e7\u00e3o popular para barrar a retirada de direitos"}]},{"@type":"WebSite","@id":"https:\/\/psol50.org.br\/#website","url":"https:\/\/psol50.org.br\/","name":"PSOL 50","description":"Site oficial do Partido Socialismo e Liberdade","publisher":{"@id":"https:\/\/psol50.org.br\/#organization"},"alternateName":"PSOL50","potentialAction":[{"@type":"SearchAction","target":{"@type":"EntryPoint","urlTemplate":"https:\/\/psol50.org.br\/?s={search_term_string}"},"query-input":{"@type":"PropertyValueSpecification","valueRequired":true,"valueName":"search_term_string"}}],"inLanguage":"pt-BR"},{"@type":"Organization","@id":"https:\/\/psol50.org.br\/#organization","name":"PSOL 50","alternateName":"PSOL 50","url":"https:\/\/psol50.org.br\/","logo":{"@type":"ImageObject","inLanguage":"pt-BR","@id":"https:\/\/psol50.org.br\/#\/schema\/logo\/image\/","url":"https:\/\/psol50.org.br\/inc\/uploads\/2018\/07\/capa.png","contentUrl":"https:\/\/psol50.org.br\/inc\/uploads\/2018\/07\/capa.png","width":1350,"height":900,"caption":"PSOL 50"},"image":{"@id":"https:\/\/psol50.org.br\/#\/schema\/logo\/image\/"},"sameAs":["https:\/\/www.facebook.com\/psol50","https:\/\/x.com\/psol50","https:\/\/www.instagram.com\/psol50\/","https:\/\/www.youtube.com\/channel\/UC7SnJS5o1os7a6CaiNabzcg"]},{"@type":"Person","@id":"https:\/\/psol50.org.br\/#\/schema\/person\/475dfa57d0b815993c714c2e96491fcd","name":"Comunica\u00e7\u00e3o PSOL","image":{"@type":"ImageObject","inLanguage":"pt-BR","@id":"https:\/\/psol50.org.br\/#\/schema\/person\/image\/","url":"https:\/\/secure.gravatar.com\/avatar\/b34fc4f4e468a4e51785917065a3db57b841f5c95dba6ad8c73aaf8f66f8f9bf?s=96&d=mm&r=g","contentUrl":"https:\/\/secure.gravatar.com\/avatar\/b34fc4f4e468a4e51785917065a3db57b841f5c95dba6ad8c73aaf8f66f8f9bf?s=96&d=mm&r=g","caption":"Comunica\u00e7\u00e3o PSOL"}}]}},"_links":{"self":[{"href":"https:\/\/psol50.org.br\/rest\/wp\/v2\/posts\/10231","targetHints":{"allow":["GET"]}}],"collection":[{"href":"https:\/\/psol50.org.br\/rest\/wp\/v2\/posts"}],"about":[{"href":"https:\/\/psol50.org.br\/rest\/wp\/v2\/types\/post"}],"author":[{"embeddable":true,"href":"https:\/\/psol50.org.br\/rest\/wp\/v2\/users\/2"}],"replies":[{"embeddable":true,"href":"https:\/\/psol50.org.br\/rest\/wp\/v2\/comments?post=10231"}],"version-history":[{"count":0,"href":"https:\/\/psol50.org.br\/rest\/wp\/v2\/posts\/10231\/revisions"}],"wp:featuredmedia":[{"embeddable":true,"href":"https:\/\/psol50.org.br\/rest\/wp\/v2\/media\/10232"}],"wp:attachment":[{"href":"https:\/\/psol50.org.br\/rest\/wp\/v2\/media?parent=10231"}],"wp:term":[{"taxonomy":"category","embeddable":true,"href":"https:\/\/psol50.org.br\/rest\/wp\/v2\/categories?post=10231"},{"taxonomy":"post_tag","embeddable":true,"href":"https:\/\/psol50.org.br\/rest\/wp\/v2\/tags?post=10231"}],"curies":[{"name":"wp","href":"https:\/\/api.w.org\/{rel}","templated":true}]}}