{"id":10242,"date":"2015-10-16T21:07:13","date_gmt":"2015-10-16T21:07:13","guid":{"rendered":"http:\/\/179.190.55.146\/~psol5185\/?p=10242"},"modified":"2015-10-16T21:07:13","modified_gmt":"2015-10-16T21:07:13","slug":"bancarios-fecham-a-segunda-semana-em-greve","status":"publish","type":"post","link":"https:\/\/psol50.org.br\/bancarios-fecham-a-segunda-semana-em-greve\/","title":{"rendered":"Banc\u00e1rios fecham a segunda semana em greve"},"content":{"rendered":"<p><span id=\"Texto\">Desde o dia 6 de outubro, trabalhadores de bancos, p\u00fablicos e privados, est\u00e3o em greve contra a intransig\u00eancia dos bancos. De norte a sul do pa\u00eds mais de 11 mil locais de trabalho j\u00e1 est\u00e3o paralisados, entre ag\u00eancias e centros administrativos.<\/span><br \/>\nSegundo informa\u00e7\u00f5es da Intersindical \u2013 Central da Classe Trabalhadora, na Baixada Santista, mais de 90% dos funcion\u00e1rios participam da paralisa\u00e7\u00e3o nacional. J\u00e1 no Esp\u00edrito Santo, a categoria realiza uma das mais fortes greves dos \u00faltimos anos e 309 ag\u00eancias e departamentos est\u00e3o paralisados. Em S\u00e3o Paulo, maior concentra\u00e7\u00e3o de banc\u00e1rios do pa\u00eds, mais de 50 mil trabalhadores est\u00e3o na greve.<br \/>\nA categoria espera que a Federa\u00e7\u00e3o Nacional dos Bancos (Fenaban) convoque novas negocia\u00e7\u00f5es e apresente uma proposta que atenda as reivindica\u00e7\u00f5es dos trabalhadores.<br \/>\nDe acordo com a Intersindical, enquanto os bancos querem impor uma perda salarial aos funcion\u00e1rios, eles pretendem aumentar a remunera\u00e7\u00e3o dos altos executivos em torno de 81%. \u201cA m\u00e9dia de remunera\u00e7\u00e3o dos diretores de banco \u00e9 de R$ 420 mil por m\u00eas. Ganham em um ano o que um banc\u00e1rio no in\u00edcio de carreira levaria 210 anos para receber\u201d, lembra Edson Carneiro \u00cdndio, diretor do Sindicato dos banc\u00e1rios de S\u00e3o Paulo e funcion\u00e1rio do Bradesco. \u201cApesar disso, t\u00eam a cara-de-pau de apresentar uma proposta que sequer rep\u00f5e a infla\u00e7\u00e3o do per\u00edodo aos que verdadeiramente carrega o piano e mant\u00e9m o atendimento aos clientes, mesmo sob p\u00e9ssimas condi\u00e7\u00f5es de trabalho\u201d, conclui \u00cdndio, que tamb\u00e9m \u00e9 Secret\u00e1rio Geral da Intersindical.<br \/>\nJ\u00e1 o lucro dos bancos n\u00e3o para de crescer. A entidade explica que apenas no primeiro semestre de 2015, os cinco maiores bancos atingiram R$ 36 bilh\u00f5es em lucros. O valor das tarifas subiu 169% acima da infla\u00e7\u00e3o nos \u00faltimos tr\u00eas anos. J\u00e1 as taxas de juros, em todas as modalidades de cr\u00e9dito, s\u00e3o as maiores do mundo. No rotativo do cart\u00e3o de cr\u00e9dito, por exemplo, a taxa de juros m\u00e9dia chegou a 400%. Algumas operadoras de cart\u00e3o chegam a praticar juros de mais de 600% ao ano.<br \/>\n<strong>Press\u00e3o na Fazenda<\/strong><br \/>\nNa \u00faltima quarta-feira (14), os banc\u00e1rios em greve no Distrito Federal foram at\u00e9 a Esplanada dos Minist\u00e9rios pressionar uma das principais institui\u00e7\u00f5es da \u00e1rea econ\u00f4mica do governo federal. Com a participa\u00e7\u00e3o de funcion\u00e1rios de bancos p\u00fablicos e privados de Bras\u00edlia e das v\u00e1rias cidades do DF, o comando de greve promoveu uma manifesta\u00e7\u00e3o em frente ao Minist\u00e9rio da Fazenda, comandado por Joaquim Levy, o maior aliado da presidente Dilma Rousseff nas pol\u00edticas de ajuste fiscal em curso no pa\u00eds.<br \/>\nAl\u00e9m de dialogar com a popula\u00e7\u00e3o sobre as reivindica\u00e7\u00f5es da categoria, que incluem cl\u00e1usulas que afetam diretamente a sociedade, o movimento tem conquistado a ades\u00e3o de novos banc\u00e1rios para a luta.<br \/>\n<strong>Reivindica\u00e7\u00f5es<\/strong><br \/>\nDecidida ap\u00f3s 40 dias de negocia\u00e7\u00e3o, sem sucesso, entre representantes dos trabalhadores e a Fenaban, a greve dos banc\u00e1rios reivindica um reajuste salarial de 16% (reposi\u00e7\u00e3o da infla\u00e7\u00e3o mais 5,7% de aumento real). A Fenaban ofereceu 5,5% de reajuste para os sal\u00e1rios e vales.<br \/>\nSegundo as entidades sindicais que lideram a greve, a contraproposta dos patr\u00f5es n\u00e3o atende \u00e0s necessidades da categoria. Al\u00e9m do reajuste nos sal\u00e1rios, os banc\u00e1rios reivindicam, ainda, garantia de emprego, melhores condi\u00e7\u00f5es de trabalho, com o fim das metas abusivas, e igualdade de oportunidades.<br \/>\n<strong>Apoio do PSOL<\/strong><br \/>\nCom v\u00e1rios militantes atuando no movimento dos banc\u00e1rios, a Executiva Nacional do PSOL aprovou, em reuni\u00e3o do dia 5 de outubro, uma mo\u00e7\u00e3o em apoio \u00e0 greve nacional da categoria. Para a dire\u00e7\u00e3o do partido, a luta desse importante setor da classe trabalhadora \u00e9 leg\u00edtima, em especial num momento em que o ramo financeiro foi um dos \u00fanicos da economia que aumentaram seus lucros, ganhando com a especula\u00e7\u00e3o financeira, com as altas taxas banc\u00e1rias e com a explora\u00e7\u00e3o dos trabalhadores. Na mo\u00e7\u00e3o, o partido tamb\u00e9m repudia a contraproposta apresentada pela entidade patronal.<br \/>\nLeia abaixo o texto completo da mo\u00e7\u00e3o.<br \/>\n<strong>Mo\u00e7\u00e3o de apoio \u00e0 greve dos banc\u00e1rios<\/strong><br \/>\nO ajuste fiscal tem imposto mais arrocho salarial, desemprego e precariza\u00e7\u00e3o das rela\u00e7\u00f5es de trabalho. Diante da grave crise econ\u00f4mica que tem imposto mais dificuldades para os trabalhadores, enquanto o setor financeiro foi um dos \u00fanicos setores econ\u00f4micos que aumentaram seus lucros, ganhando com a especula\u00e7\u00e3o financeira, com as altas taxas banc\u00e1rias e com a explora\u00e7\u00e3o dos trabalhadores e trabalhadoras banc\u00e1rias, consideramos leg\u00edtimas todas as lutas por mais direitos e em defesa do emprego e dos sal\u00e1rios.<br \/>\nPor isso, o PSOL apoia a greve dos trabalhadores banc\u00e1rios do Brasil e repudia a proposta abaixo da infla\u00e7\u00e3o apresentada pela Fenaban aos banc\u00e1rios e banc\u00e1rias, uma verdadeira afronta daqueles que mais lucram no pa\u00eds. Apoiamos a greve que se inicia esta semana. Nosso partido est\u00e1 a postos para fazer avan\u00e7ar essa importante luta.<br \/>\n<strong>Executiva Nacional do PSOL<br \/>\nBras\u00edlia, 5 de outubro de 2015<\/strong><br \/>\n<em>Com informa\u00e7\u00f5es da Intersindical &#8211; Central da Classe Trabalhadora e Sindicato dos Banc\u00e1rios do DF<\/em><\/p>\n","protected":false},"excerpt":{"rendered":"<p>Desde o dia 6 de outubro, trabalhadores de bancos, p\u00fablicos e privados, est\u00e3o em greve contra a intransig\u00eancia dos bancos. De norte a sul do pa\u00eds mais de 11 mil locais de trabalho j\u00e1 est\u00e3o paralisados, entre ag\u00eancias e centros administrativos. Segundo informa\u00e7\u00f5es da Intersindical \u2013 Central da Classe Trabalhadora, na Baixada Santista, mais de [&hellip;]<\/p>\n","protected":false},"author":2,"featured_media":10243,"comment_status":"open","ping_status":"open","sticky":false,"template":"","format":"standard","meta":{"_acf_changed":false,"footnotes":""},"categories":[1882,1104,6],"tags":[4516,4812,221,3174],"class_list":{"0":"post-10242","1":"post","2":"type-post","3":"status-publish","4":"format-standard","5":"has-post-thumbnail","7":"category-brasil","8":"category-movimento","9":"category-noticias","10":"tag-bancarios","11":"tag-fenaban","12":"tag-greve","13":"tag-intersindical-central-da-classe-trabalhadora"},"acf":[],"yoast_head":"<!-- This site is optimized with the Yoast SEO plugin v26.5 - https:\/\/yoast.com\/wordpress\/plugins\/seo\/ -->\n<title>Banc\u00e1rios fecham a segunda semana em greve - PSOL 50<\/title>\n<meta name=\"robots\" content=\"index, follow, max-snippet:-1, max-image-preview:large, max-video-preview:-1\" \/>\n<link rel=\"canonical\" href=\"https:\/\/psol50.org.br\/bancarios-fecham-a-segunda-semana-em-greve\/\" \/>\n<meta property=\"og:locale\" content=\"pt_BR\" \/>\n<meta property=\"og:type\" content=\"article\" \/>\n<meta property=\"og:title\" content=\"Banc\u00e1rios fecham a segunda semana em greve - PSOL 50\" \/>\n<meta property=\"og:description\" content=\"Desde o dia 6 de outubro, trabalhadores de bancos, p\u00fablicos e privados, est\u00e3o em greve contra a intransig\u00eancia dos bancos. De norte a sul do pa\u00eds mais de 11 mil locais de trabalho j\u00e1 est\u00e3o paralisados, entre ag\u00eancias e centros administrativos. Segundo informa\u00e7\u00f5es da Intersindical \u2013 Central da Classe Trabalhadora, na Baixada Santista, mais de [&hellip;]\" \/>\n<meta property=\"og:url\" content=\"https:\/\/psol50.org.br\/bancarios-fecham-a-segunda-semana-em-greve\/\" \/>\n<meta property=\"og:site_name\" content=\"PSOL 50\" \/>\n<meta property=\"article:publisher\" content=\"https:\/\/www.facebook.com\/psol50\" \/>\n<meta property=\"article:published_time\" content=\"2015-10-16T21:07:13+00:00\" \/>\n<meta property=\"og:image\" content=\"https:\/\/psol50.org.br\/inc\/uploads\/2015\/10\/Greve_bancarios_DF.jpg\" \/>\n\t<meta property=\"og:image:width\" content=\"500\" \/>\n\t<meta property=\"og:image:height\" content=\"379\" \/>\n\t<meta property=\"og:image:type\" content=\"image\/jpeg\" \/>\n<meta name=\"author\" content=\"Comunica\u00e7\u00e3o PSOL\" \/>\n<meta name=\"twitter:card\" content=\"summary_large_image\" \/>\n<meta name=\"twitter:creator\" content=\"@psol50\" \/>\n<meta name=\"twitter:site\" content=\"@psol50\" \/>\n<meta name=\"twitter:label1\" content=\"Escrito por\" \/>\n\t<meta name=\"twitter:data1\" content=\"Comunica\u00e7\u00e3o PSOL\" \/>\n\t<meta name=\"twitter:label2\" content=\"Est. tempo de leitura\" \/>\n\t<meta name=\"twitter:data2\" content=\"4 minutos\" \/>\n<script type=\"application\/ld+json\" class=\"yoast-schema-graph\">{\"@context\":\"https:\/\/schema.org\",\"@graph\":[{\"@type\":\"Article\",\"@id\":\"https:\/\/psol50.org.br\/bancarios-fecham-a-segunda-semana-em-greve\/#article\",\"isPartOf\":{\"@id\":\"https:\/\/psol50.org.br\/bancarios-fecham-a-segunda-semana-em-greve\/\"},\"author\":{\"name\":\"Comunica\u00e7\u00e3o PSOL\",\"@id\":\"https:\/\/psol50.org.br\/#\/schema\/person\/475dfa57d0b815993c714c2e96491fcd\"},\"headline\":\"Banc\u00e1rios fecham a segunda semana em greve\",\"datePublished\":\"2015-10-16T21:07:13+00:00\",\"mainEntityOfPage\":{\"@id\":\"https:\/\/psol50.org.br\/bancarios-fecham-a-segunda-semana-em-greve\/\"},\"wordCount\":893,\"commentCount\":0,\"publisher\":{\"@id\":\"https:\/\/psol50.org.br\/#organization\"},\"image\":{\"@id\":\"https:\/\/psol50.org.br\/bancarios-fecham-a-segunda-semana-em-greve\/#primaryimage\"},\"thumbnailUrl\":\"https:\/\/psol50.org.br\/inc\/uploads\/2015\/10\/Greve_bancarios_DF.jpg\",\"keywords\":[\"Banc\u00e1rios\",\"Fenaban\",\"greve\",\"Intersindical - Central da Classe Trabalhadora\"],\"articleSection\":[\"Brasil\",\"Movimento\",\"Not\u00edcias\"],\"inLanguage\":\"pt-BR\",\"potentialAction\":[{\"@type\":\"CommentAction\",\"name\":\"Comment\",\"target\":[\"https:\/\/psol50.org.br\/bancarios-fecham-a-segunda-semana-em-greve\/#respond\"]}]},{\"@type\":\"WebPage\",\"@id\":\"https:\/\/psol50.org.br\/bancarios-fecham-a-segunda-semana-em-greve\/\",\"url\":\"https:\/\/psol50.org.br\/bancarios-fecham-a-segunda-semana-em-greve\/\",\"name\":\"Banc\u00e1rios fecham a segunda semana em greve - PSOL 50\",\"isPartOf\":{\"@id\":\"https:\/\/psol50.org.br\/#website\"},\"primaryImageOfPage\":{\"@id\":\"https:\/\/psol50.org.br\/bancarios-fecham-a-segunda-semana-em-greve\/#primaryimage\"},\"image\":{\"@id\":\"https:\/\/psol50.org.br\/bancarios-fecham-a-segunda-semana-em-greve\/#primaryimage\"},\"thumbnailUrl\":\"https:\/\/psol50.org.br\/inc\/uploads\/2015\/10\/Greve_bancarios_DF.jpg\",\"datePublished\":\"2015-10-16T21:07:13+00:00\",\"breadcrumb\":{\"@id\":\"https:\/\/psol50.org.br\/bancarios-fecham-a-segunda-semana-em-greve\/#breadcrumb\"},\"inLanguage\":\"pt-BR\",\"potentialAction\":[{\"@type\":\"ReadAction\",\"target\":[\"https:\/\/psol50.org.br\/bancarios-fecham-a-segunda-semana-em-greve\/\"]}]},{\"@type\":\"ImageObject\",\"inLanguage\":\"pt-BR\",\"@id\":\"https:\/\/psol50.org.br\/bancarios-fecham-a-segunda-semana-em-greve\/#primaryimage\",\"url\":\"https:\/\/psol50.org.br\/inc\/uploads\/2015\/10\/Greve_bancarios_DF.jpg\",\"contentUrl\":\"https:\/\/psol50.org.br\/inc\/uploads\/2015\/10\/Greve_bancarios_DF.jpg\",\"width\":500,\"height\":379,\"caption\":\"Manifesta\u00e7\u00e3o dos banc\u00e1rios em frente ao Minist\u00e9rio da Fazenda\"},{\"@type\":\"BreadcrumbList\",\"@id\":\"https:\/\/psol50.org.br\/bancarios-fecham-a-segunda-semana-em-greve\/#breadcrumb\",\"itemListElement\":[{\"@type\":\"ListItem\",\"position\":1,\"name\":\"In\u00edcio\",\"item\":\"https:\/\/psol50.org.br\/\"},{\"@type\":\"ListItem\",\"position\":2,\"name\":\"Banc\u00e1rios fecham a segunda semana em greve\"}]},{\"@type\":\"WebSite\",\"@id\":\"https:\/\/psol50.org.br\/#website\",\"url\":\"https:\/\/psol50.org.br\/\",\"name\":\"PSOL 50\",\"description\":\"Site oficial do Partido Socialismo e Liberdade\",\"publisher\":{\"@id\":\"https:\/\/psol50.org.br\/#organization\"},\"alternateName\":\"PSOL50\",\"potentialAction\":[{\"@type\":\"SearchAction\",\"target\":{\"@type\":\"EntryPoint\",\"urlTemplate\":\"https:\/\/psol50.org.br\/?s={search_term_string}\"},\"query-input\":{\"@type\":\"PropertyValueSpecification\",\"valueRequired\":true,\"valueName\":\"search_term_string\"}}],\"inLanguage\":\"pt-BR\"},{\"@type\":\"Organization\",\"@id\":\"https:\/\/psol50.org.br\/#organization\",\"name\":\"PSOL 50\",\"alternateName\":\"PSOL 50\",\"url\":\"https:\/\/psol50.org.br\/\",\"logo\":{\"@type\":\"ImageObject\",\"inLanguage\":\"pt-BR\",\"@id\":\"https:\/\/psol50.org.br\/#\/schema\/logo\/image\/\",\"url\":\"https:\/\/psol50.org.br\/inc\/uploads\/2018\/07\/capa.png\",\"contentUrl\":\"https:\/\/psol50.org.br\/inc\/uploads\/2018\/07\/capa.png\",\"width\":1350,\"height\":900,\"caption\":\"PSOL 50\"},\"image\":{\"@id\":\"https:\/\/psol50.org.br\/#\/schema\/logo\/image\/\"},\"sameAs\":[\"https:\/\/www.facebook.com\/psol50\",\"https:\/\/x.com\/psol50\",\"https:\/\/www.instagram.com\/psol50\/\",\"https:\/\/www.youtube.com\/channel\/UC7SnJS5o1os7a6CaiNabzcg\"]},{\"@type\":\"Person\",\"@id\":\"https:\/\/psol50.org.br\/#\/schema\/person\/475dfa57d0b815993c714c2e96491fcd\",\"name\":\"Comunica\u00e7\u00e3o PSOL\",\"image\":{\"@type\":\"ImageObject\",\"inLanguage\":\"pt-BR\",\"@id\":\"https:\/\/psol50.org.br\/#\/schema\/person\/image\/\",\"url\":\"https:\/\/secure.gravatar.com\/avatar\/b34fc4f4e468a4e51785917065a3db57b841f5c95dba6ad8c73aaf8f66f8f9bf?s=96&d=mm&r=g\",\"contentUrl\":\"https:\/\/secure.gravatar.com\/avatar\/b34fc4f4e468a4e51785917065a3db57b841f5c95dba6ad8c73aaf8f66f8f9bf?s=96&d=mm&r=g\",\"caption\":\"Comunica\u00e7\u00e3o PSOL\"}}]}<\/script>\n<!-- \/ Yoast SEO plugin. -->","yoast_head_json":{"title":"Banc\u00e1rios fecham a segunda semana em greve - PSOL 50","robots":{"index":"index","follow":"follow","max-snippet":"max-snippet:-1","max-image-preview":"max-image-preview:large","max-video-preview":"max-video-preview:-1"},"canonical":"https:\/\/psol50.org.br\/bancarios-fecham-a-segunda-semana-em-greve\/","og_locale":"pt_BR","og_type":"article","og_title":"Banc\u00e1rios fecham a segunda semana em greve - PSOL 50","og_description":"Desde o dia 6 de outubro, trabalhadores de bancos, p\u00fablicos e privados, est\u00e3o em greve contra a intransig\u00eancia dos bancos. De norte a sul do pa\u00eds mais de 11 mil locais de trabalho j\u00e1 est\u00e3o paralisados, entre ag\u00eancias e centros administrativos. Segundo informa\u00e7\u00f5es da Intersindical \u2013 Central da Classe Trabalhadora, na Baixada Santista, mais de [&hellip;]","og_url":"https:\/\/psol50.org.br\/bancarios-fecham-a-segunda-semana-em-greve\/","og_site_name":"PSOL 50","article_publisher":"https:\/\/www.facebook.com\/psol50","article_published_time":"2015-10-16T21:07:13+00:00","og_image":[{"width":500,"height":379,"url":"https:\/\/psol50.org.br\/inc\/uploads\/2015\/10\/Greve_bancarios_DF.jpg","type":"image\/jpeg"}],"author":"Comunica\u00e7\u00e3o PSOL","twitter_card":"summary_large_image","twitter_creator":"@psol50","twitter_site":"@psol50","twitter_misc":{"Escrito por":"Comunica\u00e7\u00e3o PSOL","Est. tempo de leitura":"4 minutos"},"schema":{"@context":"https:\/\/schema.org","@graph":[{"@type":"Article","@id":"https:\/\/psol50.org.br\/bancarios-fecham-a-segunda-semana-em-greve\/#article","isPartOf":{"@id":"https:\/\/psol50.org.br\/bancarios-fecham-a-segunda-semana-em-greve\/"},"author":{"name":"Comunica\u00e7\u00e3o PSOL","@id":"https:\/\/psol50.org.br\/#\/schema\/person\/475dfa57d0b815993c714c2e96491fcd"},"headline":"Banc\u00e1rios fecham a segunda semana em greve","datePublished":"2015-10-16T21:07:13+00:00","mainEntityOfPage":{"@id":"https:\/\/psol50.org.br\/bancarios-fecham-a-segunda-semana-em-greve\/"},"wordCount":893,"commentCount":0,"publisher":{"@id":"https:\/\/psol50.org.br\/#organization"},"image":{"@id":"https:\/\/psol50.org.br\/bancarios-fecham-a-segunda-semana-em-greve\/#primaryimage"},"thumbnailUrl":"https:\/\/psol50.org.br\/inc\/uploads\/2015\/10\/Greve_bancarios_DF.jpg","keywords":["Banc\u00e1rios","Fenaban","greve","Intersindical - Central da Classe Trabalhadora"],"articleSection":["Brasil","Movimento","Not\u00edcias"],"inLanguage":"pt-BR","potentialAction":[{"@type":"CommentAction","name":"Comment","target":["https:\/\/psol50.org.br\/bancarios-fecham-a-segunda-semana-em-greve\/#respond"]}]},{"@type":"WebPage","@id":"https:\/\/psol50.org.br\/bancarios-fecham-a-segunda-semana-em-greve\/","url":"https:\/\/psol50.org.br\/bancarios-fecham-a-segunda-semana-em-greve\/","name":"Banc\u00e1rios fecham a segunda semana em greve - PSOL 50","isPartOf":{"@id":"https:\/\/psol50.org.br\/#website"},"primaryImageOfPage":{"@id":"https:\/\/psol50.org.br\/bancarios-fecham-a-segunda-semana-em-greve\/#primaryimage"},"image":{"@id":"https:\/\/psol50.org.br\/bancarios-fecham-a-segunda-semana-em-greve\/#primaryimage"},"thumbnailUrl":"https:\/\/psol50.org.br\/inc\/uploads\/2015\/10\/Greve_bancarios_DF.jpg","datePublished":"2015-10-16T21:07:13+00:00","breadcrumb":{"@id":"https:\/\/psol50.org.br\/bancarios-fecham-a-segunda-semana-em-greve\/#breadcrumb"},"inLanguage":"pt-BR","potentialAction":[{"@type":"ReadAction","target":["https:\/\/psol50.org.br\/bancarios-fecham-a-segunda-semana-em-greve\/"]}]},{"@type":"ImageObject","inLanguage":"pt-BR","@id":"https:\/\/psol50.org.br\/bancarios-fecham-a-segunda-semana-em-greve\/#primaryimage","url":"https:\/\/psol50.org.br\/inc\/uploads\/2015\/10\/Greve_bancarios_DF.jpg","contentUrl":"https:\/\/psol50.org.br\/inc\/uploads\/2015\/10\/Greve_bancarios_DF.jpg","width":500,"height":379,"caption":"Manifesta\u00e7\u00e3o dos banc\u00e1rios em frente ao Minist\u00e9rio da Fazenda"},{"@type":"BreadcrumbList","@id":"https:\/\/psol50.org.br\/bancarios-fecham-a-segunda-semana-em-greve\/#breadcrumb","itemListElement":[{"@type":"ListItem","position":1,"name":"In\u00edcio","item":"https:\/\/psol50.org.br\/"},{"@type":"ListItem","position":2,"name":"Banc\u00e1rios fecham a segunda semana em greve"}]},{"@type":"WebSite","@id":"https:\/\/psol50.org.br\/#website","url":"https:\/\/psol50.org.br\/","name":"PSOL 50","description":"Site oficial do Partido Socialismo e Liberdade","publisher":{"@id":"https:\/\/psol50.org.br\/#organization"},"alternateName":"PSOL50","potentialAction":[{"@type":"SearchAction","target":{"@type":"EntryPoint","urlTemplate":"https:\/\/psol50.org.br\/?s={search_term_string}"},"query-input":{"@type":"PropertyValueSpecification","valueRequired":true,"valueName":"search_term_string"}}],"inLanguage":"pt-BR"},{"@type":"Organization","@id":"https:\/\/psol50.org.br\/#organization","name":"PSOL 50","alternateName":"PSOL 50","url":"https:\/\/psol50.org.br\/","logo":{"@type":"ImageObject","inLanguage":"pt-BR","@id":"https:\/\/psol50.org.br\/#\/schema\/logo\/image\/","url":"https:\/\/psol50.org.br\/inc\/uploads\/2018\/07\/capa.png","contentUrl":"https:\/\/psol50.org.br\/inc\/uploads\/2018\/07\/capa.png","width":1350,"height":900,"caption":"PSOL 50"},"image":{"@id":"https:\/\/psol50.org.br\/#\/schema\/logo\/image\/"},"sameAs":["https:\/\/www.facebook.com\/psol50","https:\/\/x.com\/psol50","https:\/\/www.instagram.com\/psol50\/","https:\/\/www.youtube.com\/channel\/UC7SnJS5o1os7a6CaiNabzcg"]},{"@type":"Person","@id":"https:\/\/psol50.org.br\/#\/schema\/person\/475dfa57d0b815993c714c2e96491fcd","name":"Comunica\u00e7\u00e3o PSOL","image":{"@type":"ImageObject","inLanguage":"pt-BR","@id":"https:\/\/psol50.org.br\/#\/schema\/person\/image\/","url":"https:\/\/secure.gravatar.com\/avatar\/b34fc4f4e468a4e51785917065a3db57b841f5c95dba6ad8c73aaf8f66f8f9bf?s=96&d=mm&r=g","contentUrl":"https:\/\/secure.gravatar.com\/avatar\/b34fc4f4e468a4e51785917065a3db57b841f5c95dba6ad8c73aaf8f66f8f9bf?s=96&d=mm&r=g","caption":"Comunica\u00e7\u00e3o PSOL"}}]}},"_links":{"self":[{"href":"https:\/\/psol50.org.br\/rest\/wp\/v2\/posts\/10242","targetHints":{"allow":["GET"]}}],"collection":[{"href":"https:\/\/psol50.org.br\/rest\/wp\/v2\/posts"}],"about":[{"href":"https:\/\/psol50.org.br\/rest\/wp\/v2\/types\/post"}],"author":[{"embeddable":true,"href":"https:\/\/psol50.org.br\/rest\/wp\/v2\/users\/2"}],"replies":[{"embeddable":true,"href":"https:\/\/psol50.org.br\/rest\/wp\/v2\/comments?post=10242"}],"version-history":[{"count":0,"href":"https:\/\/psol50.org.br\/rest\/wp\/v2\/posts\/10242\/revisions"}],"wp:featuredmedia":[{"embeddable":true,"href":"https:\/\/psol50.org.br\/rest\/wp\/v2\/media\/10243"}],"wp:attachment":[{"href":"https:\/\/psol50.org.br\/rest\/wp\/v2\/media?parent=10242"}],"wp:term":[{"taxonomy":"category","embeddable":true,"href":"https:\/\/psol50.org.br\/rest\/wp\/v2\/categories?post=10242"},{"taxonomy":"post_tag","embeddable":true,"href":"https:\/\/psol50.org.br\/rest\/wp\/v2\/tags?post=10242"}],"curies":[{"name":"wp","href":"https:\/\/api.w.org\/{rel}","templated":true}]}}