{"id":10246,"date":"2015-10-16T21:10:58","date_gmt":"2015-10-16T21:10:58","guid":{"rendered":"http:\/\/179.190.55.146\/~psol5185\/?p=10246"},"modified":"2015-10-16T21:10:58","modified_gmt":"2015-10-16T21:10:58","slug":"incendio-na-terra-indigena-arariboia-ma-atinge-grupo-awa-em-situacao-de-isolamento-voluntario","status":"publish","type":"post","link":"https:\/\/psol50.org.br\/incendio-na-terra-indigena-arariboia-ma-atinge-grupo-awa-em-situacao-de-isolamento-voluntario\/","title":{"rendered":"Inc\u00eandio na terra ind\u00edgena Arariboia atinge grupo Aw\u00e1 em isolamento volunt\u00e1rio"},"content":{"rendered":"<p><span id=\"Texto\">O inc\u00eandio que j\u00e1 transformou em cinzas mais de 30% de floresta amaz\u00f4nica integrada \u00e0 Terra Ind\u00edgena Arariboia (MA), \u00e1rea com 413 mil hectares, chegou aos grupos Aw\u00e1-Guaj\u00e1 em situa\u00e7\u00e3o de isolamento volunt\u00e1rio. Ind\u00edgenas Guajajara integrantes da equipe de 200 brigadistas que combatem uma faixa de 100 km de fogo (foto, Ibama) encontraram vest\u00edgios dos Aw\u00e1, como um tapiri, utens\u00edlios (flechas) e rastros, a poucos metros de focos de inc\u00eandio, num per\u00edmetro composto por cerca de 65 km da linha de fogo, e em \u00e1reas j\u00e1 devastadas pelas chamas. Mesmo que escapem do fogo, os Guajajara temem que os Aw\u00e1 isolados tenham dificuldades em se alimentar por conta da morte de animais, \u00e1rvores frut\u00edferas, colmeias e a inviabiliza\u00e7\u00e3o das fontes de \u00e1gua.<\/span><br \/>\n\u201cNesse tapiri havia resto de fogo e comida, rastros de ind\u00edgenas, inclusive de crian\u00e7as, e uma flecha quebrada no centro do tapiri, como que deixando uma mensagem. Relataram ainda que ontem chegou, na aldeia Tarafa, regi\u00e3o do munic\u00edpio de Arame, um macaco muito manso e amarrado com uma embira. Os ind\u00edgenas est\u00e3o supondo que seja dos Aw\u00e1\u201d, relata Rosimeire Diniz, do Conselho Indigenista Mission\u00e1rio (Cimi) Regional Maranh\u00e3o. Para quem acompanha o inc\u00eandio, o combatendo ou cobrando as autoridades medidas mais efetivas, a angustia \u00e9 maior porque a faixa de fogo aumenta a cada dia.<br \/>\nOs Guajajara afirmam que os Aw\u00e1 est\u00e3o encurralados pelos focos de inc\u00eandio; que fogem e tentam se proteger. A not\u00edcia de Aw\u00e1 mortos, por\u00e9m, n\u00e3o \u00e9 confirmada pelos ind\u00edgenas, pelo Cimi ou \u00f3rg\u00e3os estatais, mas \u201cse n\u00e3o houver uma a\u00e7\u00e3o mais efetiva por parte dos governos estadual e federal, a trag\u00e9dia poder\u00e1 ficar ainda maior e atingir sim mortalmente os isolados, for\u00e7ando um contato\u201d, diz a mission\u00e1ria e indigenista. Em Bras\u00edlia, ind\u00edgenas realizaram, na semana passada, um protesto no Minist\u00e9rio da Justi\u00e7a pedindo uma a\u00e7\u00e3o mais efetiva do governo no combate ao inc\u00eandio.<br \/>\n\u201cTrata-se de genoc\u00eddio porque dois povos ind\u00edgenas, sendo um deles isolado, est\u00e3o sob o risco de desaparecer caso o inc\u00eandio n\u00e3o seja controlado\u201d, analisa S\u00f4nia Guajajara, da Articula\u00e7\u00e3o dos Povos Ind\u00edgenas do Brasil (Apib). Para o Ibama, a causa do inc\u00eandio \u00e9 criminosa e uma investiga\u00e7\u00e3o dever\u00e1 apurar os respons\u00e1veis. A estimativa do \u00f3rg\u00e3o \u00e9 de que 200 quil\u00f4metros quadrados de floresta foram queimados. Lideran\u00e7as ind\u00edgenas afirmam que madeireiros e grileiros aproveitaram o tempo seco, o vento e a degrada\u00e7\u00e3o j\u00e1 causada por anos e anos de devasta\u00e7\u00e3o ambiental para atear fogo em distintas regi\u00f5es da terra ind\u00edgena. A a\u00e7\u00e3o criminosa seria em repres\u00e1lia ao controle dos ind\u00edgenas contra os invasores do territ\u00f3rio tradicional.<br \/>\nNo in\u00edcio dessa semana, o inc\u00eandio chegou \u00e0 aldeia Ju\u00e7aral, na regi\u00e3o do munic\u00edpio de Amarante. \u201cOs ind\u00edgenas nos d\u00e3o relatos desesperados e o cen\u00e1rio \u00e9 desolador. Uma floresta frondosa e rica, que concede a vida a esses povos, agora \u00e9 apenas carv\u00e3o, cinzas e fuma\u00e7a. S\u00e3o poucos brigadistas para uma faixa imensa de fogo\u201d, afirma Rosimeire.<br \/>\nPara deixar a situa\u00e7\u00e3o ainda mais dram\u00e1tica, o Cimi recebeu informa\u00e7\u00f5es de que na quarta-feira (14), madeireiros atearam fogo tamb\u00e9m na Terra Ind\u00edgena Alto Turia\u00e7\u00fa, habitada pelo povo Ka&#8217;apor. No caso, seria uma repres\u00e1lia contra as a\u00e7\u00f5es de prote\u00e7\u00e3o da terra feita pelos ind\u00edgenas nos \u00faltimos meses, que terminou com o assassinato de uma lideran\u00e7a Ka\u2019apor. A terra ind\u00edgena \u00e9 alvo de constantes invas\u00f5es de madeireiros: segundo o Greenpeace, at\u00e9 2014, 8% (41 mil hectares) dela foram desmatados. Com isso, de acordo com o Relat\u00f3rio de Viol\u00eancia do Cimi, quatro \u00edndios Ka\u2019apor acabaram mortos e outros 15 sofreram atentados nos \u00faltimos quatro anos.<br \/>\n<span id=\"Texto\">Fonte: <em>Cimi<\/em><\/span><br \/>\n&nbsp;<br \/>\n[review]<\/p>\n","protected":false},"excerpt":{"rendered":"<p>O inc\u00eandio que j\u00e1 transformou em cinzas mais de 30% de floresta amaz\u00f4nica integrada \u00e0 Terra Ind\u00edgena Arariboia (MA), \u00e1rea com 413 mil hectares, chegou aos grupos Aw\u00e1-Guaj\u00e1 em situa\u00e7\u00e3o de isolamento volunt\u00e1rio. Ind\u00edgenas Guajajara integrantes da equipe de 200 brigadistas que combatem uma faixa de 100 km de fogo (foto, Ibama) encontraram vest\u00edgios dos [&hellip;]<\/p>\n","protected":false},"author":2,"featured_media":10247,"comment_status":"open","ping_status":"open","sticky":false,"template":"","format":"standard","meta":{"_acf_changed":false,"footnotes":""},"categories":[1882,6],"tags":[4813,4814,3145,124,12,4815],"class_list":{"0":"post-10246","1":"post","2":"type-post","3":"status-publish","4":"format-standard","5":"has-post-thumbnail","7":"category-brasil","8":"category-noticias","9":"tag-awa","10":"tag-awa-guaja","11":"tag-cimi","12":"tag-guajajara","13":"tag-indigenas","14":"tag-terra-indigena-arariboia"},"acf":[],"yoast_head":"<!-- This site is optimized with the Yoast SEO plugin v26.5 - https:\/\/yoast.com\/wordpress\/plugins\/seo\/ -->\n<title>Inc\u00eandio na terra ind\u00edgena Arariboia atinge grupo Aw\u00e1 em isolamento volunt\u00e1rio - PSOL 50<\/title>\n<meta name=\"robots\" content=\"index, follow, max-snippet:-1, max-image-preview:large, max-video-preview:-1\" \/>\n<link rel=\"canonical\" href=\"https:\/\/psol50.org.br\/incendio-na-terra-indigena-arariboia-ma-atinge-grupo-awa-em-situacao-de-isolamento-voluntario\/\" \/>\n<meta property=\"og:locale\" content=\"pt_BR\" \/>\n<meta property=\"og:type\" content=\"article\" \/>\n<meta property=\"og:title\" content=\"Inc\u00eandio na terra ind\u00edgena Arariboia atinge grupo Aw\u00e1 em isolamento volunt\u00e1rio - PSOL 50\" \/>\n<meta property=\"og:description\" content=\"O inc\u00eandio que j\u00e1 transformou em cinzas mais de 30% de floresta amaz\u00f4nica integrada \u00e0 Terra Ind\u00edgena Arariboia (MA), \u00e1rea com 413 mil hectares, chegou aos grupos Aw\u00e1-Guaj\u00e1 em situa\u00e7\u00e3o de isolamento volunt\u00e1rio. Ind\u00edgenas Guajajara integrantes da equipe de 200 brigadistas que combatem uma faixa de 100 km de fogo (foto, Ibama) encontraram vest\u00edgios dos [&hellip;]\" \/>\n<meta property=\"og:url\" content=\"https:\/\/psol50.org.br\/incendio-na-terra-indigena-arariboia-ma-atinge-grupo-awa-em-situacao-de-isolamento-voluntario\/\" \/>\n<meta property=\"og:site_name\" content=\"PSOL 50\" \/>\n<meta property=\"article:publisher\" content=\"https:\/\/www.facebook.com\/psol50\" \/>\n<meta property=\"article:published_time\" content=\"2015-10-16T21:10:58+00:00\" \/>\n<meta property=\"og:image\" content=\"https:\/\/psol50.org.br\/inc\/uploads\/2015\/10\/Incendio-terra-indigena-EBC-e1451412791879.jpg\" \/>\n\t<meta property=\"og:image:width\" content=\"900\" \/>\n\t<meta property=\"og:image:height\" content=\"422\" \/>\n\t<meta property=\"og:image:type\" content=\"image\/jpeg\" \/>\n<meta name=\"author\" content=\"Comunica\u00e7\u00e3o PSOL\" \/>\n<meta name=\"twitter:card\" content=\"summary_large_image\" \/>\n<meta name=\"twitter:creator\" content=\"@psol50\" \/>\n<meta name=\"twitter:site\" content=\"@psol50\" \/>\n<meta name=\"twitter:label1\" content=\"Escrito por\" \/>\n\t<meta name=\"twitter:data1\" content=\"Comunica\u00e7\u00e3o PSOL\" \/>\n\t<meta name=\"twitter:label2\" content=\"Est. tempo de leitura\" \/>\n\t<meta name=\"twitter:data2\" content=\"3 minutos\" \/>\n<script type=\"application\/ld+json\" class=\"yoast-schema-graph\">{\"@context\":\"https:\/\/schema.org\",\"@graph\":[{\"@type\":\"Article\",\"@id\":\"https:\/\/psol50.org.br\/incendio-na-terra-indigena-arariboia-ma-atinge-grupo-awa-em-situacao-de-isolamento-voluntario\/#article\",\"isPartOf\":{\"@id\":\"https:\/\/psol50.org.br\/incendio-na-terra-indigena-arariboia-ma-atinge-grupo-awa-em-situacao-de-isolamento-voluntario\/\"},\"author\":{\"name\":\"Comunica\u00e7\u00e3o PSOL\",\"@id\":\"https:\/\/psol50.org.br\/#\/schema\/person\/475dfa57d0b815993c714c2e96491fcd\"},\"headline\":\"Inc\u00eandio na terra ind\u00edgena Arariboia atinge grupo Aw\u00e1 em isolamento volunt\u00e1rio\",\"datePublished\":\"2015-10-16T21:10:58+00:00\",\"mainEntityOfPage\":{\"@id\":\"https:\/\/psol50.org.br\/incendio-na-terra-indigena-arariboia-ma-atinge-grupo-awa-em-situacao-de-isolamento-voluntario\/\"},\"wordCount\":672,\"commentCount\":0,\"publisher\":{\"@id\":\"https:\/\/psol50.org.br\/#organization\"},\"image\":{\"@id\":\"https:\/\/psol50.org.br\/incendio-na-terra-indigena-arariboia-ma-atinge-grupo-awa-em-situacao-de-isolamento-voluntario\/#primaryimage\"},\"thumbnailUrl\":\"https:\/\/psol50.org.br\/inc\/uploads\/2015\/10\/Incendio-terra-indigena-EBC-e1451412791879.jpg\",\"keywords\":[\"Aw\u00e1\",\"Aw\u00e1-Guaj\u00e1\",\"Cimi\",\"guajajara\",\"Ind\u00edgenas\",\"Terra Ind\u00edgena Arariboia\"],\"articleSection\":[\"Brasil\",\"Not\u00edcias\"],\"inLanguage\":\"pt-BR\",\"potentialAction\":[{\"@type\":\"CommentAction\",\"name\":\"Comment\",\"target\":[\"https:\/\/psol50.org.br\/incendio-na-terra-indigena-arariboia-ma-atinge-grupo-awa-em-situacao-de-isolamento-voluntario\/#respond\"]}]},{\"@type\":\"WebPage\",\"@id\":\"https:\/\/psol50.org.br\/incendio-na-terra-indigena-arariboia-ma-atinge-grupo-awa-em-situacao-de-isolamento-voluntario\/\",\"url\":\"https:\/\/psol50.org.br\/incendio-na-terra-indigena-arariboia-ma-atinge-grupo-awa-em-situacao-de-isolamento-voluntario\/\",\"name\":\"Inc\u00eandio na terra ind\u00edgena Arariboia atinge grupo Aw\u00e1 em isolamento volunt\u00e1rio - PSOL 50\",\"isPartOf\":{\"@id\":\"https:\/\/psol50.org.br\/#website\"},\"primaryImageOfPage\":{\"@id\":\"https:\/\/psol50.org.br\/incendio-na-terra-indigena-arariboia-ma-atinge-grupo-awa-em-situacao-de-isolamento-voluntario\/#primaryimage\"},\"image\":{\"@id\":\"https:\/\/psol50.org.br\/incendio-na-terra-indigena-arariboia-ma-atinge-grupo-awa-em-situacao-de-isolamento-voluntario\/#primaryimage\"},\"thumbnailUrl\":\"https:\/\/psol50.org.br\/inc\/uploads\/2015\/10\/Incendio-terra-indigena-EBC-e1451412791879.jpg\",\"datePublished\":\"2015-10-16T21:10:58+00:00\",\"breadcrumb\":{\"@id\":\"https:\/\/psol50.org.br\/incendio-na-terra-indigena-arariboia-ma-atinge-grupo-awa-em-situacao-de-isolamento-voluntario\/#breadcrumb\"},\"inLanguage\":\"pt-BR\",\"potentialAction\":[{\"@type\":\"ReadAction\",\"target\":[\"https:\/\/psol50.org.br\/incendio-na-terra-indigena-arariboia-ma-atinge-grupo-awa-em-situacao-de-isolamento-voluntario\/\"]}]},{\"@type\":\"ImageObject\",\"inLanguage\":\"pt-BR\",\"@id\":\"https:\/\/psol50.org.br\/incendio-na-terra-indigena-arariboia-ma-atinge-grupo-awa-em-situacao-de-isolamento-voluntario\/#primaryimage\",\"url\":\"https:\/\/psol50.org.br\/inc\/uploads\/2015\/10\/Incendio-terra-indigena-EBC-e1451412791879.jpg\",\"contentUrl\":\"https:\/\/psol50.org.br\/inc\/uploads\/2015\/10\/Incendio-terra-indigena-EBC-e1451412791879.jpg\",\"width\":900,\"height\":422,\"caption\":\"Imagens do incendio\"},{\"@type\":\"BreadcrumbList\",\"@id\":\"https:\/\/psol50.org.br\/incendio-na-terra-indigena-arariboia-ma-atinge-grupo-awa-em-situacao-de-isolamento-voluntario\/#breadcrumb\",\"itemListElement\":[{\"@type\":\"ListItem\",\"position\":1,\"name\":\"In\u00edcio\",\"item\":\"https:\/\/psol50.org.br\/\"},{\"@type\":\"ListItem\",\"position\":2,\"name\":\"Inc\u00eandio na terra ind\u00edgena Arariboia atinge grupo Aw\u00e1 em isolamento volunt\u00e1rio\"}]},{\"@type\":\"WebSite\",\"@id\":\"https:\/\/psol50.org.br\/#website\",\"url\":\"https:\/\/psol50.org.br\/\",\"name\":\"PSOL 50\",\"description\":\"Site oficial do Partido Socialismo e Liberdade\",\"publisher\":{\"@id\":\"https:\/\/psol50.org.br\/#organization\"},\"alternateName\":\"PSOL50\",\"potentialAction\":[{\"@type\":\"SearchAction\",\"target\":{\"@type\":\"EntryPoint\",\"urlTemplate\":\"https:\/\/psol50.org.br\/?s={search_term_string}\"},\"query-input\":{\"@type\":\"PropertyValueSpecification\",\"valueRequired\":true,\"valueName\":\"search_term_string\"}}],\"inLanguage\":\"pt-BR\"},{\"@type\":\"Organization\",\"@id\":\"https:\/\/psol50.org.br\/#organization\",\"name\":\"PSOL 50\",\"alternateName\":\"PSOL 50\",\"url\":\"https:\/\/psol50.org.br\/\",\"logo\":{\"@type\":\"ImageObject\",\"inLanguage\":\"pt-BR\",\"@id\":\"https:\/\/psol50.org.br\/#\/schema\/logo\/image\/\",\"url\":\"https:\/\/psol50.org.br\/inc\/uploads\/2018\/07\/capa.png\",\"contentUrl\":\"https:\/\/psol50.org.br\/inc\/uploads\/2018\/07\/capa.png\",\"width\":1350,\"height\":900,\"caption\":\"PSOL 50\"},\"image\":{\"@id\":\"https:\/\/psol50.org.br\/#\/schema\/logo\/image\/\"},\"sameAs\":[\"https:\/\/www.facebook.com\/psol50\",\"https:\/\/x.com\/psol50\",\"https:\/\/www.instagram.com\/psol50\/\",\"https:\/\/www.youtube.com\/channel\/UC7SnJS5o1os7a6CaiNabzcg\"]},{\"@type\":\"Person\",\"@id\":\"https:\/\/psol50.org.br\/#\/schema\/person\/475dfa57d0b815993c714c2e96491fcd\",\"name\":\"Comunica\u00e7\u00e3o PSOL\",\"image\":{\"@type\":\"ImageObject\",\"inLanguage\":\"pt-BR\",\"@id\":\"https:\/\/psol50.org.br\/#\/schema\/person\/image\/\",\"url\":\"https:\/\/secure.gravatar.com\/avatar\/b34fc4f4e468a4e51785917065a3db57b841f5c95dba6ad8c73aaf8f66f8f9bf?s=96&d=mm&r=g\",\"contentUrl\":\"https:\/\/secure.gravatar.com\/avatar\/b34fc4f4e468a4e51785917065a3db57b841f5c95dba6ad8c73aaf8f66f8f9bf?s=96&d=mm&r=g\",\"caption\":\"Comunica\u00e7\u00e3o PSOL\"}}]}<\/script>\n<!-- \/ Yoast SEO plugin. -->","yoast_head_json":{"title":"Inc\u00eandio na terra ind\u00edgena Arariboia atinge grupo Aw\u00e1 em isolamento volunt\u00e1rio - PSOL 50","robots":{"index":"index","follow":"follow","max-snippet":"max-snippet:-1","max-image-preview":"max-image-preview:large","max-video-preview":"max-video-preview:-1"},"canonical":"https:\/\/psol50.org.br\/incendio-na-terra-indigena-arariboia-ma-atinge-grupo-awa-em-situacao-de-isolamento-voluntario\/","og_locale":"pt_BR","og_type":"article","og_title":"Inc\u00eandio na terra ind\u00edgena Arariboia atinge grupo Aw\u00e1 em isolamento volunt\u00e1rio - PSOL 50","og_description":"O inc\u00eandio que j\u00e1 transformou em cinzas mais de 30% de floresta amaz\u00f4nica integrada \u00e0 Terra Ind\u00edgena Arariboia (MA), \u00e1rea com 413 mil hectares, chegou aos grupos Aw\u00e1-Guaj\u00e1 em situa\u00e7\u00e3o de isolamento volunt\u00e1rio. Ind\u00edgenas Guajajara integrantes da equipe de 200 brigadistas que combatem uma faixa de 100 km de fogo (foto, Ibama) encontraram vest\u00edgios dos [&hellip;]","og_url":"https:\/\/psol50.org.br\/incendio-na-terra-indigena-arariboia-ma-atinge-grupo-awa-em-situacao-de-isolamento-voluntario\/","og_site_name":"PSOL 50","article_publisher":"https:\/\/www.facebook.com\/psol50","article_published_time":"2015-10-16T21:10:58+00:00","og_image":[{"width":900,"height":422,"url":"https:\/\/psol50.org.br\/inc\/uploads\/2015\/10\/Incendio-terra-indigena-EBC-e1451412791879.jpg","type":"image\/jpeg"}],"author":"Comunica\u00e7\u00e3o PSOL","twitter_card":"summary_large_image","twitter_creator":"@psol50","twitter_site":"@psol50","twitter_misc":{"Escrito por":"Comunica\u00e7\u00e3o PSOL","Est. tempo de leitura":"3 minutos"},"schema":{"@context":"https:\/\/schema.org","@graph":[{"@type":"Article","@id":"https:\/\/psol50.org.br\/incendio-na-terra-indigena-arariboia-ma-atinge-grupo-awa-em-situacao-de-isolamento-voluntario\/#article","isPartOf":{"@id":"https:\/\/psol50.org.br\/incendio-na-terra-indigena-arariboia-ma-atinge-grupo-awa-em-situacao-de-isolamento-voluntario\/"},"author":{"name":"Comunica\u00e7\u00e3o PSOL","@id":"https:\/\/psol50.org.br\/#\/schema\/person\/475dfa57d0b815993c714c2e96491fcd"},"headline":"Inc\u00eandio na terra ind\u00edgena Arariboia atinge grupo Aw\u00e1 em isolamento volunt\u00e1rio","datePublished":"2015-10-16T21:10:58+00:00","mainEntityOfPage":{"@id":"https:\/\/psol50.org.br\/incendio-na-terra-indigena-arariboia-ma-atinge-grupo-awa-em-situacao-de-isolamento-voluntario\/"},"wordCount":672,"commentCount":0,"publisher":{"@id":"https:\/\/psol50.org.br\/#organization"},"image":{"@id":"https:\/\/psol50.org.br\/incendio-na-terra-indigena-arariboia-ma-atinge-grupo-awa-em-situacao-de-isolamento-voluntario\/#primaryimage"},"thumbnailUrl":"https:\/\/psol50.org.br\/inc\/uploads\/2015\/10\/Incendio-terra-indigena-EBC-e1451412791879.jpg","keywords":["Aw\u00e1","Aw\u00e1-Guaj\u00e1","Cimi","guajajara","Ind\u00edgenas","Terra Ind\u00edgena Arariboia"],"articleSection":["Brasil","Not\u00edcias"],"inLanguage":"pt-BR","potentialAction":[{"@type":"CommentAction","name":"Comment","target":["https:\/\/psol50.org.br\/incendio-na-terra-indigena-arariboia-ma-atinge-grupo-awa-em-situacao-de-isolamento-voluntario\/#respond"]}]},{"@type":"WebPage","@id":"https:\/\/psol50.org.br\/incendio-na-terra-indigena-arariboia-ma-atinge-grupo-awa-em-situacao-de-isolamento-voluntario\/","url":"https:\/\/psol50.org.br\/incendio-na-terra-indigena-arariboia-ma-atinge-grupo-awa-em-situacao-de-isolamento-voluntario\/","name":"Inc\u00eandio na terra ind\u00edgena Arariboia atinge grupo Aw\u00e1 em isolamento volunt\u00e1rio - PSOL 50","isPartOf":{"@id":"https:\/\/psol50.org.br\/#website"},"primaryImageOfPage":{"@id":"https:\/\/psol50.org.br\/incendio-na-terra-indigena-arariboia-ma-atinge-grupo-awa-em-situacao-de-isolamento-voluntario\/#primaryimage"},"image":{"@id":"https:\/\/psol50.org.br\/incendio-na-terra-indigena-arariboia-ma-atinge-grupo-awa-em-situacao-de-isolamento-voluntario\/#primaryimage"},"thumbnailUrl":"https:\/\/psol50.org.br\/inc\/uploads\/2015\/10\/Incendio-terra-indigena-EBC-e1451412791879.jpg","datePublished":"2015-10-16T21:10:58+00:00","breadcrumb":{"@id":"https:\/\/psol50.org.br\/incendio-na-terra-indigena-arariboia-ma-atinge-grupo-awa-em-situacao-de-isolamento-voluntario\/#breadcrumb"},"inLanguage":"pt-BR","potentialAction":[{"@type":"ReadAction","target":["https:\/\/psol50.org.br\/incendio-na-terra-indigena-arariboia-ma-atinge-grupo-awa-em-situacao-de-isolamento-voluntario\/"]}]},{"@type":"ImageObject","inLanguage":"pt-BR","@id":"https:\/\/psol50.org.br\/incendio-na-terra-indigena-arariboia-ma-atinge-grupo-awa-em-situacao-de-isolamento-voluntario\/#primaryimage","url":"https:\/\/psol50.org.br\/inc\/uploads\/2015\/10\/Incendio-terra-indigena-EBC-e1451412791879.jpg","contentUrl":"https:\/\/psol50.org.br\/inc\/uploads\/2015\/10\/Incendio-terra-indigena-EBC-e1451412791879.jpg","width":900,"height":422,"caption":"Imagens do incendio"},{"@type":"BreadcrumbList","@id":"https:\/\/psol50.org.br\/incendio-na-terra-indigena-arariboia-ma-atinge-grupo-awa-em-situacao-de-isolamento-voluntario\/#breadcrumb","itemListElement":[{"@type":"ListItem","position":1,"name":"In\u00edcio","item":"https:\/\/psol50.org.br\/"},{"@type":"ListItem","position":2,"name":"Inc\u00eandio na terra ind\u00edgena Arariboia atinge grupo Aw\u00e1 em isolamento volunt\u00e1rio"}]},{"@type":"WebSite","@id":"https:\/\/psol50.org.br\/#website","url":"https:\/\/psol50.org.br\/","name":"PSOL 50","description":"Site oficial do Partido Socialismo e Liberdade","publisher":{"@id":"https:\/\/psol50.org.br\/#organization"},"alternateName":"PSOL50","potentialAction":[{"@type":"SearchAction","target":{"@type":"EntryPoint","urlTemplate":"https:\/\/psol50.org.br\/?s={search_term_string}"},"query-input":{"@type":"PropertyValueSpecification","valueRequired":true,"valueName":"search_term_string"}}],"inLanguage":"pt-BR"},{"@type":"Organization","@id":"https:\/\/psol50.org.br\/#organization","name":"PSOL 50","alternateName":"PSOL 50","url":"https:\/\/psol50.org.br\/","logo":{"@type":"ImageObject","inLanguage":"pt-BR","@id":"https:\/\/psol50.org.br\/#\/schema\/logo\/image\/","url":"https:\/\/psol50.org.br\/inc\/uploads\/2018\/07\/capa.png","contentUrl":"https:\/\/psol50.org.br\/inc\/uploads\/2018\/07\/capa.png","width":1350,"height":900,"caption":"PSOL 50"},"image":{"@id":"https:\/\/psol50.org.br\/#\/schema\/logo\/image\/"},"sameAs":["https:\/\/www.facebook.com\/psol50","https:\/\/x.com\/psol50","https:\/\/www.instagram.com\/psol50\/","https:\/\/www.youtube.com\/channel\/UC7SnJS5o1os7a6CaiNabzcg"]},{"@type":"Person","@id":"https:\/\/psol50.org.br\/#\/schema\/person\/475dfa57d0b815993c714c2e96491fcd","name":"Comunica\u00e7\u00e3o PSOL","image":{"@type":"ImageObject","inLanguage":"pt-BR","@id":"https:\/\/psol50.org.br\/#\/schema\/person\/image\/","url":"https:\/\/secure.gravatar.com\/avatar\/b34fc4f4e468a4e51785917065a3db57b841f5c95dba6ad8c73aaf8f66f8f9bf?s=96&d=mm&r=g","contentUrl":"https:\/\/secure.gravatar.com\/avatar\/b34fc4f4e468a4e51785917065a3db57b841f5c95dba6ad8c73aaf8f66f8f9bf?s=96&d=mm&r=g","caption":"Comunica\u00e7\u00e3o PSOL"}}]}},"_links":{"self":[{"href":"https:\/\/psol50.org.br\/rest\/wp\/v2\/posts\/10246","targetHints":{"allow":["GET"]}}],"collection":[{"href":"https:\/\/psol50.org.br\/rest\/wp\/v2\/posts"}],"about":[{"href":"https:\/\/psol50.org.br\/rest\/wp\/v2\/types\/post"}],"author":[{"embeddable":true,"href":"https:\/\/psol50.org.br\/rest\/wp\/v2\/users\/2"}],"replies":[{"embeddable":true,"href":"https:\/\/psol50.org.br\/rest\/wp\/v2\/comments?post=10246"}],"version-history":[{"count":0,"href":"https:\/\/psol50.org.br\/rest\/wp\/v2\/posts\/10246\/revisions"}],"wp:featuredmedia":[{"embeddable":true,"href":"https:\/\/psol50.org.br\/rest\/wp\/v2\/media\/10247"}],"wp:attachment":[{"href":"https:\/\/psol50.org.br\/rest\/wp\/v2\/media?parent=10246"}],"wp:term":[{"taxonomy":"category","embeddable":true,"href":"https:\/\/psol50.org.br\/rest\/wp\/v2\/categories?post=10246"},{"taxonomy":"post_tag","embeddable":true,"href":"https:\/\/psol50.org.br\/rest\/wp\/v2\/tags?post=10246"}],"curies":[{"name":"wp","href":"https:\/\/api.w.org\/{rel}","templated":true}]}}