{"id":10250,"date":"2015-10-13T21:19:33","date_gmt":"2015-10-13T21:19:33","guid":{"rendered":"http:\/\/179.190.55.146\/~psol5185\/?p=10250"},"modified":"2015-10-13T21:19:33","modified_gmt":"2015-10-13T21:19:33","slug":"plano-de-acao-da-anistia-internacional-pretende-combater-crise-de-refugiados","status":"publish","type":"post","link":"https:\/\/psol50.org.br\/plano-de-acao-da-anistia-internacional-pretende-combater-crise-de-refugiados\/","title":{"rendered":"Plano de a\u00e7\u00e3o da Anistia Internacional pretende combater crise de refugiados"},"content":{"rendered":"<p><span id=\"Texto\">A Anistia Internacional (AI) divulgou um plano de a\u00e7\u00e3o combinada em oito \u00e1reas para diminuir a crise de refugiados. A entidade condenou o \u201cfracasso moral catastr\u00f3fico\u201d dos l\u00edderes mundiais para enfrentar o problema.<\/span><br \/>\nOs pontos definidos pela organiza\u00e7\u00e3o s\u00e3o: financiamento para responder \u00e0 mais grave crise de refugiados desde a Segunda Guerra Mundial; garantia de alojamento digno; an\u00fancio de rotas legais e seguras; garantia de acesso ao territ\u00f3rio de um pa\u00eds aos refugiados que chegam \u00e0s fronteiras; combate ao racismo, xenofobia e tr\u00e1fico de pessoas, e disponibilidade para a ratifica\u00e7\u00e3o global da Conven\u00e7\u00e3o dos Refugiados.<br \/>\nNa apresenta\u00e7\u00e3o do documento, a organiza\u00e7\u00e3o n\u00e3o governamental de defesa dos direitos humanos assinalou que o \u201cfracasso moral catastr\u00f3fico\u201d dos l\u00edderes mundiais, que continuam a divergir enquanto milh\u00f5es de pessoas enfrentam condi\u00e7\u00f5es humanit\u00e1rias desastrosas, \u201cvai definir o legado das futuras gera\u00e7\u00f5es\u201d. O plano foi divulgado \u00e0s v\u00e9speras de nova reuni\u00e3o do Conselho Europeu, que ser\u00e1 na quinta (15) e na sexta-feira (16), e da c\u00fapula do G20, em novembro.<br \/>\nPara a AI, a \u201cviol\u00eancia horrenda\u201d na S\u00edria, no Iraque e no Afeganist\u00e3o e os \u201cm\u00faltiplos conflitos\u201d na \u00c1frica subsaariana t\u00eam provocado uma resposta \u201cvergonhosa, em particular dos pa\u00edses mais ricos\u201d, que ignoraram os apelos para a ajuda humanit\u00e1ria e o acolhimento dessas pessoas vulner\u00e1veis.<br \/>\n\u201cAs m\u00faltiplas crises, sem precedentes, de refugiados em n\u00edvel global est\u00e3o deixando milh\u00f5es de pessoas em desespero, mas a resposta dos pa\u00edses ricos \u00e9 um fracasso catastr\u00f3fico\u201d, criticou no documento o secret\u00e1rio-geral da AI, Salil Shetty. Ele recordou que os refugiados \u201ct\u00eam o direito internacional de procurarem e terem garantido o asilo\u201d.<br \/>\nAo propor o acesso aos territ\u00f3rios para os refugiados que chegam \u00e0s fronteiras, a AI pediu aos Estados que deixem de tomar medidas que inibam as pessoas de fugirem de um pa\u00eds onde enfrentam persegui\u00e7\u00f5es e viol\u00eancia. A entidade apelou a diversos governos a deixarem de promover a xenofobia e pararem de sugerir que os migrantes s\u00e3o a causa dos problemas econ\u00f4micos e sociais.<br \/>\nO combate aos grupos de traficantes e o apoio e prote\u00e7\u00e3o \u00e0s pessoas v\u00edtimas de tr\u00e1fico, al\u00e9m da necessidade de os Estados reconhecerem o direito ao asilo \u2013 por meio da ratifica\u00e7\u00e3o global da Conven\u00e7\u00e3o dos Refugiados \u2013 constituem as duas \u00faltimas \u00e1reas do plano de a\u00e7\u00e3o.<br \/>\n<span id=\"Texto\">Fonte: <em>Ag\u00eancia Lusa<\/em><\/span><\/p>\n","protected":false},"excerpt":{"rendered":"<p>A Anistia Internacional (AI) divulgou um plano de a\u00e7\u00e3o combinada em oito \u00e1reas para diminuir a crise de refugiados. A entidade condenou o \u201cfracasso moral catastr\u00f3fico\u201d dos l\u00edderes mundiais para enfrentar o problema. Os pontos definidos pela organiza\u00e7\u00e3o s\u00e3o: financiamento para responder \u00e0 mais grave crise de refugiados desde a Segunda Guerra Mundial; garantia de [&hellip;]<\/p>\n","protected":false},"author":2,"featured_media":10251,"comment_status":"open","ping_status":"open","sticky":false,"template":"","format":"standard","meta":{"_acf_changed":false,"footnotes":""},"categories":[836],"tags":[4816,2420,4817,534,2666,2581,2232],"class_list":{"0":"post-10250","1":"post","2":"type-post","3":"status-publish","4":"format-standard","5":"has-post-thumbnail","7":"category-internacional","8":"tag-afeganistao","9":"tag-anistia-internacional","10":"tag-conselho-europeu","11":"tag-direitos-humanos","12":"tag-iraque","13":"tag-refugiados","14":"tag-siria"},"acf":[],"yoast_head":"<!-- This site is optimized with the Yoast SEO plugin v26.5 - https:\/\/yoast.com\/wordpress\/plugins\/seo\/ -->\n<title>Plano de a\u00e7\u00e3o da Anistia Internacional pretende combater crise de refugiados - PSOL 50<\/title>\n<meta name=\"robots\" content=\"index, follow, max-snippet:-1, max-image-preview:large, max-video-preview:-1\" \/>\n<link rel=\"canonical\" href=\"https:\/\/psol50.org.br\/plano-de-acao-da-anistia-internacional-pretende-combater-crise-de-refugiados\/\" \/>\n<meta property=\"og:locale\" content=\"pt_BR\" \/>\n<meta property=\"og:type\" content=\"article\" \/>\n<meta property=\"og:title\" content=\"Plano de a\u00e7\u00e3o da Anistia Internacional pretende combater crise de refugiados - PSOL 50\" \/>\n<meta property=\"og:description\" content=\"A Anistia Internacional (AI) divulgou um plano de a\u00e7\u00e3o combinada em oito \u00e1reas para diminuir a crise de refugiados. A entidade condenou o \u201cfracasso moral catastr\u00f3fico\u201d dos l\u00edderes mundiais para enfrentar o problema. Os pontos definidos pela organiza\u00e7\u00e3o s\u00e3o: financiamento para responder \u00e0 mais grave crise de refugiados desde a Segunda Guerra Mundial; garantia de [&hellip;]\" \/>\n<meta property=\"og:url\" content=\"https:\/\/psol50.org.br\/plano-de-acao-da-anistia-internacional-pretende-combater-crise-de-refugiados\/\" \/>\n<meta property=\"og:site_name\" content=\"PSOL 50\" \/>\n<meta property=\"article:publisher\" content=\"https:\/\/www.facebook.com\/psol50\" \/>\n<meta property=\"article:published_time\" content=\"2015-10-13T21:19:33+00:00\" \/>\n<meta property=\"og:image\" content=\"https:\/\/psol50.org.br\/inc\/uploads\/2015\/10\/Refugiados-sirios.jpg\" \/>\n\t<meta property=\"og:image:width\" content=\"800\" \/>\n\t<meta property=\"og:image:height\" content=\"600\" \/>\n\t<meta property=\"og:image:type\" content=\"image\/jpeg\" \/>\n<meta name=\"author\" content=\"Comunica\u00e7\u00e3o PSOL\" \/>\n<meta name=\"twitter:card\" content=\"summary_large_image\" \/>\n<meta name=\"twitter:creator\" content=\"@psol50\" \/>\n<meta name=\"twitter:site\" content=\"@psol50\" \/>\n<meta name=\"twitter:label1\" content=\"Escrito por\" \/>\n\t<meta name=\"twitter:data1\" content=\"Comunica\u00e7\u00e3o PSOL\" \/>\n\t<meta name=\"twitter:label2\" content=\"Est. tempo de leitura\" \/>\n\t<meta name=\"twitter:data2\" content=\"2 minutos\" \/>\n<script type=\"application\/ld+json\" class=\"yoast-schema-graph\">{\"@context\":\"https:\/\/schema.org\",\"@graph\":[{\"@type\":\"Article\",\"@id\":\"https:\/\/psol50.org.br\/plano-de-acao-da-anistia-internacional-pretende-combater-crise-de-refugiados\/#article\",\"isPartOf\":{\"@id\":\"https:\/\/psol50.org.br\/plano-de-acao-da-anistia-internacional-pretende-combater-crise-de-refugiados\/\"},\"author\":{\"name\":\"Comunica\u00e7\u00e3o PSOL\",\"@id\":\"https:\/\/psol50.org.br\/#\/schema\/person\/475dfa57d0b815993c714c2e96491fcd\"},\"headline\":\"Plano de a\u00e7\u00e3o da Anistia Internacional pretende combater crise de refugiados\",\"datePublished\":\"2015-10-13T21:19:33+00:00\",\"mainEntityOfPage\":{\"@id\":\"https:\/\/psol50.org.br\/plano-de-acao-da-anistia-internacional-pretende-combater-crise-de-refugiados\/\"},\"wordCount\":434,\"commentCount\":0,\"publisher\":{\"@id\":\"https:\/\/psol50.org.br\/#organization\"},\"image\":{\"@id\":\"https:\/\/psol50.org.br\/plano-de-acao-da-anistia-internacional-pretende-combater-crise-de-refugiados\/#primaryimage\"},\"thumbnailUrl\":\"https:\/\/psol50.org.br\/inc\/uploads\/2015\/10\/Refugiados-sirios.jpg\",\"keywords\":[\"Afeganist\u00e3o\",\"Anistia Internacional\",\"Conselho Europeu\",\"direitos humanos\",\"Iraque\",\"Refugiados\",\"S\u00edria\"],\"articleSection\":[\"Internacional\"],\"inLanguage\":\"pt-BR\",\"potentialAction\":[{\"@type\":\"CommentAction\",\"name\":\"Comment\",\"target\":[\"https:\/\/psol50.org.br\/plano-de-acao-da-anistia-internacional-pretende-combater-crise-de-refugiados\/#respond\"]}]},{\"@type\":\"WebPage\",\"@id\":\"https:\/\/psol50.org.br\/plano-de-acao-da-anistia-internacional-pretende-combater-crise-de-refugiados\/\",\"url\":\"https:\/\/psol50.org.br\/plano-de-acao-da-anistia-internacional-pretende-combater-crise-de-refugiados\/\",\"name\":\"Plano de a\u00e7\u00e3o da Anistia Internacional pretende combater crise de refugiados - PSOL 50\",\"isPartOf\":{\"@id\":\"https:\/\/psol50.org.br\/#website\"},\"primaryImageOfPage\":{\"@id\":\"https:\/\/psol50.org.br\/plano-de-acao-da-anistia-internacional-pretende-combater-crise-de-refugiados\/#primaryimage\"},\"image\":{\"@id\":\"https:\/\/psol50.org.br\/plano-de-acao-da-anistia-internacional-pretende-combater-crise-de-refugiados\/#primaryimage\"},\"thumbnailUrl\":\"https:\/\/psol50.org.br\/inc\/uploads\/2015\/10\/Refugiados-sirios.jpg\",\"datePublished\":\"2015-10-13T21:19:33+00:00\",\"breadcrumb\":{\"@id\":\"https:\/\/psol50.org.br\/plano-de-acao-da-anistia-internacional-pretende-combater-crise-de-refugiados\/#breadcrumb\"},\"inLanguage\":\"pt-BR\",\"potentialAction\":[{\"@type\":\"ReadAction\",\"target\":[\"https:\/\/psol50.org.br\/plano-de-acao-da-anistia-internacional-pretende-combater-crise-de-refugiados\/\"]}]},{\"@type\":\"ImageObject\",\"inLanguage\":\"pt-BR\",\"@id\":\"https:\/\/psol50.org.br\/plano-de-acao-da-anistia-internacional-pretende-combater-crise-de-refugiados\/#primaryimage\",\"url\":\"https:\/\/psol50.org.br\/inc\/uploads\/2015\/10\/Refugiados-sirios.jpg\",\"contentUrl\":\"https:\/\/psol50.org.br\/inc\/uploads\/2015\/10\/Refugiados-sirios.jpg\",\"width\":800,\"height\":600},{\"@type\":\"BreadcrumbList\",\"@id\":\"https:\/\/psol50.org.br\/plano-de-acao-da-anistia-internacional-pretende-combater-crise-de-refugiados\/#breadcrumb\",\"itemListElement\":[{\"@type\":\"ListItem\",\"position\":1,\"name\":\"In\u00edcio\",\"item\":\"https:\/\/psol50.org.br\/\"},{\"@type\":\"ListItem\",\"position\":2,\"name\":\"Plano de a\u00e7\u00e3o da Anistia Internacional pretende combater crise de refugiados\"}]},{\"@type\":\"WebSite\",\"@id\":\"https:\/\/psol50.org.br\/#website\",\"url\":\"https:\/\/psol50.org.br\/\",\"name\":\"PSOL 50\",\"description\":\"Site oficial do Partido Socialismo e Liberdade\",\"publisher\":{\"@id\":\"https:\/\/psol50.org.br\/#organization\"},\"alternateName\":\"PSOL50\",\"potentialAction\":[{\"@type\":\"SearchAction\",\"target\":{\"@type\":\"EntryPoint\",\"urlTemplate\":\"https:\/\/psol50.org.br\/?s={search_term_string}\"},\"query-input\":{\"@type\":\"PropertyValueSpecification\",\"valueRequired\":true,\"valueName\":\"search_term_string\"}}],\"inLanguage\":\"pt-BR\"},{\"@type\":\"Organization\",\"@id\":\"https:\/\/psol50.org.br\/#organization\",\"name\":\"PSOL 50\",\"alternateName\":\"PSOL 50\",\"url\":\"https:\/\/psol50.org.br\/\",\"logo\":{\"@type\":\"ImageObject\",\"inLanguage\":\"pt-BR\",\"@id\":\"https:\/\/psol50.org.br\/#\/schema\/logo\/image\/\",\"url\":\"https:\/\/psol50.org.br\/inc\/uploads\/2018\/07\/capa.png\",\"contentUrl\":\"https:\/\/psol50.org.br\/inc\/uploads\/2018\/07\/capa.png\",\"width\":1350,\"height\":900,\"caption\":\"PSOL 50\"},\"image\":{\"@id\":\"https:\/\/psol50.org.br\/#\/schema\/logo\/image\/\"},\"sameAs\":[\"https:\/\/www.facebook.com\/psol50\",\"https:\/\/x.com\/psol50\",\"https:\/\/www.instagram.com\/psol50\/\",\"https:\/\/www.youtube.com\/channel\/UC7SnJS5o1os7a6CaiNabzcg\"]},{\"@type\":\"Person\",\"@id\":\"https:\/\/psol50.org.br\/#\/schema\/person\/475dfa57d0b815993c714c2e96491fcd\",\"name\":\"Comunica\u00e7\u00e3o PSOL\",\"image\":{\"@type\":\"ImageObject\",\"inLanguage\":\"pt-BR\",\"@id\":\"https:\/\/psol50.org.br\/#\/schema\/person\/image\/\",\"url\":\"https:\/\/secure.gravatar.com\/avatar\/b34fc4f4e468a4e51785917065a3db57b841f5c95dba6ad8c73aaf8f66f8f9bf?s=96&d=mm&r=g\",\"contentUrl\":\"https:\/\/secure.gravatar.com\/avatar\/b34fc4f4e468a4e51785917065a3db57b841f5c95dba6ad8c73aaf8f66f8f9bf?s=96&d=mm&r=g\",\"caption\":\"Comunica\u00e7\u00e3o PSOL\"}}]}<\/script>\n<!-- \/ Yoast SEO plugin. -->","yoast_head_json":{"title":"Plano de a\u00e7\u00e3o da Anistia Internacional pretende combater crise de refugiados - PSOL 50","robots":{"index":"index","follow":"follow","max-snippet":"max-snippet:-1","max-image-preview":"max-image-preview:large","max-video-preview":"max-video-preview:-1"},"canonical":"https:\/\/psol50.org.br\/plano-de-acao-da-anistia-internacional-pretende-combater-crise-de-refugiados\/","og_locale":"pt_BR","og_type":"article","og_title":"Plano de a\u00e7\u00e3o da Anistia Internacional pretende combater crise de refugiados - PSOL 50","og_description":"A Anistia Internacional (AI) divulgou um plano de a\u00e7\u00e3o combinada em oito \u00e1reas para diminuir a crise de refugiados. A entidade condenou o \u201cfracasso moral catastr\u00f3fico\u201d dos l\u00edderes mundiais para enfrentar o problema. Os pontos definidos pela organiza\u00e7\u00e3o s\u00e3o: financiamento para responder \u00e0 mais grave crise de refugiados desde a Segunda Guerra Mundial; garantia de [&hellip;]","og_url":"https:\/\/psol50.org.br\/plano-de-acao-da-anistia-internacional-pretende-combater-crise-de-refugiados\/","og_site_name":"PSOL 50","article_publisher":"https:\/\/www.facebook.com\/psol50","article_published_time":"2015-10-13T21:19:33+00:00","og_image":[{"width":800,"height":600,"url":"https:\/\/psol50.org.br\/inc\/uploads\/2015\/10\/Refugiados-sirios.jpg","type":"image\/jpeg"}],"author":"Comunica\u00e7\u00e3o PSOL","twitter_card":"summary_large_image","twitter_creator":"@psol50","twitter_site":"@psol50","twitter_misc":{"Escrito por":"Comunica\u00e7\u00e3o PSOL","Est. tempo de leitura":"2 minutos"},"schema":{"@context":"https:\/\/schema.org","@graph":[{"@type":"Article","@id":"https:\/\/psol50.org.br\/plano-de-acao-da-anistia-internacional-pretende-combater-crise-de-refugiados\/#article","isPartOf":{"@id":"https:\/\/psol50.org.br\/plano-de-acao-da-anistia-internacional-pretende-combater-crise-de-refugiados\/"},"author":{"name":"Comunica\u00e7\u00e3o PSOL","@id":"https:\/\/psol50.org.br\/#\/schema\/person\/475dfa57d0b815993c714c2e96491fcd"},"headline":"Plano de a\u00e7\u00e3o da Anistia Internacional pretende combater crise de refugiados","datePublished":"2015-10-13T21:19:33+00:00","mainEntityOfPage":{"@id":"https:\/\/psol50.org.br\/plano-de-acao-da-anistia-internacional-pretende-combater-crise-de-refugiados\/"},"wordCount":434,"commentCount":0,"publisher":{"@id":"https:\/\/psol50.org.br\/#organization"},"image":{"@id":"https:\/\/psol50.org.br\/plano-de-acao-da-anistia-internacional-pretende-combater-crise-de-refugiados\/#primaryimage"},"thumbnailUrl":"https:\/\/psol50.org.br\/inc\/uploads\/2015\/10\/Refugiados-sirios.jpg","keywords":["Afeganist\u00e3o","Anistia Internacional","Conselho Europeu","direitos humanos","Iraque","Refugiados","S\u00edria"],"articleSection":["Internacional"],"inLanguage":"pt-BR","potentialAction":[{"@type":"CommentAction","name":"Comment","target":["https:\/\/psol50.org.br\/plano-de-acao-da-anistia-internacional-pretende-combater-crise-de-refugiados\/#respond"]}]},{"@type":"WebPage","@id":"https:\/\/psol50.org.br\/plano-de-acao-da-anistia-internacional-pretende-combater-crise-de-refugiados\/","url":"https:\/\/psol50.org.br\/plano-de-acao-da-anistia-internacional-pretende-combater-crise-de-refugiados\/","name":"Plano de a\u00e7\u00e3o da Anistia Internacional pretende combater crise de refugiados - PSOL 50","isPartOf":{"@id":"https:\/\/psol50.org.br\/#website"},"primaryImageOfPage":{"@id":"https:\/\/psol50.org.br\/plano-de-acao-da-anistia-internacional-pretende-combater-crise-de-refugiados\/#primaryimage"},"image":{"@id":"https:\/\/psol50.org.br\/plano-de-acao-da-anistia-internacional-pretende-combater-crise-de-refugiados\/#primaryimage"},"thumbnailUrl":"https:\/\/psol50.org.br\/inc\/uploads\/2015\/10\/Refugiados-sirios.jpg","datePublished":"2015-10-13T21:19:33+00:00","breadcrumb":{"@id":"https:\/\/psol50.org.br\/plano-de-acao-da-anistia-internacional-pretende-combater-crise-de-refugiados\/#breadcrumb"},"inLanguage":"pt-BR","potentialAction":[{"@type":"ReadAction","target":["https:\/\/psol50.org.br\/plano-de-acao-da-anistia-internacional-pretende-combater-crise-de-refugiados\/"]}]},{"@type":"ImageObject","inLanguage":"pt-BR","@id":"https:\/\/psol50.org.br\/plano-de-acao-da-anistia-internacional-pretende-combater-crise-de-refugiados\/#primaryimage","url":"https:\/\/psol50.org.br\/inc\/uploads\/2015\/10\/Refugiados-sirios.jpg","contentUrl":"https:\/\/psol50.org.br\/inc\/uploads\/2015\/10\/Refugiados-sirios.jpg","width":800,"height":600},{"@type":"BreadcrumbList","@id":"https:\/\/psol50.org.br\/plano-de-acao-da-anistia-internacional-pretende-combater-crise-de-refugiados\/#breadcrumb","itemListElement":[{"@type":"ListItem","position":1,"name":"In\u00edcio","item":"https:\/\/psol50.org.br\/"},{"@type":"ListItem","position":2,"name":"Plano de a\u00e7\u00e3o da Anistia Internacional pretende combater crise de refugiados"}]},{"@type":"WebSite","@id":"https:\/\/psol50.org.br\/#website","url":"https:\/\/psol50.org.br\/","name":"PSOL 50","description":"Site oficial do Partido Socialismo e Liberdade","publisher":{"@id":"https:\/\/psol50.org.br\/#organization"},"alternateName":"PSOL50","potentialAction":[{"@type":"SearchAction","target":{"@type":"EntryPoint","urlTemplate":"https:\/\/psol50.org.br\/?s={search_term_string}"},"query-input":{"@type":"PropertyValueSpecification","valueRequired":true,"valueName":"search_term_string"}}],"inLanguage":"pt-BR"},{"@type":"Organization","@id":"https:\/\/psol50.org.br\/#organization","name":"PSOL 50","alternateName":"PSOL 50","url":"https:\/\/psol50.org.br\/","logo":{"@type":"ImageObject","inLanguage":"pt-BR","@id":"https:\/\/psol50.org.br\/#\/schema\/logo\/image\/","url":"https:\/\/psol50.org.br\/inc\/uploads\/2018\/07\/capa.png","contentUrl":"https:\/\/psol50.org.br\/inc\/uploads\/2018\/07\/capa.png","width":1350,"height":900,"caption":"PSOL 50"},"image":{"@id":"https:\/\/psol50.org.br\/#\/schema\/logo\/image\/"},"sameAs":["https:\/\/www.facebook.com\/psol50","https:\/\/x.com\/psol50","https:\/\/www.instagram.com\/psol50\/","https:\/\/www.youtube.com\/channel\/UC7SnJS5o1os7a6CaiNabzcg"]},{"@type":"Person","@id":"https:\/\/psol50.org.br\/#\/schema\/person\/475dfa57d0b815993c714c2e96491fcd","name":"Comunica\u00e7\u00e3o PSOL","image":{"@type":"ImageObject","inLanguage":"pt-BR","@id":"https:\/\/psol50.org.br\/#\/schema\/person\/image\/","url":"https:\/\/secure.gravatar.com\/avatar\/b34fc4f4e468a4e51785917065a3db57b841f5c95dba6ad8c73aaf8f66f8f9bf?s=96&d=mm&r=g","contentUrl":"https:\/\/secure.gravatar.com\/avatar\/b34fc4f4e468a4e51785917065a3db57b841f5c95dba6ad8c73aaf8f66f8f9bf?s=96&d=mm&r=g","caption":"Comunica\u00e7\u00e3o PSOL"}}]}},"_links":{"self":[{"href":"https:\/\/psol50.org.br\/rest\/wp\/v2\/posts\/10250","targetHints":{"allow":["GET"]}}],"collection":[{"href":"https:\/\/psol50.org.br\/rest\/wp\/v2\/posts"}],"about":[{"href":"https:\/\/psol50.org.br\/rest\/wp\/v2\/types\/post"}],"author":[{"embeddable":true,"href":"https:\/\/psol50.org.br\/rest\/wp\/v2\/users\/2"}],"replies":[{"embeddable":true,"href":"https:\/\/psol50.org.br\/rest\/wp\/v2\/comments?post=10250"}],"version-history":[{"count":0,"href":"https:\/\/psol50.org.br\/rest\/wp\/v2\/posts\/10250\/revisions"}],"wp:featuredmedia":[{"embeddable":true,"href":"https:\/\/psol50.org.br\/rest\/wp\/v2\/media\/10251"}],"wp:attachment":[{"href":"https:\/\/psol50.org.br\/rest\/wp\/v2\/media?parent=10250"}],"wp:term":[{"taxonomy":"category","embeddable":true,"href":"https:\/\/psol50.org.br\/rest\/wp\/v2\/categories?post=10250"},{"taxonomy":"post_tag","embeddable":true,"href":"https:\/\/psol50.org.br\/rest\/wp\/v2\/tags?post=10250"}],"curies":[{"name":"wp","href":"https:\/\/api.w.org\/{rel}","templated":true}]}}