{"id":10267,"date":"2015-10-01T17:52:17","date_gmt":"2015-10-01T17:52:17","guid":{"rendered":"http:\/\/179.190.55.146\/~psol5185\/?p=10267"},"modified":"2015-10-01T17:52:17","modified_gmt":"2015-10-01T17:52:17","slug":"10267-2","status":"publish","type":"post","link":"https:\/\/psol50.org.br\/10267-2\/","title":{"rendered":"Chile: lei anti-aborto radical gera clima de medo e cuidados prec\u00e1rios para as mulheres"},"content":{"rendered":"<h4>A severa lei anti-aborto do Chile trata as mulheres como cidad\u00e3s de segunda classe e coloca suas vidas e sa\u00fade em risco, disse a Anistia Internacional em meio a um acalorado debate no Congresso para modificar a legisla\u00e7\u00e3o.<\/h4>\n<p>\u201cA ultrajante proibi\u00e7\u00e3o do aborto no Chile cria um clima de medo entre os profissionais de sa\u00fade, cujo primeiro pensamento \u00e9 muitas vezes denunciar uma mulher ou uma menina para a pol\u00edcia por suspeita de aborto, em vez de proporcionar-lhes tratamento que possa salvar suas vidas. Ela cria um sistema de sa\u00fade de dois n\u00edveis em que as mulheres s\u00e3o vistas como meros recept\u00e1culos f\u00e9rteis\u201d, disse Fernanda Doz Costa, pesquisadora da Anistia Internacional sobre os direitos econ\u00f4micos, sociais e culturais nas Am\u00e9ricas.<\/p>\n<p>\u201cO Chile deve se afastar definitivamente dessa proibi\u00e7\u00e3o draconiana da era Pinochet. A evid\u00eancia \u00e9 clara no sentido de que a proibi\u00e7\u00e3o do aborto em todas as circunst\u00e2ncias n\u00e3o impede que os abortos aconte\u00e7am. Tudo que se consegue \u00e9 for\u00e7ar as mulheres e meninas, particularmente aquelas com poucos recursos, a buscar tratamentos ilegais e perigosos que colocam suas vidas em risco. Embora ainda limitada, a lei que est\u00e1 atualmente em discuss\u00e3o pode tornar-se um importante primeiro passo na dire\u00e7\u00e3o certa.\u201d<\/p>\n<p>De acordo com a lei anti-aborto do Chile, aprovada em 1989, durante as fases finais do regime brutal de Augusto Pinochet, o aborto \u00e9 ilegal, mesmo quando a vida ou a sa\u00fade da mulher ou da menina est\u00e1 em risco e quando a gravidez \u00e9 resultado de estupro. A presidente Michele Bachelet enviou um projeto de lei ao Congresso para reintroduzir exce\u00e7\u00f5es a esta proibi\u00e7\u00e3o total quando a vida da mulher ou da menina est\u00e1 em risco, quando a gravidez \u00e9 resultado de estupro e quando o feto n\u00e3o \u00e9 vi\u00e1vel.<\/p>\n<p>A proibi\u00e7\u00e3o efetivamente obriga muitas mulheres a procurar fazer os abortos em condi\u00e7\u00f5es perigosas.<\/p>\n<p>De acordo com o Minist\u00e9rio da Sa\u00fade, no Chile mais de 33.000 mulheres s\u00e3o internadas em hospitais todos os anos em decorr\u00eancia de complica\u00e7\u00f5es relacionadas a abortos inseguros.<\/p>\n<p>O Minist\u00e9rio P\u00fablico do Chile informou que, s\u00f3 em 2014, foram iniciadas investiga\u00e7\u00f5es judiciais em 174 casos de aborto volunt\u00e1rio envolvendo 113 mulheres.<\/p>\n<p>A Anistia Internacional identificou dezenas de casos de mulheres \u00e0s quais foram negadas a realiza\u00e7\u00e3o de abortos para salvar suas vidas, mesmo quando elas precisavam realizar tratamento de c\u00e2ncer ou quando o feto n\u00e3o era vi\u00e1vel.<\/p>\n<p>Tania (nome fict\u00edcio) era uma mulher de 31 anos de idade e m\u00e3e de tr\u00eas filhos quando ficou gr\u00e1vida no meio de seu tratamento contra o c\u00e2ncer. Continuar com a gravidez teria significado colocar sua pr\u00f3pria vida em perigo por ter que parar o tratamento. O m\u00e9dico que a estava tratando avisou-a que se ela fizesse um aborto, ele teria que denunci\u00e1-la. Tania decidiu fazer o aborto em uma cl\u00ednica privada, onde o procedimento foi registado como uma opera\u00e7\u00e3o ginecol\u00f3gica.<\/p>\n<p>Ela disse \u00e0 Anistia Internacional: \u201cEles nunca me viram como uma pessoa, como um ser humano completo. Eles me viam como uma incubadora, algu\u00e9m que pudesse trazer filhos ao mundo. E depois n\u00e3o se importavam se eu os criei adequadamente ou n\u00e3o, se eu morri, se n\u00f3s passamos fome. Eles nos veem como incubadoras. Como m\u00e1quinas, m\u00e1quinas para a reprodu\u00e7\u00e3o\u201d.<\/p>\n<p>Ren\u00e9 Castro, um obstetra, descreveu outro caso em que uma mulher teve que esperar at\u00e9 o final de sua gravidez apesar de saber que a crian\u00e7a iria morrer nas primeiras 24 horas, por causa de uma doen\u00e7a fatal que tinha.<\/p>\n<p>\u201cEla me disse o qu\u00e3o doloroso era para ela ter que esperar nove meses para dar \u00e0 luz a seu filho, sabendo que ele iria morrer nas primeiras 24 horas, que \u00e9 o que de fato aconteceu. O que era pior era que ela n\u00e3o tinha ningu\u00e9m para apoi\u00e1-la emocionalmente, para proteg\u00ea-la pelo menos das consequ\u00eancias disso\u201d, disse Castro.<\/p>\n<p>O Chile \u00e9 um dos apenas cinco pa\u00edses das Am\u00e9ricas \u2013 incluindo El Salvador, Haiti, Honduras e Nicar\u00e1gua \u2013 que pro\u00edbem o aborto em todas as circunst\u00e2ncias, ou onde se precisa de uma exce\u00e7\u00e3o legal expl\u00edcita para salvar a vida da mulher. A Rep\u00fablica Dominicana, que tamb\u00e9m proibia totalmente o aborto, introduziu modifica\u00e7\u00f5es ao seu C\u00f3digo Penal, em dezembro de 2014, e incluiu as mesmas tr\u00eas exce\u00e7\u00f5es que est\u00e3o sendo discutidas no Chile.<\/p>\n<p>Outros pa\u00edses da regi\u00e3o, incluindo o Paraguai, abrem exce\u00e7\u00f5es para a criminaliza\u00e7\u00e3o do aborto quando a vida da mulher ou da menina est\u00e1 em perigo, embora sejam muitas vezes ignoradas pelos profissionais de sa\u00fade.<\/p>\n<p>Em 28 de setembro, pessoas do mundo todo celebraram o Dia Internacional para a Descriminaliza\u00e7\u00e3o do Aborto.<\/p>\n<p>\u201cN\u00f3s estamos levantando nossas vozes, juntamente com muitos outros na regi\u00e3o, para lembrar aos Estados que a descriminaliza\u00e7\u00e3o do aborto \u00e9 um imperativo dos direitos humanos, um compromisso com as mulheres e os direitos das meninas \u00e0 vida e \u00e0 sa\u00fade\u201d, disse Fernanda da Costa.<\/p>\n<p>\u201cLegalizar o aborto \u00e9 um requisito essencial para os pa\u00edses garantirem a igualdade para as mulheres. O fato \u00e9 que as mulheres ind\u00edgenas, afrodescendentes, e aquelas que vivem na pobreza ou com menos oportunidades s\u00e3o desproporcionalmente representadas entre estas mulheres e meninas que morrem ou s\u00e3o gravemente afetadas por abortos realizados em condi\u00e7\u00f5es perigosas\u201d.<\/p>\n<p><a href=\"https:\/\/anistia.org.br\/entre-em-acao\/peticao\/chile-mude-suas-leis-de-aborto\/\" target=\"_blank\" rel=\"noopener noreferrer\">Entre em a\u00e7\u00e3o! Assine a peti\u00e7\u00e3o para que o Chile mude suas leis de aborto.<\/a><\/p>\n<p>Fonte: <em>Anistia Internacional<\/em><\/p>\n","protected":false},"excerpt":{"rendered":"<p>A severa lei anti-aborto do Chile trata as mulheres como cidad\u00e3s de segunda classe e coloca suas vidas e sa\u00fade em risco, disse a Anistia Internacional em meio a um acalorado debate no Congresso para modificar a legisla\u00e7\u00e3o. \u201cA ultrajante proibi\u00e7\u00e3o do aborto no Chile cria um clima de medo entre os profissionais de sa\u00fade, [&hellip;]<\/p>\n","protected":false},"author":2,"featured_media":10268,"comment_status":"open","ping_status":"open","sticky":false,"template":"","format":"standard","meta":{"_acf_changed":false,"footnotes":""},"categories":[836],"tags":[824,2420,488],"class_list":{"0":"post-10267","1":"post","2":"type-post","3":"status-publish","4":"format-standard","5":"has-post-thumbnail","7":"category-internacional","8":"tag-aborto","9":"tag-anistia-internacional","10":"tag-chile"},"acf":[],"yoast_head":"<!-- This site is optimized with the Yoast SEO plugin v26.5 - https:\/\/yoast.com\/wordpress\/plugins\/seo\/ -->\n<title>Chile: lei anti-aborto radical gera clima de medo e cuidados prec\u00e1rios para as mulheres - PSOL 50<\/title>\n<meta name=\"robots\" content=\"index, follow, max-snippet:-1, max-image-preview:large, max-video-preview:-1\" \/>\n<link rel=\"canonical\" href=\"https:\/\/psol50.org.br\/10267-2\/\" \/>\n<meta property=\"og:locale\" content=\"pt_BR\" \/>\n<meta property=\"og:type\" content=\"article\" \/>\n<meta property=\"og:title\" content=\"Chile: lei anti-aborto radical gera clima de medo e cuidados prec\u00e1rios para as mulheres - PSOL 50\" \/>\n<meta property=\"og:description\" content=\"A severa lei anti-aborto do Chile trata as mulheres como cidad\u00e3s de segunda classe e coloca suas vidas e sa\u00fade em risco, disse a Anistia Internacional em meio a um acalorado debate no Congresso para modificar a legisla\u00e7\u00e3o. \u201cA ultrajante proibi\u00e7\u00e3o do aborto no Chile cria um clima de medo entre os profissionais de sa\u00fade, [&hellip;]\" \/>\n<meta property=\"og:url\" content=\"https:\/\/psol50.org.br\/10267-2\/\" \/>\n<meta property=\"og:site_name\" content=\"PSOL 50\" \/>\n<meta property=\"article:publisher\" content=\"https:\/\/www.facebook.com\/psol50\" \/>\n<meta property=\"article:published_time\" content=\"2015-10-01T17:52:17+00:00\" \/>\n<meta property=\"og:image\" content=\"https:\/\/psol50.org.br\/inc\/uploads\/2015\/10\/Marcha-aborto-Chile-e1448897333862.jpg\" \/>\n\t<meta property=\"og:image:width\" content=\"1000\" \/>\n\t<meta property=\"og:image:height\" content=\"666\" \/>\n\t<meta property=\"og:image:type\" content=\"image\/jpeg\" \/>\n<meta name=\"author\" content=\"Comunica\u00e7\u00e3o PSOL\" \/>\n<meta name=\"twitter:card\" content=\"summary_large_image\" \/>\n<meta name=\"twitter:creator\" content=\"@psol50\" \/>\n<meta name=\"twitter:site\" content=\"@psol50\" \/>\n<meta name=\"twitter:label1\" content=\"Escrito por\" \/>\n\t<meta name=\"twitter:data1\" content=\"Comunica\u00e7\u00e3o PSOL\" \/>\n\t<meta name=\"twitter:label2\" content=\"Est. tempo de leitura\" \/>\n\t<meta name=\"twitter:data2\" content=\"5 minutos\" \/>\n<script type=\"application\/ld+json\" class=\"yoast-schema-graph\">{\"@context\":\"https:\/\/schema.org\",\"@graph\":[{\"@type\":\"Article\",\"@id\":\"https:\/\/psol50.org.br\/10267-2\/#article\",\"isPartOf\":{\"@id\":\"https:\/\/psol50.org.br\/10267-2\/\"},\"author\":{\"name\":\"Comunica\u00e7\u00e3o PSOL\",\"@id\":\"https:\/\/psol50.org.br\/#\/schema\/person\/475dfa57d0b815993c714c2e96491fcd\"},\"headline\":\"Chile: lei anti-aborto radical gera clima de medo e cuidados prec\u00e1rios para as mulheres\",\"datePublished\":\"2015-10-01T17:52:17+00:00\",\"mainEntityOfPage\":{\"@id\":\"https:\/\/psol50.org.br\/10267-2\/\"},\"wordCount\":958,\"commentCount\":0,\"publisher\":{\"@id\":\"https:\/\/psol50.org.br\/#organization\"},\"image\":{\"@id\":\"https:\/\/psol50.org.br\/10267-2\/#primaryimage\"},\"thumbnailUrl\":\"https:\/\/psol50.org.br\/inc\/uploads\/2015\/10\/Marcha-aborto-Chile-e1448897333862.jpg\",\"keywords\":[\"aborto\",\"Anistia Internacional\",\"Chile\"],\"articleSection\":[\"Internacional\"],\"inLanguage\":\"pt-BR\",\"potentialAction\":[{\"@type\":\"CommentAction\",\"name\":\"Comment\",\"target\":[\"https:\/\/psol50.org.br\/10267-2\/#respond\"]}]},{\"@type\":\"WebPage\",\"@id\":\"https:\/\/psol50.org.br\/10267-2\/\",\"url\":\"https:\/\/psol50.org.br\/10267-2\/\",\"name\":\"Chile: lei anti-aborto radical gera clima de medo e cuidados prec\u00e1rios para as mulheres - PSOL 50\",\"isPartOf\":{\"@id\":\"https:\/\/psol50.org.br\/#website\"},\"primaryImageOfPage\":{\"@id\":\"https:\/\/psol50.org.br\/10267-2\/#primaryimage\"},\"image\":{\"@id\":\"https:\/\/psol50.org.br\/10267-2\/#primaryimage\"},\"thumbnailUrl\":\"https:\/\/psol50.org.br\/inc\/uploads\/2015\/10\/Marcha-aborto-Chile-e1448897333862.jpg\",\"datePublished\":\"2015-10-01T17:52:17+00:00\",\"breadcrumb\":{\"@id\":\"https:\/\/psol50.org.br\/10267-2\/#breadcrumb\"},\"inLanguage\":\"pt-BR\",\"potentialAction\":[{\"@type\":\"ReadAction\",\"target\":[\"https:\/\/psol50.org.br\/10267-2\/\"]}]},{\"@type\":\"ImageObject\",\"inLanguage\":\"pt-BR\",\"@id\":\"https:\/\/psol50.org.br\/10267-2\/#primaryimage\",\"url\":\"https:\/\/psol50.org.br\/inc\/uploads\/2015\/10\/Marcha-aborto-Chile-e1448897333862.jpg\",\"contentUrl\":\"https:\/\/psol50.org.br\/inc\/uploads\/2015\/10\/Marcha-aborto-Chile-e1448897333862.jpg\",\"width\":1000,\"height\":666,\"caption\":\"Marcha pela despenaliza\u00e7\u00e3o do aborto no Chile, 2015\"},{\"@type\":\"BreadcrumbList\",\"@id\":\"https:\/\/psol50.org.br\/10267-2\/#breadcrumb\",\"itemListElement\":[{\"@type\":\"ListItem\",\"position\":1,\"name\":\"In\u00edcio\",\"item\":\"https:\/\/psol50.org.br\/\"},{\"@type\":\"ListItem\",\"position\":2,\"name\":\"Chile: lei anti-aborto radical gera clima de medo e cuidados prec\u00e1rios para as mulheres\"}]},{\"@type\":\"WebSite\",\"@id\":\"https:\/\/psol50.org.br\/#website\",\"url\":\"https:\/\/psol50.org.br\/\",\"name\":\"PSOL 50\",\"description\":\"Site oficial do Partido Socialismo e Liberdade\",\"publisher\":{\"@id\":\"https:\/\/psol50.org.br\/#organization\"},\"alternateName\":\"PSOL50\",\"potentialAction\":[{\"@type\":\"SearchAction\",\"target\":{\"@type\":\"EntryPoint\",\"urlTemplate\":\"https:\/\/psol50.org.br\/?s={search_term_string}\"},\"query-input\":{\"@type\":\"PropertyValueSpecification\",\"valueRequired\":true,\"valueName\":\"search_term_string\"}}],\"inLanguage\":\"pt-BR\"},{\"@type\":\"Organization\",\"@id\":\"https:\/\/psol50.org.br\/#organization\",\"name\":\"PSOL 50\",\"alternateName\":\"PSOL 50\",\"url\":\"https:\/\/psol50.org.br\/\",\"logo\":{\"@type\":\"ImageObject\",\"inLanguage\":\"pt-BR\",\"@id\":\"https:\/\/psol50.org.br\/#\/schema\/logo\/image\/\",\"url\":\"https:\/\/psol50.org.br\/inc\/uploads\/2018\/07\/capa.png\",\"contentUrl\":\"https:\/\/psol50.org.br\/inc\/uploads\/2018\/07\/capa.png\",\"width\":1350,\"height\":900,\"caption\":\"PSOL 50\"},\"image\":{\"@id\":\"https:\/\/psol50.org.br\/#\/schema\/logo\/image\/\"},\"sameAs\":[\"https:\/\/www.facebook.com\/psol50\",\"https:\/\/x.com\/psol50\",\"https:\/\/www.instagram.com\/psol50\/\",\"https:\/\/www.youtube.com\/channel\/UC7SnJS5o1os7a6CaiNabzcg\"]},{\"@type\":\"Person\",\"@id\":\"https:\/\/psol50.org.br\/#\/schema\/person\/475dfa57d0b815993c714c2e96491fcd\",\"name\":\"Comunica\u00e7\u00e3o PSOL\",\"image\":{\"@type\":\"ImageObject\",\"inLanguage\":\"pt-BR\",\"@id\":\"https:\/\/psol50.org.br\/#\/schema\/person\/image\/\",\"url\":\"https:\/\/secure.gravatar.com\/avatar\/b34fc4f4e468a4e51785917065a3db57b841f5c95dba6ad8c73aaf8f66f8f9bf?s=96&d=mm&r=g\",\"contentUrl\":\"https:\/\/secure.gravatar.com\/avatar\/b34fc4f4e468a4e51785917065a3db57b841f5c95dba6ad8c73aaf8f66f8f9bf?s=96&d=mm&r=g\",\"caption\":\"Comunica\u00e7\u00e3o PSOL\"}}]}<\/script>\n<!-- \/ Yoast SEO plugin. -->","yoast_head_json":{"title":"Chile: lei anti-aborto radical gera clima de medo e cuidados prec\u00e1rios para as mulheres - PSOL 50","robots":{"index":"index","follow":"follow","max-snippet":"max-snippet:-1","max-image-preview":"max-image-preview:large","max-video-preview":"max-video-preview:-1"},"canonical":"https:\/\/psol50.org.br\/10267-2\/","og_locale":"pt_BR","og_type":"article","og_title":"Chile: lei anti-aborto radical gera clima de medo e cuidados prec\u00e1rios para as mulheres - PSOL 50","og_description":"A severa lei anti-aborto do Chile trata as mulheres como cidad\u00e3s de segunda classe e coloca suas vidas e sa\u00fade em risco, disse a Anistia Internacional em meio a um acalorado debate no Congresso para modificar a legisla\u00e7\u00e3o. \u201cA ultrajante proibi\u00e7\u00e3o do aborto no Chile cria um clima de medo entre os profissionais de sa\u00fade, [&hellip;]","og_url":"https:\/\/psol50.org.br\/10267-2\/","og_site_name":"PSOL 50","article_publisher":"https:\/\/www.facebook.com\/psol50","article_published_time":"2015-10-01T17:52:17+00:00","og_image":[{"width":1000,"height":666,"url":"https:\/\/psol50.org.br\/inc\/uploads\/2015\/10\/Marcha-aborto-Chile-e1448897333862.jpg","type":"image\/jpeg"}],"author":"Comunica\u00e7\u00e3o PSOL","twitter_card":"summary_large_image","twitter_creator":"@psol50","twitter_site":"@psol50","twitter_misc":{"Escrito por":"Comunica\u00e7\u00e3o PSOL","Est. tempo de leitura":"5 minutos"},"schema":{"@context":"https:\/\/schema.org","@graph":[{"@type":"Article","@id":"https:\/\/psol50.org.br\/10267-2\/#article","isPartOf":{"@id":"https:\/\/psol50.org.br\/10267-2\/"},"author":{"name":"Comunica\u00e7\u00e3o PSOL","@id":"https:\/\/psol50.org.br\/#\/schema\/person\/475dfa57d0b815993c714c2e96491fcd"},"headline":"Chile: lei anti-aborto radical gera clima de medo e cuidados prec\u00e1rios para as mulheres","datePublished":"2015-10-01T17:52:17+00:00","mainEntityOfPage":{"@id":"https:\/\/psol50.org.br\/10267-2\/"},"wordCount":958,"commentCount":0,"publisher":{"@id":"https:\/\/psol50.org.br\/#organization"},"image":{"@id":"https:\/\/psol50.org.br\/10267-2\/#primaryimage"},"thumbnailUrl":"https:\/\/psol50.org.br\/inc\/uploads\/2015\/10\/Marcha-aborto-Chile-e1448897333862.jpg","keywords":["aborto","Anistia Internacional","Chile"],"articleSection":["Internacional"],"inLanguage":"pt-BR","potentialAction":[{"@type":"CommentAction","name":"Comment","target":["https:\/\/psol50.org.br\/10267-2\/#respond"]}]},{"@type":"WebPage","@id":"https:\/\/psol50.org.br\/10267-2\/","url":"https:\/\/psol50.org.br\/10267-2\/","name":"Chile: lei anti-aborto radical gera clima de medo e cuidados prec\u00e1rios para as mulheres - PSOL 50","isPartOf":{"@id":"https:\/\/psol50.org.br\/#website"},"primaryImageOfPage":{"@id":"https:\/\/psol50.org.br\/10267-2\/#primaryimage"},"image":{"@id":"https:\/\/psol50.org.br\/10267-2\/#primaryimage"},"thumbnailUrl":"https:\/\/psol50.org.br\/inc\/uploads\/2015\/10\/Marcha-aborto-Chile-e1448897333862.jpg","datePublished":"2015-10-01T17:52:17+00:00","breadcrumb":{"@id":"https:\/\/psol50.org.br\/10267-2\/#breadcrumb"},"inLanguage":"pt-BR","potentialAction":[{"@type":"ReadAction","target":["https:\/\/psol50.org.br\/10267-2\/"]}]},{"@type":"ImageObject","inLanguage":"pt-BR","@id":"https:\/\/psol50.org.br\/10267-2\/#primaryimage","url":"https:\/\/psol50.org.br\/inc\/uploads\/2015\/10\/Marcha-aborto-Chile-e1448897333862.jpg","contentUrl":"https:\/\/psol50.org.br\/inc\/uploads\/2015\/10\/Marcha-aborto-Chile-e1448897333862.jpg","width":1000,"height":666,"caption":"Marcha pela despenaliza\u00e7\u00e3o do aborto no Chile, 2015"},{"@type":"BreadcrumbList","@id":"https:\/\/psol50.org.br\/10267-2\/#breadcrumb","itemListElement":[{"@type":"ListItem","position":1,"name":"In\u00edcio","item":"https:\/\/psol50.org.br\/"},{"@type":"ListItem","position":2,"name":"Chile: lei anti-aborto radical gera clima de medo e cuidados prec\u00e1rios para as mulheres"}]},{"@type":"WebSite","@id":"https:\/\/psol50.org.br\/#website","url":"https:\/\/psol50.org.br\/","name":"PSOL 50","description":"Site oficial do Partido Socialismo e Liberdade","publisher":{"@id":"https:\/\/psol50.org.br\/#organization"},"alternateName":"PSOL50","potentialAction":[{"@type":"SearchAction","target":{"@type":"EntryPoint","urlTemplate":"https:\/\/psol50.org.br\/?s={search_term_string}"},"query-input":{"@type":"PropertyValueSpecification","valueRequired":true,"valueName":"search_term_string"}}],"inLanguage":"pt-BR"},{"@type":"Organization","@id":"https:\/\/psol50.org.br\/#organization","name":"PSOL 50","alternateName":"PSOL 50","url":"https:\/\/psol50.org.br\/","logo":{"@type":"ImageObject","inLanguage":"pt-BR","@id":"https:\/\/psol50.org.br\/#\/schema\/logo\/image\/","url":"https:\/\/psol50.org.br\/inc\/uploads\/2018\/07\/capa.png","contentUrl":"https:\/\/psol50.org.br\/inc\/uploads\/2018\/07\/capa.png","width":1350,"height":900,"caption":"PSOL 50"},"image":{"@id":"https:\/\/psol50.org.br\/#\/schema\/logo\/image\/"},"sameAs":["https:\/\/www.facebook.com\/psol50","https:\/\/x.com\/psol50","https:\/\/www.instagram.com\/psol50\/","https:\/\/www.youtube.com\/channel\/UC7SnJS5o1os7a6CaiNabzcg"]},{"@type":"Person","@id":"https:\/\/psol50.org.br\/#\/schema\/person\/475dfa57d0b815993c714c2e96491fcd","name":"Comunica\u00e7\u00e3o PSOL","image":{"@type":"ImageObject","inLanguage":"pt-BR","@id":"https:\/\/psol50.org.br\/#\/schema\/person\/image\/","url":"https:\/\/secure.gravatar.com\/avatar\/b34fc4f4e468a4e51785917065a3db57b841f5c95dba6ad8c73aaf8f66f8f9bf?s=96&d=mm&r=g","contentUrl":"https:\/\/secure.gravatar.com\/avatar\/b34fc4f4e468a4e51785917065a3db57b841f5c95dba6ad8c73aaf8f66f8f9bf?s=96&d=mm&r=g","caption":"Comunica\u00e7\u00e3o PSOL"}}]}},"_links":{"self":[{"href":"https:\/\/psol50.org.br\/rest\/wp\/v2\/posts\/10267","targetHints":{"allow":["GET"]}}],"collection":[{"href":"https:\/\/psol50.org.br\/rest\/wp\/v2\/posts"}],"about":[{"href":"https:\/\/psol50.org.br\/rest\/wp\/v2\/types\/post"}],"author":[{"embeddable":true,"href":"https:\/\/psol50.org.br\/rest\/wp\/v2\/users\/2"}],"replies":[{"embeddable":true,"href":"https:\/\/psol50.org.br\/rest\/wp\/v2\/comments?post=10267"}],"version-history":[{"count":0,"href":"https:\/\/psol50.org.br\/rest\/wp\/v2\/posts\/10267\/revisions"}],"wp:featuredmedia":[{"embeddable":true,"href":"https:\/\/psol50.org.br\/rest\/wp\/v2\/media\/10268"}],"wp:attachment":[{"href":"https:\/\/psol50.org.br\/rest\/wp\/v2\/media?parent=10267"}],"wp:term":[{"taxonomy":"category","embeddable":true,"href":"https:\/\/psol50.org.br\/rest\/wp\/v2\/categories?post=10267"},{"taxonomy":"post_tag","embeddable":true,"href":"https:\/\/psol50.org.br\/rest\/wp\/v2\/tags?post=10267"}],"curies":[{"name":"wp","href":"https:\/\/api.w.org\/{rel}","templated":true}]}}