{"id":10271,"date":"2015-09-30T18:00:30","date_gmt":"2015-09-30T18:00:30","guid":{"rendered":"http:\/\/179.190.55.146\/~psol5185\/?p=10271"},"modified":"2015-09-30T18:00:30","modified_gmt":"2015-09-30T18:00:30","slug":"maduro-pede-fim-de-decreto-que-declara-venezuela-ameaca-a-seguranca-dos-eua","status":"publish","type":"post","link":"https:\/\/psol50.org.br\/maduro-pede-fim-de-decreto-que-declara-venezuela-ameaca-a-seguranca-dos-eua\/","title":{"rendered":"Maduro pede fim de decreto que declara Venezuela amea\u00e7a \u00e0 seguran\u00e7a dos EUA"},"content":{"rendered":"<p><span id=\"Texto\">Durante o discurso na Assembleia Geral da Organiza\u00e7\u00e3o das Na\u00e7\u00f5es Unidas (ONU), em Nova York, o presidente da Venezuela Nicol\u00e1s Maduro disse que seu pa\u00eds sofre enfrentamentos. O maior deles, segundo o presidente, foi a decis\u00e3o dos Estados Unidos de considerar a Venezuela uma amea\u00e7a \u00e0 seguran\u00e7a nacional.<br \/>\nMaduro lembrou que o presidente Barack Obama reconheceu que a Venezuela \u00e9 um pa\u00eds de paz, mas disse que isso n\u00e3o \u00e9 suficiente, e pediu a revoga\u00e7\u00e3o do decreto publicado pelos Estados Unidos em mar\u00e7o.<br \/>\nO presidente afirmou que \u201cenfrenta desafios\u00a0para construir um novo modelo social e econ\u00f4mico, eminentemente venezuelano, inspirado em Sim\u00f3n Bolivar\u201d.\u00a0Sobre os conflitos na fronteira com\u00a0a Col\u00f4mbia, Maduro disse que tem conversado com o\u00a0presidente do pa\u00eds vizinho\u00a0para definir uma agenda de trabalho.<br \/>\n\u201cConjuntamente com o presidente Juan Manuel Santos, definimos um caminho para esclarecer\u00a0provoca\u00e7\u00f5es, amea\u00e7as e ataques de paramilitares e narcotraficantes contra a Venezuela. Eu posso dizer que tenho grande esperan\u00e7a de que vamos voltar a estabelecer uma rela\u00e7\u00e3o de trabalho e comunica\u00e7\u00e3o com o governo da Col\u00f4mbia\u201d.<br \/>\nAinda sobre a Am\u00e9rica Latina e o Caribe, Nicol\u00e1s Maduro pediu o fim do embargo financeiro, econ\u00f4mico e comercial imposto a Cuba pelos Estados Unidos e a devolu\u00e7\u00e3o do territ\u00f3rio onde os norte-americanos mant\u00e9m a base naval e pris\u00e3o militar de Guant\u00e1namo. O presidente da Venezuela fez tamb\u00e9m um apelo por uma nova alian\u00e7a geopol\u00edtica para evitar uma interven\u00e7\u00e3o na S\u00edria e proteger a popula\u00e7\u00e3o daquele pa\u00eds.<\/span><br \/>\n&nbsp;<br \/>\n<span id=\"Texto\"><em>Da Ag\u00eancia Brasil, Gislene Nogueira (correspondente)<\/em><\/span><\/p>\n","protected":false},"excerpt":{"rendered":"<p>Durante o discurso na Assembleia Geral da Organiza\u00e7\u00e3o das Na\u00e7\u00f5es Unidas (ONU), em Nova York, o presidente da Venezuela Nicol\u00e1s Maduro disse que seu pa\u00eds sofre enfrentamentos. O maior deles, segundo o presidente, foi a decis\u00e3o dos Estados Unidos de considerar a Venezuela uma amea\u00e7a \u00e0 seguran\u00e7a nacional. Maduro lembrou que o presidente Barack Obama [&hellip;]<\/p>\n","protected":false},"author":2,"featured_media":10272,"comment_status":"open","ping_status":"open","sticky":false,"template":"","format":"standard","meta":{"_acf_changed":false,"footnotes":""},"categories":[836],"tags":[4807,187,3427,232,675],"class_list":{"0":"post-10271","1":"post","2":"type-post","3":"status-publish","4":"format-standard","5":"has-post-thumbnail","7":"category-internacional","8":"tag-barack-obama","9":"tag-estados-unidos","10":"tag-nicolas-maduro","11":"tag-onu","12":"tag-venezuela"},"acf":[],"yoast_head":"<!-- This site is optimized with the Yoast SEO plugin v26.5 - https:\/\/yoast.com\/wordpress\/plugins\/seo\/ -->\n<title>Maduro pede fim de decreto que declara Venezuela amea\u00e7a \u00e0 seguran\u00e7a dos EUA - PSOL 50<\/title>\n<meta name=\"robots\" content=\"index, follow, max-snippet:-1, max-image-preview:large, max-video-preview:-1\" \/>\n<link rel=\"canonical\" href=\"https:\/\/psol50.org.br\/maduro-pede-fim-de-decreto-que-declara-venezuela-ameaca-a-seguranca-dos-eua\/\" \/>\n<meta property=\"og:locale\" content=\"pt_BR\" \/>\n<meta property=\"og:type\" content=\"article\" \/>\n<meta property=\"og:title\" content=\"Maduro pede fim de decreto que declara Venezuela amea\u00e7a \u00e0 seguran\u00e7a dos EUA - PSOL 50\" \/>\n<meta property=\"og:description\" content=\"Durante o discurso na Assembleia Geral da Organiza\u00e7\u00e3o das Na\u00e7\u00f5es Unidas (ONU), em Nova York, o presidente da Venezuela Nicol\u00e1s Maduro disse que seu pa\u00eds sofre enfrentamentos. O maior deles, segundo o presidente, foi a decis\u00e3o dos Estados Unidos de considerar a Venezuela uma amea\u00e7a \u00e0 seguran\u00e7a nacional. Maduro lembrou que o presidente Barack Obama [&hellip;]\" \/>\n<meta property=\"og:url\" content=\"https:\/\/psol50.org.br\/maduro-pede-fim-de-decreto-que-declara-venezuela-ameaca-a-seguranca-dos-eua\/\" \/>\n<meta property=\"og:site_name\" content=\"PSOL 50\" \/>\n<meta property=\"article:publisher\" content=\"https:\/\/www.facebook.com\/psol50\" \/>\n<meta property=\"article:published_time\" content=\"2015-09-30T18:00:30+00:00\" \/>\n<meta property=\"og:image\" content=\"https:\/\/psol50.org.br\/inc\/uploads\/2015\/10\/nicolas_maduro_0.jpg\" \/>\n\t<meta property=\"og:image:width\" content=\"800\" \/>\n\t<meta property=\"og:image:height\" content=\"533\" \/>\n\t<meta property=\"og:image:type\" content=\"image\/jpeg\" \/>\n<meta name=\"author\" content=\"Comunica\u00e7\u00e3o PSOL\" \/>\n<meta name=\"twitter:card\" content=\"summary_large_image\" \/>\n<meta name=\"twitter:creator\" content=\"@psol50\" \/>\n<meta name=\"twitter:site\" content=\"@psol50\" \/>\n<meta name=\"twitter:label1\" content=\"Escrito por\" \/>\n\t<meta name=\"twitter:data1\" content=\"Comunica\u00e7\u00e3o PSOL\" \/>\n\t<meta name=\"twitter:label2\" content=\"Est. tempo de leitura\" \/>\n\t<meta name=\"twitter:data2\" content=\"1 minuto\" \/>\n<script type=\"application\/ld+json\" class=\"yoast-schema-graph\">{\"@context\":\"https:\/\/schema.org\",\"@graph\":[{\"@type\":\"Article\",\"@id\":\"https:\/\/psol50.org.br\/maduro-pede-fim-de-decreto-que-declara-venezuela-ameaca-a-seguranca-dos-eua\/#article\",\"isPartOf\":{\"@id\":\"https:\/\/psol50.org.br\/maduro-pede-fim-de-decreto-que-declara-venezuela-ameaca-a-seguranca-dos-eua\/\"},\"author\":{\"name\":\"Comunica\u00e7\u00e3o PSOL\",\"@id\":\"https:\/\/psol50.org.br\/#\/schema\/person\/475dfa57d0b815993c714c2e96491fcd\"},\"headline\":\"Maduro pede fim de decreto que declara Venezuela amea\u00e7a \u00e0 seguran\u00e7a dos EUA\",\"datePublished\":\"2015-09-30T18:00:30+00:00\",\"mainEntityOfPage\":{\"@id\":\"https:\/\/psol50.org.br\/maduro-pede-fim-de-decreto-que-declara-venezuela-ameaca-a-seguranca-dos-eua\/\"},\"wordCount\":297,\"commentCount\":0,\"publisher\":{\"@id\":\"https:\/\/psol50.org.br\/#organization\"},\"image\":{\"@id\":\"https:\/\/psol50.org.br\/maduro-pede-fim-de-decreto-que-declara-venezuela-ameaca-a-seguranca-dos-eua\/#primaryimage\"},\"thumbnailUrl\":\"https:\/\/psol50.org.br\/inc\/uploads\/2015\/10\/nicolas_maduro_0.jpg\",\"keywords\":[\"Barack Obama\",\"Estados Unidos\",\"Nicolas Maduro\",\"ONU\",\"Venezuela\"],\"articleSection\":[\"Internacional\"],\"inLanguage\":\"pt-BR\",\"potentialAction\":[{\"@type\":\"CommentAction\",\"name\":\"Comment\",\"target\":[\"https:\/\/psol50.org.br\/maduro-pede-fim-de-decreto-que-declara-venezuela-ameaca-a-seguranca-dos-eua\/#respond\"]}]},{\"@type\":\"WebPage\",\"@id\":\"https:\/\/psol50.org.br\/maduro-pede-fim-de-decreto-que-declara-venezuela-ameaca-a-seguranca-dos-eua\/\",\"url\":\"https:\/\/psol50.org.br\/maduro-pede-fim-de-decreto-que-declara-venezuela-ameaca-a-seguranca-dos-eua\/\",\"name\":\"Maduro pede fim de decreto que declara Venezuela amea\u00e7a \u00e0 seguran\u00e7a dos EUA - PSOL 50\",\"isPartOf\":{\"@id\":\"https:\/\/psol50.org.br\/#website\"},\"primaryImageOfPage\":{\"@id\":\"https:\/\/psol50.org.br\/maduro-pede-fim-de-decreto-que-declara-venezuela-ameaca-a-seguranca-dos-eua\/#primaryimage\"},\"image\":{\"@id\":\"https:\/\/psol50.org.br\/maduro-pede-fim-de-decreto-que-declara-venezuela-ameaca-a-seguranca-dos-eua\/#primaryimage\"},\"thumbnailUrl\":\"https:\/\/psol50.org.br\/inc\/uploads\/2015\/10\/nicolas_maduro_0.jpg\",\"datePublished\":\"2015-09-30T18:00:30+00:00\",\"breadcrumb\":{\"@id\":\"https:\/\/psol50.org.br\/maduro-pede-fim-de-decreto-que-declara-venezuela-ameaca-a-seguranca-dos-eua\/#breadcrumb\"},\"inLanguage\":\"pt-BR\",\"potentialAction\":[{\"@type\":\"ReadAction\",\"target\":[\"https:\/\/psol50.org.br\/maduro-pede-fim-de-decreto-que-declara-venezuela-ameaca-a-seguranca-dos-eua\/\"]}]},{\"@type\":\"ImageObject\",\"inLanguage\":\"pt-BR\",\"@id\":\"https:\/\/psol50.org.br\/maduro-pede-fim-de-decreto-que-declara-venezuela-ameaca-a-seguranca-dos-eua\/#primaryimage\",\"url\":\"https:\/\/psol50.org.br\/inc\/uploads\/2015\/10\/nicolas_maduro_0.jpg\",\"contentUrl\":\"https:\/\/psol50.org.br\/inc\/uploads\/2015\/10\/nicolas_maduro_0.jpg\",\"width\":800,\"height\":533},{\"@type\":\"BreadcrumbList\",\"@id\":\"https:\/\/psol50.org.br\/maduro-pede-fim-de-decreto-que-declara-venezuela-ameaca-a-seguranca-dos-eua\/#breadcrumb\",\"itemListElement\":[{\"@type\":\"ListItem\",\"position\":1,\"name\":\"In\u00edcio\",\"item\":\"https:\/\/psol50.org.br\/\"},{\"@type\":\"ListItem\",\"position\":2,\"name\":\"Maduro pede fim de decreto que declara Venezuela amea\u00e7a \u00e0 seguran\u00e7a dos EUA\"}]},{\"@type\":\"WebSite\",\"@id\":\"https:\/\/psol50.org.br\/#website\",\"url\":\"https:\/\/psol50.org.br\/\",\"name\":\"PSOL 50\",\"description\":\"Site oficial do Partido Socialismo e Liberdade\",\"publisher\":{\"@id\":\"https:\/\/psol50.org.br\/#organization\"},\"alternateName\":\"PSOL50\",\"potentialAction\":[{\"@type\":\"SearchAction\",\"target\":{\"@type\":\"EntryPoint\",\"urlTemplate\":\"https:\/\/psol50.org.br\/?s={search_term_string}\"},\"query-input\":{\"@type\":\"PropertyValueSpecification\",\"valueRequired\":true,\"valueName\":\"search_term_string\"}}],\"inLanguage\":\"pt-BR\"},{\"@type\":\"Organization\",\"@id\":\"https:\/\/psol50.org.br\/#organization\",\"name\":\"PSOL 50\",\"alternateName\":\"PSOL 50\",\"url\":\"https:\/\/psol50.org.br\/\",\"logo\":{\"@type\":\"ImageObject\",\"inLanguage\":\"pt-BR\",\"@id\":\"https:\/\/psol50.org.br\/#\/schema\/logo\/image\/\",\"url\":\"https:\/\/psol50.org.br\/inc\/uploads\/2018\/07\/capa.png\",\"contentUrl\":\"https:\/\/psol50.org.br\/inc\/uploads\/2018\/07\/capa.png\",\"width\":1350,\"height\":900,\"caption\":\"PSOL 50\"},\"image\":{\"@id\":\"https:\/\/psol50.org.br\/#\/schema\/logo\/image\/\"},\"sameAs\":[\"https:\/\/www.facebook.com\/psol50\",\"https:\/\/x.com\/psol50\",\"https:\/\/www.instagram.com\/psol50\/\",\"https:\/\/www.youtube.com\/channel\/UC7SnJS5o1os7a6CaiNabzcg\"]},{\"@type\":\"Person\",\"@id\":\"https:\/\/psol50.org.br\/#\/schema\/person\/475dfa57d0b815993c714c2e96491fcd\",\"name\":\"Comunica\u00e7\u00e3o PSOL\",\"image\":{\"@type\":\"ImageObject\",\"inLanguage\":\"pt-BR\",\"@id\":\"https:\/\/psol50.org.br\/#\/schema\/person\/image\/\",\"url\":\"https:\/\/secure.gravatar.com\/avatar\/b34fc4f4e468a4e51785917065a3db57b841f5c95dba6ad8c73aaf8f66f8f9bf?s=96&d=mm&r=g\",\"contentUrl\":\"https:\/\/secure.gravatar.com\/avatar\/b34fc4f4e468a4e51785917065a3db57b841f5c95dba6ad8c73aaf8f66f8f9bf?s=96&d=mm&r=g\",\"caption\":\"Comunica\u00e7\u00e3o PSOL\"}}]}<\/script>\n<!-- \/ Yoast SEO plugin. -->","yoast_head_json":{"title":"Maduro pede fim de decreto que declara Venezuela amea\u00e7a \u00e0 seguran\u00e7a dos EUA - PSOL 50","robots":{"index":"index","follow":"follow","max-snippet":"max-snippet:-1","max-image-preview":"max-image-preview:large","max-video-preview":"max-video-preview:-1"},"canonical":"https:\/\/psol50.org.br\/maduro-pede-fim-de-decreto-que-declara-venezuela-ameaca-a-seguranca-dos-eua\/","og_locale":"pt_BR","og_type":"article","og_title":"Maduro pede fim de decreto que declara Venezuela amea\u00e7a \u00e0 seguran\u00e7a dos EUA - PSOL 50","og_description":"Durante o discurso na Assembleia Geral da Organiza\u00e7\u00e3o das Na\u00e7\u00f5es Unidas (ONU), em Nova York, o presidente da Venezuela Nicol\u00e1s Maduro disse que seu pa\u00eds sofre enfrentamentos. O maior deles, segundo o presidente, foi a decis\u00e3o dos Estados Unidos de considerar a Venezuela uma amea\u00e7a \u00e0 seguran\u00e7a nacional. Maduro lembrou que o presidente Barack Obama [&hellip;]","og_url":"https:\/\/psol50.org.br\/maduro-pede-fim-de-decreto-que-declara-venezuela-ameaca-a-seguranca-dos-eua\/","og_site_name":"PSOL 50","article_publisher":"https:\/\/www.facebook.com\/psol50","article_published_time":"2015-09-30T18:00:30+00:00","og_image":[{"width":800,"height":533,"url":"https:\/\/psol50.org.br\/inc\/uploads\/2015\/10\/nicolas_maduro_0.jpg","type":"image\/jpeg"}],"author":"Comunica\u00e7\u00e3o PSOL","twitter_card":"summary_large_image","twitter_creator":"@psol50","twitter_site":"@psol50","twitter_misc":{"Escrito por":"Comunica\u00e7\u00e3o PSOL","Est. tempo de leitura":"1 minuto"},"schema":{"@context":"https:\/\/schema.org","@graph":[{"@type":"Article","@id":"https:\/\/psol50.org.br\/maduro-pede-fim-de-decreto-que-declara-venezuela-ameaca-a-seguranca-dos-eua\/#article","isPartOf":{"@id":"https:\/\/psol50.org.br\/maduro-pede-fim-de-decreto-que-declara-venezuela-ameaca-a-seguranca-dos-eua\/"},"author":{"name":"Comunica\u00e7\u00e3o PSOL","@id":"https:\/\/psol50.org.br\/#\/schema\/person\/475dfa57d0b815993c714c2e96491fcd"},"headline":"Maduro pede fim de decreto que declara Venezuela amea\u00e7a \u00e0 seguran\u00e7a dos EUA","datePublished":"2015-09-30T18:00:30+00:00","mainEntityOfPage":{"@id":"https:\/\/psol50.org.br\/maduro-pede-fim-de-decreto-que-declara-venezuela-ameaca-a-seguranca-dos-eua\/"},"wordCount":297,"commentCount":0,"publisher":{"@id":"https:\/\/psol50.org.br\/#organization"},"image":{"@id":"https:\/\/psol50.org.br\/maduro-pede-fim-de-decreto-que-declara-venezuela-ameaca-a-seguranca-dos-eua\/#primaryimage"},"thumbnailUrl":"https:\/\/psol50.org.br\/inc\/uploads\/2015\/10\/nicolas_maduro_0.jpg","keywords":["Barack Obama","Estados Unidos","Nicolas Maduro","ONU","Venezuela"],"articleSection":["Internacional"],"inLanguage":"pt-BR","potentialAction":[{"@type":"CommentAction","name":"Comment","target":["https:\/\/psol50.org.br\/maduro-pede-fim-de-decreto-que-declara-venezuela-ameaca-a-seguranca-dos-eua\/#respond"]}]},{"@type":"WebPage","@id":"https:\/\/psol50.org.br\/maduro-pede-fim-de-decreto-que-declara-venezuela-ameaca-a-seguranca-dos-eua\/","url":"https:\/\/psol50.org.br\/maduro-pede-fim-de-decreto-que-declara-venezuela-ameaca-a-seguranca-dos-eua\/","name":"Maduro pede fim de decreto que declara Venezuela amea\u00e7a \u00e0 seguran\u00e7a dos EUA - PSOL 50","isPartOf":{"@id":"https:\/\/psol50.org.br\/#website"},"primaryImageOfPage":{"@id":"https:\/\/psol50.org.br\/maduro-pede-fim-de-decreto-que-declara-venezuela-ameaca-a-seguranca-dos-eua\/#primaryimage"},"image":{"@id":"https:\/\/psol50.org.br\/maduro-pede-fim-de-decreto-que-declara-venezuela-ameaca-a-seguranca-dos-eua\/#primaryimage"},"thumbnailUrl":"https:\/\/psol50.org.br\/inc\/uploads\/2015\/10\/nicolas_maduro_0.jpg","datePublished":"2015-09-30T18:00:30+00:00","breadcrumb":{"@id":"https:\/\/psol50.org.br\/maduro-pede-fim-de-decreto-que-declara-venezuela-ameaca-a-seguranca-dos-eua\/#breadcrumb"},"inLanguage":"pt-BR","potentialAction":[{"@type":"ReadAction","target":["https:\/\/psol50.org.br\/maduro-pede-fim-de-decreto-que-declara-venezuela-ameaca-a-seguranca-dos-eua\/"]}]},{"@type":"ImageObject","inLanguage":"pt-BR","@id":"https:\/\/psol50.org.br\/maduro-pede-fim-de-decreto-que-declara-venezuela-ameaca-a-seguranca-dos-eua\/#primaryimage","url":"https:\/\/psol50.org.br\/inc\/uploads\/2015\/10\/nicolas_maduro_0.jpg","contentUrl":"https:\/\/psol50.org.br\/inc\/uploads\/2015\/10\/nicolas_maduro_0.jpg","width":800,"height":533},{"@type":"BreadcrumbList","@id":"https:\/\/psol50.org.br\/maduro-pede-fim-de-decreto-que-declara-venezuela-ameaca-a-seguranca-dos-eua\/#breadcrumb","itemListElement":[{"@type":"ListItem","position":1,"name":"In\u00edcio","item":"https:\/\/psol50.org.br\/"},{"@type":"ListItem","position":2,"name":"Maduro pede fim de decreto que declara Venezuela amea\u00e7a \u00e0 seguran\u00e7a dos EUA"}]},{"@type":"WebSite","@id":"https:\/\/psol50.org.br\/#website","url":"https:\/\/psol50.org.br\/","name":"PSOL 50","description":"Site oficial do Partido Socialismo e Liberdade","publisher":{"@id":"https:\/\/psol50.org.br\/#organization"},"alternateName":"PSOL50","potentialAction":[{"@type":"SearchAction","target":{"@type":"EntryPoint","urlTemplate":"https:\/\/psol50.org.br\/?s={search_term_string}"},"query-input":{"@type":"PropertyValueSpecification","valueRequired":true,"valueName":"search_term_string"}}],"inLanguage":"pt-BR"},{"@type":"Organization","@id":"https:\/\/psol50.org.br\/#organization","name":"PSOL 50","alternateName":"PSOL 50","url":"https:\/\/psol50.org.br\/","logo":{"@type":"ImageObject","inLanguage":"pt-BR","@id":"https:\/\/psol50.org.br\/#\/schema\/logo\/image\/","url":"https:\/\/psol50.org.br\/inc\/uploads\/2018\/07\/capa.png","contentUrl":"https:\/\/psol50.org.br\/inc\/uploads\/2018\/07\/capa.png","width":1350,"height":900,"caption":"PSOL 50"},"image":{"@id":"https:\/\/psol50.org.br\/#\/schema\/logo\/image\/"},"sameAs":["https:\/\/www.facebook.com\/psol50","https:\/\/x.com\/psol50","https:\/\/www.instagram.com\/psol50\/","https:\/\/www.youtube.com\/channel\/UC7SnJS5o1os7a6CaiNabzcg"]},{"@type":"Person","@id":"https:\/\/psol50.org.br\/#\/schema\/person\/475dfa57d0b815993c714c2e96491fcd","name":"Comunica\u00e7\u00e3o PSOL","image":{"@type":"ImageObject","inLanguage":"pt-BR","@id":"https:\/\/psol50.org.br\/#\/schema\/person\/image\/","url":"https:\/\/secure.gravatar.com\/avatar\/b34fc4f4e468a4e51785917065a3db57b841f5c95dba6ad8c73aaf8f66f8f9bf?s=96&d=mm&r=g","contentUrl":"https:\/\/secure.gravatar.com\/avatar\/b34fc4f4e468a4e51785917065a3db57b841f5c95dba6ad8c73aaf8f66f8f9bf?s=96&d=mm&r=g","caption":"Comunica\u00e7\u00e3o PSOL"}}]}},"_links":{"self":[{"href":"https:\/\/psol50.org.br\/rest\/wp\/v2\/posts\/10271","targetHints":{"allow":["GET"]}}],"collection":[{"href":"https:\/\/psol50.org.br\/rest\/wp\/v2\/posts"}],"about":[{"href":"https:\/\/psol50.org.br\/rest\/wp\/v2\/types\/post"}],"author":[{"embeddable":true,"href":"https:\/\/psol50.org.br\/rest\/wp\/v2\/users\/2"}],"replies":[{"embeddable":true,"href":"https:\/\/psol50.org.br\/rest\/wp\/v2\/comments?post=10271"}],"version-history":[{"count":0,"href":"https:\/\/psol50.org.br\/rest\/wp\/v2\/posts\/10271\/revisions"}],"wp:featuredmedia":[{"embeddable":true,"href":"https:\/\/psol50.org.br\/rest\/wp\/v2\/media\/10272"}],"wp:attachment":[{"href":"https:\/\/psol50.org.br\/rest\/wp\/v2\/media?parent=10271"}],"wp:term":[{"taxonomy":"category","embeddable":true,"href":"https:\/\/psol50.org.br\/rest\/wp\/v2\/categories?post=10271"},{"taxonomy":"post_tag","embeddable":true,"href":"https:\/\/psol50.org.br\/rest\/wp\/v2\/tags?post=10271"}],"curies":[{"name":"wp","href":"https:\/\/api.w.org\/{rel}","templated":true}]}}