{"id":10337,"date":"2015-10-23T21:31:59","date_gmt":"2015-10-23T21:31:59","guid":{"rendered":"http:\/\/179.190.55.146\/~psol5185\/?p=10337"},"modified":"2015-10-23T21:31:59","modified_gmt":"2015-10-23T21:31:59","slug":"contra-a-privatizacao-da-educacao-o-psol-disse-nao-a-pec-395","status":"publish","type":"post","link":"https:\/\/psol50.org.br\/contra-a-privatizacao-da-educacao-o-psol-disse-nao-a-pec-395\/","title":{"rendered":"Contra a privatiza\u00e7\u00e3o da educa\u00e7\u00e3o, PSOL disse n\u00e3o \u00e0 PEC 395"},"content":{"rendered":"<p>A bancada do PSOL votou contra a PEC 395\/14, aprovada na noite de quarta-feira (21), em primeiro turno, por 318 votos a 129 e 4 absten\u00e7\u00f5es. O texto prev\u00ea que as universidades p\u00fablicas poder\u00e3o cobrar pelos cursos de extens\u00e3o, de p\u00f3s-gradua\u00e7\u00e3o lato sensu e de mestrado profissional.<br \/>\n\u201cSomos contra essa PEC porque ela extingue a gratuidade do ensino p\u00fablico, que \u00e9 um princ\u00edpio basilar da educa\u00e7\u00e3o. Ela representa a privatiza\u00e7\u00e3o da p\u00f3s-gradua\u00e7\u00e3o. Precisamos, pelo contr\u00e1rio, universalizar o ensino p\u00fablico. Al\u00e9m de reduzir a responsabilidade do estado com a educa\u00e7\u00e3o p\u00fablica, intensifica a privatiza\u00e7\u00e3o e fortalece o modelo de universidade gerencial. Isso \u00e9 um retrocesso absoluto. Al\u00e9m disso, essa proposta distorce tamb\u00e9m o princ\u00edpio da autonomia universit\u00e1ria e prejudica o acesso e perman\u00eancia dos setores populares dentro da universidade p\u00fablica\u201d, afirmou Valente.<br \/>\nComo algumas universidades p\u00fablicas est\u00e3o, indevidamente, cobrando por esses cursos, o Minist\u00e9rio P\u00fablico, considerando que a Constitui\u00e7\u00e3o Federal prev\u00ea a gratuidade do ensino p\u00fablico oficial para todos os n\u00edveis, est\u00e1 contestando no Supremo Tribunal Federal essas cobran\u00e7as.<br \/>\nOs destaques apresentados \u00e0 mat\u00e9ria ser\u00e3o votados na pr\u00f3xima semana. A luta continua para que essa proposta seja rejeitada em segundo turno e tamb\u00e9m no Senado.<br \/>\nConfira o <a href=\"https:\/\/www.youtube.com\/watch?v=fEZHc4qWz1w\">v\u00eddeo<\/a> com a fala do deputado Ivan Valente, durante a vota\u00e7\u00e3o da PEC.<br \/>\nFonte: <em>Mandato do deputado Ivan Valente<\/em><br \/>\n&nbsp;<br \/>\n&nbsp;<\/p>\n","protected":false},"excerpt":{"rendered":"<p>A bancada do PSOL votou contra a PEC 395\/14, aprovada na noite de quarta-feira (21), em primeiro turno, por 318 votos a 129 e 4 absten\u00e7\u00f5es. O texto prev\u00ea que as universidades p\u00fablicas poder\u00e3o cobrar pelos cursos de extens\u00e3o, de p\u00f3s-gradua\u00e7\u00e3o lato sensu e de mestrado profissional. \u201cSomos contra essa PEC porque ela extingue a [&hellip;]<\/p>\n","protected":false},"author":2,"featured_media":10338,"comment_status":"open","ping_status":"open","sticky":false,"template":"","format":"standard","meta":{"_acf_changed":false,"footnotes":""},"categories":[10,1882,2208,6,14],"tags":[2734,4820,2675,552,408,22,4821],"class_list":{"0":"post-10337","1":"post","2":"type-post","3":"status-publish","4":"format-standard","5":"has-post-thumbnail","7":"category-acao-parlamentares","8":"category-brasil","9":"category-educacao","10":"category-noticias","11":"category-partido","12":"tag-bancada-do-psol","13":"tag-eduacao","14":"tag-ensino-superior","15":"tag-ivan-valente","16":"tag-pos-graduacao","17":"tag-psol","18":"tag-universidades-publicas"},"acf":[],"yoast_head":"<!-- This site is optimized with the Yoast SEO plugin v26.5 - https:\/\/yoast.com\/wordpress\/plugins\/seo\/ -->\n<title>Contra a privatiza\u00e7\u00e3o da educa\u00e7\u00e3o, PSOL disse n\u00e3o \u00e0 PEC 395 - PSOL 50<\/title>\n<meta name=\"robots\" content=\"index, follow, max-snippet:-1, max-image-preview:large, max-video-preview:-1\" \/>\n<link rel=\"canonical\" href=\"https:\/\/psol50.org.br\/contra-a-privatizacao-da-educacao-o-psol-disse-nao-a-pec-395\/\" \/>\n<meta property=\"og:locale\" content=\"pt_BR\" \/>\n<meta property=\"og:type\" content=\"article\" \/>\n<meta property=\"og:title\" content=\"Contra a privatiza\u00e7\u00e3o da educa\u00e7\u00e3o, PSOL disse n\u00e3o \u00e0 PEC 395 - PSOL 50\" \/>\n<meta property=\"og:description\" content=\"A bancada do PSOL votou contra a PEC 395\/14, aprovada na noite de quarta-feira (21), em primeiro turno, por 318 votos a 129 e 4 absten\u00e7\u00f5es. O texto prev\u00ea que as universidades p\u00fablicas poder\u00e3o cobrar pelos cursos de extens\u00e3o, de p\u00f3s-gradua\u00e7\u00e3o lato sensu e de mestrado profissional. \u201cSomos contra essa PEC porque ela extingue a [&hellip;]\" \/>\n<meta property=\"og:url\" content=\"https:\/\/psol50.org.br\/contra-a-privatizacao-da-educacao-o-psol-disse-nao-a-pec-395\/\" \/>\n<meta property=\"og:site_name\" content=\"PSOL 50\" \/>\n<meta property=\"article:publisher\" content=\"https:\/\/www.facebook.com\/psol50\" \/>\n<meta property=\"article:published_time\" content=\"2015-10-23T21:31:59+00:00\" \/>\n<meta property=\"og:image\" content=\"https:\/\/psol50.org.br\/inc\/uploads\/2015\/10\/UnB-Minhocao-Agencia-UnB.jpg\" \/>\n\t<meta property=\"og:image:width\" content=\"942\" \/>\n\t<meta property=\"og:image:height\" content=\"628\" \/>\n\t<meta property=\"og:image:type\" content=\"image\/jpeg\" \/>\n<meta name=\"author\" content=\"Comunica\u00e7\u00e3o PSOL\" \/>\n<meta name=\"twitter:card\" content=\"summary_large_image\" \/>\n<meta name=\"twitter:creator\" content=\"@psol50\" \/>\n<meta name=\"twitter:site\" content=\"@psol50\" \/>\n<meta name=\"twitter:label1\" content=\"Escrito por\" \/>\n\t<meta name=\"twitter:data1\" content=\"Comunica\u00e7\u00e3o PSOL\" \/>\n\t<meta name=\"twitter:label2\" content=\"Est. tempo de leitura\" \/>\n\t<meta name=\"twitter:data2\" content=\"1 minuto\" \/>\n<script type=\"application\/ld+json\" class=\"yoast-schema-graph\">{\"@context\":\"https:\/\/schema.org\",\"@graph\":[{\"@type\":\"Article\",\"@id\":\"https:\/\/psol50.org.br\/contra-a-privatizacao-da-educacao-o-psol-disse-nao-a-pec-395\/#article\",\"isPartOf\":{\"@id\":\"https:\/\/psol50.org.br\/contra-a-privatizacao-da-educacao-o-psol-disse-nao-a-pec-395\/\"},\"author\":{\"name\":\"Comunica\u00e7\u00e3o PSOL\",\"@id\":\"https:\/\/psol50.org.br\/#\/schema\/person\/475dfa57d0b815993c714c2e96491fcd\"},\"headline\":\"Contra a privatiza\u00e7\u00e3o da educa\u00e7\u00e3o, PSOL disse n\u00e3o \u00e0 PEC 395\",\"datePublished\":\"2015-10-23T21:31:59+00:00\",\"mainEntityOfPage\":{\"@id\":\"https:\/\/psol50.org.br\/contra-a-privatizacao-da-educacao-o-psol-disse-nao-a-pec-395\/\"},\"wordCount\":259,\"commentCount\":0,\"publisher\":{\"@id\":\"https:\/\/psol50.org.br\/#organization\"},\"image\":{\"@id\":\"https:\/\/psol50.org.br\/contra-a-privatizacao-da-educacao-o-psol-disse-nao-a-pec-395\/#primaryimage\"},\"thumbnailUrl\":\"https:\/\/psol50.org.br\/inc\/uploads\/2015\/10\/UnB-Minhocao-Agencia-UnB.jpg\",\"keywords\":[\"Bancada do PSOL\",\"Edua\u00e7\u00e3o\",\"ensino superior\",\"Ivan Valente\",\"p\u00f3s-gradua\u00e7\u00e3o\",\"PSOL\",\"universidades p\u00fablicas\"],\"articleSection\":[\"A\u00e7\u00e3o Parlamentar\",\"Brasil\",\"Educa\u00e7\u00e3o\",\"Not\u00edcias\",\"Partido\"],\"inLanguage\":\"pt-BR\",\"potentialAction\":[{\"@type\":\"CommentAction\",\"name\":\"Comment\",\"target\":[\"https:\/\/psol50.org.br\/contra-a-privatizacao-da-educacao-o-psol-disse-nao-a-pec-395\/#respond\"]}]},{\"@type\":\"WebPage\",\"@id\":\"https:\/\/psol50.org.br\/contra-a-privatizacao-da-educacao-o-psol-disse-nao-a-pec-395\/\",\"url\":\"https:\/\/psol50.org.br\/contra-a-privatizacao-da-educacao-o-psol-disse-nao-a-pec-395\/\",\"name\":\"Contra a privatiza\u00e7\u00e3o da educa\u00e7\u00e3o, PSOL disse n\u00e3o \u00e0 PEC 395 - PSOL 50\",\"isPartOf\":{\"@id\":\"https:\/\/psol50.org.br\/#website\"},\"primaryImageOfPage\":{\"@id\":\"https:\/\/psol50.org.br\/contra-a-privatizacao-da-educacao-o-psol-disse-nao-a-pec-395\/#primaryimage\"},\"image\":{\"@id\":\"https:\/\/psol50.org.br\/contra-a-privatizacao-da-educacao-o-psol-disse-nao-a-pec-395\/#primaryimage\"},\"thumbnailUrl\":\"https:\/\/psol50.org.br\/inc\/uploads\/2015\/10\/UnB-Minhocao-Agencia-UnB.jpg\",\"datePublished\":\"2015-10-23T21:31:59+00:00\",\"breadcrumb\":{\"@id\":\"https:\/\/psol50.org.br\/contra-a-privatizacao-da-educacao-o-psol-disse-nao-a-pec-395\/#breadcrumb\"},\"inLanguage\":\"pt-BR\",\"potentialAction\":[{\"@type\":\"ReadAction\",\"target\":[\"https:\/\/psol50.org.br\/contra-a-privatizacao-da-educacao-o-psol-disse-nao-a-pec-395\/\"]}]},{\"@type\":\"ImageObject\",\"inLanguage\":\"pt-BR\",\"@id\":\"https:\/\/psol50.org.br\/contra-a-privatizacao-da-educacao-o-psol-disse-nao-a-pec-395\/#primaryimage\",\"url\":\"https:\/\/psol50.org.br\/inc\/uploads\/2015\/10\/UnB-Minhocao-Agencia-UnB.jpg\",\"contentUrl\":\"https:\/\/psol50.org.br\/inc\/uploads\/2015\/10\/UnB-Minhocao-Agencia-UnB.jpg\",\"width\":942,\"height\":628},{\"@type\":\"BreadcrumbList\",\"@id\":\"https:\/\/psol50.org.br\/contra-a-privatizacao-da-educacao-o-psol-disse-nao-a-pec-395\/#breadcrumb\",\"itemListElement\":[{\"@type\":\"ListItem\",\"position\":1,\"name\":\"In\u00edcio\",\"item\":\"https:\/\/psol50.org.br\/\"},{\"@type\":\"ListItem\",\"position\":2,\"name\":\"Contra a privatiza\u00e7\u00e3o da educa\u00e7\u00e3o, PSOL disse n\u00e3o \u00e0 PEC 395\"}]},{\"@type\":\"WebSite\",\"@id\":\"https:\/\/psol50.org.br\/#website\",\"url\":\"https:\/\/psol50.org.br\/\",\"name\":\"PSOL 50\",\"description\":\"Site oficial do Partido Socialismo e Liberdade\",\"publisher\":{\"@id\":\"https:\/\/psol50.org.br\/#organization\"},\"alternateName\":\"PSOL50\",\"potentialAction\":[{\"@type\":\"SearchAction\",\"target\":{\"@type\":\"EntryPoint\",\"urlTemplate\":\"https:\/\/psol50.org.br\/?s={search_term_string}\"},\"query-input\":{\"@type\":\"PropertyValueSpecification\",\"valueRequired\":true,\"valueName\":\"search_term_string\"}}],\"inLanguage\":\"pt-BR\"},{\"@type\":\"Organization\",\"@id\":\"https:\/\/psol50.org.br\/#organization\",\"name\":\"PSOL 50\",\"alternateName\":\"PSOL 50\",\"url\":\"https:\/\/psol50.org.br\/\",\"logo\":{\"@type\":\"ImageObject\",\"inLanguage\":\"pt-BR\",\"@id\":\"https:\/\/psol50.org.br\/#\/schema\/logo\/image\/\",\"url\":\"https:\/\/psol50.org.br\/inc\/uploads\/2018\/07\/capa.png\",\"contentUrl\":\"https:\/\/psol50.org.br\/inc\/uploads\/2018\/07\/capa.png\",\"width\":1350,\"height\":900,\"caption\":\"PSOL 50\"},\"image\":{\"@id\":\"https:\/\/psol50.org.br\/#\/schema\/logo\/image\/\"},\"sameAs\":[\"https:\/\/www.facebook.com\/psol50\",\"https:\/\/x.com\/psol50\",\"https:\/\/www.instagram.com\/psol50\/\",\"https:\/\/www.youtube.com\/channel\/UC7SnJS5o1os7a6CaiNabzcg\"]},{\"@type\":\"Person\",\"@id\":\"https:\/\/psol50.org.br\/#\/schema\/person\/475dfa57d0b815993c714c2e96491fcd\",\"name\":\"Comunica\u00e7\u00e3o PSOL\",\"image\":{\"@type\":\"ImageObject\",\"inLanguage\":\"pt-BR\",\"@id\":\"https:\/\/psol50.org.br\/#\/schema\/person\/image\/\",\"url\":\"https:\/\/secure.gravatar.com\/avatar\/b34fc4f4e468a4e51785917065a3db57b841f5c95dba6ad8c73aaf8f66f8f9bf?s=96&d=mm&r=g\",\"contentUrl\":\"https:\/\/secure.gravatar.com\/avatar\/b34fc4f4e468a4e51785917065a3db57b841f5c95dba6ad8c73aaf8f66f8f9bf?s=96&d=mm&r=g\",\"caption\":\"Comunica\u00e7\u00e3o PSOL\"}}]}<\/script>\n<!-- \/ Yoast SEO plugin. -->","yoast_head_json":{"title":"Contra a privatiza\u00e7\u00e3o da educa\u00e7\u00e3o, PSOL disse n\u00e3o \u00e0 PEC 395 - PSOL 50","robots":{"index":"index","follow":"follow","max-snippet":"max-snippet:-1","max-image-preview":"max-image-preview:large","max-video-preview":"max-video-preview:-1"},"canonical":"https:\/\/psol50.org.br\/contra-a-privatizacao-da-educacao-o-psol-disse-nao-a-pec-395\/","og_locale":"pt_BR","og_type":"article","og_title":"Contra a privatiza\u00e7\u00e3o da educa\u00e7\u00e3o, PSOL disse n\u00e3o \u00e0 PEC 395 - PSOL 50","og_description":"A bancada do PSOL votou contra a PEC 395\/14, aprovada na noite de quarta-feira (21), em primeiro turno, por 318 votos a 129 e 4 absten\u00e7\u00f5es. O texto prev\u00ea que as universidades p\u00fablicas poder\u00e3o cobrar pelos cursos de extens\u00e3o, de p\u00f3s-gradua\u00e7\u00e3o lato sensu e de mestrado profissional. \u201cSomos contra essa PEC porque ela extingue a [&hellip;]","og_url":"https:\/\/psol50.org.br\/contra-a-privatizacao-da-educacao-o-psol-disse-nao-a-pec-395\/","og_site_name":"PSOL 50","article_publisher":"https:\/\/www.facebook.com\/psol50","article_published_time":"2015-10-23T21:31:59+00:00","og_image":[{"width":942,"height":628,"url":"https:\/\/psol50.org.br\/inc\/uploads\/2015\/10\/UnB-Minhocao-Agencia-UnB.jpg","type":"image\/jpeg"}],"author":"Comunica\u00e7\u00e3o PSOL","twitter_card":"summary_large_image","twitter_creator":"@psol50","twitter_site":"@psol50","twitter_misc":{"Escrito por":"Comunica\u00e7\u00e3o PSOL","Est. tempo de leitura":"1 minuto"},"schema":{"@context":"https:\/\/schema.org","@graph":[{"@type":"Article","@id":"https:\/\/psol50.org.br\/contra-a-privatizacao-da-educacao-o-psol-disse-nao-a-pec-395\/#article","isPartOf":{"@id":"https:\/\/psol50.org.br\/contra-a-privatizacao-da-educacao-o-psol-disse-nao-a-pec-395\/"},"author":{"name":"Comunica\u00e7\u00e3o PSOL","@id":"https:\/\/psol50.org.br\/#\/schema\/person\/475dfa57d0b815993c714c2e96491fcd"},"headline":"Contra a privatiza\u00e7\u00e3o da educa\u00e7\u00e3o, PSOL disse n\u00e3o \u00e0 PEC 395","datePublished":"2015-10-23T21:31:59+00:00","mainEntityOfPage":{"@id":"https:\/\/psol50.org.br\/contra-a-privatizacao-da-educacao-o-psol-disse-nao-a-pec-395\/"},"wordCount":259,"commentCount":0,"publisher":{"@id":"https:\/\/psol50.org.br\/#organization"},"image":{"@id":"https:\/\/psol50.org.br\/contra-a-privatizacao-da-educacao-o-psol-disse-nao-a-pec-395\/#primaryimage"},"thumbnailUrl":"https:\/\/psol50.org.br\/inc\/uploads\/2015\/10\/UnB-Minhocao-Agencia-UnB.jpg","keywords":["Bancada do PSOL","Edua\u00e7\u00e3o","ensino superior","Ivan Valente","p\u00f3s-gradua\u00e7\u00e3o","PSOL","universidades p\u00fablicas"],"articleSection":["A\u00e7\u00e3o Parlamentar","Brasil","Educa\u00e7\u00e3o","Not\u00edcias","Partido"],"inLanguage":"pt-BR","potentialAction":[{"@type":"CommentAction","name":"Comment","target":["https:\/\/psol50.org.br\/contra-a-privatizacao-da-educacao-o-psol-disse-nao-a-pec-395\/#respond"]}]},{"@type":"WebPage","@id":"https:\/\/psol50.org.br\/contra-a-privatizacao-da-educacao-o-psol-disse-nao-a-pec-395\/","url":"https:\/\/psol50.org.br\/contra-a-privatizacao-da-educacao-o-psol-disse-nao-a-pec-395\/","name":"Contra a privatiza\u00e7\u00e3o da educa\u00e7\u00e3o, PSOL disse n\u00e3o \u00e0 PEC 395 - PSOL 50","isPartOf":{"@id":"https:\/\/psol50.org.br\/#website"},"primaryImageOfPage":{"@id":"https:\/\/psol50.org.br\/contra-a-privatizacao-da-educacao-o-psol-disse-nao-a-pec-395\/#primaryimage"},"image":{"@id":"https:\/\/psol50.org.br\/contra-a-privatizacao-da-educacao-o-psol-disse-nao-a-pec-395\/#primaryimage"},"thumbnailUrl":"https:\/\/psol50.org.br\/inc\/uploads\/2015\/10\/UnB-Minhocao-Agencia-UnB.jpg","datePublished":"2015-10-23T21:31:59+00:00","breadcrumb":{"@id":"https:\/\/psol50.org.br\/contra-a-privatizacao-da-educacao-o-psol-disse-nao-a-pec-395\/#breadcrumb"},"inLanguage":"pt-BR","potentialAction":[{"@type":"ReadAction","target":["https:\/\/psol50.org.br\/contra-a-privatizacao-da-educacao-o-psol-disse-nao-a-pec-395\/"]}]},{"@type":"ImageObject","inLanguage":"pt-BR","@id":"https:\/\/psol50.org.br\/contra-a-privatizacao-da-educacao-o-psol-disse-nao-a-pec-395\/#primaryimage","url":"https:\/\/psol50.org.br\/inc\/uploads\/2015\/10\/UnB-Minhocao-Agencia-UnB.jpg","contentUrl":"https:\/\/psol50.org.br\/inc\/uploads\/2015\/10\/UnB-Minhocao-Agencia-UnB.jpg","width":942,"height":628},{"@type":"BreadcrumbList","@id":"https:\/\/psol50.org.br\/contra-a-privatizacao-da-educacao-o-psol-disse-nao-a-pec-395\/#breadcrumb","itemListElement":[{"@type":"ListItem","position":1,"name":"In\u00edcio","item":"https:\/\/psol50.org.br\/"},{"@type":"ListItem","position":2,"name":"Contra a privatiza\u00e7\u00e3o da educa\u00e7\u00e3o, PSOL disse n\u00e3o \u00e0 PEC 395"}]},{"@type":"WebSite","@id":"https:\/\/psol50.org.br\/#website","url":"https:\/\/psol50.org.br\/","name":"PSOL 50","description":"Site oficial do Partido Socialismo e Liberdade","publisher":{"@id":"https:\/\/psol50.org.br\/#organization"},"alternateName":"PSOL50","potentialAction":[{"@type":"SearchAction","target":{"@type":"EntryPoint","urlTemplate":"https:\/\/psol50.org.br\/?s={search_term_string}"},"query-input":{"@type":"PropertyValueSpecification","valueRequired":true,"valueName":"search_term_string"}}],"inLanguage":"pt-BR"},{"@type":"Organization","@id":"https:\/\/psol50.org.br\/#organization","name":"PSOL 50","alternateName":"PSOL 50","url":"https:\/\/psol50.org.br\/","logo":{"@type":"ImageObject","inLanguage":"pt-BR","@id":"https:\/\/psol50.org.br\/#\/schema\/logo\/image\/","url":"https:\/\/psol50.org.br\/inc\/uploads\/2018\/07\/capa.png","contentUrl":"https:\/\/psol50.org.br\/inc\/uploads\/2018\/07\/capa.png","width":1350,"height":900,"caption":"PSOL 50"},"image":{"@id":"https:\/\/psol50.org.br\/#\/schema\/logo\/image\/"},"sameAs":["https:\/\/www.facebook.com\/psol50","https:\/\/x.com\/psol50","https:\/\/www.instagram.com\/psol50\/","https:\/\/www.youtube.com\/channel\/UC7SnJS5o1os7a6CaiNabzcg"]},{"@type":"Person","@id":"https:\/\/psol50.org.br\/#\/schema\/person\/475dfa57d0b815993c714c2e96491fcd","name":"Comunica\u00e7\u00e3o PSOL","image":{"@type":"ImageObject","inLanguage":"pt-BR","@id":"https:\/\/psol50.org.br\/#\/schema\/person\/image\/","url":"https:\/\/secure.gravatar.com\/avatar\/b34fc4f4e468a4e51785917065a3db57b841f5c95dba6ad8c73aaf8f66f8f9bf?s=96&d=mm&r=g","contentUrl":"https:\/\/secure.gravatar.com\/avatar\/b34fc4f4e468a4e51785917065a3db57b841f5c95dba6ad8c73aaf8f66f8f9bf?s=96&d=mm&r=g","caption":"Comunica\u00e7\u00e3o PSOL"}}]}},"_links":{"self":[{"href":"https:\/\/psol50.org.br\/rest\/wp\/v2\/posts\/10337","targetHints":{"allow":["GET"]}}],"collection":[{"href":"https:\/\/psol50.org.br\/rest\/wp\/v2\/posts"}],"about":[{"href":"https:\/\/psol50.org.br\/rest\/wp\/v2\/types\/post"}],"author":[{"embeddable":true,"href":"https:\/\/psol50.org.br\/rest\/wp\/v2\/users\/2"}],"replies":[{"embeddable":true,"href":"https:\/\/psol50.org.br\/rest\/wp\/v2\/comments?post=10337"}],"version-history":[{"count":0,"href":"https:\/\/psol50.org.br\/rest\/wp\/v2\/posts\/10337\/revisions"}],"wp:featuredmedia":[{"embeddable":true,"href":"https:\/\/psol50.org.br\/rest\/wp\/v2\/media\/10338"}],"wp:attachment":[{"href":"https:\/\/psol50.org.br\/rest\/wp\/v2\/media?parent=10337"}],"wp:term":[{"taxonomy":"category","embeddable":true,"href":"https:\/\/psol50.org.br\/rest\/wp\/v2\/categories?post=10337"},{"taxonomy":"post_tag","embeddable":true,"href":"https:\/\/psol50.org.br\/rest\/wp\/v2\/tags?post=10337"}],"curies":[{"name":"wp","href":"https:\/\/api.w.org\/{rel}","templated":true}]}}