{"id":1034,"date":"2012-03-22T00:00:00","date_gmt":"2012-03-22T00:00:00","guid":{"rendered":"http:\/\/psol50.org.br\/arquivo\/2012\/03\/22\/urgente-tropa-de-choque-da-pm-cerca-acampamento-na-regiao-de-ribeirao-preto\/"},"modified":"2012-03-22T00:00:00","modified_gmt":"2012-03-22T00:00:00","slug":"urgente-tropa-de-choque-da-pm-cerca-acampamento-na-regiao-de-ribeirao-preto","status":"publish","type":"post","link":"https:\/\/psol50.org.br\/urgente-tropa-de-choque-da-pm-cerca-acampamento-na-regiao-de-ribeirao-preto\/","title":{"rendered":"Urgente: Tropa de Choque da PM cerca acampamento na regi\u00e3o de Ribeir\u00e3o Preto"},"content":{"rendered":"<p style=\"text-align: justify\"><strong><em><a href=\"http:\/\/psol50.org.br\/blog\/2012\/03\/22\/urgente-tropa-de-choque-da-pm-cerca-acampamento-na-regiao-de-ribeirao-preto\/choque\/\" rel=\"attachment wp-att-14548\"><img loading=\"lazy\" decoding=\"async\" class=\"alignleft size-full wp-image-14548\" src=\"http:\/\/psol50.org.br\/files\/2012\/03\/choque.jpg\" alt=\"\" width=\"335\" height=\"177\" \/><\/a>*Da P\u00e1gina do MST<\/em><\/strong><\/p>\n<p>Por volta das 6h da manha desta quinta-feira (22\/3), a Policia Militar cercou o acampamento na Fazenda Martinopolis, que pertence a Usina Martin\u00f3polis, que foi ocupada pela 6\u00aa vez por trabalhadores rurais organizados pelo MST em 11 de fevereiro.<\/p>\n<p>Est\u00e3o no local a a Tropa de Choque, 10 viaturas, um caminh\u00e3o do corpo de bombeiros, um \u00f4nibus da PM e diversas motos. O comandante da opera\u00e7\u00e3o, major Mango, deu um prazo para que as fam\u00edlias deixassem o local.<\/p>\n<p>\u201cA PM do estado de S\u00e3o Paulo est\u00e1 agindo sob uma clara orienta\u00e7\u00e3o de intimidar os movimentos sociais, chegando a cometer graves crimes, como os ocorridos no despejo das fam\u00edlias do Pinheirinho em S\u00e3o Jose dos Campos. No caso da desocupa\u00e7\u00e3o de hoje, a PM esta agindo com mandato de reintegra\u00e7\u00e3o de posse judicial, mas nem sempre tem sido assim\u201d, afirma Kelli Mafort, da Dire\u00e7\u00e3o Nacional do MST.<\/p>\n<p>Depois da ocupa\u00e7\u00e3o, a usina entrou com um pedido de reintegra\u00e7\u00e3o de posse no dia 13 de fevereiro. A ju\u00edza Andrea Schiavo da comarca de Serrana n\u00e3o concedeu, alegando que o valor das custas processuais estavam incompat\u00edveis com o valor da \u00e1rea. Com isso, a Usina Martinopolis desistiu da causa e a ju\u00edza arquivou o processo em 7 de mar\u00e7o. No entanto, a ju\u00edza reativou um processo de interdito proibit\u00f3rio de 2010 (n. 712\/2010) e o transformou em reintegra\u00e7\u00e3o de posse.<\/p>\n<p>Desde 22 de agosto de 2008, o MST luta pela arrecada\u00e7\u00e3o da Fazenda Martinopolis para desenvolver no local um assentamento de bases agroecol\u00f3gicas. Os Sem Terra j\u00e1 fizera seis ocupa\u00e7\u00f5es na \u00e1rea. O acampamento Alexandra Kollontai conta hoje com 135 fam\u00edlias que lutam por terra, trabalho e moradia.<\/p>\n<p><strong>Reintegra\u00e7\u00e3o<\/strong><\/p>\n<p>No processo de reintegra\u00e7\u00e3o de posse anterior, consta um oficio de 14 de fevereiro do major Zanatto da PM de Ribeir\u00e3o Preto, pedindo providencias \u00e0 ju\u00edza da comarca de Serrana quanto ao despejo das fam\u00edlias acampadas na Fazenda Martinopolis.<\/p>\n<p>Ele chegou a marcar o despejo para o dia 16 de fevereiro e deu uma declara\u00e7\u00e3o para o Jornal \u201cA Gazeta de Ribeir\u00e3o Preto\u201d, em 1\u00ba de mar\u00e7o, anunciando que faria a reintegra\u00e7\u00e3o de posse a qualquer momento e estava no aguardo de um comando direto do governador do estado de S\u00e3o Paulo, Geraldo Alckmin (PSDB), independente da inexist\u00eancia de uma defini\u00e7\u00e3o do Poder Judici\u00e1rio.<\/p>\n<p>\u201cA ju\u00edza se manifestou pela primeira vez nesse processo no dia 7 de mar\u00e7o e arquivou o processo. A PM de Ribeir\u00e3o Preto cumpriu o papel de seguran\u00e7a privada de usineiros criminosos que saquearam os cofres p\u00fablicos sonegando impostos\u201d, denuncia Kelli.<\/p>\n<p>Tramita no 1\u00ba Oficio da Fazenda P\u00fablica de Ribeir\u00e3o Preto um processo de execu\u00e7\u00e3o fiscal, movido pelo governo do estado de S\u00e3o Paulo, contra a Usina Martin\u00f3polis, por sonega\u00e7\u00e3o de pagamento do Imposto sobre Circula\u00e7\u00e3o de Mercadorias e Servi\u00e7os (ICMS)<\/p>\n<p>O valor \u00e9 calculado em cerca de R$ 300 milh\u00f5es e, segundo o Procurador do Estado de Ribeir\u00e3o Preto, Paulo Neme, nem mesmo a arrecada\u00e7\u00e3o total da fazenda e da Usina Martinopolis conseguir\u00e3o sanar a d\u00edvida que os propriet\u00e1rios tem com o fisco.<\/p>\n","protected":false},"excerpt":{"rendered":"<p>*Da P\u00e1gina do MST Por volta das 6h da manha desta quinta-feira (22\/3), a Policia Militar cercou o acampamento na Fazenda Martinopolis, que pertence a Usina Martin\u00f3polis, que foi ocupada pela 6\u00aa vez por trabalhadores rurais organizados pelo MST em 11 de fevereiro. Est\u00e3o no local a a Tropa de Choque, 10 viaturas, um caminh\u00e3o [&hellip;]<\/p>\n","protected":false},"author":2,"featured_media":0,"comment_status":"open","ping_status":"open","sticky":false,"template":"","format":"standard","meta":{"_acf_changed":false,"footnotes":""},"categories":[4766],"tags":[],"class_list":{"0":"post-1034","1":"post","2":"type-post","3":"status-publish","4":"format-standard","6":"category-arquivo"},"acf":[],"yoast_head":"<!-- This site is optimized with the Yoast SEO plugin v26.5 - https:\/\/yoast.com\/wordpress\/plugins\/seo\/ -->\n<title>Urgente: Tropa de Choque da PM cerca acampamento na regi\u00e3o de Ribeir\u00e3o Preto - PSOL 50<\/title>\n<meta name=\"robots\" content=\"index, follow, max-snippet:-1, max-image-preview:large, max-video-preview:-1\" \/>\n<link rel=\"canonical\" href=\"https:\/\/psol50.org.br\/urgente-tropa-de-choque-da-pm-cerca-acampamento-na-regiao-de-ribeirao-preto\/\" \/>\n<meta property=\"og:locale\" content=\"pt_BR\" \/>\n<meta property=\"og:type\" content=\"article\" \/>\n<meta property=\"og:title\" content=\"Urgente: Tropa de Choque da PM cerca acampamento na regi\u00e3o de Ribeir\u00e3o Preto - PSOL 50\" \/>\n<meta property=\"og:description\" content=\"*Da P\u00e1gina do MST Por volta das 6h da manha desta quinta-feira (22\/3), a Policia Militar cercou o acampamento na Fazenda Martinopolis, que pertence a Usina Martin\u00f3polis, que foi ocupada pela 6\u00aa vez por trabalhadores rurais organizados pelo MST em 11 de fevereiro. Est\u00e3o no local a a Tropa de Choque, 10 viaturas, um caminh\u00e3o [&hellip;]\" \/>\n<meta property=\"og:url\" content=\"https:\/\/psol50.org.br\/urgente-tropa-de-choque-da-pm-cerca-acampamento-na-regiao-de-ribeirao-preto\/\" \/>\n<meta property=\"og:site_name\" content=\"PSOL 50\" \/>\n<meta property=\"article:publisher\" content=\"https:\/\/www.facebook.com\/psol50\" \/>\n<meta property=\"article:published_time\" content=\"2012-03-22T00:00:00+00:00\" \/>\n<meta property=\"og:image\" content=\"http:\/\/psol50.org.br\/files\/2012\/03\/choque.jpg\" \/>\n<meta name=\"author\" content=\"Comunica\u00e7\u00e3o PSOL\" \/>\n<meta name=\"twitter:card\" content=\"summary_large_image\" \/>\n<meta name=\"twitter:creator\" content=\"@psol50\" \/>\n<meta name=\"twitter:site\" content=\"@psol50\" \/>\n<meta name=\"twitter:label1\" content=\"Escrito por\" \/>\n\t<meta name=\"twitter:data1\" content=\"Comunica\u00e7\u00e3o PSOL\" \/>\n\t<meta name=\"twitter:label2\" content=\"Est. tempo de leitura\" \/>\n\t<meta name=\"twitter:data2\" content=\"3 minutos\" \/>\n<script type=\"application\/ld+json\" class=\"yoast-schema-graph\">{\"@context\":\"https:\/\/schema.org\",\"@graph\":[{\"@type\":\"Article\",\"@id\":\"https:\/\/psol50.org.br\/urgente-tropa-de-choque-da-pm-cerca-acampamento-na-regiao-de-ribeirao-preto\/#article\",\"isPartOf\":{\"@id\":\"https:\/\/psol50.org.br\/urgente-tropa-de-choque-da-pm-cerca-acampamento-na-regiao-de-ribeirao-preto\/\"},\"author\":{\"name\":\"Comunica\u00e7\u00e3o PSOL\",\"@id\":\"https:\/\/psol50.org.br\/#\/schema\/person\/475dfa57d0b815993c714c2e96491fcd\"},\"headline\":\"Urgente: Tropa de Choque da PM cerca acampamento na regi\u00e3o de Ribeir\u00e3o Preto\",\"datePublished\":\"2012-03-22T00:00:00+00:00\",\"mainEntityOfPage\":{\"@id\":\"https:\/\/psol50.org.br\/urgente-tropa-de-choque-da-pm-cerca-acampamento-na-regiao-de-ribeirao-preto\/\"},\"wordCount\":563,\"commentCount\":0,\"publisher\":{\"@id\":\"https:\/\/psol50.org.br\/#organization\"},\"image\":{\"@id\":\"https:\/\/psol50.org.br\/urgente-tropa-de-choque-da-pm-cerca-acampamento-na-regiao-de-ribeirao-preto\/#primaryimage\"},\"thumbnailUrl\":\"http:\/\/psol50.org.br\/files\/2012\/03\/choque.jpg\",\"articleSection\":[\"Arquivo\"],\"inLanguage\":\"pt-BR\",\"potentialAction\":[{\"@type\":\"CommentAction\",\"name\":\"Comment\",\"target\":[\"https:\/\/psol50.org.br\/urgente-tropa-de-choque-da-pm-cerca-acampamento-na-regiao-de-ribeirao-preto\/#respond\"]}]},{\"@type\":\"WebPage\",\"@id\":\"https:\/\/psol50.org.br\/urgente-tropa-de-choque-da-pm-cerca-acampamento-na-regiao-de-ribeirao-preto\/\",\"url\":\"https:\/\/psol50.org.br\/urgente-tropa-de-choque-da-pm-cerca-acampamento-na-regiao-de-ribeirao-preto\/\",\"name\":\"Urgente: Tropa de Choque da PM cerca acampamento na regi\u00e3o de Ribeir\u00e3o Preto - PSOL 50\",\"isPartOf\":{\"@id\":\"https:\/\/psol50.org.br\/#website\"},\"primaryImageOfPage\":{\"@id\":\"https:\/\/psol50.org.br\/urgente-tropa-de-choque-da-pm-cerca-acampamento-na-regiao-de-ribeirao-preto\/#primaryimage\"},\"image\":{\"@id\":\"https:\/\/psol50.org.br\/urgente-tropa-de-choque-da-pm-cerca-acampamento-na-regiao-de-ribeirao-preto\/#primaryimage\"},\"thumbnailUrl\":\"http:\/\/psol50.org.br\/files\/2012\/03\/choque.jpg\",\"datePublished\":\"2012-03-22T00:00:00+00:00\",\"breadcrumb\":{\"@id\":\"https:\/\/psol50.org.br\/urgente-tropa-de-choque-da-pm-cerca-acampamento-na-regiao-de-ribeirao-preto\/#breadcrumb\"},\"inLanguage\":\"pt-BR\",\"potentialAction\":[{\"@type\":\"ReadAction\",\"target\":[\"https:\/\/psol50.org.br\/urgente-tropa-de-choque-da-pm-cerca-acampamento-na-regiao-de-ribeirao-preto\/\"]}]},{\"@type\":\"ImageObject\",\"inLanguage\":\"pt-BR\",\"@id\":\"https:\/\/psol50.org.br\/urgente-tropa-de-choque-da-pm-cerca-acampamento-na-regiao-de-ribeirao-preto\/#primaryimage\",\"url\":\"http:\/\/psol50.org.br\/files\/2012\/03\/choque.jpg\",\"contentUrl\":\"http:\/\/psol50.org.br\/files\/2012\/03\/choque.jpg\"},{\"@type\":\"BreadcrumbList\",\"@id\":\"https:\/\/psol50.org.br\/urgente-tropa-de-choque-da-pm-cerca-acampamento-na-regiao-de-ribeirao-preto\/#breadcrumb\",\"itemListElement\":[{\"@type\":\"ListItem\",\"position\":1,\"name\":\"In\u00edcio\",\"item\":\"https:\/\/psol50.org.br\/\"},{\"@type\":\"ListItem\",\"position\":2,\"name\":\"Urgente: Tropa de Choque da PM cerca acampamento na regi\u00e3o de Ribeir\u00e3o Preto\"}]},{\"@type\":\"WebSite\",\"@id\":\"https:\/\/psol50.org.br\/#website\",\"url\":\"https:\/\/psol50.org.br\/\",\"name\":\"PSOL 50\",\"description\":\"Site oficial do Partido Socialismo e Liberdade\",\"publisher\":{\"@id\":\"https:\/\/psol50.org.br\/#organization\"},\"alternateName\":\"PSOL50\",\"potentialAction\":[{\"@type\":\"SearchAction\",\"target\":{\"@type\":\"EntryPoint\",\"urlTemplate\":\"https:\/\/psol50.org.br\/?s={search_term_string}\"},\"query-input\":{\"@type\":\"PropertyValueSpecification\",\"valueRequired\":true,\"valueName\":\"search_term_string\"}}],\"inLanguage\":\"pt-BR\"},{\"@type\":\"Organization\",\"@id\":\"https:\/\/psol50.org.br\/#organization\",\"name\":\"PSOL 50\",\"alternateName\":\"PSOL 50\",\"url\":\"https:\/\/psol50.org.br\/\",\"logo\":{\"@type\":\"ImageObject\",\"inLanguage\":\"pt-BR\",\"@id\":\"https:\/\/psol50.org.br\/#\/schema\/logo\/image\/\",\"url\":\"https:\/\/psol50.org.br\/inc\/uploads\/2018\/07\/capa.png\",\"contentUrl\":\"https:\/\/psol50.org.br\/inc\/uploads\/2018\/07\/capa.png\",\"width\":1350,\"height\":900,\"caption\":\"PSOL 50\"},\"image\":{\"@id\":\"https:\/\/psol50.org.br\/#\/schema\/logo\/image\/\"},\"sameAs\":[\"https:\/\/www.facebook.com\/psol50\",\"https:\/\/x.com\/psol50\",\"https:\/\/www.instagram.com\/psol50\/\",\"https:\/\/www.youtube.com\/channel\/UC7SnJS5o1os7a6CaiNabzcg\"]},{\"@type\":\"Person\",\"@id\":\"https:\/\/psol50.org.br\/#\/schema\/person\/475dfa57d0b815993c714c2e96491fcd\",\"name\":\"Comunica\u00e7\u00e3o PSOL\",\"image\":{\"@type\":\"ImageObject\",\"inLanguage\":\"pt-BR\",\"@id\":\"https:\/\/psol50.org.br\/#\/schema\/person\/image\/\",\"url\":\"https:\/\/secure.gravatar.com\/avatar\/b34fc4f4e468a4e51785917065a3db57b841f5c95dba6ad8c73aaf8f66f8f9bf?s=96&d=mm&r=g\",\"contentUrl\":\"https:\/\/secure.gravatar.com\/avatar\/b34fc4f4e468a4e51785917065a3db57b841f5c95dba6ad8c73aaf8f66f8f9bf?s=96&d=mm&r=g\",\"caption\":\"Comunica\u00e7\u00e3o PSOL\"}}]}<\/script>\n<!-- \/ Yoast SEO plugin. -->","yoast_head_json":{"title":"Urgente: Tropa de Choque da PM cerca acampamento na regi\u00e3o de Ribeir\u00e3o Preto - PSOL 50","robots":{"index":"index","follow":"follow","max-snippet":"max-snippet:-1","max-image-preview":"max-image-preview:large","max-video-preview":"max-video-preview:-1"},"canonical":"https:\/\/psol50.org.br\/urgente-tropa-de-choque-da-pm-cerca-acampamento-na-regiao-de-ribeirao-preto\/","og_locale":"pt_BR","og_type":"article","og_title":"Urgente: Tropa de Choque da PM cerca acampamento na regi\u00e3o de Ribeir\u00e3o Preto - PSOL 50","og_description":"*Da P\u00e1gina do MST Por volta das 6h da manha desta quinta-feira (22\/3), a Policia Militar cercou o acampamento na Fazenda Martinopolis, que pertence a Usina Martin\u00f3polis, que foi ocupada pela 6\u00aa vez por trabalhadores rurais organizados pelo MST em 11 de fevereiro. Est\u00e3o no local a a Tropa de Choque, 10 viaturas, um caminh\u00e3o [&hellip;]","og_url":"https:\/\/psol50.org.br\/urgente-tropa-de-choque-da-pm-cerca-acampamento-na-regiao-de-ribeirao-preto\/","og_site_name":"PSOL 50","article_publisher":"https:\/\/www.facebook.com\/psol50","article_published_time":"2012-03-22T00:00:00+00:00","og_image":[{"url":"http:\/\/psol50.org.br\/files\/2012\/03\/choque.jpg","type":"","width":"","height":""}],"author":"Comunica\u00e7\u00e3o PSOL","twitter_card":"summary_large_image","twitter_creator":"@psol50","twitter_site":"@psol50","twitter_misc":{"Escrito por":"Comunica\u00e7\u00e3o PSOL","Est. tempo de leitura":"3 minutos"},"schema":{"@context":"https:\/\/schema.org","@graph":[{"@type":"Article","@id":"https:\/\/psol50.org.br\/urgente-tropa-de-choque-da-pm-cerca-acampamento-na-regiao-de-ribeirao-preto\/#article","isPartOf":{"@id":"https:\/\/psol50.org.br\/urgente-tropa-de-choque-da-pm-cerca-acampamento-na-regiao-de-ribeirao-preto\/"},"author":{"name":"Comunica\u00e7\u00e3o PSOL","@id":"https:\/\/psol50.org.br\/#\/schema\/person\/475dfa57d0b815993c714c2e96491fcd"},"headline":"Urgente: Tropa de Choque da PM cerca acampamento na regi\u00e3o de Ribeir\u00e3o Preto","datePublished":"2012-03-22T00:00:00+00:00","mainEntityOfPage":{"@id":"https:\/\/psol50.org.br\/urgente-tropa-de-choque-da-pm-cerca-acampamento-na-regiao-de-ribeirao-preto\/"},"wordCount":563,"commentCount":0,"publisher":{"@id":"https:\/\/psol50.org.br\/#organization"},"image":{"@id":"https:\/\/psol50.org.br\/urgente-tropa-de-choque-da-pm-cerca-acampamento-na-regiao-de-ribeirao-preto\/#primaryimage"},"thumbnailUrl":"http:\/\/psol50.org.br\/files\/2012\/03\/choque.jpg","articleSection":["Arquivo"],"inLanguage":"pt-BR","potentialAction":[{"@type":"CommentAction","name":"Comment","target":["https:\/\/psol50.org.br\/urgente-tropa-de-choque-da-pm-cerca-acampamento-na-regiao-de-ribeirao-preto\/#respond"]}]},{"@type":"WebPage","@id":"https:\/\/psol50.org.br\/urgente-tropa-de-choque-da-pm-cerca-acampamento-na-regiao-de-ribeirao-preto\/","url":"https:\/\/psol50.org.br\/urgente-tropa-de-choque-da-pm-cerca-acampamento-na-regiao-de-ribeirao-preto\/","name":"Urgente: Tropa de Choque da PM cerca acampamento na regi\u00e3o de Ribeir\u00e3o Preto - PSOL 50","isPartOf":{"@id":"https:\/\/psol50.org.br\/#website"},"primaryImageOfPage":{"@id":"https:\/\/psol50.org.br\/urgente-tropa-de-choque-da-pm-cerca-acampamento-na-regiao-de-ribeirao-preto\/#primaryimage"},"image":{"@id":"https:\/\/psol50.org.br\/urgente-tropa-de-choque-da-pm-cerca-acampamento-na-regiao-de-ribeirao-preto\/#primaryimage"},"thumbnailUrl":"http:\/\/psol50.org.br\/files\/2012\/03\/choque.jpg","datePublished":"2012-03-22T00:00:00+00:00","breadcrumb":{"@id":"https:\/\/psol50.org.br\/urgente-tropa-de-choque-da-pm-cerca-acampamento-na-regiao-de-ribeirao-preto\/#breadcrumb"},"inLanguage":"pt-BR","potentialAction":[{"@type":"ReadAction","target":["https:\/\/psol50.org.br\/urgente-tropa-de-choque-da-pm-cerca-acampamento-na-regiao-de-ribeirao-preto\/"]}]},{"@type":"ImageObject","inLanguage":"pt-BR","@id":"https:\/\/psol50.org.br\/urgente-tropa-de-choque-da-pm-cerca-acampamento-na-regiao-de-ribeirao-preto\/#primaryimage","url":"http:\/\/psol50.org.br\/files\/2012\/03\/choque.jpg","contentUrl":"http:\/\/psol50.org.br\/files\/2012\/03\/choque.jpg"},{"@type":"BreadcrumbList","@id":"https:\/\/psol50.org.br\/urgente-tropa-de-choque-da-pm-cerca-acampamento-na-regiao-de-ribeirao-preto\/#breadcrumb","itemListElement":[{"@type":"ListItem","position":1,"name":"In\u00edcio","item":"https:\/\/psol50.org.br\/"},{"@type":"ListItem","position":2,"name":"Urgente: Tropa de Choque da PM cerca acampamento na regi\u00e3o de Ribeir\u00e3o Preto"}]},{"@type":"WebSite","@id":"https:\/\/psol50.org.br\/#website","url":"https:\/\/psol50.org.br\/","name":"PSOL 50","description":"Site oficial do Partido Socialismo e Liberdade","publisher":{"@id":"https:\/\/psol50.org.br\/#organization"},"alternateName":"PSOL50","potentialAction":[{"@type":"SearchAction","target":{"@type":"EntryPoint","urlTemplate":"https:\/\/psol50.org.br\/?s={search_term_string}"},"query-input":{"@type":"PropertyValueSpecification","valueRequired":true,"valueName":"search_term_string"}}],"inLanguage":"pt-BR"},{"@type":"Organization","@id":"https:\/\/psol50.org.br\/#organization","name":"PSOL 50","alternateName":"PSOL 50","url":"https:\/\/psol50.org.br\/","logo":{"@type":"ImageObject","inLanguage":"pt-BR","@id":"https:\/\/psol50.org.br\/#\/schema\/logo\/image\/","url":"https:\/\/psol50.org.br\/inc\/uploads\/2018\/07\/capa.png","contentUrl":"https:\/\/psol50.org.br\/inc\/uploads\/2018\/07\/capa.png","width":1350,"height":900,"caption":"PSOL 50"},"image":{"@id":"https:\/\/psol50.org.br\/#\/schema\/logo\/image\/"},"sameAs":["https:\/\/www.facebook.com\/psol50","https:\/\/x.com\/psol50","https:\/\/www.instagram.com\/psol50\/","https:\/\/www.youtube.com\/channel\/UC7SnJS5o1os7a6CaiNabzcg"]},{"@type":"Person","@id":"https:\/\/psol50.org.br\/#\/schema\/person\/475dfa57d0b815993c714c2e96491fcd","name":"Comunica\u00e7\u00e3o PSOL","image":{"@type":"ImageObject","inLanguage":"pt-BR","@id":"https:\/\/psol50.org.br\/#\/schema\/person\/image\/","url":"https:\/\/secure.gravatar.com\/avatar\/b34fc4f4e468a4e51785917065a3db57b841f5c95dba6ad8c73aaf8f66f8f9bf?s=96&d=mm&r=g","contentUrl":"https:\/\/secure.gravatar.com\/avatar\/b34fc4f4e468a4e51785917065a3db57b841f5c95dba6ad8c73aaf8f66f8f9bf?s=96&d=mm&r=g","caption":"Comunica\u00e7\u00e3o PSOL"}}]}},"_links":{"self":[{"href":"https:\/\/psol50.org.br\/rest\/wp\/v2\/posts\/1034","targetHints":{"allow":["GET"]}}],"collection":[{"href":"https:\/\/psol50.org.br\/rest\/wp\/v2\/posts"}],"about":[{"href":"https:\/\/psol50.org.br\/rest\/wp\/v2\/types\/post"}],"author":[{"embeddable":true,"href":"https:\/\/psol50.org.br\/rest\/wp\/v2\/users\/2"}],"replies":[{"embeddable":true,"href":"https:\/\/psol50.org.br\/rest\/wp\/v2\/comments?post=1034"}],"version-history":[{"count":0,"href":"https:\/\/psol50.org.br\/rest\/wp\/v2\/posts\/1034\/revisions"}],"wp:attachment":[{"href":"https:\/\/psol50.org.br\/rest\/wp\/v2\/media?parent=1034"}],"wp:term":[{"taxonomy":"category","embeddable":true,"href":"https:\/\/psol50.org.br\/rest\/wp\/v2\/categories?post=1034"},{"taxonomy":"post_tag","embeddable":true,"href":"https:\/\/psol50.org.br\/rest\/wp\/v2\/tags?post=1034"}],"curies":[{"name":"wp","href":"https:\/\/api.w.org\/{rel}","templated":true}]}}