{"id":1036,"date":"2012-03-22T00:00:00","date_gmt":"2012-03-22T00:00:00","guid":{"rendered":"http:\/\/psol50.org.br\/arquivo\/2012\/03\/22\/nota-oficial-do-movimento-dos-atingidos-por-barragens-mab-sobre-o-dia-mundial-da-agua\/"},"modified":"2012-03-22T00:00:00","modified_gmt":"2012-03-22T00:00:00","slug":"nota-oficial-do-movimento-dos-atingidos-por-barragens-mab-sobre-o-dia-mundial-da-agua","status":"publish","type":"post","link":"https:\/\/psol50.org.br\/nota-oficial-do-movimento-dos-atingidos-por-barragens-mab-sobre-o-dia-mundial-da-agua\/","title":{"rendered":"Nota oficial do Movimento dos Atingidos por Barragens (MAB) sobre o Dia Mundial da \u00c1gua"},"content":{"rendered":"<p style=\"text-align: justify\"><a href=\"http:\/\/psol50.org.br\/blog\/2012\/03\/22\/nota-oficial-do-movimento-dos-atingidos-por-barragens-mab-sobre-o-dia-mundial-da-agua\/aguaedetodos\/\" rel=\"attachment wp-att-14564\"><img loading=\"lazy\" decoding=\"async\" class=\"aligncenter size-full wp-image-14564\" src=\"http:\/\/psol50.org.br\/files\/2012\/03\/Agua%C3%89deTodos.jpg\" alt=\"\" width=\"400\" height=\"300\" \/><\/a>Neste Dia Mundial da \u00c1gua, 22 de mar\u00e7o, o Movimento dos Atingidos por Barragens (MAB) vem a p\u00fablico manifestar sua posi\u00e7\u00e3o em defesa da \u00e1gua como um bem p\u00fablico e direito fundamental dos homens e mulheres.<\/p>\n<p style=\"text-align: justify\">Vivemos um momento de crise internacional do capitalismo, que tem beneficiado o capital tanto na cria\u00e7\u00e3o, quanto nas \u201csolu\u00e7\u00f5es\u201d das crises. Uma das solu\u00e7\u00f5es \u00e9 o dom\u00ednio e controle dos bens naturais estrat\u00e9gicos, entre eles a \u00e1gua e os recursos energ\u00e9ticos, cujo objetivo \u00e9 transform\u00e1-los em mercadoria a fim de gerar lucro e acumula\u00e7\u00e3o privada em n\u00edvel internacional.<\/p>\n<p style=\"text-align: justify\">Os principais envolvidos e interessados s\u00e3o as grandes corpora\u00e7\u00f5es internacionais, como a Nestl\u00e9, Suez, Coca-cola, Vivendi, Odebrecht, Camargo Correa, entre outras empresas que buscam institucionalizar seu modelo e interesses dentro dos Estados atrav\u00e9s de um conjunto de regras e normas, que posteriormente transformam-se em leis, acordos e tratados aos quais o povo \u00e9 submetido e obrigado a seguir, como se fossem de seus interesses. Alertamos que, se privatizada, h\u00e1 uma tend\u00eancia das tarifas de \u00e1gua serem elevadas a pre\u00e7os internacionais referenciados na energia. O plano \u00e9 transformar a \u00e1gua em commoditie, com pre\u00e7o definido na Bolsa de Valores, como prop\u00f4s a Nestl\u00e9.<\/p>\n<p style=\"text-align: justify\">Al\u00e9m disso, h\u00e1 um movimento intenso de apropria\u00e7\u00e3o da \u00e1gua no saneamento, na gera\u00e7\u00e3o de hidroeletricidade, no agro e hidroneg\u00f3cio, nos processos industriais e minera\u00e7\u00e3o, nas transposi\u00e7\u00f5es, nas concess\u00f5es dos rios e lagos e na apropria\u00e7\u00e3o e comercializa\u00e7\u00e3o das reservas de \u00e1guas minerais. E o discurso da \u201cescassez\u201d, das \u201csecas e desastres ambientais\u201d e da \u201cpobreza\u201d tem sido instrumentos ideol\u00f3gicos usados frequentemente para amea\u00e7as, chantagens e \u201cconvencimento\u201d, para impor os interesses dos capitalistas sobre os povos.<\/p>\n<p style=\"text-align: justify\">No entanto, as experi\u00eancias de privatiza\u00e7\u00e3o da \u00e1gua mostraram-se desastrosas, ineficientes e altamente prejudiciais aos povos. Altas tarifas, zonas de exclus\u00e3o \u2013 as periferias\/regi\u00f5es mais pobres s\u00e3o as principais v\u00edtimas da falta de acesso \u00e0 \u00e1gua -, baixa qualidade dos servi\u00e7os e da \u00e1gua, falta de \u00e1gua para a produ\u00e7\u00e3o de alimentos pelos camponeses, contamina\u00e7\u00e3o das \u00e1guas por venenos e res\u00edduos industriais, entre outros. Pa\u00edses e regi\u00f5es que viveram a experi\u00eancia de privatiza\u00e7\u00e3o est\u00e3o revertendo os processos para controle p\u00fablico.<\/p>\n<p style=\"text-align: justify\">O MAB, juntamente com os movimentos sociais e sindicais que integram a Plataforma Oper\u00e1ria e Camponesa para a Energia lan\u00e7aram uma campanha em 2011 contra as Parcerias P\u00fablico Privadas no saneamento. Para a plataforma, a \u00fanica e verdadeira sa\u00edda para a n\u00e3o privatiza\u00e7\u00e3o da \u00e1gua se encontra nos processos de lutas dos povos, que neste momento exige processos de unidade e car\u00e1ter internacional.<\/p>\n<p style=\"text-align: justify\">Al\u00e9m disso \u00e9 preciso enfrentar e derrotar todos os processos e tentativas de privatiza\u00e7\u00e3o da \u00e1gua e reverter os processos j\u00e1 privatizados, assim como \u00e9 necess\u00e1rio defender a \u00e1gua p\u00fablica como um direito humano, com qualidade e quantidade, acess\u00edvel a todos e todas, numa luta popular permanente.<\/p>\n<p style=\"text-align: justify\">Neste momento em que querem se apropriar dos nossos bens naturais, cabe a n\u00f3s, em conjunto com demais organiza\u00e7\u00f5es sociais, sindicais e pastorais, realizar a\u00e7\u00f5es de forma articulada, de car\u00e1ter nacional e internacional, visando la\u00e7os de unidade e a integra\u00e7\u00e3o solid\u00e1ria, a fim de desenvolver a\u00e7\u00f5es de den\u00fancia e de debate que elevem o n\u00edvel de consci\u00eancia e que gerem simpatia na sociedade, estabelecendo processos de press\u00e3o popular sobre governos, parlamentares e corpora\u00e7\u00f5es internacionais. A constru\u00e7\u00e3o desse projeto dos trabalhadores e trabalhadoras dever\u00e1 ser obra do protagonismo da pr\u00f3pria classe trabalhadora.<\/p>\n<p style=\"text-align: justify\"><strong>\u00c1gua n\u00e3o \u00e9 mercadoria.<\/strong><\/p>\n<p style=\"text-align: justify\"><strong>\u00c1gua \u00e9 um direito humano, um direito dos povos!<\/strong><\/p>\n<p style=\"text-align: justify\"><strong>Coordena\u00e7\u00e3o Nacional do Movimento dos Atingidos por Barragens (MAB &#8211; Brasil)<\/strong><\/p>\n","protected":false},"excerpt":{"rendered":"<p>Neste Dia Mundial da \u00c1gua, 22 de mar\u00e7o, o Movimento dos Atingidos por Barragens (MAB) vem a p\u00fablico manifestar sua posi\u00e7\u00e3o em defesa da \u00e1gua como um bem p\u00fablico e direito fundamental dos homens e mulheres. Vivemos um momento de crise internacional do capitalismo, que tem beneficiado o capital tanto na cria\u00e7\u00e3o, quanto nas \u201csolu\u00e7\u00f5es\u201d [&hellip;]<\/p>\n","protected":false},"author":2,"featured_media":0,"comment_status":"open","ping_status":"open","sticky":false,"template":"","format":"standard","meta":{"_acf_changed":false,"footnotes":""},"categories":[4766],"tags":[],"class_list":{"0":"post-1036","1":"post","2":"type-post","3":"status-publish","4":"format-standard","6":"category-arquivo"},"acf":[],"yoast_head":"<!-- This site is optimized with the Yoast SEO plugin v26.5 - https:\/\/yoast.com\/wordpress\/plugins\/seo\/ -->\n<title>Nota oficial do Movimento dos Atingidos por Barragens (MAB) sobre o Dia Mundial da \u00c1gua - PSOL 50<\/title>\n<meta name=\"robots\" content=\"index, follow, max-snippet:-1, max-image-preview:large, max-video-preview:-1\" \/>\n<link rel=\"canonical\" href=\"https:\/\/psol50.org.br\/nota-oficial-do-movimento-dos-atingidos-por-barragens-mab-sobre-o-dia-mundial-da-agua\/\" \/>\n<meta property=\"og:locale\" content=\"pt_BR\" \/>\n<meta property=\"og:type\" content=\"article\" \/>\n<meta property=\"og:title\" content=\"Nota oficial do Movimento dos Atingidos por Barragens (MAB) sobre o Dia Mundial da \u00c1gua - PSOL 50\" \/>\n<meta property=\"og:description\" content=\"Neste Dia Mundial da \u00c1gua, 22 de mar\u00e7o, o Movimento dos Atingidos por Barragens (MAB) vem a p\u00fablico manifestar sua posi\u00e7\u00e3o em defesa da \u00e1gua como um bem p\u00fablico e direito fundamental dos homens e mulheres. Vivemos um momento de crise internacional do capitalismo, que tem beneficiado o capital tanto na cria\u00e7\u00e3o, quanto nas \u201csolu\u00e7\u00f5es\u201d [&hellip;]\" \/>\n<meta property=\"og:url\" content=\"https:\/\/psol50.org.br\/nota-oficial-do-movimento-dos-atingidos-por-barragens-mab-sobre-o-dia-mundial-da-agua\/\" \/>\n<meta property=\"og:site_name\" content=\"PSOL 50\" \/>\n<meta property=\"article:publisher\" content=\"https:\/\/www.facebook.com\/psol50\" \/>\n<meta property=\"article:published_time\" content=\"2012-03-22T00:00:00+00:00\" \/>\n<meta property=\"og:image\" content=\"http:\/\/psol50.org.br\/files\/2012\/03\/Agua%C3%89deTodos.jpg\" \/>\n<meta name=\"author\" content=\"Comunica\u00e7\u00e3o PSOL\" \/>\n<meta name=\"twitter:card\" content=\"summary_large_image\" \/>\n<meta name=\"twitter:creator\" content=\"@psol50\" \/>\n<meta name=\"twitter:site\" content=\"@psol50\" \/>\n<meta name=\"twitter:label1\" content=\"Escrito por\" \/>\n\t<meta name=\"twitter:data1\" content=\"Comunica\u00e7\u00e3o PSOL\" \/>\n\t<meta name=\"twitter:label2\" content=\"Est. tempo de leitura\" \/>\n\t<meta name=\"twitter:data2\" content=\"3 minutos\" \/>\n<script type=\"application\/ld+json\" class=\"yoast-schema-graph\">{\"@context\":\"https:\/\/schema.org\",\"@graph\":[{\"@type\":\"Article\",\"@id\":\"https:\/\/psol50.org.br\/nota-oficial-do-movimento-dos-atingidos-por-barragens-mab-sobre-o-dia-mundial-da-agua\/#article\",\"isPartOf\":{\"@id\":\"https:\/\/psol50.org.br\/nota-oficial-do-movimento-dos-atingidos-por-barragens-mab-sobre-o-dia-mundial-da-agua\/\"},\"author\":{\"name\":\"Comunica\u00e7\u00e3o PSOL\",\"@id\":\"https:\/\/psol50.org.br\/#\/schema\/person\/475dfa57d0b815993c714c2e96491fcd\"},\"headline\":\"Nota oficial do Movimento dos Atingidos por Barragens (MAB) sobre o Dia Mundial da \u00c1gua\",\"datePublished\":\"2012-03-22T00:00:00+00:00\",\"mainEntityOfPage\":{\"@id\":\"https:\/\/psol50.org.br\/nota-oficial-do-movimento-dos-atingidos-por-barragens-mab-sobre-o-dia-mundial-da-agua\/\"},\"wordCount\":657,\"commentCount\":0,\"publisher\":{\"@id\":\"https:\/\/psol50.org.br\/#organization\"},\"image\":{\"@id\":\"https:\/\/psol50.org.br\/nota-oficial-do-movimento-dos-atingidos-por-barragens-mab-sobre-o-dia-mundial-da-agua\/#primaryimage\"},\"thumbnailUrl\":\"http:\/\/psol50.org.br\/files\/2012\/03\/Agua%C3%89deTodos.jpg\",\"articleSection\":[\"Arquivo\"],\"inLanguage\":\"pt-BR\",\"potentialAction\":[{\"@type\":\"CommentAction\",\"name\":\"Comment\",\"target\":[\"https:\/\/psol50.org.br\/nota-oficial-do-movimento-dos-atingidos-por-barragens-mab-sobre-o-dia-mundial-da-agua\/#respond\"]}]},{\"@type\":\"WebPage\",\"@id\":\"https:\/\/psol50.org.br\/nota-oficial-do-movimento-dos-atingidos-por-barragens-mab-sobre-o-dia-mundial-da-agua\/\",\"url\":\"https:\/\/psol50.org.br\/nota-oficial-do-movimento-dos-atingidos-por-barragens-mab-sobre-o-dia-mundial-da-agua\/\",\"name\":\"Nota oficial do Movimento dos Atingidos por Barragens (MAB) sobre o Dia Mundial da \u00c1gua - PSOL 50\",\"isPartOf\":{\"@id\":\"https:\/\/psol50.org.br\/#website\"},\"primaryImageOfPage\":{\"@id\":\"https:\/\/psol50.org.br\/nota-oficial-do-movimento-dos-atingidos-por-barragens-mab-sobre-o-dia-mundial-da-agua\/#primaryimage\"},\"image\":{\"@id\":\"https:\/\/psol50.org.br\/nota-oficial-do-movimento-dos-atingidos-por-barragens-mab-sobre-o-dia-mundial-da-agua\/#primaryimage\"},\"thumbnailUrl\":\"http:\/\/psol50.org.br\/files\/2012\/03\/Agua%C3%89deTodos.jpg\",\"datePublished\":\"2012-03-22T00:00:00+00:00\",\"breadcrumb\":{\"@id\":\"https:\/\/psol50.org.br\/nota-oficial-do-movimento-dos-atingidos-por-barragens-mab-sobre-o-dia-mundial-da-agua\/#breadcrumb\"},\"inLanguage\":\"pt-BR\",\"potentialAction\":[{\"@type\":\"ReadAction\",\"target\":[\"https:\/\/psol50.org.br\/nota-oficial-do-movimento-dos-atingidos-por-barragens-mab-sobre-o-dia-mundial-da-agua\/\"]}]},{\"@type\":\"ImageObject\",\"inLanguage\":\"pt-BR\",\"@id\":\"https:\/\/psol50.org.br\/nota-oficial-do-movimento-dos-atingidos-por-barragens-mab-sobre-o-dia-mundial-da-agua\/#primaryimage\",\"url\":\"http:\/\/psol50.org.br\/files\/2012\/03\/Agua%C3%89deTodos.jpg\",\"contentUrl\":\"http:\/\/psol50.org.br\/files\/2012\/03\/Agua%C3%89deTodos.jpg\"},{\"@type\":\"BreadcrumbList\",\"@id\":\"https:\/\/psol50.org.br\/nota-oficial-do-movimento-dos-atingidos-por-barragens-mab-sobre-o-dia-mundial-da-agua\/#breadcrumb\",\"itemListElement\":[{\"@type\":\"ListItem\",\"position\":1,\"name\":\"In\u00edcio\",\"item\":\"https:\/\/psol50.org.br\/\"},{\"@type\":\"ListItem\",\"position\":2,\"name\":\"Nota oficial do Movimento dos Atingidos por Barragens (MAB) sobre o Dia Mundial da \u00c1gua\"}]},{\"@type\":\"WebSite\",\"@id\":\"https:\/\/psol50.org.br\/#website\",\"url\":\"https:\/\/psol50.org.br\/\",\"name\":\"PSOL 50\",\"description\":\"Site oficial do Partido Socialismo e Liberdade\",\"publisher\":{\"@id\":\"https:\/\/psol50.org.br\/#organization\"},\"alternateName\":\"PSOL50\",\"potentialAction\":[{\"@type\":\"SearchAction\",\"target\":{\"@type\":\"EntryPoint\",\"urlTemplate\":\"https:\/\/psol50.org.br\/?s={search_term_string}\"},\"query-input\":{\"@type\":\"PropertyValueSpecification\",\"valueRequired\":true,\"valueName\":\"search_term_string\"}}],\"inLanguage\":\"pt-BR\"},{\"@type\":\"Organization\",\"@id\":\"https:\/\/psol50.org.br\/#organization\",\"name\":\"PSOL 50\",\"alternateName\":\"PSOL 50\",\"url\":\"https:\/\/psol50.org.br\/\",\"logo\":{\"@type\":\"ImageObject\",\"inLanguage\":\"pt-BR\",\"@id\":\"https:\/\/psol50.org.br\/#\/schema\/logo\/image\/\",\"url\":\"https:\/\/psol50.org.br\/inc\/uploads\/2018\/07\/capa.png\",\"contentUrl\":\"https:\/\/psol50.org.br\/inc\/uploads\/2018\/07\/capa.png\",\"width\":1350,\"height\":900,\"caption\":\"PSOL 50\"},\"image\":{\"@id\":\"https:\/\/psol50.org.br\/#\/schema\/logo\/image\/\"},\"sameAs\":[\"https:\/\/www.facebook.com\/psol50\",\"https:\/\/x.com\/psol50\",\"https:\/\/www.instagram.com\/psol50\/\",\"https:\/\/www.youtube.com\/channel\/UC7SnJS5o1os7a6CaiNabzcg\"]},{\"@type\":\"Person\",\"@id\":\"https:\/\/psol50.org.br\/#\/schema\/person\/475dfa57d0b815993c714c2e96491fcd\",\"name\":\"Comunica\u00e7\u00e3o PSOL\",\"image\":{\"@type\":\"ImageObject\",\"inLanguage\":\"pt-BR\",\"@id\":\"https:\/\/psol50.org.br\/#\/schema\/person\/image\/\",\"url\":\"https:\/\/secure.gravatar.com\/avatar\/b34fc4f4e468a4e51785917065a3db57b841f5c95dba6ad8c73aaf8f66f8f9bf?s=96&d=mm&r=g\",\"contentUrl\":\"https:\/\/secure.gravatar.com\/avatar\/b34fc4f4e468a4e51785917065a3db57b841f5c95dba6ad8c73aaf8f66f8f9bf?s=96&d=mm&r=g\",\"caption\":\"Comunica\u00e7\u00e3o PSOL\"}}]}<\/script>\n<!-- \/ Yoast SEO plugin. -->","yoast_head_json":{"title":"Nota oficial do Movimento dos Atingidos por Barragens (MAB) sobre o Dia Mundial da \u00c1gua - PSOL 50","robots":{"index":"index","follow":"follow","max-snippet":"max-snippet:-1","max-image-preview":"max-image-preview:large","max-video-preview":"max-video-preview:-1"},"canonical":"https:\/\/psol50.org.br\/nota-oficial-do-movimento-dos-atingidos-por-barragens-mab-sobre-o-dia-mundial-da-agua\/","og_locale":"pt_BR","og_type":"article","og_title":"Nota oficial do Movimento dos Atingidos por Barragens (MAB) sobre o Dia Mundial da \u00c1gua - PSOL 50","og_description":"Neste Dia Mundial da \u00c1gua, 22 de mar\u00e7o, o Movimento dos Atingidos por Barragens (MAB) vem a p\u00fablico manifestar sua posi\u00e7\u00e3o em defesa da \u00e1gua como um bem p\u00fablico e direito fundamental dos homens e mulheres. Vivemos um momento de crise internacional do capitalismo, que tem beneficiado o capital tanto na cria\u00e7\u00e3o, quanto nas \u201csolu\u00e7\u00f5es\u201d [&hellip;]","og_url":"https:\/\/psol50.org.br\/nota-oficial-do-movimento-dos-atingidos-por-barragens-mab-sobre-o-dia-mundial-da-agua\/","og_site_name":"PSOL 50","article_publisher":"https:\/\/www.facebook.com\/psol50","article_published_time":"2012-03-22T00:00:00+00:00","og_image":[{"url":"http:\/\/psol50.org.br\/files\/2012\/03\/Agua%C3%89deTodos.jpg","type":"","width":"","height":""}],"author":"Comunica\u00e7\u00e3o PSOL","twitter_card":"summary_large_image","twitter_creator":"@psol50","twitter_site":"@psol50","twitter_misc":{"Escrito por":"Comunica\u00e7\u00e3o PSOL","Est. tempo de leitura":"3 minutos"},"schema":{"@context":"https:\/\/schema.org","@graph":[{"@type":"Article","@id":"https:\/\/psol50.org.br\/nota-oficial-do-movimento-dos-atingidos-por-barragens-mab-sobre-o-dia-mundial-da-agua\/#article","isPartOf":{"@id":"https:\/\/psol50.org.br\/nota-oficial-do-movimento-dos-atingidos-por-barragens-mab-sobre-o-dia-mundial-da-agua\/"},"author":{"name":"Comunica\u00e7\u00e3o PSOL","@id":"https:\/\/psol50.org.br\/#\/schema\/person\/475dfa57d0b815993c714c2e96491fcd"},"headline":"Nota oficial do Movimento dos Atingidos por Barragens (MAB) sobre o Dia Mundial da \u00c1gua","datePublished":"2012-03-22T00:00:00+00:00","mainEntityOfPage":{"@id":"https:\/\/psol50.org.br\/nota-oficial-do-movimento-dos-atingidos-por-barragens-mab-sobre-o-dia-mundial-da-agua\/"},"wordCount":657,"commentCount":0,"publisher":{"@id":"https:\/\/psol50.org.br\/#organization"},"image":{"@id":"https:\/\/psol50.org.br\/nota-oficial-do-movimento-dos-atingidos-por-barragens-mab-sobre-o-dia-mundial-da-agua\/#primaryimage"},"thumbnailUrl":"http:\/\/psol50.org.br\/files\/2012\/03\/Agua%C3%89deTodos.jpg","articleSection":["Arquivo"],"inLanguage":"pt-BR","potentialAction":[{"@type":"CommentAction","name":"Comment","target":["https:\/\/psol50.org.br\/nota-oficial-do-movimento-dos-atingidos-por-barragens-mab-sobre-o-dia-mundial-da-agua\/#respond"]}]},{"@type":"WebPage","@id":"https:\/\/psol50.org.br\/nota-oficial-do-movimento-dos-atingidos-por-barragens-mab-sobre-o-dia-mundial-da-agua\/","url":"https:\/\/psol50.org.br\/nota-oficial-do-movimento-dos-atingidos-por-barragens-mab-sobre-o-dia-mundial-da-agua\/","name":"Nota oficial do Movimento dos Atingidos por Barragens (MAB) sobre o Dia Mundial da \u00c1gua - PSOL 50","isPartOf":{"@id":"https:\/\/psol50.org.br\/#website"},"primaryImageOfPage":{"@id":"https:\/\/psol50.org.br\/nota-oficial-do-movimento-dos-atingidos-por-barragens-mab-sobre-o-dia-mundial-da-agua\/#primaryimage"},"image":{"@id":"https:\/\/psol50.org.br\/nota-oficial-do-movimento-dos-atingidos-por-barragens-mab-sobre-o-dia-mundial-da-agua\/#primaryimage"},"thumbnailUrl":"http:\/\/psol50.org.br\/files\/2012\/03\/Agua%C3%89deTodos.jpg","datePublished":"2012-03-22T00:00:00+00:00","breadcrumb":{"@id":"https:\/\/psol50.org.br\/nota-oficial-do-movimento-dos-atingidos-por-barragens-mab-sobre-o-dia-mundial-da-agua\/#breadcrumb"},"inLanguage":"pt-BR","potentialAction":[{"@type":"ReadAction","target":["https:\/\/psol50.org.br\/nota-oficial-do-movimento-dos-atingidos-por-barragens-mab-sobre-o-dia-mundial-da-agua\/"]}]},{"@type":"ImageObject","inLanguage":"pt-BR","@id":"https:\/\/psol50.org.br\/nota-oficial-do-movimento-dos-atingidos-por-barragens-mab-sobre-o-dia-mundial-da-agua\/#primaryimage","url":"http:\/\/psol50.org.br\/files\/2012\/03\/Agua%C3%89deTodos.jpg","contentUrl":"http:\/\/psol50.org.br\/files\/2012\/03\/Agua%C3%89deTodos.jpg"},{"@type":"BreadcrumbList","@id":"https:\/\/psol50.org.br\/nota-oficial-do-movimento-dos-atingidos-por-barragens-mab-sobre-o-dia-mundial-da-agua\/#breadcrumb","itemListElement":[{"@type":"ListItem","position":1,"name":"In\u00edcio","item":"https:\/\/psol50.org.br\/"},{"@type":"ListItem","position":2,"name":"Nota oficial do Movimento dos Atingidos por Barragens (MAB) sobre o Dia Mundial da \u00c1gua"}]},{"@type":"WebSite","@id":"https:\/\/psol50.org.br\/#website","url":"https:\/\/psol50.org.br\/","name":"PSOL 50","description":"Site oficial do Partido Socialismo e Liberdade","publisher":{"@id":"https:\/\/psol50.org.br\/#organization"},"alternateName":"PSOL50","potentialAction":[{"@type":"SearchAction","target":{"@type":"EntryPoint","urlTemplate":"https:\/\/psol50.org.br\/?s={search_term_string}"},"query-input":{"@type":"PropertyValueSpecification","valueRequired":true,"valueName":"search_term_string"}}],"inLanguage":"pt-BR"},{"@type":"Organization","@id":"https:\/\/psol50.org.br\/#organization","name":"PSOL 50","alternateName":"PSOL 50","url":"https:\/\/psol50.org.br\/","logo":{"@type":"ImageObject","inLanguage":"pt-BR","@id":"https:\/\/psol50.org.br\/#\/schema\/logo\/image\/","url":"https:\/\/psol50.org.br\/inc\/uploads\/2018\/07\/capa.png","contentUrl":"https:\/\/psol50.org.br\/inc\/uploads\/2018\/07\/capa.png","width":1350,"height":900,"caption":"PSOL 50"},"image":{"@id":"https:\/\/psol50.org.br\/#\/schema\/logo\/image\/"},"sameAs":["https:\/\/www.facebook.com\/psol50","https:\/\/x.com\/psol50","https:\/\/www.instagram.com\/psol50\/","https:\/\/www.youtube.com\/channel\/UC7SnJS5o1os7a6CaiNabzcg"]},{"@type":"Person","@id":"https:\/\/psol50.org.br\/#\/schema\/person\/475dfa57d0b815993c714c2e96491fcd","name":"Comunica\u00e7\u00e3o PSOL","image":{"@type":"ImageObject","inLanguage":"pt-BR","@id":"https:\/\/psol50.org.br\/#\/schema\/person\/image\/","url":"https:\/\/secure.gravatar.com\/avatar\/b34fc4f4e468a4e51785917065a3db57b841f5c95dba6ad8c73aaf8f66f8f9bf?s=96&d=mm&r=g","contentUrl":"https:\/\/secure.gravatar.com\/avatar\/b34fc4f4e468a4e51785917065a3db57b841f5c95dba6ad8c73aaf8f66f8f9bf?s=96&d=mm&r=g","caption":"Comunica\u00e7\u00e3o PSOL"}}]}},"_links":{"self":[{"href":"https:\/\/psol50.org.br\/rest\/wp\/v2\/posts\/1036","targetHints":{"allow":["GET"]}}],"collection":[{"href":"https:\/\/psol50.org.br\/rest\/wp\/v2\/posts"}],"about":[{"href":"https:\/\/psol50.org.br\/rest\/wp\/v2\/types\/post"}],"author":[{"embeddable":true,"href":"https:\/\/psol50.org.br\/rest\/wp\/v2\/users\/2"}],"replies":[{"embeddable":true,"href":"https:\/\/psol50.org.br\/rest\/wp\/v2\/comments?post=1036"}],"version-history":[{"count":0,"href":"https:\/\/psol50.org.br\/rest\/wp\/v2\/posts\/1036\/revisions"}],"wp:attachment":[{"href":"https:\/\/psol50.org.br\/rest\/wp\/v2\/media?parent=1036"}],"wp:term":[{"taxonomy":"category","embeddable":true,"href":"https:\/\/psol50.org.br\/rest\/wp\/v2\/categories?post=1036"},{"taxonomy":"post_tag","embeddable":true,"href":"https:\/\/psol50.org.br\/rest\/wp\/v2\/tags?post=1036"}],"curies":[{"name":"wp","href":"https:\/\/api.w.org\/{rel}","templated":true}]}}