{"id":10378,"date":"2015-10-27T20:10:08","date_gmt":"2015-10-27T20:10:08","guid":{"rendered":"http:\/\/www.psol50.org.br\/?p=10378"},"modified":"2015-10-27T20:10:08","modified_gmt":"2015-10-27T20:10:08","slug":"a-polarizacao-pt-psdb-chegou-ao-fim","status":"publish","type":"post","link":"https:\/\/psol50.org.br\/a-polarizacao-pt-psdb-chegou-ao-fim\/","title":{"rendered":"GILBERTO MARINGONI: A polariza\u00e7\u00e3o PT-PSDB chegou ao fim?"},"content":{"rendered":"<p>Uma das decorr\u00eancias a ser extra\u00edda da degringolada volunt\u00e1ria do governo Dilma \u00e9 a de que pode estar acabando a polariza\u00e7\u00e3o PT-PSDB. Ela existe na cena pol\u00edtica desde a disputa presidencial de 1994 e seu ocaso n\u00e3o \u00e9 fato menor.<br \/>\nAo longo daquela d\u00e9cada, os tucanos deram forma a um projeto de inser\u00e7\u00e3o subordinada do Brasil no plano internacional, com matizes fortemente liberais. Apesar da pouca nitidez program\u00e1tica do petismo, pode-se dizer que este buscava recuperar uma tradi\u00e7\u00e3o vagamente aparentada com o desenvolvimentismo. Mas o que os diferenciava de verdade era a base social do PT entre os setores populares organizados, com suas demandas por sal\u00e1rio, emprego e melhores condi\u00e7\u00f5es de vida. O PSDB, desde seu surgimento (1986), buscou se consolidar como caudat\u00e1rio de um antiestatismo que se radicalizou com o tempo. Assim, a legenda paulatinamente se tornou representante pol\u00edtica quase org\u00e2nica do capital financeiro.<br \/>\nA oposi\u00e7\u00e3o entre ambos n\u00e3o era fen\u00f4meno meramente eleitoral, mas expressava demandas de setores sociais distintos.<br \/>\nTal realidade pode estar chegando ao fim, neste segundo governo Dilma. O rompimento da polaridade n\u00e3o veio por a\u00e7\u00e3o de uma for\u00e7a externa a ambos, mas nasce no \u00e2mago da coliga\u00e7\u00e3o petista. E definir\u00e1 os rumos futuros da pol\u00edtica brasileira.<br \/>\n<strong>Volta ao prosc\u00eanio<br \/>\n<\/strong>O benefici\u00e1rio do novo ordenamento das cartas institucionais \u00e9 \u2013 como todos sabem \u2013 o PMDB.\u00a0 A agremia\u00e7\u00e3o \u2013 que desde 1994 n\u00e3o se apresenta em elei\u00e7\u00e3o presidencial com cara pr\u00f3pria \u2013 volta ao prosc\u00eanio da vida nacional, com pretens\u00f5es de se colocar como for\u00e7a aut\u00f4noma.<br \/>\nA legenda operou, nos \u00faltimos 21 anos, como uma esp\u00e9cie de grande avalista de governos tucanos e petistas. O partido expressa a conflu\u00eancia interesses regionais variados e vocaliza demandas de boa parte do capital industrial e agr\u00e1rio. As personaliza\u00e7\u00f5es dessa representa\u00e7\u00e3o s\u00e3o Paulo Skaf e Katia Abreu, que arrastam um vasto setor empresarial, hoje descontente com o petismo.<br \/>\nA manifesta\u00e7\u00e3o mais vis\u00edvel dessa situa\u00e7\u00e3o se deu a partir da elei\u00e7\u00e3o de Eduardo Cunha para a presid\u00eancia da C\u00e2mara. Contando com um poder in\u00e9dito desde o governo Sarney (1985-1990) \u2013 a vice-presid\u00eancia, a dire\u00e7\u00e3o das duas casas legislativas e cinco minist\u00e9rios \u2013 o PMDB, em a\u00e7\u00e3o h\u00e1bil e ousada, logrou deslocar A\u00e9cio Neves e o PSDB da condi\u00e7\u00e3o de polo da oposi\u00e7\u00e3o de direita. O tucanato perdeu assim seu papel &#8220;natural&#8221; de alternativa conservadora. Mesmo a poss\u00edvel derrocada de Cunha n\u00e3o parece alterar esse quadro.<br \/>\n<strong>Causas<br \/>\n<\/strong>A ascens\u00e3o peemedebista ocorreu por um motivo principal. As bases materiais da polariza\u00e7\u00e3o perderam contraste. O PT e o PSDB n\u00e3o disputam mais campos ou apresentam projetos distintos. O que disputam \u00e9 a representa\u00e7\u00e3o pol\u00edtica do capital financeiro. Vale a pena recapitular brevemente o que ocorreu.<br \/>\nO segundo mandato de FHC (1999-2003) se deu sob a marca de duas crises, a quebra do real, no primeiro ano de gest\u00e3o, e o apag\u00e3o, em 2001. Apesar de uma leve recupera\u00e7\u00e3o econ\u00f4mica, fruto da desvaloriza\u00e7\u00e3o cambial nos dois primeiros anos, as marcas daquela administra\u00e7\u00e3o foram desemprego elevado e popularidade em queda.<br \/>\nNo in\u00edcio de 2002, a vit\u00f3ria de Lula era quase inexor\u00e1vel. Faltava combinar com os russos. Para aceitar a novidade, os donos do dinheiro impuseram seu ped\u00e1gio. Este foi prontamente aceito pelo candidato petista, que se comprometeu \u2013 na &#8220;Carta aos Brasileiros&#8221; \u2013 a n\u00e3o tocar no modelo armado por seu antecessor.<br \/>\nOu seja, Lula poderia fazer o que quisesse, desde que liderasse um governo de continuidade.<br \/>\n<strong>Mudan\u00e7as<br \/>\n<\/strong>Se \u00e9 verdade que o PT mudou de l\u00e1 para c\u00e1, duas outras verdades precisam ser admitidas:<br \/>\n1- Embora tenha havido uma aproxima\u00e7\u00e3o, o partido n\u00e3o \u00e9 a representa\u00e7\u00e3o pol\u00edtica dos sonhos do grande capital. Menos pelo seu programa e mais por temores de reca\u00edda em uma esquerdiza\u00e7\u00e3o vigente em sua primeira d\u00e9cada de exist\u00eancia.<br \/>\n2- Se o PT mudou, o PSDB tamb\u00e9m mudou.<br \/>\nSobre esse \u00faltimo aspecto, \u00e9 preciso verificar que a segunda gera\u00e7\u00e3o tucana \u2013 A\u00e9cio, Alckmin, Richa, Perillo \u2013 est\u00e1 anos luz aqu\u00e9m da sofistica\u00e7\u00e3o, calibre intelectual e integra\u00e7\u00e3o org\u00e2nica com o grande capital exibida pela fornada anterior. Esta tinha na vitrine FHC, Jos\u00e9 Serra, Paulo Renato, Bresser-Pereira, Sergio Motta, Edmar Bacha, Pedro Malan e outros. Ali estava o centro formulador da nova integra\u00e7\u00e3o global, em sociedade com a alta finan\u00e7a. Perto dele, os novatos s\u00e3o literalmente arrivistas de prov\u00edncia.<br \/>\nEm portugu\u00eas vulgar, os ne\u00f3fitos &#8220;n\u00e3o t\u00eam projeto&#8221; ou diretrizes claras. Por vias transversas, \u00e9 nesse ponto que o petismo e o tucanismo se encontram.<br \/>\n<strong>Inten\u00e7\u00e3o de voto<br \/>\n<\/strong>Os dirigentes do poder econ\u00f4mico, h\u00e1 um ano, votaram na indicada por Lula. A divis\u00e3o das verbas de campanha \u2013 R$ 318 milh\u00f5es para Dilma e R$ 201 milh\u00f5es para A\u00e9cio \u2013 expressava tais inten\u00e7\u00f5es. O empresariado destinou 50% a mais para a candidata petista, mas as duas quantias representam troco de gente grande.<br \/>\nDilma recebeu \u2013 oficialmente &#8211; mais por j\u00e1 estar no governo. Tinha maiores condi\u00e7\u00f5es de atrair dinheiro. O fato de o PT apresentar uma base social mais alicer\u00e7ada entre os milh\u00f5es de despossu\u00eddos favorecia suas chances de vit\u00f3ria. Em mi\u00fados, o fato de a agremia\u00e7\u00e3o ser sustentada por uma vast\u00edssima representa\u00e7\u00e3o popular reduziria \u2013 aos olhos de quem manda na grana &#8211; os riscos de instabilidades sociais.<br \/>\n<strong>Erro fatal<br \/>\n<\/strong>\u00c9 nesse ponto que Dilma cometeu seu erro fatal. Ao romper com sua base social, ap\u00f3s as elei\u00e7\u00f5es de 2014, ela perdeu seu maior ativo diante de setores do topo da pir\u00e2mide social. Com esse gesto, o PT abriu m\u00e3o de seu principal diferencial com o PSDB. Aos olhos de quem est\u00e1 por cima, os dois partidos tendem agora a se equivaler.<br \/>\nEm cen\u00e1rio de desacelera\u00e7\u00e3o econ\u00f4mica e da op\u00e7\u00e3o feita por enviar a conta para os de baixo, de pouco adianta a lideran\u00e7a petista alegar que aumentou o sal\u00e1rio m\u00ednimo, criou programas sociais etc. etc. O passado foi bom, mas o presente \u00e9 de desemprego, infla\u00e7\u00e3o alta, queda de renda e o futuro \u00e9 incerto.<br \/>\nAqui entra o PMDB, vocalizando interesses do que antigamente se classificava como &#8220;capital produtivo&#8221;. De forma mais (Cunha) ou menos (Temer) ruidosa, a agremia\u00e7\u00e3o colocou a faca nos dentes, com a crise pol\u00edtica desatada pelo petismo. Para angariar musculatura no eleitorado popular, h\u00e1 tempos investe em segmentos religiosos conservadores. E tornou-se porta voz desses.<br \/>\nSe formos buscar sentidos mais claros, podemos dizer que enquanto PT e PSDB acabaram por diluir seus programas, o partido de Michel Temer busca solidificar suas orienta\u00e7\u00f5es nos lobbies da ind\u00fastria \u2013 desonera\u00e7\u00f5es, terceiriza\u00e7\u00e3o, flexibiliza\u00e7\u00e3o da CLT \u2013 e do agroneg\u00f3cio \u2013 financiamentos a e mudan\u00e7as em leis ambientais. O PMDB n\u00e3o toca nos interesses da banca. Por mais estapaf\u00fardia que possa parecer a afirma\u00e7\u00e3o, estamos diante de quem apresenta o mais vi\u00e1vel projeto pol\u00edtico no Brasil atual. Um projeto conservador, excludente, mas de n\u00edtido apelo para o grande capital e de fra\u00e7\u00f5es do m\u00e9dio.<br \/>\nO que o PMDB n\u00e3o tem \u00e9 uma lideran\u00e7a vi\u00e1vel e vis\u00edvel para uma contenda presidencial. Esse fator o tornou at\u00e9 aqui caudat\u00e1rio do PT e do PSDB e ajudou a dar sobrevida a uma polariza\u00e7\u00e3o que se torna rarefeita.<br \/>\nCom o fim da polariza\u00e7\u00e3o, provavelmente as elei\u00e7\u00f5es de 2016 apresentar\u00e3o um cen\u00e1rio partid\u00e1rio mais pulverizado, j\u00e1 esbo\u00e7ado ano passado. Se for assim, teremos uma conjuntura em que pequenas legendas \u2013 muitas de aluguel \u2013 dividir\u00e3o o bolo do poder. Nem por isso, o quadro se afigura como mais democr\u00e1tico.<br \/>\nOs novos tempos acabar\u00e3o por exigir tamb\u00e9m uma nova institucionalidade. \u00c9 nisso que Eduardo Cunha trabalha \u2013 uma pauta regressiva e elitista -, enquanto \u00e9 alvejado em pleno voo.<br \/>\n&nbsp;<\/p>\n","protected":false},"excerpt":{"rendered":"<p>Uma das decorr\u00eancias a ser extra\u00edda da degringolada volunt\u00e1ria do governo Dilma \u00e9 a de que pode estar acabando a polariza\u00e7\u00e3o PT-PSDB. Ela existe na cena pol\u00edtica desde a disputa presidencial de 1994 e seu ocaso n\u00e3o \u00e9 fato menor. Ao longo daquela d\u00e9cada, os tucanos deram forma a um projeto de inser\u00e7\u00e3o subordinada do [&hellip;]<\/p>\n","protected":false},"author":2,"featured_media":10383,"comment_status":"open","ping_status":"open","sticky":false,"template":"","format":"standard","meta":{"_acf_changed":false,"footnotes":""},"categories":[3,1882],"tags":[4241,3964,2970,3983,2152,4827,1590,319,4828,3984],"class_list":{"0":"post-10378","1":"post","2":"type-post","3":"status-publish","4":"format-standard","5":"has-post-thumbnail","7":"category-artigos-e-entrevistas","8":"category-brasil","9":"tag-aecio","10":"tag-dilma","11":"tag-gilberto-maringoni","12":"tag-petistas","13":"tag-pmdb","14":"tag-polarizacao","15":"tag-psdb","16":"tag-pt","17":"tag-pt-psbd","18":"tag-tucanos"},"acf":[],"yoast_head":"<!-- This site is optimized with the Yoast SEO plugin v26.5 - https:\/\/yoast.com\/wordpress\/plugins\/seo\/ -->\n<title>GILBERTO MARINGONI: A polariza\u00e7\u00e3o PT-PSDB chegou ao fim? - PSOL 50<\/title>\n<meta name=\"robots\" content=\"index, follow, max-snippet:-1, max-image-preview:large, max-video-preview:-1\" \/>\n<link rel=\"canonical\" href=\"https:\/\/psol50.org.br\/a-polarizacao-pt-psdb-chegou-ao-fim\/\" \/>\n<meta property=\"og:locale\" content=\"pt_BR\" \/>\n<meta property=\"og:type\" content=\"article\" \/>\n<meta property=\"og:title\" content=\"GILBERTO MARINGONI: A polariza\u00e7\u00e3o PT-PSDB chegou ao fim? - PSOL 50\" \/>\n<meta property=\"og:description\" content=\"Uma das decorr\u00eancias a ser extra\u00edda da degringolada volunt\u00e1ria do governo Dilma \u00e9 a de que pode estar acabando a polariza\u00e7\u00e3o PT-PSDB. Ela existe na cena pol\u00edtica desde a disputa presidencial de 1994 e seu ocaso n\u00e3o \u00e9 fato menor. Ao longo daquela d\u00e9cada, os tucanos deram forma a um projeto de inser\u00e7\u00e3o subordinada do [&hellip;]\" \/>\n<meta property=\"og:url\" content=\"https:\/\/psol50.org.br\/a-polarizacao-pt-psdb-chegou-ao-fim\/\" \/>\n<meta property=\"og:site_name\" content=\"PSOL 50\" \/>\n<meta property=\"article:publisher\" content=\"https:\/\/www.facebook.com\/psol50\" \/>\n<meta property=\"article:published_time\" content=\"2015-10-27T20:10:08+00:00\" \/>\n<meta property=\"og:image\" content=\"https:\/\/psol50.org.br\/inc\/uploads\/2015\/10\/Dilma-e-Aecio-e1448897202970.jpg\" \/>\n\t<meta property=\"og:image:width\" content=\"1000\" \/>\n\t<meta property=\"og:image:height\" content=\"704\" \/>\n\t<meta property=\"og:image:type\" content=\"image\/jpeg\" \/>\n<meta name=\"author\" content=\"Comunica\u00e7\u00e3o PSOL\" \/>\n<meta name=\"twitter:card\" content=\"summary_large_image\" \/>\n<meta name=\"twitter:creator\" content=\"@psol50\" \/>\n<meta name=\"twitter:site\" content=\"@psol50\" \/>\n<meta name=\"twitter:label1\" content=\"Escrito por\" \/>\n\t<meta name=\"twitter:data1\" content=\"Comunica\u00e7\u00e3o PSOL\" \/>\n\t<meta name=\"twitter:label2\" content=\"Est. tempo de leitura\" \/>\n\t<meta name=\"twitter:data2\" content=\"7 minutos\" \/>\n<script type=\"application\/ld+json\" class=\"yoast-schema-graph\">{\"@context\":\"https:\/\/schema.org\",\"@graph\":[{\"@type\":\"Article\",\"@id\":\"https:\/\/psol50.org.br\/a-polarizacao-pt-psdb-chegou-ao-fim\/#article\",\"isPartOf\":{\"@id\":\"https:\/\/psol50.org.br\/a-polarizacao-pt-psdb-chegou-ao-fim\/\"},\"author\":{\"name\":\"Comunica\u00e7\u00e3o PSOL\",\"@id\":\"https:\/\/psol50.org.br\/#\/schema\/person\/475dfa57d0b815993c714c2e96491fcd\"},\"headline\":\"GILBERTO MARINGONI: A polariza\u00e7\u00e3o PT-PSDB chegou ao fim?\",\"datePublished\":\"2015-10-27T20:10:08+00:00\",\"mainEntityOfPage\":{\"@id\":\"https:\/\/psol50.org.br\/a-polarizacao-pt-psdb-chegou-ao-fim\/\"},\"wordCount\":1362,\"commentCount\":0,\"publisher\":{\"@id\":\"https:\/\/psol50.org.br\/#organization\"},\"image\":{\"@id\":\"https:\/\/psol50.org.br\/a-polarizacao-pt-psdb-chegou-ao-fim\/#primaryimage\"},\"thumbnailUrl\":\"https:\/\/psol50.org.br\/inc\/uploads\/2015\/10\/Dilma-e-Aecio-e1448897202970.jpg\",\"keywords\":[\"A\u00e9cio\",\"Dilma\",\"Gilberto Maringoni\",\"petistas\",\"PMDB\",\"polariza\u00e7\u00e3o\",\"PSDB\",\"PT\",\"PT-PSBD\",\"tucanos\"],\"articleSection\":[\"Artigos\",\"Brasil\"],\"inLanguage\":\"pt-BR\",\"potentialAction\":[{\"@type\":\"CommentAction\",\"name\":\"Comment\",\"target\":[\"https:\/\/psol50.org.br\/a-polarizacao-pt-psdb-chegou-ao-fim\/#respond\"]}]},{\"@type\":\"WebPage\",\"@id\":\"https:\/\/psol50.org.br\/a-polarizacao-pt-psdb-chegou-ao-fim\/\",\"url\":\"https:\/\/psol50.org.br\/a-polarizacao-pt-psdb-chegou-ao-fim\/\",\"name\":\"GILBERTO MARINGONI: A polariza\u00e7\u00e3o PT-PSDB chegou ao fim? - PSOL 50\",\"isPartOf\":{\"@id\":\"https:\/\/psol50.org.br\/#website\"},\"primaryImageOfPage\":{\"@id\":\"https:\/\/psol50.org.br\/a-polarizacao-pt-psdb-chegou-ao-fim\/#primaryimage\"},\"image\":{\"@id\":\"https:\/\/psol50.org.br\/a-polarizacao-pt-psdb-chegou-ao-fim\/#primaryimage\"},\"thumbnailUrl\":\"https:\/\/psol50.org.br\/inc\/uploads\/2015\/10\/Dilma-e-Aecio-e1448897202970.jpg\",\"datePublished\":\"2015-10-27T20:10:08+00:00\",\"breadcrumb\":{\"@id\":\"https:\/\/psol50.org.br\/a-polarizacao-pt-psdb-chegou-ao-fim\/#breadcrumb\"},\"inLanguage\":\"pt-BR\",\"potentialAction\":[{\"@type\":\"ReadAction\",\"target\":[\"https:\/\/psol50.org.br\/a-polarizacao-pt-psdb-chegou-ao-fim\/\"]}]},{\"@type\":\"ImageObject\",\"inLanguage\":\"pt-BR\",\"@id\":\"https:\/\/psol50.org.br\/a-polarizacao-pt-psdb-chegou-ao-fim\/#primaryimage\",\"url\":\"https:\/\/psol50.org.br\/inc\/uploads\/2015\/10\/Dilma-e-Aecio-e1448897202970.jpg\",\"contentUrl\":\"https:\/\/psol50.org.br\/inc\/uploads\/2015\/10\/Dilma-e-Aecio-e1448897202970.jpg\",\"width\":1000,\"height\":704,\"caption\":\"Dilma e A\u00e9cio est\u00e3o confirmados no segundo turno\"},{\"@type\":\"BreadcrumbList\",\"@id\":\"https:\/\/psol50.org.br\/a-polarizacao-pt-psdb-chegou-ao-fim\/#breadcrumb\",\"itemListElement\":[{\"@type\":\"ListItem\",\"position\":1,\"name\":\"In\u00edcio\",\"item\":\"https:\/\/psol50.org.br\/\"},{\"@type\":\"ListItem\",\"position\":2,\"name\":\"GILBERTO MARINGONI: A polariza\u00e7\u00e3o PT-PSDB chegou ao fim?\"}]},{\"@type\":\"WebSite\",\"@id\":\"https:\/\/psol50.org.br\/#website\",\"url\":\"https:\/\/psol50.org.br\/\",\"name\":\"PSOL 50\",\"description\":\"Site oficial do Partido Socialismo e Liberdade\",\"publisher\":{\"@id\":\"https:\/\/psol50.org.br\/#organization\"},\"alternateName\":\"PSOL50\",\"potentialAction\":[{\"@type\":\"SearchAction\",\"target\":{\"@type\":\"EntryPoint\",\"urlTemplate\":\"https:\/\/psol50.org.br\/?s={search_term_string}\"},\"query-input\":{\"@type\":\"PropertyValueSpecification\",\"valueRequired\":true,\"valueName\":\"search_term_string\"}}],\"inLanguage\":\"pt-BR\"},{\"@type\":\"Organization\",\"@id\":\"https:\/\/psol50.org.br\/#organization\",\"name\":\"PSOL 50\",\"alternateName\":\"PSOL 50\",\"url\":\"https:\/\/psol50.org.br\/\",\"logo\":{\"@type\":\"ImageObject\",\"inLanguage\":\"pt-BR\",\"@id\":\"https:\/\/psol50.org.br\/#\/schema\/logo\/image\/\",\"url\":\"https:\/\/psol50.org.br\/inc\/uploads\/2018\/07\/capa.png\",\"contentUrl\":\"https:\/\/psol50.org.br\/inc\/uploads\/2018\/07\/capa.png\",\"width\":1350,\"height\":900,\"caption\":\"PSOL 50\"},\"image\":{\"@id\":\"https:\/\/psol50.org.br\/#\/schema\/logo\/image\/\"},\"sameAs\":[\"https:\/\/www.facebook.com\/psol50\",\"https:\/\/x.com\/psol50\",\"https:\/\/www.instagram.com\/psol50\/\",\"https:\/\/www.youtube.com\/channel\/UC7SnJS5o1os7a6CaiNabzcg\"]},{\"@type\":\"Person\",\"@id\":\"https:\/\/psol50.org.br\/#\/schema\/person\/475dfa57d0b815993c714c2e96491fcd\",\"name\":\"Comunica\u00e7\u00e3o PSOL\",\"image\":{\"@type\":\"ImageObject\",\"inLanguage\":\"pt-BR\",\"@id\":\"https:\/\/psol50.org.br\/#\/schema\/person\/image\/\",\"url\":\"https:\/\/secure.gravatar.com\/avatar\/b34fc4f4e468a4e51785917065a3db57b841f5c95dba6ad8c73aaf8f66f8f9bf?s=96&d=mm&r=g\",\"contentUrl\":\"https:\/\/secure.gravatar.com\/avatar\/b34fc4f4e468a4e51785917065a3db57b841f5c95dba6ad8c73aaf8f66f8f9bf?s=96&d=mm&r=g\",\"caption\":\"Comunica\u00e7\u00e3o PSOL\"}}]}<\/script>\n<!-- \/ Yoast SEO plugin. -->","yoast_head_json":{"title":"GILBERTO MARINGONI: A polariza\u00e7\u00e3o PT-PSDB chegou ao fim? - PSOL 50","robots":{"index":"index","follow":"follow","max-snippet":"max-snippet:-1","max-image-preview":"max-image-preview:large","max-video-preview":"max-video-preview:-1"},"canonical":"https:\/\/psol50.org.br\/a-polarizacao-pt-psdb-chegou-ao-fim\/","og_locale":"pt_BR","og_type":"article","og_title":"GILBERTO MARINGONI: A polariza\u00e7\u00e3o PT-PSDB chegou ao fim? - PSOL 50","og_description":"Uma das decorr\u00eancias a ser extra\u00edda da degringolada volunt\u00e1ria do governo Dilma \u00e9 a de que pode estar acabando a polariza\u00e7\u00e3o PT-PSDB. Ela existe na cena pol\u00edtica desde a disputa presidencial de 1994 e seu ocaso n\u00e3o \u00e9 fato menor. Ao longo daquela d\u00e9cada, os tucanos deram forma a um projeto de inser\u00e7\u00e3o subordinada do [&hellip;]","og_url":"https:\/\/psol50.org.br\/a-polarizacao-pt-psdb-chegou-ao-fim\/","og_site_name":"PSOL 50","article_publisher":"https:\/\/www.facebook.com\/psol50","article_published_time":"2015-10-27T20:10:08+00:00","og_image":[{"width":1000,"height":704,"url":"https:\/\/psol50.org.br\/inc\/uploads\/2015\/10\/Dilma-e-Aecio-e1448897202970.jpg","type":"image\/jpeg"}],"author":"Comunica\u00e7\u00e3o PSOL","twitter_card":"summary_large_image","twitter_creator":"@psol50","twitter_site":"@psol50","twitter_misc":{"Escrito por":"Comunica\u00e7\u00e3o PSOL","Est. tempo de leitura":"7 minutos"},"schema":{"@context":"https:\/\/schema.org","@graph":[{"@type":"Article","@id":"https:\/\/psol50.org.br\/a-polarizacao-pt-psdb-chegou-ao-fim\/#article","isPartOf":{"@id":"https:\/\/psol50.org.br\/a-polarizacao-pt-psdb-chegou-ao-fim\/"},"author":{"name":"Comunica\u00e7\u00e3o PSOL","@id":"https:\/\/psol50.org.br\/#\/schema\/person\/475dfa57d0b815993c714c2e96491fcd"},"headline":"GILBERTO MARINGONI: A polariza\u00e7\u00e3o PT-PSDB chegou ao fim?","datePublished":"2015-10-27T20:10:08+00:00","mainEntityOfPage":{"@id":"https:\/\/psol50.org.br\/a-polarizacao-pt-psdb-chegou-ao-fim\/"},"wordCount":1362,"commentCount":0,"publisher":{"@id":"https:\/\/psol50.org.br\/#organization"},"image":{"@id":"https:\/\/psol50.org.br\/a-polarizacao-pt-psdb-chegou-ao-fim\/#primaryimage"},"thumbnailUrl":"https:\/\/psol50.org.br\/inc\/uploads\/2015\/10\/Dilma-e-Aecio-e1448897202970.jpg","keywords":["A\u00e9cio","Dilma","Gilberto Maringoni","petistas","PMDB","polariza\u00e7\u00e3o","PSDB","PT","PT-PSBD","tucanos"],"articleSection":["Artigos","Brasil"],"inLanguage":"pt-BR","potentialAction":[{"@type":"CommentAction","name":"Comment","target":["https:\/\/psol50.org.br\/a-polarizacao-pt-psdb-chegou-ao-fim\/#respond"]}]},{"@type":"WebPage","@id":"https:\/\/psol50.org.br\/a-polarizacao-pt-psdb-chegou-ao-fim\/","url":"https:\/\/psol50.org.br\/a-polarizacao-pt-psdb-chegou-ao-fim\/","name":"GILBERTO MARINGONI: A polariza\u00e7\u00e3o PT-PSDB chegou ao fim? - PSOL 50","isPartOf":{"@id":"https:\/\/psol50.org.br\/#website"},"primaryImageOfPage":{"@id":"https:\/\/psol50.org.br\/a-polarizacao-pt-psdb-chegou-ao-fim\/#primaryimage"},"image":{"@id":"https:\/\/psol50.org.br\/a-polarizacao-pt-psdb-chegou-ao-fim\/#primaryimage"},"thumbnailUrl":"https:\/\/psol50.org.br\/inc\/uploads\/2015\/10\/Dilma-e-Aecio-e1448897202970.jpg","datePublished":"2015-10-27T20:10:08+00:00","breadcrumb":{"@id":"https:\/\/psol50.org.br\/a-polarizacao-pt-psdb-chegou-ao-fim\/#breadcrumb"},"inLanguage":"pt-BR","potentialAction":[{"@type":"ReadAction","target":["https:\/\/psol50.org.br\/a-polarizacao-pt-psdb-chegou-ao-fim\/"]}]},{"@type":"ImageObject","inLanguage":"pt-BR","@id":"https:\/\/psol50.org.br\/a-polarizacao-pt-psdb-chegou-ao-fim\/#primaryimage","url":"https:\/\/psol50.org.br\/inc\/uploads\/2015\/10\/Dilma-e-Aecio-e1448897202970.jpg","contentUrl":"https:\/\/psol50.org.br\/inc\/uploads\/2015\/10\/Dilma-e-Aecio-e1448897202970.jpg","width":1000,"height":704,"caption":"Dilma e A\u00e9cio est\u00e3o confirmados no segundo turno"},{"@type":"BreadcrumbList","@id":"https:\/\/psol50.org.br\/a-polarizacao-pt-psdb-chegou-ao-fim\/#breadcrumb","itemListElement":[{"@type":"ListItem","position":1,"name":"In\u00edcio","item":"https:\/\/psol50.org.br\/"},{"@type":"ListItem","position":2,"name":"GILBERTO MARINGONI: A polariza\u00e7\u00e3o PT-PSDB chegou ao fim?"}]},{"@type":"WebSite","@id":"https:\/\/psol50.org.br\/#website","url":"https:\/\/psol50.org.br\/","name":"PSOL 50","description":"Site oficial do Partido Socialismo e Liberdade","publisher":{"@id":"https:\/\/psol50.org.br\/#organization"},"alternateName":"PSOL50","potentialAction":[{"@type":"SearchAction","target":{"@type":"EntryPoint","urlTemplate":"https:\/\/psol50.org.br\/?s={search_term_string}"},"query-input":{"@type":"PropertyValueSpecification","valueRequired":true,"valueName":"search_term_string"}}],"inLanguage":"pt-BR"},{"@type":"Organization","@id":"https:\/\/psol50.org.br\/#organization","name":"PSOL 50","alternateName":"PSOL 50","url":"https:\/\/psol50.org.br\/","logo":{"@type":"ImageObject","inLanguage":"pt-BR","@id":"https:\/\/psol50.org.br\/#\/schema\/logo\/image\/","url":"https:\/\/psol50.org.br\/inc\/uploads\/2018\/07\/capa.png","contentUrl":"https:\/\/psol50.org.br\/inc\/uploads\/2018\/07\/capa.png","width":1350,"height":900,"caption":"PSOL 50"},"image":{"@id":"https:\/\/psol50.org.br\/#\/schema\/logo\/image\/"},"sameAs":["https:\/\/www.facebook.com\/psol50","https:\/\/x.com\/psol50","https:\/\/www.instagram.com\/psol50\/","https:\/\/www.youtube.com\/channel\/UC7SnJS5o1os7a6CaiNabzcg"]},{"@type":"Person","@id":"https:\/\/psol50.org.br\/#\/schema\/person\/475dfa57d0b815993c714c2e96491fcd","name":"Comunica\u00e7\u00e3o PSOL","image":{"@type":"ImageObject","inLanguage":"pt-BR","@id":"https:\/\/psol50.org.br\/#\/schema\/person\/image\/","url":"https:\/\/secure.gravatar.com\/avatar\/b34fc4f4e468a4e51785917065a3db57b841f5c95dba6ad8c73aaf8f66f8f9bf?s=96&d=mm&r=g","contentUrl":"https:\/\/secure.gravatar.com\/avatar\/b34fc4f4e468a4e51785917065a3db57b841f5c95dba6ad8c73aaf8f66f8f9bf?s=96&d=mm&r=g","caption":"Comunica\u00e7\u00e3o PSOL"}}]}},"_links":{"self":[{"href":"https:\/\/psol50.org.br\/rest\/wp\/v2\/posts\/10378","targetHints":{"allow":["GET"]}}],"collection":[{"href":"https:\/\/psol50.org.br\/rest\/wp\/v2\/posts"}],"about":[{"href":"https:\/\/psol50.org.br\/rest\/wp\/v2\/types\/post"}],"author":[{"embeddable":true,"href":"https:\/\/psol50.org.br\/rest\/wp\/v2\/users\/2"}],"replies":[{"embeddable":true,"href":"https:\/\/psol50.org.br\/rest\/wp\/v2\/comments?post=10378"}],"version-history":[{"count":0,"href":"https:\/\/psol50.org.br\/rest\/wp\/v2\/posts\/10378\/revisions"}],"wp:featuredmedia":[{"embeddable":true,"href":"https:\/\/psol50.org.br\/rest\/wp\/v2\/media\/10383"}],"wp:attachment":[{"href":"https:\/\/psol50.org.br\/rest\/wp\/v2\/media?parent=10378"}],"wp:term":[{"taxonomy":"category","embeddable":true,"href":"https:\/\/psol50.org.br\/rest\/wp\/v2\/categories?post=10378"},{"taxonomy":"post_tag","embeddable":true,"href":"https:\/\/psol50.org.br\/rest\/wp\/v2\/tags?post=10378"}],"curies":[{"name":"wp","href":"https:\/\/api.w.org\/{rel}","templated":true}]}}