{"id":1039,"date":"2012-03-25T00:00:00","date_gmt":"2012-03-25T00:00:00","guid":{"rendered":"http:\/\/psol50.org.br\/arquivo\/2012\/03\/25\/mlst-denuncia-o-assassinato-de-tres-liderancas-no-triangulo-mineiro\/"},"modified":"2012-03-25T00:00:00","modified_gmt":"2012-03-25T00:00:00","slug":"mlst-denuncia-o-assassinato-de-tres-liderancas-no-triangulo-mineiro","status":"publish","type":"post","link":"https:\/\/psol50.org.br\/mlst-denuncia-o-assassinato-de-tres-liderancas-no-triangulo-mineiro\/","title":{"rendered":"MLST denuncia o assassinato de tr\u00eas lideran\u00e7as no tri\u00e2ngulo mineiro"},"content":{"rendered":"<p style=\"text-align: justify\"><a href=\"http:\/\/psol50.org.br\/blog\/2012\/03\/25\/mlst-denuncia-o-assassinato-de-tres-liderancas-no-triangulo-mineiro\/bandeira-mlst\/\" rel=\"attachment wp-att-14615\"><img loading=\"lazy\" decoding=\"async\" class=\"alignleft size-full wp-image-14615\" src=\"http:\/\/psol50.org.br\/files\/2012\/03\/Bandeira-MLST.jpg\" alt=\"\" width=\"330\" height=\"313\" \/><\/a>Ontem (dia 23) os companheiros <em><strong>Valdir Dias Ferreira, 40 anos e Milton Santos Nunes da Silva, 52 e a companheira Clestina Leonor Sales Nunes, 48, membros da Coordena\u00e7\u00e3o Estadual do MLST no Estado de Minas Gerais, foram executados na rodovia MGC-455, a dois quil\u00f4metros de Miraporanga, distrito de Uberl\u00e2ndia.<\/strong><\/em> O b\u00e1rbaro crime aconteceu na presen\u00e7a de uma crian\u00e7a de cinco anos.<\/p>\n<p style=\"text-align: justify\">Os companheiros e a companheira eram acampados na Fazenda S\u00e3o Jos\u00e9 dos Cravos, no munic\u00edpio do Prata, Triangulo Mineiro\/MG. A Usina Vale do Tijuco (com sede na cidade de Ribeir\u00e3o Preto\/SP) entrou com pedido de reintegra\u00e7\u00e3o de posse apenas com um contrato de arrendamento. Diversas usinas vem implementando na regi\u00e3o o monocultivo da cana de a\u00e7\u00facar, trabalho degradante e o uso intensivo de agrot\u00f3xico e destrui\u00e7\u00e3o do meio ambiente.<\/p>\n<p style=\"text-align: justify\">Essa \u00e1rea foi objeto de audi\u00eancia no \u00faltimo dia 8 de mar\u00e7o de 2012, n\u00e3o havendo acordo entre as partes. Dezesseis dias depois da Audi\u00eancia as tr\u00eas lideran\u00e7as que tinham uma expressiva atua\u00e7\u00e3o na luta pela terra na regi\u00e3o e eram coordenadoras do acampamento foram assassinadas.<\/p>\n<p style=\"text-align: justify\">Trata-se de mais um crime agr\u00e1rio, executado pelo t\u00e3o endeusado Agroneg\u00f3cio onde a vida e o direito de ir e vir n\u00e3o s\u00e3o respeitados. A impunidade e a aus\u00eancia do Estado de Direito na regi\u00e3o vem causando o aumento da viol\u00eancia e da tens\u00e3o social.<\/p>\n<p style=\"text-align: justify\">Os nomes dos companheiros Ismael Costa, Robson dos Santos Guedes e Vander Nogueira Monteiro est\u00e3o na lista de morte. Solicitamos imediatamente do Governo do Estado de Minas Gerais e da Pol\u00edtica Federal prote\u00e7\u00e3o \u00e0s lideran\u00e7as amea\u00e7adas. N\u00e3o podemos mais ficar chorando a perda de pessoas, a obriga\u00e7\u00e3o do Estado \u00e9 garantir o direito a vida de sua popula\u00e7\u00e3o, independente de classe social, cor e ra\u00e7a.<\/p>\n<p style=\"text-align: justify\">Por tudo isso, O MLST reivindica aos Governos Federal e Estadual a constitui\u00e7\u00e3o imediata de uma For\u00e7a Tarefa na regi\u00e3o do Triangulo Mineiro com a participa\u00e7\u00e3o efetiva da Ouvidoria Agr\u00e1ria Nacional do MDA, INCRA, Secretaria Especial de Direitos Humanos, Secretaria da Presid\u00eancia da Rep\u00fablica, Minist\u00e9rio da Justi\u00e7a, Pol\u00edcia Federal e o Promotor Agr\u00e1rio de Minas Gerais, Dr. Afonso Henrique.<\/p>\n<p style=\"text-align: justify\">Reivindicamos o assentamento imediato das fam\u00edlias acampadas na regi\u00e3o do Triangulo Mineiro.<\/p>\n<p style=\"text-align: justify\">Por fim, exigimos a pris\u00e3o imediata dos fazendeiros mentores intelectuais dos assassinatos, bem como dos executores. Basta de Impunidade. Basta de Viol\u00eancia.<\/p>\n<p style=\"text-align: justify\">O MLST presta sua \u00faltima homenagem aos tr\u00eas dirigentes do Movimento no Triangulo Mineiro, clama por justi\u00e7a e reafirma seu compromisso na luta pela democratiza\u00e7\u00e3o da terra para construir um Pa\u00eds mais justo e igualit\u00e1rio.<\/p>\n<p style=\"text-align: justify\"><em><strong>Viva Clestina Leonor Sales Nunes!<\/strong><\/em><\/p>\n<p style=\"text-align: justify\"><em><strong>Viva Valdir Dias Ferreira!<\/strong><\/em><\/p>\n<p style=\"text-align: justify\"><em><strong>Viva Milton Santos Nunes da Silva!<\/strong><\/em><\/p>\n<p style=\"text-align: justify\">Uberl\u00e2ndia, 24 de mar\u00e7o de 2012<\/p>\n<p style=\"text-align: justify\"><strong>Coordena\u00e7\u00e3o Nacional do MLST<\/strong><strong><\/strong><\/p>\n","protected":false},"excerpt":{"rendered":"<p>Ontem (dia 23) os companheiros Valdir Dias Ferreira, 40 anos e Milton Santos Nunes da Silva, 52 e a companheira Clestina Leonor Sales Nunes, 48, membros da Coordena\u00e7\u00e3o Estadual do MLST no Estado de Minas Gerais, foram executados na rodovia MGC-455, a dois quil\u00f4metros de Miraporanga, distrito de Uberl\u00e2ndia. O b\u00e1rbaro crime aconteceu na presen\u00e7a [&hellip;]<\/p>\n","protected":false},"author":2,"featured_media":0,"comment_status":"open","ping_status":"open","sticky":false,"template":"","format":"standard","meta":{"_acf_changed":false,"footnotes":""},"categories":[4766],"tags":[],"class_list":{"0":"post-1039","1":"post","2":"type-post","3":"status-publish","4":"format-standard","6":"category-arquivo"},"acf":[],"yoast_head":"<!-- This site is optimized with the Yoast SEO plugin v26.5 - https:\/\/yoast.com\/wordpress\/plugins\/seo\/ -->\n<title>MLST denuncia o assassinato de tr\u00eas lideran\u00e7as no tri\u00e2ngulo mineiro - PSOL 50<\/title>\n<meta name=\"robots\" content=\"index, follow, max-snippet:-1, max-image-preview:large, max-video-preview:-1\" \/>\n<link rel=\"canonical\" href=\"https:\/\/psol50.org.br\/mlst-denuncia-o-assassinato-de-tres-liderancas-no-triangulo-mineiro\/\" \/>\n<meta property=\"og:locale\" content=\"pt_BR\" \/>\n<meta property=\"og:type\" content=\"article\" \/>\n<meta property=\"og:title\" content=\"MLST denuncia o assassinato de tr\u00eas lideran\u00e7as no tri\u00e2ngulo mineiro - PSOL 50\" \/>\n<meta property=\"og:description\" content=\"Ontem (dia 23) os companheiros Valdir Dias Ferreira, 40 anos e Milton Santos Nunes da Silva, 52 e a companheira Clestina Leonor Sales Nunes, 48, membros da Coordena\u00e7\u00e3o Estadual do MLST no Estado de Minas Gerais, foram executados na rodovia MGC-455, a dois quil\u00f4metros de Miraporanga, distrito de Uberl\u00e2ndia. O b\u00e1rbaro crime aconteceu na presen\u00e7a [&hellip;]\" \/>\n<meta property=\"og:url\" content=\"https:\/\/psol50.org.br\/mlst-denuncia-o-assassinato-de-tres-liderancas-no-triangulo-mineiro\/\" \/>\n<meta property=\"og:site_name\" content=\"PSOL 50\" \/>\n<meta property=\"article:publisher\" content=\"https:\/\/www.facebook.com\/psol50\" \/>\n<meta property=\"article:published_time\" content=\"2012-03-25T00:00:00+00:00\" \/>\n<meta property=\"og:image\" content=\"http:\/\/psol50.org.br\/files\/2012\/03\/Bandeira-MLST.jpg\" \/>\n<meta name=\"author\" content=\"Comunica\u00e7\u00e3o PSOL\" \/>\n<meta name=\"twitter:card\" content=\"summary_large_image\" \/>\n<meta name=\"twitter:creator\" content=\"@psol50\" \/>\n<meta name=\"twitter:site\" content=\"@psol50\" \/>\n<meta name=\"twitter:label1\" content=\"Escrito por\" \/>\n\t<meta name=\"twitter:data1\" content=\"Comunica\u00e7\u00e3o PSOL\" \/>\n\t<meta name=\"twitter:label2\" content=\"Est. tempo de leitura\" \/>\n\t<meta name=\"twitter:data2\" content=\"2 minutos\" \/>\n<script type=\"application\/ld+json\" class=\"yoast-schema-graph\">{\"@context\":\"https:\/\/schema.org\",\"@graph\":[{\"@type\":\"Article\",\"@id\":\"https:\/\/psol50.org.br\/mlst-denuncia-o-assassinato-de-tres-liderancas-no-triangulo-mineiro\/#article\",\"isPartOf\":{\"@id\":\"https:\/\/psol50.org.br\/mlst-denuncia-o-assassinato-de-tres-liderancas-no-triangulo-mineiro\/\"},\"author\":{\"name\":\"Comunica\u00e7\u00e3o PSOL\",\"@id\":\"https:\/\/psol50.org.br\/#\/schema\/person\/475dfa57d0b815993c714c2e96491fcd\"},\"headline\":\"MLST denuncia o assassinato de tr\u00eas lideran\u00e7as no tri\u00e2ngulo mineiro\",\"datePublished\":\"2012-03-25T00:00:00+00:00\",\"mainEntityOfPage\":{\"@id\":\"https:\/\/psol50.org.br\/mlst-denuncia-o-assassinato-de-tres-liderancas-no-triangulo-mineiro\/\"},\"wordCount\":508,\"commentCount\":0,\"publisher\":{\"@id\":\"https:\/\/psol50.org.br\/#organization\"},\"image\":{\"@id\":\"https:\/\/psol50.org.br\/mlst-denuncia-o-assassinato-de-tres-liderancas-no-triangulo-mineiro\/#primaryimage\"},\"thumbnailUrl\":\"http:\/\/psol50.org.br\/files\/2012\/03\/Bandeira-MLST.jpg\",\"articleSection\":[\"Arquivo\"],\"inLanguage\":\"pt-BR\",\"potentialAction\":[{\"@type\":\"CommentAction\",\"name\":\"Comment\",\"target\":[\"https:\/\/psol50.org.br\/mlst-denuncia-o-assassinato-de-tres-liderancas-no-triangulo-mineiro\/#respond\"]}]},{\"@type\":\"WebPage\",\"@id\":\"https:\/\/psol50.org.br\/mlst-denuncia-o-assassinato-de-tres-liderancas-no-triangulo-mineiro\/\",\"url\":\"https:\/\/psol50.org.br\/mlst-denuncia-o-assassinato-de-tres-liderancas-no-triangulo-mineiro\/\",\"name\":\"MLST denuncia o assassinato de tr\u00eas lideran\u00e7as no tri\u00e2ngulo mineiro - PSOL 50\",\"isPartOf\":{\"@id\":\"https:\/\/psol50.org.br\/#website\"},\"primaryImageOfPage\":{\"@id\":\"https:\/\/psol50.org.br\/mlst-denuncia-o-assassinato-de-tres-liderancas-no-triangulo-mineiro\/#primaryimage\"},\"image\":{\"@id\":\"https:\/\/psol50.org.br\/mlst-denuncia-o-assassinato-de-tres-liderancas-no-triangulo-mineiro\/#primaryimage\"},\"thumbnailUrl\":\"http:\/\/psol50.org.br\/files\/2012\/03\/Bandeira-MLST.jpg\",\"datePublished\":\"2012-03-25T00:00:00+00:00\",\"breadcrumb\":{\"@id\":\"https:\/\/psol50.org.br\/mlst-denuncia-o-assassinato-de-tres-liderancas-no-triangulo-mineiro\/#breadcrumb\"},\"inLanguage\":\"pt-BR\",\"potentialAction\":[{\"@type\":\"ReadAction\",\"target\":[\"https:\/\/psol50.org.br\/mlst-denuncia-o-assassinato-de-tres-liderancas-no-triangulo-mineiro\/\"]}]},{\"@type\":\"ImageObject\",\"inLanguage\":\"pt-BR\",\"@id\":\"https:\/\/psol50.org.br\/mlst-denuncia-o-assassinato-de-tres-liderancas-no-triangulo-mineiro\/#primaryimage\",\"url\":\"http:\/\/psol50.org.br\/files\/2012\/03\/Bandeira-MLST.jpg\",\"contentUrl\":\"http:\/\/psol50.org.br\/files\/2012\/03\/Bandeira-MLST.jpg\"},{\"@type\":\"BreadcrumbList\",\"@id\":\"https:\/\/psol50.org.br\/mlst-denuncia-o-assassinato-de-tres-liderancas-no-triangulo-mineiro\/#breadcrumb\",\"itemListElement\":[{\"@type\":\"ListItem\",\"position\":1,\"name\":\"In\u00edcio\",\"item\":\"https:\/\/psol50.org.br\/\"},{\"@type\":\"ListItem\",\"position\":2,\"name\":\"MLST denuncia o assassinato de tr\u00eas lideran\u00e7as no tri\u00e2ngulo mineiro\"}]},{\"@type\":\"WebSite\",\"@id\":\"https:\/\/psol50.org.br\/#website\",\"url\":\"https:\/\/psol50.org.br\/\",\"name\":\"PSOL 50\",\"description\":\"Site oficial do Partido Socialismo e Liberdade\",\"publisher\":{\"@id\":\"https:\/\/psol50.org.br\/#organization\"},\"alternateName\":\"PSOL50\",\"potentialAction\":[{\"@type\":\"SearchAction\",\"target\":{\"@type\":\"EntryPoint\",\"urlTemplate\":\"https:\/\/psol50.org.br\/?s={search_term_string}\"},\"query-input\":{\"@type\":\"PropertyValueSpecification\",\"valueRequired\":true,\"valueName\":\"search_term_string\"}}],\"inLanguage\":\"pt-BR\"},{\"@type\":\"Organization\",\"@id\":\"https:\/\/psol50.org.br\/#organization\",\"name\":\"PSOL 50\",\"alternateName\":\"PSOL 50\",\"url\":\"https:\/\/psol50.org.br\/\",\"logo\":{\"@type\":\"ImageObject\",\"inLanguage\":\"pt-BR\",\"@id\":\"https:\/\/psol50.org.br\/#\/schema\/logo\/image\/\",\"url\":\"https:\/\/psol50.org.br\/inc\/uploads\/2018\/07\/capa.png\",\"contentUrl\":\"https:\/\/psol50.org.br\/inc\/uploads\/2018\/07\/capa.png\",\"width\":1350,\"height\":900,\"caption\":\"PSOL 50\"},\"image\":{\"@id\":\"https:\/\/psol50.org.br\/#\/schema\/logo\/image\/\"},\"sameAs\":[\"https:\/\/www.facebook.com\/psol50\",\"https:\/\/x.com\/psol50\",\"https:\/\/www.instagram.com\/psol50\/\",\"https:\/\/www.youtube.com\/channel\/UC7SnJS5o1os7a6CaiNabzcg\"]},{\"@type\":\"Person\",\"@id\":\"https:\/\/psol50.org.br\/#\/schema\/person\/475dfa57d0b815993c714c2e96491fcd\",\"name\":\"Comunica\u00e7\u00e3o PSOL\",\"image\":{\"@type\":\"ImageObject\",\"inLanguage\":\"pt-BR\",\"@id\":\"https:\/\/psol50.org.br\/#\/schema\/person\/image\/\",\"url\":\"https:\/\/secure.gravatar.com\/avatar\/b34fc4f4e468a4e51785917065a3db57b841f5c95dba6ad8c73aaf8f66f8f9bf?s=96&d=mm&r=g\",\"contentUrl\":\"https:\/\/secure.gravatar.com\/avatar\/b34fc4f4e468a4e51785917065a3db57b841f5c95dba6ad8c73aaf8f66f8f9bf?s=96&d=mm&r=g\",\"caption\":\"Comunica\u00e7\u00e3o PSOL\"}}]}<\/script>\n<!-- \/ Yoast SEO plugin. -->","yoast_head_json":{"title":"MLST denuncia o assassinato de tr\u00eas lideran\u00e7as no tri\u00e2ngulo mineiro - PSOL 50","robots":{"index":"index","follow":"follow","max-snippet":"max-snippet:-1","max-image-preview":"max-image-preview:large","max-video-preview":"max-video-preview:-1"},"canonical":"https:\/\/psol50.org.br\/mlst-denuncia-o-assassinato-de-tres-liderancas-no-triangulo-mineiro\/","og_locale":"pt_BR","og_type":"article","og_title":"MLST denuncia o assassinato de tr\u00eas lideran\u00e7as no tri\u00e2ngulo mineiro - PSOL 50","og_description":"Ontem (dia 23) os companheiros Valdir Dias Ferreira, 40 anos e Milton Santos Nunes da Silva, 52 e a companheira Clestina Leonor Sales Nunes, 48, membros da Coordena\u00e7\u00e3o Estadual do MLST no Estado de Minas Gerais, foram executados na rodovia MGC-455, a dois quil\u00f4metros de Miraporanga, distrito de Uberl\u00e2ndia. O b\u00e1rbaro crime aconteceu na presen\u00e7a [&hellip;]","og_url":"https:\/\/psol50.org.br\/mlst-denuncia-o-assassinato-de-tres-liderancas-no-triangulo-mineiro\/","og_site_name":"PSOL 50","article_publisher":"https:\/\/www.facebook.com\/psol50","article_published_time":"2012-03-25T00:00:00+00:00","og_image":[{"url":"http:\/\/psol50.org.br\/files\/2012\/03\/Bandeira-MLST.jpg","type":"","width":"","height":""}],"author":"Comunica\u00e7\u00e3o PSOL","twitter_card":"summary_large_image","twitter_creator":"@psol50","twitter_site":"@psol50","twitter_misc":{"Escrito por":"Comunica\u00e7\u00e3o PSOL","Est. tempo de leitura":"2 minutos"},"schema":{"@context":"https:\/\/schema.org","@graph":[{"@type":"Article","@id":"https:\/\/psol50.org.br\/mlst-denuncia-o-assassinato-de-tres-liderancas-no-triangulo-mineiro\/#article","isPartOf":{"@id":"https:\/\/psol50.org.br\/mlst-denuncia-o-assassinato-de-tres-liderancas-no-triangulo-mineiro\/"},"author":{"name":"Comunica\u00e7\u00e3o PSOL","@id":"https:\/\/psol50.org.br\/#\/schema\/person\/475dfa57d0b815993c714c2e96491fcd"},"headline":"MLST denuncia o assassinato de tr\u00eas lideran\u00e7as no tri\u00e2ngulo mineiro","datePublished":"2012-03-25T00:00:00+00:00","mainEntityOfPage":{"@id":"https:\/\/psol50.org.br\/mlst-denuncia-o-assassinato-de-tres-liderancas-no-triangulo-mineiro\/"},"wordCount":508,"commentCount":0,"publisher":{"@id":"https:\/\/psol50.org.br\/#organization"},"image":{"@id":"https:\/\/psol50.org.br\/mlst-denuncia-o-assassinato-de-tres-liderancas-no-triangulo-mineiro\/#primaryimage"},"thumbnailUrl":"http:\/\/psol50.org.br\/files\/2012\/03\/Bandeira-MLST.jpg","articleSection":["Arquivo"],"inLanguage":"pt-BR","potentialAction":[{"@type":"CommentAction","name":"Comment","target":["https:\/\/psol50.org.br\/mlst-denuncia-o-assassinato-de-tres-liderancas-no-triangulo-mineiro\/#respond"]}]},{"@type":"WebPage","@id":"https:\/\/psol50.org.br\/mlst-denuncia-o-assassinato-de-tres-liderancas-no-triangulo-mineiro\/","url":"https:\/\/psol50.org.br\/mlst-denuncia-o-assassinato-de-tres-liderancas-no-triangulo-mineiro\/","name":"MLST denuncia o assassinato de tr\u00eas lideran\u00e7as no tri\u00e2ngulo mineiro - PSOL 50","isPartOf":{"@id":"https:\/\/psol50.org.br\/#website"},"primaryImageOfPage":{"@id":"https:\/\/psol50.org.br\/mlst-denuncia-o-assassinato-de-tres-liderancas-no-triangulo-mineiro\/#primaryimage"},"image":{"@id":"https:\/\/psol50.org.br\/mlst-denuncia-o-assassinato-de-tres-liderancas-no-triangulo-mineiro\/#primaryimage"},"thumbnailUrl":"http:\/\/psol50.org.br\/files\/2012\/03\/Bandeira-MLST.jpg","datePublished":"2012-03-25T00:00:00+00:00","breadcrumb":{"@id":"https:\/\/psol50.org.br\/mlst-denuncia-o-assassinato-de-tres-liderancas-no-triangulo-mineiro\/#breadcrumb"},"inLanguage":"pt-BR","potentialAction":[{"@type":"ReadAction","target":["https:\/\/psol50.org.br\/mlst-denuncia-o-assassinato-de-tres-liderancas-no-triangulo-mineiro\/"]}]},{"@type":"ImageObject","inLanguage":"pt-BR","@id":"https:\/\/psol50.org.br\/mlst-denuncia-o-assassinato-de-tres-liderancas-no-triangulo-mineiro\/#primaryimage","url":"http:\/\/psol50.org.br\/files\/2012\/03\/Bandeira-MLST.jpg","contentUrl":"http:\/\/psol50.org.br\/files\/2012\/03\/Bandeira-MLST.jpg"},{"@type":"BreadcrumbList","@id":"https:\/\/psol50.org.br\/mlst-denuncia-o-assassinato-de-tres-liderancas-no-triangulo-mineiro\/#breadcrumb","itemListElement":[{"@type":"ListItem","position":1,"name":"In\u00edcio","item":"https:\/\/psol50.org.br\/"},{"@type":"ListItem","position":2,"name":"MLST denuncia o assassinato de tr\u00eas lideran\u00e7as no tri\u00e2ngulo mineiro"}]},{"@type":"WebSite","@id":"https:\/\/psol50.org.br\/#website","url":"https:\/\/psol50.org.br\/","name":"PSOL 50","description":"Site oficial do Partido Socialismo e Liberdade","publisher":{"@id":"https:\/\/psol50.org.br\/#organization"},"alternateName":"PSOL50","potentialAction":[{"@type":"SearchAction","target":{"@type":"EntryPoint","urlTemplate":"https:\/\/psol50.org.br\/?s={search_term_string}"},"query-input":{"@type":"PropertyValueSpecification","valueRequired":true,"valueName":"search_term_string"}}],"inLanguage":"pt-BR"},{"@type":"Organization","@id":"https:\/\/psol50.org.br\/#organization","name":"PSOL 50","alternateName":"PSOL 50","url":"https:\/\/psol50.org.br\/","logo":{"@type":"ImageObject","inLanguage":"pt-BR","@id":"https:\/\/psol50.org.br\/#\/schema\/logo\/image\/","url":"https:\/\/psol50.org.br\/inc\/uploads\/2018\/07\/capa.png","contentUrl":"https:\/\/psol50.org.br\/inc\/uploads\/2018\/07\/capa.png","width":1350,"height":900,"caption":"PSOL 50"},"image":{"@id":"https:\/\/psol50.org.br\/#\/schema\/logo\/image\/"},"sameAs":["https:\/\/www.facebook.com\/psol50","https:\/\/x.com\/psol50","https:\/\/www.instagram.com\/psol50\/","https:\/\/www.youtube.com\/channel\/UC7SnJS5o1os7a6CaiNabzcg"]},{"@type":"Person","@id":"https:\/\/psol50.org.br\/#\/schema\/person\/475dfa57d0b815993c714c2e96491fcd","name":"Comunica\u00e7\u00e3o PSOL","image":{"@type":"ImageObject","inLanguage":"pt-BR","@id":"https:\/\/psol50.org.br\/#\/schema\/person\/image\/","url":"https:\/\/secure.gravatar.com\/avatar\/b34fc4f4e468a4e51785917065a3db57b841f5c95dba6ad8c73aaf8f66f8f9bf?s=96&d=mm&r=g","contentUrl":"https:\/\/secure.gravatar.com\/avatar\/b34fc4f4e468a4e51785917065a3db57b841f5c95dba6ad8c73aaf8f66f8f9bf?s=96&d=mm&r=g","caption":"Comunica\u00e7\u00e3o PSOL"}}]}},"_links":{"self":[{"href":"https:\/\/psol50.org.br\/rest\/wp\/v2\/posts\/1039","targetHints":{"allow":["GET"]}}],"collection":[{"href":"https:\/\/psol50.org.br\/rest\/wp\/v2\/posts"}],"about":[{"href":"https:\/\/psol50.org.br\/rest\/wp\/v2\/types\/post"}],"author":[{"embeddable":true,"href":"https:\/\/psol50.org.br\/rest\/wp\/v2\/users\/2"}],"replies":[{"embeddable":true,"href":"https:\/\/psol50.org.br\/rest\/wp\/v2\/comments?post=1039"}],"version-history":[{"count":0,"href":"https:\/\/psol50.org.br\/rest\/wp\/v2\/posts\/1039\/revisions"}],"wp:attachment":[{"href":"https:\/\/psol50.org.br\/rest\/wp\/v2\/media?parent=1039"}],"wp:term":[{"taxonomy":"category","embeddable":true,"href":"https:\/\/psol50.org.br\/rest\/wp\/v2\/categories?post=1039"},{"taxonomy":"post_tag","embeddable":true,"href":"https:\/\/psol50.org.br\/rest\/wp\/v2\/tags?post=1039"}],"curies":[{"name":"wp","href":"https:\/\/api.w.org\/{rel}","templated":true}]}}