{"id":10406,"date":"2015-10-28T17:39:47","date_gmt":"2015-10-28T17:39:47","guid":{"rendered":"http:\/\/www.psol50.org.br\/?p=10406"},"modified":"2015-10-28T17:39:47","modified_gmt":"2015-10-28T17:39:47","slug":"deputados-do-psol-abandonam-plenario-durante-votacao-da-pec-215","status":"publish","type":"post","link":"https:\/\/psol50.org.br\/deputados-do-psol-abandonam-plenario-durante-votacao-da-pec-215\/","title":{"rendered":"Deputados do PSOL abandonam plen\u00e1rio na vota\u00e7\u00e3o da PEC 215"},"content":{"rendered":"<p><em>Parlamentares da bancada indigenista protestaram e se recusaram a votar proposta que destr\u00f3i direitos de povos origin\u00e1rios<br \/>\n<\/em><br \/>\nA vota\u00e7\u00e3o do relat\u00f3rio da Proposta de Emenda \u00e0 Constitui\u00e7\u00e3o (PEC) 215\/2000, que prev\u00ea a transfer\u00eancia da prerrogativa de demarca\u00e7\u00e3o de terras ind\u00edgenas e quilombolas do Poder Executivo para o Legislativo, aconteceu na noite desta ter\u00e7a-feira (27\/10). O texto foi aprovado com 21 votos favor\u00e1veis da bancada ruralista. Antes, toda a bancada indigenista deixou o plen\u00e1rio como forma de protesto.<br \/>\nOs parlamentares contr\u00e1rios \u00e0 PEC foram recebidos com aplausos pelas lideran\u00e7as ind\u00edgenas e quilombolas que estavam nos corredores, impedidos de acessar o plen\u00e1rio e participar da vota\u00e7\u00e3o. Ainda que a aprova\u00e7\u00e3o do relat\u00f3rio tenha representado uma derrota, os deputados e lideran\u00e7as caminharam entoando tor\u00e9s pela Casa como forma de celebrar a resist\u00eancia.<br \/>\n&#8220;Fomos coerentes com as organiza\u00e7\u00f5es ind\u00edgenas e entidades da sociedade civil apoiadoras da causa ind\u00edgena que decidiram n\u00e3o legitimar a comiss\u00e3o especial da PEC 215, a PEC do retrocesso e do exterm\u00ednio. Ter participado ao longo de dez meses permitiu travar o bom combate contra a bancada ruralista e seus prepostos, incluindo financiadores de campanha, que investiram vultosos recursos para ver aprovada a PEC 215. Retirar-se ap\u00f3s esse per\u00edodo do combate ao atraso e \u00e0 viol\u00eancia confirma nosso compromisso com os povos ind\u00edgenas brasileiros que desde o in\u00edcio tiveram a consci\u00eancia do teor genocida dessa proposta e da necessidade de boicota-la&#8221;, declarou o deputado Edmilson Rodrigues (PA), um dos que se retiraram.<br \/>\nEdmilson e o companheiro de partido, o deputado Glauber Braga (RJ), prometem insistir na defesa dos direitos ind\u00edgenas, contra a PEC. O relat\u00f3rio deve ser encaminhado ao plen\u00e1rio. &#8220;A luta est\u00e1 apenas em sua primeira fase. Usaremos de todos os recursos legislativos e judici\u00e1rios para provar que a bancada ruralista, ainda que muito poderosa, n\u00e3o tem o poder para destruir os direitos origin\u00e1rios dos povos ind\u00edgenas, direitos de quilombolas \u00e0s suas terras ancestrais e a soberania territorial de nosso pa\u00eds&#8221;, afirmou Glauber, indicando a disposi\u00e7\u00e3o em continuar a briga contra os ruralistas.<br \/>\nDesde a \u00faltima semana, quando come\u00e7aram os debates para vota\u00e7\u00e3o, deputados contr\u00e1rios ao relat\u00f3rio tentaram adiar a vota\u00e7\u00e3o e buscar um consenso. No entanto, a bancada ruralista n\u00e3o apresentou alguma abertura para isso. O deputado Edmilson foi um dos parlamentares a criticar o relat\u00f3rio. &#8220;\u00c9 preciso deixar claro o que pretendem os favor\u00e1veis \u00e0 PEC. Pretendem que os 228 processos de reconhecimento de terras ind\u00edgenas, que atualmente s\u00e3o desenvolvidos, sejam sepultados. Pretendem que os 144 processos sub j\u00fadice sejam engavetados pela justi\u00e7a. Que os 1611 processos pendentes relacionados a terras quilombolas seriam jogados no lixo da hist\u00f3ria&#8221;.<br \/>\nFonte: <em>Mandato deputado Edmilson Rodrigues<\/em><br \/>\n&nbsp;<\/p>\n","protected":false},"excerpt":{"rendered":"<p>Parlamentares da bancada indigenista protestaram e se recusaram a votar proposta que destr\u00f3i direitos de povos origin\u00e1rios A vota\u00e7\u00e3o do relat\u00f3rio da Proposta de Emenda \u00e0 Constitui\u00e7\u00e3o (PEC) 215\/2000, que prev\u00ea a transfer\u00eancia da prerrogativa de demarca\u00e7\u00e3o de terras ind\u00edgenas e quilombolas do Poder Executivo para o Legislativo, aconteceu na noite desta ter\u00e7a-feira (27\/10). O [&hellip;]<\/p>\n","protected":false},"author":2,"featured_media":10407,"comment_status":"open","ping_status":"open","sticky":false,"template":"","format":"standard","meta":{"_acf_changed":false,"footnotes":""},"categories":[10,1882,6,14],"tags":[],"class_list":{"0":"post-10406","1":"post","2":"type-post","3":"status-publish","4":"format-standard","5":"has-post-thumbnail","7":"category-acao-parlamentares","8":"category-brasil","9":"category-noticias","10":"category-partido"},"acf":[],"yoast_head":"<!-- This site is optimized with the Yoast SEO plugin v26.5 - https:\/\/yoast.com\/wordpress\/plugins\/seo\/ -->\n<title>Deputados do PSOL abandonam plen\u00e1rio na vota\u00e7\u00e3o da PEC 215 - PSOL 50<\/title>\n<meta name=\"robots\" content=\"index, follow, max-snippet:-1, max-image-preview:large, max-video-preview:-1\" \/>\n<link rel=\"canonical\" href=\"https:\/\/psol50.org.br\/deputados-do-psol-abandonam-plenario-durante-votacao-da-pec-215\/\" \/>\n<meta property=\"og:locale\" content=\"pt_BR\" \/>\n<meta property=\"og:type\" content=\"article\" \/>\n<meta property=\"og:title\" content=\"Deputados do PSOL abandonam plen\u00e1rio na vota\u00e7\u00e3o da PEC 215 - PSOL 50\" \/>\n<meta property=\"og:description\" content=\"Parlamentares da bancada indigenista protestaram e se recusaram a votar proposta que destr\u00f3i direitos de povos origin\u00e1rios A vota\u00e7\u00e3o do relat\u00f3rio da Proposta de Emenda \u00e0 Constitui\u00e7\u00e3o (PEC) 215\/2000, que prev\u00ea a transfer\u00eancia da prerrogativa de demarca\u00e7\u00e3o de terras ind\u00edgenas e quilombolas do Poder Executivo para o Legislativo, aconteceu na noite desta ter\u00e7a-feira (27\/10). O [&hellip;]\" \/>\n<meta property=\"og:url\" content=\"https:\/\/psol50.org.br\/deputados-do-psol-abandonam-plenario-durante-votacao-da-pec-215\/\" \/>\n<meta property=\"og:site_name\" content=\"PSOL 50\" \/>\n<meta property=\"article:publisher\" content=\"https:\/\/www.facebook.com\/psol50\" \/>\n<meta property=\"article:published_time\" content=\"2015-10-28T17:39:47+00:00\" \/>\n<meta property=\"og:image\" content=\"https:\/\/psol50.org.br\/inc\/uploads\/2015\/10\/Glauber-e-Edmilson-votacao-PEC-215-e1448897161615.jpg\" \/>\n\t<meta property=\"og:image:width\" content=\"1000\" \/>\n\t<meta property=\"og:image:height\" content=\"667\" \/>\n\t<meta property=\"og:image:type\" content=\"image\/jpeg\" \/>\n<meta name=\"author\" content=\"Comunica\u00e7\u00e3o PSOL\" \/>\n<meta name=\"twitter:card\" content=\"summary_large_image\" \/>\n<meta name=\"twitter:creator\" content=\"@psol50\" \/>\n<meta name=\"twitter:site\" content=\"@psol50\" \/>\n<meta name=\"twitter:label1\" content=\"Escrito por\" \/>\n\t<meta name=\"twitter:data1\" content=\"Comunica\u00e7\u00e3o PSOL\" \/>\n\t<meta name=\"twitter:label2\" content=\"Est. tempo de leitura\" \/>\n\t<meta name=\"twitter:data2\" content=\"2 minutos\" \/>\n<script type=\"application\/ld+json\" class=\"yoast-schema-graph\">{\"@context\":\"https:\/\/schema.org\",\"@graph\":[{\"@type\":\"Article\",\"@id\":\"https:\/\/psol50.org.br\/deputados-do-psol-abandonam-plenario-durante-votacao-da-pec-215\/#article\",\"isPartOf\":{\"@id\":\"https:\/\/psol50.org.br\/deputados-do-psol-abandonam-plenario-durante-votacao-da-pec-215\/\"},\"author\":{\"name\":\"Comunica\u00e7\u00e3o PSOL\",\"@id\":\"https:\/\/psol50.org.br\/#\/schema\/person\/475dfa57d0b815993c714c2e96491fcd\"},\"headline\":\"Deputados do PSOL abandonam plen\u00e1rio na vota\u00e7\u00e3o da PEC 215\",\"datePublished\":\"2015-10-28T17:39:47+00:00\",\"mainEntityOfPage\":{\"@id\":\"https:\/\/psol50.org.br\/deputados-do-psol-abandonam-plenario-durante-votacao-da-pec-215\/\"},\"wordCount\":489,\"commentCount\":0,\"publisher\":{\"@id\":\"https:\/\/psol50.org.br\/#organization\"},\"image\":{\"@id\":\"https:\/\/psol50.org.br\/deputados-do-psol-abandonam-plenario-durante-votacao-da-pec-215\/#primaryimage\"},\"thumbnailUrl\":\"https:\/\/psol50.org.br\/inc\/uploads\/2015\/10\/Glauber-e-Edmilson-votacao-PEC-215-e1448897161615.jpg\",\"articleSection\":[\"A\u00e7\u00e3o Parlamentar\",\"Brasil\",\"Not\u00edcias\",\"Partido\"],\"inLanguage\":\"pt-BR\",\"potentialAction\":[{\"@type\":\"CommentAction\",\"name\":\"Comment\",\"target\":[\"https:\/\/psol50.org.br\/deputados-do-psol-abandonam-plenario-durante-votacao-da-pec-215\/#respond\"]}]},{\"@type\":\"WebPage\",\"@id\":\"https:\/\/psol50.org.br\/deputados-do-psol-abandonam-plenario-durante-votacao-da-pec-215\/\",\"url\":\"https:\/\/psol50.org.br\/deputados-do-psol-abandonam-plenario-durante-votacao-da-pec-215\/\",\"name\":\"Deputados do PSOL abandonam plen\u00e1rio na vota\u00e7\u00e3o da PEC 215 - PSOL 50\",\"isPartOf\":{\"@id\":\"https:\/\/psol50.org.br\/#website\"},\"primaryImageOfPage\":{\"@id\":\"https:\/\/psol50.org.br\/deputados-do-psol-abandonam-plenario-durante-votacao-da-pec-215\/#primaryimage\"},\"image\":{\"@id\":\"https:\/\/psol50.org.br\/deputados-do-psol-abandonam-plenario-durante-votacao-da-pec-215\/#primaryimage\"},\"thumbnailUrl\":\"https:\/\/psol50.org.br\/inc\/uploads\/2015\/10\/Glauber-e-Edmilson-votacao-PEC-215-e1448897161615.jpg\",\"datePublished\":\"2015-10-28T17:39:47+00:00\",\"breadcrumb\":{\"@id\":\"https:\/\/psol50.org.br\/deputados-do-psol-abandonam-plenario-durante-votacao-da-pec-215\/#breadcrumb\"},\"inLanguage\":\"pt-BR\",\"potentialAction\":[{\"@type\":\"ReadAction\",\"target\":[\"https:\/\/psol50.org.br\/deputados-do-psol-abandonam-plenario-durante-votacao-da-pec-215\/\"]}]},{\"@type\":\"ImageObject\",\"inLanguage\":\"pt-BR\",\"@id\":\"https:\/\/psol50.org.br\/deputados-do-psol-abandonam-plenario-durante-votacao-da-pec-215\/#primaryimage\",\"url\":\"https:\/\/psol50.org.br\/inc\/uploads\/2015\/10\/Glauber-e-Edmilson-votacao-PEC-215-e1448897161615.jpg\",\"contentUrl\":\"https:\/\/psol50.org.br\/inc\/uploads\/2015\/10\/Glauber-e-Edmilson-votacao-PEC-215-e1448897161615.jpg\",\"width\":1000,\"height\":667},{\"@type\":\"BreadcrumbList\",\"@id\":\"https:\/\/psol50.org.br\/deputados-do-psol-abandonam-plenario-durante-votacao-da-pec-215\/#breadcrumb\",\"itemListElement\":[{\"@type\":\"ListItem\",\"position\":1,\"name\":\"In\u00edcio\",\"item\":\"https:\/\/psol50.org.br\/\"},{\"@type\":\"ListItem\",\"position\":2,\"name\":\"Deputados do PSOL abandonam plen\u00e1rio na vota\u00e7\u00e3o da PEC 215\"}]},{\"@type\":\"WebSite\",\"@id\":\"https:\/\/psol50.org.br\/#website\",\"url\":\"https:\/\/psol50.org.br\/\",\"name\":\"PSOL 50\",\"description\":\"Site oficial do Partido Socialismo e Liberdade\",\"publisher\":{\"@id\":\"https:\/\/psol50.org.br\/#organization\"},\"alternateName\":\"PSOL50\",\"potentialAction\":[{\"@type\":\"SearchAction\",\"target\":{\"@type\":\"EntryPoint\",\"urlTemplate\":\"https:\/\/psol50.org.br\/?s={search_term_string}\"},\"query-input\":{\"@type\":\"PropertyValueSpecification\",\"valueRequired\":true,\"valueName\":\"search_term_string\"}}],\"inLanguage\":\"pt-BR\"},{\"@type\":\"Organization\",\"@id\":\"https:\/\/psol50.org.br\/#organization\",\"name\":\"PSOL 50\",\"alternateName\":\"PSOL 50\",\"url\":\"https:\/\/psol50.org.br\/\",\"logo\":{\"@type\":\"ImageObject\",\"inLanguage\":\"pt-BR\",\"@id\":\"https:\/\/psol50.org.br\/#\/schema\/logo\/image\/\",\"url\":\"https:\/\/psol50.org.br\/inc\/uploads\/2018\/07\/capa.png\",\"contentUrl\":\"https:\/\/psol50.org.br\/inc\/uploads\/2018\/07\/capa.png\",\"width\":1350,\"height\":900,\"caption\":\"PSOL 50\"},\"image\":{\"@id\":\"https:\/\/psol50.org.br\/#\/schema\/logo\/image\/\"},\"sameAs\":[\"https:\/\/www.facebook.com\/psol50\",\"https:\/\/x.com\/psol50\",\"https:\/\/www.instagram.com\/psol50\/\",\"https:\/\/www.youtube.com\/channel\/UC7SnJS5o1os7a6CaiNabzcg\"]},{\"@type\":\"Person\",\"@id\":\"https:\/\/psol50.org.br\/#\/schema\/person\/475dfa57d0b815993c714c2e96491fcd\",\"name\":\"Comunica\u00e7\u00e3o PSOL\",\"image\":{\"@type\":\"ImageObject\",\"inLanguage\":\"pt-BR\",\"@id\":\"https:\/\/psol50.org.br\/#\/schema\/person\/image\/\",\"url\":\"https:\/\/secure.gravatar.com\/avatar\/b34fc4f4e468a4e51785917065a3db57b841f5c95dba6ad8c73aaf8f66f8f9bf?s=96&d=mm&r=g\",\"contentUrl\":\"https:\/\/secure.gravatar.com\/avatar\/b34fc4f4e468a4e51785917065a3db57b841f5c95dba6ad8c73aaf8f66f8f9bf?s=96&d=mm&r=g\",\"caption\":\"Comunica\u00e7\u00e3o PSOL\"}}]}<\/script>\n<!-- \/ Yoast SEO plugin. -->","yoast_head_json":{"title":"Deputados do PSOL abandonam plen\u00e1rio na vota\u00e7\u00e3o da PEC 215 - PSOL 50","robots":{"index":"index","follow":"follow","max-snippet":"max-snippet:-1","max-image-preview":"max-image-preview:large","max-video-preview":"max-video-preview:-1"},"canonical":"https:\/\/psol50.org.br\/deputados-do-psol-abandonam-plenario-durante-votacao-da-pec-215\/","og_locale":"pt_BR","og_type":"article","og_title":"Deputados do PSOL abandonam plen\u00e1rio na vota\u00e7\u00e3o da PEC 215 - PSOL 50","og_description":"Parlamentares da bancada indigenista protestaram e se recusaram a votar proposta que destr\u00f3i direitos de povos origin\u00e1rios A vota\u00e7\u00e3o do relat\u00f3rio da Proposta de Emenda \u00e0 Constitui\u00e7\u00e3o (PEC) 215\/2000, que prev\u00ea a transfer\u00eancia da prerrogativa de demarca\u00e7\u00e3o de terras ind\u00edgenas e quilombolas do Poder Executivo para o Legislativo, aconteceu na noite desta ter\u00e7a-feira (27\/10). O [&hellip;]","og_url":"https:\/\/psol50.org.br\/deputados-do-psol-abandonam-plenario-durante-votacao-da-pec-215\/","og_site_name":"PSOL 50","article_publisher":"https:\/\/www.facebook.com\/psol50","article_published_time":"2015-10-28T17:39:47+00:00","og_image":[{"width":1000,"height":667,"url":"https:\/\/psol50.org.br\/inc\/uploads\/2015\/10\/Glauber-e-Edmilson-votacao-PEC-215-e1448897161615.jpg","type":"image\/jpeg"}],"author":"Comunica\u00e7\u00e3o PSOL","twitter_card":"summary_large_image","twitter_creator":"@psol50","twitter_site":"@psol50","twitter_misc":{"Escrito por":"Comunica\u00e7\u00e3o PSOL","Est. tempo de leitura":"2 minutos"},"schema":{"@context":"https:\/\/schema.org","@graph":[{"@type":"Article","@id":"https:\/\/psol50.org.br\/deputados-do-psol-abandonam-plenario-durante-votacao-da-pec-215\/#article","isPartOf":{"@id":"https:\/\/psol50.org.br\/deputados-do-psol-abandonam-plenario-durante-votacao-da-pec-215\/"},"author":{"name":"Comunica\u00e7\u00e3o PSOL","@id":"https:\/\/psol50.org.br\/#\/schema\/person\/475dfa57d0b815993c714c2e96491fcd"},"headline":"Deputados do PSOL abandonam plen\u00e1rio na vota\u00e7\u00e3o da PEC 215","datePublished":"2015-10-28T17:39:47+00:00","mainEntityOfPage":{"@id":"https:\/\/psol50.org.br\/deputados-do-psol-abandonam-plenario-durante-votacao-da-pec-215\/"},"wordCount":489,"commentCount":0,"publisher":{"@id":"https:\/\/psol50.org.br\/#organization"},"image":{"@id":"https:\/\/psol50.org.br\/deputados-do-psol-abandonam-plenario-durante-votacao-da-pec-215\/#primaryimage"},"thumbnailUrl":"https:\/\/psol50.org.br\/inc\/uploads\/2015\/10\/Glauber-e-Edmilson-votacao-PEC-215-e1448897161615.jpg","articleSection":["A\u00e7\u00e3o Parlamentar","Brasil","Not\u00edcias","Partido"],"inLanguage":"pt-BR","potentialAction":[{"@type":"CommentAction","name":"Comment","target":["https:\/\/psol50.org.br\/deputados-do-psol-abandonam-plenario-durante-votacao-da-pec-215\/#respond"]}]},{"@type":"WebPage","@id":"https:\/\/psol50.org.br\/deputados-do-psol-abandonam-plenario-durante-votacao-da-pec-215\/","url":"https:\/\/psol50.org.br\/deputados-do-psol-abandonam-plenario-durante-votacao-da-pec-215\/","name":"Deputados do PSOL abandonam plen\u00e1rio na vota\u00e7\u00e3o da PEC 215 - PSOL 50","isPartOf":{"@id":"https:\/\/psol50.org.br\/#website"},"primaryImageOfPage":{"@id":"https:\/\/psol50.org.br\/deputados-do-psol-abandonam-plenario-durante-votacao-da-pec-215\/#primaryimage"},"image":{"@id":"https:\/\/psol50.org.br\/deputados-do-psol-abandonam-plenario-durante-votacao-da-pec-215\/#primaryimage"},"thumbnailUrl":"https:\/\/psol50.org.br\/inc\/uploads\/2015\/10\/Glauber-e-Edmilson-votacao-PEC-215-e1448897161615.jpg","datePublished":"2015-10-28T17:39:47+00:00","breadcrumb":{"@id":"https:\/\/psol50.org.br\/deputados-do-psol-abandonam-plenario-durante-votacao-da-pec-215\/#breadcrumb"},"inLanguage":"pt-BR","potentialAction":[{"@type":"ReadAction","target":["https:\/\/psol50.org.br\/deputados-do-psol-abandonam-plenario-durante-votacao-da-pec-215\/"]}]},{"@type":"ImageObject","inLanguage":"pt-BR","@id":"https:\/\/psol50.org.br\/deputados-do-psol-abandonam-plenario-durante-votacao-da-pec-215\/#primaryimage","url":"https:\/\/psol50.org.br\/inc\/uploads\/2015\/10\/Glauber-e-Edmilson-votacao-PEC-215-e1448897161615.jpg","contentUrl":"https:\/\/psol50.org.br\/inc\/uploads\/2015\/10\/Glauber-e-Edmilson-votacao-PEC-215-e1448897161615.jpg","width":1000,"height":667},{"@type":"BreadcrumbList","@id":"https:\/\/psol50.org.br\/deputados-do-psol-abandonam-plenario-durante-votacao-da-pec-215\/#breadcrumb","itemListElement":[{"@type":"ListItem","position":1,"name":"In\u00edcio","item":"https:\/\/psol50.org.br\/"},{"@type":"ListItem","position":2,"name":"Deputados do PSOL abandonam plen\u00e1rio na vota\u00e7\u00e3o da PEC 215"}]},{"@type":"WebSite","@id":"https:\/\/psol50.org.br\/#website","url":"https:\/\/psol50.org.br\/","name":"PSOL 50","description":"Site oficial do Partido Socialismo e Liberdade","publisher":{"@id":"https:\/\/psol50.org.br\/#organization"},"alternateName":"PSOL50","potentialAction":[{"@type":"SearchAction","target":{"@type":"EntryPoint","urlTemplate":"https:\/\/psol50.org.br\/?s={search_term_string}"},"query-input":{"@type":"PropertyValueSpecification","valueRequired":true,"valueName":"search_term_string"}}],"inLanguage":"pt-BR"},{"@type":"Organization","@id":"https:\/\/psol50.org.br\/#organization","name":"PSOL 50","alternateName":"PSOL 50","url":"https:\/\/psol50.org.br\/","logo":{"@type":"ImageObject","inLanguage":"pt-BR","@id":"https:\/\/psol50.org.br\/#\/schema\/logo\/image\/","url":"https:\/\/psol50.org.br\/inc\/uploads\/2018\/07\/capa.png","contentUrl":"https:\/\/psol50.org.br\/inc\/uploads\/2018\/07\/capa.png","width":1350,"height":900,"caption":"PSOL 50"},"image":{"@id":"https:\/\/psol50.org.br\/#\/schema\/logo\/image\/"},"sameAs":["https:\/\/www.facebook.com\/psol50","https:\/\/x.com\/psol50","https:\/\/www.instagram.com\/psol50\/","https:\/\/www.youtube.com\/channel\/UC7SnJS5o1os7a6CaiNabzcg"]},{"@type":"Person","@id":"https:\/\/psol50.org.br\/#\/schema\/person\/475dfa57d0b815993c714c2e96491fcd","name":"Comunica\u00e7\u00e3o PSOL","image":{"@type":"ImageObject","inLanguage":"pt-BR","@id":"https:\/\/psol50.org.br\/#\/schema\/person\/image\/","url":"https:\/\/secure.gravatar.com\/avatar\/b34fc4f4e468a4e51785917065a3db57b841f5c95dba6ad8c73aaf8f66f8f9bf?s=96&d=mm&r=g","contentUrl":"https:\/\/secure.gravatar.com\/avatar\/b34fc4f4e468a4e51785917065a3db57b841f5c95dba6ad8c73aaf8f66f8f9bf?s=96&d=mm&r=g","caption":"Comunica\u00e7\u00e3o PSOL"}}]}},"_links":{"self":[{"href":"https:\/\/psol50.org.br\/rest\/wp\/v2\/posts\/10406","targetHints":{"allow":["GET"]}}],"collection":[{"href":"https:\/\/psol50.org.br\/rest\/wp\/v2\/posts"}],"about":[{"href":"https:\/\/psol50.org.br\/rest\/wp\/v2\/types\/post"}],"author":[{"embeddable":true,"href":"https:\/\/psol50.org.br\/rest\/wp\/v2\/users\/2"}],"replies":[{"embeddable":true,"href":"https:\/\/psol50.org.br\/rest\/wp\/v2\/comments?post=10406"}],"version-history":[{"count":0,"href":"https:\/\/psol50.org.br\/rest\/wp\/v2\/posts\/10406\/revisions"}],"wp:featuredmedia":[{"embeddable":true,"href":"https:\/\/psol50.org.br\/rest\/wp\/v2\/media\/10407"}],"wp:attachment":[{"href":"https:\/\/psol50.org.br\/rest\/wp\/v2\/media?parent=10406"}],"wp:term":[{"taxonomy":"category","embeddable":true,"href":"https:\/\/psol50.org.br\/rest\/wp\/v2\/categories?post=10406"},{"taxonomy":"post_tag","embeddable":true,"href":"https:\/\/psol50.org.br\/rest\/wp\/v2\/tags?post=10406"}],"curies":[{"name":"wp","href":"https:\/\/api.w.org\/{rel}","templated":true}]}}