{"id":10415,"date":"2015-10-28T18:45:31","date_gmt":"2015-10-28T18:45:31","guid":{"rendered":"http:\/\/www.psol50.org.br\/?p=10415"},"modified":"2015-10-28T18:45:31","modified_gmt":"2015-10-28T18:45:31","slug":"representacao-contra-cunha-comeca-a-tramitar-na-proxima-semana","status":"publish","type":"post","link":"https:\/\/psol50.org.br\/representacao-contra-cunha-comeca-a-tramitar-na-proxima-semana\/","title":{"rendered":"Representa\u00e7\u00e3o contra Cunha come\u00e7a a tramitar na pr\u00f3xima semana"},"content":{"rendered":"<p><em>Presidente da C\u00e2mara ter\u00e1 dez dias para se defender no Conselho de \u00c9tica<\/em><br \/>\nO presidente da C\u00e2mara, Eduardo Cunha (PMDB-RJ), ser\u00e1 notificado pelo Conselho de \u00c9tica at\u00e9 amanh\u00e3 (29), para apresentar sua defesa na representa\u00e7\u00e3o que come\u00e7a a tramitar a partir da pr\u00f3xima semana no colegiado. No in\u00edcio da tarde de hoje (28), o documento numerado pela Mesa Diretora da Casa foi entregue ao colegiado. O peemedebista ter\u00e1 dez dias para organizar argumentos e tentar evitar que o processo resulte na cassa\u00e7\u00e3o de seu mandato como deputado.<br \/>\nO pedido de abertura do processo, de iniciativa do PSOL e da Rede, foi assinado por cerca de 50 parlamentares, sendo os cinco do PSOL e mais de outros seis partidos (Rede, PT, PSB, PROS, PPS e PMDB), que defendem o afastamento de Cunha. Eles tomaram a iniciativa em raz\u00e3o das den\u00fancias de que o peemedebista, sua mulher e filha t\u00eam contas na Su\u00ed\u00e7a que n\u00e3o foram declaradas. As contas seriam mantidas com dinheiro originado\u00a0 do pagamento de propina em contratos da Petrobras, investigados na Opera\u00e7\u00e3o Lava-Jato. (Confira aqui a <u><a href=\"http:\/\/www.psol50.org.br\/inc\/uploads\/2015\/10\/Representa\u00e7\u00e3o-contra-Eduardo-Cunha-Conselho-de-\u00c9tica-13-10-15.pdf\">representa\u00e7\u00e3o<\/a><\/u>).<br \/>\nNo texto da representa\u00e7\u00e3o, o PSOL considera que os fatos revelados pela Opera\u00e7\u00e3o Lava-Jato s\u00e3o extremamente graves e exp\u00f5em, de forma contundente, a corrup\u00e7\u00e3o como problema estrutural do Brasil. \u201cSegundo den\u00fancia do Minist\u00e9rio P\u00fablico, um cons\u00f3rcio criminoso de empreiteiras \u2013 as maiores do pa\u00eds \u2013 era favorecido em contratos com a Petrobras por diretores corruptos da estatal. Em troca, o cons\u00f3rcio pagava propina a \u2018operadores\u2019 indicados por pol\u00edticos com o objetivo de financiar partidos e campanhas eleitorais, tamb\u00e9m possibilitando amplia\u00e7\u00e3o patrimonial individual\u201d, afirma o documento.<br \/>\nAl\u00e9m da abertura da investiga\u00e7\u00e3o, o documento pede, ainda, que Eduardo Cunha seja notificado e que preste depoimento no Conselho de \u00c9tica, dentro do prazo previsto no Regimento Interno da Casa. Ao final, o partido \u00e9 taxativo ao solicitar \u201ca proced\u00eancia da presente Representa\u00e7\u00e3o com a recomenda\u00e7\u00e3o ao Plen\u00e1rio da C\u00e2mara dos Deputados da cassa\u00e7\u00e3o do mandato parlamentar, uma vez que as condutas cometidas pelo Representado s\u00e3o incompat\u00edveis com o decoro parlamentar, na forma do disposto no art. 4\u00ba, incisos II e V do C\u00f3digo de \u00c9tica e Decoro Parlamentar da C\u00e2mara dos Deputados, cuja pena, inscrita no pr\u00f3prio caput do referido art. 4\u00ba, \u00e9 a perda do mandato\u201d.<br \/>\nSegundo explicou o l\u00edder na C\u00e2mara, deputado Chico Alencar, no momento da entrega da representa\u00e7\u00e3o no Conselho de \u00c9tica \u201cficou patente, com fortes ind\u00edcios e com uma investiga\u00e7\u00e3o assumida pelo Minist\u00e9rio P\u00fablico Federal, que o deputado Eduardo Cunha afrontou a Constitui\u00e7\u00e3o e o c\u00f3digo de \u00e9tica e decoro parlamentar, no m\u00ednimo por utilizar o cargo para obter vantagens indevidas e n\u00e3o prestar as informa\u00e7\u00f5es obrigat\u00f3rias\u201d. De acordo com o l\u00edder, o presidente da C\u00e2mara mentiu e praticou corrup\u00e7\u00e3o passiva e lavagem de dinheiro, conforme j\u00e1 apontou a Procuradoria Geral da Rep\u00fablica.<br \/>\n\u201cOutras investiga\u00e7\u00f5es em curso falam tamb\u00e9m de evas\u00e3o de divisas e sonega\u00e7\u00e3o fiscal. Portanto, o conjunto da \u2018m\u00e1-obra\u2019 \u00e9 muito perverso e, claro, ainda mais na fun\u00e7\u00e3o que ocupa e na qual insiste em permanecer, embora v\u00e1rios partidos, inclusive pr\u00f3ximos a ele, j\u00e1 tenham pedido para dali se licenciar. Ele quer permanecer no cargo de presidente da C\u00e2mara, inclusive como meio de se proteger dessas investiga\u00e7\u00f5es\u201d, completou Alencar.<br \/>\nEm at\u00e9 90 dias, o processo deve ser conclu\u00eddo. At\u00e9 l\u00e1, o relator do caso, escolhido a partir de lista tr\u00edplice sorteada entre os 21 integrantes do conselho, poder\u00e1 pedir acesso a documentos. Ele vai\u00a0 ouvir testemunhas, entidades e bancos que possam esclarecer d\u00favidas. O presidente do colegiado, deputado Jos\u00e9 Carlos Ara\u00fajo (PSD-BA), que tem garantido isen\u00e7\u00e3o no processo, disse que o parecer pode ser conclu\u00eddo ainda este ano, \u201cdependendo do relator\u201d.<br \/>\n<strong>Evang\u00e9licos entram na campanha<br \/>\n<\/strong>Al\u00e9m das contas no exterior, Cunha tamb\u00e9m \u00e9 denunciado por corrup\u00e7\u00e3o passiva e lavagem de dinheiro pela Procuradoria Geral da Rep\u00fablica. As suspeitas envolvendo seu nome t\u00eam motivado outros movimentos pela sua sa\u00edda. Representantes e membros de segmentos e de movimentos evang\u00e9licos \u2013 religi\u00e3o de Cunha \u2013 lan\u00e7aram hoje um manifesto de rep\u00fadio \u201c\u00e0s a\u00e7\u00f5es do Deputado Eduardo Cunha. \u201cAs den\u00fancias de corrup\u00e7\u00e3o e o envio de recursos p\u00fablicos para contas no exterior inviabilizam a perman\u00eancia do deputado Eduardo Cunha no cargo que ocupa, uma vez que n\u00e3o h\u00e1 coer\u00eancia e base \u00e9tica necess\u00e1ria a uma pessoa com responsabilidade p\u00fablica\u201d, destacaram.<br \/>\n<em>Da Reda\u00e7\u00e3o do PSOL Nacional, com informa\u00e7\u00f5es da Ag\u00eancia Brasil<\/em><\/p>\n","protected":false},"excerpt":{"rendered":"<p>Presidente da C\u00e2mara ter\u00e1 dez dias para se defender no Conselho de \u00c9tica O presidente da C\u00e2mara, Eduardo Cunha (PMDB-RJ), ser\u00e1 notificado pelo Conselho de \u00c9tica at\u00e9 amanh\u00e3 (29), para apresentar sua defesa na representa\u00e7\u00e3o que come\u00e7a a tramitar a partir da pr\u00f3xima semana no colegiado. No in\u00edcio da tarde de hoje (28), o documento [&hellip;]<\/p>\n","protected":false},"author":2,"featured_media":10416,"comment_status":"open","ping_status":"open","sticky":false,"template":"","format":"standard","meta":{"_acf_changed":false,"footnotes":""},"categories":[10,1882],"tags":[709,1680,593,2890,3985,202,1722,22],"class_list":{"0":"post-10415","1":"post","2":"type-post","3":"status-publish","4":"format-standard","5":"has-post-thumbnail","7":"category-acao-parlamentares","8":"category-brasil","9":"tag-camara-dos-deputados","10":"tag-chico-alencar","11":"tag-conselho-de-etica","12":"tag-eduardo-cunha","13":"tag-operacao-lavo-jato","14":"tag-petrobras","15":"tag-procuradoria-geral-da-republica","16":"tag-psol"},"acf":[],"yoast_head":"<!-- This site is optimized with the Yoast SEO plugin v26.5 - https:\/\/yoast.com\/wordpress\/plugins\/seo\/ -->\n<title>Representa\u00e7\u00e3o contra Cunha come\u00e7a a tramitar na pr\u00f3xima semana - PSOL 50<\/title>\n<meta name=\"robots\" content=\"index, follow, max-snippet:-1, max-image-preview:large, max-video-preview:-1\" \/>\n<link rel=\"canonical\" href=\"https:\/\/psol50.org.br\/representacao-contra-cunha-comeca-a-tramitar-na-proxima-semana\/\" \/>\n<meta property=\"og:locale\" content=\"pt_BR\" \/>\n<meta property=\"og:type\" content=\"article\" \/>\n<meta property=\"og:title\" content=\"Representa\u00e7\u00e3o contra Cunha come\u00e7a a tramitar na pr\u00f3xima semana - PSOL 50\" \/>\n<meta property=\"og:description\" content=\"Presidente da C\u00e2mara ter\u00e1 dez dias para se defender no Conselho de \u00c9tica O presidente da C\u00e2mara, Eduardo Cunha (PMDB-RJ), ser\u00e1 notificado pelo Conselho de \u00c9tica at\u00e9 amanh\u00e3 (29), para apresentar sua defesa na representa\u00e7\u00e3o que come\u00e7a a tramitar a partir da pr\u00f3xima semana no colegiado. No in\u00edcio da tarde de hoje (28), o documento [&hellip;]\" \/>\n<meta property=\"og:url\" content=\"https:\/\/psol50.org.br\/representacao-contra-cunha-comeca-a-tramitar-na-proxima-semana\/\" \/>\n<meta property=\"og:site_name\" content=\"PSOL 50\" \/>\n<meta property=\"article:publisher\" content=\"https:\/\/www.facebook.com\/psol50\" \/>\n<meta property=\"article:published_time\" content=\"2015-10-28T18:45:31+00:00\" \/>\n<meta property=\"og:image\" content=\"https:\/\/psol50.org.br\/inc\/uploads\/2015\/10\/Eduardo-Cunha_plenario_gustavo_lima-e1448897147238.jpg\" \/>\n\t<meta property=\"og:image:width\" content=\"1000\" \/>\n\t<meta property=\"og:image:height\" content=\"655\" \/>\n\t<meta property=\"og:image:type\" content=\"image\/jpeg\" \/>\n<meta name=\"author\" content=\"Comunica\u00e7\u00e3o PSOL\" \/>\n<meta name=\"twitter:card\" content=\"summary_large_image\" \/>\n<meta name=\"twitter:creator\" content=\"@psol50\" \/>\n<meta name=\"twitter:site\" content=\"@psol50\" \/>\n<meta name=\"twitter:label1\" content=\"Escrito por\" \/>\n\t<meta name=\"twitter:data1\" content=\"Comunica\u00e7\u00e3o PSOL\" \/>\n\t<meta name=\"twitter:label2\" content=\"Est. tempo de leitura\" \/>\n\t<meta name=\"twitter:data2\" content=\"4 minutos\" \/>\n<script type=\"application\/ld+json\" class=\"yoast-schema-graph\">{\"@context\":\"https:\/\/schema.org\",\"@graph\":[{\"@type\":\"Article\",\"@id\":\"https:\/\/psol50.org.br\/representacao-contra-cunha-comeca-a-tramitar-na-proxima-semana\/#article\",\"isPartOf\":{\"@id\":\"https:\/\/psol50.org.br\/representacao-contra-cunha-comeca-a-tramitar-na-proxima-semana\/\"},\"author\":{\"name\":\"Comunica\u00e7\u00e3o PSOL\",\"@id\":\"https:\/\/psol50.org.br\/#\/schema\/person\/475dfa57d0b815993c714c2e96491fcd\"},\"headline\":\"Representa\u00e7\u00e3o contra Cunha come\u00e7a a tramitar na pr\u00f3xima semana\",\"datePublished\":\"2015-10-28T18:45:31+00:00\",\"mainEntityOfPage\":{\"@id\":\"https:\/\/psol50.org.br\/representacao-contra-cunha-comeca-a-tramitar-na-proxima-semana\/\"},\"wordCount\":812,\"commentCount\":0,\"publisher\":{\"@id\":\"https:\/\/psol50.org.br\/#organization\"},\"image\":{\"@id\":\"https:\/\/psol50.org.br\/representacao-contra-cunha-comeca-a-tramitar-na-proxima-semana\/#primaryimage\"},\"thumbnailUrl\":\"https:\/\/psol50.org.br\/inc\/uploads\/2015\/10\/Eduardo-Cunha_plenario_gustavo_lima-e1448897147238.jpg\",\"keywords\":[\"C\u00e2mara dos Deputados\",\"Chico Alencar\",\"conselho de \u00e9tica\",\"Eduardo Cunha\",\"Opera\u00e7\u00e3o Lavo Jato\",\"Petrobras\",\"Procuradoria Geral da Rep\u00fablica\",\"PSOL\"],\"articleSection\":[\"A\u00e7\u00e3o Parlamentar\",\"Brasil\"],\"inLanguage\":\"pt-BR\",\"potentialAction\":[{\"@type\":\"CommentAction\",\"name\":\"Comment\",\"target\":[\"https:\/\/psol50.org.br\/representacao-contra-cunha-comeca-a-tramitar-na-proxima-semana\/#respond\"]}]},{\"@type\":\"WebPage\",\"@id\":\"https:\/\/psol50.org.br\/representacao-contra-cunha-comeca-a-tramitar-na-proxima-semana\/\",\"url\":\"https:\/\/psol50.org.br\/representacao-contra-cunha-comeca-a-tramitar-na-proxima-semana\/\",\"name\":\"Representa\u00e7\u00e3o contra Cunha come\u00e7a a tramitar na pr\u00f3xima semana - PSOL 50\",\"isPartOf\":{\"@id\":\"https:\/\/psol50.org.br\/#website\"},\"primaryImageOfPage\":{\"@id\":\"https:\/\/psol50.org.br\/representacao-contra-cunha-comeca-a-tramitar-na-proxima-semana\/#primaryimage\"},\"image\":{\"@id\":\"https:\/\/psol50.org.br\/representacao-contra-cunha-comeca-a-tramitar-na-proxima-semana\/#primaryimage\"},\"thumbnailUrl\":\"https:\/\/psol50.org.br\/inc\/uploads\/2015\/10\/Eduardo-Cunha_plenario_gustavo_lima-e1448897147238.jpg\",\"datePublished\":\"2015-10-28T18:45:31+00:00\",\"breadcrumb\":{\"@id\":\"https:\/\/psol50.org.br\/representacao-contra-cunha-comeca-a-tramitar-na-proxima-semana\/#breadcrumb\"},\"inLanguage\":\"pt-BR\",\"potentialAction\":[{\"@type\":\"ReadAction\",\"target\":[\"https:\/\/psol50.org.br\/representacao-contra-cunha-comeca-a-tramitar-na-proxima-semana\/\"]}]},{\"@type\":\"ImageObject\",\"inLanguage\":\"pt-BR\",\"@id\":\"https:\/\/psol50.org.br\/representacao-contra-cunha-comeca-a-tramitar-na-proxima-semana\/#primaryimage\",\"url\":\"https:\/\/psol50.org.br\/inc\/uploads\/2015\/10\/Eduardo-Cunha_plenario_gustavo_lima-e1448897147238.jpg\",\"contentUrl\":\"https:\/\/psol50.org.br\/inc\/uploads\/2015\/10\/Eduardo-Cunha_plenario_gustavo_lima-e1448897147238.jpg\",\"width\":1000,\"height\":655},{\"@type\":\"BreadcrumbList\",\"@id\":\"https:\/\/psol50.org.br\/representacao-contra-cunha-comeca-a-tramitar-na-proxima-semana\/#breadcrumb\",\"itemListElement\":[{\"@type\":\"ListItem\",\"position\":1,\"name\":\"In\u00edcio\",\"item\":\"https:\/\/psol50.org.br\/\"},{\"@type\":\"ListItem\",\"position\":2,\"name\":\"Representa\u00e7\u00e3o contra Cunha come\u00e7a a tramitar na pr\u00f3xima semana\"}]},{\"@type\":\"WebSite\",\"@id\":\"https:\/\/psol50.org.br\/#website\",\"url\":\"https:\/\/psol50.org.br\/\",\"name\":\"PSOL 50\",\"description\":\"Site oficial do Partido Socialismo e Liberdade\",\"publisher\":{\"@id\":\"https:\/\/psol50.org.br\/#organization\"},\"alternateName\":\"PSOL50\",\"potentialAction\":[{\"@type\":\"SearchAction\",\"target\":{\"@type\":\"EntryPoint\",\"urlTemplate\":\"https:\/\/psol50.org.br\/?s={search_term_string}\"},\"query-input\":{\"@type\":\"PropertyValueSpecification\",\"valueRequired\":true,\"valueName\":\"search_term_string\"}}],\"inLanguage\":\"pt-BR\"},{\"@type\":\"Organization\",\"@id\":\"https:\/\/psol50.org.br\/#organization\",\"name\":\"PSOL 50\",\"alternateName\":\"PSOL 50\",\"url\":\"https:\/\/psol50.org.br\/\",\"logo\":{\"@type\":\"ImageObject\",\"inLanguage\":\"pt-BR\",\"@id\":\"https:\/\/psol50.org.br\/#\/schema\/logo\/image\/\",\"url\":\"https:\/\/psol50.org.br\/inc\/uploads\/2018\/07\/capa.png\",\"contentUrl\":\"https:\/\/psol50.org.br\/inc\/uploads\/2018\/07\/capa.png\",\"width\":1350,\"height\":900,\"caption\":\"PSOL 50\"},\"image\":{\"@id\":\"https:\/\/psol50.org.br\/#\/schema\/logo\/image\/\"},\"sameAs\":[\"https:\/\/www.facebook.com\/psol50\",\"https:\/\/x.com\/psol50\",\"https:\/\/www.instagram.com\/psol50\/\",\"https:\/\/www.youtube.com\/channel\/UC7SnJS5o1os7a6CaiNabzcg\"]},{\"@type\":\"Person\",\"@id\":\"https:\/\/psol50.org.br\/#\/schema\/person\/475dfa57d0b815993c714c2e96491fcd\",\"name\":\"Comunica\u00e7\u00e3o PSOL\",\"image\":{\"@type\":\"ImageObject\",\"inLanguage\":\"pt-BR\",\"@id\":\"https:\/\/psol50.org.br\/#\/schema\/person\/image\/\",\"url\":\"https:\/\/secure.gravatar.com\/avatar\/b34fc4f4e468a4e51785917065a3db57b841f5c95dba6ad8c73aaf8f66f8f9bf?s=96&d=mm&r=g\",\"contentUrl\":\"https:\/\/secure.gravatar.com\/avatar\/b34fc4f4e468a4e51785917065a3db57b841f5c95dba6ad8c73aaf8f66f8f9bf?s=96&d=mm&r=g\",\"caption\":\"Comunica\u00e7\u00e3o PSOL\"}}]}<\/script>\n<!-- \/ Yoast SEO plugin. -->","yoast_head_json":{"title":"Representa\u00e7\u00e3o contra Cunha come\u00e7a a tramitar na pr\u00f3xima semana - PSOL 50","robots":{"index":"index","follow":"follow","max-snippet":"max-snippet:-1","max-image-preview":"max-image-preview:large","max-video-preview":"max-video-preview:-1"},"canonical":"https:\/\/psol50.org.br\/representacao-contra-cunha-comeca-a-tramitar-na-proxima-semana\/","og_locale":"pt_BR","og_type":"article","og_title":"Representa\u00e7\u00e3o contra Cunha come\u00e7a a tramitar na pr\u00f3xima semana - PSOL 50","og_description":"Presidente da C\u00e2mara ter\u00e1 dez dias para se defender no Conselho de \u00c9tica O presidente da C\u00e2mara, Eduardo Cunha (PMDB-RJ), ser\u00e1 notificado pelo Conselho de \u00c9tica at\u00e9 amanh\u00e3 (29), para apresentar sua defesa na representa\u00e7\u00e3o que come\u00e7a a tramitar a partir da pr\u00f3xima semana no colegiado. No in\u00edcio da tarde de hoje (28), o documento [&hellip;]","og_url":"https:\/\/psol50.org.br\/representacao-contra-cunha-comeca-a-tramitar-na-proxima-semana\/","og_site_name":"PSOL 50","article_publisher":"https:\/\/www.facebook.com\/psol50","article_published_time":"2015-10-28T18:45:31+00:00","og_image":[{"width":1000,"height":655,"url":"https:\/\/psol50.org.br\/inc\/uploads\/2015\/10\/Eduardo-Cunha_plenario_gustavo_lima-e1448897147238.jpg","type":"image\/jpeg"}],"author":"Comunica\u00e7\u00e3o PSOL","twitter_card":"summary_large_image","twitter_creator":"@psol50","twitter_site":"@psol50","twitter_misc":{"Escrito por":"Comunica\u00e7\u00e3o PSOL","Est. tempo de leitura":"4 minutos"},"schema":{"@context":"https:\/\/schema.org","@graph":[{"@type":"Article","@id":"https:\/\/psol50.org.br\/representacao-contra-cunha-comeca-a-tramitar-na-proxima-semana\/#article","isPartOf":{"@id":"https:\/\/psol50.org.br\/representacao-contra-cunha-comeca-a-tramitar-na-proxima-semana\/"},"author":{"name":"Comunica\u00e7\u00e3o PSOL","@id":"https:\/\/psol50.org.br\/#\/schema\/person\/475dfa57d0b815993c714c2e96491fcd"},"headline":"Representa\u00e7\u00e3o contra Cunha come\u00e7a a tramitar na pr\u00f3xima semana","datePublished":"2015-10-28T18:45:31+00:00","mainEntityOfPage":{"@id":"https:\/\/psol50.org.br\/representacao-contra-cunha-comeca-a-tramitar-na-proxima-semana\/"},"wordCount":812,"commentCount":0,"publisher":{"@id":"https:\/\/psol50.org.br\/#organization"},"image":{"@id":"https:\/\/psol50.org.br\/representacao-contra-cunha-comeca-a-tramitar-na-proxima-semana\/#primaryimage"},"thumbnailUrl":"https:\/\/psol50.org.br\/inc\/uploads\/2015\/10\/Eduardo-Cunha_plenario_gustavo_lima-e1448897147238.jpg","keywords":["C\u00e2mara dos Deputados","Chico Alencar","conselho de \u00e9tica","Eduardo Cunha","Opera\u00e7\u00e3o Lavo Jato","Petrobras","Procuradoria Geral da Rep\u00fablica","PSOL"],"articleSection":["A\u00e7\u00e3o Parlamentar","Brasil"],"inLanguage":"pt-BR","potentialAction":[{"@type":"CommentAction","name":"Comment","target":["https:\/\/psol50.org.br\/representacao-contra-cunha-comeca-a-tramitar-na-proxima-semana\/#respond"]}]},{"@type":"WebPage","@id":"https:\/\/psol50.org.br\/representacao-contra-cunha-comeca-a-tramitar-na-proxima-semana\/","url":"https:\/\/psol50.org.br\/representacao-contra-cunha-comeca-a-tramitar-na-proxima-semana\/","name":"Representa\u00e7\u00e3o contra Cunha come\u00e7a a tramitar na pr\u00f3xima semana - PSOL 50","isPartOf":{"@id":"https:\/\/psol50.org.br\/#website"},"primaryImageOfPage":{"@id":"https:\/\/psol50.org.br\/representacao-contra-cunha-comeca-a-tramitar-na-proxima-semana\/#primaryimage"},"image":{"@id":"https:\/\/psol50.org.br\/representacao-contra-cunha-comeca-a-tramitar-na-proxima-semana\/#primaryimage"},"thumbnailUrl":"https:\/\/psol50.org.br\/inc\/uploads\/2015\/10\/Eduardo-Cunha_plenario_gustavo_lima-e1448897147238.jpg","datePublished":"2015-10-28T18:45:31+00:00","breadcrumb":{"@id":"https:\/\/psol50.org.br\/representacao-contra-cunha-comeca-a-tramitar-na-proxima-semana\/#breadcrumb"},"inLanguage":"pt-BR","potentialAction":[{"@type":"ReadAction","target":["https:\/\/psol50.org.br\/representacao-contra-cunha-comeca-a-tramitar-na-proxima-semana\/"]}]},{"@type":"ImageObject","inLanguage":"pt-BR","@id":"https:\/\/psol50.org.br\/representacao-contra-cunha-comeca-a-tramitar-na-proxima-semana\/#primaryimage","url":"https:\/\/psol50.org.br\/inc\/uploads\/2015\/10\/Eduardo-Cunha_plenario_gustavo_lima-e1448897147238.jpg","contentUrl":"https:\/\/psol50.org.br\/inc\/uploads\/2015\/10\/Eduardo-Cunha_plenario_gustavo_lima-e1448897147238.jpg","width":1000,"height":655},{"@type":"BreadcrumbList","@id":"https:\/\/psol50.org.br\/representacao-contra-cunha-comeca-a-tramitar-na-proxima-semana\/#breadcrumb","itemListElement":[{"@type":"ListItem","position":1,"name":"In\u00edcio","item":"https:\/\/psol50.org.br\/"},{"@type":"ListItem","position":2,"name":"Representa\u00e7\u00e3o contra Cunha come\u00e7a a tramitar na pr\u00f3xima semana"}]},{"@type":"WebSite","@id":"https:\/\/psol50.org.br\/#website","url":"https:\/\/psol50.org.br\/","name":"PSOL 50","description":"Site oficial do Partido Socialismo e Liberdade","publisher":{"@id":"https:\/\/psol50.org.br\/#organization"},"alternateName":"PSOL50","potentialAction":[{"@type":"SearchAction","target":{"@type":"EntryPoint","urlTemplate":"https:\/\/psol50.org.br\/?s={search_term_string}"},"query-input":{"@type":"PropertyValueSpecification","valueRequired":true,"valueName":"search_term_string"}}],"inLanguage":"pt-BR"},{"@type":"Organization","@id":"https:\/\/psol50.org.br\/#organization","name":"PSOL 50","alternateName":"PSOL 50","url":"https:\/\/psol50.org.br\/","logo":{"@type":"ImageObject","inLanguage":"pt-BR","@id":"https:\/\/psol50.org.br\/#\/schema\/logo\/image\/","url":"https:\/\/psol50.org.br\/inc\/uploads\/2018\/07\/capa.png","contentUrl":"https:\/\/psol50.org.br\/inc\/uploads\/2018\/07\/capa.png","width":1350,"height":900,"caption":"PSOL 50"},"image":{"@id":"https:\/\/psol50.org.br\/#\/schema\/logo\/image\/"},"sameAs":["https:\/\/www.facebook.com\/psol50","https:\/\/x.com\/psol50","https:\/\/www.instagram.com\/psol50\/","https:\/\/www.youtube.com\/channel\/UC7SnJS5o1os7a6CaiNabzcg"]},{"@type":"Person","@id":"https:\/\/psol50.org.br\/#\/schema\/person\/475dfa57d0b815993c714c2e96491fcd","name":"Comunica\u00e7\u00e3o PSOL","image":{"@type":"ImageObject","inLanguage":"pt-BR","@id":"https:\/\/psol50.org.br\/#\/schema\/person\/image\/","url":"https:\/\/secure.gravatar.com\/avatar\/b34fc4f4e468a4e51785917065a3db57b841f5c95dba6ad8c73aaf8f66f8f9bf?s=96&d=mm&r=g","contentUrl":"https:\/\/secure.gravatar.com\/avatar\/b34fc4f4e468a4e51785917065a3db57b841f5c95dba6ad8c73aaf8f66f8f9bf?s=96&d=mm&r=g","caption":"Comunica\u00e7\u00e3o PSOL"}}]}},"_links":{"self":[{"href":"https:\/\/psol50.org.br\/rest\/wp\/v2\/posts\/10415","targetHints":{"allow":["GET"]}}],"collection":[{"href":"https:\/\/psol50.org.br\/rest\/wp\/v2\/posts"}],"about":[{"href":"https:\/\/psol50.org.br\/rest\/wp\/v2\/types\/post"}],"author":[{"embeddable":true,"href":"https:\/\/psol50.org.br\/rest\/wp\/v2\/users\/2"}],"replies":[{"embeddable":true,"href":"https:\/\/psol50.org.br\/rest\/wp\/v2\/comments?post=10415"}],"version-history":[{"count":0,"href":"https:\/\/psol50.org.br\/rest\/wp\/v2\/posts\/10415\/revisions"}],"wp:featuredmedia":[{"embeddable":true,"href":"https:\/\/psol50.org.br\/rest\/wp\/v2\/media\/10416"}],"wp:attachment":[{"href":"https:\/\/psol50.org.br\/rest\/wp\/v2\/media?parent=10415"}],"wp:term":[{"taxonomy":"category","embeddable":true,"href":"https:\/\/psol50.org.br\/rest\/wp\/v2\/categories?post=10415"},{"taxonomy":"post_tag","embeddable":true,"href":"https:\/\/psol50.org.br\/rest\/wp\/v2\/tags?post=10415"}],"curies":[{"name":"wp","href":"https:\/\/api.w.org\/{rel}","templated":true}]}}