{"id":10439,"date":"2015-10-29T18:41:15","date_gmt":"2015-10-29T18:41:15","guid":{"rendered":"http:\/\/www.psol50.org.br\/?p=10439"},"modified":"2015-10-29T18:41:15","modified_gmt":"2015-10-29T18:41:15","slug":"psol-df-repudia-agressao-da-pm-de-rollemberg-contra-professores-em-greve","status":"publish","type":"post","link":"https:\/\/psol50.org.br\/psol-df-repudia-agressao-da-pm-de-rollemberg-contra-professores-em-greve\/","title":{"rendered":"PSOL-DF repudia agress\u00e3o da PM de Rollemberg contra professores"},"content":{"rendered":"<p>Em nota divulgada nesta quinta-feira (29), o PSOL do Distrito Federal repudia a a\u00e7\u00e3o truculenta da Pol\u00edcia Militar do DF contra professores que participavam de manifesta\u00e7\u00e3o na tarde desta quarta-feira (28), no Eix\u00e3o, no centro de Bras\u00edlia. Ao final do ato, que era parte do calend\u00e1rio de greve da categoria e de demais servidores que exigem do governo de Rodrigo Rollemberg o pagamento da \u00faltima parcela do reajuste salarial, que deveria ter sido paga em setembro, com base em acordo firmado em 2013, policiais agrediram pelo menos uma dezena de professores, em pleno Dia do Servidor P\u00fablico. Alguns tamb\u00e9m foram levados para a delegacia, sem qualquer justificativa.<br \/>\nNa nota, o PSOL-DF se solidariza com a categoria e afirma que \u00e9 \u201cinadmiss\u00edvel que trabalhadores sejam tratados como caso de pol\u00edcia e tenham seu direito de se manifestar cerceado\u201d.<br \/>\nO partido, que tem v\u00e1rios militantes participando da greve do funcionalismo, lembra que o movimento \u00e9 leg\u00edtimo, uma vez que o GDF n\u00e3o cumpre a legisla\u00e7\u00e3o que garante reajuste salarial. Na nota, o PSOL repudia, ainda, a decis\u00e3o do governador Rollemberg de cortar o ponto dos grevistas. \u201cSe n\u00e3o bastasse o tratamento desumano da pol\u00edcia do governador, que agiu de forma repressora e truculenta contra os servidores, Rollemberg decretou hoje (29) o corte do ponto das categorias em greves consideradas ilegais pela Justi\u00e7a\u201d.<br \/>\nAo comparar a situa\u00e7\u00e3o ocorrida ontem no Distrito Federal com a <a href=\"http:\/\/www.psol50.org.br\/2015\/04\/professores-do-parana-sao-duramente-agredidos-pela-pm-do-governo-tucano-de-beto-richa\/\">agress\u00e3o sofrida por professores do Paran\u00e1 no dia 27 de abril deste ano<\/a>, quando a pol\u00edcia comandada pelo governo de Beto Richa, do PSDB, deixou mais de 100 manifestantes feridos, o PSOL-DF afirma que os servidores do DF seguir\u00e3o nas ruas, resistindo contra o desmonte do servi\u00e7o p\u00fablico.<br \/>\nNesta sexta-feira (30), \u00e0s 9h30, ser\u00e1 realizada nova assembleia dos professores para definir os rumos da greve, que j\u00e1 dura 14 dias.<br \/>\nLeia abaixo, na \u00edntegra, a nota do PSOL-DF.<br \/>\n&nbsp;<br \/>\n<a href=\"http:\/\/www.psol50.org.br\/inc\/uploads\/2015\/10\/Nota-PsolDF-contra-agress\u00e3o-professores.jpg\"><img loading=\"lazy\" decoding=\"async\" class=\"alignnone size-thumbnail wp-image-10438\" src=\"http:\/\/www.psol50.org.br\/inc\/uploads\/2015\/10\/Nota-PsolDF-contra-agress\u00e3o-professores-150x150.jpg\" alt=\"Nota PsolDF contra agress\u00e3o professores\" width=\"150\" height=\"150\" \/><\/a><br \/>\n<em>Da Reda\u00e7\u00e3o do PSOL Nacional<\/em><\/p>\n","protected":false},"excerpt":{"rendered":"<p>Em nota divulgada nesta quinta-feira (29), o PSOL do Distrito Federal repudia a a\u00e7\u00e3o truculenta da Pol\u00edcia Militar do DF contra professores que participavam de manifesta\u00e7\u00e3o na tarde desta quarta-feira (28), no Eix\u00e3o, no centro de Bras\u00edlia. Ao final do ato, que era parte do calend\u00e1rio de greve da categoria e de demais servidores que [&hellip;]<\/p>\n","protected":false},"author":2,"featured_media":10440,"comment_status":"open","ping_status":"open","sticky":false,"template":"","format":"standard","meta":{"_acf_changed":false,"footnotes":""},"categories":[2208,654,1104,6,14],"tags":[1937,1672,115,272,2219,2226,3122],"class_list":{"0":"post-10439","1":"post","2":"type-post","3":"status-publish","4":"format-standard","5":"has-post-thumbnail","7":"category-educacao","8":"category-estados","9":"category-movimento","10":"category-noticias","11":"category-partido","12":"tag-agressao","13":"tag-gdf","14":"tag-policia-militar","15":"tag-professores","16":"tag-psol-df","17":"tag-rodrigo-rollemberg","18":"tag-truculencia"},"acf":[],"yoast_head":"<!-- This site is optimized with the Yoast SEO plugin v26.5 - https:\/\/yoast.com\/wordpress\/plugins\/seo\/ -->\n<title>PSOL-DF repudia agress\u00e3o da PM de Rollemberg contra professores - PSOL 50<\/title>\n<meta name=\"robots\" content=\"index, follow, max-snippet:-1, max-image-preview:large, max-video-preview:-1\" \/>\n<link rel=\"canonical\" href=\"https:\/\/psol50.org.br\/psol-df-repudia-agressao-da-pm-de-rollemberg-contra-professores-em-greve\/\" \/>\n<meta property=\"og:locale\" content=\"pt_BR\" \/>\n<meta property=\"og:type\" content=\"article\" \/>\n<meta property=\"og:title\" content=\"PSOL-DF repudia agress\u00e3o da PM de Rollemberg contra professores - PSOL 50\" \/>\n<meta property=\"og:description\" content=\"Em nota divulgada nesta quinta-feira (29), o PSOL do Distrito Federal repudia a a\u00e7\u00e3o truculenta da Pol\u00edcia Militar do DF contra professores que participavam de manifesta\u00e7\u00e3o na tarde desta quarta-feira (28), no Eix\u00e3o, no centro de Bras\u00edlia. Ao final do ato, que era parte do calend\u00e1rio de greve da categoria e de demais servidores que [&hellip;]\" \/>\n<meta property=\"og:url\" content=\"https:\/\/psol50.org.br\/psol-df-repudia-agressao-da-pm-de-rollemberg-contra-professores-em-greve\/\" \/>\n<meta property=\"og:site_name\" content=\"PSOL 50\" \/>\n<meta property=\"article:publisher\" content=\"https:\/\/www.facebook.com\/psol50\" \/>\n<meta property=\"article:published_time\" content=\"2015-10-29T18:41:15+00:00\" \/>\n<meta property=\"og:image\" content=\"https:\/\/psol50.org.br\/inc\/uploads\/2015\/10\/Professores-DF-agredidos-Sinpro-DF.jpg\" \/>\n\t<meta property=\"og:image:width\" content=\"960\" \/>\n\t<meta property=\"og:image:height\" content=\"640\" \/>\n\t<meta property=\"og:image:type\" content=\"image\/jpeg\" \/>\n<meta name=\"author\" content=\"Comunica\u00e7\u00e3o PSOL\" \/>\n<meta name=\"twitter:card\" content=\"summary_large_image\" \/>\n<meta name=\"twitter:creator\" content=\"@psol50\" \/>\n<meta name=\"twitter:site\" content=\"@psol50\" \/>\n<meta name=\"twitter:label1\" content=\"Escrito por\" \/>\n\t<meta name=\"twitter:data1\" content=\"Comunica\u00e7\u00e3o PSOL\" \/>\n\t<meta name=\"twitter:label2\" content=\"Est. tempo de leitura\" \/>\n\t<meta name=\"twitter:data2\" content=\"2 minutos\" \/>\n<script type=\"application\/ld+json\" class=\"yoast-schema-graph\">{\"@context\":\"https:\/\/schema.org\",\"@graph\":[{\"@type\":\"Article\",\"@id\":\"https:\/\/psol50.org.br\/psol-df-repudia-agressao-da-pm-de-rollemberg-contra-professores-em-greve\/#article\",\"isPartOf\":{\"@id\":\"https:\/\/psol50.org.br\/psol-df-repudia-agressao-da-pm-de-rollemberg-contra-professores-em-greve\/\"},\"author\":{\"name\":\"Comunica\u00e7\u00e3o PSOL\",\"@id\":\"https:\/\/psol50.org.br\/#\/schema\/person\/475dfa57d0b815993c714c2e96491fcd\"},\"headline\":\"PSOL-DF repudia agress\u00e3o da PM de Rollemberg contra professores\",\"datePublished\":\"2015-10-29T18:41:15+00:00\",\"mainEntityOfPage\":{\"@id\":\"https:\/\/psol50.org.br\/psol-df-repudia-agressao-da-pm-de-rollemberg-contra-professores-em-greve\/\"},\"wordCount\":340,\"commentCount\":0,\"publisher\":{\"@id\":\"https:\/\/psol50.org.br\/#organization\"},\"image\":{\"@id\":\"https:\/\/psol50.org.br\/psol-df-repudia-agressao-da-pm-de-rollemberg-contra-professores-em-greve\/#primaryimage\"},\"thumbnailUrl\":\"https:\/\/psol50.org.br\/inc\/uploads\/2015\/10\/Professores-DF-agredidos-Sinpro-DF.jpg\",\"keywords\":[\"agress\u00e3o\",\"GDF\",\"Pol\u00edcia Militar\",\"professores\",\"PSOL-DF\",\"Rodrigo Rollemberg\",\"trucul\u00eancia\"],\"articleSection\":[\"Educa\u00e7\u00e3o\",\"Estados\",\"Movimento\",\"Not\u00edcias\",\"Partido\"],\"inLanguage\":\"pt-BR\",\"potentialAction\":[{\"@type\":\"CommentAction\",\"name\":\"Comment\",\"target\":[\"https:\/\/psol50.org.br\/psol-df-repudia-agressao-da-pm-de-rollemberg-contra-professores-em-greve\/#respond\"]}]},{\"@type\":\"WebPage\",\"@id\":\"https:\/\/psol50.org.br\/psol-df-repudia-agressao-da-pm-de-rollemberg-contra-professores-em-greve\/\",\"url\":\"https:\/\/psol50.org.br\/psol-df-repudia-agressao-da-pm-de-rollemberg-contra-professores-em-greve\/\",\"name\":\"PSOL-DF repudia agress\u00e3o da PM de Rollemberg contra professores - PSOL 50\",\"isPartOf\":{\"@id\":\"https:\/\/psol50.org.br\/#website\"},\"primaryImageOfPage\":{\"@id\":\"https:\/\/psol50.org.br\/psol-df-repudia-agressao-da-pm-de-rollemberg-contra-professores-em-greve\/#primaryimage\"},\"image\":{\"@id\":\"https:\/\/psol50.org.br\/psol-df-repudia-agressao-da-pm-de-rollemberg-contra-professores-em-greve\/#primaryimage\"},\"thumbnailUrl\":\"https:\/\/psol50.org.br\/inc\/uploads\/2015\/10\/Professores-DF-agredidos-Sinpro-DF.jpg\",\"datePublished\":\"2015-10-29T18:41:15+00:00\",\"breadcrumb\":{\"@id\":\"https:\/\/psol50.org.br\/psol-df-repudia-agressao-da-pm-de-rollemberg-contra-professores-em-greve\/#breadcrumb\"},\"inLanguage\":\"pt-BR\",\"potentialAction\":[{\"@type\":\"ReadAction\",\"target\":[\"https:\/\/psol50.org.br\/psol-df-repudia-agressao-da-pm-de-rollemberg-contra-professores-em-greve\/\"]}]},{\"@type\":\"ImageObject\",\"inLanguage\":\"pt-BR\",\"@id\":\"https:\/\/psol50.org.br\/psol-df-repudia-agressao-da-pm-de-rollemberg-contra-professores-em-greve\/#primaryimage\",\"url\":\"https:\/\/psol50.org.br\/inc\/uploads\/2015\/10\/Professores-DF-agredidos-Sinpro-DF.jpg\",\"contentUrl\":\"https:\/\/psol50.org.br\/inc\/uploads\/2015\/10\/Professores-DF-agredidos-Sinpro-DF.jpg\",\"width\":960,\"height\":640},{\"@type\":\"BreadcrumbList\",\"@id\":\"https:\/\/psol50.org.br\/psol-df-repudia-agressao-da-pm-de-rollemberg-contra-professores-em-greve\/#breadcrumb\",\"itemListElement\":[{\"@type\":\"ListItem\",\"position\":1,\"name\":\"In\u00edcio\",\"item\":\"https:\/\/psol50.org.br\/\"},{\"@type\":\"ListItem\",\"position\":2,\"name\":\"PSOL-DF repudia agress\u00e3o da PM de Rollemberg contra professores\"}]},{\"@type\":\"WebSite\",\"@id\":\"https:\/\/psol50.org.br\/#website\",\"url\":\"https:\/\/psol50.org.br\/\",\"name\":\"PSOL 50\",\"description\":\"Site oficial do Partido Socialismo e Liberdade\",\"publisher\":{\"@id\":\"https:\/\/psol50.org.br\/#organization\"},\"alternateName\":\"PSOL50\",\"potentialAction\":[{\"@type\":\"SearchAction\",\"target\":{\"@type\":\"EntryPoint\",\"urlTemplate\":\"https:\/\/psol50.org.br\/?s={search_term_string}\"},\"query-input\":{\"@type\":\"PropertyValueSpecification\",\"valueRequired\":true,\"valueName\":\"search_term_string\"}}],\"inLanguage\":\"pt-BR\"},{\"@type\":\"Organization\",\"@id\":\"https:\/\/psol50.org.br\/#organization\",\"name\":\"PSOL 50\",\"alternateName\":\"PSOL 50\",\"url\":\"https:\/\/psol50.org.br\/\",\"logo\":{\"@type\":\"ImageObject\",\"inLanguage\":\"pt-BR\",\"@id\":\"https:\/\/psol50.org.br\/#\/schema\/logo\/image\/\",\"url\":\"https:\/\/psol50.org.br\/inc\/uploads\/2018\/07\/capa.png\",\"contentUrl\":\"https:\/\/psol50.org.br\/inc\/uploads\/2018\/07\/capa.png\",\"width\":1350,\"height\":900,\"caption\":\"PSOL 50\"},\"image\":{\"@id\":\"https:\/\/psol50.org.br\/#\/schema\/logo\/image\/\"},\"sameAs\":[\"https:\/\/www.facebook.com\/psol50\",\"https:\/\/x.com\/psol50\",\"https:\/\/www.instagram.com\/psol50\/\",\"https:\/\/www.youtube.com\/channel\/UC7SnJS5o1os7a6CaiNabzcg\"]},{\"@type\":\"Person\",\"@id\":\"https:\/\/psol50.org.br\/#\/schema\/person\/475dfa57d0b815993c714c2e96491fcd\",\"name\":\"Comunica\u00e7\u00e3o PSOL\",\"image\":{\"@type\":\"ImageObject\",\"inLanguage\":\"pt-BR\",\"@id\":\"https:\/\/psol50.org.br\/#\/schema\/person\/image\/\",\"url\":\"https:\/\/secure.gravatar.com\/avatar\/b34fc4f4e468a4e51785917065a3db57b841f5c95dba6ad8c73aaf8f66f8f9bf?s=96&d=mm&r=g\",\"contentUrl\":\"https:\/\/secure.gravatar.com\/avatar\/b34fc4f4e468a4e51785917065a3db57b841f5c95dba6ad8c73aaf8f66f8f9bf?s=96&d=mm&r=g\",\"caption\":\"Comunica\u00e7\u00e3o PSOL\"}}]}<\/script>\n<!-- \/ Yoast SEO plugin. -->","yoast_head_json":{"title":"PSOL-DF repudia agress\u00e3o da PM de Rollemberg contra professores - PSOL 50","robots":{"index":"index","follow":"follow","max-snippet":"max-snippet:-1","max-image-preview":"max-image-preview:large","max-video-preview":"max-video-preview:-1"},"canonical":"https:\/\/psol50.org.br\/psol-df-repudia-agressao-da-pm-de-rollemberg-contra-professores-em-greve\/","og_locale":"pt_BR","og_type":"article","og_title":"PSOL-DF repudia agress\u00e3o da PM de Rollemberg contra professores - PSOL 50","og_description":"Em nota divulgada nesta quinta-feira (29), o PSOL do Distrito Federal repudia a a\u00e7\u00e3o truculenta da Pol\u00edcia Militar do DF contra professores que participavam de manifesta\u00e7\u00e3o na tarde desta quarta-feira (28), no Eix\u00e3o, no centro de Bras\u00edlia. Ao final do ato, que era parte do calend\u00e1rio de greve da categoria e de demais servidores que [&hellip;]","og_url":"https:\/\/psol50.org.br\/psol-df-repudia-agressao-da-pm-de-rollemberg-contra-professores-em-greve\/","og_site_name":"PSOL 50","article_publisher":"https:\/\/www.facebook.com\/psol50","article_published_time":"2015-10-29T18:41:15+00:00","og_image":[{"width":960,"height":640,"url":"https:\/\/psol50.org.br\/inc\/uploads\/2015\/10\/Professores-DF-agredidos-Sinpro-DF.jpg","type":"image\/jpeg"}],"author":"Comunica\u00e7\u00e3o PSOL","twitter_card":"summary_large_image","twitter_creator":"@psol50","twitter_site":"@psol50","twitter_misc":{"Escrito por":"Comunica\u00e7\u00e3o PSOL","Est. tempo de leitura":"2 minutos"},"schema":{"@context":"https:\/\/schema.org","@graph":[{"@type":"Article","@id":"https:\/\/psol50.org.br\/psol-df-repudia-agressao-da-pm-de-rollemberg-contra-professores-em-greve\/#article","isPartOf":{"@id":"https:\/\/psol50.org.br\/psol-df-repudia-agressao-da-pm-de-rollemberg-contra-professores-em-greve\/"},"author":{"name":"Comunica\u00e7\u00e3o PSOL","@id":"https:\/\/psol50.org.br\/#\/schema\/person\/475dfa57d0b815993c714c2e96491fcd"},"headline":"PSOL-DF repudia agress\u00e3o da PM de Rollemberg contra professores","datePublished":"2015-10-29T18:41:15+00:00","mainEntityOfPage":{"@id":"https:\/\/psol50.org.br\/psol-df-repudia-agressao-da-pm-de-rollemberg-contra-professores-em-greve\/"},"wordCount":340,"commentCount":0,"publisher":{"@id":"https:\/\/psol50.org.br\/#organization"},"image":{"@id":"https:\/\/psol50.org.br\/psol-df-repudia-agressao-da-pm-de-rollemberg-contra-professores-em-greve\/#primaryimage"},"thumbnailUrl":"https:\/\/psol50.org.br\/inc\/uploads\/2015\/10\/Professores-DF-agredidos-Sinpro-DF.jpg","keywords":["agress\u00e3o","GDF","Pol\u00edcia Militar","professores","PSOL-DF","Rodrigo Rollemberg","trucul\u00eancia"],"articleSection":["Educa\u00e7\u00e3o","Estados","Movimento","Not\u00edcias","Partido"],"inLanguage":"pt-BR","potentialAction":[{"@type":"CommentAction","name":"Comment","target":["https:\/\/psol50.org.br\/psol-df-repudia-agressao-da-pm-de-rollemberg-contra-professores-em-greve\/#respond"]}]},{"@type":"WebPage","@id":"https:\/\/psol50.org.br\/psol-df-repudia-agressao-da-pm-de-rollemberg-contra-professores-em-greve\/","url":"https:\/\/psol50.org.br\/psol-df-repudia-agressao-da-pm-de-rollemberg-contra-professores-em-greve\/","name":"PSOL-DF repudia agress\u00e3o da PM de Rollemberg contra professores - PSOL 50","isPartOf":{"@id":"https:\/\/psol50.org.br\/#website"},"primaryImageOfPage":{"@id":"https:\/\/psol50.org.br\/psol-df-repudia-agressao-da-pm-de-rollemberg-contra-professores-em-greve\/#primaryimage"},"image":{"@id":"https:\/\/psol50.org.br\/psol-df-repudia-agressao-da-pm-de-rollemberg-contra-professores-em-greve\/#primaryimage"},"thumbnailUrl":"https:\/\/psol50.org.br\/inc\/uploads\/2015\/10\/Professores-DF-agredidos-Sinpro-DF.jpg","datePublished":"2015-10-29T18:41:15+00:00","breadcrumb":{"@id":"https:\/\/psol50.org.br\/psol-df-repudia-agressao-da-pm-de-rollemberg-contra-professores-em-greve\/#breadcrumb"},"inLanguage":"pt-BR","potentialAction":[{"@type":"ReadAction","target":["https:\/\/psol50.org.br\/psol-df-repudia-agressao-da-pm-de-rollemberg-contra-professores-em-greve\/"]}]},{"@type":"ImageObject","inLanguage":"pt-BR","@id":"https:\/\/psol50.org.br\/psol-df-repudia-agressao-da-pm-de-rollemberg-contra-professores-em-greve\/#primaryimage","url":"https:\/\/psol50.org.br\/inc\/uploads\/2015\/10\/Professores-DF-agredidos-Sinpro-DF.jpg","contentUrl":"https:\/\/psol50.org.br\/inc\/uploads\/2015\/10\/Professores-DF-agredidos-Sinpro-DF.jpg","width":960,"height":640},{"@type":"BreadcrumbList","@id":"https:\/\/psol50.org.br\/psol-df-repudia-agressao-da-pm-de-rollemberg-contra-professores-em-greve\/#breadcrumb","itemListElement":[{"@type":"ListItem","position":1,"name":"In\u00edcio","item":"https:\/\/psol50.org.br\/"},{"@type":"ListItem","position":2,"name":"PSOL-DF repudia agress\u00e3o da PM de Rollemberg contra professores"}]},{"@type":"WebSite","@id":"https:\/\/psol50.org.br\/#website","url":"https:\/\/psol50.org.br\/","name":"PSOL 50","description":"Site oficial do Partido Socialismo e Liberdade","publisher":{"@id":"https:\/\/psol50.org.br\/#organization"},"alternateName":"PSOL50","potentialAction":[{"@type":"SearchAction","target":{"@type":"EntryPoint","urlTemplate":"https:\/\/psol50.org.br\/?s={search_term_string}"},"query-input":{"@type":"PropertyValueSpecification","valueRequired":true,"valueName":"search_term_string"}}],"inLanguage":"pt-BR"},{"@type":"Organization","@id":"https:\/\/psol50.org.br\/#organization","name":"PSOL 50","alternateName":"PSOL 50","url":"https:\/\/psol50.org.br\/","logo":{"@type":"ImageObject","inLanguage":"pt-BR","@id":"https:\/\/psol50.org.br\/#\/schema\/logo\/image\/","url":"https:\/\/psol50.org.br\/inc\/uploads\/2018\/07\/capa.png","contentUrl":"https:\/\/psol50.org.br\/inc\/uploads\/2018\/07\/capa.png","width":1350,"height":900,"caption":"PSOL 50"},"image":{"@id":"https:\/\/psol50.org.br\/#\/schema\/logo\/image\/"},"sameAs":["https:\/\/www.facebook.com\/psol50","https:\/\/x.com\/psol50","https:\/\/www.instagram.com\/psol50\/","https:\/\/www.youtube.com\/channel\/UC7SnJS5o1os7a6CaiNabzcg"]},{"@type":"Person","@id":"https:\/\/psol50.org.br\/#\/schema\/person\/475dfa57d0b815993c714c2e96491fcd","name":"Comunica\u00e7\u00e3o PSOL","image":{"@type":"ImageObject","inLanguage":"pt-BR","@id":"https:\/\/psol50.org.br\/#\/schema\/person\/image\/","url":"https:\/\/secure.gravatar.com\/avatar\/b34fc4f4e468a4e51785917065a3db57b841f5c95dba6ad8c73aaf8f66f8f9bf?s=96&d=mm&r=g","contentUrl":"https:\/\/secure.gravatar.com\/avatar\/b34fc4f4e468a4e51785917065a3db57b841f5c95dba6ad8c73aaf8f66f8f9bf?s=96&d=mm&r=g","caption":"Comunica\u00e7\u00e3o PSOL"}}]}},"_links":{"self":[{"href":"https:\/\/psol50.org.br\/rest\/wp\/v2\/posts\/10439","targetHints":{"allow":["GET"]}}],"collection":[{"href":"https:\/\/psol50.org.br\/rest\/wp\/v2\/posts"}],"about":[{"href":"https:\/\/psol50.org.br\/rest\/wp\/v2\/types\/post"}],"author":[{"embeddable":true,"href":"https:\/\/psol50.org.br\/rest\/wp\/v2\/users\/2"}],"replies":[{"embeddable":true,"href":"https:\/\/psol50.org.br\/rest\/wp\/v2\/comments?post=10439"}],"version-history":[{"count":0,"href":"https:\/\/psol50.org.br\/rest\/wp\/v2\/posts\/10439\/revisions"}],"wp:featuredmedia":[{"embeddable":true,"href":"https:\/\/psol50.org.br\/rest\/wp\/v2\/media\/10440"}],"wp:attachment":[{"href":"https:\/\/psol50.org.br\/rest\/wp\/v2\/media?parent=10439"}],"wp:term":[{"taxonomy":"category","embeddable":true,"href":"https:\/\/psol50.org.br\/rest\/wp\/v2\/categories?post=10439"},{"taxonomy":"post_tag","embeddable":true,"href":"https:\/\/psol50.org.br\/rest\/wp\/v2\/tags?post=10439"}],"curies":[{"name":"wp","href":"https:\/\/api.w.org\/{rel}","templated":true}]}}