{"id":10443,"date":"2015-10-29T19:50:10","date_gmt":"2015-10-29T19:50:10","guid":{"rendered":"http:\/\/www.psol50.org.br\/?p=10443"},"modified":"2015-10-29T19:50:10","modified_gmt":"2015-10-29T19:50:10","slug":"nao-nos-calarao-nota-do-psol-sobre-a-representacao-contra-chico-alencar","status":"publish","type":"post","link":"https:\/\/psol50.org.br\/nao-nos-calarao-nota-do-psol-sobre-a-representacao-contra-chico-alencar\/","title":{"rendered":"N\u00e3o nos calar\u00e3o! Nota do PSOL sobre a representa\u00e7\u00e3o contra Chico Alencar"},"content":{"rendered":"<p>Neste dia 29 de outubro o Solidariedade, atrav\u00e9s de seu presidente nacional, deputado Paulo Pereira da Silva (SD\/SP), protocolou junto ao Conselho de \u00c9tica da C\u00e2mara dos Deputados uma representa\u00e7\u00e3o contra o deputado Chico Alencar (PSOL\/RJ), l\u00edder do PSOL e uma das principais lideran\u00e7as nacionais que exigem o afastamento de Eduardo Cunha.<br \/>\nA iniciativa do famigerado Paulinho da For\u00e7a &#8211; que \u00e9 r\u00e9u no Supremo Tribunal Federal &#8211; baseia-se em den\u00fancias falsas e tem como objetivo intimidar o PSOL e seu l\u00edder na luta contra Eduardo Cunha.<br \/>\nOs fatos mencionados por Paulinho na referida representa\u00e7\u00e3o j\u00e1 foram objeto de an\u00e1lise por parte do Minist\u00e9rio P\u00fablico, com procedimento arquivado em favor do deputado Chico Alencar, restando provada &#8220;inexist\u00eancia de improbidade administrativa ou dano ao er\u00e1rio e a boa-f\u00e9 do deputado&#8221;. Ao mesmo tempo, suas contas de campanha, com montante dos mais baixos entre os deputados eleitos no Rio de Janeiro, foram aprovadas pela Justi\u00e7a Eleitoral.<br \/>\n\u00c9 sabido que Paulinho da For\u00e7a e seu partido comp\u00f5em a base de sustenta\u00e7\u00e3o do presidente da C\u00e2mara dos Deputados e t\u00eam colaborado para impedir o andamento das investiga\u00e7\u00f5es contra Cunha.<br \/>\nPor isso, o PSOL repudia veementemente qualquer ataque \u00e0 hist\u00f3ria e \u00e0 atividade parlamentar de Chico Alencar, um deputado que orgulha nosso partido e que ter\u00e1, hoje e sempre, toda a nossa solidariedade na luta contra as m\u00e1fias que se apoderaram do legislativo brasileiro.<br \/>\nN\u00e3o nos calar\u00e3o! Fora Cunha e todos os corruptos!<br \/>\nTodo apoio a Chico Alencar e \u00e0 bancada do PSOL na C\u00e2mara dos Deputados!<br \/>\n<strong>Diret\u00f3rio Nacional do PSOL<br \/>\nBras\u00edlia, 20 de outubro de 2015<\/strong><br \/>\n&nbsp;<\/p>\n","protected":false},"excerpt":{"rendered":"<p>Neste dia 29 de outubro o Solidariedade, atrav\u00e9s de seu presidente nacional, deputado Paulo Pereira da Silva (SD\/SP), protocolou junto ao Conselho de \u00c9tica da C\u00e2mara dos Deputados uma representa\u00e7\u00e3o contra o deputado Chico Alencar (PSOL\/RJ), l\u00edder do PSOL e uma das principais lideran\u00e7as nacionais que exigem o afastamento de Eduardo Cunha. A iniciativa do [&hellip;]<\/p>\n","protected":false},"author":2,"featured_media":10444,"comment_status":"open","ping_status":"open","sticky":false,"template":"","format":"standard","meta":{"_acf_changed":false,"footnotes":""},"categories":[10,1882,6,14],"tags":[2734,1680,1834,2890,2627,22,1357],"class_list":{"0":"post-10443","1":"post","2":"type-post","3":"status-publish","4":"format-standard","5":"has-post-thumbnail","7":"category-acao-parlamentares","8":"category-brasil","9":"category-noticias","10":"category-partido","11":"tag-bancada-do-psol","12":"tag-chico-alencar","13":"tag-diretorio-nacional-do-psol","14":"tag-eduardo-cunha","15":"tag-paulinho-da-forca","16":"tag-psol","17":"tag-solidariedade"},"acf":[],"yoast_head":"<!-- This site is optimized with the Yoast SEO plugin v26.5 - https:\/\/yoast.com\/wordpress\/plugins\/seo\/ -->\n<title>N\u00e3o nos calar\u00e3o! Nota do PSOL sobre a representa\u00e7\u00e3o contra Chico Alencar - PSOL 50<\/title>\n<meta name=\"robots\" content=\"index, follow, max-snippet:-1, max-image-preview:large, max-video-preview:-1\" \/>\n<link rel=\"canonical\" href=\"https:\/\/psol50.org.br\/nao-nos-calarao-nota-do-psol-sobre-a-representacao-contra-chico-alencar\/\" \/>\n<meta property=\"og:locale\" content=\"pt_BR\" \/>\n<meta property=\"og:type\" content=\"article\" \/>\n<meta property=\"og:title\" content=\"N\u00e3o nos calar\u00e3o! Nota do PSOL sobre a representa\u00e7\u00e3o contra Chico Alencar - PSOL 50\" \/>\n<meta property=\"og:description\" content=\"Neste dia 29 de outubro o Solidariedade, atrav\u00e9s de seu presidente nacional, deputado Paulo Pereira da Silva (SD\/SP), protocolou junto ao Conselho de \u00c9tica da C\u00e2mara dos Deputados uma representa\u00e7\u00e3o contra o deputado Chico Alencar (PSOL\/RJ), l\u00edder do PSOL e uma das principais lideran\u00e7as nacionais que exigem o afastamento de Eduardo Cunha. A iniciativa do [&hellip;]\" \/>\n<meta property=\"og:url\" content=\"https:\/\/psol50.org.br\/nao-nos-calarao-nota-do-psol-sobre-a-representacao-contra-chico-alencar\/\" \/>\n<meta property=\"og:site_name\" content=\"PSOL 50\" \/>\n<meta property=\"article:publisher\" content=\"https:\/\/www.facebook.com\/psol50\" \/>\n<meta property=\"article:published_time\" content=\"2015-10-29T19:50:10+00:00\" \/>\n<meta property=\"og:image\" content=\"https:\/\/psol50.org.br\/inc\/uploads\/2015\/10\/Coletiva-resposta-PGR-sobre-Cunha-e1448897067621.jpg\" \/>\n\t<meta property=\"og:image:width\" content=\"1000\" \/>\n\t<meta property=\"og:image:height\" content=\"665\" \/>\n\t<meta property=\"og:image:type\" content=\"image\/jpeg\" \/>\n<meta name=\"author\" content=\"Comunica\u00e7\u00e3o PSOL\" \/>\n<meta name=\"twitter:card\" content=\"summary_large_image\" \/>\n<meta name=\"twitter:creator\" content=\"@psol50\" \/>\n<meta name=\"twitter:site\" content=\"@psol50\" \/>\n<meta name=\"twitter:label1\" content=\"Escrito por\" \/>\n\t<meta name=\"twitter:data1\" content=\"Comunica\u00e7\u00e3o PSOL\" \/>\n\t<meta name=\"twitter:label2\" content=\"Est. tempo de leitura\" \/>\n\t<meta name=\"twitter:data2\" content=\"1 minuto\" \/>\n<script type=\"application\/ld+json\" class=\"yoast-schema-graph\">{\"@context\":\"https:\/\/schema.org\",\"@graph\":[{\"@type\":\"Article\",\"@id\":\"https:\/\/psol50.org.br\/nao-nos-calarao-nota-do-psol-sobre-a-representacao-contra-chico-alencar\/#article\",\"isPartOf\":{\"@id\":\"https:\/\/psol50.org.br\/nao-nos-calarao-nota-do-psol-sobre-a-representacao-contra-chico-alencar\/\"},\"author\":{\"name\":\"Comunica\u00e7\u00e3o PSOL\",\"@id\":\"https:\/\/psol50.org.br\/#\/schema\/person\/475dfa57d0b815993c714c2e96491fcd\"},\"headline\":\"N\u00e3o nos calar\u00e3o! Nota do PSOL sobre a representa\u00e7\u00e3o contra Chico Alencar\",\"datePublished\":\"2015-10-29T19:50:10+00:00\",\"mainEntityOfPage\":{\"@id\":\"https:\/\/psol50.org.br\/nao-nos-calarao-nota-do-psol-sobre-a-representacao-contra-chico-alencar\/\"},\"wordCount\":301,\"commentCount\":3,\"publisher\":{\"@id\":\"https:\/\/psol50.org.br\/#organization\"},\"image\":{\"@id\":\"https:\/\/psol50.org.br\/nao-nos-calarao-nota-do-psol-sobre-a-representacao-contra-chico-alencar\/#primaryimage\"},\"thumbnailUrl\":\"https:\/\/psol50.org.br\/inc\/uploads\/2015\/10\/Coletiva-resposta-PGR-sobre-Cunha-e1448897067621.jpg\",\"keywords\":[\"Bancada do PSOL\",\"Chico Alencar\",\"Diret\u00f3rio Nacional do PSOL\",\"Eduardo Cunha\",\"Paulinho da For\u00e7a\",\"PSOL\",\"Solidariedade\"],\"articleSection\":[\"A\u00e7\u00e3o Parlamentar\",\"Brasil\",\"Not\u00edcias\",\"Partido\"],\"inLanguage\":\"pt-BR\",\"potentialAction\":[{\"@type\":\"CommentAction\",\"name\":\"Comment\",\"target\":[\"https:\/\/psol50.org.br\/nao-nos-calarao-nota-do-psol-sobre-a-representacao-contra-chico-alencar\/#respond\"]}]},{\"@type\":\"WebPage\",\"@id\":\"https:\/\/psol50.org.br\/nao-nos-calarao-nota-do-psol-sobre-a-representacao-contra-chico-alencar\/\",\"url\":\"https:\/\/psol50.org.br\/nao-nos-calarao-nota-do-psol-sobre-a-representacao-contra-chico-alencar\/\",\"name\":\"N\u00e3o nos calar\u00e3o! Nota do PSOL sobre a representa\u00e7\u00e3o contra Chico Alencar - PSOL 50\",\"isPartOf\":{\"@id\":\"https:\/\/psol50.org.br\/#website\"},\"primaryImageOfPage\":{\"@id\":\"https:\/\/psol50.org.br\/nao-nos-calarao-nota-do-psol-sobre-a-representacao-contra-chico-alencar\/#primaryimage\"},\"image\":{\"@id\":\"https:\/\/psol50.org.br\/nao-nos-calarao-nota-do-psol-sobre-a-representacao-contra-chico-alencar\/#primaryimage\"},\"thumbnailUrl\":\"https:\/\/psol50.org.br\/inc\/uploads\/2015\/10\/Coletiva-resposta-PGR-sobre-Cunha-e1448897067621.jpg\",\"datePublished\":\"2015-10-29T19:50:10+00:00\",\"breadcrumb\":{\"@id\":\"https:\/\/psol50.org.br\/nao-nos-calarao-nota-do-psol-sobre-a-representacao-contra-chico-alencar\/#breadcrumb\"},\"inLanguage\":\"pt-BR\",\"potentialAction\":[{\"@type\":\"ReadAction\",\"target\":[\"https:\/\/psol50.org.br\/nao-nos-calarao-nota-do-psol-sobre-a-representacao-contra-chico-alencar\/\"]}]},{\"@type\":\"ImageObject\",\"inLanguage\":\"pt-BR\",\"@id\":\"https:\/\/psol50.org.br\/nao-nos-calarao-nota-do-psol-sobre-a-representacao-contra-chico-alencar\/#primaryimage\",\"url\":\"https:\/\/psol50.org.br\/inc\/uploads\/2015\/10\/Coletiva-resposta-PGR-sobre-Cunha-e1448897067621.jpg\",\"contentUrl\":\"https:\/\/psol50.org.br\/inc\/uploads\/2015\/10\/Coletiva-resposta-PGR-sobre-Cunha-e1448897067621.jpg\",\"width\":1000,\"height\":665},{\"@type\":\"BreadcrumbList\",\"@id\":\"https:\/\/psol50.org.br\/nao-nos-calarao-nota-do-psol-sobre-a-representacao-contra-chico-alencar\/#breadcrumb\",\"itemListElement\":[{\"@type\":\"ListItem\",\"position\":1,\"name\":\"In\u00edcio\",\"item\":\"https:\/\/psol50.org.br\/\"},{\"@type\":\"ListItem\",\"position\":2,\"name\":\"N\u00e3o nos calar\u00e3o! Nota do PSOL sobre a representa\u00e7\u00e3o contra Chico Alencar\"}]},{\"@type\":\"WebSite\",\"@id\":\"https:\/\/psol50.org.br\/#website\",\"url\":\"https:\/\/psol50.org.br\/\",\"name\":\"PSOL 50\",\"description\":\"Site oficial do Partido Socialismo e Liberdade\",\"publisher\":{\"@id\":\"https:\/\/psol50.org.br\/#organization\"},\"alternateName\":\"PSOL50\",\"potentialAction\":[{\"@type\":\"SearchAction\",\"target\":{\"@type\":\"EntryPoint\",\"urlTemplate\":\"https:\/\/psol50.org.br\/?s={search_term_string}\"},\"query-input\":{\"@type\":\"PropertyValueSpecification\",\"valueRequired\":true,\"valueName\":\"search_term_string\"}}],\"inLanguage\":\"pt-BR\"},{\"@type\":\"Organization\",\"@id\":\"https:\/\/psol50.org.br\/#organization\",\"name\":\"PSOL 50\",\"alternateName\":\"PSOL 50\",\"url\":\"https:\/\/psol50.org.br\/\",\"logo\":{\"@type\":\"ImageObject\",\"inLanguage\":\"pt-BR\",\"@id\":\"https:\/\/psol50.org.br\/#\/schema\/logo\/image\/\",\"url\":\"https:\/\/psol50.org.br\/inc\/uploads\/2018\/07\/capa.png\",\"contentUrl\":\"https:\/\/psol50.org.br\/inc\/uploads\/2018\/07\/capa.png\",\"width\":1350,\"height\":900,\"caption\":\"PSOL 50\"},\"image\":{\"@id\":\"https:\/\/psol50.org.br\/#\/schema\/logo\/image\/\"},\"sameAs\":[\"https:\/\/www.facebook.com\/psol50\",\"https:\/\/x.com\/psol50\",\"https:\/\/www.instagram.com\/psol50\/\",\"https:\/\/www.youtube.com\/channel\/UC7SnJS5o1os7a6CaiNabzcg\"]},{\"@type\":\"Person\",\"@id\":\"https:\/\/psol50.org.br\/#\/schema\/person\/475dfa57d0b815993c714c2e96491fcd\",\"name\":\"Comunica\u00e7\u00e3o PSOL\",\"image\":{\"@type\":\"ImageObject\",\"inLanguage\":\"pt-BR\",\"@id\":\"https:\/\/psol50.org.br\/#\/schema\/person\/image\/\",\"url\":\"https:\/\/secure.gravatar.com\/avatar\/b34fc4f4e468a4e51785917065a3db57b841f5c95dba6ad8c73aaf8f66f8f9bf?s=96&d=mm&r=g\",\"contentUrl\":\"https:\/\/secure.gravatar.com\/avatar\/b34fc4f4e468a4e51785917065a3db57b841f5c95dba6ad8c73aaf8f66f8f9bf?s=96&d=mm&r=g\",\"caption\":\"Comunica\u00e7\u00e3o PSOL\"}}]}<\/script>\n<!-- \/ Yoast SEO plugin. -->","yoast_head_json":{"title":"N\u00e3o nos calar\u00e3o! Nota do PSOL sobre a representa\u00e7\u00e3o contra Chico Alencar - PSOL 50","robots":{"index":"index","follow":"follow","max-snippet":"max-snippet:-1","max-image-preview":"max-image-preview:large","max-video-preview":"max-video-preview:-1"},"canonical":"https:\/\/psol50.org.br\/nao-nos-calarao-nota-do-psol-sobre-a-representacao-contra-chico-alencar\/","og_locale":"pt_BR","og_type":"article","og_title":"N\u00e3o nos calar\u00e3o! Nota do PSOL sobre a representa\u00e7\u00e3o contra Chico Alencar - PSOL 50","og_description":"Neste dia 29 de outubro o Solidariedade, atrav\u00e9s de seu presidente nacional, deputado Paulo Pereira da Silva (SD\/SP), protocolou junto ao Conselho de \u00c9tica da C\u00e2mara dos Deputados uma representa\u00e7\u00e3o contra o deputado Chico Alencar (PSOL\/RJ), l\u00edder do PSOL e uma das principais lideran\u00e7as nacionais que exigem o afastamento de Eduardo Cunha. A iniciativa do [&hellip;]","og_url":"https:\/\/psol50.org.br\/nao-nos-calarao-nota-do-psol-sobre-a-representacao-contra-chico-alencar\/","og_site_name":"PSOL 50","article_publisher":"https:\/\/www.facebook.com\/psol50","article_published_time":"2015-10-29T19:50:10+00:00","og_image":[{"width":1000,"height":665,"url":"https:\/\/psol50.org.br\/inc\/uploads\/2015\/10\/Coletiva-resposta-PGR-sobre-Cunha-e1448897067621.jpg","type":"image\/jpeg"}],"author":"Comunica\u00e7\u00e3o PSOL","twitter_card":"summary_large_image","twitter_creator":"@psol50","twitter_site":"@psol50","twitter_misc":{"Escrito por":"Comunica\u00e7\u00e3o PSOL","Est. tempo de leitura":"1 minuto"},"schema":{"@context":"https:\/\/schema.org","@graph":[{"@type":"Article","@id":"https:\/\/psol50.org.br\/nao-nos-calarao-nota-do-psol-sobre-a-representacao-contra-chico-alencar\/#article","isPartOf":{"@id":"https:\/\/psol50.org.br\/nao-nos-calarao-nota-do-psol-sobre-a-representacao-contra-chico-alencar\/"},"author":{"name":"Comunica\u00e7\u00e3o PSOL","@id":"https:\/\/psol50.org.br\/#\/schema\/person\/475dfa57d0b815993c714c2e96491fcd"},"headline":"N\u00e3o nos calar\u00e3o! Nota do PSOL sobre a representa\u00e7\u00e3o contra Chico Alencar","datePublished":"2015-10-29T19:50:10+00:00","mainEntityOfPage":{"@id":"https:\/\/psol50.org.br\/nao-nos-calarao-nota-do-psol-sobre-a-representacao-contra-chico-alencar\/"},"wordCount":301,"commentCount":3,"publisher":{"@id":"https:\/\/psol50.org.br\/#organization"},"image":{"@id":"https:\/\/psol50.org.br\/nao-nos-calarao-nota-do-psol-sobre-a-representacao-contra-chico-alencar\/#primaryimage"},"thumbnailUrl":"https:\/\/psol50.org.br\/inc\/uploads\/2015\/10\/Coletiva-resposta-PGR-sobre-Cunha-e1448897067621.jpg","keywords":["Bancada do PSOL","Chico Alencar","Diret\u00f3rio Nacional do PSOL","Eduardo Cunha","Paulinho da For\u00e7a","PSOL","Solidariedade"],"articleSection":["A\u00e7\u00e3o Parlamentar","Brasil","Not\u00edcias","Partido"],"inLanguage":"pt-BR","potentialAction":[{"@type":"CommentAction","name":"Comment","target":["https:\/\/psol50.org.br\/nao-nos-calarao-nota-do-psol-sobre-a-representacao-contra-chico-alencar\/#respond"]}]},{"@type":"WebPage","@id":"https:\/\/psol50.org.br\/nao-nos-calarao-nota-do-psol-sobre-a-representacao-contra-chico-alencar\/","url":"https:\/\/psol50.org.br\/nao-nos-calarao-nota-do-psol-sobre-a-representacao-contra-chico-alencar\/","name":"N\u00e3o nos calar\u00e3o! Nota do PSOL sobre a representa\u00e7\u00e3o contra Chico Alencar - PSOL 50","isPartOf":{"@id":"https:\/\/psol50.org.br\/#website"},"primaryImageOfPage":{"@id":"https:\/\/psol50.org.br\/nao-nos-calarao-nota-do-psol-sobre-a-representacao-contra-chico-alencar\/#primaryimage"},"image":{"@id":"https:\/\/psol50.org.br\/nao-nos-calarao-nota-do-psol-sobre-a-representacao-contra-chico-alencar\/#primaryimage"},"thumbnailUrl":"https:\/\/psol50.org.br\/inc\/uploads\/2015\/10\/Coletiva-resposta-PGR-sobre-Cunha-e1448897067621.jpg","datePublished":"2015-10-29T19:50:10+00:00","breadcrumb":{"@id":"https:\/\/psol50.org.br\/nao-nos-calarao-nota-do-psol-sobre-a-representacao-contra-chico-alencar\/#breadcrumb"},"inLanguage":"pt-BR","potentialAction":[{"@type":"ReadAction","target":["https:\/\/psol50.org.br\/nao-nos-calarao-nota-do-psol-sobre-a-representacao-contra-chico-alencar\/"]}]},{"@type":"ImageObject","inLanguage":"pt-BR","@id":"https:\/\/psol50.org.br\/nao-nos-calarao-nota-do-psol-sobre-a-representacao-contra-chico-alencar\/#primaryimage","url":"https:\/\/psol50.org.br\/inc\/uploads\/2015\/10\/Coletiva-resposta-PGR-sobre-Cunha-e1448897067621.jpg","contentUrl":"https:\/\/psol50.org.br\/inc\/uploads\/2015\/10\/Coletiva-resposta-PGR-sobre-Cunha-e1448897067621.jpg","width":1000,"height":665},{"@type":"BreadcrumbList","@id":"https:\/\/psol50.org.br\/nao-nos-calarao-nota-do-psol-sobre-a-representacao-contra-chico-alencar\/#breadcrumb","itemListElement":[{"@type":"ListItem","position":1,"name":"In\u00edcio","item":"https:\/\/psol50.org.br\/"},{"@type":"ListItem","position":2,"name":"N\u00e3o nos calar\u00e3o! Nota do PSOL sobre a representa\u00e7\u00e3o contra Chico Alencar"}]},{"@type":"WebSite","@id":"https:\/\/psol50.org.br\/#website","url":"https:\/\/psol50.org.br\/","name":"PSOL 50","description":"Site oficial do Partido Socialismo e Liberdade","publisher":{"@id":"https:\/\/psol50.org.br\/#organization"},"alternateName":"PSOL50","potentialAction":[{"@type":"SearchAction","target":{"@type":"EntryPoint","urlTemplate":"https:\/\/psol50.org.br\/?s={search_term_string}"},"query-input":{"@type":"PropertyValueSpecification","valueRequired":true,"valueName":"search_term_string"}}],"inLanguage":"pt-BR"},{"@type":"Organization","@id":"https:\/\/psol50.org.br\/#organization","name":"PSOL 50","alternateName":"PSOL 50","url":"https:\/\/psol50.org.br\/","logo":{"@type":"ImageObject","inLanguage":"pt-BR","@id":"https:\/\/psol50.org.br\/#\/schema\/logo\/image\/","url":"https:\/\/psol50.org.br\/inc\/uploads\/2018\/07\/capa.png","contentUrl":"https:\/\/psol50.org.br\/inc\/uploads\/2018\/07\/capa.png","width":1350,"height":900,"caption":"PSOL 50"},"image":{"@id":"https:\/\/psol50.org.br\/#\/schema\/logo\/image\/"},"sameAs":["https:\/\/www.facebook.com\/psol50","https:\/\/x.com\/psol50","https:\/\/www.instagram.com\/psol50\/","https:\/\/www.youtube.com\/channel\/UC7SnJS5o1os7a6CaiNabzcg"]},{"@type":"Person","@id":"https:\/\/psol50.org.br\/#\/schema\/person\/475dfa57d0b815993c714c2e96491fcd","name":"Comunica\u00e7\u00e3o PSOL","image":{"@type":"ImageObject","inLanguage":"pt-BR","@id":"https:\/\/psol50.org.br\/#\/schema\/person\/image\/","url":"https:\/\/secure.gravatar.com\/avatar\/b34fc4f4e468a4e51785917065a3db57b841f5c95dba6ad8c73aaf8f66f8f9bf?s=96&d=mm&r=g","contentUrl":"https:\/\/secure.gravatar.com\/avatar\/b34fc4f4e468a4e51785917065a3db57b841f5c95dba6ad8c73aaf8f66f8f9bf?s=96&d=mm&r=g","caption":"Comunica\u00e7\u00e3o PSOL"}}]}},"_links":{"self":[{"href":"https:\/\/psol50.org.br\/rest\/wp\/v2\/posts\/10443","targetHints":{"allow":["GET"]}}],"collection":[{"href":"https:\/\/psol50.org.br\/rest\/wp\/v2\/posts"}],"about":[{"href":"https:\/\/psol50.org.br\/rest\/wp\/v2\/types\/post"}],"author":[{"embeddable":true,"href":"https:\/\/psol50.org.br\/rest\/wp\/v2\/users\/2"}],"replies":[{"embeddable":true,"href":"https:\/\/psol50.org.br\/rest\/wp\/v2\/comments?post=10443"}],"version-history":[{"count":0,"href":"https:\/\/psol50.org.br\/rest\/wp\/v2\/posts\/10443\/revisions"}],"wp:featuredmedia":[{"embeddable":true,"href":"https:\/\/psol50.org.br\/rest\/wp\/v2\/media\/10444"}],"wp:attachment":[{"href":"https:\/\/psol50.org.br\/rest\/wp\/v2\/media?parent=10443"}],"wp:term":[{"taxonomy":"category","embeddable":true,"href":"https:\/\/psol50.org.br\/rest\/wp\/v2\/categories?post=10443"},{"taxonomy":"post_tag","embeddable":true,"href":"https:\/\/psol50.org.br\/rest\/wp\/v2\/tags?post=10443"}],"curies":[{"name":"wp","href":"https:\/\/api.w.org\/{rel}","templated":true}]}}