{"id":10449,"date":"2015-10-30T18:04:09","date_gmt":"2015-10-30T18:04:09","guid":{"rendered":"http:\/\/www.psol50.org.br\/?p=10449"},"modified":"2015-10-30T18:04:09","modified_gmt":"2015-10-30T18:04:09","slug":"durante-manifestacao-movimento-passe-livre-pede-tarifa-zero-na-capital-paulista","status":"publish","type":"post","link":"https:\/\/psol50.org.br\/durante-manifestacao-movimento-passe-livre-pede-tarifa-zero-na-capital-paulista\/","title":{"rendered":"Durante manifesta\u00e7\u00e3o, MPL pede tarifa zero na capital paulista"},"content":{"rendered":"<p>Manifesta\u00e7\u00e3o realizada nesta quinta-feira (29\/10) \u00e0 noite pelo <a href=\"https:\/\/www.facebook.com\/passelivresp\">Movimento Passe Livre<\/a> (MPL), com concentra\u00e7\u00e3o em frente ao Teatro Municipal, no centro da capital paulista, pediu tarifa zero no transporte p\u00fablico. Cerca de 70 policiais da For\u00e7a T\u00e1tica, vestidos de preto, capacetes e escudos, estavam no local. Os manifestantes sa\u00edram em passeata por volta das 19h pelas ruas do centro.<br \/>\nRepresentantes do movimento afirmaram que, apesar das mudan\u00e7as no transporte &#8211; como passe livre para estudantes, faixas de \u00f4nibus e ciclovias &#8211; os \u00f4nibus e trens continuam lotados.<br \/>\n&#8220;Defendemos o transporte realmente p\u00fablico, com tarifa zero&#8221;, disse a militante do MPL Let\u00edcia Cardoso. Segundo os l\u00edderes do movimento, o transporte n\u00e3o deve ser tratado como mercadoria e o lucro dos empres\u00e1rios n\u00e3o \u00e9 prioridade, mas sim a seguran\u00e7a e o conforto da popula\u00e7\u00e3o.<br \/>\n&#8220;O abuso de mulheres no transporte est\u00e1 atrelado \u00e0 superlota\u00e7\u00e3o&#8221;, acrescentou Let\u00edcia. Segundo ela, para obter mais lucro os empres\u00e1rios n\u00e3o aumentam a frota nas ruas e deixam que os \u00f4nibus fiquem lotados. &#8220;Essa precariza\u00e7\u00e3o est\u00e1 ligada ao lucro (das empresas de transporte)&#8221;, disse.<br \/>\nDe acordo com o MPL, a manifesta\u00e7\u00e3o tamb\u00e9m fez refer\u00eancia ao Dia Nacional de Luta pelo Passe Livre, em 26 de outubro &#8211; data da aprova\u00e7\u00e3o da tarifa zero para estudantes em Florian\u00f3polis, em 2004.<br \/>\n<strong>Bras\u00edlia<\/strong><br \/>\nNo Distrito Federal, o Movimento Passe Livre participou de manifesta\u00e7\u00e3o no final da tarde desta quinta-feira (29\/10), como parte da semana de lutas pela tarifa zero. Os militantes se juntaram aos professores do DF, que est\u00e3o em greve desde o dia 15 de outubro. Na tarde de quarta-feira (28\/10), grevistas foram agredidos por policiais militares, quando dispersavam da manifesta\u00e7\u00e3o, no Eix\u00e3o, regi\u00e3o central de Bras\u00edlia. Professores e outras categorias de servidores p\u00fablicos exigem do governo de Rodrigo Rollemberg o pagamento da \u00faltima parcela do reajuste salarial, que deveria ter sido paga em setembro, com base em acordo firmado em 2013.<br \/>\nAo se juntar aos professores, o <a href=\"https:\/\/www.facebook.com\/mpldf\">MPL-DF<\/a> prestou a sua solidariedade \u00e0 greve e \u00e0s v\u00edtimas da trucul\u00eancia da PM.\u00a0 A concentra\u00e7\u00e3o foi na Rodovi\u00e1ria do Plano Piloto.<br \/>\n<em>Com informa\u00e7\u00f5es da <a href=\"http:\/\/agenciabrasil.ebc.com.br\/\">Ag\u00eancia Brasil<\/a><\/em><\/p>\n","protected":false},"excerpt":{"rendered":"<p>Manifesta\u00e7\u00e3o realizada nesta quinta-feira (29\/10) \u00e0 noite pelo Movimento Passe Livre (MPL), com concentra\u00e7\u00e3o em frente ao Teatro Municipal, no centro da capital paulista, pediu tarifa zero no transporte p\u00fablico. Cerca de 70 policiais da For\u00e7a T\u00e1tica, vestidos de preto, capacetes e escudos, estavam no local. Os manifestantes sa\u00edram em passeata por volta das 19h [&hellip;]<\/p>\n","protected":false},"author":2,"featured_media":10455,"comment_status":"open","ping_status":"open","sticky":false,"template":"","format":"standard","meta":{"_acf_changed":false,"footnotes":""},"categories":[1104,6],"tags":[2161,3894,1530,2163,301],"class_list":{"0":"post-10449","1":"post","2":"type-post","3":"status-publish","4":"format-standard","5":"has-post-thumbnail","7":"category-movimento","8":"category-noticias","9":"tag-movimento-passe-livre","10":"tag-mpl","11":"tag-onibus","12":"tag-tarifa-zero","13":"tag-transporte"},"acf":[],"yoast_head":"<!-- This site is optimized with the Yoast SEO plugin v26.5 - https:\/\/yoast.com\/wordpress\/plugins\/seo\/ -->\n<title>Durante manifesta\u00e7\u00e3o, MPL pede tarifa zero na capital paulista - PSOL 50<\/title>\n<meta name=\"robots\" content=\"index, follow, max-snippet:-1, max-image-preview:large, max-video-preview:-1\" \/>\n<link rel=\"canonical\" href=\"https:\/\/psol50.org.br\/durante-manifestacao-movimento-passe-livre-pede-tarifa-zero-na-capital-paulista\/\" \/>\n<meta property=\"og:locale\" content=\"pt_BR\" \/>\n<meta property=\"og:type\" content=\"article\" \/>\n<meta property=\"og:title\" content=\"Durante manifesta\u00e7\u00e3o, MPL pede tarifa zero na capital paulista - PSOL 50\" \/>\n<meta property=\"og:description\" content=\"Manifesta\u00e7\u00e3o realizada nesta quinta-feira (29\/10) \u00e0 noite pelo Movimento Passe Livre (MPL), com concentra\u00e7\u00e3o em frente ao Teatro Municipal, no centro da capital paulista, pediu tarifa zero no transporte p\u00fablico. Cerca de 70 policiais da For\u00e7a T\u00e1tica, vestidos de preto, capacetes e escudos, estavam no local. Os manifestantes sa\u00edram em passeata por volta das 19h [&hellip;]\" \/>\n<meta property=\"og:url\" content=\"https:\/\/psol50.org.br\/durante-manifestacao-movimento-passe-livre-pede-tarifa-zero-na-capital-paulista\/\" \/>\n<meta property=\"og:site_name\" content=\"PSOL 50\" \/>\n<meta property=\"article:publisher\" content=\"https:\/\/www.facebook.com\/psol50\" \/>\n<meta property=\"article:published_time\" content=\"2015-10-30T18:04:09+00:00\" \/>\n<meta property=\"og:image\" content=\"https:\/\/psol50.org.br\/inc\/uploads\/2015\/10\/Passe-Livre-e1448897056418.jpg\" \/>\n\t<meta property=\"og:image:width\" content=\"1000\" \/>\n\t<meta property=\"og:image:height\" content=\"563\" \/>\n\t<meta property=\"og:image:type\" content=\"image\/jpeg\" \/>\n<meta name=\"author\" content=\"Comunica\u00e7\u00e3o PSOL\" \/>\n<meta name=\"twitter:card\" content=\"summary_large_image\" \/>\n<meta name=\"twitter:creator\" content=\"@psol50\" \/>\n<meta name=\"twitter:site\" content=\"@psol50\" \/>\n<meta name=\"twitter:label1\" content=\"Escrito por\" \/>\n\t<meta name=\"twitter:data1\" content=\"Comunica\u00e7\u00e3o PSOL\" \/>\n\t<meta name=\"twitter:label2\" content=\"Est. tempo de leitura\" \/>\n\t<meta name=\"twitter:data2\" content=\"2 minutos\" \/>\n<script type=\"application\/ld+json\" class=\"yoast-schema-graph\">{\"@context\":\"https:\/\/schema.org\",\"@graph\":[{\"@type\":\"Article\",\"@id\":\"https:\/\/psol50.org.br\/durante-manifestacao-movimento-passe-livre-pede-tarifa-zero-na-capital-paulista\/#article\",\"isPartOf\":{\"@id\":\"https:\/\/psol50.org.br\/durante-manifestacao-movimento-passe-livre-pede-tarifa-zero-na-capital-paulista\/\"},\"author\":{\"name\":\"Comunica\u00e7\u00e3o PSOL\",\"@id\":\"https:\/\/psol50.org.br\/#\/schema\/person\/475dfa57d0b815993c714c2e96491fcd\"},\"headline\":\"Durante manifesta\u00e7\u00e3o, MPL pede tarifa zero na capital paulista\",\"datePublished\":\"2015-10-30T18:04:09+00:00\",\"mainEntityOfPage\":{\"@id\":\"https:\/\/psol50.org.br\/durante-manifestacao-movimento-passe-livre-pede-tarifa-zero-na-capital-paulista\/\"},\"wordCount\":382,\"commentCount\":0,\"publisher\":{\"@id\":\"https:\/\/psol50.org.br\/#organization\"},\"image\":{\"@id\":\"https:\/\/psol50.org.br\/durante-manifestacao-movimento-passe-livre-pede-tarifa-zero-na-capital-paulista\/#primaryimage\"},\"thumbnailUrl\":\"https:\/\/psol50.org.br\/inc\/uploads\/2015\/10\/Passe-Livre-e1448897056418.jpg\",\"keywords\":[\"Movimento Passe Livre\",\"MPL\",\"\u00f4nibus\",\"tarifa zero\",\"transporte\"],\"articleSection\":[\"Movimento\",\"Not\u00edcias\"],\"inLanguage\":\"pt-BR\",\"potentialAction\":[{\"@type\":\"CommentAction\",\"name\":\"Comment\",\"target\":[\"https:\/\/psol50.org.br\/durante-manifestacao-movimento-passe-livre-pede-tarifa-zero-na-capital-paulista\/#respond\"]}]},{\"@type\":\"WebPage\",\"@id\":\"https:\/\/psol50.org.br\/durante-manifestacao-movimento-passe-livre-pede-tarifa-zero-na-capital-paulista\/\",\"url\":\"https:\/\/psol50.org.br\/durante-manifestacao-movimento-passe-livre-pede-tarifa-zero-na-capital-paulista\/\",\"name\":\"Durante manifesta\u00e7\u00e3o, MPL pede tarifa zero na capital paulista - PSOL 50\",\"isPartOf\":{\"@id\":\"https:\/\/psol50.org.br\/#website\"},\"primaryImageOfPage\":{\"@id\":\"https:\/\/psol50.org.br\/durante-manifestacao-movimento-passe-livre-pede-tarifa-zero-na-capital-paulista\/#primaryimage\"},\"image\":{\"@id\":\"https:\/\/psol50.org.br\/durante-manifestacao-movimento-passe-livre-pede-tarifa-zero-na-capital-paulista\/#primaryimage\"},\"thumbnailUrl\":\"https:\/\/psol50.org.br\/inc\/uploads\/2015\/10\/Passe-Livre-e1448897056418.jpg\",\"datePublished\":\"2015-10-30T18:04:09+00:00\",\"breadcrumb\":{\"@id\":\"https:\/\/psol50.org.br\/durante-manifestacao-movimento-passe-livre-pede-tarifa-zero-na-capital-paulista\/#breadcrumb\"},\"inLanguage\":\"pt-BR\",\"potentialAction\":[{\"@type\":\"ReadAction\",\"target\":[\"https:\/\/psol50.org.br\/durante-manifestacao-movimento-passe-livre-pede-tarifa-zero-na-capital-paulista\/\"]}]},{\"@type\":\"ImageObject\",\"inLanguage\":\"pt-BR\",\"@id\":\"https:\/\/psol50.org.br\/durante-manifestacao-movimento-passe-livre-pede-tarifa-zero-na-capital-paulista\/#primaryimage\",\"url\":\"https:\/\/psol50.org.br\/inc\/uploads\/2015\/10\/Passe-Livre-e1448897056418.jpg\",\"contentUrl\":\"https:\/\/psol50.org.br\/inc\/uploads\/2015\/10\/Passe-Livre-e1448897056418.jpg\",\"width\":1000,\"height\":563},{\"@type\":\"BreadcrumbList\",\"@id\":\"https:\/\/psol50.org.br\/durante-manifestacao-movimento-passe-livre-pede-tarifa-zero-na-capital-paulista\/#breadcrumb\",\"itemListElement\":[{\"@type\":\"ListItem\",\"position\":1,\"name\":\"In\u00edcio\",\"item\":\"https:\/\/psol50.org.br\/\"},{\"@type\":\"ListItem\",\"position\":2,\"name\":\"Durante manifesta\u00e7\u00e3o, MPL pede tarifa zero na capital paulista\"}]},{\"@type\":\"WebSite\",\"@id\":\"https:\/\/psol50.org.br\/#website\",\"url\":\"https:\/\/psol50.org.br\/\",\"name\":\"PSOL 50\",\"description\":\"Site oficial do Partido Socialismo e Liberdade\",\"publisher\":{\"@id\":\"https:\/\/psol50.org.br\/#organization\"},\"alternateName\":\"PSOL50\",\"potentialAction\":[{\"@type\":\"SearchAction\",\"target\":{\"@type\":\"EntryPoint\",\"urlTemplate\":\"https:\/\/psol50.org.br\/?s={search_term_string}\"},\"query-input\":{\"@type\":\"PropertyValueSpecification\",\"valueRequired\":true,\"valueName\":\"search_term_string\"}}],\"inLanguage\":\"pt-BR\"},{\"@type\":\"Organization\",\"@id\":\"https:\/\/psol50.org.br\/#organization\",\"name\":\"PSOL 50\",\"alternateName\":\"PSOL 50\",\"url\":\"https:\/\/psol50.org.br\/\",\"logo\":{\"@type\":\"ImageObject\",\"inLanguage\":\"pt-BR\",\"@id\":\"https:\/\/psol50.org.br\/#\/schema\/logo\/image\/\",\"url\":\"https:\/\/psol50.org.br\/inc\/uploads\/2018\/07\/capa.png\",\"contentUrl\":\"https:\/\/psol50.org.br\/inc\/uploads\/2018\/07\/capa.png\",\"width\":1350,\"height\":900,\"caption\":\"PSOL 50\"},\"image\":{\"@id\":\"https:\/\/psol50.org.br\/#\/schema\/logo\/image\/\"},\"sameAs\":[\"https:\/\/www.facebook.com\/psol50\",\"https:\/\/x.com\/psol50\",\"https:\/\/www.instagram.com\/psol50\/\",\"https:\/\/www.youtube.com\/channel\/UC7SnJS5o1os7a6CaiNabzcg\"]},{\"@type\":\"Person\",\"@id\":\"https:\/\/psol50.org.br\/#\/schema\/person\/475dfa57d0b815993c714c2e96491fcd\",\"name\":\"Comunica\u00e7\u00e3o PSOL\",\"image\":{\"@type\":\"ImageObject\",\"inLanguage\":\"pt-BR\",\"@id\":\"https:\/\/psol50.org.br\/#\/schema\/person\/image\/\",\"url\":\"https:\/\/secure.gravatar.com\/avatar\/b34fc4f4e468a4e51785917065a3db57b841f5c95dba6ad8c73aaf8f66f8f9bf?s=96&d=mm&r=g\",\"contentUrl\":\"https:\/\/secure.gravatar.com\/avatar\/b34fc4f4e468a4e51785917065a3db57b841f5c95dba6ad8c73aaf8f66f8f9bf?s=96&d=mm&r=g\",\"caption\":\"Comunica\u00e7\u00e3o PSOL\"}}]}<\/script>\n<!-- \/ Yoast SEO plugin. -->","yoast_head_json":{"title":"Durante manifesta\u00e7\u00e3o, MPL pede tarifa zero na capital paulista - PSOL 50","robots":{"index":"index","follow":"follow","max-snippet":"max-snippet:-1","max-image-preview":"max-image-preview:large","max-video-preview":"max-video-preview:-1"},"canonical":"https:\/\/psol50.org.br\/durante-manifestacao-movimento-passe-livre-pede-tarifa-zero-na-capital-paulista\/","og_locale":"pt_BR","og_type":"article","og_title":"Durante manifesta\u00e7\u00e3o, MPL pede tarifa zero na capital paulista - PSOL 50","og_description":"Manifesta\u00e7\u00e3o realizada nesta quinta-feira (29\/10) \u00e0 noite pelo Movimento Passe Livre (MPL), com concentra\u00e7\u00e3o em frente ao Teatro Municipal, no centro da capital paulista, pediu tarifa zero no transporte p\u00fablico. Cerca de 70 policiais da For\u00e7a T\u00e1tica, vestidos de preto, capacetes e escudos, estavam no local. Os manifestantes sa\u00edram em passeata por volta das 19h [&hellip;]","og_url":"https:\/\/psol50.org.br\/durante-manifestacao-movimento-passe-livre-pede-tarifa-zero-na-capital-paulista\/","og_site_name":"PSOL 50","article_publisher":"https:\/\/www.facebook.com\/psol50","article_published_time":"2015-10-30T18:04:09+00:00","og_image":[{"width":1000,"height":563,"url":"https:\/\/psol50.org.br\/inc\/uploads\/2015\/10\/Passe-Livre-e1448897056418.jpg","type":"image\/jpeg"}],"author":"Comunica\u00e7\u00e3o PSOL","twitter_card":"summary_large_image","twitter_creator":"@psol50","twitter_site":"@psol50","twitter_misc":{"Escrito por":"Comunica\u00e7\u00e3o PSOL","Est. tempo de leitura":"2 minutos"},"schema":{"@context":"https:\/\/schema.org","@graph":[{"@type":"Article","@id":"https:\/\/psol50.org.br\/durante-manifestacao-movimento-passe-livre-pede-tarifa-zero-na-capital-paulista\/#article","isPartOf":{"@id":"https:\/\/psol50.org.br\/durante-manifestacao-movimento-passe-livre-pede-tarifa-zero-na-capital-paulista\/"},"author":{"name":"Comunica\u00e7\u00e3o PSOL","@id":"https:\/\/psol50.org.br\/#\/schema\/person\/475dfa57d0b815993c714c2e96491fcd"},"headline":"Durante manifesta\u00e7\u00e3o, MPL pede tarifa zero na capital paulista","datePublished":"2015-10-30T18:04:09+00:00","mainEntityOfPage":{"@id":"https:\/\/psol50.org.br\/durante-manifestacao-movimento-passe-livre-pede-tarifa-zero-na-capital-paulista\/"},"wordCount":382,"commentCount":0,"publisher":{"@id":"https:\/\/psol50.org.br\/#organization"},"image":{"@id":"https:\/\/psol50.org.br\/durante-manifestacao-movimento-passe-livre-pede-tarifa-zero-na-capital-paulista\/#primaryimage"},"thumbnailUrl":"https:\/\/psol50.org.br\/inc\/uploads\/2015\/10\/Passe-Livre-e1448897056418.jpg","keywords":["Movimento Passe Livre","MPL","\u00f4nibus","tarifa zero","transporte"],"articleSection":["Movimento","Not\u00edcias"],"inLanguage":"pt-BR","potentialAction":[{"@type":"CommentAction","name":"Comment","target":["https:\/\/psol50.org.br\/durante-manifestacao-movimento-passe-livre-pede-tarifa-zero-na-capital-paulista\/#respond"]}]},{"@type":"WebPage","@id":"https:\/\/psol50.org.br\/durante-manifestacao-movimento-passe-livre-pede-tarifa-zero-na-capital-paulista\/","url":"https:\/\/psol50.org.br\/durante-manifestacao-movimento-passe-livre-pede-tarifa-zero-na-capital-paulista\/","name":"Durante manifesta\u00e7\u00e3o, MPL pede tarifa zero na capital paulista - PSOL 50","isPartOf":{"@id":"https:\/\/psol50.org.br\/#website"},"primaryImageOfPage":{"@id":"https:\/\/psol50.org.br\/durante-manifestacao-movimento-passe-livre-pede-tarifa-zero-na-capital-paulista\/#primaryimage"},"image":{"@id":"https:\/\/psol50.org.br\/durante-manifestacao-movimento-passe-livre-pede-tarifa-zero-na-capital-paulista\/#primaryimage"},"thumbnailUrl":"https:\/\/psol50.org.br\/inc\/uploads\/2015\/10\/Passe-Livre-e1448897056418.jpg","datePublished":"2015-10-30T18:04:09+00:00","breadcrumb":{"@id":"https:\/\/psol50.org.br\/durante-manifestacao-movimento-passe-livre-pede-tarifa-zero-na-capital-paulista\/#breadcrumb"},"inLanguage":"pt-BR","potentialAction":[{"@type":"ReadAction","target":["https:\/\/psol50.org.br\/durante-manifestacao-movimento-passe-livre-pede-tarifa-zero-na-capital-paulista\/"]}]},{"@type":"ImageObject","inLanguage":"pt-BR","@id":"https:\/\/psol50.org.br\/durante-manifestacao-movimento-passe-livre-pede-tarifa-zero-na-capital-paulista\/#primaryimage","url":"https:\/\/psol50.org.br\/inc\/uploads\/2015\/10\/Passe-Livre-e1448897056418.jpg","contentUrl":"https:\/\/psol50.org.br\/inc\/uploads\/2015\/10\/Passe-Livre-e1448897056418.jpg","width":1000,"height":563},{"@type":"BreadcrumbList","@id":"https:\/\/psol50.org.br\/durante-manifestacao-movimento-passe-livre-pede-tarifa-zero-na-capital-paulista\/#breadcrumb","itemListElement":[{"@type":"ListItem","position":1,"name":"In\u00edcio","item":"https:\/\/psol50.org.br\/"},{"@type":"ListItem","position":2,"name":"Durante manifesta\u00e7\u00e3o, MPL pede tarifa zero na capital paulista"}]},{"@type":"WebSite","@id":"https:\/\/psol50.org.br\/#website","url":"https:\/\/psol50.org.br\/","name":"PSOL 50","description":"Site oficial do Partido Socialismo e Liberdade","publisher":{"@id":"https:\/\/psol50.org.br\/#organization"},"alternateName":"PSOL50","potentialAction":[{"@type":"SearchAction","target":{"@type":"EntryPoint","urlTemplate":"https:\/\/psol50.org.br\/?s={search_term_string}"},"query-input":{"@type":"PropertyValueSpecification","valueRequired":true,"valueName":"search_term_string"}}],"inLanguage":"pt-BR"},{"@type":"Organization","@id":"https:\/\/psol50.org.br\/#organization","name":"PSOL 50","alternateName":"PSOL 50","url":"https:\/\/psol50.org.br\/","logo":{"@type":"ImageObject","inLanguage":"pt-BR","@id":"https:\/\/psol50.org.br\/#\/schema\/logo\/image\/","url":"https:\/\/psol50.org.br\/inc\/uploads\/2018\/07\/capa.png","contentUrl":"https:\/\/psol50.org.br\/inc\/uploads\/2018\/07\/capa.png","width":1350,"height":900,"caption":"PSOL 50"},"image":{"@id":"https:\/\/psol50.org.br\/#\/schema\/logo\/image\/"},"sameAs":["https:\/\/www.facebook.com\/psol50","https:\/\/x.com\/psol50","https:\/\/www.instagram.com\/psol50\/","https:\/\/www.youtube.com\/channel\/UC7SnJS5o1os7a6CaiNabzcg"]},{"@type":"Person","@id":"https:\/\/psol50.org.br\/#\/schema\/person\/475dfa57d0b815993c714c2e96491fcd","name":"Comunica\u00e7\u00e3o PSOL","image":{"@type":"ImageObject","inLanguage":"pt-BR","@id":"https:\/\/psol50.org.br\/#\/schema\/person\/image\/","url":"https:\/\/secure.gravatar.com\/avatar\/b34fc4f4e468a4e51785917065a3db57b841f5c95dba6ad8c73aaf8f66f8f9bf?s=96&d=mm&r=g","contentUrl":"https:\/\/secure.gravatar.com\/avatar\/b34fc4f4e468a4e51785917065a3db57b841f5c95dba6ad8c73aaf8f66f8f9bf?s=96&d=mm&r=g","caption":"Comunica\u00e7\u00e3o PSOL"}}]}},"_links":{"self":[{"href":"https:\/\/psol50.org.br\/rest\/wp\/v2\/posts\/10449","targetHints":{"allow":["GET"]}}],"collection":[{"href":"https:\/\/psol50.org.br\/rest\/wp\/v2\/posts"}],"about":[{"href":"https:\/\/psol50.org.br\/rest\/wp\/v2\/types\/post"}],"author":[{"embeddable":true,"href":"https:\/\/psol50.org.br\/rest\/wp\/v2\/users\/2"}],"replies":[{"embeddable":true,"href":"https:\/\/psol50.org.br\/rest\/wp\/v2\/comments?post=10449"}],"version-history":[{"count":0,"href":"https:\/\/psol50.org.br\/rest\/wp\/v2\/posts\/10449\/revisions"}],"wp:featuredmedia":[{"embeddable":true,"href":"https:\/\/psol50.org.br\/rest\/wp\/v2\/media\/10455"}],"wp:attachment":[{"href":"https:\/\/psol50.org.br\/rest\/wp\/v2\/media?parent=10449"}],"wp:term":[{"taxonomy":"category","embeddable":true,"href":"https:\/\/psol50.org.br\/rest\/wp\/v2\/categories?post=10449"},{"taxonomy":"post_tag","embeddable":true,"href":"https:\/\/psol50.org.br\/rest\/wp\/v2\/tags?post=10449"}],"curies":[{"name":"wp","href":"https:\/\/api.w.org\/{rel}","templated":true}]}}