{"id":1045,"date":"2012-04-02T00:00:00","date_gmt":"2012-04-02T00:00:00","guid":{"rendered":"http:\/\/psol50.org.br\/arquivo\/2012\/04\/02\/manifestacao-publica-dos-povos-indigenas-kayabi-apiaka-e-munduruku\/"},"modified":"2012-04-02T00:00:00","modified_gmt":"2012-04-02T00:00:00","slug":"manifestacao-publica-dos-povos-indigenas-kayabi-apiaka-e-munduruku","status":"publish","type":"post","link":"https:\/\/psol50.org.br\/manifestacao-publica-dos-povos-indigenas-kayabi-apiaka-e-munduruku\/","title":{"rendered":"Manifesta\u00e7\u00e3o p\u00fablica dos povos ind\u00edgenas Kayabi, Apiak\u00e1 e Munduruku"},"content":{"rendered":"<p style=\"text-align: justify\"><a href=\"http:\/\/psol50.org.br\/blog\/2012\/04\/02\/manifestacao-publica-dos-povos-indigenas-kayabi-apiaka-e-munduruku\/kayabiapiakamunduruku\/\" rel=\"attachment wp-att-14744\"><img loading=\"lazy\" decoding=\"async\" class=\"alignleft size-full wp-image-14744\" src=\"http:\/\/psol50.org.br\/files\/2012\/04\/KayabiApiak%C3%A1Munduruku.jpg\" alt=\"\" width=\"320\" height=\"240\" \/><\/a>N\u00f3s, povos ind\u00edgenas Kayabi, Apiak\u00e1 e Munduruku, reunidos em Alta Floresta, viemos a p\u00fablico manifestar nossa discord\u00e2ncia em rela\u00e7\u00e3o \u00e0 constru\u00e7\u00e3o do empreendimento Usina Hidrel\u00e9trica de Teles Pires e chamar a aten\u00e7\u00e3o do Estado brasileiro, Poder executivo, legislativo e judici\u00e1rio, organiza\u00e7\u00f5es internacionais, institui\u00e7\u00f5es n\u00e3o governamentais, povos ind\u00edgenas e todos do povo brasileiro para o descumprimento de nossos direitos consagrados na Constitui\u00e7\u00e3o Federal e Conven\u00e7\u00e3o 169 da OIT.<\/p>\n<p style=\"text-align: justify\">Primeiramente, informamos que JAMAIS FOMOS CONSULTADOS acerca deste empreendimento.<\/p>\n<p style=\"text-align: justify\">Nesta semana o empreendedor apresentou para as nossas lideran\u00e7as o Plano B\u00e1sico Ambiental da Usina Hidrel\u00e9trica de Teles Pires. N\u00f3s povos ind\u00edgenas KAYABI, APIAKA e MUNDURUKU manifestamos publicamente que N\u00c3O ACEITAMOS O PLANO B\u00c1SICO AMBIENTAL APRESENTADO e que nestes dias n\u00e3o travamos quaisquer negocia\u00e7\u00f5es com o empreendimento que viola todos os nossos direitos desde o in\u00edcio de seu licenciamento.<\/p>\n<p style=\"text-align: justify\">Exigimos do Estado brasileiro que se comprometa com os direitos dos povos ind\u00edgenas e com seus compromissos internacionalmente firmados, agindo com boa f\u00e9.<\/p>\n<p style=\"text-align: justify\">N\u00e3o haver\u00e1 desenvolvimento econ\u00f4mico, social e aperfei\u00e7oamento democr\u00e1tico em nosso pa\u00eds enquanto os povos ind\u00edgenas n\u00e3o caminharem juntamente com o desenvolvimento, enquanto continuarmos a ser vistos como entraves ao desenvolvimento nacional e \u00e0 matriz energ\u00e9tica escolhida pelo governo.<\/p>\n<p style=\"text-align: justify\">Exigimos a imediata DEMARCA\u00c7\u00c3O DAS TERRAS IND\u00cdGENAS KAYABI, APIAK\u00c1 E MUNDURUKU, T.I. PONTAL DOS APIAK\u00c1S ISOLADOS, T.I. MUNDURUKU DO JEMANXIM NA CALHA DO M\u00c9DIO TAPAJ\u00d3S, E T.I. KAIABI DO BATEL\u00c3O, pois se o desenvolvimento nacional \u00e9 t\u00e3o importante, mais importante ainda \u00e9 que tamb\u00e9m fa\u00e7amos parte dele, deixando de ser exclu\u00eddos das a\u00e7\u00f5es do Estado que visam apenas o enriquecimento de financiadores de campanha do governo e n\u00e3o um verdadeiro desenvolvimento sustentado para a na\u00e7\u00e3o brasileira.<\/p>\n<p style=\"text-align: justify\">A regulariza\u00e7\u00e3o fundi\u00e1ria de nossas terras \u00e9 a \u00fanica coisa que poder\u00e1 salvaguardar nossos direitos frente aos processos de autoritarismo e viola\u00e7\u00e3o de direitos aos quais os povos ind\u00edgenas est\u00e3o sendo sujeitados pelo governo brasileiro.<\/p>\n<p style=\"text-align: justify\">N\u00e3o aceitamos discutir o Plano B\u00e1sico Ambiental proposto pelo empreendedor enquanto a regulariza\u00e7\u00e3o fundi\u00e1ria de nossas terras n\u00e3o estiver conclu\u00edda com a homologa\u00e7\u00e3o e registro. Depois das Terras demarcadas, homologadas e registradas, reivindicamos que o governo garanta um recurso financeiro para que sejam mantidos trabalhos de monitoramento e vigil\u00e2ncia nas Terras Ind\u00edgenas. Exigimos que o empreendedor ap\u00f3ie o governo nestas a\u00e7\u00f5es, internalizando em seus lucros todos os impactos f\u00edsicos, ambientais e s\u00f3cio-culturais aos quais j\u00e1 est\u00e1 submetendo os nossos povos e comunidades.<\/p>\n<p style=\"text-align: justify\">O Plano B\u00e1sico Ambiental apresentado nesta semana \u00e9 mais uma prova de desrespeito aos nossos direitos, inst\u00e2ncias pol\u00edticas e comunidades, jamais fomos consultados ou participamos de sua elabora\u00e7\u00e3o. O empreendedor pretende trocar nossos bens mais valiosos por projetos que se mostram ineficazes, \u00ednfimos e desconectados de nossas realidades locais.<\/p>\n<p style=\"text-align: justify\">Exigimos que ap\u00f3s a regulariza\u00e7\u00e3o fundi\u00e1ria de nossas terras o Plano B\u00e1sico Ambiental seja refeito pelas comunidades, com apoio t\u00e9cnico de organiza\u00e7\u00f5es n\u00e3o governamentais de nossa confian\u00e7a, que al\u00e9m de terem experi\u00eancia de longos anos de trabalho com povos ind\u00edgenas conhecem a realidade local, o modo de conduzir trabalhos com nossas comunidades.<\/p>\n<p style=\"text-align: justify\">Exigimos que o governo brasileiro interrompa imediatamente qualquer a\u00e7\u00e3o de constru\u00e7\u00e3o de hidrel\u00e9tricas na bacia dos rios Teles Pires, Juruena e Tapaj\u00f3s e abra um di\u00e1logo nacional sobre a matriz energ\u00e9tica brasileira.<\/p>\n<p style=\"text-align: justify\">N\u00e3o aceitaremos mais destrui\u00e7\u00e3o e morte em nossos rios e estamos dispostos a lutar pela integridade de nossa vida, liberdade e territ\u00f3rios contra toda viol\u00eancia e massacre aos quais estamos sendo submetidos.<\/p>\n<p style=\"text-align: justify\">Em honra aos compromissos assumidos pelo governo brasileiro e em honra ao respeito que a Companhia Hidrel\u00e9trica Teles Pires e\u00a0 Cons\u00f3rcio Teles Pires afirmam ter por nossos povos, esperamos que at\u00e9 dezembro de 2012 a demarca\u00e7\u00e3o de nossas terras j\u00e1 esteja assinada pela Presidente Dilma e registrada nos \u00f3rg\u00e3os competentes.<\/p>\n","protected":false},"excerpt":{"rendered":"<p>N\u00f3s, povos ind\u00edgenas Kayabi, Apiak\u00e1 e Munduruku, reunidos em Alta Floresta, viemos a p\u00fablico manifestar nossa discord\u00e2ncia em rela\u00e7\u00e3o \u00e0 constru\u00e7\u00e3o do empreendimento Usina Hidrel\u00e9trica de Teles Pires e chamar a aten\u00e7\u00e3o do Estado brasileiro, Poder executivo, legislativo e judici\u00e1rio, organiza\u00e7\u00f5es internacionais, institui\u00e7\u00f5es n\u00e3o governamentais, povos ind\u00edgenas e todos do povo brasileiro para o descumprimento [&hellip;]<\/p>\n","protected":false},"author":2,"featured_media":0,"comment_status":"open","ping_status":"open","sticky":false,"template":"","format":"standard","meta":{"_acf_changed":false,"footnotes":""},"categories":[4766],"tags":[],"class_list":{"0":"post-1045","1":"post","2":"type-post","3":"status-publish","4":"format-standard","6":"category-arquivo"},"acf":[],"yoast_head":"<!-- This site is optimized with the Yoast SEO plugin v26.5 - https:\/\/yoast.com\/wordpress\/plugins\/seo\/ -->\n<title>Manifesta\u00e7\u00e3o p\u00fablica dos povos ind\u00edgenas Kayabi, Apiak\u00e1 e Munduruku - PSOL 50<\/title>\n<meta name=\"robots\" content=\"index, follow, max-snippet:-1, max-image-preview:large, max-video-preview:-1\" \/>\n<link rel=\"canonical\" href=\"https:\/\/psol50.org.br\/manifestacao-publica-dos-povos-indigenas-kayabi-apiaka-e-munduruku\/\" \/>\n<meta property=\"og:locale\" content=\"pt_BR\" \/>\n<meta property=\"og:type\" content=\"article\" \/>\n<meta property=\"og:title\" content=\"Manifesta\u00e7\u00e3o p\u00fablica dos povos ind\u00edgenas Kayabi, Apiak\u00e1 e Munduruku - PSOL 50\" \/>\n<meta property=\"og:description\" content=\"N\u00f3s, povos ind\u00edgenas Kayabi, Apiak\u00e1 e Munduruku, reunidos em Alta Floresta, viemos a p\u00fablico manifestar nossa discord\u00e2ncia em rela\u00e7\u00e3o \u00e0 constru\u00e7\u00e3o do empreendimento Usina Hidrel\u00e9trica de Teles Pires e chamar a aten\u00e7\u00e3o do Estado brasileiro, Poder executivo, legislativo e judici\u00e1rio, organiza\u00e7\u00f5es internacionais, institui\u00e7\u00f5es n\u00e3o governamentais, povos ind\u00edgenas e todos do povo brasileiro para o descumprimento [&hellip;]\" \/>\n<meta property=\"og:url\" content=\"https:\/\/psol50.org.br\/manifestacao-publica-dos-povos-indigenas-kayabi-apiaka-e-munduruku\/\" \/>\n<meta property=\"og:site_name\" content=\"PSOL 50\" \/>\n<meta property=\"article:publisher\" content=\"https:\/\/www.facebook.com\/psol50\" \/>\n<meta property=\"article:published_time\" content=\"2012-04-02T00:00:00+00:00\" \/>\n<meta property=\"og:image\" content=\"http:\/\/psol50.org.br\/files\/2012\/04\/KayabiApiak%C3%A1Munduruku.jpg\" \/>\n<meta name=\"author\" content=\"Comunica\u00e7\u00e3o PSOL\" \/>\n<meta name=\"twitter:card\" content=\"summary_large_image\" \/>\n<meta name=\"twitter:creator\" content=\"@psol50\" \/>\n<meta name=\"twitter:site\" content=\"@psol50\" \/>\n<meta name=\"twitter:label1\" content=\"Escrito por\" \/>\n\t<meta name=\"twitter:data1\" content=\"Comunica\u00e7\u00e3o PSOL\" \/>\n\t<meta name=\"twitter:label2\" content=\"Est. tempo de leitura\" \/>\n\t<meta name=\"twitter:data2\" content=\"3 minutos\" \/>\n<script type=\"application\/ld+json\" class=\"yoast-schema-graph\">{\"@context\":\"https:\/\/schema.org\",\"@graph\":[{\"@type\":\"Article\",\"@id\":\"https:\/\/psol50.org.br\/manifestacao-publica-dos-povos-indigenas-kayabi-apiaka-e-munduruku\/#article\",\"isPartOf\":{\"@id\":\"https:\/\/psol50.org.br\/manifestacao-publica-dos-povos-indigenas-kayabi-apiaka-e-munduruku\/\"},\"author\":{\"name\":\"Comunica\u00e7\u00e3o PSOL\",\"@id\":\"https:\/\/psol50.org.br\/#\/schema\/person\/475dfa57d0b815993c714c2e96491fcd\"},\"headline\":\"Manifesta\u00e7\u00e3o p\u00fablica dos povos ind\u00edgenas Kayabi, Apiak\u00e1 e Munduruku\",\"datePublished\":\"2012-04-02T00:00:00+00:00\",\"mainEntityOfPage\":{\"@id\":\"https:\/\/psol50.org.br\/manifestacao-publica-dos-povos-indigenas-kayabi-apiaka-e-munduruku\/\"},\"wordCount\":705,\"commentCount\":0,\"publisher\":{\"@id\":\"https:\/\/psol50.org.br\/#organization\"},\"image\":{\"@id\":\"https:\/\/psol50.org.br\/manifestacao-publica-dos-povos-indigenas-kayabi-apiaka-e-munduruku\/#primaryimage\"},\"thumbnailUrl\":\"http:\/\/psol50.org.br\/files\/2012\/04\/KayabiApiak%C3%A1Munduruku.jpg\",\"articleSection\":[\"Arquivo\"],\"inLanguage\":\"pt-BR\",\"potentialAction\":[{\"@type\":\"CommentAction\",\"name\":\"Comment\",\"target\":[\"https:\/\/psol50.org.br\/manifestacao-publica-dos-povos-indigenas-kayabi-apiaka-e-munduruku\/#respond\"]}]},{\"@type\":\"WebPage\",\"@id\":\"https:\/\/psol50.org.br\/manifestacao-publica-dos-povos-indigenas-kayabi-apiaka-e-munduruku\/\",\"url\":\"https:\/\/psol50.org.br\/manifestacao-publica-dos-povos-indigenas-kayabi-apiaka-e-munduruku\/\",\"name\":\"Manifesta\u00e7\u00e3o p\u00fablica dos povos ind\u00edgenas Kayabi, Apiak\u00e1 e Munduruku - PSOL 50\",\"isPartOf\":{\"@id\":\"https:\/\/psol50.org.br\/#website\"},\"primaryImageOfPage\":{\"@id\":\"https:\/\/psol50.org.br\/manifestacao-publica-dos-povos-indigenas-kayabi-apiaka-e-munduruku\/#primaryimage\"},\"image\":{\"@id\":\"https:\/\/psol50.org.br\/manifestacao-publica-dos-povos-indigenas-kayabi-apiaka-e-munduruku\/#primaryimage\"},\"thumbnailUrl\":\"http:\/\/psol50.org.br\/files\/2012\/04\/KayabiApiak%C3%A1Munduruku.jpg\",\"datePublished\":\"2012-04-02T00:00:00+00:00\",\"breadcrumb\":{\"@id\":\"https:\/\/psol50.org.br\/manifestacao-publica-dos-povos-indigenas-kayabi-apiaka-e-munduruku\/#breadcrumb\"},\"inLanguage\":\"pt-BR\",\"potentialAction\":[{\"@type\":\"ReadAction\",\"target\":[\"https:\/\/psol50.org.br\/manifestacao-publica-dos-povos-indigenas-kayabi-apiaka-e-munduruku\/\"]}]},{\"@type\":\"ImageObject\",\"inLanguage\":\"pt-BR\",\"@id\":\"https:\/\/psol50.org.br\/manifestacao-publica-dos-povos-indigenas-kayabi-apiaka-e-munduruku\/#primaryimage\",\"url\":\"http:\/\/psol50.org.br\/files\/2012\/04\/KayabiApiak%C3%A1Munduruku.jpg\",\"contentUrl\":\"http:\/\/psol50.org.br\/files\/2012\/04\/KayabiApiak%C3%A1Munduruku.jpg\"},{\"@type\":\"BreadcrumbList\",\"@id\":\"https:\/\/psol50.org.br\/manifestacao-publica-dos-povos-indigenas-kayabi-apiaka-e-munduruku\/#breadcrumb\",\"itemListElement\":[{\"@type\":\"ListItem\",\"position\":1,\"name\":\"In\u00edcio\",\"item\":\"https:\/\/psol50.org.br\/\"},{\"@type\":\"ListItem\",\"position\":2,\"name\":\"Manifesta\u00e7\u00e3o p\u00fablica dos povos ind\u00edgenas Kayabi, Apiak\u00e1 e Munduruku\"}]},{\"@type\":\"WebSite\",\"@id\":\"https:\/\/psol50.org.br\/#website\",\"url\":\"https:\/\/psol50.org.br\/\",\"name\":\"PSOL 50\",\"description\":\"Site oficial do Partido Socialismo e Liberdade\",\"publisher\":{\"@id\":\"https:\/\/psol50.org.br\/#organization\"},\"alternateName\":\"PSOL50\",\"potentialAction\":[{\"@type\":\"SearchAction\",\"target\":{\"@type\":\"EntryPoint\",\"urlTemplate\":\"https:\/\/psol50.org.br\/?s={search_term_string}\"},\"query-input\":{\"@type\":\"PropertyValueSpecification\",\"valueRequired\":true,\"valueName\":\"search_term_string\"}}],\"inLanguage\":\"pt-BR\"},{\"@type\":\"Organization\",\"@id\":\"https:\/\/psol50.org.br\/#organization\",\"name\":\"PSOL 50\",\"alternateName\":\"PSOL 50\",\"url\":\"https:\/\/psol50.org.br\/\",\"logo\":{\"@type\":\"ImageObject\",\"inLanguage\":\"pt-BR\",\"@id\":\"https:\/\/psol50.org.br\/#\/schema\/logo\/image\/\",\"url\":\"https:\/\/psol50.org.br\/inc\/uploads\/2018\/07\/capa.png\",\"contentUrl\":\"https:\/\/psol50.org.br\/inc\/uploads\/2018\/07\/capa.png\",\"width\":1350,\"height\":900,\"caption\":\"PSOL 50\"},\"image\":{\"@id\":\"https:\/\/psol50.org.br\/#\/schema\/logo\/image\/\"},\"sameAs\":[\"https:\/\/www.facebook.com\/psol50\",\"https:\/\/x.com\/psol50\",\"https:\/\/www.instagram.com\/psol50\/\",\"https:\/\/www.youtube.com\/channel\/UC7SnJS5o1os7a6CaiNabzcg\"]},{\"@type\":\"Person\",\"@id\":\"https:\/\/psol50.org.br\/#\/schema\/person\/475dfa57d0b815993c714c2e96491fcd\",\"name\":\"Comunica\u00e7\u00e3o PSOL\",\"image\":{\"@type\":\"ImageObject\",\"inLanguage\":\"pt-BR\",\"@id\":\"https:\/\/psol50.org.br\/#\/schema\/person\/image\/\",\"url\":\"https:\/\/secure.gravatar.com\/avatar\/b34fc4f4e468a4e51785917065a3db57b841f5c95dba6ad8c73aaf8f66f8f9bf?s=96&d=mm&r=g\",\"contentUrl\":\"https:\/\/secure.gravatar.com\/avatar\/b34fc4f4e468a4e51785917065a3db57b841f5c95dba6ad8c73aaf8f66f8f9bf?s=96&d=mm&r=g\",\"caption\":\"Comunica\u00e7\u00e3o PSOL\"}}]}<\/script>\n<!-- \/ Yoast SEO plugin. -->","yoast_head_json":{"title":"Manifesta\u00e7\u00e3o p\u00fablica dos povos ind\u00edgenas Kayabi, Apiak\u00e1 e Munduruku - PSOL 50","robots":{"index":"index","follow":"follow","max-snippet":"max-snippet:-1","max-image-preview":"max-image-preview:large","max-video-preview":"max-video-preview:-1"},"canonical":"https:\/\/psol50.org.br\/manifestacao-publica-dos-povos-indigenas-kayabi-apiaka-e-munduruku\/","og_locale":"pt_BR","og_type":"article","og_title":"Manifesta\u00e7\u00e3o p\u00fablica dos povos ind\u00edgenas Kayabi, Apiak\u00e1 e Munduruku - PSOL 50","og_description":"N\u00f3s, povos ind\u00edgenas Kayabi, Apiak\u00e1 e Munduruku, reunidos em Alta Floresta, viemos a p\u00fablico manifestar nossa discord\u00e2ncia em rela\u00e7\u00e3o \u00e0 constru\u00e7\u00e3o do empreendimento Usina Hidrel\u00e9trica de Teles Pires e chamar a aten\u00e7\u00e3o do Estado brasileiro, Poder executivo, legislativo e judici\u00e1rio, organiza\u00e7\u00f5es internacionais, institui\u00e7\u00f5es n\u00e3o governamentais, povos ind\u00edgenas e todos do povo brasileiro para o descumprimento [&hellip;]","og_url":"https:\/\/psol50.org.br\/manifestacao-publica-dos-povos-indigenas-kayabi-apiaka-e-munduruku\/","og_site_name":"PSOL 50","article_publisher":"https:\/\/www.facebook.com\/psol50","article_published_time":"2012-04-02T00:00:00+00:00","og_image":[{"url":"http:\/\/psol50.org.br\/files\/2012\/04\/KayabiApiak%C3%A1Munduruku.jpg","type":"","width":"","height":""}],"author":"Comunica\u00e7\u00e3o PSOL","twitter_card":"summary_large_image","twitter_creator":"@psol50","twitter_site":"@psol50","twitter_misc":{"Escrito por":"Comunica\u00e7\u00e3o PSOL","Est. tempo de leitura":"3 minutos"},"schema":{"@context":"https:\/\/schema.org","@graph":[{"@type":"Article","@id":"https:\/\/psol50.org.br\/manifestacao-publica-dos-povos-indigenas-kayabi-apiaka-e-munduruku\/#article","isPartOf":{"@id":"https:\/\/psol50.org.br\/manifestacao-publica-dos-povos-indigenas-kayabi-apiaka-e-munduruku\/"},"author":{"name":"Comunica\u00e7\u00e3o PSOL","@id":"https:\/\/psol50.org.br\/#\/schema\/person\/475dfa57d0b815993c714c2e96491fcd"},"headline":"Manifesta\u00e7\u00e3o p\u00fablica dos povos ind\u00edgenas Kayabi, Apiak\u00e1 e Munduruku","datePublished":"2012-04-02T00:00:00+00:00","mainEntityOfPage":{"@id":"https:\/\/psol50.org.br\/manifestacao-publica-dos-povos-indigenas-kayabi-apiaka-e-munduruku\/"},"wordCount":705,"commentCount":0,"publisher":{"@id":"https:\/\/psol50.org.br\/#organization"},"image":{"@id":"https:\/\/psol50.org.br\/manifestacao-publica-dos-povos-indigenas-kayabi-apiaka-e-munduruku\/#primaryimage"},"thumbnailUrl":"http:\/\/psol50.org.br\/files\/2012\/04\/KayabiApiak%C3%A1Munduruku.jpg","articleSection":["Arquivo"],"inLanguage":"pt-BR","potentialAction":[{"@type":"CommentAction","name":"Comment","target":["https:\/\/psol50.org.br\/manifestacao-publica-dos-povos-indigenas-kayabi-apiaka-e-munduruku\/#respond"]}]},{"@type":"WebPage","@id":"https:\/\/psol50.org.br\/manifestacao-publica-dos-povos-indigenas-kayabi-apiaka-e-munduruku\/","url":"https:\/\/psol50.org.br\/manifestacao-publica-dos-povos-indigenas-kayabi-apiaka-e-munduruku\/","name":"Manifesta\u00e7\u00e3o p\u00fablica dos povos ind\u00edgenas Kayabi, Apiak\u00e1 e Munduruku - PSOL 50","isPartOf":{"@id":"https:\/\/psol50.org.br\/#website"},"primaryImageOfPage":{"@id":"https:\/\/psol50.org.br\/manifestacao-publica-dos-povos-indigenas-kayabi-apiaka-e-munduruku\/#primaryimage"},"image":{"@id":"https:\/\/psol50.org.br\/manifestacao-publica-dos-povos-indigenas-kayabi-apiaka-e-munduruku\/#primaryimage"},"thumbnailUrl":"http:\/\/psol50.org.br\/files\/2012\/04\/KayabiApiak%C3%A1Munduruku.jpg","datePublished":"2012-04-02T00:00:00+00:00","breadcrumb":{"@id":"https:\/\/psol50.org.br\/manifestacao-publica-dos-povos-indigenas-kayabi-apiaka-e-munduruku\/#breadcrumb"},"inLanguage":"pt-BR","potentialAction":[{"@type":"ReadAction","target":["https:\/\/psol50.org.br\/manifestacao-publica-dos-povos-indigenas-kayabi-apiaka-e-munduruku\/"]}]},{"@type":"ImageObject","inLanguage":"pt-BR","@id":"https:\/\/psol50.org.br\/manifestacao-publica-dos-povos-indigenas-kayabi-apiaka-e-munduruku\/#primaryimage","url":"http:\/\/psol50.org.br\/files\/2012\/04\/KayabiApiak%C3%A1Munduruku.jpg","contentUrl":"http:\/\/psol50.org.br\/files\/2012\/04\/KayabiApiak%C3%A1Munduruku.jpg"},{"@type":"BreadcrumbList","@id":"https:\/\/psol50.org.br\/manifestacao-publica-dos-povos-indigenas-kayabi-apiaka-e-munduruku\/#breadcrumb","itemListElement":[{"@type":"ListItem","position":1,"name":"In\u00edcio","item":"https:\/\/psol50.org.br\/"},{"@type":"ListItem","position":2,"name":"Manifesta\u00e7\u00e3o p\u00fablica dos povos ind\u00edgenas Kayabi, Apiak\u00e1 e Munduruku"}]},{"@type":"WebSite","@id":"https:\/\/psol50.org.br\/#website","url":"https:\/\/psol50.org.br\/","name":"PSOL 50","description":"Site oficial do Partido Socialismo e Liberdade","publisher":{"@id":"https:\/\/psol50.org.br\/#organization"},"alternateName":"PSOL50","potentialAction":[{"@type":"SearchAction","target":{"@type":"EntryPoint","urlTemplate":"https:\/\/psol50.org.br\/?s={search_term_string}"},"query-input":{"@type":"PropertyValueSpecification","valueRequired":true,"valueName":"search_term_string"}}],"inLanguage":"pt-BR"},{"@type":"Organization","@id":"https:\/\/psol50.org.br\/#organization","name":"PSOL 50","alternateName":"PSOL 50","url":"https:\/\/psol50.org.br\/","logo":{"@type":"ImageObject","inLanguage":"pt-BR","@id":"https:\/\/psol50.org.br\/#\/schema\/logo\/image\/","url":"https:\/\/psol50.org.br\/inc\/uploads\/2018\/07\/capa.png","contentUrl":"https:\/\/psol50.org.br\/inc\/uploads\/2018\/07\/capa.png","width":1350,"height":900,"caption":"PSOL 50"},"image":{"@id":"https:\/\/psol50.org.br\/#\/schema\/logo\/image\/"},"sameAs":["https:\/\/www.facebook.com\/psol50","https:\/\/x.com\/psol50","https:\/\/www.instagram.com\/psol50\/","https:\/\/www.youtube.com\/channel\/UC7SnJS5o1os7a6CaiNabzcg"]},{"@type":"Person","@id":"https:\/\/psol50.org.br\/#\/schema\/person\/475dfa57d0b815993c714c2e96491fcd","name":"Comunica\u00e7\u00e3o PSOL","image":{"@type":"ImageObject","inLanguage":"pt-BR","@id":"https:\/\/psol50.org.br\/#\/schema\/person\/image\/","url":"https:\/\/secure.gravatar.com\/avatar\/b34fc4f4e468a4e51785917065a3db57b841f5c95dba6ad8c73aaf8f66f8f9bf?s=96&d=mm&r=g","contentUrl":"https:\/\/secure.gravatar.com\/avatar\/b34fc4f4e468a4e51785917065a3db57b841f5c95dba6ad8c73aaf8f66f8f9bf?s=96&d=mm&r=g","caption":"Comunica\u00e7\u00e3o PSOL"}}]}},"_links":{"self":[{"href":"https:\/\/psol50.org.br\/rest\/wp\/v2\/posts\/1045","targetHints":{"allow":["GET"]}}],"collection":[{"href":"https:\/\/psol50.org.br\/rest\/wp\/v2\/posts"}],"about":[{"href":"https:\/\/psol50.org.br\/rest\/wp\/v2\/types\/post"}],"author":[{"embeddable":true,"href":"https:\/\/psol50.org.br\/rest\/wp\/v2\/users\/2"}],"replies":[{"embeddable":true,"href":"https:\/\/psol50.org.br\/rest\/wp\/v2\/comments?post=1045"}],"version-history":[{"count":0,"href":"https:\/\/psol50.org.br\/rest\/wp\/v2\/posts\/1045\/revisions"}],"wp:attachment":[{"href":"https:\/\/psol50.org.br\/rest\/wp\/v2\/media?parent=1045"}],"wp:term":[{"taxonomy":"category","embeddable":true,"href":"https:\/\/psol50.org.br\/rest\/wp\/v2\/categories?post=1045"},{"taxonomy":"post_tag","embeddable":true,"href":"https:\/\/psol50.org.br\/rest\/wp\/v2\/tags?post=1045"}],"curies":[{"name":"wp","href":"https:\/\/api.w.org\/{rel}","templated":true}]}}