{"id":10474,"date":"2015-11-03T18:11:19","date_gmt":"2015-11-03T18:11:19","guid":{"rendered":"http:\/\/www.psol50.org.br\/?p=10474"},"modified":"2015-11-03T18:11:19","modified_gmt":"2015-11-03T18:11:19","slug":"marcelo-freixo-e-escolhido-como-pre-candidato-a-prefeitura-do-rio-de-janeiro","status":"publish","type":"post","link":"https:\/\/psol50.org.br\/marcelo-freixo-e-escolhido-como-pre-candidato-a-prefeitura-do-rio-de-janeiro\/","title":{"rendered":"Marcelo Freixo \u00e9 escolhido pr\u00e9-candidato \u00e0 Prefeitura do Rio de Janeiro"},"content":{"rendered":"<p>No dia 25 de outubro &#8211; \u00faltimo dia do II Congresso do PSOL Carioca -, Marcelo Freixo foi aprovado como pr\u00e9-candidato para disputar a Prefeitura do Rio, nas elei\u00e7\u00f5es municipais de 2016.<br \/>\n\u201cO que aconteceu hoje, e nada melhor do que a flor e a primavera para representar, \u00e9 dizer que n\u00f3s somos \u2013 ao contr\u00e1rio deles &#8211; movidos pelo amor. O amor \u00e9 absolutamente revolucion\u00e1rio. N\u00e3o h\u00e1 dinheiro que o compre. Enquanto eles ficam com a m\u00e1quina, n\u00f3s ficamos com as pessoas\u201d, afirmou Freixo.<br \/>\n&nbsp;<\/p>\n<div class=\"youtube-embed\" data-video_id=\"w60UxzzgSc0\"><iframe loading=\"lazy\" title=\"Marcelo Freixo \u00e9 aprovado como pr\u00e9-candidato das elei\u00e7\u00f5es municipais de 2016\" width=\"696\" height=\"392\" src=\"https:\/\/www.youtube.com\/embed\/w60UxzzgSc0?feature=oembed&#038;enablejsapi=1\" frameborder=\"0\" allow=\"accelerometer; autoplay; clipboard-write; encrypted-media; gyroscope; picture-in-picture\" allowfullscreen><\/iframe><\/div>\n","protected":false},"excerpt":{"rendered":"<p>No dia 25 de outubro &#8211; \u00faltimo dia do II Congresso do PSOL Carioca -, Marcelo Freixo foi aprovado como pr\u00e9-candidato para disputar a Prefeitura do Rio, nas elei\u00e7\u00f5es municipais de 2016. \u201cO que aconteceu hoje, e nada melhor do que a flor e a primavera para representar, \u00e9 dizer que n\u00f3s somos \u2013 ao [&hellip;]<\/p>\n","protected":false},"author":2,"featured_media":10475,"comment_status":"open","ping_status":"open","sticky":false,"template":"","format":"standard","meta":{"_acf_changed":false,"footnotes":""},"categories":[654,14,2812],"tags":[2257,161,4493,22],"class_list":{"0":"post-10474","1":"post","2":"type-post","3":"status-publish","4":"format-standard","5":"has-post-thumbnail","7":"category-estados","8":"category-partido","9":"category-videos_tv","10":"tag-deputado-estadual","11":"tag-marcelo-freixo","12":"tag-prefeitura-do-rio-de-janeiro","13":"tag-psol"},"acf":[],"yoast_head":"<!-- This site is optimized with the Yoast SEO plugin v26.5 - https:\/\/yoast.com\/wordpress\/plugins\/seo\/ -->\n<title>Marcelo Freixo \u00e9 escolhido pr\u00e9-candidato \u00e0 Prefeitura do Rio de Janeiro - PSOL 50<\/title>\n<meta name=\"robots\" content=\"index, follow, max-snippet:-1, max-image-preview:large, max-video-preview:-1\" \/>\n<link rel=\"canonical\" href=\"https:\/\/psol50.org.br\/marcelo-freixo-e-escolhido-como-pre-candidato-a-prefeitura-do-rio-de-janeiro\/\" \/>\n<meta property=\"og:locale\" content=\"pt_BR\" \/>\n<meta property=\"og:type\" content=\"article\" \/>\n<meta property=\"og:title\" content=\"Marcelo Freixo \u00e9 escolhido pr\u00e9-candidato \u00e0 Prefeitura do Rio de Janeiro - PSOL 50\" \/>\n<meta property=\"og:description\" content=\"No dia 25 de outubro &#8211; \u00faltimo dia do II Congresso do PSOL Carioca -, Marcelo Freixo foi aprovado como pr\u00e9-candidato para disputar a Prefeitura do Rio, nas elei\u00e7\u00f5es municipais de 2016. \u201cO que aconteceu hoje, e nada melhor do que a flor e a primavera para representar, \u00e9 dizer que n\u00f3s somos \u2013 ao [&hellip;]\" \/>\n<meta property=\"og:url\" content=\"https:\/\/psol50.org.br\/marcelo-freixo-e-escolhido-como-pre-candidato-a-prefeitura-do-rio-de-janeiro\/\" \/>\n<meta property=\"og:site_name\" content=\"PSOL 50\" \/>\n<meta property=\"article:publisher\" content=\"https:\/\/www.facebook.com\/psol50\" \/>\n<meta property=\"article:published_time\" content=\"2015-11-03T18:11:19+00:00\" \/>\n<meta property=\"og:image\" content=\"https:\/\/psol50.org.br\/inc\/uploads\/2015\/11\/Marcelo-Freixo-Perfil-e1448897033227.jpg\" \/>\n\t<meta property=\"og:image:width\" content=\"1100\" \/>\n\t<meta property=\"og:image:height\" content=\"916\" \/>\n\t<meta property=\"og:image:type\" content=\"image\/jpeg\" \/>\n<meta name=\"author\" content=\"Comunica\u00e7\u00e3o PSOL\" \/>\n<meta name=\"twitter:card\" content=\"summary_large_image\" \/>\n<meta name=\"twitter:creator\" content=\"@psol50\" \/>\n<meta name=\"twitter:site\" content=\"@psol50\" \/>\n<meta name=\"twitter:label1\" content=\"Escrito por\" \/>\n\t<meta name=\"twitter:data1\" content=\"Comunica\u00e7\u00e3o PSOL\" \/>\n<script type=\"application\/ld+json\" class=\"yoast-schema-graph\">{\"@context\":\"https:\/\/schema.org\",\"@graph\":[{\"@type\":\"Article\",\"@id\":\"https:\/\/psol50.org.br\/marcelo-freixo-e-escolhido-como-pre-candidato-a-prefeitura-do-rio-de-janeiro\/#article\",\"isPartOf\":{\"@id\":\"https:\/\/psol50.org.br\/marcelo-freixo-e-escolhido-como-pre-candidato-a-prefeitura-do-rio-de-janeiro\/\"},\"author\":{\"name\":\"Comunica\u00e7\u00e3o PSOL\",\"@id\":\"https:\/\/psol50.org.br\/#\/schema\/person\/475dfa57d0b815993c714c2e96491fcd\"},\"headline\":\"Marcelo Freixo \u00e9 escolhido pr\u00e9-candidato \u00e0 Prefeitura do Rio de Janeiro\",\"datePublished\":\"2015-11-03T18:11:19+00:00\",\"mainEntityOfPage\":{\"@id\":\"https:\/\/psol50.org.br\/marcelo-freixo-e-escolhido-como-pre-candidato-a-prefeitura-do-rio-de-janeiro\/\"},\"wordCount\":109,\"commentCount\":0,\"publisher\":{\"@id\":\"https:\/\/psol50.org.br\/#organization\"},\"image\":{\"@id\":\"https:\/\/psol50.org.br\/marcelo-freixo-e-escolhido-como-pre-candidato-a-prefeitura-do-rio-de-janeiro\/#primaryimage\"},\"thumbnailUrl\":\"https:\/\/psol50.org.br\/inc\/uploads\/2015\/11\/Marcelo-Freixo-Perfil-e1448897033227.jpg\",\"keywords\":[\"deputado estadual\",\"Marcelo Freixo\",\"Prefeitura do Rio de Janeiro\",\"PSOL\"],\"articleSection\":[\"Estados\",\"Partido\",\"V\u00cdDEOS | MULTIM\u00cdDIA | FLC TV\"],\"inLanguage\":\"pt-BR\",\"potentialAction\":[{\"@type\":\"CommentAction\",\"name\":\"Comment\",\"target\":[\"https:\/\/psol50.org.br\/marcelo-freixo-e-escolhido-como-pre-candidato-a-prefeitura-do-rio-de-janeiro\/#respond\"]}]},{\"@type\":\"WebPage\",\"@id\":\"https:\/\/psol50.org.br\/marcelo-freixo-e-escolhido-como-pre-candidato-a-prefeitura-do-rio-de-janeiro\/\",\"url\":\"https:\/\/psol50.org.br\/marcelo-freixo-e-escolhido-como-pre-candidato-a-prefeitura-do-rio-de-janeiro\/\",\"name\":\"Marcelo Freixo \u00e9 escolhido pr\u00e9-candidato \u00e0 Prefeitura do Rio de Janeiro - PSOL 50\",\"isPartOf\":{\"@id\":\"https:\/\/psol50.org.br\/#website\"},\"primaryImageOfPage\":{\"@id\":\"https:\/\/psol50.org.br\/marcelo-freixo-e-escolhido-como-pre-candidato-a-prefeitura-do-rio-de-janeiro\/#primaryimage\"},\"image\":{\"@id\":\"https:\/\/psol50.org.br\/marcelo-freixo-e-escolhido-como-pre-candidato-a-prefeitura-do-rio-de-janeiro\/#primaryimage\"},\"thumbnailUrl\":\"https:\/\/psol50.org.br\/inc\/uploads\/2015\/11\/Marcelo-Freixo-Perfil-e1448897033227.jpg\",\"datePublished\":\"2015-11-03T18:11:19+00:00\",\"breadcrumb\":{\"@id\":\"https:\/\/psol50.org.br\/marcelo-freixo-e-escolhido-como-pre-candidato-a-prefeitura-do-rio-de-janeiro\/#breadcrumb\"},\"inLanguage\":\"pt-BR\",\"potentialAction\":[{\"@type\":\"ReadAction\",\"target\":[\"https:\/\/psol50.org.br\/marcelo-freixo-e-escolhido-como-pre-candidato-a-prefeitura-do-rio-de-janeiro\/\"]}]},{\"@type\":\"ImageObject\",\"inLanguage\":\"pt-BR\",\"@id\":\"https:\/\/psol50.org.br\/marcelo-freixo-e-escolhido-como-pre-candidato-a-prefeitura-do-rio-de-janeiro\/#primaryimage\",\"url\":\"https:\/\/psol50.org.br\/inc\/uploads\/2015\/11\/Marcelo-Freixo-Perfil-e1448897033227.jpg\",\"contentUrl\":\"https:\/\/psol50.org.br\/inc\/uploads\/2015\/11\/Marcelo-Freixo-Perfil-e1448897033227.jpg\",\"width\":1100,\"height\":916},{\"@type\":\"BreadcrumbList\",\"@id\":\"https:\/\/psol50.org.br\/marcelo-freixo-e-escolhido-como-pre-candidato-a-prefeitura-do-rio-de-janeiro\/#breadcrumb\",\"itemListElement\":[{\"@type\":\"ListItem\",\"position\":1,\"name\":\"In\u00edcio\",\"item\":\"https:\/\/psol50.org.br\/\"},{\"@type\":\"ListItem\",\"position\":2,\"name\":\"Marcelo Freixo \u00e9 escolhido pr\u00e9-candidato \u00e0 Prefeitura do Rio de Janeiro\"}]},{\"@type\":\"WebSite\",\"@id\":\"https:\/\/psol50.org.br\/#website\",\"url\":\"https:\/\/psol50.org.br\/\",\"name\":\"PSOL 50\",\"description\":\"Site oficial do Partido Socialismo e Liberdade\",\"publisher\":{\"@id\":\"https:\/\/psol50.org.br\/#organization\"},\"alternateName\":\"PSOL50\",\"potentialAction\":[{\"@type\":\"SearchAction\",\"target\":{\"@type\":\"EntryPoint\",\"urlTemplate\":\"https:\/\/psol50.org.br\/?s={search_term_string}\"},\"query-input\":{\"@type\":\"PropertyValueSpecification\",\"valueRequired\":true,\"valueName\":\"search_term_string\"}}],\"inLanguage\":\"pt-BR\"},{\"@type\":\"Organization\",\"@id\":\"https:\/\/psol50.org.br\/#organization\",\"name\":\"PSOL 50\",\"alternateName\":\"PSOL 50\",\"url\":\"https:\/\/psol50.org.br\/\",\"logo\":{\"@type\":\"ImageObject\",\"inLanguage\":\"pt-BR\",\"@id\":\"https:\/\/psol50.org.br\/#\/schema\/logo\/image\/\",\"url\":\"https:\/\/psol50.org.br\/inc\/uploads\/2018\/07\/capa.png\",\"contentUrl\":\"https:\/\/psol50.org.br\/inc\/uploads\/2018\/07\/capa.png\",\"width\":1350,\"height\":900,\"caption\":\"PSOL 50\"},\"image\":{\"@id\":\"https:\/\/psol50.org.br\/#\/schema\/logo\/image\/\"},\"sameAs\":[\"https:\/\/www.facebook.com\/psol50\",\"https:\/\/x.com\/psol50\",\"https:\/\/www.instagram.com\/psol50\/\",\"https:\/\/www.youtube.com\/channel\/UC7SnJS5o1os7a6CaiNabzcg\"]},{\"@type\":\"Person\",\"@id\":\"https:\/\/psol50.org.br\/#\/schema\/person\/475dfa57d0b815993c714c2e96491fcd\",\"name\":\"Comunica\u00e7\u00e3o PSOL\",\"image\":{\"@type\":\"ImageObject\",\"inLanguage\":\"pt-BR\",\"@id\":\"https:\/\/psol50.org.br\/#\/schema\/person\/image\/\",\"url\":\"https:\/\/secure.gravatar.com\/avatar\/b34fc4f4e468a4e51785917065a3db57b841f5c95dba6ad8c73aaf8f66f8f9bf?s=96&d=mm&r=g\",\"contentUrl\":\"https:\/\/secure.gravatar.com\/avatar\/b34fc4f4e468a4e51785917065a3db57b841f5c95dba6ad8c73aaf8f66f8f9bf?s=96&d=mm&r=g\",\"caption\":\"Comunica\u00e7\u00e3o PSOL\"}}]}<\/script>\n<!-- \/ Yoast SEO plugin. -->","yoast_head_json":{"title":"Marcelo Freixo \u00e9 escolhido pr\u00e9-candidato \u00e0 Prefeitura do Rio de Janeiro - PSOL 50","robots":{"index":"index","follow":"follow","max-snippet":"max-snippet:-1","max-image-preview":"max-image-preview:large","max-video-preview":"max-video-preview:-1"},"canonical":"https:\/\/psol50.org.br\/marcelo-freixo-e-escolhido-como-pre-candidato-a-prefeitura-do-rio-de-janeiro\/","og_locale":"pt_BR","og_type":"article","og_title":"Marcelo Freixo \u00e9 escolhido pr\u00e9-candidato \u00e0 Prefeitura do Rio de Janeiro - PSOL 50","og_description":"No dia 25 de outubro &#8211; \u00faltimo dia do II Congresso do PSOL Carioca -, Marcelo Freixo foi aprovado como pr\u00e9-candidato para disputar a Prefeitura do Rio, nas elei\u00e7\u00f5es municipais de 2016. \u201cO que aconteceu hoje, e nada melhor do que a flor e a primavera para representar, \u00e9 dizer que n\u00f3s somos \u2013 ao [&hellip;]","og_url":"https:\/\/psol50.org.br\/marcelo-freixo-e-escolhido-como-pre-candidato-a-prefeitura-do-rio-de-janeiro\/","og_site_name":"PSOL 50","article_publisher":"https:\/\/www.facebook.com\/psol50","article_published_time":"2015-11-03T18:11:19+00:00","og_image":[{"width":1100,"height":916,"url":"https:\/\/psol50.org.br\/inc\/uploads\/2015\/11\/Marcelo-Freixo-Perfil-e1448897033227.jpg","type":"image\/jpeg"}],"author":"Comunica\u00e7\u00e3o PSOL","twitter_card":"summary_large_image","twitter_creator":"@psol50","twitter_site":"@psol50","twitter_misc":{"Escrito por":"Comunica\u00e7\u00e3o PSOL"},"schema":{"@context":"https:\/\/schema.org","@graph":[{"@type":"Article","@id":"https:\/\/psol50.org.br\/marcelo-freixo-e-escolhido-como-pre-candidato-a-prefeitura-do-rio-de-janeiro\/#article","isPartOf":{"@id":"https:\/\/psol50.org.br\/marcelo-freixo-e-escolhido-como-pre-candidato-a-prefeitura-do-rio-de-janeiro\/"},"author":{"name":"Comunica\u00e7\u00e3o PSOL","@id":"https:\/\/psol50.org.br\/#\/schema\/person\/475dfa57d0b815993c714c2e96491fcd"},"headline":"Marcelo Freixo \u00e9 escolhido pr\u00e9-candidato \u00e0 Prefeitura do Rio de Janeiro","datePublished":"2015-11-03T18:11:19+00:00","mainEntityOfPage":{"@id":"https:\/\/psol50.org.br\/marcelo-freixo-e-escolhido-como-pre-candidato-a-prefeitura-do-rio-de-janeiro\/"},"wordCount":109,"commentCount":0,"publisher":{"@id":"https:\/\/psol50.org.br\/#organization"},"image":{"@id":"https:\/\/psol50.org.br\/marcelo-freixo-e-escolhido-como-pre-candidato-a-prefeitura-do-rio-de-janeiro\/#primaryimage"},"thumbnailUrl":"https:\/\/psol50.org.br\/inc\/uploads\/2015\/11\/Marcelo-Freixo-Perfil-e1448897033227.jpg","keywords":["deputado estadual","Marcelo Freixo","Prefeitura do Rio de Janeiro","PSOL"],"articleSection":["Estados","Partido","V\u00cdDEOS | MULTIM\u00cdDIA | FLC TV"],"inLanguage":"pt-BR","potentialAction":[{"@type":"CommentAction","name":"Comment","target":["https:\/\/psol50.org.br\/marcelo-freixo-e-escolhido-como-pre-candidato-a-prefeitura-do-rio-de-janeiro\/#respond"]}]},{"@type":"WebPage","@id":"https:\/\/psol50.org.br\/marcelo-freixo-e-escolhido-como-pre-candidato-a-prefeitura-do-rio-de-janeiro\/","url":"https:\/\/psol50.org.br\/marcelo-freixo-e-escolhido-como-pre-candidato-a-prefeitura-do-rio-de-janeiro\/","name":"Marcelo Freixo \u00e9 escolhido pr\u00e9-candidato \u00e0 Prefeitura do Rio de Janeiro - PSOL 50","isPartOf":{"@id":"https:\/\/psol50.org.br\/#website"},"primaryImageOfPage":{"@id":"https:\/\/psol50.org.br\/marcelo-freixo-e-escolhido-como-pre-candidato-a-prefeitura-do-rio-de-janeiro\/#primaryimage"},"image":{"@id":"https:\/\/psol50.org.br\/marcelo-freixo-e-escolhido-como-pre-candidato-a-prefeitura-do-rio-de-janeiro\/#primaryimage"},"thumbnailUrl":"https:\/\/psol50.org.br\/inc\/uploads\/2015\/11\/Marcelo-Freixo-Perfil-e1448897033227.jpg","datePublished":"2015-11-03T18:11:19+00:00","breadcrumb":{"@id":"https:\/\/psol50.org.br\/marcelo-freixo-e-escolhido-como-pre-candidato-a-prefeitura-do-rio-de-janeiro\/#breadcrumb"},"inLanguage":"pt-BR","potentialAction":[{"@type":"ReadAction","target":["https:\/\/psol50.org.br\/marcelo-freixo-e-escolhido-como-pre-candidato-a-prefeitura-do-rio-de-janeiro\/"]}]},{"@type":"ImageObject","inLanguage":"pt-BR","@id":"https:\/\/psol50.org.br\/marcelo-freixo-e-escolhido-como-pre-candidato-a-prefeitura-do-rio-de-janeiro\/#primaryimage","url":"https:\/\/psol50.org.br\/inc\/uploads\/2015\/11\/Marcelo-Freixo-Perfil-e1448897033227.jpg","contentUrl":"https:\/\/psol50.org.br\/inc\/uploads\/2015\/11\/Marcelo-Freixo-Perfil-e1448897033227.jpg","width":1100,"height":916},{"@type":"BreadcrumbList","@id":"https:\/\/psol50.org.br\/marcelo-freixo-e-escolhido-como-pre-candidato-a-prefeitura-do-rio-de-janeiro\/#breadcrumb","itemListElement":[{"@type":"ListItem","position":1,"name":"In\u00edcio","item":"https:\/\/psol50.org.br\/"},{"@type":"ListItem","position":2,"name":"Marcelo Freixo \u00e9 escolhido pr\u00e9-candidato \u00e0 Prefeitura do Rio de Janeiro"}]},{"@type":"WebSite","@id":"https:\/\/psol50.org.br\/#website","url":"https:\/\/psol50.org.br\/","name":"PSOL 50","description":"Site oficial do Partido Socialismo e Liberdade","publisher":{"@id":"https:\/\/psol50.org.br\/#organization"},"alternateName":"PSOL50","potentialAction":[{"@type":"SearchAction","target":{"@type":"EntryPoint","urlTemplate":"https:\/\/psol50.org.br\/?s={search_term_string}"},"query-input":{"@type":"PropertyValueSpecification","valueRequired":true,"valueName":"search_term_string"}}],"inLanguage":"pt-BR"},{"@type":"Organization","@id":"https:\/\/psol50.org.br\/#organization","name":"PSOL 50","alternateName":"PSOL 50","url":"https:\/\/psol50.org.br\/","logo":{"@type":"ImageObject","inLanguage":"pt-BR","@id":"https:\/\/psol50.org.br\/#\/schema\/logo\/image\/","url":"https:\/\/psol50.org.br\/inc\/uploads\/2018\/07\/capa.png","contentUrl":"https:\/\/psol50.org.br\/inc\/uploads\/2018\/07\/capa.png","width":1350,"height":900,"caption":"PSOL 50"},"image":{"@id":"https:\/\/psol50.org.br\/#\/schema\/logo\/image\/"},"sameAs":["https:\/\/www.facebook.com\/psol50","https:\/\/x.com\/psol50","https:\/\/www.instagram.com\/psol50\/","https:\/\/www.youtube.com\/channel\/UC7SnJS5o1os7a6CaiNabzcg"]},{"@type":"Person","@id":"https:\/\/psol50.org.br\/#\/schema\/person\/475dfa57d0b815993c714c2e96491fcd","name":"Comunica\u00e7\u00e3o PSOL","image":{"@type":"ImageObject","inLanguage":"pt-BR","@id":"https:\/\/psol50.org.br\/#\/schema\/person\/image\/","url":"https:\/\/secure.gravatar.com\/avatar\/b34fc4f4e468a4e51785917065a3db57b841f5c95dba6ad8c73aaf8f66f8f9bf?s=96&d=mm&r=g","contentUrl":"https:\/\/secure.gravatar.com\/avatar\/b34fc4f4e468a4e51785917065a3db57b841f5c95dba6ad8c73aaf8f66f8f9bf?s=96&d=mm&r=g","caption":"Comunica\u00e7\u00e3o PSOL"}}]}},"_links":{"self":[{"href":"https:\/\/psol50.org.br\/rest\/wp\/v2\/posts\/10474","targetHints":{"allow":["GET"]}}],"collection":[{"href":"https:\/\/psol50.org.br\/rest\/wp\/v2\/posts"}],"about":[{"href":"https:\/\/psol50.org.br\/rest\/wp\/v2\/types\/post"}],"author":[{"embeddable":true,"href":"https:\/\/psol50.org.br\/rest\/wp\/v2\/users\/2"}],"replies":[{"embeddable":true,"href":"https:\/\/psol50.org.br\/rest\/wp\/v2\/comments?post=10474"}],"version-history":[{"count":0,"href":"https:\/\/psol50.org.br\/rest\/wp\/v2\/posts\/10474\/revisions"}],"wp:featuredmedia":[{"embeddable":true,"href":"https:\/\/psol50.org.br\/rest\/wp\/v2\/media\/10475"}],"wp:attachment":[{"href":"https:\/\/psol50.org.br\/rest\/wp\/v2\/media?parent=10474"}],"wp:term":[{"taxonomy":"category","embeddable":true,"href":"https:\/\/psol50.org.br\/rest\/wp\/v2\/categories?post=10474"},{"taxonomy":"post_tag","embeddable":true,"href":"https:\/\/psol50.org.br\/rest\/wp\/v2\/tags?post=10474"}],"curies":[{"name":"wp","href":"https:\/\/api.w.org\/{rel}","templated":true}]}}