{"id":10479,"date":"2015-11-03T20:27:52","date_gmt":"2015-11-03T20:27:52","guid":{"rendered":"http:\/\/www.psol50.org.br\/?p=10479"},"modified":"2015-11-03T20:27:52","modified_gmt":"2015-11-03T20:27:52","slug":"atraso-no-combate-ao-incendio-consumiu-mais-de-50-da-terra-indigena-arariboia","status":"publish","type":"post","link":"https:\/\/psol50.org.br\/atraso-no-combate-ao-incendio-consumiu-mais-de-50-da-terra-indigena-arariboia\/","title":{"rendered":"Atraso no combate ao inc\u00eandio consumiu mais de 50% da Terra Ind\u00edgena Arariboia"},"content":{"rendered":"<p>Em entrevista exclusiva ao <a href=\"http:\/\/midiaeamazonia.andi.org.br\/entrevista\/atraso-no-combate-ao-incendio-consumiu-mais-de-50-da-terra-indigena-arariboia\">M\u00eddia e Amaz\u00f4nia<\/a>, a l\u00edder ind\u00edgena S\u00f4nia Guajajara disse que o inc\u00eandio que consumiu mais de 200 mil hectares da <a href=\"http:\/\/ti.socioambiental.org\/pt-br\/#%21\/pt-br\/terras-indigenas\/3600\">Terra Ind\u00edgena Arariboia<\/a> come\u00e7ou h\u00e1 mais de tr\u00eas meses e poderia ter sido controlado se os pedidos de ajuda dos Guajajara tivessem sido atendidos de imediato.<br \/>\nNa \u00faltima sexta-feira (30), o Ibama anunciou que o fogo est\u00e1 sob controle mas s\u00f3 ser\u00e1 extinto com o in\u00edcio da esta\u00e7\u00e3o das chuvas, que deveria ter come\u00e7ado h\u00e1 mais de um m\u00eas. Mais de 10 mil \u00edndios Guajajara espalhados por quase 200 aldeias &#8211; al\u00e9m de 80 \u00edndios da etnia Aw\u00e1-Guaj\u00e1, que vivem sem contato com o mundo exterior &#8211; moram na Reserva.<br \/>\nNa semana passada, Sonia esteve em Bras\u00edlia para acompanhar a vota\u00e7\u00e3o da Proposta de Emenda Constitucional que tira do Executivo o poder de homologar Terras Ind\u00edgenas e quilombos (PEC 215), aprovada numa Comiss\u00e3o Especial da C\u00e2mara. \u201c\u00c9 uma batalha atr\u00e1s da outra\u201d, desabafou a coordenadora da Associa\u00e7\u00e3o dos Povos Ind\u00edgenas do Brasil.<br \/>\n<strong>Na sua opini\u00e3o, por que o inc\u00eandio tomou estas propor\u00e7\u00f5es e queimou mais da metade da Terra Ind\u00edgena Arariboia?<br \/>\n<\/strong>N\u00e3o teve controle a tempo. Tem as brigadas l\u00e1, os brigadistas ind\u00edgenas, sem nenhuma condi\u00e7\u00e3o de trabalho, sem transporte. \u00a0Quando come\u00e7ou o fogo e eles come\u00e7aram a denunciar e pedir o apoio do Estado para combaterem os focos, haviam carros l\u00e1 em S\u00e3o Luiz esperando botar adesivo. Os carros ficaram tr\u00eas meses l\u00e1 esperando colocar adesivo do PrevFogo (Centro Nacional de Preven\u00e7\u00e3o e Combate aos Inc\u00eandios Florestais do Ibama) para poderem ser liberados. Como n\u00e3o liberaram os carros para os brigadistas trabalharem, o fogo foi tomando conta, foi se alastrando. Quando o Ibama come\u00e7ou a atuar, o fogo j\u00e1 estava sem controle e por isto tomou esta dimens\u00e3o toda. O fogo ainda continua l\u00e1 dentro da floresta, tem mais de 100 quil\u00f4metros pegando fogo dentro da Terra Ind\u00edgena. Queimou poucas casas, mas perdeu boa parte do que garante a seguran\u00e7a alimentar, do que garante a floresta em p\u00e9. Perdeu ro\u00e7as, perdeu tudo.<br \/>\n<strong>Quais s\u00e3o as consequ\u00eancias para os ind\u00edgenas que vivem na Terra Ind\u00edgena?<br \/>\n<\/strong>Houve uma perda enorme de biodiversidade, um preju\u00edzo imenso porque todo mundo que mora ali, vive dali. Empobreceu o solo para o plantio, atingiu as \u00e1rvores que nos alimentam. Isto sem contar os riachos que, com esta queimada, tendem a secar e \u00e9 ali que a gente pega nossa \u00e1gua. E ainda tem a quest\u00e3o da sa\u00fade, muita fuma\u00e7a, muita gripe, problema nos olhos. As consequ\u00eancias s\u00e3o em todos os n\u00edveis.<br \/>\nTem mais de 40 dias que os \u00a0\u00f3rg\u00e3os do governo est\u00e3o trabalhando l\u00e1 para combater o fogo. J\u00e1 teve apoio do governo do Chile por press\u00e3o nossa. O Chile mandou um avi\u00e3o com aquele produto retardante para ajudar a apagar o inc\u00eandio.<br \/>\nO fogo diminuiu, mas n\u00e3o apagou. Continuamos mobilizando e pressionando, porque tem que ter uma estrat\u00e9gia de combate, de cessar o fogo, n\u00e3o s\u00f3 de controle. O controle devia ter acontecido no in\u00edcio. Mesmo com todas as for\u00e7as l\u00e1 dentro &#8211; Ibama, Corpo de Bombeiros, Ex\u00e9rcito, SESAI (Secretaria Especial de Sa\u00fade Ind\u00edgena) dando total apoio, n\u00e3o est\u00e1 sendo suficiente. Continuamos mobilizando e pressionando.<br \/>\n<strong>Os Guajajara t\u00eam um grupo chamado Guardi\u00f5es que combate o roubo de madeira na Terra Ind\u00edgena. Eles est\u00e3o ajudando no combate ao fogo?<br \/>\n<\/strong>Os Guardi\u00f5es est\u00e3o fazendo o combate \u00e0 explora\u00e7\u00e3o ilegal de madeira e combatendo o fogo no local onde estima-se que haja 80 \u00edndios Aw\u00e1-Guaj\u00e1 que vivem isolados. O fogo est\u00e1 rodeando a \u00e1rea onde eles vivem, ainda n\u00e3o est\u00e1 dentro, mas est\u00e1 cercando. At\u00e9 por isto, os Guardi\u00f5es est\u00e3o construindo um Centro de Saberes para ficar para depois, para termos um espa\u00e7o de troca e de cultura.\u00a0 Caso algum deles fa\u00e7a contato, tem um espa\u00e7o ali reservado para que outros Aw\u00e1-Guaj\u00e1 possam vir para fazer a conversa. N\u00e3o \u00e9 uma frente de atra\u00e7\u00e3o, n\u00e3o \u00e9 for\u00e7ar o contato, mas preparar, porque caso eles apare\u00e7am, estaremos preparados para o contato.<br \/>\n<strong>Estes Aw\u00e1-Guaj\u00e1 s\u00e3o os que foram visitados pela jornalista Miriam Leit\u00e3o e pelo fot\u00f3grafo Sebasti\u00e3o Salgado no ano passado?<br \/>\n<\/strong>Tem uns que j\u00e1 s\u00e3o aldeados e que moram no norte do estado do Maranh\u00e3o e tem estes que vivem isolados no sul do estado, na Reserva Arariboia. Miriam Leit\u00e3o e Sebasti\u00e3o Salgado estiveram com os aldeados.<br \/>\nOs Guajajara t\u00eam uma preocupa\u00e7\u00e3o muito grande com estes \u00edndios isolados, de fazer a prote\u00e7\u00e3o deles. Os Guajajara est\u00e3o fazendo a prote\u00e7\u00e3o do territ\u00f3rio n\u00e3o s\u00f3 para n\u00f3s, mas tamb\u00e9m para garantir que eles possam continuar l\u00e1, vivendo bem da forma como quiserem. Esta \u00e9 uma decis\u00e3o deles. N\u00e3o tem como intervir ou mudar isto.\u00a0 O que os ind\u00edgenas e o Estado precisam fazer \u00e9 garantir a seguran\u00e7a e a prote\u00e7\u00e3o deles.<br \/>\n<strong>Como \u00e9 a situa\u00e7\u00e3o de desmatamento na Reserva Arariboia?<\/strong><br \/>\nO inc\u00eandio hoje n\u00e3o \u00e9 s\u00f3 um fogo que aconteceu do nada. Ele \u00e9 consequ\u00eancia total do desmatamento. H\u00e1 anos que aquela terra \u00e9 explorada de forma ilegal. As for\u00e7as respons\u00e1veis por cuidar fazem opera\u00e7\u00f5es pontuais de combate, com avi\u00e3o, com mil pol\u00edcias, Pol\u00edcia Federal e isto alarma, n\u00e9? Quem est\u00e1 l\u00e1 dentro, sai imediatamente e eles n\u00e3o conseguem pegar. Quando pega, prende quem? Um motorista? Tem que ter uma a\u00e7\u00e3o mais estrat\u00e9gica de combater quem recebe esta madeira. Quem manda tirar l\u00e1, que s\u00e3o geralmente for\u00e7as pol\u00edticas, gente poderosa da pol\u00edtica, empres\u00e1rios, estes nunca s\u00e3o atingidos, nunca s\u00e3o alcan\u00e7ados. Ent\u00e3o estas opera\u00e7\u00f5es n\u00e3o t\u00eam resultado nenhum. H\u00e1 anos que acontecem opera\u00e7\u00f5es.\u00a0 O que tem que fazer \u00e9 dar condi\u00e7\u00f5es para que os pr\u00f3prios ind\u00edgenas possam fazer este trabalho de prote\u00e7\u00e3o e de monitoramento. E o Estado tem que fazer a fiscaliza\u00e7\u00e3o permanente.<br \/>\nPorque n\u00f3s fazemos a vigil\u00e2ncia e o monitoramento, mas o Estado \u00e9 que tem que fazer a fiscaliza\u00e7\u00e3o. Chegar, abordar, pegar os culpados e punir. N\u00e3o \u00e9 a gente que tem que fazer isto.<br \/>\n<strong>A fiscaliza\u00e7\u00e3o dos Guardi\u00f5es tem sido criticada e voc\u00ea mesma disse que eles n\u00e3o gostaram de serem chamados de mil\u00edcia em mat\u00e9ria no Washington Post. Como surgiu este movimento dos Guardi\u00f5es e quem s\u00e3o eles?<\/strong><br \/>\nA ideia dos Guardi\u00f5es surgiu dentro da pr\u00f3pria Terra. De conversas entre os ind\u00edgenas, das lideran\u00e7as, de poder ter uma a\u00e7\u00e3o pr\u00f3pria. Que os pr\u00f3prios ind\u00edgenas pudessem fazer a prote\u00e7\u00e3o do territ\u00f3rio. Porque h\u00e1 muito tempo a Terra Ind\u00edgena \u00e9 invadida, explorada sem controle e n\u00e3o tem esta presen\u00e7a do Estado. Como expliquei, \u00e9 muito dif\u00edcil ter este controle.<br \/>\nOs ind\u00edgenas tomaram a decis\u00e3o de fazer esta a\u00e7\u00e3o de prote\u00e7\u00e3o. De cuidar e coibir a entrada de madeireiros. Os madeireiros come\u00e7aram a provocar muito, a ter conflitos nas abordagens. Temos que admitir tamb\u00e9m que tem poucos ind\u00edgenas que s\u00e3o coniventes e vendem a madeira. N\u00e3o s\u00e3o muitos, s\u00e3o poucos e s\u00e3o mal vistos nas aldeias. Mas se tivesse uma a\u00e7\u00e3o efetiva do Estado, isto n\u00e3o aconteceria.<br \/>\n<strong>Tem um processo de capta\u00e7\u00e3o tamb\u00e9m, n\u00e3o tem? Os madeireiros oferecem coisas?<\/strong><br \/>\nA gente sabe que a madeira que sai de l\u00e1 sai praticamente de gra\u00e7a. Na verdade, \u00edndios n\u00e3o vendem madeira, eles d\u00e3o. Os madeireiros compram por quase nada. Acontece tamb\u00e9m por falta de pol\u00edticas p\u00fablicas. Todo mundo na maior car\u00eancia, aus\u00eancia total do Estado em sa\u00fade, em educa\u00e7\u00e3o, em incentivo para produ\u00e7\u00e3o. Tem todo um contexto que desencadeia este processo de coniv\u00eancia da retirada da madeira. O que refor\u00e7a cada vez mais a necessidade de presen\u00e7a do Estado, de pol\u00edticas p\u00fablicas que venham dar condi\u00e7\u00f5es para que os ind\u00edgenas tenham uma vida digna, com liberdade, dentro da pr\u00f3pria Terra, que hoje n\u00e3o t\u00eam.<br \/>\n<strong>O que os Guardi\u00f5es fazem \u00e9 perigoso e eles se exp\u00f5em muito, n\u00e3o?<\/strong><br \/>\nJ\u00e1 houve confrontos com madeireiros, porque eles entram armados dentro da Terra. Colocam todo mundo em situa\u00e7\u00e3o de inseguran\u00e7a. Come\u00e7am a amea\u00e7ar os Guardi\u00f5es como forma de nos inibir para continuarmos deixando eles entrarem. Acaba sendo perigoso para todo mundo. N\u00e3o s\u00f3 para os Guardi\u00f5es, mas para todos. Eles n\u00e3o sabem direito quem s\u00e3o os Guardi\u00f5es \u2013 que usam m\u00e1scaras para esconder o rosto nas a\u00e7\u00f5es &#8211; ent\u00e3o fica todo mundo vulner\u00e1vel.<br \/>\n<strong>E voc\u00eas j\u00e1 sentiram alguma diferen\u00e7a em fun\u00e7\u00e3o do trabalho dos Guardi\u00f5es?<\/strong><br \/>\nEles come\u00e7aram a fiscalizar h\u00e1 uns dois anos e j\u00e1 diminuiu muito a presen\u00e7a de madeireiros na Reserva. Eles fizeram um trabalho forte, que inibiu muito. Antes eles (os madeireiros) sabiam exatamente quando a pol\u00edcia entrava. Agora eles sabem que os Guardi\u00f5es est\u00e3o l\u00e1 dentro direto, que \u00e9 permanente. O que eles tentam \u00e9 descobrir onde os Guardi\u00f5es est\u00e3o atuando, para evitar e ir para outro lado.<br \/>\n<strong>E eles est\u00e3o aproveitando o inc\u00eandio para atuar?<\/strong><br \/>\nN\u00e3o posso afirmar isto, mas h\u00e1 ind\u00edcios fortes que eles est\u00e3o querendo mudar o foco. Que ao inv\u00e9s de ter a\u00e7\u00e3o de combate aos madeireiros, que a a\u00e7\u00e3o seja contra o fogo. Tem ind\u00edcios, mas n\u00e3o posso afirmar que s\u00e3o os madeireiros que est\u00e3o criando novos focos de inc\u00eandio.<br \/>\nFonte: <em><a href=\"http:\/\/midiaeamazonia.andi.org.br\/\">M\u00eddia e Amaz\u00f4nia<\/a><\/em><\/p>\n","protected":false},"excerpt":{"rendered":"<p>Em entrevista exclusiva ao M\u00eddia e Amaz\u00f4nia, a l\u00edder ind\u00edgena S\u00f4nia Guajajara disse que o inc\u00eandio que consumiu mais de 200 mil hectares da Terra Ind\u00edgena Arariboia come\u00e7ou h\u00e1 mais de tr\u00eas meses e poderia ter sido controlado se os pedidos de ajuda dos Guajajara tivessem sido atendidos de imediato. Na \u00faltima sexta-feira (30), o [&hellip;]<\/p>\n","protected":false},"author":2,"featured_media":10480,"comment_status":"open","ping_status":"open","sticky":false,"template":"","format":"standard","meta":{"_acf_changed":false,"footnotes":""},"categories":[1882,648,6],"tags":[4814,778,12,1170,4815],"class_list":{"0":"post-10479","1":"post","2":"type-post","3":"status-publish","4":"format-standard","5":"has-post-thumbnail","7":"category-brasil","8":"category-entrevistas","9":"category-noticias","10":"tag-awa-guaja","11":"tag-ibama","12":"tag-indigenas","13":"tag-sonia-guajajara","14":"tag-terra-indigena-arariboia"},"acf":[],"yoast_head":"<!-- This site is optimized with the Yoast SEO plugin v26.5 - https:\/\/yoast.com\/wordpress\/plugins\/seo\/ -->\n<title>Atraso no combate ao inc\u00eandio consumiu mais de 50% da Terra Ind\u00edgena Arariboia - PSOL 50<\/title>\n<meta name=\"robots\" content=\"index, follow, max-snippet:-1, max-image-preview:large, max-video-preview:-1\" \/>\n<link rel=\"canonical\" href=\"https:\/\/psol50.org.br\/atraso-no-combate-ao-incendio-consumiu-mais-de-50-da-terra-indigena-arariboia\/\" \/>\n<meta property=\"og:locale\" content=\"pt_BR\" \/>\n<meta property=\"og:type\" content=\"article\" \/>\n<meta property=\"og:title\" content=\"Atraso no combate ao inc\u00eandio consumiu mais de 50% da Terra Ind\u00edgena Arariboia - PSOL 50\" \/>\n<meta property=\"og:description\" content=\"Em entrevista exclusiva ao M\u00eddia e Amaz\u00f4nia, a l\u00edder ind\u00edgena S\u00f4nia Guajajara disse que o inc\u00eandio que consumiu mais de 200 mil hectares da Terra Ind\u00edgena Arariboia come\u00e7ou h\u00e1 mais de tr\u00eas meses e poderia ter sido controlado se os pedidos de ajuda dos Guajajara tivessem sido atendidos de imediato. Na \u00faltima sexta-feira (30), o [&hellip;]\" \/>\n<meta property=\"og:url\" content=\"https:\/\/psol50.org.br\/atraso-no-combate-ao-incendio-consumiu-mais-de-50-da-terra-indigena-arariboia\/\" \/>\n<meta property=\"og:site_name\" content=\"PSOL 50\" \/>\n<meta property=\"article:publisher\" content=\"https:\/\/www.facebook.com\/psol50\" \/>\n<meta property=\"article:published_time\" content=\"2015-11-03T20:27:52+00:00\" \/>\n<meta property=\"og:image\" content=\"https:\/\/psol50.org.br\/inc\/uploads\/2015\/11\/Sonia-Guajajara-ABr-editada-e1449054813603.jpg\" \/>\n\t<meta property=\"og:image:width\" content=\"900\" \/>\n\t<meta property=\"og:image:height\" content=\"595\" \/>\n\t<meta property=\"og:image:type\" content=\"image\/jpeg\" \/>\n<meta name=\"author\" content=\"Comunica\u00e7\u00e3o PSOL\" \/>\n<meta name=\"twitter:card\" content=\"summary_large_image\" \/>\n<meta name=\"twitter:creator\" content=\"@psol50\" \/>\n<meta name=\"twitter:site\" content=\"@psol50\" \/>\n<meta name=\"twitter:label1\" content=\"Escrito por\" \/>\n\t<meta name=\"twitter:data1\" content=\"Comunica\u00e7\u00e3o PSOL\" \/>\n\t<meta name=\"twitter:label2\" content=\"Est. tempo de leitura\" \/>\n\t<meta name=\"twitter:data2\" content=\"8 minutos\" \/>\n<script type=\"application\/ld+json\" class=\"yoast-schema-graph\">{\"@context\":\"https:\/\/schema.org\",\"@graph\":[{\"@type\":\"Article\",\"@id\":\"https:\/\/psol50.org.br\/atraso-no-combate-ao-incendio-consumiu-mais-de-50-da-terra-indigena-arariboia\/#article\",\"isPartOf\":{\"@id\":\"https:\/\/psol50.org.br\/atraso-no-combate-ao-incendio-consumiu-mais-de-50-da-terra-indigena-arariboia\/\"},\"author\":{\"name\":\"Comunica\u00e7\u00e3o PSOL\",\"@id\":\"https:\/\/psol50.org.br\/#\/schema\/person\/475dfa57d0b815993c714c2e96491fcd\"},\"headline\":\"Atraso no combate ao inc\u00eandio consumiu mais de 50% da Terra Ind\u00edgena Arariboia\",\"datePublished\":\"2015-11-03T20:27:52+00:00\",\"mainEntityOfPage\":{\"@id\":\"https:\/\/psol50.org.br\/atraso-no-combate-ao-incendio-consumiu-mais-de-50-da-terra-indigena-arariboia\/\"},\"wordCount\":1705,\"commentCount\":0,\"publisher\":{\"@id\":\"https:\/\/psol50.org.br\/#organization\"},\"image\":{\"@id\":\"https:\/\/psol50.org.br\/atraso-no-combate-ao-incendio-consumiu-mais-de-50-da-terra-indigena-arariboia\/#primaryimage\"},\"thumbnailUrl\":\"https:\/\/psol50.org.br\/inc\/uploads\/2015\/11\/Sonia-Guajajara-ABr-editada-e1449054813603.jpg\",\"keywords\":[\"Aw\u00e1-Guaj\u00e1\",\"Ibama\",\"Ind\u00edgenas\",\"S\u00f4nia Guajajara\",\"Terra Ind\u00edgena Arariboia\"],\"articleSection\":[\"Brasil\",\"Entrevistas\",\"Not\u00edcias\"],\"inLanguage\":\"pt-BR\",\"potentialAction\":[{\"@type\":\"CommentAction\",\"name\":\"Comment\",\"target\":[\"https:\/\/psol50.org.br\/atraso-no-combate-ao-incendio-consumiu-mais-de-50-da-terra-indigena-arariboia\/#respond\"]}]},{\"@type\":\"WebPage\",\"@id\":\"https:\/\/psol50.org.br\/atraso-no-combate-ao-incendio-consumiu-mais-de-50-da-terra-indigena-arariboia\/\",\"url\":\"https:\/\/psol50.org.br\/atraso-no-combate-ao-incendio-consumiu-mais-de-50-da-terra-indigena-arariboia\/\",\"name\":\"Atraso no combate ao inc\u00eandio consumiu mais de 50% da Terra Ind\u00edgena Arariboia - PSOL 50\",\"isPartOf\":{\"@id\":\"https:\/\/psol50.org.br\/#website\"},\"primaryImageOfPage\":{\"@id\":\"https:\/\/psol50.org.br\/atraso-no-combate-ao-incendio-consumiu-mais-de-50-da-terra-indigena-arariboia\/#primaryimage\"},\"image\":{\"@id\":\"https:\/\/psol50.org.br\/atraso-no-combate-ao-incendio-consumiu-mais-de-50-da-terra-indigena-arariboia\/#primaryimage\"},\"thumbnailUrl\":\"https:\/\/psol50.org.br\/inc\/uploads\/2015\/11\/Sonia-Guajajara-ABr-editada-e1449054813603.jpg\",\"datePublished\":\"2015-11-03T20:27:52+00:00\",\"breadcrumb\":{\"@id\":\"https:\/\/psol50.org.br\/atraso-no-combate-ao-incendio-consumiu-mais-de-50-da-terra-indigena-arariboia\/#breadcrumb\"},\"inLanguage\":\"pt-BR\",\"potentialAction\":[{\"@type\":\"ReadAction\",\"target\":[\"https:\/\/psol50.org.br\/atraso-no-combate-ao-incendio-consumiu-mais-de-50-da-terra-indigena-arariboia\/\"]}]},{\"@type\":\"ImageObject\",\"inLanguage\":\"pt-BR\",\"@id\":\"https:\/\/psol50.org.br\/atraso-no-combate-ao-incendio-consumiu-mais-de-50-da-terra-indigena-arariboia\/#primaryimage\",\"url\":\"https:\/\/psol50.org.br\/inc\/uploads\/2015\/11\/Sonia-Guajajara-ABr-editada-e1449054813603.jpg\",\"contentUrl\":\"https:\/\/psol50.org.br\/inc\/uploads\/2015\/11\/Sonia-Guajajara-ABr-editada-e1449054813603.jpg\",\"width\":900,\"height\":595,\"caption\":\"Coordenadora da Articula\u00e7\u00e3o dos Povos Ind\u00edgenas do Brasil, S\u00f4nia Guajajara, participa do F\u00f3rum Legislativo Nacional de Direitos Humanos: pelo direito \u00e0 mem\u00f3ria, \u00e0 verdade e \u00e0 justi\u00e7a (Wilson Dias\/Ag\u00eancia Brasil)\"},{\"@type\":\"BreadcrumbList\",\"@id\":\"https:\/\/psol50.org.br\/atraso-no-combate-ao-incendio-consumiu-mais-de-50-da-terra-indigena-arariboia\/#breadcrumb\",\"itemListElement\":[{\"@type\":\"ListItem\",\"position\":1,\"name\":\"In\u00edcio\",\"item\":\"https:\/\/psol50.org.br\/\"},{\"@type\":\"ListItem\",\"position\":2,\"name\":\"Atraso no combate ao inc\u00eandio consumiu mais de 50% da Terra Ind\u00edgena Arariboia\"}]},{\"@type\":\"WebSite\",\"@id\":\"https:\/\/psol50.org.br\/#website\",\"url\":\"https:\/\/psol50.org.br\/\",\"name\":\"PSOL 50\",\"description\":\"Site oficial do Partido Socialismo e Liberdade\",\"publisher\":{\"@id\":\"https:\/\/psol50.org.br\/#organization\"},\"alternateName\":\"PSOL50\",\"potentialAction\":[{\"@type\":\"SearchAction\",\"target\":{\"@type\":\"EntryPoint\",\"urlTemplate\":\"https:\/\/psol50.org.br\/?s={search_term_string}\"},\"query-input\":{\"@type\":\"PropertyValueSpecification\",\"valueRequired\":true,\"valueName\":\"search_term_string\"}}],\"inLanguage\":\"pt-BR\"},{\"@type\":\"Organization\",\"@id\":\"https:\/\/psol50.org.br\/#organization\",\"name\":\"PSOL 50\",\"alternateName\":\"PSOL 50\",\"url\":\"https:\/\/psol50.org.br\/\",\"logo\":{\"@type\":\"ImageObject\",\"inLanguage\":\"pt-BR\",\"@id\":\"https:\/\/psol50.org.br\/#\/schema\/logo\/image\/\",\"url\":\"https:\/\/psol50.org.br\/inc\/uploads\/2018\/07\/capa.png\",\"contentUrl\":\"https:\/\/psol50.org.br\/inc\/uploads\/2018\/07\/capa.png\",\"width\":1350,\"height\":900,\"caption\":\"PSOL 50\"},\"image\":{\"@id\":\"https:\/\/psol50.org.br\/#\/schema\/logo\/image\/\"},\"sameAs\":[\"https:\/\/www.facebook.com\/psol50\",\"https:\/\/x.com\/psol50\",\"https:\/\/www.instagram.com\/psol50\/\",\"https:\/\/www.youtube.com\/channel\/UC7SnJS5o1os7a6CaiNabzcg\"]},{\"@type\":\"Person\",\"@id\":\"https:\/\/psol50.org.br\/#\/schema\/person\/475dfa57d0b815993c714c2e96491fcd\",\"name\":\"Comunica\u00e7\u00e3o PSOL\",\"image\":{\"@type\":\"ImageObject\",\"inLanguage\":\"pt-BR\",\"@id\":\"https:\/\/psol50.org.br\/#\/schema\/person\/image\/\",\"url\":\"https:\/\/secure.gravatar.com\/avatar\/b34fc4f4e468a4e51785917065a3db57b841f5c95dba6ad8c73aaf8f66f8f9bf?s=96&d=mm&r=g\",\"contentUrl\":\"https:\/\/secure.gravatar.com\/avatar\/b34fc4f4e468a4e51785917065a3db57b841f5c95dba6ad8c73aaf8f66f8f9bf?s=96&d=mm&r=g\",\"caption\":\"Comunica\u00e7\u00e3o PSOL\"}}]}<\/script>\n<!-- \/ Yoast SEO plugin. -->","yoast_head_json":{"title":"Atraso no combate ao inc\u00eandio consumiu mais de 50% da Terra Ind\u00edgena Arariboia - PSOL 50","robots":{"index":"index","follow":"follow","max-snippet":"max-snippet:-1","max-image-preview":"max-image-preview:large","max-video-preview":"max-video-preview:-1"},"canonical":"https:\/\/psol50.org.br\/atraso-no-combate-ao-incendio-consumiu-mais-de-50-da-terra-indigena-arariboia\/","og_locale":"pt_BR","og_type":"article","og_title":"Atraso no combate ao inc\u00eandio consumiu mais de 50% da Terra Ind\u00edgena Arariboia - PSOL 50","og_description":"Em entrevista exclusiva ao M\u00eddia e Amaz\u00f4nia, a l\u00edder ind\u00edgena S\u00f4nia Guajajara disse que o inc\u00eandio que consumiu mais de 200 mil hectares da Terra Ind\u00edgena Arariboia come\u00e7ou h\u00e1 mais de tr\u00eas meses e poderia ter sido controlado se os pedidos de ajuda dos Guajajara tivessem sido atendidos de imediato. Na \u00faltima sexta-feira (30), o [&hellip;]","og_url":"https:\/\/psol50.org.br\/atraso-no-combate-ao-incendio-consumiu-mais-de-50-da-terra-indigena-arariboia\/","og_site_name":"PSOL 50","article_publisher":"https:\/\/www.facebook.com\/psol50","article_published_time":"2015-11-03T20:27:52+00:00","og_image":[{"width":900,"height":595,"url":"https:\/\/psol50.org.br\/inc\/uploads\/2015\/11\/Sonia-Guajajara-ABr-editada-e1449054813603.jpg","type":"image\/jpeg"}],"author":"Comunica\u00e7\u00e3o PSOL","twitter_card":"summary_large_image","twitter_creator":"@psol50","twitter_site":"@psol50","twitter_misc":{"Escrito por":"Comunica\u00e7\u00e3o PSOL","Est. tempo de leitura":"8 minutos"},"schema":{"@context":"https:\/\/schema.org","@graph":[{"@type":"Article","@id":"https:\/\/psol50.org.br\/atraso-no-combate-ao-incendio-consumiu-mais-de-50-da-terra-indigena-arariboia\/#article","isPartOf":{"@id":"https:\/\/psol50.org.br\/atraso-no-combate-ao-incendio-consumiu-mais-de-50-da-terra-indigena-arariboia\/"},"author":{"name":"Comunica\u00e7\u00e3o PSOL","@id":"https:\/\/psol50.org.br\/#\/schema\/person\/475dfa57d0b815993c714c2e96491fcd"},"headline":"Atraso no combate ao inc\u00eandio consumiu mais de 50% da Terra Ind\u00edgena Arariboia","datePublished":"2015-11-03T20:27:52+00:00","mainEntityOfPage":{"@id":"https:\/\/psol50.org.br\/atraso-no-combate-ao-incendio-consumiu-mais-de-50-da-terra-indigena-arariboia\/"},"wordCount":1705,"commentCount":0,"publisher":{"@id":"https:\/\/psol50.org.br\/#organization"},"image":{"@id":"https:\/\/psol50.org.br\/atraso-no-combate-ao-incendio-consumiu-mais-de-50-da-terra-indigena-arariboia\/#primaryimage"},"thumbnailUrl":"https:\/\/psol50.org.br\/inc\/uploads\/2015\/11\/Sonia-Guajajara-ABr-editada-e1449054813603.jpg","keywords":["Aw\u00e1-Guaj\u00e1","Ibama","Ind\u00edgenas","S\u00f4nia Guajajara","Terra Ind\u00edgena Arariboia"],"articleSection":["Brasil","Entrevistas","Not\u00edcias"],"inLanguage":"pt-BR","potentialAction":[{"@type":"CommentAction","name":"Comment","target":["https:\/\/psol50.org.br\/atraso-no-combate-ao-incendio-consumiu-mais-de-50-da-terra-indigena-arariboia\/#respond"]}]},{"@type":"WebPage","@id":"https:\/\/psol50.org.br\/atraso-no-combate-ao-incendio-consumiu-mais-de-50-da-terra-indigena-arariboia\/","url":"https:\/\/psol50.org.br\/atraso-no-combate-ao-incendio-consumiu-mais-de-50-da-terra-indigena-arariboia\/","name":"Atraso no combate ao inc\u00eandio consumiu mais de 50% da Terra Ind\u00edgena Arariboia - PSOL 50","isPartOf":{"@id":"https:\/\/psol50.org.br\/#website"},"primaryImageOfPage":{"@id":"https:\/\/psol50.org.br\/atraso-no-combate-ao-incendio-consumiu-mais-de-50-da-terra-indigena-arariboia\/#primaryimage"},"image":{"@id":"https:\/\/psol50.org.br\/atraso-no-combate-ao-incendio-consumiu-mais-de-50-da-terra-indigena-arariboia\/#primaryimage"},"thumbnailUrl":"https:\/\/psol50.org.br\/inc\/uploads\/2015\/11\/Sonia-Guajajara-ABr-editada-e1449054813603.jpg","datePublished":"2015-11-03T20:27:52+00:00","breadcrumb":{"@id":"https:\/\/psol50.org.br\/atraso-no-combate-ao-incendio-consumiu-mais-de-50-da-terra-indigena-arariboia\/#breadcrumb"},"inLanguage":"pt-BR","potentialAction":[{"@type":"ReadAction","target":["https:\/\/psol50.org.br\/atraso-no-combate-ao-incendio-consumiu-mais-de-50-da-terra-indigena-arariboia\/"]}]},{"@type":"ImageObject","inLanguage":"pt-BR","@id":"https:\/\/psol50.org.br\/atraso-no-combate-ao-incendio-consumiu-mais-de-50-da-terra-indigena-arariboia\/#primaryimage","url":"https:\/\/psol50.org.br\/inc\/uploads\/2015\/11\/Sonia-Guajajara-ABr-editada-e1449054813603.jpg","contentUrl":"https:\/\/psol50.org.br\/inc\/uploads\/2015\/11\/Sonia-Guajajara-ABr-editada-e1449054813603.jpg","width":900,"height":595,"caption":"Coordenadora da Articula\u00e7\u00e3o dos Povos Ind\u00edgenas do Brasil, S\u00f4nia Guajajara, participa do F\u00f3rum Legislativo Nacional de Direitos Humanos: pelo direito \u00e0 mem\u00f3ria, \u00e0 verdade e \u00e0 justi\u00e7a (Wilson Dias\/Ag\u00eancia Brasil)"},{"@type":"BreadcrumbList","@id":"https:\/\/psol50.org.br\/atraso-no-combate-ao-incendio-consumiu-mais-de-50-da-terra-indigena-arariboia\/#breadcrumb","itemListElement":[{"@type":"ListItem","position":1,"name":"In\u00edcio","item":"https:\/\/psol50.org.br\/"},{"@type":"ListItem","position":2,"name":"Atraso no combate ao inc\u00eandio consumiu mais de 50% da Terra Ind\u00edgena Arariboia"}]},{"@type":"WebSite","@id":"https:\/\/psol50.org.br\/#website","url":"https:\/\/psol50.org.br\/","name":"PSOL 50","description":"Site oficial do Partido Socialismo e Liberdade","publisher":{"@id":"https:\/\/psol50.org.br\/#organization"},"alternateName":"PSOL50","potentialAction":[{"@type":"SearchAction","target":{"@type":"EntryPoint","urlTemplate":"https:\/\/psol50.org.br\/?s={search_term_string}"},"query-input":{"@type":"PropertyValueSpecification","valueRequired":true,"valueName":"search_term_string"}}],"inLanguage":"pt-BR"},{"@type":"Organization","@id":"https:\/\/psol50.org.br\/#organization","name":"PSOL 50","alternateName":"PSOL 50","url":"https:\/\/psol50.org.br\/","logo":{"@type":"ImageObject","inLanguage":"pt-BR","@id":"https:\/\/psol50.org.br\/#\/schema\/logo\/image\/","url":"https:\/\/psol50.org.br\/inc\/uploads\/2018\/07\/capa.png","contentUrl":"https:\/\/psol50.org.br\/inc\/uploads\/2018\/07\/capa.png","width":1350,"height":900,"caption":"PSOL 50"},"image":{"@id":"https:\/\/psol50.org.br\/#\/schema\/logo\/image\/"},"sameAs":["https:\/\/www.facebook.com\/psol50","https:\/\/x.com\/psol50","https:\/\/www.instagram.com\/psol50\/","https:\/\/www.youtube.com\/channel\/UC7SnJS5o1os7a6CaiNabzcg"]},{"@type":"Person","@id":"https:\/\/psol50.org.br\/#\/schema\/person\/475dfa57d0b815993c714c2e96491fcd","name":"Comunica\u00e7\u00e3o PSOL","image":{"@type":"ImageObject","inLanguage":"pt-BR","@id":"https:\/\/psol50.org.br\/#\/schema\/person\/image\/","url":"https:\/\/secure.gravatar.com\/avatar\/b34fc4f4e468a4e51785917065a3db57b841f5c95dba6ad8c73aaf8f66f8f9bf?s=96&d=mm&r=g","contentUrl":"https:\/\/secure.gravatar.com\/avatar\/b34fc4f4e468a4e51785917065a3db57b841f5c95dba6ad8c73aaf8f66f8f9bf?s=96&d=mm&r=g","caption":"Comunica\u00e7\u00e3o PSOL"}}]}},"_links":{"self":[{"href":"https:\/\/psol50.org.br\/rest\/wp\/v2\/posts\/10479","targetHints":{"allow":["GET"]}}],"collection":[{"href":"https:\/\/psol50.org.br\/rest\/wp\/v2\/posts"}],"about":[{"href":"https:\/\/psol50.org.br\/rest\/wp\/v2\/types\/post"}],"author":[{"embeddable":true,"href":"https:\/\/psol50.org.br\/rest\/wp\/v2\/users\/2"}],"replies":[{"embeddable":true,"href":"https:\/\/psol50.org.br\/rest\/wp\/v2\/comments?post=10479"}],"version-history":[{"count":0,"href":"https:\/\/psol50.org.br\/rest\/wp\/v2\/posts\/10479\/revisions"}],"wp:featuredmedia":[{"embeddable":true,"href":"https:\/\/psol50.org.br\/rest\/wp\/v2\/media\/10480"}],"wp:attachment":[{"href":"https:\/\/psol50.org.br\/rest\/wp\/v2\/media?parent=10479"}],"wp:term":[{"taxonomy":"category","embeddable":true,"href":"https:\/\/psol50.org.br\/rest\/wp\/v2\/categories?post=10479"},{"taxonomy":"post_tag","embeddable":true,"href":"https:\/\/psol50.org.br\/rest\/wp\/v2\/tags?post=10479"}],"curies":[{"name":"wp","href":"https:\/\/api.w.org\/{rel}","templated":true}]}}