{"id":10496,"date":"2015-11-05T18:19:20","date_gmt":"2015-11-05T18:19:20","guid":{"rendered":"http:\/\/www.psol50.org.br\/?p=10496"},"modified":"2015-11-05T18:19:20","modified_gmt":"2015-11-05T18:19:20","slug":"no-proximo-domingo-manifestantes-irao-as-ruas-exigir-a-saida-de-eduardo-cunha","status":"publish","type":"post","link":"https:\/\/psol50.org.br\/no-proximo-domingo-manifestantes-irao-as-ruas-exigir-a-saida-de-eduardo-cunha\/","title":{"rendered":"No pr\u00f3ximo domingo, manifestantes ir\u00e3o \u00e0s ruas exigir a sa\u00edda de Eduardo Cunha"},"content":{"rendered":"<p>No dia 8 de novembro, pr\u00f3ximo domingo, em v\u00e1rias capitais do pa\u00eds, ser\u00e3o promovidas manifesta\u00e7\u00f5es, como parte do ato nacional pelo \u201cFora Cunha\u201d e contra o ajuste fiscal implementado pelos governos federal e estaduais. Articulado pela Frente Povo Sem Medo, o ato ocorrer\u00e1 em mais de dez cidades at\u00e9 agora j\u00e1 confirmadas, como: S\u00e3o Paulo, Fortaleza, Bras\u00edlia, Goi\u00e2nia, Recife, Curitiba, Belo Horizonte, Rio de Janeiro, Palmas, Salvador, Florian\u00f3polis, Natal e Uberl\u00e2ndia-MG.<br \/>\nUm dos grandes representante das atuais pol\u00edticas conservadoras \u00e9 o presidente da C\u00e2mara Eduardo Cunha. N\u00e3o bastassem as medidas que retiram direitos da classe trabalhadora, juventude, mulheres, negras e negros, LGBTs e ind\u00edgenas, Cunha est\u00e1 sendo investigado por corrup\u00e7\u00e3o. J\u00e1 h\u00e1 provas claras de milh\u00f5es de d\u00f3lares em contas na Su\u00ed\u00e7a, para completar a galeria de esc\u00e2ndalos que o envolve, como os desvios na Telerj no governo do ex-presidente Fernando Collor. \u201c\u00c9 um ladr\u00e3o blindado, por isso ainda n\u00e3o caiu. N\u00e3o entregaremos nossos direitos em nome de nenhuma governabilidade, e, por isso exigimos nas ruas o Fora Cunha\u201d, afirma trecho da convocat\u00f3ria do ato nacional, divulgada pela Frente Povo Sem Medo.<br \/>\nAs manifesta\u00e7\u00f5es tamb\u00e9m v\u00e3o defender alternativas \u00e0 esquerda para as crises econ\u00f4mica e pol\u00edtica pelas quais vive o pa\u00eds. \u201cNenhuma sa\u00edda \u00e0 direita. Aqueles que historicamente governaram o Brasil e sempre contra a maioria do povo, agora colocam-se na condi\u00e7\u00e3o de apresentar solu\u00e7\u00f5es para a crise. A mudan\u00e7a que prop\u00f5em \u00e9 com Michel Temer, Cunha\/Renan e o PSDB. Est\u00e1 em curso uma agenda de retrocessos, que colocam em risco direitos sociais, pol\u00edticos e civis, como a Lei das Terceiriza\u00e7\u00f5es, a Redu\u00e7\u00e3o da Maioridade Penal, o Estatuto da Fam\u00edlia, a PEC da Corrup\u00e7\u00e3o\/Contrarreforma pol\u00edtica e o PL 5069\/2013 que ataca o direito das mulheres. N\u00e3o t\u00eam autoridade pol\u00edtica e moral para isso. N\u00e3o aceitaremos sa\u00eddas \u00e0 direita\u201d, pontuam os organizadores do ato.<br \/>\nVeja hor\u00e1rio e local das manifesta\u00e7\u00f5es em algumas cidades:<br \/>\n<strong>S\u00e3o Paulo<\/strong> &#8211; Masp, \u00e0s 14hs<br \/>\n<strong>Fortaleza<\/strong> &#8211; Pra\u00e7a de Messejana, \u00e0s 17h30<br \/>\n<strong>Bras\u00edlia<\/strong> \u2013 Caminhada do Eix\u00e3o, na altura da 102 Sul, at\u00e9 o Congresso Nacional, \u00e0s 10hs<br \/>\n<strong>Goi\u00e2nia<\/strong> &#8211; Instituto Federal de Goi\u00e2nia, \u00e0s 8h<br \/>\n<strong>Recife<\/strong> &#8211; Marco Zero, \u00e0s 15h<br \/>\n<strong>Curitiba<\/strong> &#8211; Pra\u00e7a \u00c1guas do Passa\u00fana (CIC), \u00e0s 9h30<br \/>\n<strong>Belo Horizonte<\/strong> &#8211; Pra\u00e7a da Liberdade, \u00e0s 10h<br \/>\n<strong>Uberl\u00e2ndia<\/strong> &#8211; Pra\u00e7a S\u00e9rgio Pacheco (Terminal central), \u00e0s 9hs<br \/>\n<strong>Rio de Janeiro<\/strong> &#8211; Atividade &#8220;surpresa&#8221;, \u00e0s 15h<br \/>\n<strong>Palmas<\/strong> &#8211; Av. Juscelino Kubitschek, \u00e0s 9h<br \/>\n<strong>Natal <\/strong>&#8211; Av. Maranata, \u00e0s 15h<br \/>\n<strong>Boa Vista<\/strong> &#8211; Gin\u00e1sio Ribeir\u00e3o, \u00e0s 8h30<br \/>\nAcesse a <a href=\"https:\/\/www.facebook.com\/events\/1518452245146240\/\">p\u00e1gina<\/a> do evento no facebook e saiba mais informa\u00e7\u00f5es sobre o ato nacional Fora Cunha e contra o ajuste fiscal.<\/p>\n","protected":false},"excerpt":{"rendered":"<p>No dia 8 de novembro, pr\u00f3ximo domingo, em v\u00e1rias capitais do pa\u00eds, ser\u00e3o promovidas manifesta\u00e7\u00f5es, como parte do ato nacional pelo \u201cFora Cunha\u201d e contra o ajuste fiscal implementado pelos governos federal e estaduais. Articulado pela Frente Povo Sem Medo, o ato ocorrer\u00e1 em mais de dez cidades at\u00e9 agora j\u00e1 confirmadas, como: S\u00e3o Paulo, [&hellip;]<\/p>\n","protected":false},"author":2,"featured_media":10497,"comment_status":"open","ping_status":"open","sticky":false,"template":"","format":"standard","meta":{"_acf_changed":false,"footnotes":""},"categories":[1882,1104],"tags":[1432,2890,3962,1878,22],"class_list":{"0":"post-10496","1":"post","2":"type-post","3":"status-publish","4":"format-standard","5":"has-post-thumbnail","7":"category-brasil","8":"category-movimento","9":"tag-ajuste-fiscal","10":"tag-eduardo-cunha","11":"tag-fora-cunha","12":"tag-frente-povo-sem-medo","13":"tag-psol"},"acf":[],"yoast_head":"<!-- This site is optimized with the Yoast SEO plugin v26.5 - https:\/\/yoast.com\/wordpress\/plugins\/seo\/ -->\n<title>No pr\u00f3ximo domingo, manifestantes ir\u00e3o \u00e0s ruas exigir a sa\u00edda de Eduardo Cunha - PSOL 50<\/title>\n<meta name=\"robots\" content=\"index, follow, max-snippet:-1, max-image-preview:large, max-video-preview:-1\" \/>\n<link rel=\"canonical\" href=\"https:\/\/psol50.org.br\/no-proximo-domingo-manifestantes-irao-as-ruas-exigir-a-saida-de-eduardo-cunha\/\" \/>\n<meta property=\"og:locale\" content=\"pt_BR\" \/>\n<meta property=\"og:type\" content=\"article\" \/>\n<meta property=\"og:title\" content=\"No pr\u00f3ximo domingo, manifestantes ir\u00e3o \u00e0s ruas exigir a sa\u00edda de Eduardo Cunha - PSOL 50\" \/>\n<meta property=\"og:description\" content=\"No dia 8 de novembro, pr\u00f3ximo domingo, em v\u00e1rias capitais do pa\u00eds, ser\u00e3o promovidas manifesta\u00e7\u00f5es, como parte do ato nacional pelo \u201cFora Cunha\u201d e contra o ajuste fiscal implementado pelos governos federal e estaduais. Articulado pela Frente Povo Sem Medo, o ato ocorrer\u00e1 em mais de dez cidades at\u00e9 agora j\u00e1 confirmadas, como: S\u00e3o Paulo, [&hellip;]\" \/>\n<meta property=\"og:url\" content=\"https:\/\/psol50.org.br\/no-proximo-domingo-manifestantes-irao-as-ruas-exigir-a-saida-de-eduardo-cunha\/\" \/>\n<meta property=\"og:site_name\" content=\"PSOL 50\" \/>\n<meta property=\"article:publisher\" content=\"https:\/\/www.facebook.com\/psol50\" \/>\n<meta property=\"article:published_time\" content=\"2015-11-05T18:19:20+00:00\" \/>\n<meta property=\"og:image\" content=\"https:\/\/psol50.org.br\/inc\/uploads\/2015\/11\/Ato_mulheres_Fora_Cunha_ABr-e1448896960259.jpg\" \/>\n\t<meta property=\"og:image:width\" content=\"1000\" \/>\n\t<meta property=\"og:image:height\" content=\"666\" \/>\n\t<meta property=\"og:image:type\" content=\"image\/jpeg\" \/>\n<meta name=\"author\" content=\"Comunica\u00e7\u00e3o PSOL\" \/>\n<meta name=\"twitter:card\" content=\"summary_large_image\" \/>\n<meta name=\"twitter:creator\" content=\"@psol50\" \/>\n<meta name=\"twitter:site\" content=\"@psol50\" \/>\n<meta name=\"twitter:label1\" content=\"Escrito por\" \/>\n\t<meta name=\"twitter:data1\" content=\"Comunica\u00e7\u00e3o PSOL\" \/>\n\t<meta name=\"twitter:label2\" content=\"Est. tempo de leitura\" \/>\n\t<meta name=\"twitter:data2\" content=\"2 minutos\" \/>\n<script type=\"application\/ld+json\" class=\"yoast-schema-graph\">{\"@context\":\"https:\/\/schema.org\",\"@graph\":[{\"@type\":\"Article\",\"@id\":\"https:\/\/psol50.org.br\/no-proximo-domingo-manifestantes-irao-as-ruas-exigir-a-saida-de-eduardo-cunha\/#article\",\"isPartOf\":{\"@id\":\"https:\/\/psol50.org.br\/no-proximo-domingo-manifestantes-irao-as-ruas-exigir-a-saida-de-eduardo-cunha\/\"},\"author\":{\"name\":\"Comunica\u00e7\u00e3o PSOL\",\"@id\":\"https:\/\/psol50.org.br\/#\/schema\/person\/475dfa57d0b815993c714c2e96491fcd\"},\"headline\":\"No pr\u00f3ximo domingo, manifestantes ir\u00e3o \u00e0s ruas exigir a sa\u00edda de Eduardo Cunha\",\"datePublished\":\"2015-11-05T18:19:20+00:00\",\"mainEntityOfPage\":{\"@id\":\"https:\/\/psol50.org.br\/no-proximo-domingo-manifestantes-irao-as-ruas-exigir-a-saida-de-eduardo-cunha\/\"},\"wordCount\":502,\"commentCount\":2,\"publisher\":{\"@id\":\"https:\/\/psol50.org.br\/#organization\"},\"image\":{\"@id\":\"https:\/\/psol50.org.br\/no-proximo-domingo-manifestantes-irao-as-ruas-exigir-a-saida-de-eduardo-cunha\/#primaryimage\"},\"thumbnailUrl\":\"https:\/\/psol50.org.br\/inc\/uploads\/2015\/11\/Ato_mulheres_Fora_Cunha_ABr-e1448896960259.jpg\",\"keywords\":[\"Ajuste Fiscal\",\"Eduardo Cunha\",\"Fora Cunha\",\"Frente Povo Sem Medo\",\"PSOL\"],\"articleSection\":[\"Brasil\",\"Movimento\"],\"inLanguage\":\"pt-BR\",\"potentialAction\":[{\"@type\":\"CommentAction\",\"name\":\"Comment\",\"target\":[\"https:\/\/psol50.org.br\/no-proximo-domingo-manifestantes-irao-as-ruas-exigir-a-saida-de-eduardo-cunha\/#respond\"]}]},{\"@type\":\"WebPage\",\"@id\":\"https:\/\/psol50.org.br\/no-proximo-domingo-manifestantes-irao-as-ruas-exigir-a-saida-de-eduardo-cunha\/\",\"url\":\"https:\/\/psol50.org.br\/no-proximo-domingo-manifestantes-irao-as-ruas-exigir-a-saida-de-eduardo-cunha\/\",\"name\":\"No pr\u00f3ximo domingo, manifestantes ir\u00e3o \u00e0s ruas exigir a sa\u00edda de Eduardo Cunha - PSOL 50\",\"isPartOf\":{\"@id\":\"https:\/\/psol50.org.br\/#website\"},\"primaryImageOfPage\":{\"@id\":\"https:\/\/psol50.org.br\/no-proximo-domingo-manifestantes-irao-as-ruas-exigir-a-saida-de-eduardo-cunha\/#primaryimage\"},\"image\":{\"@id\":\"https:\/\/psol50.org.br\/no-proximo-domingo-manifestantes-irao-as-ruas-exigir-a-saida-de-eduardo-cunha\/#primaryimage\"},\"thumbnailUrl\":\"https:\/\/psol50.org.br\/inc\/uploads\/2015\/11\/Ato_mulheres_Fora_Cunha_ABr-e1448896960259.jpg\",\"datePublished\":\"2015-11-05T18:19:20+00:00\",\"breadcrumb\":{\"@id\":\"https:\/\/psol50.org.br\/no-proximo-domingo-manifestantes-irao-as-ruas-exigir-a-saida-de-eduardo-cunha\/#breadcrumb\"},\"inLanguage\":\"pt-BR\",\"potentialAction\":[{\"@type\":\"ReadAction\",\"target\":[\"https:\/\/psol50.org.br\/no-proximo-domingo-manifestantes-irao-as-ruas-exigir-a-saida-de-eduardo-cunha\/\"]}]},{\"@type\":\"ImageObject\",\"inLanguage\":\"pt-BR\",\"@id\":\"https:\/\/psol50.org.br\/no-proximo-domingo-manifestantes-irao-as-ruas-exigir-a-saida-de-eduardo-cunha\/#primaryimage\",\"url\":\"https:\/\/psol50.org.br\/inc\/uploads\/2015\/11\/Ato_mulheres_Fora_Cunha_ABr-e1448896960259.jpg\",\"contentUrl\":\"https:\/\/psol50.org.br\/inc\/uploads\/2015\/11\/Ato_mulheres_Fora_Cunha_ABr-e1448896960259.jpg\",\"width\":1000,\"height\":666,\"caption\":\"Bras\u00edlia - Grupo de mulheres protesta contra o PL5069\/2013. O ato \u00e9 em defesa do uso da p\u00edlula do dia seguinte e pelo fornecimento do medicamento pelo SUS (Fabio Rodrigues Pozzebom\/Ag\u00eancia Brasil)\"},{\"@type\":\"BreadcrumbList\",\"@id\":\"https:\/\/psol50.org.br\/no-proximo-domingo-manifestantes-irao-as-ruas-exigir-a-saida-de-eduardo-cunha\/#breadcrumb\",\"itemListElement\":[{\"@type\":\"ListItem\",\"position\":1,\"name\":\"In\u00edcio\",\"item\":\"https:\/\/psol50.org.br\/\"},{\"@type\":\"ListItem\",\"position\":2,\"name\":\"No pr\u00f3ximo domingo, manifestantes ir\u00e3o \u00e0s ruas exigir a sa\u00edda de Eduardo Cunha\"}]},{\"@type\":\"WebSite\",\"@id\":\"https:\/\/psol50.org.br\/#website\",\"url\":\"https:\/\/psol50.org.br\/\",\"name\":\"PSOL 50\",\"description\":\"Site oficial do Partido Socialismo e Liberdade\",\"publisher\":{\"@id\":\"https:\/\/psol50.org.br\/#organization\"},\"alternateName\":\"PSOL50\",\"potentialAction\":[{\"@type\":\"SearchAction\",\"target\":{\"@type\":\"EntryPoint\",\"urlTemplate\":\"https:\/\/psol50.org.br\/?s={search_term_string}\"},\"query-input\":{\"@type\":\"PropertyValueSpecification\",\"valueRequired\":true,\"valueName\":\"search_term_string\"}}],\"inLanguage\":\"pt-BR\"},{\"@type\":\"Organization\",\"@id\":\"https:\/\/psol50.org.br\/#organization\",\"name\":\"PSOL 50\",\"alternateName\":\"PSOL 50\",\"url\":\"https:\/\/psol50.org.br\/\",\"logo\":{\"@type\":\"ImageObject\",\"inLanguage\":\"pt-BR\",\"@id\":\"https:\/\/psol50.org.br\/#\/schema\/logo\/image\/\",\"url\":\"https:\/\/psol50.org.br\/inc\/uploads\/2018\/07\/capa.png\",\"contentUrl\":\"https:\/\/psol50.org.br\/inc\/uploads\/2018\/07\/capa.png\",\"width\":1350,\"height\":900,\"caption\":\"PSOL 50\"},\"image\":{\"@id\":\"https:\/\/psol50.org.br\/#\/schema\/logo\/image\/\"},\"sameAs\":[\"https:\/\/www.facebook.com\/psol50\",\"https:\/\/x.com\/psol50\",\"https:\/\/www.instagram.com\/psol50\/\",\"https:\/\/www.youtube.com\/channel\/UC7SnJS5o1os7a6CaiNabzcg\"]},{\"@type\":\"Person\",\"@id\":\"https:\/\/psol50.org.br\/#\/schema\/person\/475dfa57d0b815993c714c2e96491fcd\",\"name\":\"Comunica\u00e7\u00e3o PSOL\",\"image\":{\"@type\":\"ImageObject\",\"inLanguage\":\"pt-BR\",\"@id\":\"https:\/\/psol50.org.br\/#\/schema\/person\/image\/\",\"url\":\"https:\/\/secure.gravatar.com\/avatar\/b34fc4f4e468a4e51785917065a3db57b841f5c95dba6ad8c73aaf8f66f8f9bf?s=96&d=mm&r=g\",\"contentUrl\":\"https:\/\/secure.gravatar.com\/avatar\/b34fc4f4e468a4e51785917065a3db57b841f5c95dba6ad8c73aaf8f66f8f9bf?s=96&d=mm&r=g\",\"caption\":\"Comunica\u00e7\u00e3o PSOL\"}}]}<\/script>\n<!-- \/ Yoast SEO plugin. -->","yoast_head_json":{"title":"No pr\u00f3ximo domingo, manifestantes ir\u00e3o \u00e0s ruas exigir a sa\u00edda de Eduardo Cunha - PSOL 50","robots":{"index":"index","follow":"follow","max-snippet":"max-snippet:-1","max-image-preview":"max-image-preview:large","max-video-preview":"max-video-preview:-1"},"canonical":"https:\/\/psol50.org.br\/no-proximo-domingo-manifestantes-irao-as-ruas-exigir-a-saida-de-eduardo-cunha\/","og_locale":"pt_BR","og_type":"article","og_title":"No pr\u00f3ximo domingo, manifestantes ir\u00e3o \u00e0s ruas exigir a sa\u00edda de Eduardo Cunha - PSOL 50","og_description":"No dia 8 de novembro, pr\u00f3ximo domingo, em v\u00e1rias capitais do pa\u00eds, ser\u00e3o promovidas manifesta\u00e7\u00f5es, como parte do ato nacional pelo \u201cFora Cunha\u201d e contra o ajuste fiscal implementado pelos governos federal e estaduais. Articulado pela Frente Povo Sem Medo, o ato ocorrer\u00e1 em mais de dez cidades at\u00e9 agora j\u00e1 confirmadas, como: S\u00e3o Paulo, [&hellip;]","og_url":"https:\/\/psol50.org.br\/no-proximo-domingo-manifestantes-irao-as-ruas-exigir-a-saida-de-eduardo-cunha\/","og_site_name":"PSOL 50","article_publisher":"https:\/\/www.facebook.com\/psol50","article_published_time":"2015-11-05T18:19:20+00:00","og_image":[{"width":1000,"height":666,"url":"https:\/\/psol50.org.br\/inc\/uploads\/2015\/11\/Ato_mulheres_Fora_Cunha_ABr-e1448896960259.jpg","type":"image\/jpeg"}],"author":"Comunica\u00e7\u00e3o PSOL","twitter_card":"summary_large_image","twitter_creator":"@psol50","twitter_site":"@psol50","twitter_misc":{"Escrito por":"Comunica\u00e7\u00e3o PSOL","Est. tempo de leitura":"2 minutos"},"schema":{"@context":"https:\/\/schema.org","@graph":[{"@type":"Article","@id":"https:\/\/psol50.org.br\/no-proximo-domingo-manifestantes-irao-as-ruas-exigir-a-saida-de-eduardo-cunha\/#article","isPartOf":{"@id":"https:\/\/psol50.org.br\/no-proximo-domingo-manifestantes-irao-as-ruas-exigir-a-saida-de-eduardo-cunha\/"},"author":{"name":"Comunica\u00e7\u00e3o PSOL","@id":"https:\/\/psol50.org.br\/#\/schema\/person\/475dfa57d0b815993c714c2e96491fcd"},"headline":"No pr\u00f3ximo domingo, manifestantes ir\u00e3o \u00e0s ruas exigir a sa\u00edda de Eduardo Cunha","datePublished":"2015-11-05T18:19:20+00:00","mainEntityOfPage":{"@id":"https:\/\/psol50.org.br\/no-proximo-domingo-manifestantes-irao-as-ruas-exigir-a-saida-de-eduardo-cunha\/"},"wordCount":502,"commentCount":2,"publisher":{"@id":"https:\/\/psol50.org.br\/#organization"},"image":{"@id":"https:\/\/psol50.org.br\/no-proximo-domingo-manifestantes-irao-as-ruas-exigir-a-saida-de-eduardo-cunha\/#primaryimage"},"thumbnailUrl":"https:\/\/psol50.org.br\/inc\/uploads\/2015\/11\/Ato_mulheres_Fora_Cunha_ABr-e1448896960259.jpg","keywords":["Ajuste Fiscal","Eduardo Cunha","Fora Cunha","Frente Povo Sem Medo","PSOL"],"articleSection":["Brasil","Movimento"],"inLanguage":"pt-BR","potentialAction":[{"@type":"CommentAction","name":"Comment","target":["https:\/\/psol50.org.br\/no-proximo-domingo-manifestantes-irao-as-ruas-exigir-a-saida-de-eduardo-cunha\/#respond"]}]},{"@type":"WebPage","@id":"https:\/\/psol50.org.br\/no-proximo-domingo-manifestantes-irao-as-ruas-exigir-a-saida-de-eduardo-cunha\/","url":"https:\/\/psol50.org.br\/no-proximo-domingo-manifestantes-irao-as-ruas-exigir-a-saida-de-eduardo-cunha\/","name":"No pr\u00f3ximo domingo, manifestantes ir\u00e3o \u00e0s ruas exigir a sa\u00edda de Eduardo Cunha - PSOL 50","isPartOf":{"@id":"https:\/\/psol50.org.br\/#website"},"primaryImageOfPage":{"@id":"https:\/\/psol50.org.br\/no-proximo-domingo-manifestantes-irao-as-ruas-exigir-a-saida-de-eduardo-cunha\/#primaryimage"},"image":{"@id":"https:\/\/psol50.org.br\/no-proximo-domingo-manifestantes-irao-as-ruas-exigir-a-saida-de-eduardo-cunha\/#primaryimage"},"thumbnailUrl":"https:\/\/psol50.org.br\/inc\/uploads\/2015\/11\/Ato_mulheres_Fora_Cunha_ABr-e1448896960259.jpg","datePublished":"2015-11-05T18:19:20+00:00","breadcrumb":{"@id":"https:\/\/psol50.org.br\/no-proximo-domingo-manifestantes-irao-as-ruas-exigir-a-saida-de-eduardo-cunha\/#breadcrumb"},"inLanguage":"pt-BR","potentialAction":[{"@type":"ReadAction","target":["https:\/\/psol50.org.br\/no-proximo-domingo-manifestantes-irao-as-ruas-exigir-a-saida-de-eduardo-cunha\/"]}]},{"@type":"ImageObject","inLanguage":"pt-BR","@id":"https:\/\/psol50.org.br\/no-proximo-domingo-manifestantes-irao-as-ruas-exigir-a-saida-de-eduardo-cunha\/#primaryimage","url":"https:\/\/psol50.org.br\/inc\/uploads\/2015\/11\/Ato_mulheres_Fora_Cunha_ABr-e1448896960259.jpg","contentUrl":"https:\/\/psol50.org.br\/inc\/uploads\/2015\/11\/Ato_mulheres_Fora_Cunha_ABr-e1448896960259.jpg","width":1000,"height":666,"caption":"Bras\u00edlia - Grupo de mulheres protesta contra o PL5069\/2013. O ato \u00e9 em defesa do uso da p\u00edlula do dia seguinte e pelo fornecimento do medicamento pelo SUS (Fabio Rodrigues Pozzebom\/Ag\u00eancia Brasil)"},{"@type":"BreadcrumbList","@id":"https:\/\/psol50.org.br\/no-proximo-domingo-manifestantes-irao-as-ruas-exigir-a-saida-de-eduardo-cunha\/#breadcrumb","itemListElement":[{"@type":"ListItem","position":1,"name":"In\u00edcio","item":"https:\/\/psol50.org.br\/"},{"@type":"ListItem","position":2,"name":"No pr\u00f3ximo domingo, manifestantes ir\u00e3o \u00e0s ruas exigir a sa\u00edda de Eduardo Cunha"}]},{"@type":"WebSite","@id":"https:\/\/psol50.org.br\/#website","url":"https:\/\/psol50.org.br\/","name":"PSOL 50","description":"Site oficial do Partido Socialismo e Liberdade","publisher":{"@id":"https:\/\/psol50.org.br\/#organization"},"alternateName":"PSOL50","potentialAction":[{"@type":"SearchAction","target":{"@type":"EntryPoint","urlTemplate":"https:\/\/psol50.org.br\/?s={search_term_string}"},"query-input":{"@type":"PropertyValueSpecification","valueRequired":true,"valueName":"search_term_string"}}],"inLanguage":"pt-BR"},{"@type":"Organization","@id":"https:\/\/psol50.org.br\/#organization","name":"PSOL 50","alternateName":"PSOL 50","url":"https:\/\/psol50.org.br\/","logo":{"@type":"ImageObject","inLanguage":"pt-BR","@id":"https:\/\/psol50.org.br\/#\/schema\/logo\/image\/","url":"https:\/\/psol50.org.br\/inc\/uploads\/2018\/07\/capa.png","contentUrl":"https:\/\/psol50.org.br\/inc\/uploads\/2018\/07\/capa.png","width":1350,"height":900,"caption":"PSOL 50"},"image":{"@id":"https:\/\/psol50.org.br\/#\/schema\/logo\/image\/"},"sameAs":["https:\/\/www.facebook.com\/psol50","https:\/\/x.com\/psol50","https:\/\/www.instagram.com\/psol50\/","https:\/\/www.youtube.com\/channel\/UC7SnJS5o1os7a6CaiNabzcg"]},{"@type":"Person","@id":"https:\/\/psol50.org.br\/#\/schema\/person\/475dfa57d0b815993c714c2e96491fcd","name":"Comunica\u00e7\u00e3o PSOL","image":{"@type":"ImageObject","inLanguage":"pt-BR","@id":"https:\/\/psol50.org.br\/#\/schema\/person\/image\/","url":"https:\/\/secure.gravatar.com\/avatar\/b34fc4f4e468a4e51785917065a3db57b841f5c95dba6ad8c73aaf8f66f8f9bf?s=96&d=mm&r=g","contentUrl":"https:\/\/secure.gravatar.com\/avatar\/b34fc4f4e468a4e51785917065a3db57b841f5c95dba6ad8c73aaf8f66f8f9bf?s=96&d=mm&r=g","caption":"Comunica\u00e7\u00e3o PSOL"}}]}},"_links":{"self":[{"href":"https:\/\/psol50.org.br\/rest\/wp\/v2\/posts\/10496","targetHints":{"allow":["GET"]}}],"collection":[{"href":"https:\/\/psol50.org.br\/rest\/wp\/v2\/posts"}],"about":[{"href":"https:\/\/psol50.org.br\/rest\/wp\/v2\/types\/post"}],"author":[{"embeddable":true,"href":"https:\/\/psol50.org.br\/rest\/wp\/v2\/users\/2"}],"replies":[{"embeddable":true,"href":"https:\/\/psol50.org.br\/rest\/wp\/v2\/comments?post=10496"}],"version-history":[{"count":0,"href":"https:\/\/psol50.org.br\/rest\/wp\/v2\/posts\/10496\/revisions"}],"wp:featuredmedia":[{"embeddable":true,"href":"https:\/\/psol50.org.br\/rest\/wp\/v2\/media\/10497"}],"wp:attachment":[{"href":"https:\/\/psol50.org.br\/rest\/wp\/v2\/media?parent=10496"}],"wp:term":[{"taxonomy":"category","embeddable":true,"href":"https:\/\/psol50.org.br\/rest\/wp\/v2\/categories?post=10496"},{"taxonomy":"post_tag","embeddable":true,"href":"https:\/\/psol50.org.br\/rest\/wp\/v2\/tags?post=10496"}],"curies":[{"name":"wp","href":"https:\/\/api.w.org\/{rel}","templated":true}]}}