{"id":10503,"date":"2015-11-05T21:02:33","date_gmt":"2015-11-05T21:02:33","guid":{"rendered":"http:\/\/www.psol50.org.br\/?p=10503"},"modified":"2015-11-05T21:02:33","modified_gmt":"2015-11-05T21:02:33","slug":"ccj-da-camara-aprova-prorrogacao-da-dru-com-voto-contrario-do-psol","status":"publish","type":"post","link":"https:\/\/psol50.org.br\/ccj-da-camara-aprova-prorrogacao-da-dru-com-voto-contrario-do-psol\/","title":{"rendered":"CCJ da C\u00e2mara aprova prorroga\u00e7\u00e3o da DRU, com voto contr\u00e1rio do PSOL"},"content":{"rendered":"<p><em>Desvincula\u00e7\u00e3o de Receitas da Uni\u00e3o retirar\u00e1 R$ 60 bilh\u00f5es por ano da Seguridade Social at\u00e9 2023<br \/>\n<\/em>A Comiss\u00e3o de Constitui\u00e7\u00e3o e Justi\u00e7a (CCJ) da C\u00e2mara aprovou, nesta quarta-feira (04\/11), propostas que tratam da Desvincula\u00e7\u00e3o de Receitas da Uni\u00e3o, a chamada DRU. Todas (Propostas de Emendas \u00e0 Constitui\u00e7\u00e3o 4, 87 e 112) prorrogam a DRU &#8211; que nada mais \u00e9 do que uma permiss\u00e3o ao governo federal para destinar para onde quiser a arrecada\u00e7\u00e3o de impostos, contribui\u00e7\u00f5es sociais e de interven\u00e7\u00e3o no dom\u00ednio econ\u00f4mico.<br \/>\nA PEC 87 prorroga a DRU at\u00e9 2023 e amplia o percentual dispon\u00edvel para a Uni\u00e3o dos atuais 20% para 30%. &#8220;\u00c9 um dos maiores equ\u00edvocos. Esse \u00edndice vai retirar mais de R$ 60 bilh\u00f5es por ano da Seguridade Social, ou seja, as \u00e1reas de sa\u00fade, previd\u00eancia e assist\u00eancia&#8221;, argumentou o l\u00edder do PSOL, deputado Chico Alencar.<br \/>\nPara o deputado, a discuss\u00e3o sobre a prorroga\u00e7\u00e3o ou n\u00e3o da DRU deveria estar vinculada ao debate da pe\u00e7a or\u00e7ament\u00e1ria anual, e n\u00e3o tramitar separadamente. Segundo ele, \u00e9 preciso mudan\u00e7a na elabora\u00e7\u00e3o e na fiscaliza\u00e7\u00e3o do Or\u00e7amento. Chico Alencar citou o artigo 68 da Constitui\u00e7\u00e3o Federal, que especifica que \u00e9 de compet\u00eancia do Congresso Nacional a aloca\u00e7\u00e3o de recursos do Or\u00e7amento e afirmou que \u00e9 necess\u00e1rio mais respeito ao mandato parlamentar. &#8220;Dever\u00edamos valorizar mais esta fun\u00e7\u00e3o, com essa reponsabilidade, e n\u00e3o apequenar o Parlamento&#8221;, disse o l\u00edder do PSOL.<br \/>\nO deputado Ivan Valente destacou que em um debate sobre Desvincula\u00e7\u00e3o de Receitas da Uni\u00e3o, que resultar\u00e1 em menos recursos para a Seguridade, n\u00e3o \u00e9 tratado o rombo maior na pol\u00edtica econ\u00f4mica brasileira, o pagamento de juros e amortiza\u00e7\u00f5es da d\u00edvida p\u00fablica, nem do lucro maci\u00e7o que os grandes bancos t\u00eam, apesar da crise. &#8220;S\u00f3 no m\u00eas de outubro foram pagos R$ 70 bilh\u00f5es de juros. A desvincula\u00e7\u00e3o n\u00e3o \u00e9 feita para a \u00e1rea social, mas para pagar a d\u00edvida. O PSOL n\u00e3o concorda com essa pol\u00edtica pela qual quem perde s\u00e3o os trabalhadores, e quem ganha \u00e9 o capital financeiro&#8221;, afirmou.<br \/>\nCom a aprova\u00e7\u00e3o na CCJ, agora, as Propostas de Emendas \u00e0 Constitui\u00e7\u00e3o ser\u00e3o analisadas por uma Comiss\u00e3o Especial.<br \/>\nFonte: <em><a href=\"http:\/\/www.psolnacamara.org.br\/lidpsol\/\">Lideran\u00e7a do PSOL<\/a><\/em><br \/>\n&nbsp;<\/p>\n","protected":false},"excerpt":{"rendered":"<p>Desvincula\u00e7\u00e3o de Receitas da Uni\u00e3o retirar\u00e1 R$ 60 bilh\u00f5es por ano da Seguridade Social at\u00e9 2023 A Comiss\u00e3o de Constitui\u00e7\u00e3o e Justi\u00e7a (CCJ) da C\u00e2mara aprovou, nesta quarta-feira (04\/11), propostas que tratam da Desvincula\u00e7\u00e3o de Receitas da Uni\u00e3o, a chamada DRU. Todas (Propostas de Emendas \u00e0 Constitui\u00e7\u00e3o 4, 87 e 112) prorrogam a DRU &#8211; [&hellip;]<\/p>\n","protected":false},"author":2,"featured_media":10504,"comment_status":"open","ping_status":"open","sticky":false,"template":"","format":"standard","meta":{"_acf_changed":false,"footnotes":""},"categories":[10,1882,6,14],"tags":[2734,1680,4018,552,4853,22,3011],"class_list":{"0":"post-10503","1":"post","2":"type-post","3":"status-publish","4":"format-standard","5":"has-post-thumbnail","7":"category-acao-parlamentares","8":"category-brasil","9":"category-noticias","10":"category-partido","11":"tag-bancada-do-psol","12":"tag-chico-alencar","13":"tag-dru","14":"tag-ivan-valente","15":"tag-pec-87","16":"tag-psol","17":"tag-seguridade-social"},"acf":[],"yoast_head":"<!-- This site is optimized with the Yoast SEO plugin v26.5 - https:\/\/yoast.com\/wordpress\/plugins\/seo\/ -->\n<title>CCJ da C\u00e2mara aprova prorroga\u00e7\u00e3o da DRU, com voto contr\u00e1rio do PSOL - PSOL 50<\/title>\n<meta name=\"robots\" content=\"index, follow, max-snippet:-1, max-image-preview:large, max-video-preview:-1\" \/>\n<link rel=\"canonical\" href=\"https:\/\/psol50.org.br\/ccj-da-camara-aprova-prorrogacao-da-dru-com-voto-contrario-do-psol\/\" \/>\n<meta property=\"og:locale\" content=\"pt_BR\" \/>\n<meta property=\"og:type\" content=\"article\" \/>\n<meta property=\"og:title\" content=\"CCJ da C\u00e2mara aprova prorroga\u00e7\u00e3o da DRU, com voto contr\u00e1rio do PSOL - PSOL 50\" \/>\n<meta property=\"og:description\" content=\"Desvincula\u00e7\u00e3o de Receitas da Uni\u00e3o retirar\u00e1 R$ 60 bilh\u00f5es por ano da Seguridade Social at\u00e9 2023 A Comiss\u00e3o de Constitui\u00e7\u00e3o e Justi\u00e7a (CCJ) da C\u00e2mara aprovou, nesta quarta-feira (04\/11), propostas que tratam da Desvincula\u00e7\u00e3o de Receitas da Uni\u00e3o, a chamada DRU. Todas (Propostas de Emendas \u00e0 Constitui\u00e7\u00e3o 4, 87 e 112) prorrogam a DRU &#8211; [&hellip;]\" \/>\n<meta property=\"og:url\" content=\"https:\/\/psol50.org.br\/ccj-da-camara-aprova-prorrogacao-da-dru-com-voto-contrario-do-psol\/\" \/>\n<meta property=\"og:site_name\" content=\"PSOL 50\" \/>\n<meta property=\"article:publisher\" content=\"https:\/\/www.facebook.com\/psol50\" \/>\n<meta property=\"article:published_time\" content=\"2015-11-05T21:02:33+00:00\" \/>\n<meta property=\"og:image\" content=\"https:\/\/psol50.org.br\/inc\/uploads\/2015\/11\/Instituto_Nacional_do_Seguro_Social-e1448896934324.jpg\" \/>\n\t<meta property=\"og:image:width\" content=\"1000\" \/>\n\t<meta property=\"og:image:height\" content=\"671\" \/>\n\t<meta property=\"og:image:type\" content=\"image\/jpeg\" \/>\n<meta name=\"author\" content=\"Comunica\u00e7\u00e3o PSOL\" \/>\n<meta name=\"twitter:card\" content=\"summary_large_image\" \/>\n<meta name=\"twitter:creator\" content=\"@psol50\" \/>\n<meta name=\"twitter:site\" content=\"@psol50\" \/>\n<meta name=\"twitter:label1\" content=\"Escrito por\" \/>\n\t<meta name=\"twitter:data1\" content=\"Comunica\u00e7\u00e3o PSOL\" \/>\n\t<meta name=\"twitter:label2\" content=\"Est. tempo de leitura\" \/>\n\t<meta name=\"twitter:data2\" content=\"2 minutos\" \/>\n<script type=\"application\/ld+json\" class=\"yoast-schema-graph\">{\"@context\":\"https:\/\/schema.org\",\"@graph\":[{\"@type\":\"Article\",\"@id\":\"https:\/\/psol50.org.br\/ccj-da-camara-aprova-prorrogacao-da-dru-com-voto-contrario-do-psol\/#article\",\"isPartOf\":{\"@id\":\"https:\/\/psol50.org.br\/ccj-da-camara-aprova-prorrogacao-da-dru-com-voto-contrario-do-psol\/\"},\"author\":{\"name\":\"Comunica\u00e7\u00e3o PSOL\",\"@id\":\"https:\/\/psol50.org.br\/#\/schema\/person\/475dfa57d0b815993c714c2e96491fcd\"},\"headline\":\"CCJ da C\u00e2mara aprova prorroga\u00e7\u00e3o da DRU, com voto contr\u00e1rio do PSOL\",\"datePublished\":\"2015-11-05T21:02:33+00:00\",\"mainEntityOfPage\":{\"@id\":\"https:\/\/psol50.org.br\/ccj-da-camara-aprova-prorrogacao-da-dru-com-voto-contrario-do-psol\/\"},\"wordCount\":413,\"commentCount\":0,\"publisher\":{\"@id\":\"https:\/\/psol50.org.br\/#organization\"},\"image\":{\"@id\":\"https:\/\/psol50.org.br\/ccj-da-camara-aprova-prorrogacao-da-dru-com-voto-contrario-do-psol\/#primaryimage\"},\"thumbnailUrl\":\"https:\/\/psol50.org.br\/inc\/uploads\/2015\/11\/Instituto_Nacional_do_Seguro_Social-e1448896934324.jpg\",\"keywords\":[\"Bancada do PSOL\",\"Chico Alencar\",\"DRU\",\"Ivan Valente\",\"PEC 87\",\"PSOL\",\"Seguridade Social\"],\"articleSection\":[\"A\u00e7\u00e3o Parlamentar\",\"Brasil\",\"Not\u00edcias\",\"Partido\"],\"inLanguage\":\"pt-BR\",\"potentialAction\":[{\"@type\":\"CommentAction\",\"name\":\"Comment\",\"target\":[\"https:\/\/psol50.org.br\/ccj-da-camara-aprova-prorrogacao-da-dru-com-voto-contrario-do-psol\/#respond\"]}]},{\"@type\":\"WebPage\",\"@id\":\"https:\/\/psol50.org.br\/ccj-da-camara-aprova-prorrogacao-da-dru-com-voto-contrario-do-psol\/\",\"url\":\"https:\/\/psol50.org.br\/ccj-da-camara-aprova-prorrogacao-da-dru-com-voto-contrario-do-psol\/\",\"name\":\"CCJ da C\u00e2mara aprova prorroga\u00e7\u00e3o da DRU, com voto contr\u00e1rio do PSOL - PSOL 50\",\"isPartOf\":{\"@id\":\"https:\/\/psol50.org.br\/#website\"},\"primaryImageOfPage\":{\"@id\":\"https:\/\/psol50.org.br\/ccj-da-camara-aprova-prorrogacao-da-dru-com-voto-contrario-do-psol\/#primaryimage\"},\"image\":{\"@id\":\"https:\/\/psol50.org.br\/ccj-da-camara-aprova-prorrogacao-da-dru-com-voto-contrario-do-psol\/#primaryimage\"},\"thumbnailUrl\":\"https:\/\/psol50.org.br\/inc\/uploads\/2015\/11\/Instituto_Nacional_do_Seguro_Social-e1448896934324.jpg\",\"datePublished\":\"2015-11-05T21:02:33+00:00\",\"breadcrumb\":{\"@id\":\"https:\/\/psol50.org.br\/ccj-da-camara-aprova-prorrogacao-da-dru-com-voto-contrario-do-psol\/#breadcrumb\"},\"inLanguage\":\"pt-BR\",\"potentialAction\":[{\"@type\":\"ReadAction\",\"target\":[\"https:\/\/psol50.org.br\/ccj-da-camara-aprova-prorrogacao-da-dru-com-voto-contrario-do-psol\/\"]}]},{\"@type\":\"ImageObject\",\"inLanguage\":\"pt-BR\",\"@id\":\"https:\/\/psol50.org.br\/ccj-da-camara-aprova-prorrogacao-da-dru-com-voto-contrario-do-psol\/#primaryimage\",\"url\":\"https:\/\/psol50.org.br\/inc\/uploads\/2015\/11\/Instituto_Nacional_do_Seguro_Social-e1448896934324.jpg\",\"contentUrl\":\"https:\/\/psol50.org.br\/inc\/uploads\/2015\/11\/Instituto_Nacional_do_Seguro_Social-e1448896934324.jpg\",\"width\":1000,\"height\":671},{\"@type\":\"BreadcrumbList\",\"@id\":\"https:\/\/psol50.org.br\/ccj-da-camara-aprova-prorrogacao-da-dru-com-voto-contrario-do-psol\/#breadcrumb\",\"itemListElement\":[{\"@type\":\"ListItem\",\"position\":1,\"name\":\"In\u00edcio\",\"item\":\"https:\/\/psol50.org.br\/\"},{\"@type\":\"ListItem\",\"position\":2,\"name\":\"CCJ da C\u00e2mara aprova prorroga\u00e7\u00e3o da DRU, com voto contr\u00e1rio do PSOL\"}]},{\"@type\":\"WebSite\",\"@id\":\"https:\/\/psol50.org.br\/#website\",\"url\":\"https:\/\/psol50.org.br\/\",\"name\":\"PSOL 50\",\"description\":\"Site oficial do Partido Socialismo e Liberdade\",\"publisher\":{\"@id\":\"https:\/\/psol50.org.br\/#organization\"},\"alternateName\":\"PSOL50\",\"potentialAction\":[{\"@type\":\"SearchAction\",\"target\":{\"@type\":\"EntryPoint\",\"urlTemplate\":\"https:\/\/psol50.org.br\/?s={search_term_string}\"},\"query-input\":{\"@type\":\"PropertyValueSpecification\",\"valueRequired\":true,\"valueName\":\"search_term_string\"}}],\"inLanguage\":\"pt-BR\"},{\"@type\":\"Organization\",\"@id\":\"https:\/\/psol50.org.br\/#organization\",\"name\":\"PSOL 50\",\"alternateName\":\"PSOL 50\",\"url\":\"https:\/\/psol50.org.br\/\",\"logo\":{\"@type\":\"ImageObject\",\"inLanguage\":\"pt-BR\",\"@id\":\"https:\/\/psol50.org.br\/#\/schema\/logo\/image\/\",\"url\":\"https:\/\/psol50.org.br\/inc\/uploads\/2018\/07\/capa.png\",\"contentUrl\":\"https:\/\/psol50.org.br\/inc\/uploads\/2018\/07\/capa.png\",\"width\":1350,\"height\":900,\"caption\":\"PSOL 50\"},\"image\":{\"@id\":\"https:\/\/psol50.org.br\/#\/schema\/logo\/image\/\"},\"sameAs\":[\"https:\/\/www.facebook.com\/psol50\",\"https:\/\/x.com\/psol50\",\"https:\/\/www.instagram.com\/psol50\/\",\"https:\/\/www.youtube.com\/channel\/UC7SnJS5o1os7a6CaiNabzcg\"]},{\"@type\":\"Person\",\"@id\":\"https:\/\/psol50.org.br\/#\/schema\/person\/475dfa57d0b815993c714c2e96491fcd\",\"name\":\"Comunica\u00e7\u00e3o PSOL\",\"image\":{\"@type\":\"ImageObject\",\"inLanguage\":\"pt-BR\",\"@id\":\"https:\/\/psol50.org.br\/#\/schema\/person\/image\/\",\"url\":\"https:\/\/secure.gravatar.com\/avatar\/b34fc4f4e468a4e51785917065a3db57b841f5c95dba6ad8c73aaf8f66f8f9bf?s=96&d=mm&r=g\",\"contentUrl\":\"https:\/\/secure.gravatar.com\/avatar\/b34fc4f4e468a4e51785917065a3db57b841f5c95dba6ad8c73aaf8f66f8f9bf?s=96&d=mm&r=g\",\"caption\":\"Comunica\u00e7\u00e3o PSOL\"}}]}<\/script>\n<!-- \/ Yoast SEO plugin. -->","yoast_head_json":{"title":"CCJ da C\u00e2mara aprova prorroga\u00e7\u00e3o da DRU, com voto contr\u00e1rio do PSOL - PSOL 50","robots":{"index":"index","follow":"follow","max-snippet":"max-snippet:-1","max-image-preview":"max-image-preview:large","max-video-preview":"max-video-preview:-1"},"canonical":"https:\/\/psol50.org.br\/ccj-da-camara-aprova-prorrogacao-da-dru-com-voto-contrario-do-psol\/","og_locale":"pt_BR","og_type":"article","og_title":"CCJ da C\u00e2mara aprova prorroga\u00e7\u00e3o da DRU, com voto contr\u00e1rio do PSOL - PSOL 50","og_description":"Desvincula\u00e7\u00e3o de Receitas da Uni\u00e3o retirar\u00e1 R$ 60 bilh\u00f5es por ano da Seguridade Social at\u00e9 2023 A Comiss\u00e3o de Constitui\u00e7\u00e3o e Justi\u00e7a (CCJ) da C\u00e2mara aprovou, nesta quarta-feira (04\/11), propostas que tratam da Desvincula\u00e7\u00e3o de Receitas da Uni\u00e3o, a chamada DRU. Todas (Propostas de Emendas \u00e0 Constitui\u00e7\u00e3o 4, 87 e 112) prorrogam a DRU &#8211; [&hellip;]","og_url":"https:\/\/psol50.org.br\/ccj-da-camara-aprova-prorrogacao-da-dru-com-voto-contrario-do-psol\/","og_site_name":"PSOL 50","article_publisher":"https:\/\/www.facebook.com\/psol50","article_published_time":"2015-11-05T21:02:33+00:00","og_image":[{"width":1000,"height":671,"url":"https:\/\/psol50.org.br\/inc\/uploads\/2015\/11\/Instituto_Nacional_do_Seguro_Social-e1448896934324.jpg","type":"image\/jpeg"}],"author":"Comunica\u00e7\u00e3o PSOL","twitter_card":"summary_large_image","twitter_creator":"@psol50","twitter_site":"@psol50","twitter_misc":{"Escrito por":"Comunica\u00e7\u00e3o PSOL","Est. tempo de leitura":"2 minutos"},"schema":{"@context":"https:\/\/schema.org","@graph":[{"@type":"Article","@id":"https:\/\/psol50.org.br\/ccj-da-camara-aprova-prorrogacao-da-dru-com-voto-contrario-do-psol\/#article","isPartOf":{"@id":"https:\/\/psol50.org.br\/ccj-da-camara-aprova-prorrogacao-da-dru-com-voto-contrario-do-psol\/"},"author":{"name":"Comunica\u00e7\u00e3o PSOL","@id":"https:\/\/psol50.org.br\/#\/schema\/person\/475dfa57d0b815993c714c2e96491fcd"},"headline":"CCJ da C\u00e2mara aprova prorroga\u00e7\u00e3o da DRU, com voto contr\u00e1rio do PSOL","datePublished":"2015-11-05T21:02:33+00:00","mainEntityOfPage":{"@id":"https:\/\/psol50.org.br\/ccj-da-camara-aprova-prorrogacao-da-dru-com-voto-contrario-do-psol\/"},"wordCount":413,"commentCount":0,"publisher":{"@id":"https:\/\/psol50.org.br\/#organization"},"image":{"@id":"https:\/\/psol50.org.br\/ccj-da-camara-aprova-prorrogacao-da-dru-com-voto-contrario-do-psol\/#primaryimage"},"thumbnailUrl":"https:\/\/psol50.org.br\/inc\/uploads\/2015\/11\/Instituto_Nacional_do_Seguro_Social-e1448896934324.jpg","keywords":["Bancada do PSOL","Chico Alencar","DRU","Ivan Valente","PEC 87","PSOL","Seguridade Social"],"articleSection":["A\u00e7\u00e3o Parlamentar","Brasil","Not\u00edcias","Partido"],"inLanguage":"pt-BR","potentialAction":[{"@type":"CommentAction","name":"Comment","target":["https:\/\/psol50.org.br\/ccj-da-camara-aprova-prorrogacao-da-dru-com-voto-contrario-do-psol\/#respond"]}]},{"@type":"WebPage","@id":"https:\/\/psol50.org.br\/ccj-da-camara-aprova-prorrogacao-da-dru-com-voto-contrario-do-psol\/","url":"https:\/\/psol50.org.br\/ccj-da-camara-aprova-prorrogacao-da-dru-com-voto-contrario-do-psol\/","name":"CCJ da C\u00e2mara aprova prorroga\u00e7\u00e3o da DRU, com voto contr\u00e1rio do PSOL - PSOL 50","isPartOf":{"@id":"https:\/\/psol50.org.br\/#website"},"primaryImageOfPage":{"@id":"https:\/\/psol50.org.br\/ccj-da-camara-aprova-prorrogacao-da-dru-com-voto-contrario-do-psol\/#primaryimage"},"image":{"@id":"https:\/\/psol50.org.br\/ccj-da-camara-aprova-prorrogacao-da-dru-com-voto-contrario-do-psol\/#primaryimage"},"thumbnailUrl":"https:\/\/psol50.org.br\/inc\/uploads\/2015\/11\/Instituto_Nacional_do_Seguro_Social-e1448896934324.jpg","datePublished":"2015-11-05T21:02:33+00:00","breadcrumb":{"@id":"https:\/\/psol50.org.br\/ccj-da-camara-aprova-prorrogacao-da-dru-com-voto-contrario-do-psol\/#breadcrumb"},"inLanguage":"pt-BR","potentialAction":[{"@type":"ReadAction","target":["https:\/\/psol50.org.br\/ccj-da-camara-aprova-prorrogacao-da-dru-com-voto-contrario-do-psol\/"]}]},{"@type":"ImageObject","inLanguage":"pt-BR","@id":"https:\/\/psol50.org.br\/ccj-da-camara-aprova-prorrogacao-da-dru-com-voto-contrario-do-psol\/#primaryimage","url":"https:\/\/psol50.org.br\/inc\/uploads\/2015\/11\/Instituto_Nacional_do_Seguro_Social-e1448896934324.jpg","contentUrl":"https:\/\/psol50.org.br\/inc\/uploads\/2015\/11\/Instituto_Nacional_do_Seguro_Social-e1448896934324.jpg","width":1000,"height":671},{"@type":"BreadcrumbList","@id":"https:\/\/psol50.org.br\/ccj-da-camara-aprova-prorrogacao-da-dru-com-voto-contrario-do-psol\/#breadcrumb","itemListElement":[{"@type":"ListItem","position":1,"name":"In\u00edcio","item":"https:\/\/psol50.org.br\/"},{"@type":"ListItem","position":2,"name":"CCJ da C\u00e2mara aprova prorroga\u00e7\u00e3o da DRU, com voto contr\u00e1rio do PSOL"}]},{"@type":"WebSite","@id":"https:\/\/psol50.org.br\/#website","url":"https:\/\/psol50.org.br\/","name":"PSOL 50","description":"Site oficial do Partido Socialismo e Liberdade","publisher":{"@id":"https:\/\/psol50.org.br\/#organization"},"alternateName":"PSOL50","potentialAction":[{"@type":"SearchAction","target":{"@type":"EntryPoint","urlTemplate":"https:\/\/psol50.org.br\/?s={search_term_string}"},"query-input":{"@type":"PropertyValueSpecification","valueRequired":true,"valueName":"search_term_string"}}],"inLanguage":"pt-BR"},{"@type":"Organization","@id":"https:\/\/psol50.org.br\/#organization","name":"PSOL 50","alternateName":"PSOL 50","url":"https:\/\/psol50.org.br\/","logo":{"@type":"ImageObject","inLanguage":"pt-BR","@id":"https:\/\/psol50.org.br\/#\/schema\/logo\/image\/","url":"https:\/\/psol50.org.br\/inc\/uploads\/2018\/07\/capa.png","contentUrl":"https:\/\/psol50.org.br\/inc\/uploads\/2018\/07\/capa.png","width":1350,"height":900,"caption":"PSOL 50"},"image":{"@id":"https:\/\/psol50.org.br\/#\/schema\/logo\/image\/"},"sameAs":["https:\/\/www.facebook.com\/psol50","https:\/\/x.com\/psol50","https:\/\/www.instagram.com\/psol50\/","https:\/\/www.youtube.com\/channel\/UC7SnJS5o1os7a6CaiNabzcg"]},{"@type":"Person","@id":"https:\/\/psol50.org.br\/#\/schema\/person\/475dfa57d0b815993c714c2e96491fcd","name":"Comunica\u00e7\u00e3o PSOL","image":{"@type":"ImageObject","inLanguage":"pt-BR","@id":"https:\/\/psol50.org.br\/#\/schema\/person\/image\/","url":"https:\/\/secure.gravatar.com\/avatar\/b34fc4f4e468a4e51785917065a3db57b841f5c95dba6ad8c73aaf8f66f8f9bf?s=96&d=mm&r=g","contentUrl":"https:\/\/secure.gravatar.com\/avatar\/b34fc4f4e468a4e51785917065a3db57b841f5c95dba6ad8c73aaf8f66f8f9bf?s=96&d=mm&r=g","caption":"Comunica\u00e7\u00e3o PSOL"}}]}},"_links":{"self":[{"href":"https:\/\/psol50.org.br\/rest\/wp\/v2\/posts\/10503","targetHints":{"allow":["GET"]}}],"collection":[{"href":"https:\/\/psol50.org.br\/rest\/wp\/v2\/posts"}],"about":[{"href":"https:\/\/psol50.org.br\/rest\/wp\/v2\/types\/post"}],"author":[{"embeddable":true,"href":"https:\/\/psol50.org.br\/rest\/wp\/v2\/users\/2"}],"replies":[{"embeddable":true,"href":"https:\/\/psol50.org.br\/rest\/wp\/v2\/comments?post=10503"}],"version-history":[{"count":0,"href":"https:\/\/psol50.org.br\/rest\/wp\/v2\/posts\/10503\/revisions"}],"wp:featuredmedia":[{"embeddable":true,"href":"https:\/\/psol50.org.br\/rest\/wp\/v2\/media\/10504"}],"wp:attachment":[{"href":"https:\/\/psol50.org.br\/rest\/wp\/v2\/media?parent=10503"}],"wp:term":[{"taxonomy":"category","embeddable":true,"href":"https:\/\/psol50.org.br\/rest\/wp\/v2\/categories?post=10503"},{"taxonomy":"post_tag","embeddable":true,"href":"https:\/\/psol50.org.br\/rest\/wp\/v2\/tags?post=10503"}],"curies":[{"name":"wp","href":"https:\/\/api.w.org\/{rel}","templated":true}]}}