{"id":10521,"date":"2015-11-09T19:18:28","date_gmt":"2015-11-09T19:18:28","guid":{"rendered":"http:\/\/www.psol50.org.br\/?p=10521"},"modified":"2015-11-09T19:18:28","modified_gmt":"2015-11-09T19:18:28","slug":"enfrentar-o-racismo-e-empoderar-os-jovens","status":"publish","type":"post","link":"https:\/\/psol50.org.br\/enfrentar-o-racismo-e-empoderar-os-jovens\/","title":{"rendered":"Enfrentar o racismo e empoderar os jovens negros"},"content":{"rendered":"<p>Na semana passada, a Comiss\u00e3o de Direitos Humanos e Minorias realizou uma mesa de di\u00e1logo em parceria com o Unicef sobre Desigualdade \u00c9tnico-Racial, Direitos e Cidadania. O deputado <a href=\"https:\/\/www.facebook.com\/jean.wyllys\/?fref=ts\">Jean Wyllys<\/a> (PSOL-RJ) ressaltou a import\u00e2ncia dos resultados obtidos com a CPI que investigou a viol\u00eancia contra os jovens negros no Brasil. Jean apontou algumas pautas que s\u00e3o fundamentais para enfrentar o racismo e empoderar os jovens negros brasileiros e que deve-se cobrar essas a\u00e7\u00f5es tamb\u00e9m das inst\u00e2ncias municipais e estaduais.<\/p>\n<div class=\"youtube-embed\" data-video_id=\"UYeW2m53Nak\"><iframe loading=\"lazy\" title=\"&quot;A gente tem que saber de onde vieram os povos que nos constitu\u00edram&quot;\" width=\"696\" height=\"522\" src=\"https:\/\/www.youtube.com\/embed\/UYeW2m53Nak?feature=oembed&#038;enablejsapi=1\" frameborder=\"0\" allow=\"accelerometer; autoplay; clipboard-write; encrypted-media; gyroscope; picture-in-picture\" allowfullscreen><\/iframe><\/div>\n","protected":false},"excerpt":{"rendered":"<p>Na semana passada, a Comiss\u00e3o de Direitos Humanos e Minorias realizou uma mesa de di\u00e1logo em parceria com o Unicef sobre Desigualdade \u00c9tnico-Racial, Direitos e Cidadania. O deputado Jean Wyllys (PSOL-RJ) ressaltou a import\u00e2ncia dos resultados obtidos com a CPI que investigou a viol\u00eancia contra os jovens negros no Brasil. Jean apontou algumas pautas que [&hellip;]<\/p>\n","protected":false},"author":2,"featured_media":10522,"comment_status":"open","ping_status":"open","sticky":false,"template":"","format":"standard","meta":{"_acf_changed":false,"footnotes":""},"categories":[10,1882,14,2812],"tags":[4320,330,663,2353,1175,127,233],"class_list":{"0":"post-10521","1":"post","2":"type-post","3":"status-publish","4":"format-standard","5":"has-post-thumbnail","7":"category-acao-parlamentares","8":"category-brasil","9":"category-partido","10":"category-videos_tv","11":"tag-comissao-de-direitos-humanos","12":"tag-cpi","13":"tag-jean-wyllys","14":"tag-jovens-negros","15":"tag-periferia","16":"tag-racismo","17":"tag-violencia"},"acf":[],"yoast_head":"<!-- This site is optimized with the Yoast SEO plugin v26.5 - https:\/\/yoast.com\/wordpress\/plugins\/seo\/ -->\n<title>Enfrentar o racismo e empoderar os jovens negros - PSOL 50<\/title>\n<meta name=\"robots\" content=\"index, follow, max-snippet:-1, max-image-preview:large, max-video-preview:-1\" \/>\n<link rel=\"canonical\" href=\"https:\/\/psol50.org.br\/enfrentar-o-racismo-e-empoderar-os-jovens\/\" \/>\n<meta property=\"og:locale\" content=\"pt_BR\" \/>\n<meta property=\"og:type\" content=\"article\" \/>\n<meta property=\"og:title\" content=\"Enfrentar o racismo e empoderar os jovens negros - PSOL 50\" \/>\n<meta property=\"og:description\" content=\"Na semana passada, a Comiss\u00e3o de Direitos Humanos e Minorias realizou uma mesa de di\u00e1logo em parceria com o Unicef sobre Desigualdade \u00c9tnico-Racial, Direitos e Cidadania. O deputado Jean Wyllys (PSOL-RJ) ressaltou a import\u00e2ncia dos resultados obtidos com a CPI que investigou a viol\u00eancia contra os jovens negros no Brasil. Jean apontou algumas pautas que [&hellip;]\" \/>\n<meta property=\"og:url\" content=\"https:\/\/psol50.org.br\/enfrentar-o-racismo-e-empoderar-os-jovens\/\" \/>\n<meta property=\"og:site_name\" content=\"PSOL 50\" \/>\n<meta property=\"article:publisher\" content=\"https:\/\/www.facebook.com\/psol50\" \/>\n<meta property=\"article:published_time\" content=\"2015-11-09T19:18:28+00:00\" \/>\n<meta property=\"og:image\" content=\"https:\/\/psol50.org.br\/inc\/uploads\/2015\/11\/Jean-CDH-.png\" \/>\n\t<meta property=\"og:image:width\" content=\"1024\" \/>\n\t<meta property=\"og:image:height\" content=\"607\" \/>\n\t<meta property=\"og:image:type\" content=\"image\/png\" \/>\n<meta name=\"author\" content=\"Comunica\u00e7\u00e3o PSOL\" \/>\n<meta name=\"twitter:card\" content=\"summary_large_image\" \/>\n<meta name=\"twitter:creator\" content=\"@psol50\" \/>\n<meta name=\"twitter:site\" content=\"@psol50\" \/>\n<meta name=\"twitter:label1\" content=\"Escrito por\" \/>\n\t<meta name=\"twitter:data1\" content=\"Comunica\u00e7\u00e3o PSOL\" \/>\n<script type=\"application\/ld+json\" class=\"yoast-schema-graph\">{\"@context\":\"https:\/\/schema.org\",\"@graph\":[{\"@type\":\"Article\",\"@id\":\"https:\/\/psol50.org.br\/enfrentar-o-racismo-e-empoderar-os-jovens\/#article\",\"isPartOf\":{\"@id\":\"https:\/\/psol50.org.br\/enfrentar-o-racismo-e-empoderar-os-jovens\/\"},\"author\":{\"name\":\"Comunica\u00e7\u00e3o PSOL\",\"@id\":\"https:\/\/psol50.org.br\/#\/schema\/person\/475dfa57d0b815993c714c2e96491fcd\"},\"headline\":\"Enfrentar o racismo e empoderar os jovens negros\",\"datePublished\":\"2015-11-09T19:18:28+00:00\",\"mainEntityOfPage\":{\"@id\":\"https:\/\/psol50.org.br\/enfrentar-o-racismo-e-empoderar-os-jovens\/\"},\"wordCount\":106,\"commentCount\":0,\"publisher\":{\"@id\":\"https:\/\/psol50.org.br\/#organization\"},\"image\":{\"@id\":\"https:\/\/psol50.org.br\/enfrentar-o-racismo-e-empoderar-os-jovens\/#primaryimage\"},\"thumbnailUrl\":\"https:\/\/psol50.org.br\/inc\/uploads\/2015\/11\/Jean-CDH-.png\",\"keywords\":[\"Comiss\u00e3o de Direitos Humanos\",\"CPI\",\"Jean Wyllys\",\"jovens negros\",\"periferia\",\"racismo\",\"viol\u00eancia\"],\"articleSection\":[\"A\u00e7\u00e3o Parlamentar\",\"Brasil\",\"Partido\",\"V\u00cdDEOS | MULTIM\u00cdDIA | FLC TV\"],\"inLanguage\":\"pt-BR\",\"potentialAction\":[{\"@type\":\"CommentAction\",\"name\":\"Comment\",\"target\":[\"https:\/\/psol50.org.br\/enfrentar-o-racismo-e-empoderar-os-jovens\/#respond\"]}]},{\"@type\":\"WebPage\",\"@id\":\"https:\/\/psol50.org.br\/enfrentar-o-racismo-e-empoderar-os-jovens\/\",\"url\":\"https:\/\/psol50.org.br\/enfrentar-o-racismo-e-empoderar-os-jovens\/\",\"name\":\"Enfrentar o racismo e empoderar os jovens negros - PSOL 50\",\"isPartOf\":{\"@id\":\"https:\/\/psol50.org.br\/#website\"},\"primaryImageOfPage\":{\"@id\":\"https:\/\/psol50.org.br\/enfrentar-o-racismo-e-empoderar-os-jovens\/#primaryimage\"},\"image\":{\"@id\":\"https:\/\/psol50.org.br\/enfrentar-o-racismo-e-empoderar-os-jovens\/#primaryimage\"},\"thumbnailUrl\":\"https:\/\/psol50.org.br\/inc\/uploads\/2015\/11\/Jean-CDH-.png\",\"datePublished\":\"2015-11-09T19:18:28+00:00\",\"breadcrumb\":{\"@id\":\"https:\/\/psol50.org.br\/enfrentar-o-racismo-e-empoderar-os-jovens\/#breadcrumb\"},\"inLanguage\":\"pt-BR\",\"potentialAction\":[{\"@type\":\"ReadAction\",\"target\":[\"https:\/\/psol50.org.br\/enfrentar-o-racismo-e-empoderar-os-jovens\/\"]}]},{\"@type\":\"ImageObject\",\"inLanguage\":\"pt-BR\",\"@id\":\"https:\/\/psol50.org.br\/enfrentar-o-racismo-e-empoderar-os-jovens\/#primaryimage\",\"url\":\"https:\/\/psol50.org.br\/inc\/uploads\/2015\/11\/Jean-CDH-.png\",\"contentUrl\":\"https:\/\/psol50.org.br\/inc\/uploads\/2015\/11\/Jean-CDH-.png\",\"width\":1024,\"height\":607},{\"@type\":\"BreadcrumbList\",\"@id\":\"https:\/\/psol50.org.br\/enfrentar-o-racismo-e-empoderar-os-jovens\/#breadcrumb\",\"itemListElement\":[{\"@type\":\"ListItem\",\"position\":1,\"name\":\"In\u00edcio\",\"item\":\"https:\/\/psol50.org.br\/\"},{\"@type\":\"ListItem\",\"position\":2,\"name\":\"Enfrentar o racismo e empoderar os jovens negros\"}]},{\"@type\":\"WebSite\",\"@id\":\"https:\/\/psol50.org.br\/#website\",\"url\":\"https:\/\/psol50.org.br\/\",\"name\":\"PSOL 50\",\"description\":\"Site oficial do Partido Socialismo e Liberdade\",\"publisher\":{\"@id\":\"https:\/\/psol50.org.br\/#organization\"},\"alternateName\":\"PSOL50\",\"potentialAction\":[{\"@type\":\"SearchAction\",\"target\":{\"@type\":\"EntryPoint\",\"urlTemplate\":\"https:\/\/psol50.org.br\/?s={search_term_string}\"},\"query-input\":{\"@type\":\"PropertyValueSpecification\",\"valueRequired\":true,\"valueName\":\"search_term_string\"}}],\"inLanguage\":\"pt-BR\"},{\"@type\":\"Organization\",\"@id\":\"https:\/\/psol50.org.br\/#organization\",\"name\":\"PSOL 50\",\"alternateName\":\"PSOL 50\",\"url\":\"https:\/\/psol50.org.br\/\",\"logo\":{\"@type\":\"ImageObject\",\"inLanguage\":\"pt-BR\",\"@id\":\"https:\/\/psol50.org.br\/#\/schema\/logo\/image\/\",\"url\":\"https:\/\/psol50.org.br\/inc\/uploads\/2018\/07\/capa.png\",\"contentUrl\":\"https:\/\/psol50.org.br\/inc\/uploads\/2018\/07\/capa.png\",\"width\":1350,\"height\":900,\"caption\":\"PSOL 50\"},\"image\":{\"@id\":\"https:\/\/psol50.org.br\/#\/schema\/logo\/image\/\"},\"sameAs\":[\"https:\/\/www.facebook.com\/psol50\",\"https:\/\/x.com\/psol50\",\"https:\/\/www.instagram.com\/psol50\/\",\"https:\/\/www.youtube.com\/channel\/UC7SnJS5o1os7a6CaiNabzcg\"]},{\"@type\":\"Person\",\"@id\":\"https:\/\/psol50.org.br\/#\/schema\/person\/475dfa57d0b815993c714c2e96491fcd\",\"name\":\"Comunica\u00e7\u00e3o PSOL\",\"image\":{\"@type\":\"ImageObject\",\"inLanguage\":\"pt-BR\",\"@id\":\"https:\/\/psol50.org.br\/#\/schema\/person\/image\/\",\"url\":\"https:\/\/secure.gravatar.com\/avatar\/b34fc4f4e468a4e51785917065a3db57b841f5c95dba6ad8c73aaf8f66f8f9bf?s=96&d=mm&r=g\",\"contentUrl\":\"https:\/\/secure.gravatar.com\/avatar\/b34fc4f4e468a4e51785917065a3db57b841f5c95dba6ad8c73aaf8f66f8f9bf?s=96&d=mm&r=g\",\"caption\":\"Comunica\u00e7\u00e3o PSOL\"}}]}<\/script>\n<!-- \/ Yoast SEO plugin. -->","yoast_head_json":{"title":"Enfrentar o racismo e empoderar os jovens negros - PSOL 50","robots":{"index":"index","follow":"follow","max-snippet":"max-snippet:-1","max-image-preview":"max-image-preview:large","max-video-preview":"max-video-preview:-1"},"canonical":"https:\/\/psol50.org.br\/enfrentar-o-racismo-e-empoderar-os-jovens\/","og_locale":"pt_BR","og_type":"article","og_title":"Enfrentar o racismo e empoderar os jovens negros - PSOL 50","og_description":"Na semana passada, a Comiss\u00e3o de Direitos Humanos e Minorias realizou uma mesa de di\u00e1logo em parceria com o Unicef sobre Desigualdade \u00c9tnico-Racial, Direitos e Cidadania. O deputado Jean Wyllys (PSOL-RJ) ressaltou a import\u00e2ncia dos resultados obtidos com a CPI que investigou a viol\u00eancia contra os jovens negros no Brasil. Jean apontou algumas pautas que [&hellip;]","og_url":"https:\/\/psol50.org.br\/enfrentar-o-racismo-e-empoderar-os-jovens\/","og_site_name":"PSOL 50","article_publisher":"https:\/\/www.facebook.com\/psol50","article_published_time":"2015-11-09T19:18:28+00:00","og_image":[{"width":1024,"height":607,"url":"https:\/\/psol50.org.br\/inc\/uploads\/2015\/11\/Jean-CDH-.png","type":"image\/png"}],"author":"Comunica\u00e7\u00e3o PSOL","twitter_card":"summary_large_image","twitter_creator":"@psol50","twitter_site":"@psol50","twitter_misc":{"Escrito por":"Comunica\u00e7\u00e3o PSOL"},"schema":{"@context":"https:\/\/schema.org","@graph":[{"@type":"Article","@id":"https:\/\/psol50.org.br\/enfrentar-o-racismo-e-empoderar-os-jovens\/#article","isPartOf":{"@id":"https:\/\/psol50.org.br\/enfrentar-o-racismo-e-empoderar-os-jovens\/"},"author":{"name":"Comunica\u00e7\u00e3o PSOL","@id":"https:\/\/psol50.org.br\/#\/schema\/person\/475dfa57d0b815993c714c2e96491fcd"},"headline":"Enfrentar o racismo e empoderar os jovens negros","datePublished":"2015-11-09T19:18:28+00:00","mainEntityOfPage":{"@id":"https:\/\/psol50.org.br\/enfrentar-o-racismo-e-empoderar-os-jovens\/"},"wordCount":106,"commentCount":0,"publisher":{"@id":"https:\/\/psol50.org.br\/#organization"},"image":{"@id":"https:\/\/psol50.org.br\/enfrentar-o-racismo-e-empoderar-os-jovens\/#primaryimage"},"thumbnailUrl":"https:\/\/psol50.org.br\/inc\/uploads\/2015\/11\/Jean-CDH-.png","keywords":["Comiss\u00e3o de Direitos Humanos","CPI","Jean Wyllys","jovens negros","periferia","racismo","viol\u00eancia"],"articleSection":["A\u00e7\u00e3o Parlamentar","Brasil","Partido","V\u00cdDEOS | MULTIM\u00cdDIA | FLC TV"],"inLanguage":"pt-BR","potentialAction":[{"@type":"CommentAction","name":"Comment","target":["https:\/\/psol50.org.br\/enfrentar-o-racismo-e-empoderar-os-jovens\/#respond"]}]},{"@type":"WebPage","@id":"https:\/\/psol50.org.br\/enfrentar-o-racismo-e-empoderar-os-jovens\/","url":"https:\/\/psol50.org.br\/enfrentar-o-racismo-e-empoderar-os-jovens\/","name":"Enfrentar o racismo e empoderar os jovens negros - PSOL 50","isPartOf":{"@id":"https:\/\/psol50.org.br\/#website"},"primaryImageOfPage":{"@id":"https:\/\/psol50.org.br\/enfrentar-o-racismo-e-empoderar-os-jovens\/#primaryimage"},"image":{"@id":"https:\/\/psol50.org.br\/enfrentar-o-racismo-e-empoderar-os-jovens\/#primaryimage"},"thumbnailUrl":"https:\/\/psol50.org.br\/inc\/uploads\/2015\/11\/Jean-CDH-.png","datePublished":"2015-11-09T19:18:28+00:00","breadcrumb":{"@id":"https:\/\/psol50.org.br\/enfrentar-o-racismo-e-empoderar-os-jovens\/#breadcrumb"},"inLanguage":"pt-BR","potentialAction":[{"@type":"ReadAction","target":["https:\/\/psol50.org.br\/enfrentar-o-racismo-e-empoderar-os-jovens\/"]}]},{"@type":"ImageObject","inLanguage":"pt-BR","@id":"https:\/\/psol50.org.br\/enfrentar-o-racismo-e-empoderar-os-jovens\/#primaryimage","url":"https:\/\/psol50.org.br\/inc\/uploads\/2015\/11\/Jean-CDH-.png","contentUrl":"https:\/\/psol50.org.br\/inc\/uploads\/2015\/11\/Jean-CDH-.png","width":1024,"height":607},{"@type":"BreadcrumbList","@id":"https:\/\/psol50.org.br\/enfrentar-o-racismo-e-empoderar-os-jovens\/#breadcrumb","itemListElement":[{"@type":"ListItem","position":1,"name":"In\u00edcio","item":"https:\/\/psol50.org.br\/"},{"@type":"ListItem","position":2,"name":"Enfrentar o racismo e empoderar os jovens negros"}]},{"@type":"WebSite","@id":"https:\/\/psol50.org.br\/#website","url":"https:\/\/psol50.org.br\/","name":"PSOL 50","description":"Site oficial do Partido Socialismo e Liberdade","publisher":{"@id":"https:\/\/psol50.org.br\/#organization"},"alternateName":"PSOL50","potentialAction":[{"@type":"SearchAction","target":{"@type":"EntryPoint","urlTemplate":"https:\/\/psol50.org.br\/?s={search_term_string}"},"query-input":{"@type":"PropertyValueSpecification","valueRequired":true,"valueName":"search_term_string"}}],"inLanguage":"pt-BR"},{"@type":"Organization","@id":"https:\/\/psol50.org.br\/#organization","name":"PSOL 50","alternateName":"PSOL 50","url":"https:\/\/psol50.org.br\/","logo":{"@type":"ImageObject","inLanguage":"pt-BR","@id":"https:\/\/psol50.org.br\/#\/schema\/logo\/image\/","url":"https:\/\/psol50.org.br\/inc\/uploads\/2018\/07\/capa.png","contentUrl":"https:\/\/psol50.org.br\/inc\/uploads\/2018\/07\/capa.png","width":1350,"height":900,"caption":"PSOL 50"},"image":{"@id":"https:\/\/psol50.org.br\/#\/schema\/logo\/image\/"},"sameAs":["https:\/\/www.facebook.com\/psol50","https:\/\/x.com\/psol50","https:\/\/www.instagram.com\/psol50\/","https:\/\/www.youtube.com\/channel\/UC7SnJS5o1os7a6CaiNabzcg"]},{"@type":"Person","@id":"https:\/\/psol50.org.br\/#\/schema\/person\/475dfa57d0b815993c714c2e96491fcd","name":"Comunica\u00e7\u00e3o PSOL","image":{"@type":"ImageObject","inLanguage":"pt-BR","@id":"https:\/\/psol50.org.br\/#\/schema\/person\/image\/","url":"https:\/\/secure.gravatar.com\/avatar\/b34fc4f4e468a4e51785917065a3db57b841f5c95dba6ad8c73aaf8f66f8f9bf?s=96&d=mm&r=g","contentUrl":"https:\/\/secure.gravatar.com\/avatar\/b34fc4f4e468a4e51785917065a3db57b841f5c95dba6ad8c73aaf8f66f8f9bf?s=96&d=mm&r=g","caption":"Comunica\u00e7\u00e3o PSOL"}}]}},"_links":{"self":[{"href":"https:\/\/psol50.org.br\/rest\/wp\/v2\/posts\/10521","targetHints":{"allow":["GET"]}}],"collection":[{"href":"https:\/\/psol50.org.br\/rest\/wp\/v2\/posts"}],"about":[{"href":"https:\/\/psol50.org.br\/rest\/wp\/v2\/types\/post"}],"author":[{"embeddable":true,"href":"https:\/\/psol50.org.br\/rest\/wp\/v2\/users\/2"}],"replies":[{"embeddable":true,"href":"https:\/\/psol50.org.br\/rest\/wp\/v2\/comments?post=10521"}],"version-history":[{"count":0,"href":"https:\/\/psol50.org.br\/rest\/wp\/v2\/posts\/10521\/revisions"}],"wp:featuredmedia":[{"embeddable":true,"href":"https:\/\/psol50.org.br\/rest\/wp\/v2\/media\/10522"}],"wp:attachment":[{"href":"https:\/\/psol50.org.br\/rest\/wp\/v2\/media?parent=10521"}],"wp:term":[{"taxonomy":"category","embeddable":true,"href":"https:\/\/psol50.org.br\/rest\/wp\/v2\/categories?post=10521"},{"taxonomy":"post_tag","embeddable":true,"href":"https:\/\/psol50.org.br\/rest\/wp\/v2\/tags?post=10521"}],"curies":[{"name":"wp","href":"https:\/\/api.w.org\/{rel}","templated":true}]}}