{"id":10526,"date":"2015-11-09T19:45:52","date_gmt":"2015-11-09T19:45:52","guid":{"rendered":"http:\/\/www.psol50.org.br\/?p=10526"},"modified":"2015-11-09T19:45:52","modified_gmt":"2015-11-09T19:45:52","slug":"professores-do-df-continuam-em-greve-contra-calote-do-governo","status":"publish","type":"post","link":"https:\/\/psol50.org.br\/professores-do-df-continuam-em-greve-contra-calote-do-governo\/","title":{"rendered":"Professores do DF continuam em greve contra calote do governo"},"content":{"rendered":"<p>Os professores da rede p\u00fablica de ensino do Distrito Federal decidiram, durante assembleia realizada na manh\u00e3 desta segunda-feira (09\/11), continuar a greve por tempo indeterminado, que j\u00e1 dura 26 dias. Cerca de mil representantes da categoria estiveram presentes no ato.<br \/>\nAo final da vota\u00e7\u00e3o, os grevistas foram at\u00e9 a sede do Minist\u00e9rio P\u00fablico do Distrito Federal, onde fizeram uma manifesta\u00e7\u00e3o para repudiar a Recomenda\u00e7\u00e3o N.\u00ba 7\/2015\u2013PROEDUC, de 28 de outubro de 2015, emitida pela Promotoria de Defesa de Educa\u00e7\u00e3o, na qual, ap\u00f3s v\u00e1rios \u201cconsiderando\u201d, trata da necessidade de medidas administrativas de cunho coercitivo, como o corte de ponto dos servidores grevistas. De acordo com o <a href=\"http:\/\/www.sinprodf.org.br\/\">Sinpro-DF<\/a>, a categoria quer saber que tipo de justi\u00e7a \u00e9 essa. \u201cOnde ela est\u00e1 para cobrar a merenda escolar? Onde ela est\u00e1 para cobrar a reforma das escolas? Onde ela est\u00e1 para fazer o governo cumprir a lei?\u201d, questionaram os educadores.<br \/>\nA categoria reivindica o pagamento da \u00faltima parcela do reajuste salarial, que deveria ter sido paga em setembro, com base em acordo firmado em 2013.<br \/>\nEm <a href=\"http:\/\/www.psol50.org.br\/2015\/10\/psol-df-repudia-agressao-da-pm-de-rollemberg-contra-professores-em-greve\/\">nota<\/a> emitida no dia 29 de outubro, em rep\u00fadio \u00e0s agress\u00f5es sofridas por professores que participavam de uma manifesta\u00e7\u00e3o no Eix\u00e3o, regi\u00e3o central de Bras\u00edlia, o PSOL declarou seu total apoio \u00e0 luta dos professores e demais servidores do GDF e considerou leg\u00edtimo o movimento de greve, uma vez que o governo de Rodrigo Rollemberg n\u00e3o cumpre a legisla\u00e7\u00e3o que garante reajuste salarial. O partido, que tem em suas fileiras v\u00e1rios militantes participando da greve, est\u00e1 nesta luta e exige que o governo Rollemberg respeite a categoria.<br \/>\nA pr\u00f3xima assembleia ser\u00e1 na quarta-feira, dia 11, \u00e0s 9h, na Pra\u00e7a do Buriti, para decidir os rumos do movimento.<br \/>\n<a href=\"https:\/\/www.facebook.com\/hashtag\/caloten%C3%A3o?source=feed_text&amp;story_id=502061269955512\" data-ft=\"{&quot;tn&quot;:&quot;*N&quot;,&quot;type&quot;:104}\">#\u200eCaloteN\u00e3o<\/a><br \/>\n<a href=\"https:\/\/www.facebook.com\/hashtag\/nossoapoioaosprofessoresdodf?source=feed_text&amp;story_id=502061269955512\" data-ft=\"{&quot;tn&quot;:&quot;*N&quot;,&quot;type&quot;:104}\">#\u200eNossoApoioAosProfessoresDoDF<br \/>\n<\/a><em>Da Reda\u00e7\u00e3o do PSOL Nacional<\/em><\/p>\n","protected":false},"excerpt":{"rendered":"<p>Os professores da rede p\u00fablica de ensino do Distrito Federal decidiram, durante assembleia realizada na manh\u00e3 desta segunda-feira (09\/11), continuar a greve por tempo indeterminado, que j\u00e1 dura 26 dias. Cerca de mil representantes da categoria estiveram presentes no ato. Ao final da vota\u00e7\u00e3o, os grevistas foram at\u00e9 a sede do Minist\u00e9rio P\u00fablico do Distrito [&hellip;]<\/p>\n","protected":false},"author":2,"featured_media":10527,"comment_status":"open","ping_status":"open","sticky":false,"template":"","format":"standard","meta":{"_acf_changed":false,"footnotes":""},"categories":[2208,654,1104],"tags":[1672,272,2226,4858],"class_list":{"0":"post-10526","1":"post","2":"type-post","3":"status-publish","4":"format-standard","5":"has-post-thumbnail","7":"category-educacao","8":"category-estados","9":"category-movimento","10":"tag-gdf","11":"tag-professores","12":"tag-rodrigo-rollemberg","13":"tag-sinpro-df"},"acf":[],"yoast_head":"<!-- This site is optimized with the Yoast SEO plugin v26.5 - https:\/\/yoast.com\/wordpress\/plugins\/seo\/ -->\n<title>Professores do DF continuam em greve contra calote do governo - PSOL 50<\/title>\n<meta name=\"robots\" content=\"index, follow, max-snippet:-1, max-image-preview:large, max-video-preview:-1\" \/>\n<link rel=\"canonical\" href=\"https:\/\/psol50.org.br\/professores-do-df-continuam-em-greve-contra-calote-do-governo\/\" \/>\n<meta property=\"og:locale\" content=\"pt_BR\" \/>\n<meta property=\"og:type\" content=\"article\" \/>\n<meta property=\"og:title\" content=\"Professores do DF continuam em greve contra calote do governo - PSOL 50\" \/>\n<meta property=\"og:description\" content=\"Os professores da rede p\u00fablica de ensino do Distrito Federal decidiram, durante assembleia realizada na manh\u00e3 desta segunda-feira (09\/11), continuar a greve por tempo indeterminado, que j\u00e1 dura 26 dias. Cerca de mil representantes da categoria estiveram presentes no ato. Ao final da vota\u00e7\u00e3o, os grevistas foram at\u00e9 a sede do Minist\u00e9rio P\u00fablico do Distrito [&hellip;]\" \/>\n<meta property=\"og:url\" content=\"https:\/\/psol50.org.br\/professores-do-df-continuam-em-greve-contra-calote-do-governo\/\" \/>\n<meta property=\"og:site_name\" content=\"PSOL 50\" \/>\n<meta property=\"article:publisher\" content=\"https:\/\/www.facebook.com\/psol50\" \/>\n<meta property=\"article:published_time\" content=\"2015-11-09T19:45:52+00:00\" \/>\n<meta property=\"og:image\" content=\"https:\/\/psol50.org.br\/inc\/uploads\/2015\/11\/Assembleia-professores-DF-Sinpro-e1448896875220.jpg\" \/>\n\t<meta property=\"og:image:width\" content=\"1000\" \/>\n\t<meta property=\"og:image:height\" content=\"667\" \/>\n\t<meta property=\"og:image:type\" content=\"image\/jpeg\" \/>\n<meta name=\"author\" content=\"Comunica\u00e7\u00e3o PSOL\" \/>\n<meta name=\"twitter:card\" content=\"summary_large_image\" \/>\n<meta name=\"twitter:creator\" content=\"@psol50\" \/>\n<meta name=\"twitter:site\" content=\"@psol50\" \/>\n<meta name=\"twitter:label1\" content=\"Escrito por\" \/>\n\t<meta name=\"twitter:data1\" content=\"Comunica\u00e7\u00e3o PSOL\" \/>\n\t<meta name=\"twitter:label2\" content=\"Est. tempo de leitura\" \/>\n\t<meta name=\"twitter:data2\" content=\"2 minutos\" \/>\n<script type=\"application\/ld+json\" class=\"yoast-schema-graph\">{\"@context\":\"https:\/\/schema.org\",\"@graph\":[{\"@type\":\"Article\",\"@id\":\"https:\/\/psol50.org.br\/professores-do-df-continuam-em-greve-contra-calote-do-governo\/#article\",\"isPartOf\":{\"@id\":\"https:\/\/psol50.org.br\/professores-do-df-continuam-em-greve-contra-calote-do-governo\/\"},\"author\":{\"name\":\"Comunica\u00e7\u00e3o PSOL\",\"@id\":\"https:\/\/psol50.org.br\/#\/schema\/person\/475dfa57d0b815993c714c2e96491fcd\"},\"headline\":\"Professores do DF continuam em greve contra calote do governo\",\"datePublished\":\"2015-11-09T19:45:52+00:00\",\"mainEntityOfPage\":{\"@id\":\"https:\/\/psol50.org.br\/professores-do-df-continuam-em-greve-contra-calote-do-governo\/\"},\"wordCount\":311,\"commentCount\":0,\"publisher\":{\"@id\":\"https:\/\/psol50.org.br\/#organization\"},\"image\":{\"@id\":\"https:\/\/psol50.org.br\/professores-do-df-continuam-em-greve-contra-calote-do-governo\/#primaryimage\"},\"thumbnailUrl\":\"https:\/\/psol50.org.br\/inc\/uploads\/2015\/11\/Assembleia-professores-DF-Sinpro-e1448896875220.jpg\",\"keywords\":[\"GDF\",\"professores\",\"Rodrigo Rollemberg\",\"Sinpro-DF\"],\"articleSection\":[\"Educa\u00e7\u00e3o\",\"Estados\",\"Movimento\"],\"inLanguage\":\"pt-BR\",\"potentialAction\":[{\"@type\":\"CommentAction\",\"name\":\"Comment\",\"target\":[\"https:\/\/psol50.org.br\/professores-do-df-continuam-em-greve-contra-calote-do-governo\/#respond\"]}]},{\"@type\":\"WebPage\",\"@id\":\"https:\/\/psol50.org.br\/professores-do-df-continuam-em-greve-contra-calote-do-governo\/\",\"url\":\"https:\/\/psol50.org.br\/professores-do-df-continuam-em-greve-contra-calote-do-governo\/\",\"name\":\"Professores do DF continuam em greve contra calote do governo - PSOL 50\",\"isPartOf\":{\"@id\":\"https:\/\/psol50.org.br\/#website\"},\"primaryImageOfPage\":{\"@id\":\"https:\/\/psol50.org.br\/professores-do-df-continuam-em-greve-contra-calote-do-governo\/#primaryimage\"},\"image\":{\"@id\":\"https:\/\/psol50.org.br\/professores-do-df-continuam-em-greve-contra-calote-do-governo\/#primaryimage\"},\"thumbnailUrl\":\"https:\/\/psol50.org.br\/inc\/uploads\/2015\/11\/Assembleia-professores-DF-Sinpro-e1448896875220.jpg\",\"datePublished\":\"2015-11-09T19:45:52+00:00\",\"breadcrumb\":{\"@id\":\"https:\/\/psol50.org.br\/professores-do-df-continuam-em-greve-contra-calote-do-governo\/#breadcrumb\"},\"inLanguage\":\"pt-BR\",\"potentialAction\":[{\"@type\":\"ReadAction\",\"target\":[\"https:\/\/psol50.org.br\/professores-do-df-continuam-em-greve-contra-calote-do-governo\/\"]}]},{\"@type\":\"ImageObject\",\"inLanguage\":\"pt-BR\",\"@id\":\"https:\/\/psol50.org.br\/professores-do-df-continuam-em-greve-contra-calote-do-governo\/#primaryimage\",\"url\":\"https:\/\/psol50.org.br\/inc\/uploads\/2015\/11\/Assembleia-professores-DF-Sinpro-e1448896875220.jpg\",\"contentUrl\":\"https:\/\/psol50.org.br\/inc\/uploads\/2015\/11\/Assembleia-professores-DF-Sinpro-e1448896875220.jpg\",\"width\":1000,\"height\":667},{\"@type\":\"BreadcrumbList\",\"@id\":\"https:\/\/psol50.org.br\/professores-do-df-continuam-em-greve-contra-calote-do-governo\/#breadcrumb\",\"itemListElement\":[{\"@type\":\"ListItem\",\"position\":1,\"name\":\"In\u00edcio\",\"item\":\"https:\/\/psol50.org.br\/\"},{\"@type\":\"ListItem\",\"position\":2,\"name\":\"Professores do DF continuam em greve contra calote do governo\"}]},{\"@type\":\"WebSite\",\"@id\":\"https:\/\/psol50.org.br\/#website\",\"url\":\"https:\/\/psol50.org.br\/\",\"name\":\"PSOL 50\",\"description\":\"Site oficial do Partido Socialismo e Liberdade\",\"publisher\":{\"@id\":\"https:\/\/psol50.org.br\/#organization\"},\"alternateName\":\"PSOL50\",\"potentialAction\":[{\"@type\":\"SearchAction\",\"target\":{\"@type\":\"EntryPoint\",\"urlTemplate\":\"https:\/\/psol50.org.br\/?s={search_term_string}\"},\"query-input\":{\"@type\":\"PropertyValueSpecification\",\"valueRequired\":true,\"valueName\":\"search_term_string\"}}],\"inLanguage\":\"pt-BR\"},{\"@type\":\"Organization\",\"@id\":\"https:\/\/psol50.org.br\/#organization\",\"name\":\"PSOL 50\",\"alternateName\":\"PSOL 50\",\"url\":\"https:\/\/psol50.org.br\/\",\"logo\":{\"@type\":\"ImageObject\",\"inLanguage\":\"pt-BR\",\"@id\":\"https:\/\/psol50.org.br\/#\/schema\/logo\/image\/\",\"url\":\"https:\/\/psol50.org.br\/inc\/uploads\/2018\/07\/capa.png\",\"contentUrl\":\"https:\/\/psol50.org.br\/inc\/uploads\/2018\/07\/capa.png\",\"width\":1350,\"height\":900,\"caption\":\"PSOL 50\"},\"image\":{\"@id\":\"https:\/\/psol50.org.br\/#\/schema\/logo\/image\/\"},\"sameAs\":[\"https:\/\/www.facebook.com\/psol50\",\"https:\/\/x.com\/psol50\",\"https:\/\/www.instagram.com\/psol50\/\",\"https:\/\/www.youtube.com\/channel\/UC7SnJS5o1os7a6CaiNabzcg\"]},{\"@type\":\"Person\",\"@id\":\"https:\/\/psol50.org.br\/#\/schema\/person\/475dfa57d0b815993c714c2e96491fcd\",\"name\":\"Comunica\u00e7\u00e3o PSOL\",\"image\":{\"@type\":\"ImageObject\",\"inLanguage\":\"pt-BR\",\"@id\":\"https:\/\/psol50.org.br\/#\/schema\/person\/image\/\",\"url\":\"https:\/\/secure.gravatar.com\/avatar\/b34fc4f4e468a4e51785917065a3db57b841f5c95dba6ad8c73aaf8f66f8f9bf?s=96&d=mm&r=g\",\"contentUrl\":\"https:\/\/secure.gravatar.com\/avatar\/b34fc4f4e468a4e51785917065a3db57b841f5c95dba6ad8c73aaf8f66f8f9bf?s=96&d=mm&r=g\",\"caption\":\"Comunica\u00e7\u00e3o PSOL\"}}]}<\/script>\n<!-- \/ Yoast SEO plugin. -->","yoast_head_json":{"title":"Professores do DF continuam em greve contra calote do governo - PSOL 50","robots":{"index":"index","follow":"follow","max-snippet":"max-snippet:-1","max-image-preview":"max-image-preview:large","max-video-preview":"max-video-preview:-1"},"canonical":"https:\/\/psol50.org.br\/professores-do-df-continuam-em-greve-contra-calote-do-governo\/","og_locale":"pt_BR","og_type":"article","og_title":"Professores do DF continuam em greve contra calote do governo - PSOL 50","og_description":"Os professores da rede p\u00fablica de ensino do Distrito Federal decidiram, durante assembleia realizada na manh\u00e3 desta segunda-feira (09\/11), continuar a greve por tempo indeterminado, que j\u00e1 dura 26 dias. Cerca de mil representantes da categoria estiveram presentes no ato. Ao final da vota\u00e7\u00e3o, os grevistas foram at\u00e9 a sede do Minist\u00e9rio P\u00fablico do Distrito [&hellip;]","og_url":"https:\/\/psol50.org.br\/professores-do-df-continuam-em-greve-contra-calote-do-governo\/","og_site_name":"PSOL 50","article_publisher":"https:\/\/www.facebook.com\/psol50","article_published_time":"2015-11-09T19:45:52+00:00","og_image":[{"width":1000,"height":667,"url":"https:\/\/psol50.org.br\/inc\/uploads\/2015\/11\/Assembleia-professores-DF-Sinpro-e1448896875220.jpg","type":"image\/jpeg"}],"author":"Comunica\u00e7\u00e3o PSOL","twitter_card":"summary_large_image","twitter_creator":"@psol50","twitter_site":"@psol50","twitter_misc":{"Escrito por":"Comunica\u00e7\u00e3o PSOL","Est. tempo de leitura":"2 minutos"},"schema":{"@context":"https:\/\/schema.org","@graph":[{"@type":"Article","@id":"https:\/\/psol50.org.br\/professores-do-df-continuam-em-greve-contra-calote-do-governo\/#article","isPartOf":{"@id":"https:\/\/psol50.org.br\/professores-do-df-continuam-em-greve-contra-calote-do-governo\/"},"author":{"name":"Comunica\u00e7\u00e3o PSOL","@id":"https:\/\/psol50.org.br\/#\/schema\/person\/475dfa57d0b815993c714c2e96491fcd"},"headline":"Professores do DF continuam em greve contra calote do governo","datePublished":"2015-11-09T19:45:52+00:00","mainEntityOfPage":{"@id":"https:\/\/psol50.org.br\/professores-do-df-continuam-em-greve-contra-calote-do-governo\/"},"wordCount":311,"commentCount":0,"publisher":{"@id":"https:\/\/psol50.org.br\/#organization"},"image":{"@id":"https:\/\/psol50.org.br\/professores-do-df-continuam-em-greve-contra-calote-do-governo\/#primaryimage"},"thumbnailUrl":"https:\/\/psol50.org.br\/inc\/uploads\/2015\/11\/Assembleia-professores-DF-Sinpro-e1448896875220.jpg","keywords":["GDF","professores","Rodrigo Rollemberg","Sinpro-DF"],"articleSection":["Educa\u00e7\u00e3o","Estados","Movimento"],"inLanguage":"pt-BR","potentialAction":[{"@type":"CommentAction","name":"Comment","target":["https:\/\/psol50.org.br\/professores-do-df-continuam-em-greve-contra-calote-do-governo\/#respond"]}]},{"@type":"WebPage","@id":"https:\/\/psol50.org.br\/professores-do-df-continuam-em-greve-contra-calote-do-governo\/","url":"https:\/\/psol50.org.br\/professores-do-df-continuam-em-greve-contra-calote-do-governo\/","name":"Professores do DF continuam em greve contra calote do governo - PSOL 50","isPartOf":{"@id":"https:\/\/psol50.org.br\/#website"},"primaryImageOfPage":{"@id":"https:\/\/psol50.org.br\/professores-do-df-continuam-em-greve-contra-calote-do-governo\/#primaryimage"},"image":{"@id":"https:\/\/psol50.org.br\/professores-do-df-continuam-em-greve-contra-calote-do-governo\/#primaryimage"},"thumbnailUrl":"https:\/\/psol50.org.br\/inc\/uploads\/2015\/11\/Assembleia-professores-DF-Sinpro-e1448896875220.jpg","datePublished":"2015-11-09T19:45:52+00:00","breadcrumb":{"@id":"https:\/\/psol50.org.br\/professores-do-df-continuam-em-greve-contra-calote-do-governo\/#breadcrumb"},"inLanguage":"pt-BR","potentialAction":[{"@type":"ReadAction","target":["https:\/\/psol50.org.br\/professores-do-df-continuam-em-greve-contra-calote-do-governo\/"]}]},{"@type":"ImageObject","inLanguage":"pt-BR","@id":"https:\/\/psol50.org.br\/professores-do-df-continuam-em-greve-contra-calote-do-governo\/#primaryimage","url":"https:\/\/psol50.org.br\/inc\/uploads\/2015\/11\/Assembleia-professores-DF-Sinpro-e1448896875220.jpg","contentUrl":"https:\/\/psol50.org.br\/inc\/uploads\/2015\/11\/Assembleia-professores-DF-Sinpro-e1448896875220.jpg","width":1000,"height":667},{"@type":"BreadcrumbList","@id":"https:\/\/psol50.org.br\/professores-do-df-continuam-em-greve-contra-calote-do-governo\/#breadcrumb","itemListElement":[{"@type":"ListItem","position":1,"name":"In\u00edcio","item":"https:\/\/psol50.org.br\/"},{"@type":"ListItem","position":2,"name":"Professores do DF continuam em greve contra calote do governo"}]},{"@type":"WebSite","@id":"https:\/\/psol50.org.br\/#website","url":"https:\/\/psol50.org.br\/","name":"PSOL 50","description":"Site oficial do Partido Socialismo e Liberdade","publisher":{"@id":"https:\/\/psol50.org.br\/#organization"},"alternateName":"PSOL50","potentialAction":[{"@type":"SearchAction","target":{"@type":"EntryPoint","urlTemplate":"https:\/\/psol50.org.br\/?s={search_term_string}"},"query-input":{"@type":"PropertyValueSpecification","valueRequired":true,"valueName":"search_term_string"}}],"inLanguage":"pt-BR"},{"@type":"Organization","@id":"https:\/\/psol50.org.br\/#organization","name":"PSOL 50","alternateName":"PSOL 50","url":"https:\/\/psol50.org.br\/","logo":{"@type":"ImageObject","inLanguage":"pt-BR","@id":"https:\/\/psol50.org.br\/#\/schema\/logo\/image\/","url":"https:\/\/psol50.org.br\/inc\/uploads\/2018\/07\/capa.png","contentUrl":"https:\/\/psol50.org.br\/inc\/uploads\/2018\/07\/capa.png","width":1350,"height":900,"caption":"PSOL 50"},"image":{"@id":"https:\/\/psol50.org.br\/#\/schema\/logo\/image\/"},"sameAs":["https:\/\/www.facebook.com\/psol50","https:\/\/x.com\/psol50","https:\/\/www.instagram.com\/psol50\/","https:\/\/www.youtube.com\/channel\/UC7SnJS5o1os7a6CaiNabzcg"]},{"@type":"Person","@id":"https:\/\/psol50.org.br\/#\/schema\/person\/475dfa57d0b815993c714c2e96491fcd","name":"Comunica\u00e7\u00e3o PSOL","image":{"@type":"ImageObject","inLanguage":"pt-BR","@id":"https:\/\/psol50.org.br\/#\/schema\/person\/image\/","url":"https:\/\/secure.gravatar.com\/avatar\/b34fc4f4e468a4e51785917065a3db57b841f5c95dba6ad8c73aaf8f66f8f9bf?s=96&d=mm&r=g","contentUrl":"https:\/\/secure.gravatar.com\/avatar\/b34fc4f4e468a4e51785917065a3db57b841f5c95dba6ad8c73aaf8f66f8f9bf?s=96&d=mm&r=g","caption":"Comunica\u00e7\u00e3o PSOL"}}]}},"_links":{"self":[{"href":"https:\/\/psol50.org.br\/rest\/wp\/v2\/posts\/10526","targetHints":{"allow":["GET"]}}],"collection":[{"href":"https:\/\/psol50.org.br\/rest\/wp\/v2\/posts"}],"about":[{"href":"https:\/\/psol50.org.br\/rest\/wp\/v2\/types\/post"}],"author":[{"embeddable":true,"href":"https:\/\/psol50.org.br\/rest\/wp\/v2\/users\/2"}],"replies":[{"embeddable":true,"href":"https:\/\/psol50.org.br\/rest\/wp\/v2\/comments?post=10526"}],"version-history":[{"count":0,"href":"https:\/\/psol50.org.br\/rest\/wp\/v2\/posts\/10526\/revisions"}],"wp:featuredmedia":[{"embeddable":true,"href":"https:\/\/psol50.org.br\/rest\/wp\/v2\/media\/10527"}],"wp:attachment":[{"href":"https:\/\/psol50.org.br\/rest\/wp\/v2\/media?parent=10526"}],"wp:term":[{"taxonomy":"category","embeddable":true,"href":"https:\/\/psol50.org.br\/rest\/wp\/v2\/categories?post=10526"},{"taxonomy":"post_tag","embeddable":true,"href":"https:\/\/psol50.org.br\/rest\/wp\/v2\/tags?post=10526"}],"curies":[{"name":"wp","href":"https:\/\/api.w.org\/{rel}","templated":true}]}}