{"id":10535,"date":"2015-11-09T21:39:10","date_gmt":"2015-11-09T21:39:10","guid":{"rendered":"http:\/\/www.psol50.org.br\/?p=10535"},"modified":"2015-11-09T21:39:10","modified_gmt":"2015-11-09T21:39:10","slug":"ivan-valente-a-tragedia-de-mariana-mg-e-a-tentativa-de-acobertar-os-responsaveis","status":"publish","type":"post","link":"https:\/\/psol50.org.br\/ivan-valente-a-tragedia-de-mariana-mg-e-a-tentativa-de-acobertar-os-responsaveis\/","title":{"rendered":"IVAN VALENTE: A trag\u00e9dia de Mariana (MG) e a tentativa de acobertar os respons\u00e1veis"},"content":{"rendered":"<p>Desde que as primeiras imagens do rompimento das barragens em Mariana (MG) come\u00e7aram a inundar a internet, uma verdadeira opera\u00e7\u00e3o de guerra para transformar no imagin\u00e1rio nacional um grav\u00edssimo epis\u00f3dio de in\u00fameras neglig\u00eancias que culminaram em destrui\u00e7\u00e3o em massa e perdas de vidas em um mero desastre ambiental causado pela natureza.<br \/>\nImediatamente, v\u00e1rios ve\u00edculos de comunica\u00e7\u00e3o de massa insistiram que tremores de terra teriam ocorrido na regi\u00e3o \u2013 tremores de baixa intensidade como os noticiados ocorrem em in\u00fameros pontos do territ\u00f3rio nacional e de forma corriqueira, mas foram usados nas primeiras 48 horas do rompimento das barragens como poss\u00edvel causa.<br \/>\nO fato \u00e9 que a Vale (Antiga Vale do Rio Doce) \u00e9 tamb\u00e9m uma gigante do mercado publicit\u00e1rio e justamente por isso seu nome foi convenientemente exclu\u00eddo da maior parte das mat\u00e9rias jornal\u00edsticas, que citavam especialmente a empresa Samarco, que \u00e9 controlada diretamente pela Vale e pela anglo-australiana BHP.<br \/>\nDanos ambientais irrevers\u00edveis e perdas monstruosas na fauna e flora s\u00e3o marcas do setor da minera\u00e7\u00e3o. E o mar de lama que corre de Minas para o Esp\u00edrito Santo est\u00e1 gerando milhares de afogamentos de animais domesticados e silvestres deixando um preju\u00edzo ambiental incalcul\u00e1vel e talvez irrepar\u00e1vel.<br \/>\nAl\u00e9m disso, corre na C\u00e2mara dos Deputados uma tentativa de criar um novo marco regulat\u00f3rio para o setor da minera\u00e7\u00e3o. Este Novo C\u00f3digo da Minera\u00e7\u00e3o est\u00e1 sendo tocado por deputados financiados pelo setor e que assumem o papel de representantes dos interesses das grandes empresas, que exigem em troca do robusto financiamento de suas campanhas eleitorais menos regula\u00e7\u00e3o ambiental e trabalhista e maior flexibiliza\u00e7\u00e3o das regras de seguran\u00e7a no que tange o entorno dessas atividades e poss\u00edveis atingidos.<br \/>\nVide regra essas normas j\u00e1 n\u00e3o s\u00e3o todas aplicadas hoje. O pr\u00f3prio Relat\u00f3rio Anual de Sustentabilidade da Samarco aponta aumento sistem\u00e1tico de produ\u00e7\u00e3o de min\u00e9rio de ferro sem nenhum refor\u00e7o nas barragens, crescendo o volume de rejeitos depositados. S\u00f3 agora a Samarco instalou sirenes para avisar a popula\u00e7\u00e3o de poss\u00edveis emerg\u00eancias, uma mesquinharia que custou pelo menos dezenas de vidas humanas.<br \/>\nA minera\u00e7\u00e3o \u00e9 um dos setores mais predat\u00f3rios do planeta e tamb\u00e9m um dos grandes financiadores de pol\u00edticos para que seus interesses sejam defendidos no Congresso Nacional. Dois de seus principais aliados na C\u00e2mara, que cuidam dos interesses dessas empresas s\u00e3o o pr\u00f3prio Eduardo Cunha (PMDB-RJ) e o relator do novo c\u00f3digo, Leonardo Quint\u00e3o (PMDB &#8211; MG) que teve mais de 40% de sua campanha financiada pelo setor.<br \/>\nHavia at\u00e9 ent\u00e3o um enorme interesse em acelerar a tramita\u00e7\u00e3o do documento que promete ser muit\u00edssimo pior que o j\u00e1 terr\u00edvel Novo C\u00f3digo Florestal. Resta saber agora se ap\u00f3s a trag\u00e9dia de Mariana (MG) esta cruzada pela amplia\u00e7\u00e3o da minera\u00e7\u00e3o e redu\u00e7\u00e3o dos direitos pelos atingidos por esta atividade continuar\u00e1 com a mesma for\u00e7a de antes.<br \/>\nO m\u00ednimo que a sociedade espera \u00e9 que esta trag\u00e9dia obrigue o parlamento e o governo federal a serem mais criteriosos e exigentes na regulamenta\u00e7\u00e3o da atividade de minera\u00e7\u00e3o no pa\u00eds, em raz\u00e3o de seu grande potencial de devasta\u00e7\u00e3o do meio ambiente e de vidas humanas.<br \/>\nNosso mandato atua tamb\u00e9m nesse tema e j\u00e1 apresentou v\u00e1rios requerimentos na Comiss\u00e3o Especial que discute o novo c\u00f3digo da minera\u00e7\u00e3o, inclusive para visitar as \u00e1reas diretamente impactadas &#8211; pedido que n\u00e3o foi apreciado pela Comiss\u00e3o.<br \/>\nTamb\u00e9m denunciamos, constantemente, a captura da Comiss\u00e3o pelo financiamento empresarial das grandes mineradoras. De acordo com documento do IBASE, em 2010, a Vale doou mais de R$ 29 mi para diversos partidos (http:\/\/www.oeco.org.br\/\u2026\/27451-ibase-lanca-publicacao-quem\u2026\/).<br \/>\nDesde 2010, nosso mandato denuncia os abusos e crimes cometidos pela Vale. Leia o pronunciamento feito na tribuna da C\u00e2mara sobre este tema: http:\/\/www.ivanvalente.com.br\/em-defesa-da-luta-dos-atingi\u2026\/.<br \/>\n&#8220;Como afirma o pr\u00f3prio movimento, a propaganda da Vale diz que a empresa \u00e9 brasileira e que trabalha para promover o desenvolvimento sustent\u00e1vel do pa\u00eds. Mas as bonitas imagens omitem sua face oculta onde a Vale est\u00e1 presente. A explora\u00e7\u00e3o de min\u00e9rio e outras atividades da cadeia de siderurgia t\u00eam causado, por exemplo, s\u00e9rios impactos sobre o meio ambiente e a vida das pessoas. As agress\u00f5es v\u00e3o da polui\u00e7\u00e3o das \u00e1guas com produtos qu\u00edmicos, com interven\u00e7\u00e3o direta na destrui\u00e7\u00e3o de aqu\u00edferos e rebaixamento de len\u00e7\u00f3is fre\u00e1ticos, \u00e0 produ\u00e7\u00e3o de enormes volumes de res\u00edduos e emiss\u00e3o de di\u00f3xido de carbono na atmosfera\u201d.<br \/>\nN\u00e3o por acaso a Vale est\u00e1 no Hall da Vergonha do Public Eyes People`s, por ter sido eleita em 2012 como a pior empresa do mundo justamente em decorr\u00eancia do seu hist\u00f3rico de neglig\u00eancias com direitos humanos e o meio ambiente. Um t\u00edtulo que envergonha nosso pa\u00eds em mais este momento de perda e dor dos desabrigados e familiares das v\u00edtimas e desaparecidos da trag\u00e9dia de Mariana (MG).<\/p>\n","protected":false},"excerpt":{"rendered":"<p>Desde que as primeiras imagens do rompimento das barragens em Mariana (MG) come\u00e7aram a inundar a internet, uma verdadeira opera\u00e7\u00e3o de guerra para transformar no imagin\u00e1rio nacional um grav\u00edssimo epis\u00f3dio de in\u00fameras neglig\u00eancias que culminaram em destrui\u00e7\u00e3o em massa e perdas de vidas em um mero desastre ambiental causado pela natureza. Imediatamente, v\u00e1rios ve\u00edculos de [&hellip;]<\/p>\n","protected":false},"author":2,"featured_media":10536,"comment_status":"open","ping_status":"open","sticky":false,"template":"","format":"standard","meta":{"_acf_changed":false,"footnotes":""},"categories":[3,1882],"tags":[4860,1872,121,4861,2782,122],"class_list":{"0":"post-10535","1":"post","2":"type-post","3":"status-publish","4":"format-standard","5":"has-post-thumbnail","7":"category-artigos-e-entrevistas","8":"category-brasil","9":"tag-bhp","10":"tag-mariana","11":"tag-minas-gerais","12":"tag-mineradora","13":"tag-samarco","14":"tag-vale"},"acf":[],"yoast_head":"<!-- This site is optimized with the Yoast SEO plugin v26.5 - https:\/\/yoast.com\/wordpress\/plugins\/seo\/ -->\n<title>IVAN VALENTE: A trag\u00e9dia de Mariana (MG) e a tentativa de acobertar os respons\u00e1veis - PSOL 50<\/title>\n<meta name=\"robots\" content=\"index, follow, max-snippet:-1, max-image-preview:large, max-video-preview:-1\" \/>\n<link rel=\"canonical\" href=\"https:\/\/psol50.org.br\/ivan-valente-a-tragedia-de-mariana-mg-e-a-tentativa-de-acobertar-os-responsaveis\/\" \/>\n<meta property=\"og:locale\" content=\"pt_BR\" \/>\n<meta property=\"og:type\" content=\"article\" \/>\n<meta property=\"og:title\" content=\"IVAN VALENTE: A trag\u00e9dia de Mariana (MG) e a tentativa de acobertar os respons\u00e1veis - PSOL 50\" \/>\n<meta property=\"og:description\" content=\"Desde que as primeiras imagens do rompimento das barragens em Mariana (MG) come\u00e7aram a inundar a internet, uma verdadeira opera\u00e7\u00e3o de guerra para transformar no imagin\u00e1rio nacional um grav\u00edssimo epis\u00f3dio de in\u00fameras neglig\u00eancias que culminaram em destrui\u00e7\u00e3o em massa e perdas de vidas em um mero desastre ambiental causado pela natureza. Imediatamente, v\u00e1rios ve\u00edculos de [&hellip;]\" \/>\n<meta property=\"og:url\" content=\"https:\/\/psol50.org.br\/ivan-valente-a-tragedia-de-mariana-mg-e-a-tentativa-de-acobertar-os-responsaveis\/\" \/>\n<meta property=\"og:site_name\" content=\"PSOL 50\" \/>\n<meta property=\"article:publisher\" content=\"https:\/\/www.facebook.com\/psol50\" \/>\n<meta property=\"article:published_time\" content=\"2015-11-09T21:39:10+00:00\" \/>\n<meta property=\"og:image\" content=\"https:\/\/psol50.org.br\/inc\/uploads\/2015\/11\/Desabamento-Mariana-MG-Antonio-Cruz-ABr-e1448896851485.jpg\" \/>\n\t<meta property=\"og:image:width\" content=\"1000\" \/>\n\t<meta property=\"og:image:height\" content=\"602\" \/>\n\t<meta property=\"og:image:type\" content=\"image\/jpeg\" \/>\n<meta name=\"author\" content=\"Comunica\u00e7\u00e3o PSOL\" \/>\n<meta name=\"twitter:card\" content=\"summary_large_image\" \/>\n<meta name=\"twitter:creator\" content=\"@psol50\" \/>\n<meta name=\"twitter:site\" content=\"@psol50\" \/>\n<meta name=\"twitter:label1\" content=\"Escrito por\" \/>\n\t<meta name=\"twitter:data1\" content=\"Comunica\u00e7\u00e3o PSOL\" \/>\n\t<meta name=\"twitter:label2\" content=\"Est. tempo de leitura\" \/>\n\t<meta name=\"twitter:data2\" content=\"4 minutos\" \/>\n<script type=\"application\/ld+json\" class=\"yoast-schema-graph\">{\"@context\":\"https:\/\/schema.org\",\"@graph\":[{\"@type\":\"Article\",\"@id\":\"https:\/\/psol50.org.br\/ivan-valente-a-tragedia-de-mariana-mg-e-a-tentativa-de-acobertar-os-responsaveis\/#article\",\"isPartOf\":{\"@id\":\"https:\/\/psol50.org.br\/ivan-valente-a-tragedia-de-mariana-mg-e-a-tentativa-de-acobertar-os-responsaveis\/\"},\"author\":{\"name\":\"Comunica\u00e7\u00e3o PSOL\",\"@id\":\"https:\/\/psol50.org.br\/#\/schema\/person\/475dfa57d0b815993c714c2e96491fcd\"},\"headline\":\"IVAN VALENTE: A trag\u00e9dia de Mariana (MG) e a tentativa de acobertar os respons\u00e1veis\",\"datePublished\":\"2015-11-09T21:39:10+00:00\",\"mainEntityOfPage\":{\"@id\":\"https:\/\/psol50.org.br\/ivan-valente-a-tragedia-de-mariana-mg-e-a-tentativa-de-acobertar-os-responsaveis\/\"},\"wordCount\":893,\"commentCount\":0,\"publisher\":{\"@id\":\"https:\/\/psol50.org.br\/#organization\"},\"image\":{\"@id\":\"https:\/\/psol50.org.br\/ivan-valente-a-tragedia-de-mariana-mg-e-a-tentativa-de-acobertar-os-responsaveis\/#primaryimage\"},\"thumbnailUrl\":\"https:\/\/psol50.org.br\/inc\/uploads\/2015\/11\/Desabamento-Mariana-MG-Antonio-Cruz-ABr-e1448896851485.jpg\",\"keywords\":[\"BHP\",\"Mariana\",\"Minas Gerais\",\"mineradora\",\"Samarco\",\"Vale\"],\"articleSection\":[\"Artigos\",\"Brasil\"],\"inLanguage\":\"pt-BR\",\"potentialAction\":[{\"@type\":\"CommentAction\",\"name\":\"Comment\",\"target\":[\"https:\/\/psol50.org.br\/ivan-valente-a-tragedia-de-mariana-mg-e-a-tentativa-de-acobertar-os-responsaveis\/#respond\"]}]},{\"@type\":\"WebPage\",\"@id\":\"https:\/\/psol50.org.br\/ivan-valente-a-tragedia-de-mariana-mg-e-a-tentativa-de-acobertar-os-responsaveis\/\",\"url\":\"https:\/\/psol50.org.br\/ivan-valente-a-tragedia-de-mariana-mg-e-a-tentativa-de-acobertar-os-responsaveis\/\",\"name\":\"IVAN VALENTE: A trag\u00e9dia de Mariana (MG) e a tentativa de acobertar os respons\u00e1veis - PSOL 50\",\"isPartOf\":{\"@id\":\"https:\/\/psol50.org.br\/#website\"},\"primaryImageOfPage\":{\"@id\":\"https:\/\/psol50.org.br\/ivan-valente-a-tragedia-de-mariana-mg-e-a-tentativa-de-acobertar-os-responsaveis\/#primaryimage\"},\"image\":{\"@id\":\"https:\/\/psol50.org.br\/ivan-valente-a-tragedia-de-mariana-mg-e-a-tentativa-de-acobertar-os-responsaveis\/#primaryimage\"},\"thumbnailUrl\":\"https:\/\/psol50.org.br\/inc\/uploads\/2015\/11\/Desabamento-Mariana-MG-Antonio-Cruz-ABr-e1448896851485.jpg\",\"datePublished\":\"2015-11-09T21:39:10+00:00\",\"breadcrumb\":{\"@id\":\"https:\/\/psol50.org.br\/ivan-valente-a-tragedia-de-mariana-mg-e-a-tentativa-de-acobertar-os-responsaveis\/#breadcrumb\"},\"inLanguage\":\"pt-BR\",\"potentialAction\":[{\"@type\":\"ReadAction\",\"target\":[\"https:\/\/psol50.org.br\/ivan-valente-a-tragedia-de-mariana-mg-e-a-tentativa-de-acobertar-os-responsaveis\/\"]}]},{\"@type\":\"ImageObject\",\"inLanguage\":\"pt-BR\",\"@id\":\"https:\/\/psol50.org.br\/ivan-valente-a-tragedia-de-mariana-mg-e-a-tentativa-de-acobertar-os-responsaveis\/#primaryimage\",\"url\":\"https:\/\/psol50.org.br\/inc\/uploads\/2015\/11\/Desabamento-Mariana-MG-Antonio-Cruz-ABr-e1448896851485.jpg\",\"contentUrl\":\"https:\/\/psol50.org.br\/inc\/uploads\/2015\/11\/Desabamento-Mariana-MG-Antonio-Cruz-ABr-e1448896851485.jpg\",\"width\":1000,\"height\":602,\"caption\":\"Mariana (MG) - \u00c1rea afetada pelo rompimento de barragem no distrito de Bento Rodrigues, zona rural de Mariana, em Minas Gerais (Antonio Cruz\/Ag\u00eancia Brasil)\"},{\"@type\":\"BreadcrumbList\",\"@id\":\"https:\/\/psol50.org.br\/ivan-valente-a-tragedia-de-mariana-mg-e-a-tentativa-de-acobertar-os-responsaveis\/#breadcrumb\",\"itemListElement\":[{\"@type\":\"ListItem\",\"position\":1,\"name\":\"In\u00edcio\",\"item\":\"https:\/\/psol50.org.br\/\"},{\"@type\":\"ListItem\",\"position\":2,\"name\":\"IVAN VALENTE: A trag\u00e9dia de Mariana (MG) e a tentativa de acobertar os respons\u00e1veis\"}]},{\"@type\":\"WebSite\",\"@id\":\"https:\/\/psol50.org.br\/#website\",\"url\":\"https:\/\/psol50.org.br\/\",\"name\":\"PSOL 50\",\"description\":\"Site oficial do Partido Socialismo e Liberdade\",\"publisher\":{\"@id\":\"https:\/\/psol50.org.br\/#organization\"},\"alternateName\":\"PSOL50\",\"potentialAction\":[{\"@type\":\"SearchAction\",\"target\":{\"@type\":\"EntryPoint\",\"urlTemplate\":\"https:\/\/psol50.org.br\/?s={search_term_string}\"},\"query-input\":{\"@type\":\"PropertyValueSpecification\",\"valueRequired\":true,\"valueName\":\"search_term_string\"}}],\"inLanguage\":\"pt-BR\"},{\"@type\":\"Organization\",\"@id\":\"https:\/\/psol50.org.br\/#organization\",\"name\":\"PSOL 50\",\"alternateName\":\"PSOL 50\",\"url\":\"https:\/\/psol50.org.br\/\",\"logo\":{\"@type\":\"ImageObject\",\"inLanguage\":\"pt-BR\",\"@id\":\"https:\/\/psol50.org.br\/#\/schema\/logo\/image\/\",\"url\":\"https:\/\/psol50.org.br\/inc\/uploads\/2018\/07\/capa.png\",\"contentUrl\":\"https:\/\/psol50.org.br\/inc\/uploads\/2018\/07\/capa.png\",\"width\":1350,\"height\":900,\"caption\":\"PSOL 50\"},\"image\":{\"@id\":\"https:\/\/psol50.org.br\/#\/schema\/logo\/image\/\"},\"sameAs\":[\"https:\/\/www.facebook.com\/psol50\",\"https:\/\/x.com\/psol50\",\"https:\/\/www.instagram.com\/psol50\/\",\"https:\/\/www.youtube.com\/channel\/UC7SnJS5o1os7a6CaiNabzcg\"]},{\"@type\":\"Person\",\"@id\":\"https:\/\/psol50.org.br\/#\/schema\/person\/475dfa57d0b815993c714c2e96491fcd\",\"name\":\"Comunica\u00e7\u00e3o PSOL\",\"image\":{\"@type\":\"ImageObject\",\"inLanguage\":\"pt-BR\",\"@id\":\"https:\/\/psol50.org.br\/#\/schema\/person\/image\/\",\"url\":\"https:\/\/secure.gravatar.com\/avatar\/b34fc4f4e468a4e51785917065a3db57b841f5c95dba6ad8c73aaf8f66f8f9bf?s=96&d=mm&r=g\",\"contentUrl\":\"https:\/\/secure.gravatar.com\/avatar\/b34fc4f4e468a4e51785917065a3db57b841f5c95dba6ad8c73aaf8f66f8f9bf?s=96&d=mm&r=g\",\"caption\":\"Comunica\u00e7\u00e3o PSOL\"}}]}<\/script>\n<!-- \/ Yoast SEO plugin. -->","yoast_head_json":{"title":"IVAN VALENTE: A trag\u00e9dia de Mariana (MG) e a tentativa de acobertar os respons\u00e1veis - PSOL 50","robots":{"index":"index","follow":"follow","max-snippet":"max-snippet:-1","max-image-preview":"max-image-preview:large","max-video-preview":"max-video-preview:-1"},"canonical":"https:\/\/psol50.org.br\/ivan-valente-a-tragedia-de-mariana-mg-e-a-tentativa-de-acobertar-os-responsaveis\/","og_locale":"pt_BR","og_type":"article","og_title":"IVAN VALENTE: A trag\u00e9dia de Mariana (MG) e a tentativa de acobertar os respons\u00e1veis - PSOL 50","og_description":"Desde que as primeiras imagens do rompimento das barragens em Mariana (MG) come\u00e7aram a inundar a internet, uma verdadeira opera\u00e7\u00e3o de guerra para transformar no imagin\u00e1rio nacional um grav\u00edssimo epis\u00f3dio de in\u00fameras neglig\u00eancias que culminaram em destrui\u00e7\u00e3o em massa e perdas de vidas em um mero desastre ambiental causado pela natureza. Imediatamente, v\u00e1rios ve\u00edculos de [&hellip;]","og_url":"https:\/\/psol50.org.br\/ivan-valente-a-tragedia-de-mariana-mg-e-a-tentativa-de-acobertar-os-responsaveis\/","og_site_name":"PSOL 50","article_publisher":"https:\/\/www.facebook.com\/psol50","article_published_time":"2015-11-09T21:39:10+00:00","og_image":[{"width":1000,"height":602,"url":"https:\/\/psol50.org.br\/inc\/uploads\/2015\/11\/Desabamento-Mariana-MG-Antonio-Cruz-ABr-e1448896851485.jpg","type":"image\/jpeg"}],"author":"Comunica\u00e7\u00e3o PSOL","twitter_card":"summary_large_image","twitter_creator":"@psol50","twitter_site":"@psol50","twitter_misc":{"Escrito por":"Comunica\u00e7\u00e3o PSOL","Est. tempo de leitura":"4 minutos"},"schema":{"@context":"https:\/\/schema.org","@graph":[{"@type":"Article","@id":"https:\/\/psol50.org.br\/ivan-valente-a-tragedia-de-mariana-mg-e-a-tentativa-de-acobertar-os-responsaveis\/#article","isPartOf":{"@id":"https:\/\/psol50.org.br\/ivan-valente-a-tragedia-de-mariana-mg-e-a-tentativa-de-acobertar-os-responsaveis\/"},"author":{"name":"Comunica\u00e7\u00e3o PSOL","@id":"https:\/\/psol50.org.br\/#\/schema\/person\/475dfa57d0b815993c714c2e96491fcd"},"headline":"IVAN VALENTE: A trag\u00e9dia de Mariana (MG) e a tentativa de acobertar os respons\u00e1veis","datePublished":"2015-11-09T21:39:10+00:00","mainEntityOfPage":{"@id":"https:\/\/psol50.org.br\/ivan-valente-a-tragedia-de-mariana-mg-e-a-tentativa-de-acobertar-os-responsaveis\/"},"wordCount":893,"commentCount":0,"publisher":{"@id":"https:\/\/psol50.org.br\/#organization"},"image":{"@id":"https:\/\/psol50.org.br\/ivan-valente-a-tragedia-de-mariana-mg-e-a-tentativa-de-acobertar-os-responsaveis\/#primaryimage"},"thumbnailUrl":"https:\/\/psol50.org.br\/inc\/uploads\/2015\/11\/Desabamento-Mariana-MG-Antonio-Cruz-ABr-e1448896851485.jpg","keywords":["BHP","Mariana","Minas Gerais","mineradora","Samarco","Vale"],"articleSection":["Artigos","Brasil"],"inLanguage":"pt-BR","potentialAction":[{"@type":"CommentAction","name":"Comment","target":["https:\/\/psol50.org.br\/ivan-valente-a-tragedia-de-mariana-mg-e-a-tentativa-de-acobertar-os-responsaveis\/#respond"]}]},{"@type":"WebPage","@id":"https:\/\/psol50.org.br\/ivan-valente-a-tragedia-de-mariana-mg-e-a-tentativa-de-acobertar-os-responsaveis\/","url":"https:\/\/psol50.org.br\/ivan-valente-a-tragedia-de-mariana-mg-e-a-tentativa-de-acobertar-os-responsaveis\/","name":"IVAN VALENTE: A trag\u00e9dia de Mariana (MG) e a tentativa de acobertar os respons\u00e1veis - PSOL 50","isPartOf":{"@id":"https:\/\/psol50.org.br\/#website"},"primaryImageOfPage":{"@id":"https:\/\/psol50.org.br\/ivan-valente-a-tragedia-de-mariana-mg-e-a-tentativa-de-acobertar-os-responsaveis\/#primaryimage"},"image":{"@id":"https:\/\/psol50.org.br\/ivan-valente-a-tragedia-de-mariana-mg-e-a-tentativa-de-acobertar-os-responsaveis\/#primaryimage"},"thumbnailUrl":"https:\/\/psol50.org.br\/inc\/uploads\/2015\/11\/Desabamento-Mariana-MG-Antonio-Cruz-ABr-e1448896851485.jpg","datePublished":"2015-11-09T21:39:10+00:00","breadcrumb":{"@id":"https:\/\/psol50.org.br\/ivan-valente-a-tragedia-de-mariana-mg-e-a-tentativa-de-acobertar-os-responsaveis\/#breadcrumb"},"inLanguage":"pt-BR","potentialAction":[{"@type":"ReadAction","target":["https:\/\/psol50.org.br\/ivan-valente-a-tragedia-de-mariana-mg-e-a-tentativa-de-acobertar-os-responsaveis\/"]}]},{"@type":"ImageObject","inLanguage":"pt-BR","@id":"https:\/\/psol50.org.br\/ivan-valente-a-tragedia-de-mariana-mg-e-a-tentativa-de-acobertar-os-responsaveis\/#primaryimage","url":"https:\/\/psol50.org.br\/inc\/uploads\/2015\/11\/Desabamento-Mariana-MG-Antonio-Cruz-ABr-e1448896851485.jpg","contentUrl":"https:\/\/psol50.org.br\/inc\/uploads\/2015\/11\/Desabamento-Mariana-MG-Antonio-Cruz-ABr-e1448896851485.jpg","width":1000,"height":602,"caption":"Mariana (MG) - \u00c1rea afetada pelo rompimento de barragem no distrito de Bento Rodrigues, zona rural de Mariana, em Minas Gerais (Antonio Cruz\/Ag\u00eancia Brasil)"},{"@type":"BreadcrumbList","@id":"https:\/\/psol50.org.br\/ivan-valente-a-tragedia-de-mariana-mg-e-a-tentativa-de-acobertar-os-responsaveis\/#breadcrumb","itemListElement":[{"@type":"ListItem","position":1,"name":"In\u00edcio","item":"https:\/\/psol50.org.br\/"},{"@type":"ListItem","position":2,"name":"IVAN VALENTE: A trag\u00e9dia de Mariana (MG) e a tentativa de acobertar os respons\u00e1veis"}]},{"@type":"WebSite","@id":"https:\/\/psol50.org.br\/#website","url":"https:\/\/psol50.org.br\/","name":"PSOL 50","description":"Site oficial do Partido Socialismo e Liberdade","publisher":{"@id":"https:\/\/psol50.org.br\/#organization"},"alternateName":"PSOL50","potentialAction":[{"@type":"SearchAction","target":{"@type":"EntryPoint","urlTemplate":"https:\/\/psol50.org.br\/?s={search_term_string}"},"query-input":{"@type":"PropertyValueSpecification","valueRequired":true,"valueName":"search_term_string"}}],"inLanguage":"pt-BR"},{"@type":"Organization","@id":"https:\/\/psol50.org.br\/#organization","name":"PSOL 50","alternateName":"PSOL 50","url":"https:\/\/psol50.org.br\/","logo":{"@type":"ImageObject","inLanguage":"pt-BR","@id":"https:\/\/psol50.org.br\/#\/schema\/logo\/image\/","url":"https:\/\/psol50.org.br\/inc\/uploads\/2018\/07\/capa.png","contentUrl":"https:\/\/psol50.org.br\/inc\/uploads\/2018\/07\/capa.png","width":1350,"height":900,"caption":"PSOL 50"},"image":{"@id":"https:\/\/psol50.org.br\/#\/schema\/logo\/image\/"},"sameAs":["https:\/\/www.facebook.com\/psol50","https:\/\/x.com\/psol50","https:\/\/www.instagram.com\/psol50\/","https:\/\/www.youtube.com\/channel\/UC7SnJS5o1os7a6CaiNabzcg"]},{"@type":"Person","@id":"https:\/\/psol50.org.br\/#\/schema\/person\/475dfa57d0b815993c714c2e96491fcd","name":"Comunica\u00e7\u00e3o PSOL","image":{"@type":"ImageObject","inLanguage":"pt-BR","@id":"https:\/\/psol50.org.br\/#\/schema\/person\/image\/","url":"https:\/\/secure.gravatar.com\/avatar\/b34fc4f4e468a4e51785917065a3db57b841f5c95dba6ad8c73aaf8f66f8f9bf?s=96&d=mm&r=g","contentUrl":"https:\/\/secure.gravatar.com\/avatar\/b34fc4f4e468a4e51785917065a3db57b841f5c95dba6ad8c73aaf8f66f8f9bf?s=96&d=mm&r=g","caption":"Comunica\u00e7\u00e3o PSOL"}}]}},"_links":{"self":[{"href":"https:\/\/psol50.org.br\/rest\/wp\/v2\/posts\/10535","targetHints":{"allow":["GET"]}}],"collection":[{"href":"https:\/\/psol50.org.br\/rest\/wp\/v2\/posts"}],"about":[{"href":"https:\/\/psol50.org.br\/rest\/wp\/v2\/types\/post"}],"author":[{"embeddable":true,"href":"https:\/\/psol50.org.br\/rest\/wp\/v2\/users\/2"}],"replies":[{"embeddable":true,"href":"https:\/\/psol50.org.br\/rest\/wp\/v2\/comments?post=10535"}],"version-history":[{"count":0,"href":"https:\/\/psol50.org.br\/rest\/wp\/v2\/posts\/10535\/revisions"}],"wp:featuredmedia":[{"embeddable":true,"href":"https:\/\/psol50.org.br\/rest\/wp\/v2\/media\/10536"}],"wp:attachment":[{"href":"https:\/\/psol50.org.br\/rest\/wp\/v2\/media?parent=10535"}],"wp:term":[{"taxonomy":"category","embeddable":true,"href":"https:\/\/psol50.org.br\/rest\/wp\/v2\/categories?post=10535"},{"taxonomy":"post_tag","embeddable":true,"href":"https:\/\/psol50.org.br\/rest\/wp\/v2\/tags?post=10535"}],"curies":[{"name":"wp","href":"https:\/\/api.w.org\/{rel}","templated":true}]}}