{"id":10546,"date":"2015-11-10T20:39:03","date_gmt":"2015-11-10T20:39:03","guid":{"rendered":"http:\/\/www.psol50.org.br\/?p=10546"},"modified":"2015-11-10T20:39:03","modified_gmt":"2015-11-10T20:39:03","slug":"mariana-moradores-de-distritos-atingidos-temem-que-caso-caia-no-esquecimento","status":"publish","type":"post","link":"https:\/\/psol50.org.br\/mariana-moradores-de-distritos-atingidos-temem-que-caso-caia-no-esquecimento\/","title":{"rendered":"Mariana: moradores de distritos atingidos temem que caso caia no esquecimento"},"content":{"rendered":"<p>Nos \u00faltimos quatro dias, a movimenta\u00e7\u00e3o no centro de Mariana (MG) foi intensa em raz\u00e3o do rompimento de duas barragens no distrito de Bento Rodrigues. Era poss\u00edvel encontrar moradores atingidos em locais de acolhimento, parentes em busca de desaparecidos, autoridades do governo federal, estadual e municipal e muitos curiosos.<br \/>\nQuase uma semana ap\u00f3s a trag\u00e9dia, a cidade parece come\u00e7ar a retomar seu ritmo. O movimento j\u00e1 n\u00e3o \u00e9 mais o mesmo. O assunto j\u00e1 n\u00e3o est\u00e1 mais nas bocas de cada grupo que conversa na esquina. O fato preocupa, sobretudo, as pessoas diretamente afetadas pela trag\u00e9dia e que contabilizam preju\u00edzos e danos quase incalcul\u00e1veis.<br \/>\nA lavradora Maria Jos\u00e9 Horta, 28 anos, morava no distrito de Ponte do Gama, atingido pelo rompimento das barragens. A casa dela ficou tomada pela lama e Maria est\u00e1 morando provisoriamente com os pais. A jovem conta que, nos primeiros dias ap\u00f3s o acidente, foi bem atendida no acolhimento \u00e0s v\u00edtimas.<br \/>\n&#8220;Hoje, retornei para acrescentar algumas informa\u00e7\u00f5es ao cadastro, mas n\u00e3o consigo ningu\u00e9m para me ajudar. A poeira est\u00e1 baixando r\u00e1pido demais e isso preocupa muito. Tenho medo de ficar esquecida. A gente tem muita dificuldade para adquirir nossas coisas, para depois ver tudo indo embora em meio \u00e0 lama&#8221;.<br \/>\nO t\u00e9cnico em seguran\u00e7a do trabalho Airton Sales, 31 anos, costumava passar o fim de semana na casa da m\u00e3e, no distrito de Paracatu de Baixo, tamb\u00e9m atingido pela trag\u00e9dia. A irm\u00e3 dele morava no povoado e estava reformando a casa para a chegada do filho que est\u00e1 esperando. Agora, est\u00e3o todos hospedados em hot\u00e9is e pousadas de Mariana.<br \/>\n&#8220;Nossa preocupa\u00e7\u00e3o \u00e9 que, enquanto o assunto est\u00e1 na m\u00eddia, a empresa respons\u00e1vel pelas barragens vai dar suporte. Mas, como saber onde vamos estar depois de um ano desse acidente? Ser\u00e1 que a mineradora vai continuar pagando as nossas di\u00e1rias? Queremos saber para onde vamos e o que vai ser feito\u201d.<br \/>\nA pedagoga Edna Cerqueira Mol, 48 anos, tinha um s\u00edtio no mesmo local onde a m\u00e3e de Airton morava. A casa era boa, composta por quatro quartos, varanda, copa, sala. Ela, o marido e as tr\u00eas filhas trabalham e estudam em Mariana mas, nos fins de semana, procuravam descanso no local, hoje tomado pela lama e pelo barro.<br \/>\n&#8220;Esse s\u00edtio era o sonho da minha vida. Demorei 18 anos para deixar tudo como estava. T\u00ednhamos piscina, sauna. Ficou tudo destru\u00eddo&#8221; disse. &#8220;Gra\u00e7as a Deus, n\u00e3o fiquei desabrigada. Mas o preju\u00edzo foi alt\u00edssimo e n\u00e3o \u00e9 justo pagar essa conta.&#8221;<br \/>\n<em>Paula Laboissi\u00e8re, enviada Especial da <a href=\"http:\/\/agenciabrasil.ebc.com.br\/\">Ag\u00eancia Brasil<\/a><\/em><\/p>\n","protected":false},"excerpt":{"rendered":"<p>Nos \u00faltimos quatro dias, a movimenta\u00e7\u00e3o no centro de Mariana (MG) foi intensa em raz\u00e3o do rompimento de duas barragens no distrito de Bento Rodrigues. Era poss\u00edvel encontrar moradores atingidos em locais de acolhimento, parentes em busca de desaparecidos, autoridades do governo federal, estadual e municipal e muitos curiosos. Quase uma semana ap\u00f3s a trag\u00e9dia, [&hellip;]<\/p>\n","protected":false},"author":2,"featured_media":10547,"comment_status":"open","ping_status":"open","sticky":false,"template":"","format":"standard","meta":{"_acf_changed":false,"footnotes":""},"categories":[1882,6],"tags":[1390,2223,1872,121,2782,122],"class_list":{"0":"post-10546","1":"post","2":"type-post","3":"status-publish","4":"format-standard","5":"has-post-thumbnail","7":"category-brasil","8":"category-noticias","9":"tag-barragem","10":"tag-desabamento","11":"tag-mariana","12":"tag-minas-gerais","13":"tag-samarco","14":"tag-vale"},"acf":[],"yoast_head":"<!-- This site is optimized with the Yoast SEO plugin v26.5 - https:\/\/yoast.com\/wordpress\/plugins\/seo\/ -->\n<title>Mariana: moradores de distritos atingidos temem que caso caia no esquecimento - PSOL 50<\/title>\n<meta name=\"robots\" content=\"index, follow, max-snippet:-1, max-image-preview:large, max-video-preview:-1\" \/>\n<link rel=\"canonical\" href=\"https:\/\/psol50.org.br\/mariana-moradores-de-distritos-atingidos-temem-que-caso-caia-no-esquecimento\/\" \/>\n<meta property=\"og:locale\" content=\"pt_BR\" \/>\n<meta property=\"og:type\" content=\"article\" \/>\n<meta property=\"og:title\" content=\"Mariana: moradores de distritos atingidos temem que caso caia no esquecimento - PSOL 50\" \/>\n<meta property=\"og:description\" content=\"Nos \u00faltimos quatro dias, a movimenta\u00e7\u00e3o no centro de Mariana (MG) foi intensa em raz\u00e3o do rompimento de duas barragens no distrito de Bento Rodrigues. Era poss\u00edvel encontrar moradores atingidos em locais de acolhimento, parentes em busca de desaparecidos, autoridades do governo federal, estadual e municipal e muitos curiosos. Quase uma semana ap\u00f3s a trag\u00e9dia, [&hellip;]\" \/>\n<meta property=\"og:url\" content=\"https:\/\/psol50.org.br\/mariana-moradores-de-distritos-atingidos-temem-que-caso-caia-no-esquecimento\/\" \/>\n<meta property=\"og:site_name\" content=\"PSOL 50\" \/>\n<meta property=\"article:publisher\" content=\"https:\/\/www.facebook.com\/psol50\" \/>\n<meta property=\"article:published_time\" content=\"2015-11-10T20:39:03+00:00\" \/>\n<meta property=\"og:image\" content=\"https:\/\/psol50.org.br\/inc\/uploads\/2015\/11\/Desabamento-Mariana-2-Antonio-Cruz-ABr-e1448896832681.jpg\" \/>\n\t<meta property=\"og:image:width\" content=\"1000\" \/>\n\t<meta property=\"og:image:height\" content=\"666\" \/>\n\t<meta property=\"og:image:type\" content=\"image\/jpeg\" \/>\n<meta name=\"author\" content=\"Comunica\u00e7\u00e3o PSOL\" \/>\n<meta name=\"twitter:card\" content=\"summary_large_image\" \/>\n<meta name=\"twitter:creator\" content=\"@psol50\" \/>\n<meta name=\"twitter:site\" content=\"@psol50\" \/>\n<meta name=\"twitter:label1\" content=\"Escrito por\" \/>\n\t<meta name=\"twitter:data1\" content=\"Comunica\u00e7\u00e3o PSOL\" \/>\n\t<meta name=\"twitter:label2\" content=\"Est. tempo de leitura\" \/>\n\t<meta name=\"twitter:data2\" content=\"2 minutos\" \/>\n<script type=\"application\/ld+json\" class=\"yoast-schema-graph\">{\"@context\":\"https:\/\/schema.org\",\"@graph\":[{\"@type\":\"Article\",\"@id\":\"https:\/\/psol50.org.br\/mariana-moradores-de-distritos-atingidos-temem-que-caso-caia-no-esquecimento\/#article\",\"isPartOf\":{\"@id\":\"https:\/\/psol50.org.br\/mariana-moradores-de-distritos-atingidos-temem-que-caso-caia-no-esquecimento\/\"},\"author\":{\"name\":\"Comunica\u00e7\u00e3o PSOL\",\"@id\":\"https:\/\/psol50.org.br\/#\/schema\/person\/475dfa57d0b815993c714c2e96491fcd\"},\"headline\":\"Mariana: moradores de distritos atingidos temem que caso caia no esquecimento\",\"datePublished\":\"2015-11-10T20:39:03+00:00\",\"mainEntityOfPage\":{\"@id\":\"https:\/\/psol50.org.br\/mariana-moradores-de-distritos-atingidos-temem-que-caso-caia-no-esquecimento\/\"},\"wordCount\":464,\"commentCount\":0,\"publisher\":{\"@id\":\"https:\/\/psol50.org.br\/#organization\"},\"image\":{\"@id\":\"https:\/\/psol50.org.br\/mariana-moradores-de-distritos-atingidos-temem-que-caso-caia-no-esquecimento\/#primaryimage\"},\"thumbnailUrl\":\"https:\/\/psol50.org.br\/inc\/uploads\/2015\/11\/Desabamento-Mariana-2-Antonio-Cruz-ABr-e1448896832681.jpg\",\"keywords\":[\"Barragem\",\"desabamento\",\"Mariana\",\"Minas Gerais\",\"Samarco\",\"Vale\"],\"articleSection\":[\"Brasil\",\"Not\u00edcias\"],\"inLanguage\":\"pt-BR\",\"potentialAction\":[{\"@type\":\"CommentAction\",\"name\":\"Comment\",\"target\":[\"https:\/\/psol50.org.br\/mariana-moradores-de-distritos-atingidos-temem-que-caso-caia-no-esquecimento\/#respond\"]}]},{\"@type\":\"WebPage\",\"@id\":\"https:\/\/psol50.org.br\/mariana-moradores-de-distritos-atingidos-temem-que-caso-caia-no-esquecimento\/\",\"url\":\"https:\/\/psol50.org.br\/mariana-moradores-de-distritos-atingidos-temem-que-caso-caia-no-esquecimento\/\",\"name\":\"Mariana: moradores de distritos atingidos temem que caso caia no esquecimento - PSOL 50\",\"isPartOf\":{\"@id\":\"https:\/\/psol50.org.br\/#website\"},\"primaryImageOfPage\":{\"@id\":\"https:\/\/psol50.org.br\/mariana-moradores-de-distritos-atingidos-temem-que-caso-caia-no-esquecimento\/#primaryimage\"},\"image\":{\"@id\":\"https:\/\/psol50.org.br\/mariana-moradores-de-distritos-atingidos-temem-que-caso-caia-no-esquecimento\/#primaryimage\"},\"thumbnailUrl\":\"https:\/\/psol50.org.br\/inc\/uploads\/2015\/11\/Desabamento-Mariana-2-Antonio-Cruz-ABr-e1448896832681.jpg\",\"datePublished\":\"2015-11-10T20:39:03+00:00\",\"breadcrumb\":{\"@id\":\"https:\/\/psol50.org.br\/mariana-moradores-de-distritos-atingidos-temem-que-caso-caia-no-esquecimento\/#breadcrumb\"},\"inLanguage\":\"pt-BR\",\"potentialAction\":[{\"@type\":\"ReadAction\",\"target\":[\"https:\/\/psol50.org.br\/mariana-moradores-de-distritos-atingidos-temem-que-caso-caia-no-esquecimento\/\"]}]},{\"@type\":\"ImageObject\",\"inLanguage\":\"pt-BR\",\"@id\":\"https:\/\/psol50.org.br\/mariana-moradores-de-distritos-atingidos-temem-que-caso-caia-no-esquecimento\/#primaryimage\",\"url\":\"https:\/\/psol50.org.br\/inc\/uploads\/2015\/11\/Desabamento-Mariana-2-Antonio-Cruz-ABr-e1448896832681.jpg\",\"contentUrl\":\"https:\/\/psol50.org.br\/inc\/uploads\/2015\/11\/Desabamento-Mariana-2-Antonio-Cruz-ABr-e1448896832681.jpg\",\"width\":1000,\"height\":666,\"caption\":\"Mariana (MG) - Rompimento de duas barragens da mineradora Samarco na \u00faltima quinta-feira (5). Em meio ao cen\u00e1rio de muita lama, barro e destrui\u00e7\u00e3o, o que restou lembra uma cidade fantasma (Antonio Cruz\/Ag\u00eancia Brasil)\"},{\"@type\":\"BreadcrumbList\",\"@id\":\"https:\/\/psol50.org.br\/mariana-moradores-de-distritos-atingidos-temem-que-caso-caia-no-esquecimento\/#breadcrumb\",\"itemListElement\":[{\"@type\":\"ListItem\",\"position\":1,\"name\":\"In\u00edcio\",\"item\":\"https:\/\/psol50.org.br\/\"},{\"@type\":\"ListItem\",\"position\":2,\"name\":\"Mariana: moradores de distritos atingidos temem que caso caia no esquecimento\"}]},{\"@type\":\"WebSite\",\"@id\":\"https:\/\/psol50.org.br\/#website\",\"url\":\"https:\/\/psol50.org.br\/\",\"name\":\"PSOL 50\",\"description\":\"Site oficial do Partido Socialismo e Liberdade\",\"publisher\":{\"@id\":\"https:\/\/psol50.org.br\/#organization\"},\"alternateName\":\"PSOL50\",\"potentialAction\":[{\"@type\":\"SearchAction\",\"target\":{\"@type\":\"EntryPoint\",\"urlTemplate\":\"https:\/\/psol50.org.br\/?s={search_term_string}\"},\"query-input\":{\"@type\":\"PropertyValueSpecification\",\"valueRequired\":true,\"valueName\":\"search_term_string\"}}],\"inLanguage\":\"pt-BR\"},{\"@type\":\"Organization\",\"@id\":\"https:\/\/psol50.org.br\/#organization\",\"name\":\"PSOL 50\",\"alternateName\":\"PSOL 50\",\"url\":\"https:\/\/psol50.org.br\/\",\"logo\":{\"@type\":\"ImageObject\",\"inLanguage\":\"pt-BR\",\"@id\":\"https:\/\/psol50.org.br\/#\/schema\/logo\/image\/\",\"url\":\"https:\/\/psol50.org.br\/inc\/uploads\/2018\/07\/capa.png\",\"contentUrl\":\"https:\/\/psol50.org.br\/inc\/uploads\/2018\/07\/capa.png\",\"width\":1350,\"height\":900,\"caption\":\"PSOL 50\"},\"image\":{\"@id\":\"https:\/\/psol50.org.br\/#\/schema\/logo\/image\/\"},\"sameAs\":[\"https:\/\/www.facebook.com\/psol50\",\"https:\/\/x.com\/psol50\",\"https:\/\/www.instagram.com\/psol50\/\",\"https:\/\/www.youtube.com\/channel\/UC7SnJS5o1os7a6CaiNabzcg\"]},{\"@type\":\"Person\",\"@id\":\"https:\/\/psol50.org.br\/#\/schema\/person\/475dfa57d0b815993c714c2e96491fcd\",\"name\":\"Comunica\u00e7\u00e3o PSOL\",\"image\":{\"@type\":\"ImageObject\",\"inLanguage\":\"pt-BR\",\"@id\":\"https:\/\/psol50.org.br\/#\/schema\/person\/image\/\",\"url\":\"https:\/\/secure.gravatar.com\/avatar\/b34fc4f4e468a4e51785917065a3db57b841f5c95dba6ad8c73aaf8f66f8f9bf?s=96&d=mm&r=g\",\"contentUrl\":\"https:\/\/secure.gravatar.com\/avatar\/b34fc4f4e468a4e51785917065a3db57b841f5c95dba6ad8c73aaf8f66f8f9bf?s=96&d=mm&r=g\",\"caption\":\"Comunica\u00e7\u00e3o PSOL\"}}]}<\/script>\n<!-- \/ Yoast SEO plugin. -->","yoast_head_json":{"title":"Mariana: moradores de distritos atingidos temem que caso caia no esquecimento - PSOL 50","robots":{"index":"index","follow":"follow","max-snippet":"max-snippet:-1","max-image-preview":"max-image-preview:large","max-video-preview":"max-video-preview:-1"},"canonical":"https:\/\/psol50.org.br\/mariana-moradores-de-distritos-atingidos-temem-que-caso-caia-no-esquecimento\/","og_locale":"pt_BR","og_type":"article","og_title":"Mariana: moradores de distritos atingidos temem que caso caia no esquecimento - PSOL 50","og_description":"Nos \u00faltimos quatro dias, a movimenta\u00e7\u00e3o no centro de Mariana (MG) foi intensa em raz\u00e3o do rompimento de duas barragens no distrito de Bento Rodrigues. Era poss\u00edvel encontrar moradores atingidos em locais de acolhimento, parentes em busca de desaparecidos, autoridades do governo federal, estadual e municipal e muitos curiosos. Quase uma semana ap\u00f3s a trag\u00e9dia, [&hellip;]","og_url":"https:\/\/psol50.org.br\/mariana-moradores-de-distritos-atingidos-temem-que-caso-caia-no-esquecimento\/","og_site_name":"PSOL 50","article_publisher":"https:\/\/www.facebook.com\/psol50","article_published_time":"2015-11-10T20:39:03+00:00","og_image":[{"width":1000,"height":666,"url":"https:\/\/psol50.org.br\/inc\/uploads\/2015\/11\/Desabamento-Mariana-2-Antonio-Cruz-ABr-e1448896832681.jpg","type":"image\/jpeg"}],"author":"Comunica\u00e7\u00e3o PSOL","twitter_card":"summary_large_image","twitter_creator":"@psol50","twitter_site":"@psol50","twitter_misc":{"Escrito por":"Comunica\u00e7\u00e3o PSOL","Est. tempo de leitura":"2 minutos"},"schema":{"@context":"https:\/\/schema.org","@graph":[{"@type":"Article","@id":"https:\/\/psol50.org.br\/mariana-moradores-de-distritos-atingidos-temem-que-caso-caia-no-esquecimento\/#article","isPartOf":{"@id":"https:\/\/psol50.org.br\/mariana-moradores-de-distritos-atingidos-temem-que-caso-caia-no-esquecimento\/"},"author":{"name":"Comunica\u00e7\u00e3o PSOL","@id":"https:\/\/psol50.org.br\/#\/schema\/person\/475dfa57d0b815993c714c2e96491fcd"},"headline":"Mariana: moradores de distritos atingidos temem que caso caia no esquecimento","datePublished":"2015-11-10T20:39:03+00:00","mainEntityOfPage":{"@id":"https:\/\/psol50.org.br\/mariana-moradores-de-distritos-atingidos-temem-que-caso-caia-no-esquecimento\/"},"wordCount":464,"commentCount":0,"publisher":{"@id":"https:\/\/psol50.org.br\/#organization"},"image":{"@id":"https:\/\/psol50.org.br\/mariana-moradores-de-distritos-atingidos-temem-que-caso-caia-no-esquecimento\/#primaryimage"},"thumbnailUrl":"https:\/\/psol50.org.br\/inc\/uploads\/2015\/11\/Desabamento-Mariana-2-Antonio-Cruz-ABr-e1448896832681.jpg","keywords":["Barragem","desabamento","Mariana","Minas Gerais","Samarco","Vale"],"articleSection":["Brasil","Not\u00edcias"],"inLanguage":"pt-BR","potentialAction":[{"@type":"CommentAction","name":"Comment","target":["https:\/\/psol50.org.br\/mariana-moradores-de-distritos-atingidos-temem-que-caso-caia-no-esquecimento\/#respond"]}]},{"@type":"WebPage","@id":"https:\/\/psol50.org.br\/mariana-moradores-de-distritos-atingidos-temem-que-caso-caia-no-esquecimento\/","url":"https:\/\/psol50.org.br\/mariana-moradores-de-distritos-atingidos-temem-que-caso-caia-no-esquecimento\/","name":"Mariana: moradores de distritos atingidos temem que caso caia no esquecimento - PSOL 50","isPartOf":{"@id":"https:\/\/psol50.org.br\/#website"},"primaryImageOfPage":{"@id":"https:\/\/psol50.org.br\/mariana-moradores-de-distritos-atingidos-temem-que-caso-caia-no-esquecimento\/#primaryimage"},"image":{"@id":"https:\/\/psol50.org.br\/mariana-moradores-de-distritos-atingidos-temem-que-caso-caia-no-esquecimento\/#primaryimage"},"thumbnailUrl":"https:\/\/psol50.org.br\/inc\/uploads\/2015\/11\/Desabamento-Mariana-2-Antonio-Cruz-ABr-e1448896832681.jpg","datePublished":"2015-11-10T20:39:03+00:00","breadcrumb":{"@id":"https:\/\/psol50.org.br\/mariana-moradores-de-distritos-atingidos-temem-que-caso-caia-no-esquecimento\/#breadcrumb"},"inLanguage":"pt-BR","potentialAction":[{"@type":"ReadAction","target":["https:\/\/psol50.org.br\/mariana-moradores-de-distritos-atingidos-temem-que-caso-caia-no-esquecimento\/"]}]},{"@type":"ImageObject","inLanguage":"pt-BR","@id":"https:\/\/psol50.org.br\/mariana-moradores-de-distritos-atingidos-temem-que-caso-caia-no-esquecimento\/#primaryimage","url":"https:\/\/psol50.org.br\/inc\/uploads\/2015\/11\/Desabamento-Mariana-2-Antonio-Cruz-ABr-e1448896832681.jpg","contentUrl":"https:\/\/psol50.org.br\/inc\/uploads\/2015\/11\/Desabamento-Mariana-2-Antonio-Cruz-ABr-e1448896832681.jpg","width":1000,"height":666,"caption":"Mariana (MG) - Rompimento de duas barragens da mineradora Samarco na \u00faltima quinta-feira (5). Em meio ao cen\u00e1rio de muita lama, barro e destrui\u00e7\u00e3o, o que restou lembra uma cidade fantasma (Antonio Cruz\/Ag\u00eancia Brasil)"},{"@type":"BreadcrumbList","@id":"https:\/\/psol50.org.br\/mariana-moradores-de-distritos-atingidos-temem-que-caso-caia-no-esquecimento\/#breadcrumb","itemListElement":[{"@type":"ListItem","position":1,"name":"In\u00edcio","item":"https:\/\/psol50.org.br\/"},{"@type":"ListItem","position":2,"name":"Mariana: moradores de distritos atingidos temem que caso caia no esquecimento"}]},{"@type":"WebSite","@id":"https:\/\/psol50.org.br\/#website","url":"https:\/\/psol50.org.br\/","name":"PSOL 50","description":"Site oficial do Partido Socialismo e Liberdade","publisher":{"@id":"https:\/\/psol50.org.br\/#organization"},"alternateName":"PSOL50","potentialAction":[{"@type":"SearchAction","target":{"@type":"EntryPoint","urlTemplate":"https:\/\/psol50.org.br\/?s={search_term_string}"},"query-input":{"@type":"PropertyValueSpecification","valueRequired":true,"valueName":"search_term_string"}}],"inLanguage":"pt-BR"},{"@type":"Organization","@id":"https:\/\/psol50.org.br\/#organization","name":"PSOL 50","alternateName":"PSOL 50","url":"https:\/\/psol50.org.br\/","logo":{"@type":"ImageObject","inLanguage":"pt-BR","@id":"https:\/\/psol50.org.br\/#\/schema\/logo\/image\/","url":"https:\/\/psol50.org.br\/inc\/uploads\/2018\/07\/capa.png","contentUrl":"https:\/\/psol50.org.br\/inc\/uploads\/2018\/07\/capa.png","width":1350,"height":900,"caption":"PSOL 50"},"image":{"@id":"https:\/\/psol50.org.br\/#\/schema\/logo\/image\/"},"sameAs":["https:\/\/www.facebook.com\/psol50","https:\/\/x.com\/psol50","https:\/\/www.instagram.com\/psol50\/","https:\/\/www.youtube.com\/channel\/UC7SnJS5o1os7a6CaiNabzcg"]},{"@type":"Person","@id":"https:\/\/psol50.org.br\/#\/schema\/person\/475dfa57d0b815993c714c2e96491fcd","name":"Comunica\u00e7\u00e3o PSOL","image":{"@type":"ImageObject","inLanguage":"pt-BR","@id":"https:\/\/psol50.org.br\/#\/schema\/person\/image\/","url":"https:\/\/secure.gravatar.com\/avatar\/b34fc4f4e468a4e51785917065a3db57b841f5c95dba6ad8c73aaf8f66f8f9bf?s=96&d=mm&r=g","contentUrl":"https:\/\/secure.gravatar.com\/avatar\/b34fc4f4e468a4e51785917065a3db57b841f5c95dba6ad8c73aaf8f66f8f9bf?s=96&d=mm&r=g","caption":"Comunica\u00e7\u00e3o PSOL"}}]}},"_links":{"self":[{"href":"https:\/\/psol50.org.br\/rest\/wp\/v2\/posts\/10546","targetHints":{"allow":["GET"]}}],"collection":[{"href":"https:\/\/psol50.org.br\/rest\/wp\/v2\/posts"}],"about":[{"href":"https:\/\/psol50.org.br\/rest\/wp\/v2\/types\/post"}],"author":[{"embeddable":true,"href":"https:\/\/psol50.org.br\/rest\/wp\/v2\/users\/2"}],"replies":[{"embeddable":true,"href":"https:\/\/psol50.org.br\/rest\/wp\/v2\/comments?post=10546"}],"version-history":[{"count":0,"href":"https:\/\/psol50.org.br\/rest\/wp\/v2\/posts\/10546\/revisions"}],"wp:featuredmedia":[{"embeddable":true,"href":"https:\/\/psol50.org.br\/rest\/wp\/v2\/media\/10547"}],"wp:attachment":[{"href":"https:\/\/psol50.org.br\/rest\/wp\/v2\/media?parent=10546"}],"wp:term":[{"taxonomy":"category","embeddable":true,"href":"https:\/\/psol50.org.br\/rest\/wp\/v2\/categories?post=10546"},{"taxonomy":"post_tag","embeddable":true,"href":"https:\/\/psol50.org.br\/rest\/wp\/v2\/tags?post=10546"}],"curies":[{"name":"wp","href":"https:\/\/api.w.org\/{rel}","templated":true}]}}