{"id":10554,"date":"2015-11-11T20:32:36","date_gmt":"2015-11-11T20:32:36","guid":{"rendered":"http:\/\/www.psol50.org.br\/?p=10554"},"modified":"2015-11-11T20:32:36","modified_gmt":"2015-11-11T20:32:36","slug":"indigenas-denunciam-ameacas-de-mineradora-no-mexico","status":"publish","type":"post","link":"https:\/\/psol50.org.br\/indigenas-denunciam-ameacas-de-mineradora-no-mexico\/","title":{"rendered":"Ind\u00edgenas denunciam amea\u00e7as de mineradora no M\u00e9xico"},"content":{"rendered":"<p>As comunidades ind\u00edgenas Tutunaku e Nahuas, do M\u00e9xico, denunciam atos de viol\u00eancia e hostilidade por parte da empresa Deselec 1-Comexhidro, que pretende construir o projeto hidroel\u00e9trico <a href=\"http:\/\/www.hidroproyectos.com\/PH-Puebla\">Puebla 1<\/a>, na bacia do rio Ajajalpan, no Munic\u00edpio de San Felipe Tepatl\u00e1n, Estado de Puebla. Para os ind\u00edgenas, os consequentes danos ambientais decorrentes do projeto violam seus direitos \u00e0 vida, \u00e0 \u00e1gua, ao territ\u00f3rio e \u00e0 cultura.<br \/>\nDe acordo com o Instituto Mexicano para o Desenvolvimento Comunit\u00e1rio (Imdec), depois que as comunidades de San Felipe recha\u00e7aram o projeto, em Assembleia Comunit\u00e1ria, no dia 14 de junho deste ano, a Comexhidro empreendeu uma campanha de hostilidade e desprest\u00edgio contra as organiza\u00e7\u00f5es de direitos humanos que acompanham as comunidades, na serra norte de Puebla. Por isso o Imdec faz um chamado \u00e0s organiza\u00e7\u00f5es nacionais e internacionais para estarem atentas ao que se passa em Puebla.<br \/>\nEm julho deste ano, as comunidades totonacas e organiza\u00e7\u00f5es de San Felipe Teplatl\u00e1n denunciaram a simula\u00e7\u00e3o de uma consulta popular por parte do governo mexicano para a aprova\u00e7\u00e3o do projeto hidrel\u00e9trico Puebla 1. A suposta consulta teria sido coordenada pela Secretaria de Energia, com a participa\u00e7\u00e3o da Comiss\u00e3o para o Desenvolvimento dos Povos Ind\u00edgenas, da Secretaria de Meio Ambiente e Recursos Naturais e da Comiss\u00e3o Nacional da \u00c1gua.<br \/>\nSegundo os ind\u00edgenas, a Comexhidro nunca realizou uma assembleia comunit\u00e1ria, nem tampouco os informou em que consiste o projeto hidrel\u00e9trico. Para eles, os reais beneficiados com o projeto ser\u00e3o a pr\u00f3pria Comexhidro, e outras grandes empresas, como a Walmart M\u00e9xico, Vips, Suburbia, Waldos, Colchas de M\u00e9xico e construtoras.<br \/>\nO projeto Puebla 1 envolver\u00e1 terrenos localizados nos munic\u00edpios de Ahuacatl\u00e1n, San Felipe Tepatl\u00e1n, Jopala, Tlapacoya y Chiconcuautla, em Puebla e Mecatl\u00e1n; y Filomeno Mata, Coyutla y El Espinal, em Veracruz.<br \/>\nOs ind\u00edgenas denunciam ainda que, ao contr\u00e1rio do que teria sido divulgado, n\u00e3o se pretende construir uma pequena hidrel\u00e9trica, mas um projeto em grande escala, com capacidade de gerar 60 megawatts de eletricidade, uma cortina de 42 metros de altura. O que poder\u00e1 modificar o curso do rio em at\u00e9 8 quil\u00f4metros, gerando graves impactos como a inunda\u00e7\u00e3o de zonas de cultivos.<br \/>\nFonte: <em><a href=\"http:\/\/site.adital.com.br\/site\/index.php\">Ag\u00eancia Adital<\/a><\/em><\/p>\n","protected":false},"excerpt":{"rendered":"<p>As comunidades ind\u00edgenas Tutunaku e Nahuas, do M\u00e9xico, denunciam atos de viol\u00eancia e hostilidade por parte da empresa Deselec 1-Comexhidro, que pretende construir o projeto hidroel\u00e9trico Puebla 1, na bacia do rio Ajajalpan, no Munic\u00edpio de San Felipe Tepatl\u00e1n, Estado de Puebla. Para os ind\u00edgenas, os consequentes danos ambientais decorrentes do projeto violam seus direitos [&hellip;]<\/p>\n","protected":false},"author":2,"featured_media":10555,"comment_status":"open","ping_status":"open","sticky":false,"template":"","format":"standard","meta":{"_acf_changed":false,"footnotes":""},"categories":[836],"tags":[4866,12,2612,4867,4868,4869,4870,4871],"class_list":{"0":"post-10554","1":"post","2":"type-post","3":"status-publish","4":"format-standard","5":"has-post-thumbnail","7":"category-internacional","8":"tag-hidreletrica","9":"tag-indigenas","10":"tag-mexico","11":"tag-nahuas","12":"tag-puebla-1","13":"tag-rio-ajajalpan","14":"tag-san-felipe-tepatlan","15":"tag-tutunaku"},"acf":[],"yoast_head":"<!-- This site is optimized with the Yoast SEO plugin v26.5 - https:\/\/yoast.com\/wordpress\/plugins\/seo\/ -->\n<title>Ind\u00edgenas denunciam amea\u00e7as de mineradora no M\u00e9xico - PSOL 50<\/title>\n<meta name=\"robots\" content=\"index, follow, max-snippet:-1, max-image-preview:large, max-video-preview:-1\" \/>\n<link rel=\"canonical\" href=\"https:\/\/psol50.org.br\/indigenas-denunciam-ameacas-de-mineradora-no-mexico\/\" \/>\n<meta property=\"og:locale\" content=\"pt_BR\" \/>\n<meta property=\"og:type\" content=\"article\" \/>\n<meta property=\"og:title\" content=\"Ind\u00edgenas denunciam amea\u00e7as de mineradora no M\u00e9xico - PSOL 50\" \/>\n<meta property=\"og:description\" content=\"As comunidades ind\u00edgenas Tutunaku e Nahuas, do M\u00e9xico, denunciam atos de viol\u00eancia e hostilidade por parte da empresa Deselec 1-Comexhidro, que pretende construir o projeto hidroel\u00e9trico Puebla 1, na bacia do rio Ajajalpan, no Munic\u00edpio de San Felipe Tepatl\u00e1n, Estado de Puebla. Para os ind\u00edgenas, os consequentes danos ambientais decorrentes do projeto violam seus direitos [&hellip;]\" \/>\n<meta property=\"og:url\" content=\"https:\/\/psol50.org.br\/indigenas-denunciam-ameacas-de-mineradora-no-mexico\/\" \/>\n<meta property=\"og:site_name\" content=\"PSOL 50\" \/>\n<meta property=\"article:publisher\" content=\"https:\/\/www.facebook.com\/psol50\" \/>\n<meta property=\"article:published_time\" content=\"2015-11-11T20:32:36+00:00\" \/>\n<meta property=\"og:image\" content=\"https:\/\/psol50.org.br\/inc\/uploads\/2015\/11\/2015_11_indigenas_mexico1_imdec.net_-e1448896804622.jpg\" \/>\n\t<meta property=\"og:image:width\" content=\"1000\" \/>\n\t<meta property=\"og:image:height\" content=\"517\" \/>\n\t<meta property=\"og:image:type\" content=\"image\/jpeg\" \/>\n<meta name=\"author\" content=\"Comunica\u00e7\u00e3o PSOL\" \/>\n<meta name=\"twitter:card\" content=\"summary_large_image\" \/>\n<meta name=\"twitter:creator\" content=\"@psol50\" \/>\n<meta name=\"twitter:site\" content=\"@psol50\" \/>\n<meta name=\"twitter:label1\" content=\"Escrito por\" \/>\n\t<meta name=\"twitter:data1\" content=\"Comunica\u00e7\u00e3o PSOL\" \/>\n\t<meta name=\"twitter:label2\" content=\"Est. tempo de leitura\" \/>\n\t<meta name=\"twitter:data2\" content=\"2 minutos\" \/>\n<script type=\"application\/ld+json\" class=\"yoast-schema-graph\">{\"@context\":\"https:\/\/schema.org\",\"@graph\":[{\"@type\":\"Article\",\"@id\":\"https:\/\/psol50.org.br\/indigenas-denunciam-ameacas-de-mineradora-no-mexico\/#article\",\"isPartOf\":{\"@id\":\"https:\/\/psol50.org.br\/indigenas-denunciam-ameacas-de-mineradora-no-mexico\/\"},\"author\":{\"name\":\"Comunica\u00e7\u00e3o PSOL\",\"@id\":\"https:\/\/psol50.org.br\/#\/schema\/person\/475dfa57d0b815993c714c2e96491fcd\"},\"headline\":\"Ind\u00edgenas denunciam amea\u00e7as de mineradora no M\u00e9xico\",\"datePublished\":\"2015-11-11T20:32:36+00:00\",\"mainEntityOfPage\":{\"@id\":\"https:\/\/psol50.org.br\/indigenas-denunciam-ameacas-de-mineradora-no-mexico\/\"},\"wordCount\":393,\"commentCount\":0,\"publisher\":{\"@id\":\"https:\/\/psol50.org.br\/#organization\"},\"image\":{\"@id\":\"https:\/\/psol50.org.br\/indigenas-denunciam-ameacas-de-mineradora-no-mexico\/#primaryimage\"},\"thumbnailUrl\":\"https:\/\/psol50.org.br\/inc\/uploads\/2015\/11\/2015_11_indigenas_mexico1_imdec.net_-e1448896804622.jpg\",\"keywords\":[\"hidrel\u00e9trica\",\"Ind\u00edgenas\",\"M\u00e9xico\",\"Nahuas\",\"Puebla 1\",\"rio Ajajalpan\",\"San Felipe Tepatl\u00e1n\",\"Tutunaku\"],\"articleSection\":[\"Internacional\"],\"inLanguage\":\"pt-BR\",\"potentialAction\":[{\"@type\":\"CommentAction\",\"name\":\"Comment\",\"target\":[\"https:\/\/psol50.org.br\/indigenas-denunciam-ameacas-de-mineradora-no-mexico\/#respond\"]}]},{\"@type\":\"WebPage\",\"@id\":\"https:\/\/psol50.org.br\/indigenas-denunciam-ameacas-de-mineradora-no-mexico\/\",\"url\":\"https:\/\/psol50.org.br\/indigenas-denunciam-ameacas-de-mineradora-no-mexico\/\",\"name\":\"Ind\u00edgenas denunciam amea\u00e7as de mineradora no M\u00e9xico - PSOL 50\",\"isPartOf\":{\"@id\":\"https:\/\/psol50.org.br\/#website\"},\"primaryImageOfPage\":{\"@id\":\"https:\/\/psol50.org.br\/indigenas-denunciam-ameacas-de-mineradora-no-mexico\/#primaryimage\"},\"image\":{\"@id\":\"https:\/\/psol50.org.br\/indigenas-denunciam-ameacas-de-mineradora-no-mexico\/#primaryimage\"},\"thumbnailUrl\":\"https:\/\/psol50.org.br\/inc\/uploads\/2015\/11\/2015_11_indigenas_mexico1_imdec.net_-e1448896804622.jpg\",\"datePublished\":\"2015-11-11T20:32:36+00:00\",\"breadcrumb\":{\"@id\":\"https:\/\/psol50.org.br\/indigenas-denunciam-ameacas-de-mineradora-no-mexico\/#breadcrumb\"},\"inLanguage\":\"pt-BR\",\"potentialAction\":[{\"@type\":\"ReadAction\",\"target\":[\"https:\/\/psol50.org.br\/indigenas-denunciam-ameacas-de-mineradora-no-mexico\/\"]}]},{\"@type\":\"ImageObject\",\"inLanguage\":\"pt-BR\",\"@id\":\"https:\/\/psol50.org.br\/indigenas-denunciam-ameacas-de-mineradora-no-mexico\/#primaryimage\",\"url\":\"https:\/\/psol50.org.br\/inc\/uploads\/2015\/11\/2015_11_indigenas_mexico1_imdec.net_-e1448896804622.jpg\",\"contentUrl\":\"https:\/\/psol50.org.br\/inc\/uploads\/2015\/11\/2015_11_indigenas_mexico1_imdec.net_-e1448896804622.jpg\",\"width\":1000,\"height\":517},{\"@type\":\"BreadcrumbList\",\"@id\":\"https:\/\/psol50.org.br\/indigenas-denunciam-ameacas-de-mineradora-no-mexico\/#breadcrumb\",\"itemListElement\":[{\"@type\":\"ListItem\",\"position\":1,\"name\":\"In\u00edcio\",\"item\":\"https:\/\/psol50.org.br\/\"},{\"@type\":\"ListItem\",\"position\":2,\"name\":\"Ind\u00edgenas denunciam amea\u00e7as de mineradora no M\u00e9xico\"}]},{\"@type\":\"WebSite\",\"@id\":\"https:\/\/psol50.org.br\/#website\",\"url\":\"https:\/\/psol50.org.br\/\",\"name\":\"PSOL 50\",\"description\":\"Site oficial do Partido Socialismo e Liberdade\",\"publisher\":{\"@id\":\"https:\/\/psol50.org.br\/#organization\"},\"alternateName\":\"PSOL50\",\"potentialAction\":[{\"@type\":\"SearchAction\",\"target\":{\"@type\":\"EntryPoint\",\"urlTemplate\":\"https:\/\/psol50.org.br\/?s={search_term_string}\"},\"query-input\":{\"@type\":\"PropertyValueSpecification\",\"valueRequired\":true,\"valueName\":\"search_term_string\"}}],\"inLanguage\":\"pt-BR\"},{\"@type\":\"Organization\",\"@id\":\"https:\/\/psol50.org.br\/#organization\",\"name\":\"PSOL 50\",\"alternateName\":\"PSOL 50\",\"url\":\"https:\/\/psol50.org.br\/\",\"logo\":{\"@type\":\"ImageObject\",\"inLanguage\":\"pt-BR\",\"@id\":\"https:\/\/psol50.org.br\/#\/schema\/logo\/image\/\",\"url\":\"https:\/\/psol50.org.br\/inc\/uploads\/2018\/07\/capa.png\",\"contentUrl\":\"https:\/\/psol50.org.br\/inc\/uploads\/2018\/07\/capa.png\",\"width\":1350,\"height\":900,\"caption\":\"PSOL 50\"},\"image\":{\"@id\":\"https:\/\/psol50.org.br\/#\/schema\/logo\/image\/\"},\"sameAs\":[\"https:\/\/www.facebook.com\/psol50\",\"https:\/\/x.com\/psol50\",\"https:\/\/www.instagram.com\/psol50\/\",\"https:\/\/www.youtube.com\/channel\/UC7SnJS5o1os7a6CaiNabzcg\"]},{\"@type\":\"Person\",\"@id\":\"https:\/\/psol50.org.br\/#\/schema\/person\/475dfa57d0b815993c714c2e96491fcd\",\"name\":\"Comunica\u00e7\u00e3o PSOL\",\"image\":{\"@type\":\"ImageObject\",\"inLanguage\":\"pt-BR\",\"@id\":\"https:\/\/psol50.org.br\/#\/schema\/person\/image\/\",\"url\":\"https:\/\/secure.gravatar.com\/avatar\/b34fc4f4e468a4e51785917065a3db57b841f5c95dba6ad8c73aaf8f66f8f9bf?s=96&d=mm&r=g\",\"contentUrl\":\"https:\/\/secure.gravatar.com\/avatar\/b34fc4f4e468a4e51785917065a3db57b841f5c95dba6ad8c73aaf8f66f8f9bf?s=96&d=mm&r=g\",\"caption\":\"Comunica\u00e7\u00e3o PSOL\"}}]}<\/script>\n<!-- \/ Yoast SEO plugin. -->","yoast_head_json":{"title":"Ind\u00edgenas denunciam amea\u00e7as de mineradora no M\u00e9xico - PSOL 50","robots":{"index":"index","follow":"follow","max-snippet":"max-snippet:-1","max-image-preview":"max-image-preview:large","max-video-preview":"max-video-preview:-1"},"canonical":"https:\/\/psol50.org.br\/indigenas-denunciam-ameacas-de-mineradora-no-mexico\/","og_locale":"pt_BR","og_type":"article","og_title":"Ind\u00edgenas denunciam amea\u00e7as de mineradora no M\u00e9xico - PSOL 50","og_description":"As comunidades ind\u00edgenas Tutunaku e Nahuas, do M\u00e9xico, denunciam atos de viol\u00eancia e hostilidade por parte da empresa Deselec 1-Comexhidro, que pretende construir o projeto hidroel\u00e9trico Puebla 1, na bacia do rio Ajajalpan, no Munic\u00edpio de San Felipe Tepatl\u00e1n, Estado de Puebla. Para os ind\u00edgenas, os consequentes danos ambientais decorrentes do projeto violam seus direitos [&hellip;]","og_url":"https:\/\/psol50.org.br\/indigenas-denunciam-ameacas-de-mineradora-no-mexico\/","og_site_name":"PSOL 50","article_publisher":"https:\/\/www.facebook.com\/psol50","article_published_time":"2015-11-11T20:32:36+00:00","og_image":[{"width":1000,"height":517,"url":"https:\/\/psol50.org.br\/inc\/uploads\/2015\/11\/2015_11_indigenas_mexico1_imdec.net_-e1448896804622.jpg","type":"image\/jpeg"}],"author":"Comunica\u00e7\u00e3o PSOL","twitter_card":"summary_large_image","twitter_creator":"@psol50","twitter_site":"@psol50","twitter_misc":{"Escrito por":"Comunica\u00e7\u00e3o PSOL","Est. tempo de leitura":"2 minutos"},"schema":{"@context":"https:\/\/schema.org","@graph":[{"@type":"Article","@id":"https:\/\/psol50.org.br\/indigenas-denunciam-ameacas-de-mineradora-no-mexico\/#article","isPartOf":{"@id":"https:\/\/psol50.org.br\/indigenas-denunciam-ameacas-de-mineradora-no-mexico\/"},"author":{"name":"Comunica\u00e7\u00e3o PSOL","@id":"https:\/\/psol50.org.br\/#\/schema\/person\/475dfa57d0b815993c714c2e96491fcd"},"headline":"Ind\u00edgenas denunciam amea\u00e7as de mineradora no M\u00e9xico","datePublished":"2015-11-11T20:32:36+00:00","mainEntityOfPage":{"@id":"https:\/\/psol50.org.br\/indigenas-denunciam-ameacas-de-mineradora-no-mexico\/"},"wordCount":393,"commentCount":0,"publisher":{"@id":"https:\/\/psol50.org.br\/#organization"},"image":{"@id":"https:\/\/psol50.org.br\/indigenas-denunciam-ameacas-de-mineradora-no-mexico\/#primaryimage"},"thumbnailUrl":"https:\/\/psol50.org.br\/inc\/uploads\/2015\/11\/2015_11_indigenas_mexico1_imdec.net_-e1448896804622.jpg","keywords":["hidrel\u00e9trica","Ind\u00edgenas","M\u00e9xico","Nahuas","Puebla 1","rio Ajajalpan","San Felipe Tepatl\u00e1n","Tutunaku"],"articleSection":["Internacional"],"inLanguage":"pt-BR","potentialAction":[{"@type":"CommentAction","name":"Comment","target":["https:\/\/psol50.org.br\/indigenas-denunciam-ameacas-de-mineradora-no-mexico\/#respond"]}]},{"@type":"WebPage","@id":"https:\/\/psol50.org.br\/indigenas-denunciam-ameacas-de-mineradora-no-mexico\/","url":"https:\/\/psol50.org.br\/indigenas-denunciam-ameacas-de-mineradora-no-mexico\/","name":"Ind\u00edgenas denunciam amea\u00e7as de mineradora no M\u00e9xico - PSOL 50","isPartOf":{"@id":"https:\/\/psol50.org.br\/#website"},"primaryImageOfPage":{"@id":"https:\/\/psol50.org.br\/indigenas-denunciam-ameacas-de-mineradora-no-mexico\/#primaryimage"},"image":{"@id":"https:\/\/psol50.org.br\/indigenas-denunciam-ameacas-de-mineradora-no-mexico\/#primaryimage"},"thumbnailUrl":"https:\/\/psol50.org.br\/inc\/uploads\/2015\/11\/2015_11_indigenas_mexico1_imdec.net_-e1448896804622.jpg","datePublished":"2015-11-11T20:32:36+00:00","breadcrumb":{"@id":"https:\/\/psol50.org.br\/indigenas-denunciam-ameacas-de-mineradora-no-mexico\/#breadcrumb"},"inLanguage":"pt-BR","potentialAction":[{"@type":"ReadAction","target":["https:\/\/psol50.org.br\/indigenas-denunciam-ameacas-de-mineradora-no-mexico\/"]}]},{"@type":"ImageObject","inLanguage":"pt-BR","@id":"https:\/\/psol50.org.br\/indigenas-denunciam-ameacas-de-mineradora-no-mexico\/#primaryimage","url":"https:\/\/psol50.org.br\/inc\/uploads\/2015\/11\/2015_11_indigenas_mexico1_imdec.net_-e1448896804622.jpg","contentUrl":"https:\/\/psol50.org.br\/inc\/uploads\/2015\/11\/2015_11_indigenas_mexico1_imdec.net_-e1448896804622.jpg","width":1000,"height":517},{"@type":"BreadcrumbList","@id":"https:\/\/psol50.org.br\/indigenas-denunciam-ameacas-de-mineradora-no-mexico\/#breadcrumb","itemListElement":[{"@type":"ListItem","position":1,"name":"In\u00edcio","item":"https:\/\/psol50.org.br\/"},{"@type":"ListItem","position":2,"name":"Ind\u00edgenas denunciam amea\u00e7as de mineradora no M\u00e9xico"}]},{"@type":"WebSite","@id":"https:\/\/psol50.org.br\/#website","url":"https:\/\/psol50.org.br\/","name":"PSOL 50","description":"Site oficial do Partido Socialismo e Liberdade","publisher":{"@id":"https:\/\/psol50.org.br\/#organization"},"alternateName":"PSOL50","potentialAction":[{"@type":"SearchAction","target":{"@type":"EntryPoint","urlTemplate":"https:\/\/psol50.org.br\/?s={search_term_string}"},"query-input":{"@type":"PropertyValueSpecification","valueRequired":true,"valueName":"search_term_string"}}],"inLanguage":"pt-BR"},{"@type":"Organization","@id":"https:\/\/psol50.org.br\/#organization","name":"PSOL 50","alternateName":"PSOL 50","url":"https:\/\/psol50.org.br\/","logo":{"@type":"ImageObject","inLanguage":"pt-BR","@id":"https:\/\/psol50.org.br\/#\/schema\/logo\/image\/","url":"https:\/\/psol50.org.br\/inc\/uploads\/2018\/07\/capa.png","contentUrl":"https:\/\/psol50.org.br\/inc\/uploads\/2018\/07\/capa.png","width":1350,"height":900,"caption":"PSOL 50"},"image":{"@id":"https:\/\/psol50.org.br\/#\/schema\/logo\/image\/"},"sameAs":["https:\/\/www.facebook.com\/psol50","https:\/\/x.com\/psol50","https:\/\/www.instagram.com\/psol50\/","https:\/\/www.youtube.com\/channel\/UC7SnJS5o1os7a6CaiNabzcg"]},{"@type":"Person","@id":"https:\/\/psol50.org.br\/#\/schema\/person\/475dfa57d0b815993c714c2e96491fcd","name":"Comunica\u00e7\u00e3o PSOL","image":{"@type":"ImageObject","inLanguage":"pt-BR","@id":"https:\/\/psol50.org.br\/#\/schema\/person\/image\/","url":"https:\/\/secure.gravatar.com\/avatar\/b34fc4f4e468a4e51785917065a3db57b841f5c95dba6ad8c73aaf8f66f8f9bf?s=96&d=mm&r=g","contentUrl":"https:\/\/secure.gravatar.com\/avatar\/b34fc4f4e468a4e51785917065a3db57b841f5c95dba6ad8c73aaf8f66f8f9bf?s=96&d=mm&r=g","caption":"Comunica\u00e7\u00e3o PSOL"}}]}},"_links":{"self":[{"href":"https:\/\/psol50.org.br\/rest\/wp\/v2\/posts\/10554","targetHints":{"allow":["GET"]}}],"collection":[{"href":"https:\/\/psol50.org.br\/rest\/wp\/v2\/posts"}],"about":[{"href":"https:\/\/psol50.org.br\/rest\/wp\/v2\/types\/post"}],"author":[{"embeddable":true,"href":"https:\/\/psol50.org.br\/rest\/wp\/v2\/users\/2"}],"replies":[{"embeddable":true,"href":"https:\/\/psol50.org.br\/rest\/wp\/v2\/comments?post=10554"}],"version-history":[{"count":0,"href":"https:\/\/psol50.org.br\/rest\/wp\/v2\/posts\/10554\/revisions"}],"wp:featuredmedia":[{"embeddable":true,"href":"https:\/\/psol50.org.br\/rest\/wp\/v2\/media\/10555"}],"wp:attachment":[{"href":"https:\/\/psol50.org.br\/rest\/wp\/v2\/media?parent=10554"}],"wp:term":[{"taxonomy":"category","embeddable":true,"href":"https:\/\/psol50.org.br\/rest\/wp\/v2\/categories?post=10554"},{"taxonomy":"post_tag","embeddable":true,"href":"https:\/\/psol50.org.br\/rest\/wp\/v2\/tags?post=10554"}],"curies":[{"name":"wp","href":"https:\/\/api.w.org\/{rel}","templated":true}]}}