{"id":1056,"date":"2012-04-19T00:00:00","date_gmt":"2012-04-19T00:00:00","guid":{"rendered":"http:\/\/psol50.org.br\/arquivo\/2012\/04\/19\/patrocinio-da-odebrecht-a-posse-da-nova-diretoria-do-sjsp-e-inaceitavel\/"},"modified":"2012-04-19T00:00:00","modified_gmt":"2012-04-19T00:00:00","slug":"patrocinio-da-odebrecht-a-posse-da-nova-diretoria-do-sjsp-e-inaceitavel","status":"publish","type":"post","link":"https:\/\/psol50.org.br\/patrocinio-da-odebrecht-a-posse-da-nova-diretoria-do-sjsp-e-inaceitavel\/","title":{"rendered":"Patroc\u00ednio da Odebrecht \u00e0 posse da nova diretoria do SJSP \u00e9 inaceit\u00e1vel"},"content":{"rendered":"<p style=\"text-align: justify\"><a href=\"http:\/\/psol50.org.br\/blog\/2012\/04\/19\/vergonha-patrocinio-da-odebrecht-a-posse-da-nova-diretoria-do-sindicato-dos-jornalistas-sp-e-inaceitavel\/bia_barbosa\/\" rel=\"attachment wp-att-15166\"><img loading=\"lazy\" decoding=\"async\" class=\"alignright size-full wp-image-15166\" src=\"http:\/\/psol50.org.br\/files\/2012\/04\/bia_barbosa.jpg\" alt=\"\" width=\"340\" height=\"227\" \/><\/a>No dia 9 de abril, o Sindicato dos Jornalistas Profissionais no Estado de S\u00e3o Paulo (SJSP) divulgou, pela mala-direta eletr\u00f4nica e tamb\u00e9m no seu site, convite para a festa de posse da nova gest\u00e3o da entidade, que se deu nesta segunda-feira, 16 de abril.<\/p>\n<p>Sem que fosse necess\u00e1rio ser um grande observador, notou-se a inclus\u00e3o de dois logotipos abaixo da sinaliza\u00e7\u00e3o de patrocinadores. O primeiro, da gr\u00e1fica Bangraf, do Sindicato dos Banc\u00e1rios; o segundo, da empreiteira Odebrecht.<\/p>\n<p>Dias depois, o SJSP passou a divulgar outro convite, sem logotipo de nenhuma empresa, deixando os jornalistas sem saber se a entidade abrira m\u00e3o do patroc\u00ednio ou se apenas quis se livrar de pol\u00eamicas.<\/p>\n<p><strong>Ainda \u00e0 espera de que a diretoria do SJSP explique o que aconteceu entre um convite e outro, o coletivo Sindicato \u00e9 Pra Lutar! se posiciona firmemente contra o patroc\u00ednio da festa de posse.<\/strong><\/p>\n<p>Como sindicato de uma categoria de trabalhadores, o SJSP n\u00e3o deveria aceitar financiamento de empresa alguma. Deveria prevalecer o princ\u00edpio da independ\u00eancia frente a empresas, governos e partidos, que sempre norteou o sindicalismo combativo.<\/p>\n<p>Torna a situa\u00e7\u00e3o mais constrangedora aos associados o fato de a Odebrecht estar envolvida em uma s\u00e9rie de den\u00fancias de trabalho escravo dentro e fora do Brasil, bem como em obras de grande porte no pa\u00eds e no exterior, sempre cercadas de controv\u00e9rsias.<\/p>\n<p>N\u00e3o menos preocupante \u00e9 o fato de que a Odebrecht tem estreitado rela\u00e7\u00f5es com parte da imprensa, como o patroc\u00ednio dos programas de <em>trainee<\/em> da Folha de S. Paulo e do Estad\u00e3o e do curso Abril.<\/p>\n<p>Que a mesma empresa consiga estender sua estrat\u00e9gia de aproxima\u00e7\u00e3o ao SJSP &#8212; o qual representa os jornalistas do Estado que concentra o maior n\u00famero de ve\u00edculos de comunica\u00e7\u00e3o no Brasil &#8212; \u00e9 inaceit\u00e1vel e comprometedor da isen\u00e7\u00e3o e da independ\u00eancia que devem pautar uma entidade classista.<\/p>\n<p>Por isso, o coletivo Sindicato \u00e9 Pra Lutar! manifesta, por meio desta carta aberta, seu rep\u00fadio ao uso do dinheiro de empresas para a promo\u00e7\u00e3o da festa desta segunda-feira, 16 de abril, e de quaisquer atividades do Sindicato dos Jornalistas Profissionais no Estado de S\u00e3o Paulo.<br \/>\n<strong><br \/>\n<a href=\"http:\/\/www.sindicatopralutar.com.br\/index.php?option=com_content&amp;task=view&amp;id=397&amp;Itemid=1\">S\u00e3o Paulo, 16 de abril de 2012<br \/>\nMovimento Sindicato \u00e9 Pra Lutar!<\/a><\/strong><\/p>\n","protected":false},"excerpt":{"rendered":"<p>No dia 9 de abril, o Sindicato dos Jornalistas Profissionais no Estado de S\u00e3o Paulo (SJSP) divulgou, pela mala-direta eletr\u00f4nica e tamb\u00e9m no seu site, convite para a festa de posse da nova gest\u00e3o da entidade, que se deu nesta segunda-feira, 16 de abril. Sem que fosse necess\u00e1rio ser um grande observador, notou-se a inclus\u00e3o [&hellip;]<\/p>\n","protected":false},"author":2,"featured_media":0,"comment_status":"open","ping_status":"open","sticky":false,"template":"","format":"standard","meta":{"_acf_changed":false,"footnotes":""},"categories":[4766],"tags":[],"class_list":{"0":"post-1056","1":"post","2":"type-post","3":"status-publish","4":"format-standard","6":"category-arquivo"},"acf":[],"yoast_head":"<!-- This site is optimized with the Yoast SEO plugin v26.5 - https:\/\/yoast.com\/wordpress\/plugins\/seo\/ -->\n<title>Patroc\u00ednio da Odebrecht \u00e0 posse da nova diretoria do SJSP \u00e9 inaceit\u00e1vel - PSOL 50<\/title>\n<meta name=\"robots\" content=\"index, follow, max-snippet:-1, max-image-preview:large, max-video-preview:-1\" \/>\n<link rel=\"canonical\" href=\"https:\/\/psol50.org.br\/patrocinio-da-odebrecht-a-posse-da-nova-diretoria-do-sjsp-e-inaceitavel\/\" \/>\n<meta property=\"og:locale\" content=\"pt_BR\" \/>\n<meta property=\"og:type\" content=\"article\" \/>\n<meta property=\"og:title\" content=\"Patroc\u00ednio da Odebrecht \u00e0 posse da nova diretoria do SJSP \u00e9 inaceit\u00e1vel - PSOL 50\" \/>\n<meta property=\"og:description\" content=\"No dia 9 de abril, o Sindicato dos Jornalistas Profissionais no Estado de S\u00e3o Paulo (SJSP) divulgou, pela mala-direta eletr\u00f4nica e tamb\u00e9m no seu site, convite para a festa de posse da nova gest\u00e3o da entidade, que se deu nesta segunda-feira, 16 de abril. Sem que fosse necess\u00e1rio ser um grande observador, notou-se a inclus\u00e3o [&hellip;]\" \/>\n<meta property=\"og:url\" content=\"https:\/\/psol50.org.br\/patrocinio-da-odebrecht-a-posse-da-nova-diretoria-do-sjsp-e-inaceitavel\/\" \/>\n<meta property=\"og:site_name\" content=\"PSOL 50\" \/>\n<meta property=\"article:publisher\" content=\"https:\/\/www.facebook.com\/psol50\" \/>\n<meta property=\"article:published_time\" content=\"2012-04-19T00:00:00+00:00\" \/>\n<meta property=\"og:image\" content=\"http:\/\/psol50.org.br\/files\/2012\/04\/bia_barbosa.jpg\" \/>\n<meta name=\"author\" content=\"Comunica\u00e7\u00e3o PSOL\" \/>\n<meta name=\"twitter:card\" content=\"summary_large_image\" \/>\n<meta name=\"twitter:creator\" content=\"@psol50\" \/>\n<meta name=\"twitter:site\" content=\"@psol50\" \/>\n<meta name=\"twitter:label1\" content=\"Escrito por\" \/>\n\t<meta name=\"twitter:data1\" content=\"Comunica\u00e7\u00e3o PSOL\" \/>\n\t<meta name=\"twitter:label2\" content=\"Est. tempo de leitura\" \/>\n\t<meta name=\"twitter:data2\" content=\"2 minutos\" \/>\n<script type=\"application\/ld+json\" class=\"yoast-schema-graph\">{\"@context\":\"https:\/\/schema.org\",\"@graph\":[{\"@type\":\"Article\",\"@id\":\"https:\/\/psol50.org.br\/patrocinio-da-odebrecht-a-posse-da-nova-diretoria-do-sjsp-e-inaceitavel\/#article\",\"isPartOf\":{\"@id\":\"https:\/\/psol50.org.br\/patrocinio-da-odebrecht-a-posse-da-nova-diretoria-do-sjsp-e-inaceitavel\/\"},\"author\":{\"name\":\"Comunica\u00e7\u00e3o PSOL\",\"@id\":\"https:\/\/psol50.org.br\/#\/schema\/person\/475dfa57d0b815993c714c2e96491fcd\"},\"headline\":\"Patroc\u00ednio da Odebrecht \u00e0 posse da nova diretoria do SJSP \u00e9 inaceit\u00e1vel\",\"datePublished\":\"2012-04-19T00:00:00+00:00\",\"mainEntityOfPage\":{\"@id\":\"https:\/\/psol50.org.br\/patrocinio-da-odebrecht-a-posse-da-nova-diretoria-do-sjsp-e-inaceitavel\/\"},\"wordCount\":401,\"commentCount\":0,\"publisher\":{\"@id\":\"https:\/\/psol50.org.br\/#organization\"},\"image\":{\"@id\":\"https:\/\/psol50.org.br\/patrocinio-da-odebrecht-a-posse-da-nova-diretoria-do-sjsp-e-inaceitavel\/#primaryimage\"},\"thumbnailUrl\":\"http:\/\/psol50.org.br\/files\/2012\/04\/bia_barbosa.jpg\",\"articleSection\":[\"Arquivo\"],\"inLanguage\":\"pt-BR\",\"potentialAction\":[{\"@type\":\"CommentAction\",\"name\":\"Comment\",\"target\":[\"https:\/\/psol50.org.br\/patrocinio-da-odebrecht-a-posse-da-nova-diretoria-do-sjsp-e-inaceitavel\/#respond\"]}]},{\"@type\":\"WebPage\",\"@id\":\"https:\/\/psol50.org.br\/patrocinio-da-odebrecht-a-posse-da-nova-diretoria-do-sjsp-e-inaceitavel\/\",\"url\":\"https:\/\/psol50.org.br\/patrocinio-da-odebrecht-a-posse-da-nova-diretoria-do-sjsp-e-inaceitavel\/\",\"name\":\"Patroc\u00ednio da Odebrecht \u00e0 posse da nova diretoria do SJSP \u00e9 inaceit\u00e1vel - PSOL 50\",\"isPartOf\":{\"@id\":\"https:\/\/psol50.org.br\/#website\"},\"primaryImageOfPage\":{\"@id\":\"https:\/\/psol50.org.br\/patrocinio-da-odebrecht-a-posse-da-nova-diretoria-do-sjsp-e-inaceitavel\/#primaryimage\"},\"image\":{\"@id\":\"https:\/\/psol50.org.br\/patrocinio-da-odebrecht-a-posse-da-nova-diretoria-do-sjsp-e-inaceitavel\/#primaryimage\"},\"thumbnailUrl\":\"http:\/\/psol50.org.br\/files\/2012\/04\/bia_barbosa.jpg\",\"datePublished\":\"2012-04-19T00:00:00+00:00\",\"breadcrumb\":{\"@id\":\"https:\/\/psol50.org.br\/patrocinio-da-odebrecht-a-posse-da-nova-diretoria-do-sjsp-e-inaceitavel\/#breadcrumb\"},\"inLanguage\":\"pt-BR\",\"potentialAction\":[{\"@type\":\"ReadAction\",\"target\":[\"https:\/\/psol50.org.br\/patrocinio-da-odebrecht-a-posse-da-nova-diretoria-do-sjsp-e-inaceitavel\/\"]}]},{\"@type\":\"ImageObject\",\"inLanguage\":\"pt-BR\",\"@id\":\"https:\/\/psol50.org.br\/patrocinio-da-odebrecht-a-posse-da-nova-diretoria-do-sjsp-e-inaceitavel\/#primaryimage\",\"url\":\"http:\/\/psol50.org.br\/files\/2012\/04\/bia_barbosa.jpg\",\"contentUrl\":\"http:\/\/psol50.org.br\/files\/2012\/04\/bia_barbosa.jpg\"},{\"@type\":\"BreadcrumbList\",\"@id\":\"https:\/\/psol50.org.br\/patrocinio-da-odebrecht-a-posse-da-nova-diretoria-do-sjsp-e-inaceitavel\/#breadcrumb\",\"itemListElement\":[{\"@type\":\"ListItem\",\"position\":1,\"name\":\"In\u00edcio\",\"item\":\"https:\/\/psol50.org.br\/\"},{\"@type\":\"ListItem\",\"position\":2,\"name\":\"Patroc\u00ednio da Odebrecht \u00e0 posse da nova diretoria do SJSP \u00e9 inaceit\u00e1vel\"}]},{\"@type\":\"WebSite\",\"@id\":\"https:\/\/psol50.org.br\/#website\",\"url\":\"https:\/\/psol50.org.br\/\",\"name\":\"PSOL 50\",\"description\":\"Site oficial do Partido Socialismo e Liberdade\",\"publisher\":{\"@id\":\"https:\/\/psol50.org.br\/#organization\"},\"alternateName\":\"PSOL50\",\"potentialAction\":[{\"@type\":\"SearchAction\",\"target\":{\"@type\":\"EntryPoint\",\"urlTemplate\":\"https:\/\/psol50.org.br\/?s={search_term_string}\"},\"query-input\":{\"@type\":\"PropertyValueSpecification\",\"valueRequired\":true,\"valueName\":\"search_term_string\"}}],\"inLanguage\":\"pt-BR\"},{\"@type\":\"Organization\",\"@id\":\"https:\/\/psol50.org.br\/#organization\",\"name\":\"PSOL 50\",\"alternateName\":\"PSOL 50\",\"url\":\"https:\/\/psol50.org.br\/\",\"logo\":{\"@type\":\"ImageObject\",\"inLanguage\":\"pt-BR\",\"@id\":\"https:\/\/psol50.org.br\/#\/schema\/logo\/image\/\",\"url\":\"https:\/\/psol50.org.br\/inc\/uploads\/2018\/07\/capa.png\",\"contentUrl\":\"https:\/\/psol50.org.br\/inc\/uploads\/2018\/07\/capa.png\",\"width\":1350,\"height\":900,\"caption\":\"PSOL 50\"},\"image\":{\"@id\":\"https:\/\/psol50.org.br\/#\/schema\/logo\/image\/\"},\"sameAs\":[\"https:\/\/www.facebook.com\/psol50\",\"https:\/\/x.com\/psol50\",\"https:\/\/www.instagram.com\/psol50\/\",\"https:\/\/www.youtube.com\/channel\/UC7SnJS5o1os7a6CaiNabzcg\"]},{\"@type\":\"Person\",\"@id\":\"https:\/\/psol50.org.br\/#\/schema\/person\/475dfa57d0b815993c714c2e96491fcd\",\"name\":\"Comunica\u00e7\u00e3o PSOL\",\"image\":{\"@type\":\"ImageObject\",\"inLanguage\":\"pt-BR\",\"@id\":\"https:\/\/psol50.org.br\/#\/schema\/person\/image\/\",\"url\":\"https:\/\/secure.gravatar.com\/avatar\/b34fc4f4e468a4e51785917065a3db57b841f5c95dba6ad8c73aaf8f66f8f9bf?s=96&d=mm&r=g\",\"contentUrl\":\"https:\/\/secure.gravatar.com\/avatar\/b34fc4f4e468a4e51785917065a3db57b841f5c95dba6ad8c73aaf8f66f8f9bf?s=96&d=mm&r=g\",\"caption\":\"Comunica\u00e7\u00e3o PSOL\"}}]}<\/script>\n<!-- \/ Yoast SEO plugin. -->","yoast_head_json":{"title":"Patroc\u00ednio da Odebrecht \u00e0 posse da nova diretoria do SJSP \u00e9 inaceit\u00e1vel - PSOL 50","robots":{"index":"index","follow":"follow","max-snippet":"max-snippet:-1","max-image-preview":"max-image-preview:large","max-video-preview":"max-video-preview:-1"},"canonical":"https:\/\/psol50.org.br\/patrocinio-da-odebrecht-a-posse-da-nova-diretoria-do-sjsp-e-inaceitavel\/","og_locale":"pt_BR","og_type":"article","og_title":"Patroc\u00ednio da Odebrecht \u00e0 posse da nova diretoria do SJSP \u00e9 inaceit\u00e1vel - PSOL 50","og_description":"No dia 9 de abril, o Sindicato dos Jornalistas Profissionais no Estado de S\u00e3o Paulo (SJSP) divulgou, pela mala-direta eletr\u00f4nica e tamb\u00e9m no seu site, convite para a festa de posse da nova gest\u00e3o da entidade, que se deu nesta segunda-feira, 16 de abril. Sem que fosse necess\u00e1rio ser um grande observador, notou-se a inclus\u00e3o [&hellip;]","og_url":"https:\/\/psol50.org.br\/patrocinio-da-odebrecht-a-posse-da-nova-diretoria-do-sjsp-e-inaceitavel\/","og_site_name":"PSOL 50","article_publisher":"https:\/\/www.facebook.com\/psol50","article_published_time":"2012-04-19T00:00:00+00:00","og_image":[{"url":"http:\/\/psol50.org.br\/files\/2012\/04\/bia_barbosa.jpg","type":"","width":"","height":""}],"author":"Comunica\u00e7\u00e3o PSOL","twitter_card":"summary_large_image","twitter_creator":"@psol50","twitter_site":"@psol50","twitter_misc":{"Escrito por":"Comunica\u00e7\u00e3o PSOL","Est. tempo de leitura":"2 minutos"},"schema":{"@context":"https:\/\/schema.org","@graph":[{"@type":"Article","@id":"https:\/\/psol50.org.br\/patrocinio-da-odebrecht-a-posse-da-nova-diretoria-do-sjsp-e-inaceitavel\/#article","isPartOf":{"@id":"https:\/\/psol50.org.br\/patrocinio-da-odebrecht-a-posse-da-nova-diretoria-do-sjsp-e-inaceitavel\/"},"author":{"name":"Comunica\u00e7\u00e3o PSOL","@id":"https:\/\/psol50.org.br\/#\/schema\/person\/475dfa57d0b815993c714c2e96491fcd"},"headline":"Patroc\u00ednio da Odebrecht \u00e0 posse da nova diretoria do SJSP \u00e9 inaceit\u00e1vel","datePublished":"2012-04-19T00:00:00+00:00","mainEntityOfPage":{"@id":"https:\/\/psol50.org.br\/patrocinio-da-odebrecht-a-posse-da-nova-diretoria-do-sjsp-e-inaceitavel\/"},"wordCount":401,"commentCount":0,"publisher":{"@id":"https:\/\/psol50.org.br\/#organization"},"image":{"@id":"https:\/\/psol50.org.br\/patrocinio-da-odebrecht-a-posse-da-nova-diretoria-do-sjsp-e-inaceitavel\/#primaryimage"},"thumbnailUrl":"http:\/\/psol50.org.br\/files\/2012\/04\/bia_barbosa.jpg","articleSection":["Arquivo"],"inLanguage":"pt-BR","potentialAction":[{"@type":"CommentAction","name":"Comment","target":["https:\/\/psol50.org.br\/patrocinio-da-odebrecht-a-posse-da-nova-diretoria-do-sjsp-e-inaceitavel\/#respond"]}]},{"@type":"WebPage","@id":"https:\/\/psol50.org.br\/patrocinio-da-odebrecht-a-posse-da-nova-diretoria-do-sjsp-e-inaceitavel\/","url":"https:\/\/psol50.org.br\/patrocinio-da-odebrecht-a-posse-da-nova-diretoria-do-sjsp-e-inaceitavel\/","name":"Patroc\u00ednio da Odebrecht \u00e0 posse da nova diretoria do SJSP \u00e9 inaceit\u00e1vel - PSOL 50","isPartOf":{"@id":"https:\/\/psol50.org.br\/#website"},"primaryImageOfPage":{"@id":"https:\/\/psol50.org.br\/patrocinio-da-odebrecht-a-posse-da-nova-diretoria-do-sjsp-e-inaceitavel\/#primaryimage"},"image":{"@id":"https:\/\/psol50.org.br\/patrocinio-da-odebrecht-a-posse-da-nova-diretoria-do-sjsp-e-inaceitavel\/#primaryimage"},"thumbnailUrl":"http:\/\/psol50.org.br\/files\/2012\/04\/bia_barbosa.jpg","datePublished":"2012-04-19T00:00:00+00:00","breadcrumb":{"@id":"https:\/\/psol50.org.br\/patrocinio-da-odebrecht-a-posse-da-nova-diretoria-do-sjsp-e-inaceitavel\/#breadcrumb"},"inLanguage":"pt-BR","potentialAction":[{"@type":"ReadAction","target":["https:\/\/psol50.org.br\/patrocinio-da-odebrecht-a-posse-da-nova-diretoria-do-sjsp-e-inaceitavel\/"]}]},{"@type":"ImageObject","inLanguage":"pt-BR","@id":"https:\/\/psol50.org.br\/patrocinio-da-odebrecht-a-posse-da-nova-diretoria-do-sjsp-e-inaceitavel\/#primaryimage","url":"http:\/\/psol50.org.br\/files\/2012\/04\/bia_barbosa.jpg","contentUrl":"http:\/\/psol50.org.br\/files\/2012\/04\/bia_barbosa.jpg"},{"@type":"BreadcrumbList","@id":"https:\/\/psol50.org.br\/patrocinio-da-odebrecht-a-posse-da-nova-diretoria-do-sjsp-e-inaceitavel\/#breadcrumb","itemListElement":[{"@type":"ListItem","position":1,"name":"In\u00edcio","item":"https:\/\/psol50.org.br\/"},{"@type":"ListItem","position":2,"name":"Patroc\u00ednio da Odebrecht \u00e0 posse da nova diretoria do SJSP \u00e9 inaceit\u00e1vel"}]},{"@type":"WebSite","@id":"https:\/\/psol50.org.br\/#website","url":"https:\/\/psol50.org.br\/","name":"PSOL 50","description":"Site oficial do Partido Socialismo e Liberdade","publisher":{"@id":"https:\/\/psol50.org.br\/#organization"},"alternateName":"PSOL50","potentialAction":[{"@type":"SearchAction","target":{"@type":"EntryPoint","urlTemplate":"https:\/\/psol50.org.br\/?s={search_term_string}"},"query-input":{"@type":"PropertyValueSpecification","valueRequired":true,"valueName":"search_term_string"}}],"inLanguage":"pt-BR"},{"@type":"Organization","@id":"https:\/\/psol50.org.br\/#organization","name":"PSOL 50","alternateName":"PSOL 50","url":"https:\/\/psol50.org.br\/","logo":{"@type":"ImageObject","inLanguage":"pt-BR","@id":"https:\/\/psol50.org.br\/#\/schema\/logo\/image\/","url":"https:\/\/psol50.org.br\/inc\/uploads\/2018\/07\/capa.png","contentUrl":"https:\/\/psol50.org.br\/inc\/uploads\/2018\/07\/capa.png","width":1350,"height":900,"caption":"PSOL 50"},"image":{"@id":"https:\/\/psol50.org.br\/#\/schema\/logo\/image\/"},"sameAs":["https:\/\/www.facebook.com\/psol50","https:\/\/x.com\/psol50","https:\/\/www.instagram.com\/psol50\/","https:\/\/www.youtube.com\/channel\/UC7SnJS5o1os7a6CaiNabzcg"]},{"@type":"Person","@id":"https:\/\/psol50.org.br\/#\/schema\/person\/475dfa57d0b815993c714c2e96491fcd","name":"Comunica\u00e7\u00e3o PSOL","image":{"@type":"ImageObject","inLanguage":"pt-BR","@id":"https:\/\/psol50.org.br\/#\/schema\/person\/image\/","url":"https:\/\/secure.gravatar.com\/avatar\/b34fc4f4e468a4e51785917065a3db57b841f5c95dba6ad8c73aaf8f66f8f9bf?s=96&d=mm&r=g","contentUrl":"https:\/\/secure.gravatar.com\/avatar\/b34fc4f4e468a4e51785917065a3db57b841f5c95dba6ad8c73aaf8f66f8f9bf?s=96&d=mm&r=g","caption":"Comunica\u00e7\u00e3o PSOL"}}]}},"_links":{"self":[{"href":"https:\/\/psol50.org.br\/rest\/wp\/v2\/posts\/1056","targetHints":{"allow":["GET"]}}],"collection":[{"href":"https:\/\/psol50.org.br\/rest\/wp\/v2\/posts"}],"about":[{"href":"https:\/\/psol50.org.br\/rest\/wp\/v2\/types\/post"}],"author":[{"embeddable":true,"href":"https:\/\/psol50.org.br\/rest\/wp\/v2\/users\/2"}],"replies":[{"embeddable":true,"href":"https:\/\/psol50.org.br\/rest\/wp\/v2\/comments?post=1056"}],"version-history":[{"count":0,"href":"https:\/\/psol50.org.br\/rest\/wp\/v2\/posts\/1056\/revisions"}],"wp:attachment":[{"href":"https:\/\/psol50.org.br\/rest\/wp\/v2\/media?parent=1056"}],"wp:term":[{"taxonomy":"category","embeddable":true,"href":"https:\/\/psol50.org.br\/rest\/wp\/v2\/categories?post=1056"},{"taxonomy":"post_tag","embeddable":true,"href":"https:\/\/psol50.org.br\/rest\/wp\/v2\/tags?post=1056"}],"curies":[{"name":"wp","href":"https:\/\/api.w.org\/{rel}","templated":true}]}}