{"id":10568,"date":"2015-11-11T21:57:46","date_gmt":"2015-11-11T21:57:46","guid":{"rendered":"http:\/\/www.psol50.org.br\/?p=10568"},"modified":"2015-11-11T21:57:46","modified_gmt":"2015-11-11T21:57:46","slug":"chico-alencar-desmente-acusacoes-de-processo-movido-por-aliado-de-cunha","status":"publish","type":"post","link":"https:\/\/psol50.org.br\/chico-alencar-desmente-acusacoes-de-processo-movido-por-aliado-de-cunha\/","title":{"rendered":"Chico Alencar desmente acusa\u00e7\u00f5es de processo movido por aliado de Cunha"},"content":{"rendered":"<p><em>&#8220;Essa representa\u00e7\u00e3o \u00e9 uma pe\u00e7a politiqueira, de vingan\u00e7a, rebaixada&#8221;<\/em><br \/>\n&#8220;N\u00e3o recebo este documento como uma representa\u00e7\u00e3o, mas sim como uma retalia\u00e7\u00e3o, uma tentativa de intimida\u00e7\u00e3o, uma vontade de outros de fazer deste colegiado um espa\u00e7o de revanche pol\u00edtica, rebaixada&#8221;. Com esta declara\u00e7\u00e3o, o l\u00edder do PSOL, deputado Chico Alencar (RJ), iniciou seu discurso no Conselho de \u00c9tica e Decoro Parlamentar, nesta quarta-feira (11\/11).<br \/>\nO colegiado sorteou a lista tr\u00edplice para escolha do relator da representa\u00e7\u00e3o contra Chico Alencar, apresentada pelo deputado Paulo Pereira da Silva (SD-SP), aliado do presidente da C\u00e2mara, Eduardo Cunha. Foram sorteados os nomes de S\u00e9rgio Brito (PSD-BA), Z\u00e9 Geraldo (PT-BA) e Sandro Alex (PPS-PR). O relator deve ser definido amanh\u00e3 pelo presidente Luiz Carlos Ara\u00fajo.<br \/>\nA bancada do PSOL &#8211; deputados Edmilson Rodrigues (PA), Ivan Valente (SP), Glauber Braga (RJ) e Jean Wyllys (RJ) -, al\u00e9m de servidores, estiveram presentes na reuni\u00e3o, prestando apoio ao deputado Chico Alencar. Parlamentares membros do Conselho de \u00c9tica tamb\u00e9m manifestaram solidariedade.<br \/>\nPara o l\u00edder, a representa\u00e7\u00e3o contra ele significa retalia\u00e7\u00e3o \u00e0s a\u00e7\u00f5es do partido pelo afastamento de Cunha da Presid\u00eancia da Casa e ao processo apresentado pelo PSOL e Rede. H\u00e1 menos de duas semanas, o Conselho abriu processo contra o deputado peemedebista. &#8220;Cunha age por interpostas pessoas, j\u00e1 o fez isso de outras vezes e agora novamente&#8221;, disse Chico.<br \/>\n&#8220;Meus defeitos s\u00e3o muitos, mas neles n\u00e3o est\u00e3o peculato, corrup\u00e7\u00e3o passiva e ativa, evas\u00e3o de divisas, forma\u00e7\u00e3o de quadrilha&#8221;, declarou o deputado do PSOL. &#8220;No final dos anos 80, eu estava lutando pela livre organiza\u00e7\u00e3o sindical, para ser livre do peleguismo, contra modelos esp\u00farios de institui\u00e7\u00e3o, para usufruirmos de conquistas que at\u00e9 hoje perduram, apesar de vivermos uma crise de representa\u00e7\u00e3o. Mas outros j\u00e1 trabalhavam para serem usufrutu\u00e1rios de recursos n\u00e3o declarados no exterior&#8221;.<br \/>\n<strong>Desmentidos<br \/>\n<\/strong>No documento assinado pelo deputado Chico Alencar e entregue aos membros do Conselho de \u00c9tica, o parlamentar afirma que detectou &#8220;25 mentiras, falsidades, afirma\u00e7\u00f5es enganosas e impropriedades. \u201cO texto \u00e9 ofensivo n\u00e3o s\u00f3 a minha trajet\u00f3ria na vida p\u00fablica, mas a este pr\u00f3prio Conselho, ao banalizar o instituto da representa\u00e7\u00e3o sem conte\u00fado&#8221;.<br \/>\nA representa\u00e7\u00e3o fala em financiamento ilegal de campanha; Chico Alencar mostra que as doa\u00e7\u00f5es foram volunt\u00e1rias, feitas dentro da legalidade e declaradas e aprovadas pela Justi\u00e7a Eleitoral. A representa\u00e7\u00e3o fala em quantias vultosas da verba indenizat\u00f3ria empregadas na elabora\u00e7\u00e3o de material de campanha para a internet; Chico Alencar afirma que a cita\u00e7\u00e3o \u00e9 falsa, sem ind\u00edcio comprobat\u00f3rio m\u00ednimo, e que esclarece que as regras da C\u00e2mara impedem que servi\u00e7os daquele tipo sejam prestados nos 120 dias anteriores \u00e0s elei\u00e7\u00f5es. A representa\u00e7\u00e3o fala que a empresa Sede Inform\u00e1tica se encontra &#8220;baixada&#8221; no sistema da Receita desde 31\/12\/2008; Chico Alencar explica que a situa\u00e7\u00e3o da empresa nunca foi informada ao mandato e nem a Coordena\u00e7\u00e3o de Gest\u00e3o de Cota Parlamentar detectou o problema. Apesar disso, o l\u00edder do PSOL ressarciu a C\u00e2mara dos Deputados do valor pago \u00e0 Sede Inform\u00e1tica.<br \/>\nO Minist\u00e9rio P\u00fablico, que havia aberto procedimento preliminar sobre a quest\u00e3o, concluiu &#8220;boa f\u00e9 do deputado, prova de efetiva presta\u00e7\u00e3o de servi\u00e7o, &#8230;. integral, pleno e espont\u00e2neo ressarcimento ao er\u00e1rio&#8221;.<br \/>\nNo documento, Chico Alencar afirma: &#8220;N\u00e3o \u00e9 cab\u00edvel que contas de campanha aprovadas pela Justi\u00e7a Eleitoral e mesmo o uso da Cota Parlamentar, quando j\u00e1 apreciado pelos departamentos da Casa, venham a ser objeto de disputa pol\u00edtica (baixa, menor) no \u00e2mbito do Conselho de \u00c9tica e Decoro Parlamentar da C\u00e2mara dos Deputados. Isto apequena a miss\u00e3o do \u00f3rg\u00e3o e abre perigoso precedente para uma &#8220;guerra de todos contra todos&#8221;.<br \/>\nConfira o <a href=\"http:\/\/www.psol50.org.br\/2015\/11\/10557\/\">v\u00eddeo<\/a> com a fala do deputado.<br \/>\nLeia aqui a <a href=\"http:\/\/www.psol50.org.br\/2015\/10\/nao-nos-calarao-nota-do-psol-sobre-a-representacao-contra-chico-alencar\/\">nota do Diret\u00f3rio Nacional do PSOL<\/a> em apoio ao deputado Chico Alencar.<br \/>\nFonte: <em><a href=\"http:\/\/www.psolnacamara.org.br\/lidpsol\/\">Lideran\u00e7a do PSOL<\/a><\/em><\/p>\n","protected":false},"excerpt":{"rendered":"<p>&#8220;Essa representa\u00e7\u00e3o \u00e9 uma pe\u00e7a politiqueira, de vingan\u00e7a, rebaixada&#8221; &#8220;N\u00e3o recebo este documento como uma representa\u00e7\u00e3o, mas sim como uma retalia\u00e7\u00e3o, uma tentativa de intimida\u00e7\u00e3o, uma vontade de outros de fazer deste colegiado um espa\u00e7o de revanche pol\u00edtica, rebaixada&#8221;. Com esta declara\u00e7\u00e3o, o l\u00edder do PSOL, deputado Chico Alencar (RJ), iniciou seu discurso no Conselho [&hellip;]<\/p>\n","protected":false},"author":2,"featured_media":10569,"comment_status":"open","ping_status":"open","sticky":false,"template":"","format":"standard","meta":{"_acf_changed":false,"footnotes":""},"categories":[10,1882,6,14],"tags":[1680,2344,973,2890,1191,552,663,2627,22,1606],"class_list":{"0":"post-10568","1":"post","2":"type-post","3":"status-publish","4":"format-standard","5":"has-post-thumbnail","7":"category-acao-parlamentares","8":"category-brasil","9":"category-noticias","10":"category-partido","11":"tag-chico-alencar","12":"tag-conselho-de-etica-da-camara","13":"tag-edmilson-rodrigues","14":"tag-eduardo-cunha","15":"tag-glauber-braga","16":"tag-ivan-valente","17":"tag-jean-wyllys","18":"tag-paulinho-da-forca","19":"tag-psol","20":"tag-representacao"},"acf":[],"yoast_head":"<!-- This site is optimized with the Yoast SEO plugin v26.5 - https:\/\/yoast.com\/wordpress\/plugins\/seo\/ -->\n<title>Chico Alencar desmente acusa\u00e7\u00f5es de processo movido por aliado de Cunha - PSOL 50<\/title>\n<meta name=\"robots\" content=\"index, follow, max-snippet:-1, max-image-preview:large, max-video-preview:-1\" \/>\n<link rel=\"canonical\" href=\"https:\/\/psol50.org.br\/chico-alencar-desmente-acusacoes-de-processo-movido-por-aliado-de-cunha\/\" \/>\n<meta property=\"og:locale\" content=\"pt_BR\" \/>\n<meta property=\"og:type\" content=\"article\" \/>\n<meta property=\"og:title\" content=\"Chico Alencar desmente acusa\u00e7\u00f5es de processo movido por aliado de Cunha - PSOL 50\" \/>\n<meta property=\"og:description\" content=\"&#8220;Essa representa\u00e7\u00e3o \u00e9 uma pe\u00e7a politiqueira, de vingan\u00e7a, rebaixada&#8221; &#8220;N\u00e3o recebo este documento como uma representa\u00e7\u00e3o, mas sim como uma retalia\u00e7\u00e3o, uma tentativa de intimida\u00e7\u00e3o, uma vontade de outros de fazer deste colegiado um espa\u00e7o de revanche pol\u00edtica, rebaixada&#8221;. Com esta declara\u00e7\u00e3o, o l\u00edder do PSOL, deputado Chico Alencar (RJ), iniciou seu discurso no Conselho [&hellip;]\" \/>\n<meta property=\"og:url\" content=\"https:\/\/psol50.org.br\/chico-alencar-desmente-acusacoes-de-processo-movido-por-aliado-de-cunha\/\" \/>\n<meta property=\"og:site_name\" content=\"PSOL 50\" \/>\n<meta property=\"article:publisher\" content=\"https:\/\/www.facebook.com\/psol50\" \/>\n<meta property=\"article:published_time\" content=\"2015-11-11T21:57:46+00:00\" \/>\n<meta property=\"og:image\" content=\"https:\/\/psol50.org.br\/inc\/uploads\/2015\/11\/Chico-Conselho-de-Etica-Zeca-Ribeiro-CD-e1448896791156.jpg\" \/>\n\t<meta property=\"og:image:width\" content=\"1000\" \/>\n\t<meta property=\"og:image:height\" content=\"655\" \/>\n\t<meta property=\"og:image:type\" content=\"image\/jpeg\" \/>\n<meta name=\"author\" content=\"Comunica\u00e7\u00e3o PSOL\" \/>\n<meta name=\"twitter:card\" content=\"summary_large_image\" \/>\n<meta name=\"twitter:creator\" content=\"@psol50\" \/>\n<meta name=\"twitter:site\" content=\"@psol50\" \/>\n<meta name=\"twitter:label1\" content=\"Escrito por\" \/>\n\t<meta name=\"twitter:data1\" content=\"Comunica\u00e7\u00e3o PSOL\" \/>\n\t<meta name=\"twitter:label2\" content=\"Est. tempo de leitura\" \/>\n\t<meta name=\"twitter:data2\" content=\"3 minutos\" \/>\n<script type=\"application\/ld+json\" class=\"yoast-schema-graph\">{\"@context\":\"https:\/\/schema.org\",\"@graph\":[{\"@type\":\"Article\",\"@id\":\"https:\/\/psol50.org.br\/chico-alencar-desmente-acusacoes-de-processo-movido-por-aliado-de-cunha\/#article\",\"isPartOf\":{\"@id\":\"https:\/\/psol50.org.br\/chico-alencar-desmente-acusacoes-de-processo-movido-por-aliado-de-cunha\/\"},\"author\":{\"name\":\"Comunica\u00e7\u00e3o PSOL\",\"@id\":\"https:\/\/psol50.org.br\/#\/schema\/person\/475dfa57d0b815993c714c2e96491fcd\"},\"headline\":\"Chico Alencar desmente acusa\u00e7\u00f5es de processo movido por aliado de Cunha\",\"datePublished\":\"2015-11-11T21:57:46+00:00\",\"mainEntityOfPage\":{\"@id\":\"https:\/\/psol50.org.br\/chico-alencar-desmente-acusacoes-de-processo-movido-por-aliado-de-cunha\/\"},\"wordCount\":694,\"commentCount\":1,\"publisher\":{\"@id\":\"https:\/\/psol50.org.br\/#organization\"},\"image\":{\"@id\":\"https:\/\/psol50.org.br\/chico-alencar-desmente-acusacoes-de-processo-movido-por-aliado-de-cunha\/#primaryimage\"},\"thumbnailUrl\":\"https:\/\/psol50.org.br\/inc\/uploads\/2015\/11\/Chico-Conselho-de-Etica-Zeca-Ribeiro-CD-e1448896791156.jpg\",\"keywords\":[\"Chico Alencar\",\"Conselho de \u00c9tica da C\u00e2mara\",\"Edmilson Rodrigues\",\"Eduardo Cunha\",\"Glauber Braga\",\"Ivan Valente\",\"Jean Wyllys\",\"Paulinho da For\u00e7a\",\"PSOL\",\"representa\u00e7\u00e3o\"],\"articleSection\":[\"A\u00e7\u00e3o Parlamentar\",\"Brasil\",\"Not\u00edcias\",\"Partido\"],\"inLanguage\":\"pt-BR\",\"potentialAction\":[{\"@type\":\"CommentAction\",\"name\":\"Comment\",\"target\":[\"https:\/\/psol50.org.br\/chico-alencar-desmente-acusacoes-de-processo-movido-por-aliado-de-cunha\/#respond\"]}]},{\"@type\":\"WebPage\",\"@id\":\"https:\/\/psol50.org.br\/chico-alencar-desmente-acusacoes-de-processo-movido-por-aliado-de-cunha\/\",\"url\":\"https:\/\/psol50.org.br\/chico-alencar-desmente-acusacoes-de-processo-movido-por-aliado-de-cunha\/\",\"name\":\"Chico Alencar desmente acusa\u00e7\u00f5es de processo movido por aliado de Cunha - PSOL 50\",\"isPartOf\":{\"@id\":\"https:\/\/psol50.org.br\/#website\"},\"primaryImageOfPage\":{\"@id\":\"https:\/\/psol50.org.br\/chico-alencar-desmente-acusacoes-de-processo-movido-por-aliado-de-cunha\/#primaryimage\"},\"image\":{\"@id\":\"https:\/\/psol50.org.br\/chico-alencar-desmente-acusacoes-de-processo-movido-por-aliado-de-cunha\/#primaryimage\"},\"thumbnailUrl\":\"https:\/\/psol50.org.br\/inc\/uploads\/2015\/11\/Chico-Conselho-de-Etica-Zeca-Ribeiro-CD-e1448896791156.jpg\",\"datePublished\":\"2015-11-11T21:57:46+00:00\",\"breadcrumb\":{\"@id\":\"https:\/\/psol50.org.br\/chico-alencar-desmente-acusacoes-de-processo-movido-por-aliado-de-cunha\/#breadcrumb\"},\"inLanguage\":\"pt-BR\",\"potentialAction\":[{\"@type\":\"ReadAction\",\"target\":[\"https:\/\/psol50.org.br\/chico-alencar-desmente-acusacoes-de-processo-movido-por-aliado-de-cunha\/\"]}]},{\"@type\":\"ImageObject\",\"inLanguage\":\"pt-BR\",\"@id\":\"https:\/\/psol50.org.br\/chico-alencar-desmente-acusacoes-de-processo-movido-por-aliado-de-cunha\/#primaryimage\",\"url\":\"https:\/\/psol50.org.br\/inc\/uploads\/2015\/11\/Chico-Conselho-de-Etica-Zeca-Ribeiro-CD-e1448896791156.jpg\",\"contentUrl\":\"https:\/\/psol50.org.br\/inc\/uploads\/2015\/11\/Chico-Conselho-de-Etica-Zeca-Ribeiro-CD-e1448896791156.jpg\",\"width\":1000,\"height\":655},{\"@type\":\"BreadcrumbList\",\"@id\":\"https:\/\/psol50.org.br\/chico-alencar-desmente-acusacoes-de-processo-movido-por-aliado-de-cunha\/#breadcrumb\",\"itemListElement\":[{\"@type\":\"ListItem\",\"position\":1,\"name\":\"In\u00edcio\",\"item\":\"https:\/\/psol50.org.br\/\"},{\"@type\":\"ListItem\",\"position\":2,\"name\":\"Chico Alencar desmente acusa\u00e7\u00f5es de processo movido por aliado de Cunha\"}]},{\"@type\":\"WebSite\",\"@id\":\"https:\/\/psol50.org.br\/#website\",\"url\":\"https:\/\/psol50.org.br\/\",\"name\":\"PSOL 50\",\"description\":\"Site oficial do Partido Socialismo e Liberdade\",\"publisher\":{\"@id\":\"https:\/\/psol50.org.br\/#organization\"},\"alternateName\":\"PSOL50\",\"potentialAction\":[{\"@type\":\"SearchAction\",\"target\":{\"@type\":\"EntryPoint\",\"urlTemplate\":\"https:\/\/psol50.org.br\/?s={search_term_string}\"},\"query-input\":{\"@type\":\"PropertyValueSpecification\",\"valueRequired\":true,\"valueName\":\"search_term_string\"}}],\"inLanguage\":\"pt-BR\"},{\"@type\":\"Organization\",\"@id\":\"https:\/\/psol50.org.br\/#organization\",\"name\":\"PSOL 50\",\"alternateName\":\"PSOL 50\",\"url\":\"https:\/\/psol50.org.br\/\",\"logo\":{\"@type\":\"ImageObject\",\"inLanguage\":\"pt-BR\",\"@id\":\"https:\/\/psol50.org.br\/#\/schema\/logo\/image\/\",\"url\":\"https:\/\/psol50.org.br\/inc\/uploads\/2018\/07\/capa.png\",\"contentUrl\":\"https:\/\/psol50.org.br\/inc\/uploads\/2018\/07\/capa.png\",\"width\":1350,\"height\":900,\"caption\":\"PSOL 50\"},\"image\":{\"@id\":\"https:\/\/psol50.org.br\/#\/schema\/logo\/image\/\"},\"sameAs\":[\"https:\/\/www.facebook.com\/psol50\",\"https:\/\/x.com\/psol50\",\"https:\/\/www.instagram.com\/psol50\/\",\"https:\/\/www.youtube.com\/channel\/UC7SnJS5o1os7a6CaiNabzcg\"]},{\"@type\":\"Person\",\"@id\":\"https:\/\/psol50.org.br\/#\/schema\/person\/475dfa57d0b815993c714c2e96491fcd\",\"name\":\"Comunica\u00e7\u00e3o PSOL\",\"image\":{\"@type\":\"ImageObject\",\"inLanguage\":\"pt-BR\",\"@id\":\"https:\/\/psol50.org.br\/#\/schema\/person\/image\/\",\"url\":\"https:\/\/secure.gravatar.com\/avatar\/b34fc4f4e468a4e51785917065a3db57b841f5c95dba6ad8c73aaf8f66f8f9bf?s=96&d=mm&r=g\",\"contentUrl\":\"https:\/\/secure.gravatar.com\/avatar\/b34fc4f4e468a4e51785917065a3db57b841f5c95dba6ad8c73aaf8f66f8f9bf?s=96&d=mm&r=g\",\"caption\":\"Comunica\u00e7\u00e3o PSOL\"}}]}<\/script>\n<!-- \/ Yoast SEO plugin. -->","yoast_head_json":{"title":"Chico Alencar desmente acusa\u00e7\u00f5es de processo movido por aliado de Cunha - PSOL 50","robots":{"index":"index","follow":"follow","max-snippet":"max-snippet:-1","max-image-preview":"max-image-preview:large","max-video-preview":"max-video-preview:-1"},"canonical":"https:\/\/psol50.org.br\/chico-alencar-desmente-acusacoes-de-processo-movido-por-aliado-de-cunha\/","og_locale":"pt_BR","og_type":"article","og_title":"Chico Alencar desmente acusa\u00e7\u00f5es de processo movido por aliado de Cunha - PSOL 50","og_description":"&#8220;Essa representa\u00e7\u00e3o \u00e9 uma pe\u00e7a politiqueira, de vingan\u00e7a, rebaixada&#8221; &#8220;N\u00e3o recebo este documento como uma representa\u00e7\u00e3o, mas sim como uma retalia\u00e7\u00e3o, uma tentativa de intimida\u00e7\u00e3o, uma vontade de outros de fazer deste colegiado um espa\u00e7o de revanche pol\u00edtica, rebaixada&#8221;. Com esta declara\u00e7\u00e3o, o l\u00edder do PSOL, deputado Chico Alencar (RJ), iniciou seu discurso no Conselho [&hellip;]","og_url":"https:\/\/psol50.org.br\/chico-alencar-desmente-acusacoes-de-processo-movido-por-aliado-de-cunha\/","og_site_name":"PSOL 50","article_publisher":"https:\/\/www.facebook.com\/psol50","article_published_time":"2015-11-11T21:57:46+00:00","og_image":[{"width":1000,"height":655,"url":"https:\/\/psol50.org.br\/inc\/uploads\/2015\/11\/Chico-Conselho-de-Etica-Zeca-Ribeiro-CD-e1448896791156.jpg","type":"image\/jpeg"}],"author":"Comunica\u00e7\u00e3o PSOL","twitter_card":"summary_large_image","twitter_creator":"@psol50","twitter_site":"@psol50","twitter_misc":{"Escrito por":"Comunica\u00e7\u00e3o PSOL","Est. tempo de leitura":"3 minutos"},"schema":{"@context":"https:\/\/schema.org","@graph":[{"@type":"Article","@id":"https:\/\/psol50.org.br\/chico-alencar-desmente-acusacoes-de-processo-movido-por-aliado-de-cunha\/#article","isPartOf":{"@id":"https:\/\/psol50.org.br\/chico-alencar-desmente-acusacoes-de-processo-movido-por-aliado-de-cunha\/"},"author":{"name":"Comunica\u00e7\u00e3o PSOL","@id":"https:\/\/psol50.org.br\/#\/schema\/person\/475dfa57d0b815993c714c2e96491fcd"},"headline":"Chico Alencar desmente acusa\u00e7\u00f5es de processo movido por aliado de Cunha","datePublished":"2015-11-11T21:57:46+00:00","mainEntityOfPage":{"@id":"https:\/\/psol50.org.br\/chico-alencar-desmente-acusacoes-de-processo-movido-por-aliado-de-cunha\/"},"wordCount":694,"commentCount":1,"publisher":{"@id":"https:\/\/psol50.org.br\/#organization"},"image":{"@id":"https:\/\/psol50.org.br\/chico-alencar-desmente-acusacoes-de-processo-movido-por-aliado-de-cunha\/#primaryimage"},"thumbnailUrl":"https:\/\/psol50.org.br\/inc\/uploads\/2015\/11\/Chico-Conselho-de-Etica-Zeca-Ribeiro-CD-e1448896791156.jpg","keywords":["Chico Alencar","Conselho de \u00c9tica da C\u00e2mara","Edmilson Rodrigues","Eduardo Cunha","Glauber Braga","Ivan Valente","Jean Wyllys","Paulinho da For\u00e7a","PSOL","representa\u00e7\u00e3o"],"articleSection":["A\u00e7\u00e3o Parlamentar","Brasil","Not\u00edcias","Partido"],"inLanguage":"pt-BR","potentialAction":[{"@type":"CommentAction","name":"Comment","target":["https:\/\/psol50.org.br\/chico-alencar-desmente-acusacoes-de-processo-movido-por-aliado-de-cunha\/#respond"]}]},{"@type":"WebPage","@id":"https:\/\/psol50.org.br\/chico-alencar-desmente-acusacoes-de-processo-movido-por-aliado-de-cunha\/","url":"https:\/\/psol50.org.br\/chico-alencar-desmente-acusacoes-de-processo-movido-por-aliado-de-cunha\/","name":"Chico Alencar desmente acusa\u00e7\u00f5es de processo movido por aliado de Cunha - PSOL 50","isPartOf":{"@id":"https:\/\/psol50.org.br\/#website"},"primaryImageOfPage":{"@id":"https:\/\/psol50.org.br\/chico-alencar-desmente-acusacoes-de-processo-movido-por-aliado-de-cunha\/#primaryimage"},"image":{"@id":"https:\/\/psol50.org.br\/chico-alencar-desmente-acusacoes-de-processo-movido-por-aliado-de-cunha\/#primaryimage"},"thumbnailUrl":"https:\/\/psol50.org.br\/inc\/uploads\/2015\/11\/Chico-Conselho-de-Etica-Zeca-Ribeiro-CD-e1448896791156.jpg","datePublished":"2015-11-11T21:57:46+00:00","breadcrumb":{"@id":"https:\/\/psol50.org.br\/chico-alencar-desmente-acusacoes-de-processo-movido-por-aliado-de-cunha\/#breadcrumb"},"inLanguage":"pt-BR","potentialAction":[{"@type":"ReadAction","target":["https:\/\/psol50.org.br\/chico-alencar-desmente-acusacoes-de-processo-movido-por-aliado-de-cunha\/"]}]},{"@type":"ImageObject","inLanguage":"pt-BR","@id":"https:\/\/psol50.org.br\/chico-alencar-desmente-acusacoes-de-processo-movido-por-aliado-de-cunha\/#primaryimage","url":"https:\/\/psol50.org.br\/inc\/uploads\/2015\/11\/Chico-Conselho-de-Etica-Zeca-Ribeiro-CD-e1448896791156.jpg","contentUrl":"https:\/\/psol50.org.br\/inc\/uploads\/2015\/11\/Chico-Conselho-de-Etica-Zeca-Ribeiro-CD-e1448896791156.jpg","width":1000,"height":655},{"@type":"BreadcrumbList","@id":"https:\/\/psol50.org.br\/chico-alencar-desmente-acusacoes-de-processo-movido-por-aliado-de-cunha\/#breadcrumb","itemListElement":[{"@type":"ListItem","position":1,"name":"In\u00edcio","item":"https:\/\/psol50.org.br\/"},{"@type":"ListItem","position":2,"name":"Chico Alencar desmente acusa\u00e7\u00f5es de processo movido por aliado de Cunha"}]},{"@type":"WebSite","@id":"https:\/\/psol50.org.br\/#website","url":"https:\/\/psol50.org.br\/","name":"PSOL 50","description":"Site oficial do Partido Socialismo e Liberdade","publisher":{"@id":"https:\/\/psol50.org.br\/#organization"},"alternateName":"PSOL50","potentialAction":[{"@type":"SearchAction","target":{"@type":"EntryPoint","urlTemplate":"https:\/\/psol50.org.br\/?s={search_term_string}"},"query-input":{"@type":"PropertyValueSpecification","valueRequired":true,"valueName":"search_term_string"}}],"inLanguage":"pt-BR"},{"@type":"Organization","@id":"https:\/\/psol50.org.br\/#organization","name":"PSOL 50","alternateName":"PSOL 50","url":"https:\/\/psol50.org.br\/","logo":{"@type":"ImageObject","inLanguage":"pt-BR","@id":"https:\/\/psol50.org.br\/#\/schema\/logo\/image\/","url":"https:\/\/psol50.org.br\/inc\/uploads\/2018\/07\/capa.png","contentUrl":"https:\/\/psol50.org.br\/inc\/uploads\/2018\/07\/capa.png","width":1350,"height":900,"caption":"PSOL 50"},"image":{"@id":"https:\/\/psol50.org.br\/#\/schema\/logo\/image\/"},"sameAs":["https:\/\/www.facebook.com\/psol50","https:\/\/x.com\/psol50","https:\/\/www.instagram.com\/psol50\/","https:\/\/www.youtube.com\/channel\/UC7SnJS5o1os7a6CaiNabzcg"]},{"@type":"Person","@id":"https:\/\/psol50.org.br\/#\/schema\/person\/475dfa57d0b815993c714c2e96491fcd","name":"Comunica\u00e7\u00e3o PSOL","image":{"@type":"ImageObject","inLanguage":"pt-BR","@id":"https:\/\/psol50.org.br\/#\/schema\/person\/image\/","url":"https:\/\/secure.gravatar.com\/avatar\/b34fc4f4e468a4e51785917065a3db57b841f5c95dba6ad8c73aaf8f66f8f9bf?s=96&d=mm&r=g","contentUrl":"https:\/\/secure.gravatar.com\/avatar\/b34fc4f4e468a4e51785917065a3db57b841f5c95dba6ad8c73aaf8f66f8f9bf?s=96&d=mm&r=g","caption":"Comunica\u00e7\u00e3o PSOL"}}]}},"_links":{"self":[{"href":"https:\/\/psol50.org.br\/rest\/wp\/v2\/posts\/10568","targetHints":{"allow":["GET"]}}],"collection":[{"href":"https:\/\/psol50.org.br\/rest\/wp\/v2\/posts"}],"about":[{"href":"https:\/\/psol50.org.br\/rest\/wp\/v2\/types\/post"}],"author":[{"embeddable":true,"href":"https:\/\/psol50.org.br\/rest\/wp\/v2\/users\/2"}],"replies":[{"embeddable":true,"href":"https:\/\/psol50.org.br\/rest\/wp\/v2\/comments?post=10568"}],"version-history":[{"count":0,"href":"https:\/\/psol50.org.br\/rest\/wp\/v2\/posts\/10568\/revisions"}],"wp:featuredmedia":[{"embeddable":true,"href":"https:\/\/psol50.org.br\/rest\/wp\/v2\/media\/10569"}],"wp:attachment":[{"href":"https:\/\/psol50.org.br\/rest\/wp\/v2\/media?parent=10568"}],"wp:term":[{"taxonomy":"category","embeddable":true,"href":"https:\/\/psol50.org.br\/rest\/wp\/v2\/categories?post=10568"},{"taxonomy":"post_tag","embeddable":true,"href":"https:\/\/psol50.org.br\/rest\/wp\/v2\/tags?post=10568"}],"curies":[{"name":"wp","href":"https:\/\/api.w.org\/{rel}","templated":true}]}}