{"id":10574,"date":"2015-11-12T16:19:47","date_gmt":"2015-11-12T16:19:47","guid":{"rendered":"http:\/\/www.psol50.org.br\/?p=10574"},"modified":"2015-11-12T16:19:47","modified_gmt":"2015-11-12T16:19:47","slug":"todo-apoio-a-greve-dos-trabalhadores-da-ebc","status":"publish","type":"post","link":"https:\/\/psol50.org.br\/todo-apoio-a-greve-dos-trabalhadores-da-ebc\/","title":{"rendered":"Todo apoio \u00e0 greve dos trabalhadores da EBC"},"content":{"rendered":"<p><em>Por reajuste salarial digno e mais direitos! Contra o ass\u00e9dio moral e os privil\u00e9gios!<br \/>\n<\/em>Os trabalhadores da Empresa Brasil de Comunica\u00e7\u00e3o (EBC), antiga Radiobras, iniciaram na ter\u00e7a-feira (10\/11), greve por tempo indeterminado, com a participa\u00e7\u00e3o de jornalistas, radialistas e funcion\u00e1rios do administrativo. A categoria luta por aumento salarial conforme o \u00edndice do IPCA, mais um ganho real linear para todos os empregados de R$ 450 (esse valor corresponde a cerca de 5% do total da folha de pagamento da empresa). Al\u00e9m das melhorias no sal\u00e1rio e nos benef\u00edcios, jornalistas e radialistas querem o fim dos privil\u00e9gios dentro da empresa para gestores e diretores. Eles reivindicam a isonomia dentro do quadro de empregados e pressionam para que, neste momento em que os patr\u00f5es e o governo alegam ser de crise, a empresa fa\u00e7a cortes em cargos comissionados, nos sal\u00e1rios das chefias e outros benef\u00edcios dos cargos j\u00e1 mais bem remunerados.<br \/>\nA dire\u00e7\u00e3o da EBC oferece 3,5% de aumento, proposta rejeitada por unanimidade pelos grevistas.<br \/>\nCom cerca de 2 mil empregados, a EBC \u00e9 respons\u00e1vel pela TV Brasil, TV Brasil Internacional, Ag\u00eancia Brasil, Portal EBC, Radioag\u00eancia Nacional, al\u00e9m de oito emissoras de r\u00e1dio, como as R\u00e1dios Nacional do Rio de Janeiro e de Bras\u00edlia e as R\u00e1dios MEC AM e FM. Opera servi\u00e7os como o canal de televis\u00e3o NBr e o programa de r\u00e1dio \u201cVoz do Brasil\u201d.<br \/>\nA bancada do PSOL na C\u00e2mara manifesta todo o seu apoio a esta luta e considera justas as reivindica\u00e7\u00f5es do movimento de greve. Os trabalhadores n\u00e3o podem pagar pela pol\u00edtica de ajuste fiscal para os \u201cde baixo\u201d, adotada pelo governo Dilma e que beneficia o capital financeiro, em detrimento de sal\u00e1rios dignos e melhores condi\u00e7\u00f5es de trabalho. A proposta apresentada pela dire\u00e7\u00e3o da empresa n\u00e3o rep\u00f5e as perdas da infla\u00e7\u00e3o acumulada no \u00faltimo ano, na linha da pol\u00edtica de arrocho que o PSOL rejeita.<br \/>\nAdemais, entendemos que o fortalecimento da EBC, hoje a maior empresa de comunica\u00e7\u00e3o p\u00fablica do pa\u00eds, pressup\u00f5e a valoriza\u00e7\u00e3o profissional de seus trabalhadores. Isso \u00e9 fundamental para que a popula\u00e7\u00e3o brasileira tenha assegurado seu direito a uma comunica\u00e7\u00e3o de qualidade. Um direito que deve ser cumprido pelo Estado e que jamais poder\u00e1 ser garantido pelos interesses de mercado que regem os meios de comunica\u00e7\u00e3o privados no pa\u00eds.<br \/>\nReafirmamos todo o nosso apoio \u00e0 greve dos trabalhadores da EBC, nos solidarizando e nos colocando a disposi\u00e7\u00e3o de suas entidades representativas para o desenvolvimento de a\u00e7\u00f5es no \u00e2mbito da C\u00e2mara dos Deputados e dos movimentos sociais. Tamb\u00e9m esperamos que o governo Dilma, por meio do Minist\u00e9rio do Planejamento, se disponha a renegociar uma proposta digna.<br \/>\nDefender a comunica\u00e7\u00e3o p\u00fablica passa, necessariamente, pela defesa de seus trabalhadores!<br \/>\n<strong>Deputado Chico Alencar<\/strong><br \/>\n<strong>L\u00edder do PSOL na C\u00e2mara dos Deputados<\/strong><br \/>\n&nbsp;<\/p>\n","protected":false},"excerpt":{"rendered":"<p>Por reajuste salarial digno e mais direitos! Contra o ass\u00e9dio moral e os privil\u00e9gios! Os trabalhadores da Empresa Brasil de Comunica\u00e7\u00e3o (EBC), antiga Radiobras, iniciaram na ter\u00e7a-feira (10\/11), greve por tempo indeterminado, com a participa\u00e7\u00e3o de jornalistas, radialistas e funcion\u00e1rios do administrativo. A categoria luta por aumento salarial conforme o \u00edndice do IPCA, mais um [&hellip;]<\/p>\n","protected":false},"author":2,"featured_media":10575,"comment_status":"open","ping_status":"open","sticky":false,"template":"","format":"standard","meta":{"_acf_changed":false,"footnotes":""},"categories":[10,1882,1104],"tags":[3768,1432,2734,1680,730,731,221,753,4515,22,3770,3771,734],"class_list":{"0":"post-10574","1":"post","2":"type-post","3":"status-publish","4":"format-standard","5":"has-post-thumbnail","7":"category-acao-parlamentares","8":"category-brasil","9":"category-movimento","10":"tag-agencia-brasil","11":"tag-ajuste-fiscal","12":"tag-bancada-do-psol","13":"tag-chico-alencar","14":"tag-comunicacao-publica","15":"tag-ebc","16":"tag-greve","17":"tag-jornalistas","18":"tag-ministerio-do-planejamento","19":"tag-psol","20":"tag-radialistas","21":"tag-radio-nacional","22":"tag-tv-brasil"},"acf":[],"yoast_head":"<!-- This site is optimized with the Yoast SEO plugin v26.5 - https:\/\/yoast.com\/wordpress\/plugins\/seo\/ -->\n<title>Todo apoio \u00e0 greve dos trabalhadores da EBC - PSOL 50<\/title>\n<meta name=\"robots\" content=\"index, follow, max-snippet:-1, max-image-preview:large, max-video-preview:-1\" \/>\n<link rel=\"canonical\" href=\"https:\/\/psol50.org.br\/todo-apoio-a-greve-dos-trabalhadores-da-ebc\/\" \/>\n<meta property=\"og:locale\" content=\"pt_BR\" \/>\n<meta property=\"og:type\" content=\"article\" \/>\n<meta property=\"og:title\" content=\"Todo apoio \u00e0 greve dos trabalhadores da EBC - PSOL 50\" \/>\n<meta property=\"og:description\" content=\"Por reajuste salarial digno e mais direitos! Contra o ass\u00e9dio moral e os privil\u00e9gios! Os trabalhadores da Empresa Brasil de Comunica\u00e7\u00e3o (EBC), antiga Radiobras, iniciaram na ter\u00e7a-feira (10\/11), greve por tempo indeterminado, com a participa\u00e7\u00e3o de jornalistas, radialistas e funcion\u00e1rios do administrativo. A categoria luta por aumento salarial conforme o \u00edndice do IPCA, mais um [&hellip;]\" \/>\n<meta property=\"og:url\" content=\"https:\/\/psol50.org.br\/todo-apoio-a-greve-dos-trabalhadores-da-ebc\/\" \/>\n<meta property=\"og:site_name\" content=\"PSOL 50\" \/>\n<meta property=\"article:publisher\" content=\"https:\/\/www.facebook.com\/psol50\" \/>\n<meta property=\"article:published_time\" content=\"2015-11-12T16:19:47+00:00\" \/>\n<meta property=\"og:image\" content=\"https:\/\/psol50.org.br\/inc\/uploads\/2015\/11\/Greve-EBC-Leonor.jpg\" \/>\n\t<meta property=\"og:image:width\" content=\"960\" \/>\n\t<meta property=\"og:image:height\" content=\"720\" \/>\n\t<meta property=\"og:image:type\" content=\"image\/jpeg\" \/>\n<meta name=\"author\" content=\"Comunica\u00e7\u00e3o PSOL\" \/>\n<meta name=\"twitter:card\" content=\"summary_large_image\" \/>\n<meta name=\"twitter:creator\" content=\"@psol50\" \/>\n<meta name=\"twitter:site\" content=\"@psol50\" \/>\n<meta name=\"twitter:label1\" content=\"Escrito por\" \/>\n\t<meta name=\"twitter:data1\" content=\"Comunica\u00e7\u00e3o PSOL\" \/>\n\t<meta name=\"twitter:label2\" content=\"Est. tempo de leitura\" \/>\n\t<meta name=\"twitter:data2\" content=\"3 minutos\" \/>\n<script type=\"application\/ld+json\" class=\"yoast-schema-graph\">{\"@context\":\"https:\/\/schema.org\",\"@graph\":[{\"@type\":\"Article\",\"@id\":\"https:\/\/psol50.org.br\/todo-apoio-a-greve-dos-trabalhadores-da-ebc\/#article\",\"isPartOf\":{\"@id\":\"https:\/\/psol50.org.br\/todo-apoio-a-greve-dos-trabalhadores-da-ebc\/\"},\"author\":{\"name\":\"Comunica\u00e7\u00e3o PSOL\",\"@id\":\"https:\/\/psol50.org.br\/#\/schema\/person\/475dfa57d0b815993c714c2e96491fcd\"},\"headline\":\"Todo apoio \u00e0 greve dos trabalhadores da EBC\",\"datePublished\":\"2015-11-12T16:19:47+00:00\",\"mainEntityOfPage\":{\"@id\":\"https:\/\/psol50.org.br\/todo-apoio-a-greve-dos-trabalhadores-da-ebc\/\"},\"wordCount\":508,\"commentCount\":0,\"publisher\":{\"@id\":\"https:\/\/psol50.org.br\/#organization\"},\"image\":{\"@id\":\"https:\/\/psol50.org.br\/todo-apoio-a-greve-dos-trabalhadores-da-ebc\/#primaryimage\"},\"thumbnailUrl\":\"https:\/\/psol50.org.br\/inc\/uploads\/2015\/11\/Greve-EBC-Leonor.jpg\",\"keywords\":[\"Ag\u00eancia Brasil\",\"Ajuste Fiscal\",\"Bancada do PSOL\",\"Chico Alencar\",\"comunica\u00e7\u00e3o p\u00fablica\",\"EBC\",\"greve\",\"jornalistas\",\"Minist\u00e9rio do Planejamento\",\"PSOL\",\"radialistas\",\"R\u00e1dio Nacional\",\"TV Brasil\"],\"articleSection\":[\"A\u00e7\u00e3o Parlamentar\",\"Brasil\",\"Movimento\"],\"inLanguage\":\"pt-BR\",\"potentialAction\":[{\"@type\":\"CommentAction\",\"name\":\"Comment\",\"target\":[\"https:\/\/psol50.org.br\/todo-apoio-a-greve-dos-trabalhadores-da-ebc\/#respond\"]}]},{\"@type\":\"WebPage\",\"@id\":\"https:\/\/psol50.org.br\/todo-apoio-a-greve-dos-trabalhadores-da-ebc\/\",\"url\":\"https:\/\/psol50.org.br\/todo-apoio-a-greve-dos-trabalhadores-da-ebc\/\",\"name\":\"Todo apoio \u00e0 greve dos trabalhadores da EBC - PSOL 50\",\"isPartOf\":{\"@id\":\"https:\/\/psol50.org.br\/#website\"},\"primaryImageOfPage\":{\"@id\":\"https:\/\/psol50.org.br\/todo-apoio-a-greve-dos-trabalhadores-da-ebc\/#primaryimage\"},\"image\":{\"@id\":\"https:\/\/psol50.org.br\/todo-apoio-a-greve-dos-trabalhadores-da-ebc\/#primaryimage\"},\"thumbnailUrl\":\"https:\/\/psol50.org.br\/inc\/uploads\/2015\/11\/Greve-EBC-Leonor.jpg\",\"datePublished\":\"2015-11-12T16:19:47+00:00\",\"breadcrumb\":{\"@id\":\"https:\/\/psol50.org.br\/todo-apoio-a-greve-dos-trabalhadores-da-ebc\/#breadcrumb\"},\"inLanguage\":\"pt-BR\",\"potentialAction\":[{\"@type\":\"ReadAction\",\"target\":[\"https:\/\/psol50.org.br\/todo-apoio-a-greve-dos-trabalhadores-da-ebc\/\"]}]},{\"@type\":\"ImageObject\",\"inLanguage\":\"pt-BR\",\"@id\":\"https:\/\/psol50.org.br\/todo-apoio-a-greve-dos-trabalhadores-da-ebc\/#primaryimage\",\"url\":\"https:\/\/psol50.org.br\/inc\/uploads\/2015\/11\/Greve-EBC-Leonor.jpg\",\"contentUrl\":\"https:\/\/psol50.org.br\/inc\/uploads\/2015\/11\/Greve-EBC-Leonor.jpg\",\"width\":960,\"height\":720},{\"@type\":\"BreadcrumbList\",\"@id\":\"https:\/\/psol50.org.br\/todo-apoio-a-greve-dos-trabalhadores-da-ebc\/#breadcrumb\",\"itemListElement\":[{\"@type\":\"ListItem\",\"position\":1,\"name\":\"In\u00edcio\",\"item\":\"https:\/\/psol50.org.br\/\"},{\"@type\":\"ListItem\",\"position\":2,\"name\":\"Todo apoio \u00e0 greve dos trabalhadores da EBC\"}]},{\"@type\":\"WebSite\",\"@id\":\"https:\/\/psol50.org.br\/#website\",\"url\":\"https:\/\/psol50.org.br\/\",\"name\":\"PSOL 50\",\"description\":\"Site oficial do Partido Socialismo e Liberdade\",\"publisher\":{\"@id\":\"https:\/\/psol50.org.br\/#organization\"},\"alternateName\":\"PSOL50\",\"potentialAction\":[{\"@type\":\"SearchAction\",\"target\":{\"@type\":\"EntryPoint\",\"urlTemplate\":\"https:\/\/psol50.org.br\/?s={search_term_string}\"},\"query-input\":{\"@type\":\"PropertyValueSpecification\",\"valueRequired\":true,\"valueName\":\"search_term_string\"}}],\"inLanguage\":\"pt-BR\"},{\"@type\":\"Organization\",\"@id\":\"https:\/\/psol50.org.br\/#organization\",\"name\":\"PSOL 50\",\"alternateName\":\"PSOL 50\",\"url\":\"https:\/\/psol50.org.br\/\",\"logo\":{\"@type\":\"ImageObject\",\"inLanguage\":\"pt-BR\",\"@id\":\"https:\/\/psol50.org.br\/#\/schema\/logo\/image\/\",\"url\":\"https:\/\/psol50.org.br\/inc\/uploads\/2018\/07\/capa.png\",\"contentUrl\":\"https:\/\/psol50.org.br\/inc\/uploads\/2018\/07\/capa.png\",\"width\":1350,\"height\":900,\"caption\":\"PSOL 50\"},\"image\":{\"@id\":\"https:\/\/psol50.org.br\/#\/schema\/logo\/image\/\"},\"sameAs\":[\"https:\/\/www.facebook.com\/psol50\",\"https:\/\/x.com\/psol50\",\"https:\/\/www.instagram.com\/psol50\/\",\"https:\/\/www.youtube.com\/channel\/UC7SnJS5o1os7a6CaiNabzcg\"]},{\"@type\":\"Person\",\"@id\":\"https:\/\/psol50.org.br\/#\/schema\/person\/475dfa57d0b815993c714c2e96491fcd\",\"name\":\"Comunica\u00e7\u00e3o PSOL\",\"image\":{\"@type\":\"ImageObject\",\"inLanguage\":\"pt-BR\",\"@id\":\"https:\/\/psol50.org.br\/#\/schema\/person\/image\/\",\"url\":\"https:\/\/secure.gravatar.com\/avatar\/b34fc4f4e468a4e51785917065a3db57b841f5c95dba6ad8c73aaf8f66f8f9bf?s=96&d=mm&r=g\",\"contentUrl\":\"https:\/\/secure.gravatar.com\/avatar\/b34fc4f4e468a4e51785917065a3db57b841f5c95dba6ad8c73aaf8f66f8f9bf?s=96&d=mm&r=g\",\"caption\":\"Comunica\u00e7\u00e3o PSOL\"}}]}<\/script>\n<!-- \/ Yoast SEO plugin. -->","yoast_head_json":{"title":"Todo apoio \u00e0 greve dos trabalhadores da EBC - PSOL 50","robots":{"index":"index","follow":"follow","max-snippet":"max-snippet:-1","max-image-preview":"max-image-preview:large","max-video-preview":"max-video-preview:-1"},"canonical":"https:\/\/psol50.org.br\/todo-apoio-a-greve-dos-trabalhadores-da-ebc\/","og_locale":"pt_BR","og_type":"article","og_title":"Todo apoio \u00e0 greve dos trabalhadores da EBC - PSOL 50","og_description":"Por reajuste salarial digno e mais direitos! Contra o ass\u00e9dio moral e os privil\u00e9gios! Os trabalhadores da Empresa Brasil de Comunica\u00e7\u00e3o (EBC), antiga Radiobras, iniciaram na ter\u00e7a-feira (10\/11), greve por tempo indeterminado, com a participa\u00e7\u00e3o de jornalistas, radialistas e funcion\u00e1rios do administrativo. A categoria luta por aumento salarial conforme o \u00edndice do IPCA, mais um [&hellip;]","og_url":"https:\/\/psol50.org.br\/todo-apoio-a-greve-dos-trabalhadores-da-ebc\/","og_site_name":"PSOL 50","article_publisher":"https:\/\/www.facebook.com\/psol50","article_published_time":"2015-11-12T16:19:47+00:00","og_image":[{"width":960,"height":720,"url":"https:\/\/psol50.org.br\/inc\/uploads\/2015\/11\/Greve-EBC-Leonor.jpg","type":"image\/jpeg"}],"author":"Comunica\u00e7\u00e3o PSOL","twitter_card":"summary_large_image","twitter_creator":"@psol50","twitter_site":"@psol50","twitter_misc":{"Escrito por":"Comunica\u00e7\u00e3o PSOL","Est. tempo de leitura":"3 minutos"},"schema":{"@context":"https:\/\/schema.org","@graph":[{"@type":"Article","@id":"https:\/\/psol50.org.br\/todo-apoio-a-greve-dos-trabalhadores-da-ebc\/#article","isPartOf":{"@id":"https:\/\/psol50.org.br\/todo-apoio-a-greve-dos-trabalhadores-da-ebc\/"},"author":{"name":"Comunica\u00e7\u00e3o PSOL","@id":"https:\/\/psol50.org.br\/#\/schema\/person\/475dfa57d0b815993c714c2e96491fcd"},"headline":"Todo apoio \u00e0 greve dos trabalhadores da EBC","datePublished":"2015-11-12T16:19:47+00:00","mainEntityOfPage":{"@id":"https:\/\/psol50.org.br\/todo-apoio-a-greve-dos-trabalhadores-da-ebc\/"},"wordCount":508,"commentCount":0,"publisher":{"@id":"https:\/\/psol50.org.br\/#organization"},"image":{"@id":"https:\/\/psol50.org.br\/todo-apoio-a-greve-dos-trabalhadores-da-ebc\/#primaryimage"},"thumbnailUrl":"https:\/\/psol50.org.br\/inc\/uploads\/2015\/11\/Greve-EBC-Leonor.jpg","keywords":["Ag\u00eancia Brasil","Ajuste Fiscal","Bancada do PSOL","Chico Alencar","comunica\u00e7\u00e3o p\u00fablica","EBC","greve","jornalistas","Minist\u00e9rio do Planejamento","PSOL","radialistas","R\u00e1dio Nacional","TV Brasil"],"articleSection":["A\u00e7\u00e3o Parlamentar","Brasil","Movimento"],"inLanguage":"pt-BR","potentialAction":[{"@type":"CommentAction","name":"Comment","target":["https:\/\/psol50.org.br\/todo-apoio-a-greve-dos-trabalhadores-da-ebc\/#respond"]}]},{"@type":"WebPage","@id":"https:\/\/psol50.org.br\/todo-apoio-a-greve-dos-trabalhadores-da-ebc\/","url":"https:\/\/psol50.org.br\/todo-apoio-a-greve-dos-trabalhadores-da-ebc\/","name":"Todo apoio \u00e0 greve dos trabalhadores da EBC - PSOL 50","isPartOf":{"@id":"https:\/\/psol50.org.br\/#website"},"primaryImageOfPage":{"@id":"https:\/\/psol50.org.br\/todo-apoio-a-greve-dos-trabalhadores-da-ebc\/#primaryimage"},"image":{"@id":"https:\/\/psol50.org.br\/todo-apoio-a-greve-dos-trabalhadores-da-ebc\/#primaryimage"},"thumbnailUrl":"https:\/\/psol50.org.br\/inc\/uploads\/2015\/11\/Greve-EBC-Leonor.jpg","datePublished":"2015-11-12T16:19:47+00:00","breadcrumb":{"@id":"https:\/\/psol50.org.br\/todo-apoio-a-greve-dos-trabalhadores-da-ebc\/#breadcrumb"},"inLanguage":"pt-BR","potentialAction":[{"@type":"ReadAction","target":["https:\/\/psol50.org.br\/todo-apoio-a-greve-dos-trabalhadores-da-ebc\/"]}]},{"@type":"ImageObject","inLanguage":"pt-BR","@id":"https:\/\/psol50.org.br\/todo-apoio-a-greve-dos-trabalhadores-da-ebc\/#primaryimage","url":"https:\/\/psol50.org.br\/inc\/uploads\/2015\/11\/Greve-EBC-Leonor.jpg","contentUrl":"https:\/\/psol50.org.br\/inc\/uploads\/2015\/11\/Greve-EBC-Leonor.jpg","width":960,"height":720},{"@type":"BreadcrumbList","@id":"https:\/\/psol50.org.br\/todo-apoio-a-greve-dos-trabalhadores-da-ebc\/#breadcrumb","itemListElement":[{"@type":"ListItem","position":1,"name":"In\u00edcio","item":"https:\/\/psol50.org.br\/"},{"@type":"ListItem","position":2,"name":"Todo apoio \u00e0 greve dos trabalhadores da EBC"}]},{"@type":"WebSite","@id":"https:\/\/psol50.org.br\/#website","url":"https:\/\/psol50.org.br\/","name":"PSOL 50","description":"Site oficial do Partido Socialismo e Liberdade","publisher":{"@id":"https:\/\/psol50.org.br\/#organization"},"alternateName":"PSOL50","potentialAction":[{"@type":"SearchAction","target":{"@type":"EntryPoint","urlTemplate":"https:\/\/psol50.org.br\/?s={search_term_string}"},"query-input":{"@type":"PropertyValueSpecification","valueRequired":true,"valueName":"search_term_string"}}],"inLanguage":"pt-BR"},{"@type":"Organization","@id":"https:\/\/psol50.org.br\/#organization","name":"PSOL 50","alternateName":"PSOL 50","url":"https:\/\/psol50.org.br\/","logo":{"@type":"ImageObject","inLanguage":"pt-BR","@id":"https:\/\/psol50.org.br\/#\/schema\/logo\/image\/","url":"https:\/\/psol50.org.br\/inc\/uploads\/2018\/07\/capa.png","contentUrl":"https:\/\/psol50.org.br\/inc\/uploads\/2018\/07\/capa.png","width":1350,"height":900,"caption":"PSOL 50"},"image":{"@id":"https:\/\/psol50.org.br\/#\/schema\/logo\/image\/"},"sameAs":["https:\/\/www.facebook.com\/psol50","https:\/\/x.com\/psol50","https:\/\/www.instagram.com\/psol50\/","https:\/\/www.youtube.com\/channel\/UC7SnJS5o1os7a6CaiNabzcg"]},{"@type":"Person","@id":"https:\/\/psol50.org.br\/#\/schema\/person\/475dfa57d0b815993c714c2e96491fcd","name":"Comunica\u00e7\u00e3o PSOL","image":{"@type":"ImageObject","inLanguage":"pt-BR","@id":"https:\/\/psol50.org.br\/#\/schema\/person\/image\/","url":"https:\/\/secure.gravatar.com\/avatar\/b34fc4f4e468a4e51785917065a3db57b841f5c95dba6ad8c73aaf8f66f8f9bf?s=96&d=mm&r=g","contentUrl":"https:\/\/secure.gravatar.com\/avatar\/b34fc4f4e468a4e51785917065a3db57b841f5c95dba6ad8c73aaf8f66f8f9bf?s=96&d=mm&r=g","caption":"Comunica\u00e7\u00e3o PSOL"}}]}},"_links":{"self":[{"href":"https:\/\/psol50.org.br\/rest\/wp\/v2\/posts\/10574","targetHints":{"allow":["GET"]}}],"collection":[{"href":"https:\/\/psol50.org.br\/rest\/wp\/v2\/posts"}],"about":[{"href":"https:\/\/psol50.org.br\/rest\/wp\/v2\/types\/post"}],"author":[{"embeddable":true,"href":"https:\/\/psol50.org.br\/rest\/wp\/v2\/users\/2"}],"replies":[{"embeddable":true,"href":"https:\/\/psol50.org.br\/rest\/wp\/v2\/comments?post=10574"}],"version-history":[{"count":0,"href":"https:\/\/psol50.org.br\/rest\/wp\/v2\/posts\/10574\/revisions"}],"wp:featuredmedia":[{"embeddable":true,"href":"https:\/\/psol50.org.br\/rest\/wp\/v2\/media\/10575"}],"wp:attachment":[{"href":"https:\/\/psol50.org.br\/rest\/wp\/v2\/media?parent=10574"}],"wp:term":[{"taxonomy":"category","embeddable":true,"href":"https:\/\/psol50.org.br\/rest\/wp\/v2\/categories?post=10574"},{"taxonomy":"post_tag","embeddable":true,"href":"https:\/\/psol50.org.br\/rest\/wp\/v2\/tags?post=10574"}],"curies":[{"name":"wp","href":"https:\/\/api.w.org\/{rel}","templated":true}]}}