{"id":10577,"date":"2015-11-12T18:16:17","date_gmt":"2015-11-12T18:16:17","guid":{"rendered":"http:\/\/www.psol50.org.br\/?p=10577"},"modified":"2015-11-12T18:16:17","modified_gmt":"2015-11-12T18:16:17","slug":"bancada-do-psol-reafirma-compromisso-contra-pec-215","status":"publish","type":"post","link":"https:\/\/psol50.org.br\/bancada-do-psol-reafirma-compromisso-contra-pec-215\/","title":{"rendered":"Bancada do PSOL reafirma compromisso contra PEC 215"},"content":{"rendered":"<p>O deputado Edmilson Rodrigues (PSOL\/PA) recebeu na manh\u00e3 desta quinta-feira (12\/11), na sala da lideran\u00e7a do PSOL, ind\u00edgenas representantes das etnias Patax\u00f3, Kayap\u00f3 e Xikrin. Tamb\u00e9m participaram da reuni\u00e3o os colegas de bancada Glauber Braga (PSOL\/RJ), Ivan Valente (PSOL\/SP) e o l\u00edder Chico Alencar (PSOL\/RJ). A bancada refor\u00e7ou o seu compromisso com a pauta ind\u00edgena e seu engajamento para impedir que a PEC 215 seja votada.<br \/>\nOs ind\u00edgenas est\u00e3o na C\u00e2mara esta semana visitando todas as lideran\u00e7as partid\u00e1rias da Casa para impedir que a PEC 215, j\u00e1 aprovada em comiss\u00e3o, v\u00e1 a plen\u00e1rio. E se for, para que os parlamentares n\u00e3o aprovem essa proposta que passa do Executivo para o Legislativo a prerrogativa de demarcar terras ind\u00edgenas e quilombolas. Eles tamb\u00e9m contestam a CPI da Funai e do Incra, instalada nesta semana. Nesta comiss\u00e3o, o PSOL est\u00e1 representado pelos deputados Edmilson e Glauber. Sem deixar de indicar as fragilidades da Funai, eles entendem que \u00e9 preciso fortalece-la e n\u00e3o enfraquece-la, como querem os parlamentares da bancada ruralistas, requerentes desta comiss\u00e3o.<br \/>\nDurante a reuni\u00e3o, os ind\u00edgenas expressaram sua indigna\u00e7\u00e3o com a PEC 215, reafirmaram seu direito \u00e0 terra e, sobretudo, refor\u00e7aram a import\u00e2ncia dela para que a cultura seja assegurada. Consciente de seus direitos garantidos na Constitui\u00e7\u00e3o de 1988 e de seu papel na cultura brasileira, eles apelaram para a necessidade de se fazerem representados contra os interesses da bancada ruralista. &#8220;N\u00f3s queremos contar nossas hist\u00f3rias para os nossos filhos. Queremos ter direito a preservar nossa cultura. N\u00e3o queremos ser cap\u00edtulo de livros de hist\u00f3ria&#8221;, afirmou Maial Paiankan.<br \/>\nO deputado Edmilson Rodrigues refor\u00e7ou o compromisso de toda bancada com os direitos ind\u00edgenas. &#8220;Isto que a gente faz n\u00e3o \u00e9 favor. Eu fa\u00e7o por convic\u00e7\u00e3o&#8221;, comentou. &#8220;Esta \u00e9 nossa obriga\u00e7\u00e3o&#8221;, complementou o deputado Ivan Valente.<br \/>\nEdmilson ainda refor\u00e7ou seu compromisso pol\u00edtico para que a PEC 132 seja votada e, assim, a PEC 215 engavetada. Essa PEC, que vem do Senado, permite a indeniza\u00e7\u00e3o de possuidores de t\u00edtulos dominiais relativos a terras\u00a0declaradas como ind\u00edgenas expedidos at\u00e9 o dia 5 de outubro de 1988. &#8220;Muitas vezes um posseiro n\u00e3o est\u00e1 de m\u00e1 f\u00e9, n\u00e3o houve grilagem. E ent\u00e3o o Estado n\u00e3o pode desapropria-lo. Essa PEC n\u00e3o resolve todos os problemas, mas ajuda&#8221;, avalia Edmilson.<br \/>\nFonte: <em>Mandato deputado Edmilson Rodrigues<\/em><br \/>\n&nbsp;<br \/>\n&nbsp;<\/p>\n","protected":false},"excerpt":{"rendered":"<p>O deputado Edmilson Rodrigues (PSOL\/PA) recebeu na manh\u00e3 desta quinta-feira (12\/11), na sala da lideran\u00e7a do PSOL, ind\u00edgenas representantes das etnias Patax\u00f3, Kayap\u00f3 e Xikrin. Tamb\u00e9m participaram da reuni\u00e3o os colegas de bancada Glauber Braga (PSOL\/RJ), Ivan Valente (PSOL\/SP) e o l\u00edder Chico Alencar (PSOL\/RJ). A bancada refor\u00e7ou o seu compromisso com a pauta ind\u00edgena [&hellip;]<\/p>\n","protected":false},"author":2,"featured_media":10578,"comment_status":"open","ping_status":"open","sticky":false,"template":"","format":"standard","meta":{"_acf_changed":false,"footnotes":""},"categories":[10,1882,6,14],"tags":[2734,2196,1680,973,533,1191,1138,12,552,4863,4864,4749,22,4865],"class_list":{"0":"post-10577","1":"post","2":"type-post","3":"status-publish","4":"format-standard","5":"has-post-thumbnail","7":"category-acao-parlamentares","8":"category-brasil","9":"category-noticias","10":"category-partido","11":"tag-bancada-do-psol","12":"tag-bancada-ruralista","13":"tag-chico-alencar","14":"tag-edmilson-rodrigues","15":"tag-funai","16":"tag-glauber-braga","17":"tag-incra","18":"tag-indigenas","19":"tag-ivan-valente","20":"tag-kayapo","21":"tag-pataxo","22":"tag-pec-215","23":"tag-psol","24":"tag-xikrin"},"acf":[],"yoast_head":"<!-- This site is optimized with the Yoast SEO plugin v26.5 - https:\/\/yoast.com\/wordpress\/plugins\/seo\/ -->\n<title>Bancada do PSOL reafirma compromisso contra PEC 215 - PSOL 50<\/title>\n<meta name=\"robots\" content=\"index, follow, max-snippet:-1, max-image-preview:large, max-video-preview:-1\" \/>\n<link rel=\"canonical\" href=\"https:\/\/psol50.org.br\/bancada-do-psol-reafirma-compromisso-contra-pec-215\/\" \/>\n<meta property=\"og:locale\" content=\"pt_BR\" \/>\n<meta property=\"og:type\" content=\"article\" \/>\n<meta property=\"og:title\" content=\"Bancada do PSOL reafirma compromisso contra PEC 215 - PSOL 50\" \/>\n<meta property=\"og:description\" content=\"O deputado Edmilson Rodrigues (PSOL\/PA) recebeu na manh\u00e3 desta quinta-feira (12\/11), na sala da lideran\u00e7a do PSOL, ind\u00edgenas representantes das etnias Patax\u00f3, Kayap\u00f3 e Xikrin. Tamb\u00e9m participaram da reuni\u00e3o os colegas de bancada Glauber Braga (PSOL\/RJ), Ivan Valente (PSOL\/SP) e o l\u00edder Chico Alencar (PSOL\/RJ). A bancada refor\u00e7ou o seu compromisso com a pauta ind\u00edgena [&hellip;]\" \/>\n<meta property=\"og:url\" content=\"https:\/\/psol50.org.br\/bancada-do-psol-reafirma-compromisso-contra-pec-215\/\" \/>\n<meta property=\"og:site_name\" content=\"PSOL 50\" \/>\n<meta property=\"article:publisher\" content=\"https:\/\/www.facebook.com\/psol50\" \/>\n<meta property=\"article:published_time\" content=\"2015-11-12T18:16:17+00:00\" \/>\n<meta property=\"og:image\" content=\"https:\/\/psol50.org.br\/inc\/uploads\/2015\/11\/Deputados-com-indigenas-na-Lideranca-e1448896778233.jpg\" \/>\n\t<meta property=\"og:image:width\" content=\"1000\" \/>\n\t<meta property=\"og:image:height\" content=\"667\" \/>\n\t<meta property=\"og:image:type\" content=\"image\/jpeg\" \/>\n<meta name=\"author\" content=\"Comunica\u00e7\u00e3o PSOL\" \/>\n<meta name=\"twitter:card\" content=\"summary_large_image\" \/>\n<meta name=\"twitter:creator\" content=\"@psol50\" \/>\n<meta name=\"twitter:site\" content=\"@psol50\" \/>\n<meta name=\"twitter:label1\" content=\"Escrito por\" \/>\n\t<meta name=\"twitter:data1\" content=\"Comunica\u00e7\u00e3o PSOL\" \/>\n\t<meta name=\"twitter:label2\" content=\"Est. tempo de leitura\" \/>\n\t<meta name=\"twitter:data2\" content=\"2 minutos\" \/>\n<script type=\"application\/ld+json\" class=\"yoast-schema-graph\">{\"@context\":\"https:\/\/schema.org\",\"@graph\":[{\"@type\":\"Article\",\"@id\":\"https:\/\/psol50.org.br\/bancada-do-psol-reafirma-compromisso-contra-pec-215\/#article\",\"isPartOf\":{\"@id\":\"https:\/\/psol50.org.br\/bancada-do-psol-reafirma-compromisso-contra-pec-215\/\"},\"author\":{\"name\":\"Comunica\u00e7\u00e3o PSOL\",\"@id\":\"https:\/\/psol50.org.br\/#\/schema\/person\/475dfa57d0b815993c714c2e96491fcd\"},\"headline\":\"Bancada do PSOL reafirma compromisso contra PEC 215\",\"datePublished\":\"2015-11-12T18:16:17+00:00\",\"mainEntityOfPage\":{\"@id\":\"https:\/\/psol50.org.br\/bancada-do-psol-reafirma-compromisso-contra-pec-215\/\"},\"wordCount\":423,\"commentCount\":0,\"publisher\":{\"@id\":\"https:\/\/psol50.org.br\/#organization\"},\"image\":{\"@id\":\"https:\/\/psol50.org.br\/bancada-do-psol-reafirma-compromisso-contra-pec-215\/#primaryimage\"},\"thumbnailUrl\":\"https:\/\/psol50.org.br\/inc\/uploads\/2015\/11\/Deputados-com-indigenas-na-Lideranca-e1448896778233.jpg\",\"keywords\":[\"Bancada do PSOL\",\"bancada ruralista\",\"Chico Alencar\",\"Edmilson Rodrigues\",\"Funai\",\"Glauber Braga\",\"Incra\",\"Ind\u00edgenas\",\"Ivan Valente\",\"Kayap\u00f3\",\"Patax\u00f3\",\"PEC 215\",\"PSOL\",\"Xikrin\"],\"articleSection\":[\"A\u00e7\u00e3o Parlamentar\",\"Brasil\",\"Not\u00edcias\",\"Partido\"],\"inLanguage\":\"pt-BR\",\"potentialAction\":[{\"@type\":\"CommentAction\",\"name\":\"Comment\",\"target\":[\"https:\/\/psol50.org.br\/bancada-do-psol-reafirma-compromisso-contra-pec-215\/#respond\"]}]},{\"@type\":\"WebPage\",\"@id\":\"https:\/\/psol50.org.br\/bancada-do-psol-reafirma-compromisso-contra-pec-215\/\",\"url\":\"https:\/\/psol50.org.br\/bancada-do-psol-reafirma-compromisso-contra-pec-215\/\",\"name\":\"Bancada do PSOL reafirma compromisso contra PEC 215 - PSOL 50\",\"isPartOf\":{\"@id\":\"https:\/\/psol50.org.br\/#website\"},\"primaryImageOfPage\":{\"@id\":\"https:\/\/psol50.org.br\/bancada-do-psol-reafirma-compromisso-contra-pec-215\/#primaryimage\"},\"image\":{\"@id\":\"https:\/\/psol50.org.br\/bancada-do-psol-reafirma-compromisso-contra-pec-215\/#primaryimage\"},\"thumbnailUrl\":\"https:\/\/psol50.org.br\/inc\/uploads\/2015\/11\/Deputados-com-indigenas-na-Lideranca-e1448896778233.jpg\",\"datePublished\":\"2015-11-12T18:16:17+00:00\",\"breadcrumb\":{\"@id\":\"https:\/\/psol50.org.br\/bancada-do-psol-reafirma-compromisso-contra-pec-215\/#breadcrumb\"},\"inLanguage\":\"pt-BR\",\"potentialAction\":[{\"@type\":\"ReadAction\",\"target\":[\"https:\/\/psol50.org.br\/bancada-do-psol-reafirma-compromisso-contra-pec-215\/\"]}]},{\"@type\":\"ImageObject\",\"inLanguage\":\"pt-BR\",\"@id\":\"https:\/\/psol50.org.br\/bancada-do-psol-reafirma-compromisso-contra-pec-215\/#primaryimage\",\"url\":\"https:\/\/psol50.org.br\/inc\/uploads\/2015\/11\/Deputados-com-indigenas-na-Lideranca-e1448896778233.jpg\",\"contentUrl\":\"https:\/\/psol50.org.br\/inc\/uploads\/2015\/11\/Deputados-com-indigenas-na-Lideranca-e1448896778233.jpg\",\"width\":1000,\"height\":667},{\"@type\":\"BreadcrumbList\",\"@id\":\"https:\/\/psol50.org.br\/bancada-do-psol-reafirma-compromisso-contra-pec-215\/#breadcrumb\",\"itemListElement\":[{\"@type\":\"ListItem\",\"position\":1,\"name\":\"In\u00edcio\",\"item\":\"https:\/\/psol50.org.br\/\"},{\"@type\":\"ListItem\",\"position\":2,\"name\":\"Bancada do PSOL reafirma compromisso contra PEC 215\"}]},{\"@type\":\"WebSite\",\"@id\":\"https:\/\/psol50.org.br\/#website\",\"url\":\"https:\/\/psol50.org.br\/\",\"name\":\"PSOL 50\",\"description\":\"Site oficial do Partido Socialismo e Liberdade\",\"publisher\":{\"@id\":\"https:\/\/psol50.org.br\/#organization\"},\"alternateName\":\"PSOL50\",\"potentialAction\":[{\"@type\":\"SearchAction\",\"target\":{\"@type\":\"EntryPoint\",\"urlTemplate\":\"https:\/\/psol50.org.br\/?s={search_term_string}\"},\"query-input\":{\"@type\":\"PropertyValueSpecification\",\"valueRequired\":true,\"valueName\":\"search_term_string\"}}],\"inLanguage\":\"pt-BR\"},{\"@type\":\"Organization\",\"@id\":\"https:\/\/psol50.org.br\/#organization\",\"name\":\"PSOL 50\",\"alternateName\":\"PSOL 50\",\"url\":\"https:\/\/psol50.org.br\/\",\"logo\":{\"@type\":\"ImageObject\",\"inLanguage\":\"pt-BR\",\"@id\":\"https:\/\/psol50.org.br\/#\/schema\/logo\/image\/\",\"url\":\"https:\/\/psol50.org.br\/inc\/uploads\/2018\/07\/capa.png\",\"contentUrl\":\"https:\/\/psol50.org.br\/inc\/uploads\/2018\/07\/capa.png\",\"width\":1350,\"height\":900,\"caption\":\"PSOL 50\"},\"image\":{\"@id\":\"https:\/\/psol50.org.br\/#\/schema\/logo\/image\/\"},\"sameAs\":[\"https:\/\/www.facebook.com\/psol50\",\"https:\/\/x.com\/psol50\",\"https:\/\/www.instagram.com\/psol50\/\",\"https:\/\/www.youtube.com\/channel\/UC7SnJS5o1os7a6CaiNabzcg\"]},{\"@type\":\"Person\",\"@id\":\"https:\/\/psol50.org.br\/#\/schema\/person\/475dfa57d0b815993c714c2e96491fcd\",\"name\":\"Comunica\u00e7\u00e3o PSOL\",\"image\":{\"@type\":\"ImageObject\",\"inLanguage\":\"pt-BR\",\"@id\":\"https:\/\/psol50.org.br\/#\/schema\/person\/image\/\",\"url\":\"https:\/\/secure.gravatar.com\/avatar\/b34fc4f4e468a4e51785917065a3db57b841f5c95dba6ad8c73aaf8f66f8f9bf?s=96&d=mm&r=g\",\"contentUrl\":\"https:\/\/secure.gravatar.com\/avatar\/b34fc4f4e468a4e51785917065a3db57b841f5c95dba6ad8c73aaf8f66f8f9bf?s=96&d=mm&r=g\",\"caption\":\"Comunica\u00e7\u00e3o PSOL\"}}]}<\/script>\n<!-- \/ Yoast SEO plugin. -->","yoast_head_json":{"title":"Bancada do PSOL reafirma compromisso contra PEC 215 - PSOL 50","robots":{"index":"index","follow":"follow","max-snippet":"max-snippet:-1","max-image-preview":"max-image-preview:large","max-video-preview":"max-video-preview:-1"},"canonical":"https:\/\/psol50.org.br\/bancada-do-psol-reafirma-compromisso-contra-pec-215\/","og_locale":"pt_BR","og_type":"article","og_title":"Bancada do PSOL reafirma compromisso contra PEC 215 - PSOL 50","og_description":"O deputado Edmilson Rodrigues (PSOL\/PA) recebeu na manh\u00e3 desta quinta-feira (12\/11), na sala da lideran\u00e7a do PSOL, ind\u00edgenas representantes das etnias Patax\u00f3, Kayap\u00f3 e Xikrin. Tamb\u00e9m participaram da reuni\u00e3o os colegas de bancada Glauber Braga (PSOL\/RJ), Ivan Valente (PSOL\/SP) e o l\u00edder Chico Alencar (PSOL\/RJ). A bancada refor\u00e7ou o seu compromisso com a pauta ind\u00edgena [&hellip;]","og_url":"https:\/\/psol50.org.br\/bancada-do-psol-reafirma-compromisso-contra-pec-215\/","og_site_name":"PSOL 50","article_publisher":"https:\/\/www.facebook.com\/psol50","article_published_time":"2015-11-12T18:16:17+00:00","og_image":[{"width":1000,"height":667,"url":"https:\/\/psol50.org.br\/inc\/uploads\/2015\/11\/Deputados-com-indigenas-na-Lideranca-e1448896778233.jpg","type":"image\/jpeg"}],"author":"Comunica\u00e7\u00e3o PSOL","twitter_card":"summary_large_image","twitter_creator":"@psol50","twitter_site":"@psol50","twitter_misc":{"Escrito por":"Comunica\u00e7\u00e3o PSOL","Est. tempo de leitura":"2 minutos"},"schema":{"@context":"https:\/\/schema.org","@graph":[{"@type":"Article","@id":"https:\/\/psol50.org.br\/bancada-do-psol-reafirma-compromisso-contra-pec-215\/#article","isPartOf":{"@id":"https:\/\/psol50.org.br\/bancada-do-psol-reafirma-compromisso-contra-pec-215\/"},"author":{"name":"Comunica\u00e7\u00e3o PSOL","@id":"https:\/\/psol50.org.br\/#\/schema\/person\/475dfa57d0b815993c714c2e96491fcd"},"headline":"Bancada do PSOL reafirma compromisso contra PEC 215","datePublished":"2015-11-12T18:16:17+00:00","mainEntityOfPage":{"@id":"https:\/\/psol50.org.br\/bancada-do-psol-reafirma-compromisso-contra-pec-215\/"},"wordCount":423,"commentCount":0,"publisher":{"@id":"https:\/\/psol50.org.br\/#organization"},"image":{"@id":"https:\/\/psol50.org.br\/bancada-do-psol-reafirma-compromisso-contra-pec-215\/#primaryimage"},"thumbnailUrl":"https:\/\/psol50.org.br\/inc\/uploads\/2015\/11\/Deputados-com-indigenas-na-Lideranca-e1448896778233.jpg","keywords":["Bancada do PSOL","bancada ruralista","Chico Alencar","Edmilson Rodrigues","Funai","Glauber Braga","Incra","Ind\u00edgenas","Ivan Valente","Kayap\u00f3","Patax\u00f3","PEC 215","PSOL","Xikrin"],"articleSection":["A\u00e7\u00e3o Parlamentar","Brasil","Not\u00edcias","Partido"],"inLanguage":"pt-BR","potentialAction":[{"@type":"CommentAction","name":"Comment","target":["https:\/\/psol50.org.br\/bancada-do-psol-reafirma-compromisso-contra-pec-215\/#respond"]}]},{"@type":"WebPage","@id":"https:\/\/psol50.org.br\/bancada-do-psol-reafirma-compromisso-contra-pec-215\/","url":"https:\/\/psol50.org.br\/bancada-do-psol-reafirma-compromisso-contra-pec-215\/","name":"Bancada do PSOL reafirma compromisso contra PEC 215 - PSOL 50","isPartOf":{"@id":"https:\/\/psol50.org.br\/#website"},"primaryImageOfPage":{"@id":"https:\/\/psol50.org.br\/bancada-do-psol-reafirma-compromisso-contra-pec-215\/#primaryimage"},"image":{"@id":"https:\/\/psol50.org.br\/bancada-do-psol-reafirma-compromisso-contra-pec-215\/#primaryimage"},"thumbnailUrl":"https:\/\/psol50.org.br\/inc\/uploads\/2015\/11\/Deputados-com-indigenas-na-Lideranca-e1448896778233.jpg","datePublished":"2015-11-12T18:16:17+00:00","breadcrumb":{"@id":"https:\/\/psol50.org.br\/bancada-do-psol-reafirma-compromisso-contra-pec-215\/#breadcrumb"},"inLanguage":"pt-BR","potentialAction":[{"@type":"ReadAction","target":["https:\/\/psol50.org.br\/bancada-do-psol-reafirma-compromisso-contra-pec-215\/"]}]},{"@type":"ImageObject","inLanguage":"pt-BR","@id":"https:\/\/psol50.org.br\/bancada-do-psol-reafirma-compromisso-contra-pec-215\/#primaryimage","url":"https:\/\/psol50.org.br\/inc\/uploads\/2015\/11\/Deputados-com-indigenas-na-Lideranca-e1448896778233.jpg","contentUrl":"https:\/\/psol50.org.br\/inc\/uploads\/2015\/11\/Deputados-com-indigenas-na-Lideranca-e1448896778233.jpg","width":1000,"height":667},{"@type":"BreadcrumbList","@id":"https:\/\/psol50.org.br\/bancada-do-psol-reafirma-compromisso-contra-pec-215\/#breadcrumb","itemListElement":[{"@type":"ListItem","position":1,"name":"In\u00edcio","item":"https:\/\/psol50.org.br\/"},{"@type":"ListItem","position":2,"name":"Bancada do PSOL reafirma compromisso contra PEC 215"}]},{"@type":"WebSite","@id":"https:\/\/psol50.org.br\/#website","url":"https:\/\/psol50.org.br\/","name":"PSOL 50","description":"Site oficial do Partido Socialismo e Liberdade","publisher":{"@id":"https:\/\/psol50.org.br\/#organization"},"alternateName":"PSOL50","potentialAction":[{"@type":"SearchAction","target":{"@type":"EntryPoint","urlTemplate":"https:\/\/psol50.org.br\/?s={search_term_string}"},"query-input":{"@type":"PropertyValueSpecification","valueRequired":true,"valueName":"search_term_string"}}],"inLanguage":"pt-BR"},{"@type":"Organization","@id":"https:\/\/psol50.org.br\/#organization","name":"PSOL 50","alternateName":"PSOL 50","url":"https:\/\/psol50.org.br\/","logo":{"@type":"ImageObject","inLanguage":"pt-BR","@id":"https:\/\/psol50.org.br\/#\/schema\/logo\/image\/","url":"https:\/\/psol50.org.br\/inc\/uploads\/2018\/07\/capa.png","contentUrl":"https:\/\/psol50.org.br\/inc\/uploads\/2018\/07\/capa.png","width":1350,"height":900,"caption":"PSOL 50"},"image":{"@id":"https:\/\/psol50.org.br\/#\/schema\/logo\/image\/"},"sameAs":["https:\/\/www.facebook.com\/psol50","https:\/\/x.com\/psol50","https:\/\/www.instagram.com\/psol50\/","https:\/\/www.youtube.com\/channel\/UC7SnJS5o1os7a6CaiNabzcg"]},{"@type":"Person","@id":"https:\/\/psol50.org.br\/#\/schema\/person\/475dfa57d0b815993c714c2e96491fcd","name":"Comunica\u00e7\u00e3o PSOL","image":{"@type":"ImageObject","inLanguage":"pt-BR","@id":"https:\/\/psol50.org.br\/#\/schema\/person\/image\/","url":"https:\/\/secure.gravatar.com\/avatar\/b34fc4f4e468a4e51785917065a3db57b841f5c95dba6ad8c73aaf8f66f8f9bf?s=96&d=mm&r=g","contentUrl":"https:\/\/secure.gravatar.com\/avatar\/b34fc4f4e468a4e51785917065a3db57b841f5c95dba6ad8c73aaf8f66f8f9bf?s=96&d=mm&r=g","caption":"Comunica\u00e7\u00e3o PSOL"}}]}},"_links":{"self":[{"href":"https:\/\/psol50.org.br\/rest\/wp\/v2\/posts\/10577","targetHints":{"allow":["GET"]}}],"collection":[{"href":"https:\/\/psol50.org.br\/rest\/wp\/v2\/posts"}],"about":[{"href":"https:\/\/psol50.org.br\/rest\/wp\/v2\/types\/post"}],"author":[{"embeddable":true,"href":"https:\/\/psol50.org.br\/rest\/wp\/v2\/users\/2"}],"replies":[{"embeddable":true,"href":"https:\/\/psol50.org.br\/rest\/wp\/v2\/comments?post=10577"}],"version-history":[{"count":0,"href":"https:\/\/psol50.org.br\/rest\/wp\/v2\/posts\/10577\/revisions"}],"wp:featuredmedia":[{"embeddable":true,"href":"https:\/\/psol50.org.br\/rest\/wp\/v2\/media\/10578"}],"wp:attachment":[{"href":"https:\/\/psol50.org.br\/rest\/wp\/v2\/media?parent=10577"}],"wp:term":[{"taxonomy":"category","embeddable":true,"href":"https:\/\/psol50.org.br\/rest\/wp\/v2\/categories?post=10577"},{"taxonomy":"post_tag","embeddable":true,"href":"https:\/\/psol50.org.br\/rest\/wp\/v2\/tags?post=10577"}],"curies":[{"name":"wp","href":"https:\/\/api.w.org\/{rel}","templated":true}]}}