{"id":1058,"date":"2012-05-01T00:00:00","date_gmt":"2012-05-01T00:00:00","guid":{"rendered":"http:\/\/psol50.org.br\/arquivo\/2012\/05\/01\/fenaj-futuro-dos-trabalhadores-exige-compromisso-de-luta-e-solidariedade\/"},"modified":"2012-05-01T00:00:00","modified_gmt":"2012-05-01T00:00:00","slug":"fenaj-futuro-dos-trabalhadores-exige-compromisso-de-luta-e-solidariedade","status":"publish","type":"post","link":"https:\/\/psol50.org.br\/fenaj-futuro-dos-trabalhadores-exige-compromisso-de-luta-e-solidariedade\/","title":{"rendered":"Fenaj: Futuro dos trabalhadores exige compromisso de luta e solidariedade"},"content":{"rendered":"<p style=\"text-align: justify\"><a href=\"http:\/\/psol50.org.br\/blog\/2012\/05\/01\/futuro-dos-trabalhadores-exige-compromisso-de-luta-e-solidariedade\/fenaj\/\" rel=\"attachment wp-att-15360\"><img loading=\"lazy\" decoding=\"async\" class=\"aligncenter size-full wp-image-15360\" src=\"http:\/\/psol50.org.br\/files\/2012\/05\/FENAJ.jpg\" alt=\"\" width=\"440\" height=\"146\" \/><\/a>A Federa\u00e7\u00e3o Nacional dos Jornalistas sa\u00fada a categoria e os demais trabalhadores brasileiros neste 1\u00ba de Maio, data de celebra\u00e7\u00e3o internacional das conquistas da classe trabalhadora, reafirmando a necessidade da luta coletiva e unit\u00e1ria como alternativa de supera\u00e7\u00e3o de dilemas hist\u00f3ricos nas rela\u00e7\u00f5es entre capital e trabalho. Combater a onda de desregulamenta\u00e7\u00e3o e precariza\u00e7\u00e3o das profiss\u00f5es e das rela\u00e7\u00f5es trabalhistas \u00e9 uma necessidade, diante do aprofundamento do quadro de desigualdade e injusti\u00e7a social.<\/p>\n<p style=\"text-align: justify\">A preserva\u00e7\u00e3o e amplia\u00e7\u00e3o dos direitos dos trabalhadores no Brasil e no mundo (ao contr\u00e1rio do que vem sendo feito em v\u00e1rios pa\u00edses) \u00e9 bandeira de luta que requer o protagonismo e a solidariedade dos que clamam por melhores condi\u00e7\u00f5es de vida e por uma outra perspectiva de sociedade que n\u00e3o a barb\u00e1rie da fome, da mis\u00e9ria, da viol\u00eancia e da explora\u00e7\u00e3o, que subjugam a dignidade humana.<\/p>\n<p style=\"text-align: justify\">Particularmente quanto \u00e0 realidade dos jornalistas brasileiros, faz-se necess\u00e1rio reafirmar a import\u00e2ncia do seu trabalho como condi\u00e7\u00e3o para assegurar \u00e0 sociedade o direito fundamental de acesso \u00e0 informa\u00e7\u00e3o de relevante interesse p\u00fablico com qualidade. Tamanha responsabilidade social, infelizmente, tem como contrapartida patronal o arrocho salarial, a superexplora\u00e7\u00e3o do trabalho e o desrespeito a direitos b\u00e1sicos dos jornalistas.<\/p>\n<p style=\"text-align: justify\">As lutas pelo estabelecimento de um piso salarial nacional para a categoria, pelo respeito \u00e0 regulamenta\u00e7\u00e3o da profiss\u00e3o, com a volta da exig\u00eancia do diploma, de combate \u00e0s pr\u00e1ticas antissindicais de demiss\u00e3o e\/ou afastamento de dirigentes, bem como de combate \u00e0 crescente viol\u00eancia contra jornalistas e ao cerceamento \u00e0 liberdade de express\u00e3o s\u00e3o necess\u00e1rias e exigem respostas urgentes das autoridades brasileiras.<\/p>\n<p style=\"text-align: justify\">Aliadas a isso, bandeiras como a da democratiza\u00e7\u00e3o da comunica\u00e7\u00e3o, com a consequente aprova\u00e7\u00e3o de um novo marco regulat\u00f3rio do setor, s\u00e3o fundamentais para aperfei\u00e7oar e aprofundar a democracia brasileira e dar voz \u00e0 classe trabalhadora.<\/p>\n<p style=\"text-align: justify\">A FENAJ, juntamente com a Federa\u00e7\u00e3o Internacional dos Jornalistas (FIJ), conclama os jornalistas e demais trabalhadores brasileiros a reavivar o esp\u00edrito do Dia Internacional do Trabalhador, exortando a uni\u00e3o da classe trabalhadora, a solidariedade e a esperan\u00e7a no futuro, que \u00e9 constru\u00eddo na luta cotidiana.<\/p>\n<p style=\"text-align: justify\"><a href=\"http:\/\/www.fenaj.org.br\/materia.php?id=3589\"><strong>Bras\u00edlia, 30 de abril de 2012.<\/strong><br \/>\n<strong> Diretoria da FENAJ<\/strong><\/a><\/p>\n","protected":false},"excerpt":{"rendered":"<p>A Federa\u00e7\u00e3o Nacional dos Jornalistas sa\u00fada a categoria e os demais trabalhadores brasileiros neste 1\u00ba de Maio, data de celebra\u00e7\u00e3o internacional das conquistas da classe trabalhadora, reafirmando a necessidade da luta coletiva e unit\u00e1ria como alternativa de supera\u00e7\u00e3o de dilemas hist\u00f3ricos nas rela\u00e7\u00f5es entre capital e trabalho. Combater a onda de desregulamenta\u00e7\u00e3o e precariza\u00e7\u00e3o das [&hellip;]<\/p>\n","protected":false},"author":2,"featured_media":0,"comment_status":"open","ping_status":"open","sticky":false,"template":"","format":"standard","meta":{"_acf_changed":false,"footnotes":""},"categories":[4766],"tags":[],"class_list":{"0":"post-1058","1":"post","2":"type-post","3":"status-publish","4":"format-standard","6":"category-arquivo"},"acf":[],"yoast_head":"<!-- This site is optimized with the Yoast SEO plugin v26.5 - https:\/\/yoast.com\/wordpress\/plugins\/seo\/ -->\n<title>Fenaj: Futuro dos trabalhadores exige compromisso de luta e solidariedade - PSOL 50<\/title>\n<meta name=\"robots\" content=\"index, follow, max-snippet:-1, max-image-preview:large, max-video-preview:-1\" \/>\n<link rel=\"canonical\" href=\"https:\/\/psol50.org.br\/fenaj-futuro-dos-trabalhadores-exige-compromisso-de-luta-e-solidariedade\/\" \/>\n<meta property=\"og:locale\" content=\"pt_BR\" \/>\n<meta property=\"og:type\" content=\"article\" \/>\n<meta property=\"og:title\" content=\"Fenaj: Futuro dos trabalhadores exige compromisso de luta e solidariedade - PSOL 50\" \/>\n<meta property=\"og:description\" content=\"A Federa\u00e7\u00e3o Nacional dos Jornalistas sa\u00fada a categoria e os demais trabalhadores brasileiros neste 1\u00ba de Maio, data de celebra\u00e7\u00e3o internacional das conquistas da classe trabalhadora, reafirmando a necessidade da luta coletiva e unit\u00e1ria como alternativa de supera\u00e7\u00e3o de dilemas hist\u00f3ricos nas rela\u00e7\u00f5es entre capital e trabalho. Combater a onda de desregulamenta\u00e7\u00e3o e precariza\u00e7\u00e3o das [&hellip;]\" \/>\n<meta property=\"og:url\" content=\"https:\/\/psol50.org.br\/fenaj-futuro-dos-trabalhadores-exige-compromisso-de-luta-e-solidariedade\/\" \/>\n<meta property=\"og:site_name\" content=\"PSOL 50\" \/>\n<meta property=\"article:publisher\" content=\"https:\/\/www.facebook.com\/psol50\" \/>\n<meta property=\"article:published_time\" content=\"2012-05-01T00:00:00+00:00\" \/>\n<meta property=\"og:image\" content=\"http:\/\/psol50.org.br\/files\/2012\/05\/FENAJ.jpg\" \/>\n<meta name=\"author\" content=\"Comunica\u00e7\u00e3o PSOL\" \/>\n<meta name=\"twitter:card\" content=\"summary_large_image\" \/>\n<meta name=\"twitter:creator\" content=\"@psol50\" \/>\n<meta name=\"twitter:site\" content=\"@psol50\" \/>\n<meta name=\"twitter:label1\" content=\"Escrito por\" \/>\n\t<meta name=\"twitter:data1\" content=\"Comunica\u00e7\u00e3o PSOL\" \/>\n\t<meta name=\"twitter:label2\" content=\"Est. tempo de leitura\" \/>\n\t<meta name=\"twitter:data2\" content=\"2 minutos\" \/>\n<script type=\"application\/ld+json\" class=\"yoast-schema-graph\">{\"@context\":\"https:\/\/schema.org\",\"@graph\":[{\"@type\":\"Article\",\"@id\":\"https:\/\/psol50.org.br\/fenaj-futuro-dos-trabalhadores-exige-compromisso-de-luta-e-solidariedade\/#article\",\"isPartOf\":{\"@id\":\"https:\/\/psol50.org.br\/fenaj-futuro-dos-trabalhadores-exige-compromisso-de-luta-e-solidariedade\/\"},\"author\":{\"name\":\"Comunica\u00e7\u00e3o PSOL\",\"@id\":\"https:\/\/psol50.org.br\/#\/schema\/person\/475dfa57d0b815993c714c2e96491fcd\"},\"headline\":\"Fenaj: Futuro dos trabalhadores exige compromisso de luta e solidariedade\",\"datePublished\":\"2012-05-01T00:00:00+00:00\",\"mainEntityOfPage\":{\"@id\":\"https:\/\/psol50.org.br\/fenaj-futuro-dos-trabalhadores-exige-compromisso-de-luta-e-solidariedade\/\"},\"wordCount\":397,\"commentCount\":0,\"publisher\":{\"@id\":\"https:\/\/psol50.org.br\/#organization\"},\"image\":{\"@id\":\"https:\/\/psol50.org.br\/fenaj-futuro-dos-trabalhadores-exige-compromisso-de-luta-e-solidariedade\/#primaryimage\"},\"thumbnailUrl\":\"http:\/\/psol50.org.br\/files\/2012\/05\/FENAJ.jpg\",\"articleSection\":[\"Arquivo\"],\"inLanguage\":\"pt-BR\",\"potentialAction\":[{\"@type\":\"CommentAction\",\"name\":\"Comment\",\"target\":[\"https:\/\/psol50.org.br\/fenaj-futuro-dos-trabalhadores-exige-compromisso-de-luta-e-solidariedade\/#respond\"]}]},{\"@type\":\"WebPage\",\"@id\":\"https:\/\/psol50.org.br\/fenaj-futuro-dos-trabalhadores-exige-compromisso-de-luta-e-solidariedade\/\",\"url\":\"https:\/\/psol50.org.br\/fenaj-futuro-dos-trabalhadores-exige-compromisso-de-luta-e-solidariedade\/\",\"name\":\"Fenaj: Futuro dos trabalhadores exige compromisso de luta e solidariedade - PSOL 50\",\"isPartOf\":{\"@id\":\"https:\/\/psol50.org.br\/#website\"},\"primaryImageOfPage\":{\"@id\":\"https:\/\/psol50.org.br\/fenaj-futuro-dos-trabalhadores-exige-compromisso-de-luta-e-solidariedade\/#primaryimage\"},\"image\":{\"@id\":\"https:\/\/psol50.org.br\/fenaj-futuro-dos-trabalhadores-exige-compromisso-de-luta-e-solidariedade\/#primaryimage\"},\"thumbnailUrl\":\"http:\/\/psol50.org.br\/files\/2012\/05\/FENAJ.jpg\",\"datePublished\":\"2012-05-01T00:00:00+00:00\",\"breadcrumb\":{\"@id\":\"https:\/\/psol50.org.br\/fenaj-futuro-dos-trabalhadores-exige-compromisso-de-luta-e-solidariedade\/#breadcrumb\"},\"inLanguage\":\"pt-BR\",\"potentialAction\":[{\"@type\":\"ReadAction\",\"target\":[\"https:\/\/psol50.org.br\/fenaj-futuro-dos-trabalhadores-exige-compromisso-de-luta-e-solidariedade\/\"]}]},{\"@type\":\"ImageObject\",\"inLanguage\":\"pt-BR\",\"@id\":\"https:\/\/psol50.org.br\/fenaj-futuro-dos-trabalhadores-exige-compromisso-de-luta-e-solidariedade\/#primaryimage\",\"url\":\"http:\/\/psol50.org.br\/files\/2012\/05\/FENAJ.jpg\",\"contentUrl\":\"http:\/\/psol50.org.br\/files\/2012\/05\/FENAJ.jpg\"},{\"@type\":\"BreadcrumbList\",\"@id\":\"https:\/\/psol50.org.br\/fenaj-futuro-dos-trabalhadores-exige-compromisso-de-luta-e-solidariedade\/#breadcrumb\",\"itemListElement\":[{\"@type\":\"ListItem\",\"position\":1,\"name\":\"In\u00edcio\",\"item\":\"https:\/\/psol50.org.br\/\"},{\"@type\":\"ListItem\",\"position\":2,\"name\":\"Fenaj: Futuro dos trabalhadores exige compromisso de luta e solidariedade\"}]},{\"@type\":\"WebSite\",\"@id\":\"https:\/\/psol50.org.br\/#website\",\"url\":\"https:\/\/psol50.org.br\/\",\"name\":\"PSOL 50\",\"description\":\"Site oficial do Partido Socialismo e Liberdade\",\"publisher\":{\"@id\":\"https:\/\/psol50.org.br\/#organization\"},\"alternateName\":\"PSOL50\",\"potentialAction\":[{\"@type\":\"SearchAction\",\"target\":{\"@type\":\"EntryPoint\",\"urlTemplate\":\"https:\/\/psol50.org.br\/?s={search_term_string}\"},\"query-input\":{\"@type\":\"PropertyValueSpecification\",\"valueRequired\":true,\"valueName\":\"search_term_string\"}}],\"inLanguage\":\"pt-BR\"},{\"@type\":\"Organization\",\"@id\":\"https:\/\/psol50.org.br\/#organization\",\"name\":\"PSOL 50\",\"alternateName\":\"PSOL 50\",\"url\":\"https:\/\/psol50.org.br\/\",\"logo\":{\"@type\":\"ImageObject\",\"inLanguage\":\"pt-BR\",\"@id\":\"https:\/\/psol50.org.br\/#\/schema\/logo\/image\/\",\"url\":\"https:\/\/psol50.org.br\/inc\/uploads\/2018\/07\/capa.png\",\"contentUrl\":\"https:\/\/psol50.org.br\/inc\/uploads\/2018\/07\/capa.png\",\"width\":1350,\"height\":900,\"caption\":\"PSOL 50\"},\"image\":{\"@id\":\"https:\/\/psol50.org.br\/#\/schema\/logo\/image\/\"},\"sameAs\":[\"https:\/\/www.facebook.com\/psol50\",\"https:\/\/x.com\/psol50\",\"https:\/\/www.instagram.com\/psol50\/\",\"https:\/\/www.youtube.com\/channel\/UC7SnJS5o1os7a6CaiNabzcg\"]},{\"@type\":\"Person\",\"@id\":\"https:\/\/psol50.org.br\/#\/schema\/person\/475dfa57d0b815993c714c2e96491fcd\",\"name\":\"Comunica\u00e7\u00e3o PSOL\",\"image\":{\"@type\":\"ImageObject\",\"inLanguage\":\"pt-BR\",\"@id\":\"https:\/\/psol50.org.br\/#\/schema\/person\/image\/\",\"url\":\"https:\/\/secure.gravatar.com\/avatar\/b34fc4f4e468a4e51785917065a3db57b841f5c95dba6ad8c73aaf8f66f8f9bf?s=96&d=mm&r=g\",\"contentUrl\":\"https:\/\/secure.gravatar.com\/avatar\/b34fc4f4e468a4e51785917065a3db57b841f5c95dba6ad8c73aaf8f66f8f9bf?s=96&d=mm&r=g\",\"caption\":\"Comunica\u00e7\u00e3o PSOL\"}}]}<\/script>\n<!-- \/ Yoast SEO plugin. -->","yoast_head_json":{"title":"Fenaj: Futuro dos trabalhadores exige compromisso de luta e solidariedade - PSOL 50","robots":{"index":"index","follow":"follow","max-snippet":"max-snippet:-1","max-image-preview":"max-image-preview:large","max-video-preview":"max-video-preview:-1"},"canonical":"https:\/\/psol50.org.br\/fenaj-futuro-dos-trabalhadores-exige-compromisso-de-luta-e-solidariedade\/","og_locale":"pt_BR","og_type":"article","og_title":"Fenaj: Futuro dos trabalhadores exige compromisso de luta e solidariedade - PSOL 50","og_description":"A Federa\u00e7\u00e3o Nacional dos Jornalistas sa\u00fada a categoria e os demais trabalhadores brasileiros neste 1\u00ba de Maio, data de celebra\u00e7\u00e3o internacional das conquistas da classe trabalhadora, reafirmando a necessidade da luta coletiva e unit\u00e1ria como alternativa de supera\u00e7\u00e3o de dilemas hist\u00f3ricos nas rela\u00e7\u00f5es entre capital e trabalho. Combater a onda de desregulamenta\u00e7\u00e3o e precariza\u00e7\u00e3o das [&hellip;]","og_url":"https:\/\/psol50.org.br\/fenaj-futuro-dos-trabalhadores-exige-compromisso-de-luta-e-solidariedade\/","og_site_name":"PSOL 50","article_publisher":"https:\/\/www.facebook.com\/psol50","article_published_time":"2012-05-01T00:00:00+00:00","og_image":[{"url":"http:\/\/psol50.org.br\/files\/2012\/05\/FENAJ.jpg","type":"","width":"","height":""}],"author":"Comunica\u00e7\u00e3o PSOL","twitter_card":"summary_large_image","twitter_creator":"@psol50","twitter_site":"@psol50","twitter_misc":{"Escrito por":"Comunica\u00e7\u00e3o PSOL","Est. tempo de leitura":"2 minutos"},"schema":{"@context":"https:\/\/schema.org","@graph":[{"@type":"Article","@id":"https:\/\/psol50.org.br\/fenaj-futuro-dos-trabalhadores-exige-compromisso-de-luta-e-solidariedade\/#article","isPartOf":{"@id":"https:\/\/psol50.org.br\/fenaj-futuro-dos-trabalhadores-exige-compromisso-de-luta-e-solidariedade\/"},"author":{"name":"Comunica\u00e7\u00e3o PSOL","@id":"https:\/\/psol50.org.br\/#\/schema\/person\/475dfa57d0b815993c714c2e96491fcd"},"headline":"Fenaj: Futuro dos trabalhadores exige compromisso de luta e solidariedade","datePublished":"2012-05-01T00:00:00+00:00","mainEntityOfPage":{"@id":"https:\/\/psol50.org.br\/fenaj-futuro-dos-trabalhadores-exige-compromisso-de-luta-e-solidariedade\/"},"wordCount":397,"commentCount":0,"publisher":{"@id":"https:\/\/psol50.org.br\/#organization"},"image":{"@id":"https:\/\/psol50.org.br\/fenaj-futuro-dos-trabalhadores-exige-compromisso-de-luta-e-solidariedade\/#primaryimage"},"thumbnailUrl":"http:\/\/psol50.org.br\/files\/2012\/05\/FENAJ.jpg","articleSection":["Arquivo"],"inLanguage":"pt-BR","potentialAction":[{"@type":"CommentAction","name":"Comment","target":["https:\/\/psol50.org.br\/fenaj-futuro-dos-trabalhadores-exige-compromisso-de-luta-e-solidariedade\/#respond"]}]},{"@type":"WebPage","@id":"https:\/\/psol50.org.br\/fenaj-futuro-dos-trabalhadores-exige-compromisso-de-luta-e-solidariedade\/","url":"https:\/\/psol50.org.br\/fenaj-futuro-dos-trabalhadores-exige-compromisso-de-luta-e-solidariedade\/","name":"Fenaj: Futuro dos trabalhadores exige compromisso de luta e solidariedade - PSOL 50","isPartOf":{"@id":"https:\/\/psol50.org.br\/#website"},"primaryImageOfPage":{"@id":"https:\/\/psol50.org.br\/fenaj-futuro-dos-trabalhadores-exige-compromisso-de-luta-e-solidariedade\/#primaryimage"},"image":{"@id":"https:\/\/psol50.org.br\/fenaj-futuro-dos-trabalhadores-exige-compromisso-de-luta-e-solidariedade\/#primaryimage"},"thumbnailUrl":"http:\/\/psol50.org.br\/files\/2012\/05\/FENAJ.jpg","datePublished":"2012-05-01T00:00:00+00:00","breadcrumb":{"@id":"https:\/\/psol50.org.br\/fenaj-futuro-dos-trabalhadores-exige-compromisso-de-luta-e-solidariedade\/#breadcrumb"},"inLanguage":"pt-BR","potentialAction":[{"@type":"ReadAction","target":["https:\/\/psol50.org.br\/fenaj-futuro-dos-trabalhadores-exige-compromisso-de-luta-e-solidariedade\/"]}]},{"@type":"ImageObject","inLanguage":"pt-BR","@id":"https:\/\/psol50.org.br\/fenaj-futuro-dos-trabalhadores-exige-compromisso-de-luta-e-solidariedade\/#primaryimage","url":"http:\/\/psol50.org.br\/files\/2012\/05\/FENAJ.jpg","contentUrl":"http:\/\/psol50.org.br\/files\/2012\/05\/FENAJ.jpg"},{"@type":"BreadcrumbList","@id":"https:\/\/psol50.org.br\/fenaj-futuro-dos-trabalhadores-exige-compromisso-de-luta-e-solidariedade\/#breadcrumb","itemListElement":[{"@type":"ListItem","position":1,"name":"In\u00edcio","item":"https:\/\/psol50.org.br\/"},{"@type":"ListItem","position":2,"name":"Fenaj: Futuro dos trabalhadores exige compromisso de luta e solidariedade"}]},{"@type":"WebSite","@id":"https:\/\/psol50.org.br\/#website","url":"https:\/\/psol50.org.br\/","name":"PSOL 50","description":"Site oficial do Partido Socialismo e Liberdade","publisher":{"@id":"https:\/\/psol50.org.br\/#organization"},"alternateName":"PSOL50","potentialAction":[{"@type":"SearchAction","target":{"@type":"EntryPoint","urlTemplate":"https:\/\/psol50.org.br\/?s={search_term_string}"},"query-input":{"@type":"PropertyValueSpecification","valueRequired":true,"valueName":"search_term_string"}}],"inLanguage":"pt-BR"},{"@type":"Organization","@id":"https:\/\/psol50.org.br\/#organization","name":"PSOL 50","alternateName":"PSOL 50","url":"https:\/\/psol50.org.br\/","logo":{"@type":"ImageObject","inLanguage":"pt-BR","@id":"https:\/\/psol50.org.br\/#\/schema\/logo\/image\/","url":"https:\/\/psol50.org.br\/inc\/uploads\/2018\/07\/capa.png","contentUrl":"https:\/\/psol50.org.br\/inc\/uploads\/2018\/07\/capa.png","width":1350,"height":900,"caption":"PSOL 50"},"image":{"@id":"https:\/\/psol50.org.br\/#\/schema\/logo\/image\/"},"sameAs":["https:\/\/www.facebook.com\/psol50","https:\/\/x.com\/psol50","https:\/\/www.instagram.com\/psol50\/","https:\/\/www.youtube.com\/channel\/UC7SnJS5o1os7a6CaiNabzcg"]},{"@type":"Person","@id":"https:\/\/psol50.org.br\/#\/schema\/person\/475dfa57d0b815993c714c2e96491fcd","name":"Comunica\u00e7\u00e3o PSOL","image":{"@type":"ImageObject","inLanguage":"pt-BR","@id":"https:\/\/psol50.org.br\/#\/schema\/person\/image\/","url":"https:\/\/secure.gravatar.com\/avatar\/b34fc4f4e468a4e51785917065a3db57b841f5c95dba6ad8c73aaf8f66f8f9bf?s=96&d=mm&r=g","contentUrl":"https:\/\/secure.gravatar.com\/avatar\/b34fc4f4e468a4e51785917065a3db57b841f5c95dba6ad8c73aaf8f66f8f9bf?s=96&d=mm&r=g","caption":"Comunica\u00e7\u00e3o PSOL"}}]}},"_links":{"self":[{"href":"https:\/\/psol50.org.br\/rest\/wp\/v2\/posts\/1058","targetHints":{"allow":["GET"]}}],"collection":[{"href":"https:\/\/psol50.org.br\/rest\/wp\/v2\/posts"}],"about":[{"href":"https:\/\/psol50.org.br\/rest\/wp\/v2\/types\/post"}],"author":[{"embeddable":true,"href":"https:\/\/psol50.org.br\/rest\/wp\/v2\/users\/2"}],"replies":[{"embeddable":true,"href":"https:\/\/psol50.org.br\/rest\/wp\/v2\/comments?post=1058"}],"version-history":[{"count":0,"href":"https:\/\/psol50.org.br\/rest\/wp\/v2\/posts\/1058\/revisions"}],"wp:attachment":[{"href":"https:\/\/psol50.org.br\/rest\/wp\/v2\/media?parent=1058"}],"wp:term":[{"taxonomy":"category","embeddable":true,"href":"https:\/\/psol50.org.br\/rest\/wp\/v2\/categories?post=1058"},{"taxonomy":"post_tag","embeddable":true,"href":"https:\/\/psol50.org.br\/rest\/wp\/v2\/tags?post=1058"}],"curies":[{"name":"wp","href":"https:\/\/api.w.org\/{rel}","templated":true}]}}