{"id":10580,"date":"2015-11-12T19:24:46","date_gmt":"2015-11-12T19:24:46","guid":{"rendered":"http:\/\/www.psol50.org.br\/?p=10580"},"modified":"2015-11-12T19:24:46","modified_gmt":"2015-11-12T19:24:46","slug":"10580-2","status":"publish","type":"post","link":"https:\/\/psol50.org.br\/10580-2\/","title":{"rendered":"Ivan Valente critica a cobertura da m\u00eddia sobre a trag\u00e9dia em Mariana"},"content":{"rendered":"<p style=\"text-align: justify;\">O deputado Ivan Valente (PSOL-SP) fez um pronunciamento, na tribuna da C\u00e2mara, criticando a cobertura jornal\u00edstica feita sobre o rompimento da barragem no munic\u00edpio de Mariana-MG, no dia 5 de novembro, e das consequ\u00eancias dessa cat\u00e1strofe. Ivan disse que h\u00e1 um silenciamento por parte dos meios de comunica\u00e7\u00e3o sobre a responsabilidade que as empresas Vale S\/A e BHP Billiton t\u00eam nessa trag\u00e9dia. Enquanto isso, na C\u00e2mara Federal, os parlamentares discutem altera\u00e7\u00f5es no c\u00f3digo da minera\u00e7\u00e3o.<\/p>\n<div class=\"youtube-embed\" data-video_id=\"IV1ppPtcYg8\"><iframe loading=\"lazy\" title=\"&quot;Tem respons\u00e1veis pela trag\u00e9dia, s\u00f3 que eles n\u00e3o aparecem&quot;\" width=\"696\" height=\"522\" src=\"https:\/\/www.youtube.com\/embed\/IV1ppPtcYg8?feature=oembed&#038;enablejsapi=1\" frameborder=\"0\" allow=\"accelerometer; autoplay; clipboard-write; encrypted-media; gyroscope; picture-in-picture\" allowfullscreen><\/iframe><\/div>\n","protected":false},"excerpt":{"rendered":"<p>O deputado Ivan Valente (PSOL-SP) fez um pronunciamento, na tribuna da C\u00e2mara, criticando a cobertura jornal\u00edstica feita sobre o rompimento da barragem no munic\u00edpio de Mariana-MG, no dia 5 de novembro, e das consequ\u00eancias dessa cat\u00e1strofe. Ivan disse que h\u00e1 um silenciamento por parte dos meios de comunica\u00e7\u00e3o sobre a responsabilidade que as empresas Vale [&hellip;]<\/p>\n","protected":false},"author":2,"featured_media":10581,"comment_status":"open","ping_status":"open","sticky":false,"template":"","format":"standard","meta":{"_acf_changed":false,"footnotes":""},"categories":[10,2812],"tags":[2781,552,1872,121,22,2782,122],"class_list":{"0":"post-10580","1":"post","2":"type-post","3":"status-publish","4":"format-standard","5":"has-post-thumbnail","7":"category-acao-parlamentares","8":"category-videos_tv","9":"tag-bhp-billiton","10":"tag-ivan-valente","11":"tag-mariana","12":"tag-minas-gerais","13":"tag-psol","14":"tag-samarco","15":"tag-vale"},"acf":[],"yoast_head":"<!-- This site is optimized with the Yoast SEO plugin v26.5 - https:\/\/yoast.com\/wordpress\/plugins\/seo\/ -->\n<title>Ivan Valente critica a cobertura da m\u00eddia sobre a trag\u00e9dia em Mariana - PSOL 50<\/title>\n<meta name=\"robots\" content=\"index, follow, max-snippet:-1, max-image-preview:large, max-video-preview:-1\" \/>\n<link rel=\"canonical\" href=\"https:\/\/psol50.org.br\/10580-2\/\" \/>\n<meta property=\"og:locale\" content=\"pt_BR\" \/>\n<meta property=\"og:type\" content=\"article\" \/>\n<meta property=\"og:title\" content=\"Ivan Valente critica a cobertura da m\u00eddia sobre a trag\u00e9dia em Mariana - PSOL 50\" \/>\n<meta property=\"og:description\" content=\"O deputado Ivan Valente (PSOL-SP) fez um pronunciamento, na tribuna da C\u00e2mara, criticando a cobertura jornal\u00edstica feita sobre o rompimento da barragem no munic\u00edpio de Mariana-MG, no dia 5 de novembro, e das consequ\u00eancias dessa cat\u00e1strofe. Ivan disse que h\u00e1 um silenciamento por parte dos meios de comunica\u00e7\u00e3o sobre a responsabilidade que as empresas Vale [&hellip;]\" \/>\n<meta property=\"og:url\" content=\"https:\/\/psol50.org.br\/10580-2\/\" \/>\n<meta property=\"og:site_name\" content=\"PSOL 50\" \/>\n<meta property=\"article:publisher\" content=\"https:\/\/www.facebook.com\/psol50\" \/>\n<meta property=\"article:published_time\" content=\"2015-11-12T19:24:46+00:00\" \/>\n<meta property=\"og:image\" content=\"https:\/\/psol50.org.br\/inc\/uploads\/2015\/11\/Desabamento-Mariana-4-Antonio-Cruz-ABr-e1448896764572.jpg\" \/>\n\t<meta property=\"og:image:width\" content=\"1000\" \/>\n\t<meta property=\"og:image:height\" content=\"670\" \/>\n\t<meta property=\"og:image:type\" content=\"image\/jpeg\" \/>\n<meta name=\"author\" content=\"Comunica\u00e7\u00e3o PSOL\" \/>\n<meta name=\"twitter:card\" content=\"summary_large_image\" \/>\n<meta name=\"twitter:creator\" content=\"@psol50\" \/>\n<meta name=\"twitter:site\" content=\"@psol50\" \/>\n<meta name=\"twitter:label1\" content=\"Escrito por\" \/>\n\t<meta name=\"twitter:data1\" content=\"Comunica\u00e7\u00e3o PSOL\" \/>\n<script type=\"application\/ld+json\" class=\"yoast-schema-graph\">{\"@context\":\"https:\/\/schema.org\",\"@graph\":[{\"@type\":\"Article\",\"@id\":\"https:\/\/psol50.org.br\/10580-2\/#article\",\"isPartOf\":{\"@id\":\"https:\/\/psol50.org.br\/10580-2\/\"},\"author\":{\"name\":\"Comunica\u00e7\u00e3o PSOL\",\"@id\":\"https:\/\/psol50.org.br\/#\/schema\/person\/475dfa57d0b815993c714c2e96491fcd\"},\"headline\":\"Ivan Valente critica a cobertura da m\u00eddia sobre a trag\u00e9dia em Mariana\",\"datePublished\":\"2015-11-12T19:24:46+00:00\",\"mainEntityOfPage\":{\"@id\":\"https:\/\/psol50.org.br\/10580-2\/\"},\"wordCount\":111,\"commentCount\":1,\"publisher\":{\"@id\":\"https:\/\/psol50.org.br\/#organization\"},\"image\":{\"@id\":\"https:\/\/psol50.org.br\/10580-2\/#primaryimage\"},\"thumbnailUrl\":\"https:\/\/psol50.org.br\/inc\/uploads\/2015\/11\/Desabamento-Mariana-4-Antonio-Cruz-ABr-e1448896764572.jpg\",\"keywords\":[\"BHP Billiton\",\"Ivan Valente\",\"Mariana\",\"Minas Gerais\",\"PSOL\",\"Samarco\",\"Vale\"],\"articleSection\":[\"A\u00e7\u00e3o Parlamentar\",\"V\u00cdDEOS | MULTIM\u00cdDIA | FLC TV\"],\"inLanguage\":\"pt-BR\",\"potentialAction\":[{\"@type\":\"CommentAction\",\"name\":\"Comment\",\"target\":[\"https:\/\/psol50.org.br\/10580-2\/#respond\"]}]},{\"@type\":\"WebPage\",\"@id\":\"https:\/\/psol50.org.br\/10580-2\/\",\"url\":\"https:\/\/psol50.org.br\/10580-2\/\",\"name\":\"Ivan Valente critica a cobertura da m\u00eddia sobre a trag\u00e9dia em Mariana - PSOL 50\",\"isPartOf\":{\"@id\":\"https:\/\/psol50.org.br\/#website\"},\"primaryImageOfPage\":{\"@id\":\"https:\/\/psol50.org.br\/10580-2\/#primaryimage\"},\"image\":{\"@id\":\"https:\/\/psol50.org.br\/10580-2\/#primaryimage\"},\"thumbnailUrl\":\"https:\/\/psol50.org.br\/inc\/uploads\/2015\/11\/Desabamento-Mariana-4-Antonio-Cruz-ABr-e1448896764572.jpg\",\"datePublished\":\"2015-11-12T19:24:46+00:00\",\"breadcrumb\":{\"@id\":\"https:\/\/psol50.org.br\/10580-2\/#breadcrumb\"},\"inLanguage\":\"pt-BR\",\"potentialAction\":[{\"@type\":\"ReadAction\",\"target\":[\"https:\/\/psol50.org.br\/10580-2\/\"]}]},{\"@type\":\"ImageObject\",\"inLanguage\":\"pt-BR\",\"@id\":\"https:\/\/psol50.org.br\/10580-2\/#primaryimage\",\"url\":\"https:\/\/psol50.org.br\/inc\/uploads\/2015\/11\/Desabamento-Mariana-4-Antonio-Cruz-ABr-e1448896764572.jpg\",\"contentUrl\":\"https:\/\/psol50.org.br\/inc\/uploads\/2015\/11\/Desabamento-Mariana-4-Antonio-Cruz-ABr-e1448896764572.jpg\",\"width\":1000,\"height\":670,\"caption\":\"Foto: Antonio Cruz\/Ag\u00eancia Brasil\"},{\"@type\":\"BreadcrumbList\",\"@id\":\"https:\/\/psol50.org.br\/10580-2\/#breadcrumb\",\"itemListElement\":[{\"@type\":\"ListItem\",\"position\":1,\"name\":\"In\u00edcio\",\"item\":\"https:\/\/psol50.org.br\/\"},{\"@type\":\"ListItem\",\"position\":2,\"name\":\"Ivan Valente critica a cobertura da m\u00eddia sobre a trag\u00e9dia em Mariana\"}]},{\"@type\":\"WebSite\",\"@id\":\"https:\/\/psol50.org.br\/#website\",\"url\":\"https:\/\/psol50.org.br\/\",\"name\":\"PSOL 50\",\"description\":\"Site oficial do Partido Socialismo e Liberdade\",\"publisher\":{\"@id\":\"https:\/\/psol50.org.br\/#organization\"},\"alternateName\":\"PSOL50\",\"potentialAction\":[{\"@type\":\"SearchAction\",\"target\":{\"@type\":\"EntryPoint\",\"urlTemplate\":\"https:\/\/psol50.org.br\/?s={search_term_string}\"},\"query-input\":{\"@type\":\"PropertyValueSpecification\",\"valueRequired\":true,\"valueName\":\"search_term_string\"}}],\"inLanguage\":\"pt-BR\"},{\"@type\":\"Organization\",\"@id\":\"https:\/\/psol50.org.br\/#organization\",\"name\":\"PSOL 50\",\"alternateName\":\"PSOL 50\",\"url\":\"https:\/\/psol50.org.br\/\",\"logo\":{\"@type\":\"ImageObject\",\"inLanguage\":\"pt-BR\",\"@id\":\"https:\/\/psol50.org.br\/#\/schema\/logo\/image\/\",\"url\":\"https:\/\/psol50.org.br\/inc\/uploads\/2018\/07\/capa.png\",\"contentUrl\":\"https:\/\/psol50.org.br\/inc\/uploads\/2018\/07\/capa.png\",\"width\":1350,\"height\":900,\"caption\":\"PSOL 50\"},\"image\":{\"@id\":\"https:\/\/psol50.org.br\/#\/schema\/logo\/image\/\"},\"sameAs\":[\"https:\/\/www.facebook.com\/psol50\",\"https:\/\/x.com\/psol50\",\"https:\/\/www.instagram.com\/psol50\/\",\"https:\/\/www.youtube.com\/channel\/UC7SnJS5o1os7a6CaiNabzcg\"]},{\"@type\":\"Person\",\"@id\":\"https:\/\/psol50.org.br\/#\/schema\/person\/475dfa57d0b815993c714c2e96491fcd\",\"name\":\"Comunica\u00e7\u00e3o PSOL\",\"image\":{\"@type\":\"ImageObject\",\"inLanguage\":\"pt-BR\",\"@id\":\"https:\/\/psol50.org.br\/#\/schema\/person\/image\/\",\"url\":\"https:\/\/secure.gravatar.com\/avatar\/b34fc4f4e468a4e51785917065a3db57b841f5c95dba6ad8c73aaf8f66f8f9bf?s=96&d=mm&r=g\",\"contentUrl\":\"https:\/\/secure.gravatar.com\/avatar\/b34fc4f4e468a4e51785917065a3db57b841f5c95dba6ad8c73aaf8f66f8f9bf?s=96&d=mm&r=g\",\"caption\":\"Comunica\u00e7\u00e3o PSOL\"}}]}<\/script>\n<!-- \/ Yoast SEO plugin. -->","yoast_head_json":{"title":"Ivan Valente critica a cobertura da m\u00eddia sobre a trag\u00e9dia em Mariana - PSOL 50","robots":{"index":"index","follow":"follow","max-snippet":"max-snippet:-1","max-image-preview":"max-image-preview:large","max-video-preview":"max-video-preview:-1"},"canonical":"https:\/\/psol50.org.br\/10580-2\/","og_locale":"pt_BR","og_type":"article","og_title":"Ivan Valente critica a cobertura da m\u00eddia sobre a trag\u00e9dia em Mariana - PSOL 50","og_description":"O deputado Ivan Valente (PSOL-SP) fez um pronunciamento, na tribuna da C\u00e2mara, criticando a cobertura jornal\u00edstica feita sobre o rompimento da barragem no munic\u00edpio de Mariana-MG, no dia 5 de novembro, e das consequ\u00eancias dessa cat\u00e1strofe. Ivan disse que h\u00e1 um silenciamento por parte dos meios de comunica\u00e7\u00e3o sobre a responsabilidade que as empresas Vale [&hellip;]","og_url":"https:\/\/psol50.org.br\/10580-2\/","og_site_name":"PSOL 50","article_publisher":"https:\/\/www.facebook.com\/psol50","article_published_time":"2015-11-12T19:24:46+00:00","og_image":[{"width":1000,"height":670,"url":"https:\/\/psol50.org.br\/inc\/uploads\/2015\/11\/Desabamento-Mariana-4-Antonio-Cruz-ABr-e1448896764572.jpg","type":"image\/jpeg"}],"author":"Comunica\u00e7\u00e3o PSOL","twitter_card":"summary_large_image","twitter_creator":"@psol50","twitter_site":"@psol50","twitter_misc":{"Escrito por":"Comunica\u00e7\u00e3o PSOL"},"schema":{"@context":"https:\/\/schema.org","@graph":[{"@type":"Article","@id":"https:\/\/psol50.org.br\/10580-2\/#article","isPartOf":{"@id":"https:\/\/psol50.org.br\/10580-2\/"},"author":{"name":"Comunica\u00e7\u00e3o PSOL","@id":"https:\/\/psol50.org.br\/#\/schema\/person\/475dfa57d0b815993c714c2e96491fcd"},"headline":"Ivan Valente critica a cobertura da m\u00eddia sobre a trag\u00e9dia em Mariana","datePublished":"2015-11-12T19:24:46+00:00","mainEntityOfPage":{"@id":"https:\/\/psol50.org.br\/10580-2\/"},"wordCount":111,"commentCount":1,"publisher":{"@id":"https:\/\/psol50.org.br\/#organization"},"image":{"@id":"https:\/\/psol50.org.br\/10580-2\/#primaryimage"},"thumbnailUrl":"https:\/\/psol50.org.br\/inc\/uploads\/2015\/11\/Desabamento-Mariana-4-Antonio-Cruz-ABr-e1448896764572.jpg","keywords":["BHP Billiton","Ivan Valente","Mariana","Minas Gerais","PSOL","Samarco","Vale"],"articleSection":["A\u00e7\u00e3o Parlamentar","V\u00cdDEOS | MULTIM\u00cdDIA | FLC TV"],"inLanguage":"pt-BR","potentialAction":[{"@type":"CommentAction","name":"Comment","target":["https:\/\/psol50.org.br\/10580-2\/#respond"]}]},{"@type":"WebPage","@id":"https:\/\/psol50.org.br\/10580-2\/","url":"https:\/\/psol50.org.br\/10580-2\/","name":"Ivan Valente critica a cobertura da m\u00eddia sobre a trag\u00e9dia em Mariana - PSOL 50","isPartOf":{"@id":"https:\/\/psol50.org.br\/#website"},"primaryImageOfPage":{"@id":"https:\/\/psol50.org.br\/10580-2\/#primaryimage"},"image":{"@id":"https:\/\/psol50.org.br\/10580-2\/#primaryimage"},"thumbnailUrl":"https:\/\/psol50.org.br\/inc\/uploads\/2015\/11\/Desabamento-Mariana-4-Antonio-Cruz-ABr-e1448896764572.jpg","datePublished":"2015-11-12T19:24:46+00:00","breadcrumb":{"@id":"https:\/\/psol50.org.br\/10580-2\/#breadcrumb"},"inLanguage":"pt-BR","potentialAction":[{"@type":"ReadAction","target":["https:\/\/psol50.org.br\/10580-2\/"]}]},{"@type":"ImageObject","inLanguage":"pt-BR","@id":"https:\/\/psol50.org.br\/10580-2\/#primaryimage","url":"https:\/\/psol50.org.br\/inc\/uploads\/2015\/11\/Desabamento-Mariana-4-Antonio-Cruz-ABr-e1448896764572.jpg","contentUrl":"https:\/\/psol50.org.br\/inc\/uploads\/2015\/11\/Desabamento-Mariana-4-Antonio-Cruz-ABr-e1448896764572.jpg","width":1000,"height":670,"caption":"Foto: Antonio Cruz\/Ag\u00eancia Brasil"},{"@type":"BreadcrumbList","@id":"https:\/\/psol50.org.br\/10580-2\/#breadcrumb","itemListElement":[{"@type":"ListItem","position":1,"name":"In\u00edcio","item":"https:\/\/psol50.org.br\/"},{"@type":"ListItem","position":2,"name":"Ivan Valente critica a cobertura da m\u00eddia sobre a trag\u00e9dia em Mariana"}]},{"@type":"WebSite","@id":"https:\/\/psol50.org.br\/#website","url":"https:\/\/psol50.org.br\/","name":"PSOL 50","description":"Site oficial do Partido Socialismo e Liberdade","publisher":{"@id":"https:\/\/psol50.org.br\/#organization"},"alternateName":"PSOL50","potentialAction":[{"@type":"SearchAction","target":{"@type":"EntryPoint","urlTemplate":"https:\/\/psol50.org.br\/?s={search_term_string}"},"query-input":{"@type":"PropertyValueSpecification","valueRequired":true,"valueName":"search_term_string"}}],"inLanguage":"pt-BR"},{"@type":"Organization","@id":"https:\/\/psol50.org.br\/#organization","name":"PSOL 50","alternateName":"PSOL 50","url":"https:\/\/psol50.org.br\/","logo":{"@type":"ImageObject","inLanguage":"pt-BR","@id":"https:\/\/psol50.org.br\/#\/schema\/logo\/image\/","url":"https:\/\/psol50.org.br\/inc\/uploads\/2018\/07\/capa.png","contentUrl":"https:\/\/psol50.org.br\/inc\/uploads\/2018\/07\/capa.png","width":1350,"height":900,"caption":"PSOL 50"},"image":{"@id":"https:\/\/psol50.org.br\/#\/schema\/logo\/image\/"},"sameAs":["https:\/\/www.facebook.com\/psol50","https:\/\/x.com\/psol50","https:\/\/www.instagram.com\/psol50\/","https:\/\/www.youtube.com\/channel\/UC7SnJS5o1os7a6CaiNabzcg"]},{"@type":"Person","@id":"https:\/\/psol50.org.br\/#\/schema\/person\/475dfa57d0b815993c714c2e96491fcd","name":"Comunica\u00e7\u00e3o PSOL","image":{"@type":"ImageObject","inLanguage":"pt-BR","@id":"https:\/\/psol50.org.br\/#\/schema\/person\/image\/","url":"https:\/\/secure.gravatar.com\/avatar\/b34fc4f4e468a4e51785917065a3db57b841f5c95dba6ad8c73aaf8f66f8f9bf?s=96&d=mm&r=g","contentUrl":"https:\/\/secure.gravatar.com\/avatar\/b34fc4f4e468a4e51785917065a3db57b841f5c95dba6ad8c73aaf8f66f8f9bf?s=96&d=mm&r=g","caption":"Comunica\u00e7\u00e3o PSOL"}}]}},"_links":{"self":[{"href":"https:\/\/psol50.org.br\/rest\/wp\/v2\/posts\/10580","targetHints":{"allow":["GET"]}}],"collection":[{"href":"https:\/\/psol50.org.br\/rest\/wp\/v2\/posts"}],"about":[{"href":"https:\/\/psol50.org.br\/rest\/wp\/v2\/types\/post"}],"author":[{"embeddable":true,"href":"https:\/\/psol50.org.br\/rest\/wp\/v2\/users\/2"}],"replies":[{"embeddable":true,"href":"https:\/\/psol50.org.br\/rest\/wp\/v2\/comments?post=10580"}],"version-history":[{"count":0,"href":"https:\/\/psol50.org.br\/rest\/wp\/v2\/posts\/10580\/revisions"}],"wp:featuredmedia":[{"embeddable":true,"href":"https:\/\/psol50.org.br\/rest\/wp\/v2\/media\/10581"}],"wp:attachment":[{"href":"https:\/\/psol50.org.br\/rest\/wp\/v2\/media?parent=10580"}],"wp:term":[{"taxonomy":"category","embeddable":true,"href":"https:\/\/psol50.org.br\/rest\/wp\/v2\/categories?post=10580"},{"taxonomy":"post_tag","embeddable":true,"href":"https:\/\/psol50.org.br\/rest\/wp\/v2\/tags?post=10580"}],"curies":[{"name":"wp","href":"https:\/\/api.w.org\/{rel}","templated":true}]}}