{"id":10584,"date":"2015-11-12T21:12:26","date_gmt":"2015-11-12T21:12:26","guid":{"rendered":"http:\/\/www.psol50.org.br\/?p=10584"},"modified":"2015-11-12T21:12:26","modified_gmt":"2015-11-12T21:12:26","slug":"representacao-contra-jean-wyllys-e-parte-da-investida-conservadora-para-calar-o-psol","status":"publish","type":"post","link":"https:\/\/psol50.org.br\/representacao-contra-jean-wyllys-e-parte-da-investida-conservadora-para-calar-o-psol\/","title":{"rendered":"Representa\u00e7\u00e3o contra Jean Wyllys \u00e9 parte da investida conservadora para calar o PSOL"},"content":{"rendered":"<p>Na noite desta quarta-feira (11\/11) os deputados Jo\u00e3o Rodrigues e Eder Mauro, ambos do PSD, protocolaram na Corregedoria e no Conselho de \u00c9tica da C\u00e2mara dos Deputados representa\u00e7\u00e3o contra o deputado <a href=\"https:\/\/www.facebook.com\/jean.wyllys\/\" data-hovercard=\"\/ajax\/hovercard\/page.php?id=163566147024734\">Jean Wyllys<\/a> (PSOL-RJ), por quebra de decoro parlamentar. Embora a representa\u00e7\u00e3o tenha como justificativa a defesa feita por Jean no plen\u00e1rio da C\u00e2mara depois que um dos deputados do PSD chamou a bancada do PSOL de \u201cesc\u00f3ria\u201d, dentre outros insultos, o que est\u00e1 por tr\u00e1s desta iniciativa \u00e9 a ofensiva da direita contra a esquerda em geral e o partido em particular. \u201cAl\u00e9m da lei da morda\u00e7a, que prev\u00ea calar o PSOL nas elei\u00e7\u00f5es de 2016, estamos diante de outras a\u00e7\u00f5es contra nossa combativa bancada\u201d, avalia o secret\u00e1rio nacional de comunica\u00e7\u00e3o do PSOL e coordenador pol\u00edtico da Lideran\u00e7a, Juliano Medeiros.<br \/>\nO dirigente partid\u00e1rio faz um hist\u00f3rico sobre os ataques que o PSOL vem sofrendo nos \u00faltimos meses, em persegui\u00e7\u00e3o a sua combativa atua\u00e7\u00e3o na C\u00e2mara. Juliano lembra que no come\u00e7o do ano a bancada do PMDB apresentou den\u00fancia contra o deputado <a href=\"https:\/\/www.facebook.com\/edmilsonpsol\/\" data-hovercard=\"\/ajax\/hovercard\/page.php?id=267683643272117\">Edmilson Rodrigues<\/a> (PA) na Corregedoria da C\u00e2mara. Com sua popularidade em alta, Cunha aplicou uma \u201cadvert\u00eancia\u201d a Edmilson, prometendo puni\u00e7\u00f5es mais pesadas caso o PSOL n\u00e3o se calasse (o que, obviamente, n\u00e3o aconteceu).<br \/>\n\u201cMeses depois tivemos a felicidade de receber o deputado <a href=\"https:\/\/www.facebook.com\/glauber.braga1\/\" data-hovercard=\"\/ajax\/hovercard\/page.php?id=158198544337175\">Glauber Braga<\/a> em nossas fileiras. Ato cont\u00ednuo, o PSB do Rio de Janeiro, liderado por Rom\u00e1rio (que tem estreita liga\u00e7\u00e3o com o PMDB carioca) entrou com a\u00e7\u00e3o na Justi\u00e7a Eleitoral exigindo a devolu\u00e7\u00e3o do mandato de Glauber. Felizmente o pedido de liminar foi indeferido ontem, mas ainda teremos uma dura batalha at\u00e9 garantir que ele permane\u00e7a com seu mandato\u201d, explica Juliano, sobre a persegui\u00e7\u00e3o tamb\u00e9m sofrida pelo mais novo integrante da bancada do PSOL.<br \/>\nNesta semana, o Conselho de \u00c9tica da C\u00e2mara abriu processo contra o l\u00edder do partido, deputado <a href=\"https:\/\/www.facebook.com\/chicoalencar\/\">Chico Alencar<\/a> (RJ), com base numa representa\u00e7\u00e3o de Paulinho Pereira, do Solidariedade e principal lideran\u00e7a da central For\u00e7a Sindical (mais conhecida pelo seu hist\u00f3rico de peleguismo no movimento sindical brasileiro). O secret\u00e1rio de Comunica\u00e7\u00e3o do PSOL afirma taxativamente que a a\u00e7\u00e3o no Conselho de \u00c9tica \u00e9 um flagrante ato de repres\u00e1lia \u00e0 atua\u00e7\u00e3o de Chico em favor da cassa\u00e7\u00e3o de Eduardo Cunha, \u201cque sequer a imprensa mais reacion\u00e1ria conseguiu defender\u201d. E, na mesma linha, a representa\u00e7\u00e3o dos deputados do PSD contra Jean Wyllys tamb\u00e9m n\u00e3o passa de mais um ato de intimida\u00e7\u00e3o que n\u00e3o encontrar\u00e1 guarida na bancada ou no partido.<br \/>\n\u201cOs ataques contra o PSOL est\u00e3o se avolumando. Sinal de que estamos atrapalhando a canalha reacion\u00e1ria na C\u00e2mara dos Deputados, ao contr\u00e1rio de outros parlamentares pretensamente de esquerda. \u00c9 hora de criarmos uma ampla rede de solidariedade e den\u00fancia\u201d, finalizou Juliano Medeiros, reafirmando a necessidade de uma forte campanha da milit\u00e2ncia e de apoiadores do partido contra a investida de setores conservadores que querem calar o PSOL a qualquer custo.<br \/>\n<em>Da reda\u00e7\u00e3o do PSOL Nacional<\/em><br \/>\n&nbsp;<\/p>\n","protected":false},"excerpt":{"rendered":"<p>Na noite desta quarta-feira (11\/11) os deputados Jo\u00e3o Rodrigues e Eder Mauro, ambos do PSD, protocolaram na Corregedoria e no Conselho de \u00c9tica da C\u00e2mara dos Deputados representa\u00e7\u00e3o contra o deputado Jean Wyllys (PSOL-RJ), por quebra de decoro parlamentar. Embora a representa\u00e7\u00e3o tenha como justificativa a defesa feita por Jean no plen\u00e1rio da C\u00e2mara depois [&hellip;]<\/p>\n","protected":false},"author":2,"featured_media":10585,"comment_status":"open","ping_status":"open","sticky":false,"template":"","format":"standard","meta":{"_acf_changed":false,"footnotes":""},"categories":[10,1882,6,14],"tags":[2734,1680,2344,4872,1191,663,259,2627,4873,3532,22,1357],"class_list":{"0":"post-10584","1":"post","2":"type-post","3":"status-publish","4":"format-standard","5":"has-post-thumbnail","7":"category-acao-parlamentares","8":"category-brasil","9":"category-noticias","10":"category-partido","11":"tag-bancada-do-psol","12":"tag-chico-alencar","13":"tag-conselho-de-etica-da-camara","14":"tag-forca-sindical","15":"tag-glauber-braga","16":"tag-jean-wyllys","17":"tag-juliano-medeiros","18":"tag-paulinho-da-forca","19":"tag-paulinho-pereira","20":"tag-psd","21":"tag-psol","22":"tag-solidariedade"},"acf":[],"yoast_head":"<!-- This site is optimized with the Yoast SEO plugin v26.5 - https:\/\/yoast.com\/wordpress\/plugins\/seo\/ -->\n<title>Representa\u00e7\u00e3o contra Jean Wyllys \u00e9 parte da investida conservadora para calar o PSOL - PSOL 50<\/title>\n<meta name=\"robots\" content=\"index, follow, max-snippet:-1, max-image-preview:large, max-video-preview:-1\" \/>\n<link rel=\"canonical\" href=\"https:\/\/psol50.org.br\/representacao-contra-jean-wyllys-e-parte-da-investida-conservadora-para-calar-o-psol\/\" \/>\n<meta property=\"og:locale\" content=\"pt_BR\" \/>\n<meta property=\"og:type\" content=\"article\" \/>\n<meta property=\"og:title\" content=\"Representa\u00e7\u00e3o contra Jean Wyllys \u00e9 parte da investida conservadora para calar o PSOL - PSOL 50\" \/>\n<meta property=\"og:description\" content=\"Na noite desta quarta-feira (11\/11) os deputados Jo\u00e3o Rodrigues e Eder Mauro, ambos do PSD, protocolaram na Corregedoria e no Conselho de \u00c9tica da C\u00e2mara dos Deputados representa\u00e7\u00e3o contra o deputado Jean Wyllys (PSOL-RJ), por quebra de decoro parlamentar. Embora a representa\u00e7\u00e3o tenha como justificativa a defesa feita por Jean no plen\u00e1rio da C\u00e2mara depois [&hellip;]\" \/>\n<meta property=\"og:url\" content=\"https:\/\/psol50.org.br\/representacao-contra-jean-wyllys-e-parte-da-investida-conservadora-para-calar-o-psol\/\" \/>\n<meta property=\"og:site_name\" content=\"PSOL 50\" \/>\n<meta property=\"article:publisher\" content=\"https:\/\/www.facebook.com\/psol50\" \/>\n<meta property=\"article:published_time\" content=\"2015-11-12T21:12:26+00:00\" \/>\n<meta property=\"og:image\" content=\"https:\/\/psol50.org.br\/inc\/uploads\/2015\/11\/Bancada-na-Camara-e1448895585658.jpg\" \/>\n\t<meta property=\"og:image:width\" content=\"1000\" \/>\n\t<meta property=\"og:image:height\" content=\"667\" \/>\n\t<meta property=\"og:image:type\" content=\"image\/jpeg\" \/>\n<meta name=\"author\" content=\"Comunica\u00e7\u00e3o PSOL\" \/>\n<meta name=\"twitter:card\" content=\"summary_large_image\" \/>\n<meta name=\"twitter:creator\" content=\"@psol50\" \/>\n<meta name=\"twitter:site\" content=\"@psol50\" \/>\n<meta name=\"twitter:label1\" content=\"Escrito por\" \/>\n\t<meta name=\"twitter:data1\" content=\"Comunica\u00e7\u00e3o PSOL\" \/>\n\t<meta name=\"twitter:label2\" content=\"Est. tempo de leitura\" \/>\n\t<meta name=\"twitter:data2\" content=\"3 minutos\" \/>\n<script type=\"application\/ld+json\" class=\"yoast-schema-graph\">{\"@context\":\"https:\/\/schema.org\",\"@graph\":[{\"@type\":\"Article\",\"@id\":\"https:\/\/psol50.org.br\/representacao-contra-jean-wyllys-e-parte-da-investida-conservadora-para-calar-o-psol\/#article\",\"isPartOf\":{\"@id\":\"https:\/\/psol50.org.br\/representacao-contra-jean-wyllys-e-parte-da-investida-conservadora-para-calar-o-psol\/\"},\"author\":{\"name\":\"Comunica\u00e7\u00e3o PSOL\",\"@id\":\"https:\/\/psol50.org.br\/#\/schema\/person\/475dfa57d0b815993c714c2e96491fcd\"},\"headline\":\"Representa\u00e7\u00e3o contra Jean Wyllys \u00e9 parte da investida conservadora para calar o PSOL\",\"datePublished\":\"2015-11-12T21:12:26+00:00\",\"mainEntityOfPage\":{\"@id\":\"https:\/\/psol50.org.br\/representacao-contra-jean-wyllys-e-parte-da-investida-conservadora-para-calar-o-psol\/\"},\"wordCount\":550,\"commentCount\":2,\"publisher\":{\"@id\":\"https:\/\/psol50.org.br\/#organization\"},\"image\":{\"@id\":\"https:\/\/psol50.org.br\/representacao-contra-jean-wyllys-e-parte-da-investida-conservadora-para-calar-o-psol\/#primaryimage\"},\"thumbnailUrl\":\"https:\/\/psol50.org.br\/inc\/uploads\/2015\/11\/Bancada-na-Camara-e1448895585658.jpg\",\"keywords\":[\"Bancada do PSOL\",\"Chico Alencar\",\"Conselho de \u00c9tica da C\u00e2mara\",\"For\u00e7a Sindical\",\"Glauber Braga\",\"Jean Wyllys\",\"Juliano Medeiros\",\"Paulinho da For\u00e7a\",\"Paulinho Pereira\",\"PSD\",\"PSOL\",\"Solidariedade\"],\"articleSection\":[\"A\u00e7\u00e3o Parlamentar\",\"Brasil\",\"Not\u00edcias\",\"Partido\"],\"inLanguage\":\"pt-BR\",\"potentialAction\":[{\"@type\":\"CommentAction\",\"name\":\"Comment\",\"target\":[\"https:\/\/psol50.org.br\/representacao-contra-jean-wyllys-e-parte-da-investida-conservadora-para-calar-o-psol\/#respond\"]}]},{\"@type\":\"WebPage\",\"@id\":\"https:\/\/psol50.org.br\/representacao-contra-jean-wyllys-e-parte-da-investida-conservadora-para-calar-o-psol\/\",\"url\":\"https:\/\/psol50.org.br\/representacao-contra-jean-wyllys-e-parte-da-investida-conservadora-para-calar-o-psol\/\",\"name\":\"Representa\u00e7\u00e3o contra Jean Wyllys \u00e9 parte da investida conservadora para calar o PSOL - PSOL 50\",\"isPartOf\":{\"@id\":\"https:\/\/psol50.org.br\/#website\"},\"primaryImageOfPage\":{\"@id\":\"https:\/\/psol50.org.br\/representacao-contra-jean-wyllys-e-parte-da-investida-conservadora-para-calar-o-psol\/#primaryimage\"},\"image\":{\"@id\":\"https:\/\/psol50.org.br\/representacao-contra-jean-wyllys-e-parte-da-investida-conservadora-para-calar-o-psol\/#primaryimage\"},\"thumbnailUrl\":\"https:\/\/psol50.org.br\/inc\/uploads\/2015\/11\/Bancada-na-Camara-e1448895585658.jpg\",\"datePublished\":\"2015-11-12T21:12:26+00:00\",\"breadcrumb\":{\"@id\":\"https:\/\/psol50.org.br\/representacao-contra-jean-wyllys-e-parte-da-investida-conservadora-para-calar-o-psol\/#breadcrumb\"},\"inLanguage\":\"pt-BR\",\"potentialAction\":[{\"@type\":\"ReadAction\",\"target\":[\"https:\/\/psol50.org.br\/representacao-contra-jean-wyllys-e-parte-da-investida-conservadora-para-calar-o-psol\/\"]}]},{\"@type\":\"ImageObject\",\"inLanguage\":\"pt-BR\",\"@id\":\"https:\/\/psol50.org.br\/representacao-contra-jean-wyllys-e-parte-da-investida-conservadora-para-calar-o-psol\/#primaryimage\",\"url\":\"https:\/\/psol50.org.br\/inc\/uploads\/2015\/11\/Bancada-na-Camara-e1448895585658.jpg\",\"contentUrl\":\"https:\/\/psol50.org.br\/inc\/uploads\/2015\/11\/Bancada-na-Camara-e1448895585658.jpg\",\"width\":1000,\"height\":667},{\"@type\":\"BreadcrumbList\",\"@id\":\"https:\/\/psol50.org.br\/representacao-contra-jean-wyllys-e-parte-da-investida-conservadora-para-calar-o-psol\/#breadcrumb\",\"itemListElement\":[{\"@type\":\"ListItem\",\"position\":1,\"name\":\"In\u00edcio\",\"item\":\"https:\/\/psol50.org.br\/\"},{\"@type\":\"ListItem\",\"position\":2,\"name\":\"Representa\u00e7\u00e3o contra Jean Wyllys \u00e9 parte da investida conservadora para calar o PSOL\"}]},{\"@type\":\"WebSite\",\"@id\":\"https:\/\/psol50.org.br\/#website\",\"url\":\"https:\/\/psol50.org.br\/\",\"name\":\"PSOL 50\",\"description\":\"Site oficial do Partido Socialismo e Liberdade\",\"publisher\":{\"@id\":\"https:\/\/psol50.org.br\/#organization\"},\"alternateName\":\"PSOL50\",\"potentialAction\":[{\"@type\":\"SearchAction\",\"target\":{\"@type\":\"EntryPoint\",\"urlTemplate\":\"https:\/\/psol50.org.br\/?s={search_term_string}\"},\"query-input\":{\"@type\":\"PropertyValueSpecification\",\"valueRequired\":true,\"valueName\":\"search_term_string\"}}],\"inLanguage\":\"pt-BR\"},{\"@type\":\"Organization\",\"@id\":\"https:\/\/psol50.org.br\/#organization\",\"name\":\"PSOL 50\",\"alternateName\":\"PSOL 50\",\"url\":\"https:\/\/psol50.org.br\/\",\"logo\":{\"@type\":\"ImageObject\",\"inLanguage\":\"pt-BR\",\"@id\":\"https:\/\/psol50.org.br\/#\/schema\/logo\/image\/\",\"url\":\"https:\/\/psol50.org.br\/inc\/uploads\/2018\/07\/capa.png\",\"contentUrl\":\"https:\/\/psol50.org.br\/inc\/uploads\/2018\/07\/capa.png\",\"width\":1350,\"height\":900,\"caption\":\"PSOL 50\"},\"image\":{\"@id\":\"https:\/\/psol50.org.br\/#\/schema\/logo\/image\/\"},\"sameAs\":[\"https:\/\/www.facebook.com\/psol50\",\"https:\/\/x.com\/psol50\",\"https:\/\/www.instagram.com\/psol50\/\",\"https:\/\/www.youtube.com\/channel\/UC7SnJS5o1os7a6CaiNabzcg\"]},{\"@type\":\"Person\",\"@id\":\"https:\/\/psol50.org.br\/#\/schema\/person\/475dfa57d0b815993c714c2e96491fcd\",\"name\":\"Comunica\u00e7\u00e3o PSOL\",\"image\":{\"@type\":\"ImageObject\",\"inLanguage\":\"pt-BR\",\"@id\":\"https:\/\/psol50.org.br\/#\/schema\/person\/image\/\",\"url\":\"https:\/\/secure.gravatar.com\/avatar\/b34fc4f4e468a4e51785917065a3db57b841f5c95dba6ad8c73aaf8f66f8f9bf?s=96&d=mm&r=g\",\"contentUrl\":\"https:\/\/secure.gravatar.com\/avatar\/b34fc4f4e468a4e51785917065a3db57b841f5c95dba6ad8c73aaf8f66f8f9bf?s=96&d=mm&r=g\",\"caption\":\"Comunica\u00e7\u00e3o PSOL\"}}]}<\/script>\n<!-- \/ Yoast SEO plugin. -->","yoast_head_json":{"title":"Representa\u00e7\u00e3o contra Jean Wyllys \u00e9 parte da investida conservadora para calar o PSOL - PSOL 50","robots":{"index":"index","follow":"follow","max-snippet":"max-snippet:-1","max-image-preview":"max-image-preview:large","max-video-preview":"max-video-preview:-1"},"canonical":"https:\/\/psol50.org.br\/representacao-contra-jean-wyllys-e-parte-da-investida-conservadora-para-calar-o-psol\/","og_locale":"pt_BR","og_type":"article","og_title":"Representa\u00e7\u00e3o contra Jean Wyllys \u00e9 parte da investida conservadora para calar o PSOL - PSOL 50","og_description":"Na noite desta quarta-feira (11\/11) os deputados Jo\u00e3o Rodrigues e Eder Mauro, ambos do PSD, protocolaram na Corregedoria e no Conselho de \u00c9tica da C\u00e2mara dos Deputados representa\u00e7\u00e3o contra o deputado Jean Wyllys (PSOL-RJ), por quebra de decoro parlamentar. Embora a representa\u00e7\u00e3o tenha como justificativa a defesa feita por Jean no plen\u00e1rio da C\u00e2mara depois [&hellip;]","og_url":"https:\/\/psol50.org.br\/representacao-contra-jean-wyllys-e-parte-da-investida-conservadora-para-calar-o-psol\/","og_site_name":"PSOL 50","article_publisher":"https:\/\/www.facebook.com\/psol50","article_published_time":"2015-11-12T21:12:26+00:00","og_image":[{"width":1000,"height":667,"url":"https:\/\/psol50.org.br\/inc\/uploads\/2015\/11\/Bancada-na-Camara-e1448895585658.jpg","type":"image\/jpeg"}],"author":"Comunica\u00e7\u00e3o PSOL","twitter_card":"summary_large_image","twitter_creator":"@psol50","twitter_site":"@psol50","twitter_misc":{"Escrito por":"Comunica\u00e7\u00e3o PSOL","Est. tempo de leitura":"3 minutos"},"schema":{"@context":"https:\/\/schema.org","@graph":[{"@type":"Article","@id":"https:\/\/psol50.org.br\/representacao-contra-jean-wyllys-e-parte-da-investida-conservadora-para-calar-o-psol\/#article","isPartOf":{"@id":"https:\/\/psol50.org.br\/representacao-contra-jean-wyllys-e-parte-da-investida-conservadora-para-calar-o-psol\/"},"author":{"name":"Comunica\u00e7\u00e3o PSOL","@id":"https:\/\/psol50.org.br\/#\/schema\/person\/475dfa57d0b815993c714c2e96491fcd"},"headline":"Representa\u00e7\u00e3o contra Jean Wyllys \u00e9 parte da investida conservadora para calar o PSOL","datePublished":"2015-11-12T21:12:26+00:00","mainEntityOfPage":{"@id":"https:\/\/psol50.org.br\/representacao-contra-jean-wyllys-e-parte-da-investida-conservadora-para-calar-o-psol\/"},"wordCount":550,"commentCount":2,"publisher":{"@id":"https:\/\/psol50.org.br\/#organization"},"image":{"@id":"https:\/\/psol50.org.br\/representacao-contra-jean-wyllys-e-parte-da-investida-conservadora-para-calar-o-psol\/#primaryimage"},"thumbnailUrl":"https:\/\/psol50.org.br\/inc\/uploads\/2015\/11\/Bancada-na-Camara-e1448895585658.jpg","keywords":["Bancada do PSOL","Chico Alencar","Conselho de \u00c9tica da C\u00e2mara","For\u00e7a Sindical","Glauber Braga","Jean Wyllys","Juliano Medeiros","Paulinho da For\u00e7a","Paulinho Pereira","PSD","PSOL","Solidariedade"],"articleSection":["A\u00e7\u00e3o Parlamentar","Brasil","Not\u00edcias","Partido"],"inLanguage":"pt-BR","potentialAction":[{"@type":"CommentAction","name":"Comment","target":["https:\/\/psol50.org.br\/representacao-contra-jean-wyllys-e-parte-da-investida-conservadora-para-calar-o-psol\/#respond"]}]},{"@type":"WebPage","@id":"https:\/\/psol50.org.br\/representacao-contra-jean-wyllys-e-parte-da-investida-conservadora-para-calar-o-psol\/","url":"https:\/\/psol50.org.br\/representacao-contra-jean-wyllys-e-parte-da-investida-conservadora-para-calar-o-psol\/","name":"Representa\u00e7\u00e3o contra Jean Wyllys \u00e9 parte da investida conservadora para calar o PSOL - PSOL 50","isPartOf":{"@id":"https:\/\/psol50.org.br\/#website"},"primaryImageOfPage":{"@id":"https:\/\/psol50.org.br\/representacao-contra-jean-wyllys-e-parte-da-investida-conservadora-para-calar-o-psol\/#primaryimage"},"image":{"@id":"https:\/\/psol50.org.br\/representacao-contra-jean-wyllys-e-parte-da-investida-conservadora-para-calar-o-psol\/#primaryimage"},"thumbnailUrl":"https:\/\/psol50.org.br\/inc\/uploads\/2015\/11\/Bancada-na-Camara-e1448895585658.jpg","datePublished":"2015-11-12T21:12:26+00:00","breadcrumb":{"@id":"https:\/\/psol50.org.br\/representacao-contra-jean-wyllys-e-parte-da-investida-conservadora-para-calar-o-psol\/#breadcrumb"},"inLanguage":"pt-BR","potentialAction":[{"@type":"ReadAction","target":["https:\/\/psol50.org.br\/representacao-contra-jean-wyllys-e-parte-da-investida-conservadora-para-calar-o-psol\/"]}]},{"@type":"ImageObject","inLanguage":"pt-BR","@id":"https:\/\/psol50.org.br\/representacao-contra-jean-wyllys-e-parte-da-investida-conservadora-para-calar-o-psol\/#primaryimage","url":"https:\/\/psol50.org.br\/inc\/uploads\/2015\/11\/Bancada-na-Camara-e1448895585658.jpg","contentUrl":"https:\/\/psol50.org.br\/inc\/uploads\/2015\/11\/Bancada-na-Camara-e1448895585658.jpg","width":1000,"height":667},{"@type":"BreadcrumbList","@id":"https:\/\/psol50.org.br\/representacao-contra-jean-wyllys-e-parte-da-investida-conservadora-para-calar-o-psol\/#breadcrumb","itemListElement":[{"@type":"ListItem","position":1,"name":"In\u00edcio","item":"https:\/\/psol50.org.br\/"},{"@type":"ListItem","position":2,"name":"Representa\u00e7\u00e3o contra Jean Wyllys \u00e9 parte da investida conservadora para calar o PSOL"}]},{"@type":"WebSite","@id":"https:\/\/psol50.org.br\/#website","url":"https:\/\/psol50.org.br\/","name":"PSOL 50","description":"Site oficial do Partido Socialismo e Liberdade","publisher":{"@id":"https:\/\/psol50.org.br\/#organization"},"alternateName":"PSOL50","potentialAction":[{"@type":"SearchAction","target":{"@type":"EntryPoint","urlTemplate":"https:\/\/psol50.org.br\/?s={search_term_string}"},"query-input":{"@type":"PropertyValueSpecification","valueRequired":true,"valueName":"search_term_string"}}],"inLanguage":"pt-BR"},{"@type":"Organization","@id":"https:\/\/psol50.org.br\/#organization","name":"PSOL 50","alternateName":"PSOL 50","url":"https:\/\/psol50.org.br\/","logo":{"@type":"ImageObject","inLanguage":"pt-BR","@id":"https:\/\/psol50.org.br\/#\/schema\/logo\/image\/","url":"https:\/\/psol50.org.br\/inc\/uploads\/2018\/07\/capa.png","contentUrl":"https:\/\/psol50.org.br\/inc\/uploads\/2018\/07\/capa.png","width":1350,"height":900,"caption":"PSOL 50"},"image":{"@id":"https:\/\/psol50.org.br\/#\/schema\/logo\/image\/"},"sameAs":["https:\/\/www.facebook.com\/psol50","https:\/\/x.com\/psol50","https:\/\/www.instagram.com\/psol50\/","https:\/\/www.youtube.com\/channel\/UC7SnJS5o1os7a6CaiNabzcg"]},{"@type":"Person","@id":"https:\/\/psol50.org.br\/#\/schema\/person\/475dfa57d0b815993c714c2e96491fcd","name":"Comunica\u00e7\u00e3o PSOL","image":{"@type":"ImageObject","inLanguage":"pt-BR","@id":"https:\/\/psol50.org.br\/#\/schema\/person\/image\/","url":"https:\/\/secure.gravatar.com\/avatar\/b34fc4f4e468a4e51785917065a3db57b841f5c95dba6ad8c73aaf8f66f8f9bf?s=96&d=mm&r=g","contentUrl":"https:\/\/secure.gravatar.com\/avatar\/b34fc4f4e468a4e51785917065a3db57b841f5c95dba6ad8c73aaf8f66f8f9bf?s=96&d=mm&r=g","caption":"Comunica\u00e7\u00e3o PSOL"}}]}},"_links":{"self":[{"href":"https:\/\/psol50.org.br\/rest\/wp\/v2\/posts\/10584","targetHints":{"allow":["GET"]}}],"collection":[{"href":"https:\/\/psol50.org.br\/rest\/wp\/v2\/posts"}],"about":[{"href":"https:\/\/psol50.org.br\/rest\/wp\/v2\/types\/post"}],"author":[{"embeddable":true,"href":"https:\/\/psol50.org.br\/rest\/wp\/v2\/users\/2"}],"replies":[{"embeddable":true,"href":"https:\/\/psol50.org.br\/rest\/wp\/v2\/comments?post=10584"}],"version-history":[{"count":0,"href":"https:\/\/psol50.org.br\/rest\/wp\/v2\/posts\/10584\/revisions"}],"wp:featuredmedia":[{"embeddable":true,"href":"https:\/\/psol50.org.br\/rest\/wp\/v2\/media\/10585"}],"wp:attachment":[{"href":"https:\/\/psol50.org.br\/rest\/wp\/v2\/media?parent=10584"}],"wp:term":[{"taxonomy":"category","embeddable":true,"href":"https:\/\/psol50.org.br\/rest\/wp\/v2\/categories?post=10584"},{"taxonomy":"post_tag","embeddable":true,"href":"https:\/\/psol50.org.br\/rest\/wp\/v2\/tags?post=10584"}],"curies":[{"name":"wp","href":"https:\/\/api.w.org\/{rel}","templated":true}]}}