{"id":10590,"date":"2015-11-16T21:03:11","date_gmt":"2015-11-16T21:03:11","guid":{"rendered":"http:\/\/www.psol50.org.br\/?p=10590"},"modified":"2015-11-16T21:03:11","modified_gmt":"2015-11-16T21:03:11","slug":"mulheres-negras-de-todo-o-pais-marcham-no-dia-1811-contra-o-racismo-e-a-violencia","status":"publish","type":"post","link":"https:\/\/psol50.org.br\/mulheres-negras-de-todo-o-pais-marcham-no-dia-1811-contra-o-racismo-e-a-violencia\/","title":{"rendered":"Mulheres negras de todo o pa\u00eds marcham contra o racismo e a viol\u00eancia"},"content":{"rendered":"<p>Na manh\u00e3 de quarta-feira, 18 de novembro, milhares de mulheres negras, de todas as regi\u00f5es brasileiras, se re\u00fanem para participar da <a href=\"http:\/\/www.marchadasmulheresnegras.com\/\">Marcha Nacional das Mulheres Negras,<\/a> em Bras\u00edlia. Com o tema Marcha das Mulheres Negras \u2013 contra o Racismo, a Viol\u00eancia e pelo Bem Viver, a ideia de realizar o evento surgiu durante o Encontro Paralelo da Sociedade Civil para o Afro XXI, em 2011 e, desde ent\u00e3o, diversas entidades do movimento de mulheres negras e do movimento negro do pa\u00eds e do mundo se juntaram nessa articula\u00e7\u00e3o.<br \/>\nAs delega\u00e7\u00f5es que estar\u00e3o presentes na Marcha come\u00e7am a chegar j\u00e1 nesta ter\u00e7a-feira (17). A concentra\u00e7\u00e3o ser\u00e1 no Gin\u00e1sio Nilson Nelson, a partir das 9h do dia 18. Por volta das 10h, j\u00e1 com a presen\u00e7a de militantes de todo o pa\u00eds e de representantes das entidades organizadoras, ser\u00e1 realizado o ato de abertura. Em seguida, as mulheres sair\u00e3o em marcha pelo Eixo Monumental em dire\u00e7\u00e3o \u00e0 Pra\u00e7a dos Tr\u00eas Poderes. No meio da tarde, haver\u00e1 o ato de encerramento e uma s\u00e9rie de atra\u00e7\u00f5es culturais.<br \/>\nAo longo do \u00faltimo ano, os mais variados grupos espalhados pelo Brasil que lutam por melhores condi\u00e7\u00f5es de vida para as mulheres negras se articularam em seus munic\u00edpios, estados e tamb\u00e9m nacionalmente. A organiza\u00e7\u00e3o geral da a\u00e7\u00e3o pol\u00edtica ficou sob a responsabilidade da Coordena\u00e7\u00e3o Executiva Nacional da Marcha (ou Comit\u00ea Impulsor Nacional, nome utilizado at\u00e9 janeiro deste ano). A primeira reuni\u00e3o aconteceu em janeiro do ano passado, em Porto Alegre, na qual se definiram as fun\u00e7\u00f5es do Comit\u00ea Impulsor. Na segunda, realizada em maio de 2014, em Bras\u00edlia, estruturou-se o Plano de Trabalho. Em dezembro de 2014, aconteceu o terceiro encontro, voltado para a avalia\u00e7\u00e3o da conjuntura p\u00f3s-eleitoral e dos rumos da marcha. Nos dias 10 e 11 de janeiro de 2015, em Salvador, a quarta reuni\u00e3o teve como principal defini\u00e7\u00e3o o adiamento da data da marcha, anteriormente prevista para 13 de maio, tendo sido considerada a dif\u00edcil situa\u00e7\u00e3o enfrentada pelos movimentos sociais e o atual contexto de avan\u00e7o das pautas conservadoras.<br \/>\n<strong>Por que marchar<br \/>\n<\/strong>Atualmente, segundo dados da \u00faltima Pesquisa Nacional por Amostra de Domic\u00edlios (Pnad 2014), 54,9 milh\u00f5es de brasileiras se autodeclaram pretas ou pardas. E a marcha acontece num momento de acirramento da ofensiva conversadora e tamb\u00e9m na esteira de diversas medidas de governos municipais, estaduais e federal que colocam em segundo plano os interesses da classe trabalhadora e da popula\u00e7\u00e3o mais empobrecida. Cen\u00e1rio esse no qual as mais atingidas s\u00e3o as mulheres negras, que em muitos casos cuidam sozinhas de suas fam\u00edlias. E perdem seus filhos para a a\u00e7\u00e3o truculenta das for\u00e7as de seguran\u00e7a do Estado.<br \/>\nNa Pesquisa Mensal de Emprego (PME), o IBGE computou 822 mil empregadas dom\u00e9sticas autodeclaradas pretas ou pardas, quase 60% do contingente total nas seis maiores regi\u00f5es metropolitanas. Na m\u00e9dia geral, mulheres negras ganham R$ 1.364 por m\u00eas, cerca de 44% da renda dos homens brancos, 75% dos negros e 60% das mulheres brancas.<br \/>\nTamb\u00e9m s\u00e3o as negras as maiores v\u00edtimas do feminic\u00eddio. O Mapa da Viol\u00eancia 2015, elaborado pela Faculdade Latino-Americana de Ci\u00eancias Sociais (Flacso) e divulgado recentemente, aponta que o n\u00famero de homic\u00eddios de mulheres negras aumentou 54% em dez anos no Brasil, passando de 1.864, em 2003, para 2.875, em 2013. Enquanto, no mesmo per\u00edodo, o n\u00famero de homic\u00eddios de mulheres brancas caiu 9,8%, saindo de 1.747 em 2003 para 1.576 em 2013.<br \/>\nO n\u00famero tamb\u00e9m \u00e9 assustador quando se trata da sa\u00fade reprodutiva. Nas mortes obst\u00e9tricas, duas de cada tr\u00eas v\u00edtimas t\u00eam a pele preta ou parda.<br \/>\n\u00c9 nesse contexto que milhares, entre trabalhadoras urbanas, desempregadas, m\u00e3es, sem teto, camponesas, quilombolas, ind\u00edgenas, l\u00e9sbicas, trans, l\u00edderes de terreiro, marchar\u00e3o em Bras\u00edlia na manh\u00e3 desta quarta-feira, levantando a voz contra a viol\u00eancia, o racismo e as constantes amea\u00e7as aos seus direitos.<br \/>\nLuciete Silva, do Diret\u00f3rio Nacional do PSOL e militante do C\u00edrculo Palmarino, aponta v\u00e1rias raz\u00f5es da import\u00e2ncia de todo o processo de articula\u00e7\u00e3o em torno da Marcha Nacional de Mulheres Negras. \u201cO movimento precisa se reinventar e se reorganizar em torno de determinadas demandas. E o processo da Marcha foi fundamental para recolocar as pautas das lutadoras negras para a luta geral das mulheres e tamb\u00e9m para o conjunto da sociedade. Se \u00e9 dif\u00edcil falar de feminismo, imagine de feminismo negro\u201d, ressalta Luciete, que v\u00ea como extremamente significativo a realiza\u00e7\u00e3o da Marcha. \u201cMesmo num pa\u00eds em que a maioria da popula\u00e7\u00e3o \u00e9 formada por mulheres, \u00e9 muito dif\u00edcil falar de nossas demandas e quando o recorte \u00e9 a cor da pele, fica ainda mais complicado\u201d.<br \/>\nA dirigente do PSOL tamb\u00e9m passa o seu recado \u00e0 milit\u00e2ncia do partido. \u201c\u00c9 fundamental que o nosso partido se apodere desse debate e que as mulheres negras do PSOL se coloquem em espa\u00e7os como esses da Marcha, da forma como for poss\u00edvel. N\u00f3s n\u00e3o podemos esperar que o restante da sociedade enxergue a import\u00e2ncia da nossa luta. N\u00f3s \u00e9 que precisamos sair \u00e0s ruas e dar a visibilidade necess\u00e1ria\u201d.<br \/>\nA jornalista e militante do PSOL em S\u00e3o Paulo, Luciana Ara\u00fajo, avalia a realiza\u00e7\u00e3o da Marcha j\u00e1 como uma vit\u00f3ria hist\u00f3rica, pois, conforme ela ressalta, pela primeira vez no Brasil milhares de mulheres negras de todo o pa\u00eds far\u00e3o uma a\u00e7\u00e3o com a participa\u00e7\u00e3o de negras da cidade, do campo, quilombolas, jovens, mulheres de terreiro e militantes partid\u00e1rias. \u201cO processo de constru\u00e7\u00e3o da pauta da Marcha &#8211; contra a viol\u00eancia, o racismo e pelo bem viver &#8211; \u00e9 outro marco hist\u00f3rico no momento em que os dados oficiais informam que corremos duas vezes mais risco de sermos assassinadas, que aumentou 567% em 10 anos o encarceramento feminino e duas em cada tr\u00eas presas s\u00e3o negras, quando Eduardo Cunha e seus asseclas neste Congresso Nacional conservador querem impor a redu\u00e7\u00e3o da maioridade penal que vitima majoritariamente os jovens negros perif\u00e9ricos, mas tamb\u00e9m as mulheres negras m\u00e3es e jovens aprisionadas, junto com o retrocesso na lei de estupro\u201d, disse Luciana, lembrando que dados da Secretaria de Seguran\u00e7a P\u00fablica do Rio de Janeiro apontam que neste ano as mulheres negras s\u00e3o 65% das v\u00edtimas de estupro.<br \/>\nNa avalia\u00e7\u00e3o da jornalista, que participou das atividades do<a href=\"https:\/\/www.facebook.com\/pages\/N%C3%BAcleo-Impulsor-do-Estado-de-S%C3%A3o-Paulo-da-Marcha-das-Mulheres-Negras-2015\/1554390541485879\"> Comit\u00ea Impulsor da Marcha no Estado de S\u00e3o Paulo<\/a>, a a\u00e7\u00e3o mostrar\u00e1 a resist\u00eancia das lutadoras negras, inseridas nos v\u00e1rios movimentos que lutam contra a viol\u00eancia, o racismo e a retirada de direitos. \u201cVamos mostrar que, assim como resistimos desde a primeira negra sequestrada de \u00c1frica, vamos reagir e resistir a esses ataques com a for\u00e7a de Dandara, Luiza Mahin, Aqualtune e as demais lideran\u00e7as femininas, e porque n\u00e3o, feministas, negras que s\u00e3o nosso exemplo de luta. E vamos resistir tamb\u00e9m aos ataques impostos pelo governo Dilma, que entrega nossos direitos e conquistas ao fundamentalismo e ao capital para manter a \u2018governabilidade\u2019, pontua Luciana.<br \/>\nSaiba mais informa\u00e7\u00f5es e acompanhe a programa\u00e7\u00e3o da Marcha Nacional das Mulheres Negras: <a href=\"http:\/\/on.fb.me\/1YdJ71S\">http:\/\/on.fb.me\/1YdJ71S<\/a>.<br \/>\n<em>Da reda\u00e7\u00e3o do PSOL Nacional<\/em><\/p>\n","protected":false},"excerpt":{"rendered":"<p>Na manh\u00e3 de quarta-feira, 18 de novembro, milhares de mulheres negras, de todas as regi\u00f5es brasileiras, se re\u00fanem para participar da Marcha Nacional das Mulheres Negras, em Bras\u00edlia. Com o tema Marcha das Mulheres Negras \u2013 contra o Racismo, a Viol\u00eancia e pelo Bem Viver, a ideia de realizar o evento surgiu durante o Encontro [&hellip;]<\/p>\n","protected":false},"author":2,"featured_media":10594,"comment_status":"open","ping_status":"open","sticky":false,"template":"","format":"standard","meta":{"_acf_changed":false,"footnotes":""},"categories":[1882,1104],"tags":[4103,47,30,4878,4459,4681,4879,4,5,22,127,233],"class_list":{"0":"post-10590","1":"post","2":"type-post","3":"status-publish","4":"format-standard","5":"has-post-thumbnail","7":"category-brasil","8":"category-movimento","9":"tag-circulo-palmarino","10":"tag-feminicidio","11":"tag-feminismo","12":"tag-luciana-araujo","13":"tag-luciete-silva","14":"tag-mapa-da-violencia","15":"tag-marcha-nacional-de-mulheres-negras","16":"tag-mulheres","17":"tag-negras","18":"tag-psol","19":"tag-racismo","20":"tag-violencia"},"acf":[],"yoast_head":"<!-- This site is optimized with the Yoast SEO plugin v26.5 - https:\/\/yoast.com\/wordpress\/plugins\/seo\/ -->\n<title>Mulheres negras de todo o pa\u00eds marcham contra o racismo e a viol\u00eancia - PSOL 50<\/title>\n<meta name=\"robots\" content=\"index, follow, max-snippet:-1, max-image-preview:large, max-video-preview:-1\" \/>\n<link rel=\"canonical\" href=\"https:\/\/psol50.org.br\/mulheres-negras-de-todo-o-pais-marcham-no-dia-1811-contra-o-racismo-e-a-violencia\/\" \/>\n<meta property=\"og:locale\" content=\"pt_BR\" \/>\n<meta property=\"og:type\" content=\"article\" \/>\n<meta property=\"og:title\" content=\"Mulheres negras de todo o pa\u00eds marcham contra o racismo e a viol\u00eancia - PSOL 50\" \/>\n<meta property=\"og:description\" content=\"Na manh\u00e3 de quarta-feira, 18 de novembro, milhares de mulheres negras, de todas as regi\u00f5es brasileiras, se re\u00fanem para participar da Marcha Nacional das Mulheres Negras, em Bras\u00edlia. Com o tema Marcha das Mulheres Negras \u2013 contra o Racismo, a Viol\u00eancia e pelo Bem Viver, a ideia de realizar o evento surgiu durante o Encontro [&hellip;]\" \/>\n<meta property=\"og:url\" content=\"https:\/\/psol50.org.br\/mulheres-negras-de-todo-o-pais-marcham-no-dia-1811-contra-o-racismo-e-a-violencia\/\" \/>\n<meta property=\"og:site_name\" content=\"PSOL 50\" \/>\n<meta property=\"article:publisher\" content=\"https:\/\/www.facebook.com\/psol50\" \/>\n<meta property=\"article:published_time\" content=\"2015-11-16T21:03:11+00:00\" \/>\n<meta property=\"og:image\" content=\"https:\/\/psol50.org.br\/inc\/uploads\/2015\/11\/2-card-archa-das-mulheres-negras-e1448896742469.jpg\" \/>\n\t<meta property=\"og:image:width\" content=\"1000\" \/>\n\t<meta property=\"og:image:height\" content=\"675\" \/>\n\t<meta property=\"og:image:type\" content=\"image\/jpeg\" \/>\n<meta name=\"author\" content=\"Comunica\u00e7\u00e3o PSOL\" \/>\n<meta name=\"twitter:card\" content=\"summary_large_image\" \/>\n<meta name=\"twitter:creator\" content=\"@psol50\" \/>\n<meta name=\"twitter:site\" content=\"@psol50\" \/>\n<meta name=\"twitter:label1\" content=\"Escrito por\" \/>\n\t<meta name=\"twitter:data1\" content=\"Comunica\u00e7\u00e3o PSOL\" \/>\n\t<meta name=\"twitter:label2\" content=\"Est. tempo de leitura\" \/>\n\t<meta name=\"twitter:data2\" content=\"6 minutos\" \/>\n<script type=\"application\/ld+json\" class=\"yoast-schema-graph\">{\"@context\":\"https:\/\/schema.org\",\"@graph\":[{\"@type\":\"Article\",\"@id\":\"https:\/\/psol50.org.br\/mulheres-negras-de-todo-o-pais-marcham-no-dia-1811-contra-o-racismo-e-a-violencia\/#article\",\"isPartOf\":{\"@id\":\"https:\/\/psol50.org.br\/mulheres-negras-de-todo-o-pais-marcham-no-dia-1811-contra-o-racismo-e-a-violencia\/\"},\"author\":{\"name\":\"Comunica\u00e7\u00e3o PSOL\",\"@id\":\"https:\/\/psol50.org.br\/#\/schema\/person\/475dfa57d0b815993c714c2e96491fcd\"},\"headline\":\"Mulheres negras de todo o pa\u00eds marcham contra o racismo e a viol\u00eancia\",\"datePublished\":\"2015-11-16T21:03:11+00:00\",\"mainEntityOfPage\":{\"@id\":\"https:\/\/psol50.org.br\/mulheres-negras-de-todo-o-pais-marcham-no-dia-1811-contra-o-racismo-e-a-violencia\/\"},\"wordCount\":1248,\"commentCount\":0,\"publisher\":{\"@id\":\"https:\/\/psol50.org.br\/#organization\"},\"image\":{\"@id\":\"https:\/\/psol50.org.br\/mulheres-negras-de-todo-o-pais-marcham-no-dia-1811-contra-o-racismo-e-a-violencia\/#primaryimage\"},\"thumbnailUrl\":\"https:\/\/psol50.org.br\/inc\/uploads\/2015\/11\/2-card-archa-das-mulheres-negras-e1448896742469.jpg\",\"keywords\":[\"C\u00edrculo Palmarino\",\"feminic\u00eddio\",\"feminismo\",\"Luciana Ara\u00fajo\",\"Luciete Silva\",\"Mapa da Viol\u00eancia\",\"Marcha Nacional de Mulheres Negras\",\"mulheres\",\"negras\",\"PSOL\",\"racismo\",\"viol\u00eancia\"],\"articleSection\":[\"Brasil\",\"Movimento\"],\"inLanguage\":\"pt-BR\",\"potentialAction\":[{\"@type\":\"CommentAction\",\"name\":\"Comment\",\"target\":[\"https:\/\/psol50.org.br\/mulheres-negras-de-todo-o-pais-marcham-no-dia-1811-contra-o-racismo-e-a-violencia\/#respond\"]}]},{\"@type\":\"WebPage\",\"@id\":\"https:\/\/psol50.org.br\/mulheres-negras-de-todo-o-pais-marcham-no-dia-1811-contra-o-racismo-e-a-violencia\/\",\"url\":\"https:\/\/psol50.org.br\/mulheres-negras-de-todo-o-pais-marcham-no-dia-1811-contra-o-racismo-e-a-violencia\/\",\"name\":\"Mulheres negras de todo o pa\u00eds marcham contra o racismo e a viol\u00eancia - PSOL 50\",\"isPartOf\":{\"@id\":\"https:\/\/psol50.org.br\/#website\"},\"primaryImageOfPage\":{\"@id\":\"https:\/\/psol50.org.br\/mulheres-negras-de-todo-o-pais-marcham-no-dia-1811-contra-o-racismo-e-a-violencia\/#primaryimage\"},\"image\":{\"@id\":\"https:\/\/psol50.org.br\/mulheres-negras-de-todo-o-pais-marcham-no-dia-1811-contra-o-racismo-e-a-violencia\/#primaryimage\"},\"thumbnailUrl\":\"https:\/\/psol50.org.br\/inc\/uploads\/2015\/11\/2-card-archa-das-mulheres-negras-e1448896742469.jpg\",\"datePublished\":\"2015-11-16T21:03:11+00:00\",\"breadcrumb\":{\"@id\":\"https:\/\/psol50.org.br\/mulheres-negras-de-todo-o-pais-marcham-no-dia-1811-contra-o-racismo-e-a-violencia\/#breadcrumb\"},\"inLanguage\":\"pt-BR\",\"potentialAction\":[{\"@type\":\"ReadAction\",\"target\":[\"https:\/\/psol50.org.br\/mulheres-negras-de-todo-o-pais-marcham-no-dia-1811-contra-o-racismo-e-a-violencia\/\"]}]},{\"@type\":\"ImageObject\",\"inLanguage\":\"pt-BR\",\"@id\":\"https:\/\/psol50.org.br\/mulheres-negras-de-todo-o-pais-marcham-no-dia-1811-contra-o-racismo-e-a-violencia\/#primaryimage\",\"url\":\"https:\/\/psol50.org.br\/inc\/uploads\/2015\/11\/2-card-archa-das-mulheres-negras-e1448896742469.jpg\",\"contentUrl\":\"https:\/\/psol50.org.br\/inc\/uploads\/2015\/11\/2-card-archa-das-mulheres-negras-e1448896742469.jpg\",\"width\":1000,\"height\":675},{\"@type\":\"BreadcrumbList\",\"@id\":\"https:\/\/psol50.org.br\/mulheres-negras-de-todo-o-pais-marcham-no-dia-1811-contra-o-racismo-e-a-violencia\/#breadcrumb\",\"itemListElement\":[{\"@type\":\"ListItem\",\"position\":1,\"name\":\"In\u00edcio\",\"item\":\"https:\/\/psol50.org.br\/\"},{\"@type\":\"ListItem\",\"position\":2,\"name\":\"Mulheres negras de todo o pa\u00eds marcham contra o racismo e a viol\u00eancia\"}]},{\"@type\":\"WebSite\",\"@id\":\"https:\/\/psol50.org.br\/#website\",\"url\":\"https:\/\/psol50.org.br\/\",\"name\":\"PSOL 50\",\"description\":\"Site oficial do Partido Socialismo e Liberdade\",\"publisher\":{\"@id\":\"https:\/\/psol50.org.br\/#organization\"},\"alternateName\":\"PSOL50\",\"potentialAction\":[{\"@type\":\"SearchAction\",\"target\":{\"@type\":\"EntryPoint\",\"urlTemplate\":\"https:\/\/psol50.org.br\/?s={search_term_string}\"},\"query-input\":{\"@type\":\"PropertyValueSpecification\",\"valueRequired\":true,\"valueName\":\"search_term_string\"}}],\"inLanguage\":\"pt-BR\"},{\"@type\":\"Organization\",\"@id\":\"https:\/\/psol50.org.br\/#organization\",\"name\":\"PSOL 50\",\"alternateName\":\"PSOL 50\",\"url\":\"https:\/\/psol50.org.br\/\",\"logo\":{\"@type\":\"ImageObject\",\"inLanguage\":\"pt-BR\",\"@id\":\"https:\/\/psol50.org.br\/#\/schema\/logo\/image\/\",\"url\":\"https:\/\/psol50.org.br\/inc\/uploads\/2018\/07\/capa.png\",\"contentUrl\":\"https:\/\/psol50.org.br\/inc\/uploads\/2018\/07\/capa.png\",\"width\":1350,\"height\":900,\"caption\":\"PSOL 50\"},\"image\":{\"@id\":\"https:\/\/psol50.org.br\/#\/schema\/logo\/image\/\"},\"sameAs\":[\"https:\/\/www.facebook.com\/psol50\",\"https:\/\/x.com\/psol50\",\"https:\/\/www.instagram.com\/psol50\/\",\"https:\/\/www.youtube.com\/channel\/UC7SnJS5o1os7a6CaiNabzcg\"]},{\"@type\":\"Person\",\"@id\":\"https:\/\/psol50.org.br\/#\/schema\/person\/475dfa57d0b815993c714c2e96491fcd\",\"name\":\"Comunica\u00e7\u00e3o PSOL\",\"image\":{\"@type\":\"ImageObject\",\"inLanguage\":\"pt-BR\",\"@id\":\"https:\/\/psol50.org.br\/#\/schema\/person\/image\/\",\"url\":\"https:\/\/secure.gravatar.com\/avatar\/b34fc4f4e468a4e51785917065a3db57b841f5c95dba6ad8c73aaf8f66f8f9bf?s=96&d=mm&r=g\",\"contentUrl\":\"https:\/\/secure.gravatar.com\/avatar\/b34fc4f4e468a4e51785917065a3db57b841f5c95dba6ad8c73aaf8f66f8f9bf?s=96&d=mm&r=g\",\"caption\":\"Comunica\u00e7\u00e3o PSOL\"}}]}<\/script>\n<!-- \/ Yoast SEO plugin. -->","yoast_head_json":{"title":"Mulheres negras de todo o pa\u00eds marcham contra o racismo e a viol\u00eancia - PSOL 50","robots":{"index":"index","follow":"follow","max-snippet":"max-snippet:-1","max-image-preview":"max-image-preview:large","max-video-preview":"max-video-preview:-1"},"canonical":"https:\/\/psol50.org.br\/mulheres-negras-de-todo-o-pais-marcham-no-dia-1811-contra-o-racismo-e-a-violencia\/","og_locale":"pt_BR","og_type":"article","og_title":"Mulheres negras de todo o pa\u00eds marcham contra o racismo e a viol\u00eancia - PSOL 50","og_description":"Na manh\u00e3 de quarta-feira, 18 de novembro, milhares de mulheres negras, de todas as regi\u00f5es brasileiras, se re\u00fanem para participar da Marcha Nacional das Mulheres Negras, em Bras\u00edlia. Com o tema Marcha das Mulheres Negras \u2013 contra o Racismo, a Viol\u00eancia e pelo Bem Viver, a ideia de realizar o evento surgiu durante o Encontro [&hellip;]","og_url":"https:\/\/psol50.org.br\/mulheres-negras-de-todo-o-pais-marcham-no-dia-1811-contra-o-racismo-e-a-violencia\/","og_site_name":"PSOL 50","article_publisher":"https:\/\/www.facebook.com\/psol50","article_published_time":"2015-11-16T21:03:11+00:00","og_image":[{"width":1000,"height":675,"url":"https:\/\/psol50.org.br\/inc\/uploads\/2015\/11\/2-card-archa-das-mulheres-negras-e1448896742469.jpg","type":"image\/jpeg"}],"author":"Comunica\u00e7\u00e3o PSOL","twitter_card":"summary_large_image","twitter_creator":"@psol50","twitter_site":"@psol50","twitter_misc":{"Escrito por":"Comunica\u00e7\u00e3o PSOL","Est. tempo de leitura":"6 minutos"},"schema":{"@context":"https:\/\/schema.org","@graph":[{"@type":"Article","@id":"https:\/\/psol50.org.br\/mulheres-negras-de-todo-o-pais-marcham-no-dia-1811-contra-o-racismo-e-a-violencia\/#article","isPartOf":{"@id":"https:\/\/psol50.org.br\/mulheres-negras-de-todo-o-pais-marcham-no-dia-1811-contra-o-racismo-e-a-violencia\/"},"author":{"name":"Comunica\u00e7\u00e3o PSOL","@id":"https:\/\/psol50.org.br\/#\/schema\/person\/475dfa57d0b815993c714c2e96491fcd"},"headline":"Mulheres negras de todo o pa\u00eds marcham contra o racismo e a viol\u00eancia","datePublished":"2015-11-16T21:03:11+00:00","mainEntityOfPage":{"@id":"https:\/\/psol50.org.br\/mulheres-negras-de-todo-o-pais-marcham-no-dia-1811-contra-o-racismo-e-a-violencia\/"},"wordCount":1248,"commentCount":0,"publisher":{"@id":"https:\/\/psol50.org.br\/#organization"},"image":{"@id":"https:\/\/psol50.org.br\/mulheres-negras-de-todo-o-pais-marcham-no-dia-1811-contra-o-racismo-e-a-violencia\/#primaryimage"},"thumbnailUrl":"https:\/\/psol50.org.br\/inc\/uploads\/2015\/11\/2-card-archa-das-mulheres-negras-e1448896742469.jpg","keywords":["C\u00edrculo Palmarino","feminic\u00eddio","feminismo","Luciana Ara\u00fajo","Luciete Silva","Mapa da Viol\u00eancia","Marcha Nacional de Mulheres Negras","mulheres","negras","PSOL","racismo","viol\u00eancia"],"articleSection":["Brasil","Movimento"],"inLanguage":"pt-BR","potentialAction":[{"@type":"CommentAction","name":"Comment","target":["https:\/\/psol50.org.br\/mulheres-negras-de-todo-o-pais-marcham-no-dia-1811-contra-o-racismo-e-a-violencia\/#respond"]}]},{"@type":"WebPage","@id":"https:\/\/psol50.org.br\/mulheres-negras-de-todo-o-pais-marcham-no-dia-1811-contra-o-racismo-e-a-violencia\/","url":"https:\/\/psol50.org.br\/mulheres-negras-de-todo-o-pais-marcham-no-dia-1811-contra-o-racismo-e-a-violencia\/","name":"Mulheres negras de todo o pa\u00eds marcham contra o racismo e a viol\u00eancia - PSOL 50","isPartOf":{"@id":"https:\/\/psol50.org.br\/#website"},"primaryImageOfPage":{"@id":"https:\/\/psol50.org.br\/mulheres-negras-de-todo-o-pais-marcham-no-dia-1811-contra-o-racismo-e-a-violencia\/#primaryimage"},"image":{"@id":"https:\/\/psol50.org.br\/mulheres-negras-de-todo-o-pais-marcham-no-dia-1811-contra-o-racismo-e-a-violencia\/#primaryimage"},"thumbnailUrl":"https:\/\/psol50.org.br\/inc\/uploads\/2015\/11\/2-card-archa-das-mulheres-negras-e1448896742469.jpg","datePublished":"2015-11-16T21:03:11+00:00","breadcrumb":{"@id":"https:\/\/psol50.org.br\/mulheres-negras-de-todo-o-pais-marcham-no-dia-1811-contra-o-racismo-e-a-violencia\/#breadcrumb"},"inLanguage":"pt-BR","potentialAction":[{"@type":"ReadAction","target":["https:\/\/psol50.org.br\/mulheres-negras-de-todo-o-pais-marcham-no-dia-1811-contra-o-racismo-e-a-violencia\/"]}]},{"@type":"ImageObject","inLanguage":"pt-BR","@id":"https:\/\/psol50.org.br\/mulheres-negras-de-todo-o-pais-marcham-no-dia-1811-contra-o-racismo-e-a-violencia\/#primaryimage","url":"https:\/\/psol50.org.br\/inc\/uploads\/2015\/11\/2-card-archa-das-mulheres-negras-e1448896742469.jpg","contentUrl":"https:\/\/psol50.org.br\/inc\/uploads\/2015\/11\/2-card-archa-das-mulheres-negras-e1448896742469.jpg","width":1000,"height":675},{"@type":"BreadcrumbList","@id":"https:\/\/psol50.org.br\/mulheres-negras-de-todo-o-pais-marcham-no-dia-1811-contra-o-racismo-e-a-violencia\/#breadcrumb","itemListElement":[{"@type":"ListItem","position":1,"name":"In\u00edcio","item":"https:\/\/psol50.org.br\/"},{"@type":"ListItem","position":2,"name":"Mulheres negras de todo o pa\u00eds marcham contra o racismo e a viol\u00eancia"}]},{"@type":"WebSite","@id":"https:\/\/psol50.org.br\/#website","url":"https:\/\/psol50.org.br\/","name":"PSOL 50","description":"Site oficial do Partido Socialismo e Liberdade","publisher":{"@id":"https:\/\/psol50.org.br\/#organization"},"alternateName":"PSOL50","potentialAction":[{"@type":"SearchAction","target":{"@type":"EntryPoint","urlTemplate":"https:\/\/psol50.org.br\/?s={search_term_string}"},"query-input":{"@type":"PropertyValueSpecification","valueRequired":true,"valueName":"search_term_string"}}],"inLanguage":"pt-BR"},{"@type":"Organization","@id":"https:\/\/psol50.org.br\/#organization","name":"PSOL 50","alternateName":"PSOL 50","url":"https:\/\/psol50.org.br\/","logo":{"@type":"ImageObject","inLanguage":"pt-BR","@id":"https:\/\/psol50.org.br\/#\/schema\/logo\/image\/","url":"https:\/\/psol50.org.br\/inc\/uploads\/2018\/07\/capa.png","contentUrl":"https:\/\/psol50.org.br\/inc\/uploads\/2018\/07\/capa.png","width":1350,"height":900,"caption":"PSOL 50"},"image":{"@id":"https:\/\/psol50.org.br\/#\/schema\/logo\/image\/"},"sameAs":["https:\/\/www.facebook.com\/psol50","https:\/\/x.com\/psol50","https:\/\/www.instagram.com\/psol50\/","https:\/\/www.youtube.com\/channel\/UC7SnJS5o1os7a6CaiNabzcg"]},{"@type":"Person","@id":"https:\/\/psol50.org.br\/#\/schema\/person\/475dfa57d0b815993c714c2e96491fcd","name":"Comunica\u00e7\u00e3o PSOL","image":{"@type":"ImageObject","inLanguage":"pt-BR","@id":"https:\/\/psol50.org.br\/#\/schema\/person\/image\/","url":"https:\/\/secure.gravatar.com\/avatar\/b34fc4f4e468a4e51785917065a3db57b841f5c95dba6ad8c73aaf8f66f8f9bf?s=96&d=mm&r=g","contentUrl":"https:\/\/secure.gravatar.com\/avatar\/b34fc4f4e468a4e51785917065a3db57b841f5c95dba6ad8c73aaf8f66f8f9bf?s=96&d=mm&r=g","caption":"Comunica\u00e7\u00e3o PSOL"}}]}},"_links":{"self":[{"href":"https:\/\/psol50.org.br\/rest\/wp\/v2\/posts\/10590","targetHints":{"allow":["GET"]}}],"collection":[{"href":"https:\/\/psol50.org.br\/rest\/wp\/v2\/posts"}],"about":[{"href":"https:\/\/psol50.org.br\/rest\/wp\/v2\/types\/post"}],"author":[{"embeddable":true,"href":"https:\/\/psol50.org.br\/rest\/wp\/v2\/users\/2"}],"replies":[{"embeddable":true,"href":"https:\/\/psol50.org.br\/rest\/wp\/v2\/comments?post=10590"}],"version-history":[{"count":0,"href":"https:\/\/psol50.org.br\/rest\/wp\/v2\/posts\/10590\/revisions"}],"wp:featuredmedia":[{"embeddable":true,"href":"https:\/\/psol50.org.br\/rest\/wp\/v2\/media\/10594"}],"wp:attachment":[{"href":"https:\/\/psol50.org.br\/rest\/wp\/v2\/media?parent=10590"}],"wp:term":[{"taxonomy":"category","embeddable":true,"href":"https:\/\/psol50.org.br\/rest\/wp\/v2\/categories?post=10590"},{"taxonomy":"post_tag","embeddable":true,"href":"https:\/\/psol50.org.br\/rest\/wp\/v2\/tags?post=10590"}],"curies":[{"name":"wp","href":"https:\/\/api.w.org\/{rel}","templated":true}]}}