{"id":10595,"date":"2015-11-17T16:20:52","date_gmt":"2015-11-17T16:20:52","guid":{"rendered":"http:\/\/www.psol50.org.br\/?p=10595"},"modified":"2015-11-17T16:20:52","modified_gmt":"2015-11-17T16:20:52","slug":"chico-alencar-paris-e-mariana","status":"publish","type":"post","link":"https:\/\/psol50.org.br\/chico-alencar-paris-e-mariana\/","title":{"rendered":"CHICO ALENCAR: Paris e Mariana"},"content":{"rendered":"<p>Paris tem 2,2 milh\u00f5es de habitantes. Mariana 58 mil. Ambas s\u00e3o lindas e est\u00e3o enlutadas. O gosto amargo da dor vem da viol\u00eancia que sofreram. S\u00e3o de naturezas distintas, mas nenhuma das atrocidades \u00e9 natural.<br \/>\nEm Paris morreram, at\u00e9 aqui, 130 pessoas, alvejadas no espa\u00e7o de meia hora. N\u00e3o h\u00e1 causa, ideologia, vis\u00e3o de mundo que justifique a chacina covarde de tantos inocentes. As guerras do s\u00e9culo passado tinham alvos militares e palcos de combate. Agora, o terror ataca onde quer e a quem quer, para impactar. Jovens que namoravam, dan\u00e7avam, bebiam, cantavam, faziam planos ou apenas riam tiveram suas vidas ceifadas abruptamente.<br \/>\nAs pot\u00eancias ocidentais, em suas pol\u00edticas para outras \u00e1reas do mundo, costumam nutrir seus advers\u00e1rios, chocar o ovo da serpente. Por interesses geopol\u00edticos e econ\u00f4micos, os EUA j\u00e1 apoiaram Bin Laden e Sadam. Por interesses econ\u00f4micos e geopol\u00edticos, pa\u00edses ocidentais, como a Fran\u00e7a, armaram grupos que queriam derrubar Assad, na S\u00edria. Parte deles agora constitui o Estado Isl\u00e2mico, empenhado na constru\u00e7\u00e3o do seu \u2018califado\u2019 de barb\u00e1ries.<br \/>\nEm Mariana foram destru\u00eddas casas, rios e vidas \u2013 humanas e animais. As sequelas durar\u00e3o um s\u00e9culo! A mineradora Samarco\/Vale, como quase todas do ramo, quer lucros, ao custo de interven\u00e7\u00f5es que agridem a paisagem. Os pobres que encontrem lugar para morar, mesmo que seja a dois quil\u00f4metros das barragens. Sem acompanhamento t\u00e9cnico, elas podem romper. E romperam! A onda de lama t\u00f3xica matou gente e se alonga de Minas Gerais ao Esp\u00edrito Santo. Minas de desgra\u00e7as gerais, Esp\u00edrito Santo onde a destrui\u00e7\u00e3o produz um novo estado de esp\u00edrito: apreens\u00e3o. Poucas vozes, por\u00e9m, t\u00eam coragem de dizer: \u201cessa sanha de lucros n\u00e3o vale, Vale!\u201d.<br \/>\nO papa Francisco repete que estamos vivendo a 3\u00aa Guerra Mundial em etapas. Guerra entre culturas, pa\u00edses, interesses. Guerra de destrui\u00e7\u00e3o do planeta, em que est\u00e3o em campos opostos o sistema de produ\u00e7\u00e3o e consumo predat\u00f3rio, insustent\u00e1vel, e os que acreditam em um outro mundo poss\u00edvel, onde o realmente necess\u00e1rio ser\u00e1 o suficiente.<br \/>\nNada de fazer ranking macabro do que mais mata: cada assassinato de um ser humano ou de um ecossistema \u00e9 trag\u00e9dia. A Humanidade est\u00e1 perdendo a batalha para o \u00f3dio, a \u00e2nsia de vingan\u00e7a, o af\u00e3 do ganho a qualquer pre\u00e7o. Em Paris, jovens encapuzados e fanatizados deixaram um rastro de sangue, eliminando mais de uma centena, quase todos jovens. Em Mariana, a tenebrosa m\u00e1scara de lama destruiu vidas, povoados e mananciais. O rastro marrom segue seu curso devastador.<br \/>\n\u00c9 urgente dizer N\u00c3O!<br \/>\n<em>Artigo publicado originalmente no <a href=\"http:\/\/noblat.oglobo.globo.com\/artigos\/noticia\/2015\/11\/paris-e-mariana.html\">Blog do Noblat<\/a><\/em><br \/>\n&nbsp;<\/p>\n","protected":false},"excerpt":{"rendered":"<p>Paris tem 2,2 milh\u00f5es de habitantes. Mariana 58 mil. Ambas s\u00e3o lindas e est\u00e3o enlutadas. O gosto amargo da dor vem da viol\u00eancia que sofreram. S\u00e3o de naturezas distintas, mas nenhuma das atrocidades \u00e9 natural. Em Paris morreram, at\u00e9 aqui, 130 pessoas, alvejadas no espa\u00e7o de meia hora. N\u00e3o h\u00e1 causa, ideologia, vis\u00e3o de mundo [&hellip;]<\/p>\n","protected":false},"author":2,"featured_media":10597,"comment_status":"open","ping_status":"open","sticky":false,"template":"","format":"standard","meta":{"_acf_changed":false,"footnotes":""},"categories":[3],"tags":[1680,1100,16,983,1872,121,601,2782,122],"class_list":{"0":"post-10595","1":"post","2":"type-post","3":"status-publish","4":"format-standard","5":"has-post-thumbnail","7":"category-artigos-e-entrevistas","8":"tag-chico-alencar","9":"tag-espirito-santo","10":"tag-eua","11":"tag-franca","12":"tag-mariana","13":"tag-minas-gerais","14":"tag-paris","15":"tag-samarco","16":"tag-vale"},"acf":[],"yoast_head":"<!-- This site is optimized with the Yoast SEO plugin v26.5 - https:\/\/yoast.com\/wordpress\/plugins\/seo\/ -->\n<title>CHICO ALENCAR: Paris e Mariana - PSOL 50<\/title>\n<meta name=\"robots\" content=\"index, follow, max-snippet:-1, max-image-preview:large, max-video-preview:-1\" \/>\n<link rel=\"canonical\" href=\"https:\/\/psol50.org.br\/chico-alencar-paris-e-mariana\/\" \/>\n<meta property=\"og:locale\" content=\"pt_BR\" \/>\n<meta property=\"og:type\" content=\"article\" \/>\n<meta property=\"og:title\" content=\"CHICO ALENCAR: Paris e Mariana - PSOL 50\" \/>\n<meta property=\"og:description\" content=\"Paris tem 2,2 milh\u00f5es de habitantes. Mariana 58 mil. Ambas s\u00e3o lindas e est\u00e3o enlutadas. O gosto amargo da dor vem da viol\u00eancia que sofreram. S\u00e3o de naturezas distintas, mas nenhuma das atrocidades \u00e9 natural. Em Paris morreram, at\u00e9 aqui, 130 pessoas, alvejadas no espa\u00e7o de meia hora. N\u00e3o h\u00e1 causa, ideologia, vis\u00e3o de mundo [&hellip;]\" \/>\n<meta property=\"og:url\" content=\"https:\/\/psol50.org.br\/chico-alencar-paris-e-mariana\/\" \/>\n<meta property=\"og:site_name\" content=\"PSOL 50\" \/>\n<meta property=\"article:publisher\" content=\"https:\/\/www.facebook.com\/psol50\" \/>\n<meta property=\"article:published_time\" content=\"2015-11-17T16:20:52+00:00\" \/>\n<meta property=\"og:image\" content=\"https:\/\/psol50.org.br\/inc\/uploads\/2015\/11\/EKB_terrorismo_Foto_Elizabeth_Koechlin_Fotos-Publicas.jpg\" \/>\n\t<meta property=\"og:image:width\" content=\"852\" \/>\n\t<meta property=\"og:image:height\" content=\"640\" \/>\n\t<meta property=\"og:image:type\" content=\"image\/jpeg\" \/>\n<meta name=\"author\" content=\"Comunica\u00e7\u00e3o PSOL\" \/>\n<meta name=\"twitter:card\" content=\"summary_large_image\" \/>\n<meta name=\"twitter:creator\" content=\"@psol50\" \/>\n<meta name=\"twitter:site\" content=\"@psol50\" \/>\n<meta name=\"twitter:label1\" content=\"Escrito por\" \/>\n\t<meta name=\"twitter:data1\" content=\"Comunica\u00e7\u00e3o PSOL\" \/>\n\t<meta name=\"twitter:label2\" content=\"Est. tempo de leitura\" \/>\n\t<meta name=\"twitter:data2\" content=\"2 minutos\" \/>\n<script type=\"application\/ld+json\" class=\"yoast-schema-graph\">{\"@context\":\"https:\/\/schema.org\",\"@graph\":[{\"@type\":\"Article\",\"@id\":\"https:\/\/psol50.org.br\/chico-alencar-paris-e-mariana\/#article\",\"isPartOf\":{\"@id\":\"https:\/\/psol50.org.br\/chico-alencar-paris-e-mariana\/\"},\"author\":{\"name\":\"Comunica\u00e7\u00e3o PSOL\",\"@id\":\"https:\/\/psol50.org.br\/#\/schema\/person\/475dfa57d0b815993c714c2e96491fcd\"},\"headline\":\"CHICO ALENCAR: Paris e Mariana\",\"datePublished\":\"2015-11-17T16:20:52+00:00\",\"mainEntityOfPage\":{\"@id\":\"https:\/\/psol50.org.br\/chico-alencar-paris-e-mariana\/\"},\"wordCount\":467,\"commentCount\":1,\"publisher\":{\"@id\":\"https:\/\/psol50.org.br\/#organization\"},\"image\":{\"@id\":\"https:\/\/psol50.org.br\/chico-alencar-paris-e-mariana\/#primaryimage\"},\"thumbnailUrl\":\"https:\/\/psol50.org.br\/inc\/uploads\/2015\/11\/EKB_terrorismo_Foto_Elizabeth_Koechlin_Fotos-Publicas.jpg\",\"keywords\":[\"Chico Alencar\",\"Esp\u00edrito Santo\",\"EUA\",\"Fran\u00e7a\",\"Mariana\",\"Minas Gerais\",\"Paris\",\"Samarco\",\"Vale\"],\"articleSection\":[\"Artigos\"],\"inLanguage\":\"pt-BR\",\"potentialAction\":[{\"@type\":\"CommentAction\",\"name\":\"Comment\",\"target\":[\"https:\/\/psol50.org.br\/chico-alencar-paris-e-mariana\/#respond\"]}]},{\"@type\":\"WebPage\",\"@id\":\"https:\/\/psol50.org.br\/chico-alencar-paris-e-mariana\/\",\"url\":\"https:\/\/psol50.org.br\/chico-alencar-paris-e-mariana\/\",\"name\":\"CHICO ALENCAR: Paris e Mariana - PSOL 50\",\"isPartOf\":{\"@id\":\"https:\/\/psol50.org.br\/#website\"},\"primaryImageOfPage\":{\"@id\":\"https:\/\/psol50.org.br\/chico-alencar-paris-e-mariana\/#primaryimage\"},\"image\":{\"@id\":\"https:\/\/psol50.org.br\/chico-alencar-paris-e-mariana\/#primaryimage\"},\"thumbnailUrl\":\"https:\/\/psol50.org.br\/inc\/uploads\/2015\/11\/EKB_terrorismo_Foto_Elizabeth_Koechlin_Fotos-Publicas.jpg\",\"datePublished\":\"2015-11-17T16:20:52+00:00\",\"breadcrumb\":{\"@id\":\"https:\/\/psol50.org.br\/chico-alencar-paris-e-mariana\/#breadcrumb\"},\"inLanguage\":\"pt-BR\",\"potentialAction\":[{\"@type\":\"ReadAction\",\"target\":[\"https:\/\/psol50.org.br\/chico-alencar-paris-e-mariana\/\"]}]},{\"@type\":\"ImageObject\",\"inLanguage\":\"pt-BR\",\"@id\":\"https:\/\/psol50.org.br\/chico-alencar-paris-e-mariana\/#primaryimage\",\"url\":\"https:\/\/psol50.org.br\/inc\/uploads\/2015\/11\/EKB_terrorismo_Foto_Elizabeth_Koechlin_Fotos-Publicas.jpg\",\"contentUrl\":\"https:\/\/psol50.org.br\/inc\/uploads\/2015\/11\/EKB_terrorismo_Foto_Elizabeth_Koechlin_Fotos-Publicas.jpg\",\"width\":852,\"height\":640,\"caption\":\"Paris 14\/11\/2015 Local onde ocorreram os atentados no centro de Paris . Foto Elizabeth Koechlin Bertrand\/ Fotos Publicas\"},{\"@type\":\"BreadcrumbList\",\"@id\":\"https:\/\/psol50.org.br\/chico-alencar-paris-e-mariana\/#breadcrumb\",\"itemListElement\":[{\"@type\":\"ListItem\",\"position\":1,\"name\":\"In\u00edcio\",\"item\":\"https:\/\/psol50.org.br\/\"},{\"@type\":\"ListItem\",\"position\":2,\"name\":\"CHICO ALENCAR: Paris e Mariana\"}]},{\"@type\":\"WebSite\",\"@id\":\"https:\/\/psol50.org.br\/#website\",\"url\":\"https:\/\/psol50.org.br\/\",\"name\":\"PSOL 50\",\"description\":\"Site oficial do Partido Socialismo e Liberdade\",\"publisher\":{\"@id\":\"https:\/\/psol50.org.br\/#organization\"},\"alternateName\":\"PSOL50\",\"potentialAction\":[{\"@type\":\"SearchAction\",\"target\":{\"@type\":\"EntryPoint\",\"urlTemplate\":\"https:\/\/psol50.org.br\/?s={search_term_string}\"},\"query-input\":{\"@type\":\"PropertyValueSpecification\",\"valueRequired\":true,\"valueName\":\"search_term_string\"}}],\"inLanguage\":\"pt-BR\"},{\"@type\":\"Organization\",\"@id\":\"https:\/\/psol50.org.br\/#organization\",\"name\":\"PSOL 50\",\"alternateName\":\"PSOL 50\",\"url\":\"https:\/\/psol50.org.br\/\",\"logo\":{\"@type\":\"ImageObject\",\"inLanguage\":\"pt-BR\",\"@id\":\"https:\/\/psol50.org.br\/#\/schema\/logo\/image\/\",\"url\":\"https:\/\/psol50.org.br\/inc\/uploads\/2018\/07\/capa.png\",\"contentUrl\":\"https:\/\/psol50.org.br\/inc\/uploads\/2018\/07\/capa.png\",\"width\":1350,\"height\":900,\"caption\":\"PSOL 50\"},\"image\":{\"@id\":\"https:\/\/psol50.org.br\/#\/schema\/logo\/image\/\"},\"sameAs\":[\"https:\/\/www.facebook.com\/psol50\",\"https:\/\/x.com\/psol50\",\"https:\/\/www.instagram.com\/psol50\/\",\"https:\/\/www.youtube.com\/channel\/UC7SnJS5o1os7a6CaiNabzcg\"]},{\"@type\":\"Person\",\"@id\":\"https:\/\/psol50.org.br\/#\/schema\/person\/475dfa57d0b815993c714c2e96491fcd\",\"name\":\"Comunica\u00e7\u00e3o PSOL\",\"image\":{\"@type\":\"ImageObject\",\"inLanguage\":\"pt-BR\",\"@id\":\"https:\/\/psol50.org.br\/#\/schema\/person\/image\/\",\"url\":\"https:\/\/secure.gravatar.com\/avatar\/b34fc4f4e468a4e51785917065a3db57b841f5c95dba6ad8c73aaf8f66f8f9bf?s=96&d=mm&r=g\",\"contentUrl\":\"https:\/\/secure.gravatar.com\/avatar\/b34fc4f4e468a4e51785917065a3db57b841f5c95dba6ad8c73aaf8f66f8f9bf?s=96&d=mm&r=g\",\"caption\":\"Comunica\u00e7\u00e3o PSOL\"}}]}<\/script>\n<!-- \/ Yoast SEO plugin. -->","yoast_head_json":{"title":"CHICO ALENCAR: Paris e Mariana - PSOL 50","robots":{"index":"index","follow":"follow","max-snippet":"max-snippet:-1","max-image-preview":"max-image-preview:large","max-video-preview":"max-video-preview:-1"},"canonical":"https:\/\/psol50.org.br\/chico-alencar-paris-e-mariana\/","og_locale":"pt_BR","og_type":"article","og_title":"CHICO ALENCAR: Paris e Mariana - PSOL 50","og_description":"Paris tem 2,2 milh\u00f5es de habitantes. Mariana 58 mil. Ambas s\u00e3o lindas e est\u00e3o enlutadas. O gosto amargo da dor vem da viol\u00eancia que sofreram. S\u00e3o de naturezas distintas, mas nenhuma das atrocidades \u00e9 natural. Em Paris morreram, at\u00e9 aqui, 130 pessoas, alvejadas no espa\u00e7o de meia hora. N\u00e3o h\u00e1 causa, ideologia, vis\u00e3o de mundo [&hellip;]","og_url":"https:\/\/psol50.org.br\/chico-alencar-paris-e-mariana\/","og_site_name":"PSOL 50","article_publisher":"https:\/\/www.facebook.com\/psol50","article_published_time":"2015-11-17T16:20:52+00:00","og_image":[{"width":852,"height":640,"url":"https:\/\/psol50.org.br\/inc\/uploads\/2015\/11\/EKB_terrorismo_Foto_Elizabeth_Koechlin_Fotos-Publicas.jpg","type":"image\/jpeg"}],"author":"Comunica\u00e7\u00e3o PSOL","twitter_card":"summary_large_image","twitter_creator":"@psol50","twitter_site":"@psol50","twitter_misc":{"Escrito por":"Comunica\u00e7\u00e3o PSOL","Est. tempo de leitura":"2 minutos"},"schema":{"@context":"https:\/\/schema.org","@graph":[{"@type":"Article","@id":"https:\/\/psol50.org.br\/chico-alencar-paris-e-mariana\/#article","isPartOf":{"@id":"https:\/\/psol50.org.br\/chico-alencar-paris-e-mariana\/"},"author":{"name":"Comunica\u00e7\u00e3o PSOL","@id":"https:\/\/psol50.org.br\/#\/schema\/person\/475dfa57d0b815993c714c2e96491fcd"},"headline":"CHICO ALENCAR: Paris e Mariana","datePublished":"2015-11-17T16:20:52+00:00","mainEntityOfPage":{"@id":"https:\/\/psol50.org.br\/chico-alencar-paris-e-mariana\/"},"wordCount":467,"commentCount":1,"publisher":{"@id":"https:\/\/psol50.org.br\/#organization"},"image":{"@id":"https:\/\/psol50.org.br\/chico-alencar-paris-e-mariana\/#primaryimage"},"thumbnailUrl":"https:\/\/psol50.org.br\/inc\/uploads\/2015\/11\/EKB_terrorismo_Foto_Elizabeth_Koechlin_Fotos-Publicas.jpg","keywords":["Chico Alencar","Esp\u00edrito Santo","EUA","Fran\u00e7a","Mariana","Minas Gerais","Paris","Samarco","Vale"],"articleSection":["Artigos"],"inLanguage":"pt-BR","potentialAction":[{"@type":"CommentAction","name":"Comment","target":["https:\/\/psol50.org.br\/chico-alencar-paris-e-mariana\/#respond"]}]},{"@type":"WebPage","@id":"https:\/\/psol50.org.br\/chico-alencar-paris-e-mariana\/","url":"https:\/\/psol50.org.br\/chico-alencar-paris-e-mariana\/","name":"CHICO ALENCAR: Paris e Mariana - PSOL 50","isPartOf":{"@id":"https:\/\/psol50.org.br\/#website"},"primaryImageOfPage":{"@id":"https:\/\/psol50.org.br\/chico-alencar-paris-e-mariana\/#primaryimage"},"image":{"@id":"https:\/\/psol50.org.br\/chico-alencar-paris-e-mariana\/#primaryimage"},"thumbnailUrl":"https:\/\/psol50.org.br\/inc\/uploads\/2015\/11\/EKB_terrorismo_Foto_Elizabeth_Koechlin_Fotos-Publicas.jpg","datePublished":"2015-11-17T16:20:52+00:00","breadcrumb":{"@id":"https:\/\/psol50.org.br\/chico-alencar-paris-e-mariana\/#breadcrumb"},"inLanguage":"pt-BR","potentialAction":[{"@type":"ReadAction","target":["https:\/\/psol50.org.br\/chico-alencar-paris-e-mariana\/"]}]},{"@type":"ImageObject","inLanguage":"pt-BR","@id":"https:\/\/psol50.org.br\/chico-alencar-paris-e-mariana\/#primaryimage","url":"https:\/\/psol50.org.br\/inc\/uploads\/2015\/11\/EKB_terrorismo_Foto_Elizabeth_Koechlin_Fotos-Publicas.jpg","contentUrl":"https:\/\/psol50.org.br\/inc\/uploads\/2015\/11\/EKB_terrorismo_Foto_Elizabeth_Koechlin_Fotos-Publicas.jpg","width":852,"height":640,"caption":"Paris 14\/11\/2015 Local onde ocorreram os atentados no centro de Paris . Foto Elizabeth Koechlin Bertrand\/ Fotos Publicas"},{"@type":"BreadcrumbList","@id":"https:\/\/psol50.org.br\/chico-alencar-paris-e-mariana\/#breadcrumb","itemListElement":[{"@type":"ListItem","position":1,"name":"In\u00edcio","item":"https:\/\/psol50.org.br\/"},{"@type":"ListItem","position":2,"name":"CHICO ALENCAR: Paris e Mariana"}]},{"@type":"WebSite","@id":"https:\/\/psol50.org.br\/#website","url":"https:\/\/psol50.org.br\/","name":"PSOL 50","description":"Site oficial do Partido Socialismo e Liberdade","publisher":{"@id":"https:\/\/psol50.org.br\/#organization"},"alternateName":"PSOL50","potentialAction":[{"@type":"SearchAction","target":{"@type":"EntryPoint","urlTemplate":"https:\/\/psol50.org.br\/?s={search_term_string}"},"query-input":{"@type":"PropertyValueSpecification","valueRequired":true,"valueName":"search_term_string"}}],"inLanguage":"pt-BR"},{"@type":"Organization","@id":"https:\/\/psol50.org.br\/#organization","name":"PSOL 50","alternateName":"PSOL 50","url":"https:\/\/psol50.org.br\/","logo":{"@type":"ImageObject","inLanguage":"pt-BR","@id":"https:\/\/psol50.org.br\/#\/schema\/logo\/image\/","url":"https:\/\/psol50.org.br\/inc\/uploads\/2018\/07\/capa.png","contentUrl":"https:\/\/psol50.org.br\/inc\/uploads\/2018\/07\/capa.png","width":1350,"height":900,"caption":"PSOL 50"},"image":{"@id":"https:\/\/psol50.org.br\/#\/schema\/logo\/image\/"},"sameAs":["https:\/\/www.facebook.com\/psol50","https:\/\/x.com\/psol50","https:\/\/www.instagram.com\/psol50\/","https:\/\/www.youtube.com\/channel\/UC7SnJS5o1os7a6CaiNabzcg"]},{"@type":"Person","@id":"https:\/\/psol50.org.br\/#\/schema\/person\/475dfa57d0b815993c714c2e96491fcd","name":"Comunica\u00e7\u00e3o PSOL","image":{"@type":"ImageObject","inLanguage":"pt-BR","@id":"https:\/\/psol50.org.br\/#\/schema\/person\/image\/","url":"https:\/\/secure.gravatar.com\/avatar\/b34fc4f4e468a4e51785917065a3db57b841f5c95dba6ad8c73aaf8f66f8f9bf?s=96&d=mm&r=g","contentUrl":"https:\/\/secure.gravatar.com\/avatar\/b34fc4f4e468a4e51785917065a3db57b841f5c95dba6ad8c73aaf8f66f8f9bf?s=96&d=mm&r=g","caption":"Comunica\u00e7\u00e3o PSOL"}}]}},"_links":{"self":[{"href":"https:\/\/psol50.org.br\/rest\/wp\/v2\/posts\/10595","targetHints":{"allow":["GET"]}}],"collection":[{"href":"https:\/\/psol50.org.br\/rest\/wp\/v2\/posts"}],"about":[{"href":"https:\/\/psol50.org.br\/rest\/wp\/v2\/types\/post"}],"author":[{"embeddable":true,"href":"https:\/\/psol50.org.br\/rest\/wp\/v2\/users\/2"}],"replies":[{"embeddable":true,"href":"https:\/\/psol50.org.br\/rest\/wp\/v2\/comments?post=10595"}],"version-history":[{"count":0,"href":"https:\/\/psol50.org.br\/rest\/wp\/v2\/posts\/10595\/revisions"}],"wp:featuredmedia":[{"embeddable":true,"href":"https:\/\/psol50.org.br\/rest\/wp\/v2\/media\/10597"}],"wp:attachment":[{"href":"https:\/\/psol50.org.br\/rest\/wp\/v2\/media?parent=10595"}],"wp:term":[{"taxonomy":"category","embeddable":true,"href":"https:\/\/psol50.org.br\/rest\/wp\/v2\/categories?post=10595"},{"taxonomy":"post_tag","embeddable":true,"href":"https:\/\/psol50.org.br\/rest\/wp\/v2\/tags?post=10595"}],"curies":[{"name":"wp","href":"https:\/\/api.w.org\/{rel}","templated":true}]}}