{"id":10619,"date":"2015-11-17T20:45:48","date_gmt":"2015-11-17T20:45:48","guid":{"rendered":"http:\/\/www.psol50.org.br\/?p=10619"},"modified":"2015-11-17T20:45:48","modified_gmt":"2015-11-17T20:45:48","slug":"marcha-historica","status":"publish","type":"post","link":"https:\/\/psol50.org.br\/marcha-historica\/","title":{"rendered":"Jean Wyllys considera como hist\u00f3rica a Marcha das Mulheres Negras"},"content":{"rendered":"<p>O deputado <a href=\"https:\/\/www.facebook.com\/jean.wyllys\/\">Jean Wyllys<\/a>\u200b (PSOL-RJ) foi \u00e0 tribuna hoje da C\u00e2mara para falar da import\u00e2ncia da Marcha Nacional das Mulheres Negras, que acontece na manh\u00e3 desta quarta-feira (18), para dar visibilidade \u00e0s reivindica\u00e7\u00f5es do movimento das mulheres negras. Jean afirmou que s\u00f3 haver\u00e1 um real desenvolvimento no momento em que forem implementadas pol\u00edticas que, de fato, empodere as mulheres negras.<br \/>\nA interven\u00e7\u00e3o do nosso deputado foi durante a Comiss\u00e3o Geral que debateu a realidade das mulheres negras brasileiras.<br \/>\nLeia tamb\u00e9m, no site do PSOL, mat\u00e9ria que fala sobre a Marcha: <a href=\"http:\/\/bit.ly\/1NA3K0G\">http:\/\/bit.ly\/1NA3K0G<\/a><\/p>\n<div class=\"youtube-embed\" data-video_id=\"3ggyA4mm1hE\"><iframe loading=\"lazy\" title=\"&quot;Essa Marcha \u00e9 hist\u00f3rica porque \u00e0s mulheres negras sempre foi imposta uma invisibilidade&quot;\" width=\"696\" height=\"522\" src=\"https:\/\/www.youtube.com\/embed\/3ggyA4mm1hE?feature=oembed&#038;enablejsapi=1\" frameborder=\"0\" allow=\"accelerometer; autoplay; clipboard-write; encrypted-media; gyroscope; picture-in-picture\" allowfullscreen><\/iframe><\/div>\n","protected":false},"excerpt":{"rendered":"<p>O deputado Jean Wyllys\u200b (PSOL-RJ) foi \u00e0 tribuna hoje da C\u00e2mara para falar da import\u00e2ncia da Marcha Nacional das Mulheres Negras, que acontece na manh\u00e3 desta quarta-feira (18), para dar visibilidade \u00e0s reivindica\u00e7\u00f5es do movimento das mulheres negras. Jean afirmou que s\u00f3 haver\u00e1 um real desenvolvimento no momento em que forem implementadas pol\u00edticas que, de [&hellip;]<\/p>\n","protected":false},"author":2,"featured_media":10620,"comment_status":"open","ping_status":"open","sticky":false,"template":"","format":"standard","meta":{"_acf_changed":false,"footnotes":""},"categories":[10,1882,1104,2812],"tags":[663,4892,4,5,22],"class_list":{"0":"post-10619","1":"post","2":"type-post","3":"status-publish","4":"format-standard","5":"has-post-thumbnail","7":"category-acao-parlamentares","8":"category-brasil","9":"category-movimento","10":"category-videos_tv","11":"tag-jean-wyllys","12":"tag-marcha-nacional-das-mulheres-negras","13":"tag-mulheres","14":"tag-negras","15":"tag-psol"},"acf":[],"yoast_head":"<!-- This site is optimized with the Yoast SEO plugin v26.5 - https:\/\/yoast.com\/wordpress\/plugins\/seo\/ -->\n<title>Jean Wyllys considera como hist\u00f3rica a Marcha das Mulheres Negras - PSOL 50<\/title>\n<meta name=\"robots\" content=\"index, follow, max-snippet:-1, max-image-preview:large, max-video-preview:-1\" \/>\n<link rel=\"canonical\" href=\"https:\/\/psol50.org.br\/marcha-historica\/\" \/>\n<meta property=\"og:locale\" content=\"pt_BR\" \/>\n<meta property=\"og:type\" content=\"article\" \/>\n<meta property=\"og:title\" content=\"Jean Wyllys considera como hist\u00f3rica a Marcha das Mulheres Negras - PSOL 50\" \/>\n<meta property=\"og:description\" content=\"O deputado Jean Wyllys\u200b (PSOL-RJ) foi \u00e0 tribuna hoje da C\u00e2mara para falar da import\u00e2ncia da Marcha Nacional das Mulheres Negras, que acontece na manh\u00e3 desta quarta-feira (18), para dar visibilidade \u00e0s reivindica\u00e7\u00f5es do movimento das mulheres negras. Jean afirmou que s\u00f3 haver\u00e1 um real desenvolvimento no momento em que forem implementadas pol\u00edticas que, de [&hellip;]\" \/>\n<meta property=\"og:url\" content=\"https:\/\/psol50.org.br\/marcha-historica\/\" \/>\n<meta property=\"og:site_name\" content=\"PSOL 50\" \/>\n<meta property=\"article:publisher\" content=\"https:\/\/www.facebook.com\/psol50\" \/>\n<meta property=\"article:published_time\" content=\"2015-11-17T20:45:48+00:00\" \/>\n<meta property=\"og:image\" content=\"https:\/\/psol50.org.br\/inc\/uploads\/2015\/11\/Arte-marcha-das-mulheres-negras.jpg\" \/>\n\t<meta property=\"og:image:width\" content=\"596\" \/>\n\t<meta property=\"og:image:height\" content=\"425\" \/>\n\t<meta property=\"og:image:type\" content=\"image\/jpeg\" \/>\n<meta name=\"author\" content=\"Comunica\u00e7\u00e3o PSOL\" \/>\n<meta name=\"twitter:card\" content=\"summary_large_image\" \/>\n<meta name=\"twitter:creator\" content=\"@psol50\" \/>\n<meta name=\"twitter:site\" content=\"@psol50\" \/>\n<meta name=\"twitter:label1\" content=\"Escrito por\" \/>\n\t<meta name=\"twitter:data1\" content=\"Comunica\u00e7\u00e3o PSOL\" \/>\n\t<meta name=\"twitter:label2\" content=\"Est. tempo de leitura\" \/>\n\t<meta name=\"twitter:data2\" content=\"1 minuto\" \/>\n<script type=\"application\/ld+json\" class=\"yoast-schema-graph\">{\"@context\":\"https:\/\/schema.org\",\"@graph\":[{\"@type\":\"Article\",\"@id\":\"https:\/\/psol50.org.br\/marcha-historica\/#article\",\"isPartOf\":{\"@id\":\"https:\/\/psol50.org.br\/marcha-historica\/\"},\"author\":{\"name\":\"Comunica\u00e7\u00e3o PSOL\",\"@id\":\"https:\/\/psol50.org.br\/#\/schema\/person\/475dfa57d0b815993c714c2e96491fcd\"},\"headline\":\"Jean Wyllys considera como hist\u00f3rica a Marcha das Mulheres Negras\",\"datePublished\":\"2015-11-17T20:45:48+00:00\",\"mainEntityOfPage\":{\"@id\":\"https:\/\/psol50.org.br\/marcha-historica\/\"},\"wordCount\":124,\"commentCount\":0,\"publisher\":{\"@id\":\"https:\/\/psol50.org.br\/#organization\"},\"image\":{\"@id\":\"https:\/\/psol50.org.br\/marcha-historica\/#primaryimage\"},\"thumbnailUrl\":\"https:\/\/psol50.org.br\/inc\/uploads\/2015\/11\/Arte-marcha-das-mulheres-negras.jpg\",\"keywords\":[\"Jean Wyllys\",\"Marcha Nacional das Mulheres Negras\",\"mulheres\",\"negras\",\"PSOL\"],\"articleSection\":[\"A\u00e7\u00e3o Parlamentar\",\"Brasil\",\"Movimento\",\"V\u00cdDEOS | MULTIM\u00cdDIA | FLC TV\"],\"inLanguage\":\"pt-BR\",\"potentialAction\":[{\"@type\":\"CommentAction\",\"name\":\"Comment\",\"target\":[\"https:\/\/psol50.org.br\/marcha-historica\/#respond\"]}]},{\"@type\":\"WebPage\",\"@id\":\"https:\/\/psol50.org.br\/marcha-historica\/\",\"url\":\"https:\/\/psol50.org.br\/marcha-historica\/\",\"name\":\"Jean Wyllys considera como hist\u00f3rica a Marcha das Mulheres Negras - PSOL 50\",\"isPartOf\":{\"@id\":\"https:\/\/psol50.org.br\/#website\"},\"primaryImageOfPage\":{\"@id\":\"https:\/\/psol50.org.br\/marcha-historica\/#primaryimage\"},\"image\":{\"@id\":\"https:\/\/psol50.org.br\/marcha-historica\/#primaryimage\"},\"thumbnailUrl\":\"https:\/\/psol50.org.br\/inc\/uploads\/2015\/11\/Arte-marcha-das-mulheres-negras.jpg\",\"datePublished\":\"2015-11-17T20:45:48+00:00\",\"breadcrumb\":{\"@id\":\"https:\/\/psol50.org.br\/marcha-historica\/#breadcrumb\"},\"inLanguage\":\"pt-BR\",\"potentialAction\":[{\"@type\":\"ReadAction\",\"target\":[\"https:\/\/psol50.org.br\/marcha-historica\/\"]}]},{\"@type\":\"ImageObject\",\"inLanguage\":\"pt-BR\",\"@id\":\"https:\/\/psol50.org.br\/marcha-historica\/#primaryimage\",\"url\":\"https:\/\/psol50.org.br\/inc\/uploads\/2015\/11\/Arte-marcha-das-mulheres-negras.jpg\",\"contentUrl\":\"https:\/\/psol50.org.br\/inc\/uploads\/2015\/11\/Arte-marcha-das-mulheres-negras.jpg\",\"width\":596,\"height\":425},{\"@type\":\"BreadcrumbList\",\"@id\":\"https:\/\/psol50.org.br\/marcha-historica\/#breadcrumb\",\"itemListElement\":[{\"@type\":\"ListItem\",\"position\":1,\"name\":\"In\u00edcio\",\"item\":\"https:\/\/psol50.org.br\/\"},{\"@type\":\"ListItem\",\"position\":2,\"name\":\"Jean Wyllys considera como hist\u00f3rica a Marcha das Mulheres Negras\"}]},{\"@type\":\"WebSite\",\"@id\":\"https:\/\/psol50.org.br\/#website\",\"url\":\"https:\/\/psol50.org.br\/\",\"name\":\"PSOL 50\",\"description\":\"Site oficial do Partido Socialismo e Liberdade\",\"publisher\":{\"@id\":\"https:\/\/psol50.org.br\/#organization\"},\"alternateName\":\"PSOL50\",\"potentialAction\":[{\"@type\":\"SearchAction\",\"target\":{\"@type\":\"EntryPoint\",\"urlTemplate\":\"https:\/\/psol50.org.br\/?s={search_term_string}\"},\"query-input\":{\"@type\":\"PropertyValueSpecification\",\"valueRequired\":true,\"valueName\":\"search_term_string\"}}],\"inLanguage\":\"pt-BR\"},{\"@type\":\"Organization\",\"@id\":\"https:\/\/psol50.org.br\/#organization\",\"name\":\"PSOL 50\",\"alternateName\":\"PSOL 50\",\"url\":\"https:\/\/psol50.org.br\/\",\"logo\":{\"@type\":\"ImageObject\",\"inLanguage\":\"pt-BR\",\"@id\":\"https:\/\/psol50.org.br\/#\/schema\/logo\/image\/\",\"url\":\"https:\/\/psol50.org.br\/inc\/uploads\/2018\/07\/capa.png\",\"contentUrl\":\"https:\/\/psol50.org.br\/inc\/uploads\/2018\/07\/capa.png\",\"width\":1350,\"height\":900,\"caption\":\"PSOL 50\"},\"image\":{\"@id\":\"https:\/\/psol50.org.br\/#\/schema\/logo\/image\/\"},\"sameAs\":[\"https:\/\/www.facebook.com\/psol50\",\"https:\/\/x.com\/psol50\",\"https:\/\/www.instagram.com\/psol50\/\",\"https:\/\/www.youtube.com\/channel\/UC7SnJS5o1os7a6CaiNabzcg\"]},{\"@type\":\"Person\",\"@id\":\"https:\/\/psol50.org.br\/#\/schema\/person\/475dfa57d0b815993c714c2e96491fcd\",\"name\":\"Comunica\u00e7\u00e3o PSOL\",\"image\":{\"@type\":\"ImageObject\",\"inLanguage\":\"pt-BR\",\"@id\":\"https:\/\/psol50.org.br\/#\/schema\/person\/image\/\",\"url\":\"https:\/\/secure.gravatar.com\/avatar\/b34fc4f4e468a4e51785917065a3db57b841f5c95dba6ad8c73aaf8f66f8f9bf?s=96&d=mm&r=g\",\"contentUrl\":\"https:\/\/secure.gravatar.com\/avatar\/b34fc4f4e468a4e51785917065a3db57b841f5c95dba6ad8c73aaf8f66f8f9bf?s=96&d=mm&r=g\",\"caption\":\"Comunica\u00e7\u00e3o PSOL\"}}]}<\/script>\n<!-- \/ Yoast SEO plugin. -->","yoast_head_json":{"title":"Jean Wyllys considera como hist\u00f3rica a Marcha das Mulheres Negras - PSOL 50","robots":{"index":"index","follow":"follow","max-snippet":"max-snippet:-1","max-image-preview":"max-image-preview:large","max-video-preview":"max-video-preview:-1"},"canonical":"https:\/\/psol50.org.br\/marcha-historica\/","og_locale":"pt_BR","og_type":"article","og_title":"Jean Wyllys considera como hist\u00f3rica a Marcha das Mulheres Negras - PSOL 50","og_description":"O deputado Jean Wyllys\u200b (PSOL-RJ) foi \u00e0 tribuna hoje da C\u00e2mara para falar da import\u00e2ncia da Marcha Nacional das Mulheres Negras, que acontece na manh\u00e3 desta quarta-feira (18), para dar visibilidade \u00e0s reivindica\u00e7\u00f5es do movimento das mulheres negras. Jean afirmou que s\u00f3 haver\u00e1 um real desenvolvimento no momento em que forem implementadas pol\u00edticas que, de [&hellip;]","og_url":"https:\/\/psol50.org.br\/marcha-historica\/","og_site_name":"PSOL 50","article_publisher":"https:\/\/www.facebook.com\/psol50","article_published_time":"2015-11-17T20:45:48+00:00","og_image":[{"width":596,"height":425,"url":"https:\/\/psol50.org.br\/inc\/uploads\/2015\/11\/Arte-marcha-das-mulheres-negras.jpg","type":"image\/jpeg"}],"author":"Comunica\u00e7\u00e3o PSOL","twitter_card":"summary_large_image","twitter_creator":"@psol50","twitter_site":"@psol50","twitter_misc":{"Escrito por":"Comunica\u00e7\u00e3o PSOL","Est. tempo de leitura":"1 minuto"},"schema":{"@context":"https:\/\/schema.org","@graph":[{"@type":"Article","@id":"https:\/\/psol50.org.br\/marcha-historica\/#article","isPartOf":{"@id":"https:\/\/psol50.org.br\/marcha-historica\/"},"author":{"name":"Comunica\u00e7\u00e3o PSOL","@id":"https:\/\/psol50.org.br\/#\/schema\/person\/475dfa57d0b815993c714c2e96491fcd"},"headline":"Jean Wyllys considera como hist\u00f3rica a Marcha das Mulheres Negras","datePublished":"2015-11-17T20:45:48+00:00","mainEntityOfPage":{"@id":"https:\/\/psol50.org.br\/marcha-historica\/"},"wordCount":124,"commentCount":0,"publisher":{"@id":"https:\/\/psol50.org.br\/#organization"},"image":{"@id":"https:\/\/psol50.org.br\/marcha-historica\/#primaryimage"},"thumbnailUrl":"https:\/\/psol50.org.br\/inc\/uploads\/2015\/11\/Arte-marcha-das-mulheres-negras.jpg","keywords":["Jean Wyllys","Marcha Nacional das Mulheres Negras","mulheres","negras","PSOL"],"articleSection":["A\u00e7\u00e3o Parlamentar","Brasil","Movimento","V\u00cdDEOS | MULTIM\u00cdDIA | FLC TV"],"inLanguage":"pt-BR","potentialAction":[{"@type":"CommentAction","name":"Comment","target":["https:\/\/psol50.org.br\/marcha-historica\/#respond"]}]},{"@type":"WebPage","@id":"https:\/\/psol50.org.br\/marcha-historica\/","url":"https:\/\/psol50.org.br\/marcha-historica\/","name":"Jean Wyllys considera como hist\u00f3rica a Marcha das Mulheres Negras - PSOL 50","isPartOf":{"@id":"https:\/\/psol50.org.br\/#website"},"primaryImageOfPage":{"@id":"https:\/\/psol50.org.br\/marcha-historica\/#primaryimage"},"image":{"@id":"https:\/\/psol50.org.br\/marcha-historica\/#primaryimage"},"thumbnailUrl":"https:\/\/psol50.org.br\/inc\/uploads\/2015\/11\/Arte-marcha-das-mulheres-negras.jpg","datePublished":"2015-11-17T20:45:48+00:00","breadcrumb":{"@id":"https:\/\/psol50.org.br\/marcha-historica\/#breadcrumb"},"inLanguage":"pt-BR","potentialAction":[{"@type":"ReadAction","target":["https:\/\/psol50.org.br\/marcha-historica\/"]}]},{"@type":"ImageObject","inLanguage":"pt-BR","@id":"https:\/\/psol50.org.br\/marcha-historica\/#primaryimage","url":"https:\/\/psol50.org.br\/inc\/uploads\/2015\/11\/Arte-marcha-das-mulheres-negras.jpg","contentUrl":"https:\/\/psol50.org.br\/inc\/uploads\/2015\/11\/Arte-marcha-das-mulheres-negras.jpg","width":596,"height":425},{"@type":"BreadcrumbList","@id":"https:\/\/psol50.org.br\/marcha-historica\/#breadcrumb","itemListElement":[{"@type":"ListItem","position":1,"name":"In\u00edcio","item":"https:\/\/psol50.org.br\/"},{"@type":"ListItem","position":2,"name":"Jean Wyllys considera como hist\u00f3rica a Marcha das Mulheres Negras"}]},{"@type":"WebSite","@id":"https:\/\/psol50.org.br\/#website","url":"https:\/\/psol50.org.br\/","name":"PSOL 50","description":"Site oficial do Partido Socialismo e Liberdade","publisher":{"@id":"https:\/\/psol50.org.br\/#organization"},"alternateName":"PSOL50","potentialAction":[{"@type":"SearchAction","target":{"@type":"EntryPoint","urlTemplate":"https:\/\/psol50.org.br\/?s={search_term_string}"},"query-input":{"@type":"PropertyValueSpecification","valueRequired":true,"valueName":"search_term_string"}}],"inLanguage":"pt-BR"},{"@type":"Organization","@id":"https:\/\/psol50.org.br\/#organization","name":"PSOL 50","alternateName":"PSOL 50","url":"https:\/\/psol50.org.br\/","logo":{"@type":"ImageObject","inLanguage":"pt-BR","@id":"https:\/\/psol50.org.br\/#\/schema\/logo\/image\/","url":"https:\/\/psol50.org.br\/inc\/uploads\/2018\/07\/capa.png","contentUrl":"https:\/\/psol50.org.br\/inc\/uploads\/2018\/07\/capa.png","width":1350,"height":900,"caption":"PSOL 50"},"image":{"@id":"https:\/\/psol50.org.br\/#\/schema\/logo\/image\/"},"sameAs":["https:\/\/www.facebook.com\/psol50","https:\/\/x.com\/psol50","https:\/\/www.instagram.com\/psol50\/","https:\/\/www.youtube.com\/channel\/UC7SnJS5o1os7a6CaiNabzcg"]},{"@type":"Person","@id":"https:\/\/psol50.org.br\/#\/schema\/person\/475dfa57d0b815993c714c2e96491fcd","name":"Comunica\u00e7\u00e3o PSOL","image":{"@type":"ImageObject","inLanguage":"pt-BR","@id":"https:\/\/psol50.org.br\/#\/schema\/person\/image\/","url":"https:\/\/secure.gravatar.com\/avatar\/b34fc4f4e468a4e51785917065a3db57b841f5c95dba6ad8c73aaf8f66f8f9bf?s=96&d=mm&r=g","contentUrl":"https:\/\/secure.gravatar.com\/avatar\/b34fc4f4e468a4e51785917065a3db57b841f5c95dba6ad8c73aaf8f66f8f9bf?s=96&d=mm&r=g","caption":"Comunica\u00e7\u00e3o PSOL"}}]}},"_links":{"self":[{"href":"https:\/\/psol50.org.br\/rest\/wp\/v2\/posts\/10619","targetHints":{"allow":["GET"]}}],"collection":[{"href":"https:\/\/psol50.org.br\/rest\/wp\/v2\/posts"}],"about":[{"href":"https:\/\/psol50.org.br\/rest\/wp\/v2\/types\/post"}],"author":[{"embeddable":true,"href":"https:\/\/psol50.org.br\/rest\/wp\/v2\/users\/2"}],"replies":[{"embeddable":true,"href":"https:\/\/psol50.org.br\/rest\/wp\/v2\/comments?post=10619"}],"version-history":[{"count":0,"href":"https:\/\/psol50.org.br\/rest\/wp\/v2\/posts\/10619\/revisions"}],"wp:featuredmedia":[{"embeddable":true,"href":"https:\/\/psol50.org.br\/rest\/wp\/v2\/media\/10620"}],"wp:attachment":[{"href":"https:\/\/psol50.org.br\/rest\/wp\/v2\/media?parent=10619"}],"wp:term":[{"taxonomy":"category","embeddable":true,"href":"https:\/\/psol50.org.br\/rest\/wp\/v2\/categories?post=10619"},{"taxonomy":"post_tag","embeddable":true,"href":"https:\/\/psol50.org.br\/rest\/wp\/v2\/tags?post=10619"}],"curies":[{"name":"wp","href":"https:\/\/api.w.org\/{rel}","templated":true}]}}