{"id":10624,"date":"2015-11-18T19:59:38","date_gmt":"2015-11-18T19:59:38","guid":{"rendered":"http:\/\/www.psol50.org.br\/?p=10624"},"modified":"2015-11-18T19:59:38","modified_gmt":"2015-11-18T19:59:38","slug":"edmilson-rodrigues-repudia-violencia-durante-a-marcha-das-mulheres-negras","status":"publish","type":"post","link":"https:\/\/psol50.org.br\/edmilson-rodrigues-repudia-violencia-durante-a-marcha-das-mulheres-negras\/","title":{"rendered":"Edmilson Rodrigues repudia viol\u00eancia durante marcha das mulheres negras"},"content":{"rendered":"<p>No meio da tarde desta quarta-feira (18\/11), a marcha das mulheres negras, que reuniu mais de 15 mil pessoas, em Bras\u00edlia, se aproximava do gramado do Congresso Nacional. O deputado Edmilson Rodrigues (PSOL\/PA) foi ao encontro da manifesta\u00e7\u00e3o que, at\u00e9 ent\u00e3o, era s\u00f3 a express\u00e3o de beleza, alegria e resist\u00eancia. Contudo, ao passar ao lado do gramado, onde est\u00e1 acampado o MBL (Movimento Brasil Livre, que pede a sa\u00edda da presidente\u00a0Dilma Rousseff), a manifesta\u00e7\u00e3o foi hostilizada e se deparou com viol\u00eancia.<br \/>\nO parlamentar, que inicialmente apenas prestigiaria a marcha, passou a mediar os conflitos. Manifestantes do MBL soltaram bombas e um deles (policial civil) chegou a atirar para o ar com arma de fogo na presen\u00e7a de idosas e crian\u00e7as, inclusive. A pol\u00edcia militar o levou, mas, em seguida, ao inv\u00e9s de revistar o acampamento e proteger a marcha das mulheres, fez uma barricada protegendo o acampamento.<br \/>\nO deputado Edmilson, ao lado do deputado Paulo Pimenta (PT\/SP), furou a barreira conversou com os militantes do MBL. Um deles chegou a mostrar explosivos e disse que &#8220;ca\u00edram dos bolsos das mulheres&#8221;. Diante desta mentira, Edmilson pediu que o Major Farias, da PM\/DF, revistasse o acampamento. Ele se recusou. Os militantes seguiram provocando os deputados e quem os acompanhava, e a pol\u00edcia os dispersou com spray de pimenta. Inclusive os deputados foram atingidos.<br \/>\nApesar da viol\u00eancia recebida, as mulheres n\u00e3o deixaram que a marcha tivesse fim e seguiram com a manifesta\u00e7\u00e3o. De volta ao plen\u00e1rio, Edmilson cobrou posicionamento do presidente da Casa. &#8220;Eles continuam l\u00e1 mostrando explosivos que s\u00e3o capazes de arrancar uma m\u00e3o. O deputado Ivan tem a prova: dois projeteis de calibre 40. O policial foi preso semana passada e tamb\u00e9m essa semana. Uma provoca\u00e7\u00e3o inomin\u00e1vel. Todos t\u00eam direito de se manifestar. Mas armados n\u00e3o d\u00e1. Temos a obriga\u00e7\u00e3o de garantir a ordem democr\u00e1tica. Ningu\u00e9m tem o direito afrontar as pessoas dessa maneira. Muito menos de portar arma em pra\u00e7a p\u00fablica&#8221;, denunciou.<br \/>\nFonte: <em>Mandato deputado Edmilson Rodrigues<\/em><br \/>\n&nbsp;<\/p>\n","protected":false},"excerpt":{"rendered":"<p>No meio da tarde desta quarta-feira (18\/11), a marcha das mulheres negras, que reuniu mais de 15 mil pessoas, em Bras\u00edlia, se aproximava do gramado do Congresso Nacional. O deputado Edmilson Rodrigues (PSOL\/PA) foi ao encontro da manifesta\u00e7\u00e3o que, at\u00e9 ent\u00e3o, era s\u00f3 a express\u00e3o de beleza, alegria e resist\u00eancia. Contudo, ao passar ao lado [&hellip;]<\/p>\n","protected":false},"author":2,"featured_media":10625,"comment_status":"open","ping_status":"open","sticky":false,"template":"","format":"standard","meta":{"_acf_changed":false,"footnotes":""},"categories":[10,1882,1104],"tags":[973,4892,156,22],"class_list":{"0":"post-10624","1":"post","2":"type-post","3":"status-publish","4":"format-standard","5":"has-post-thumbnail","7":"category-acao-parlamentares","8":"category-brasil","9":"category-movimento","10":"tag-edmilson-rodrigues","11":"tag-marcha-nacional-das-mulheres-negras","12":"tag-mbl","13":"tag-psol"},"acf":[],"yoast_head":"<!-- This site is optimized with the Yoast SEO plugin v26.5 - https:\/\/yoast.com\/wordpress\/plugins\/seo\/ -->\n<title>Edmilson Rodrigues repudia viol\u00eancia durante marcha das mulheres negras - PSOL 50<\/title>\n<meta name=\"robots\" content=\"index, follow, max-snippet:-1, max-image-preview:large, max-video-preview:-1\" \/>\n<link rel=\"canonical\" href=\"https:\/\/psol50.org.br\/edmilson-rodrigues-repudia-violencia-durante-a-marcha-das-mulheres-negras\/\" \/>\n<meta property=\"og:locale\" content=\"pt_BR\" \/>\n<meta property=\"og:type\" content=\"article\" \/>\n<meta property=\"og:title\" content=\"Edmilson Rodrigues repudia viol\u00eancia durante marcha das mulheres negras - PSOL 50\" \/>\n<meta property=\"og:description\" content=\"No meio da tarde desta quarta-feira (18\/11), a marcha das mulheres negras, que reuniu mais de 15 mil pessoas, em Bras\u00edlia, se aproximava do gramado do Congresso Nacional. O deputado Edmilson Rodrigues (PSOL\/PA) foi ao encontro da manifesta\u00e7\u00e3o que, at\u00e9 ent\u00e3o, era s\u00f3 a express\u00e3o de beleza, alegria e resist\u00eancia. Contudo, ao passar ao lado [&hellip;]\" \/>\n<meta property=\"og:url\" content=\"https:\/\/psol50.org.br\/edmilson-rodrigues-repudia-violencia-durante-a-marcha-das-mulheres-negras\/\" \/>\n<meta property=\"og:site_name\" content=\"PSOL 50\" \/>\n<meta property=\"article:publisher\" content=\"https:\/\/www.facebook.com\/psol50\" \/>\n<meta property=\"article:published_time\" content=\"2015-11-18T19:59:38+00:00\" \/>\n<meta property=\"og:image\" content=\"https:\/\/psol50.org.br\/inc\/uploads\/2015\/11\/Edmilson-na-Marcha-das-Mulheres-Negras-e1448896716171.jpg\" \/>\n\t<meta property=\"og:image:width\" content=\"1000\" \/>\n\t<meta property=\"og:image:height\" content=\"667\" \/>\n\t<meta property=\"og:image:type\" content=\"image\/jpeg\" \/>\n<meta name=\"author\" content=\"Comunica\u00e7\u00e3o PSOL\" \/>\n<meta name=\"twitter:card\" content=\"summary_large_image\" \/>\n<meta name=\"twitter:creator\" content=\"@psol50\" \/>\n<meta name=\"twitter:site\" content=\"@psol50\" \/>\n<meta name=\"twitter:label1\" content=\"Escrito por\" \/>\n\t<meta name=\"twitter:data1\" content=\"Comunica\u00e7\u00e3o PSOL\" \/>\n\t<meta name=\"twitter:label2\" content=\"Est. tempo de leitura\" \/>\n\t<meta name=\"twitter:data2\" content=\"2 minutos\" \/>\n<script type=\"application\/ld+json\" class=\"yoast-schema-graph\">{\"@context\":\"https:\/\/schema.org\",\"@graph\":[{\"@type\":\"Article\",\"@id\":\"https:\/\/psol50.org.br\/edmilson-rodrigues-repudia-violencia-durante-a-marcha-das-mulheres-negras\/#article\",\"isPartOf\":{\"@id\":\"https:\/\/psol50.org.br\/edmilson-rodrigues-repudia-violencia-durante-a-marcha-das-mulheres-negras\/\"},\"author\":{\"name\":\"Comunica\u00e7\u00e3o PSOL\",\"@id\":\"https:\/\/psol50.org.br\/#\/schema\/person\/475dfa57d0b815993c714c2e96491fcd\"},\"headline\":\"Edmilson Rodrigues repudia viol\u00eancia durante marcha das mulheres negras\",\"datePublished\":\"2015-11-18T19:59:38+00:00\",\"mainEntityOfPage\":{\"@id\":\"https:\/\/psol50.org.br\/edmilson-rodrigues-repudia-violencia-durante-a-marcha-das-mulheres-negras\/\"},\"wordCount\":369,\"commentCount\":0,\"publisher\":{\"@id\":\"https:\/\/psol50.org.br\/#organization\"},\"image\":{\"@id\":\"https:\/\/psol50.org.br\/edmilson-rodrigues-repudia-violencia-durante-a-marcha-das-mulheres-negras\/#primaryimage\"},\"thumbnailUrl\":\"https:\/\/psol50.org.br\/inc\/uploads\/2015\/11\/Edmilson-na-Marcha-das-Mulheres-Negras-e1448896716171.jpg\",\"keywords\":[\"Edmilson Rodrigues\",\"Marcha Nacional das Mulheres Negras\",\"MBL\",\"PSOL\"],\"articleSection\":[\"A\u00e7\u00e3o Parlamentar\",\"Brasil\",\"Movimento\"],\"inLanguage\":\"pt-BR\",\"potentialAction\":[{\"@type\":\"CommentAction\",\"name\":\"Comment\",\"target\":[\"https:\/\/psol50.org.br\/edmilson-rodrigues-repudia-violencia-durante-a-marcha-das-mulheres-negras\/#respond\"]}]},{\"@type\":\"WebPage\",\"@id\":\"https:\/\/psol50.org.br\/edmilson-rodrigues-repudia-violencia-durante-a-marcha-das-mulheres-negras\/\",\"url\":\"https:\/\/psol50.org.br\/edmilson-rodrigues-repudia-violencia-durante-a-marcha-das-mulheres-negras\/\",\"name\":\"Edmilson Rodrigues repudia viol\u00eancia durante marcha das mulheres negras - PSOL 50\",\"isPartOf\":{\"@id\":\"https:\/\/psol50.org.br\/#website\"},\"primaryImageOfPage\":{\"@id\":\"https:\/\/psol50.org.br\/edmilson-rodrigues-repudia-violencia-durante-a-marcha-das-mulheres-negras\/#primaryimage\"},\"image\":{\"@id\":\"https:\/\/psol50.org.br\/edmilson-rodrigues-repudia-violencia-durante-a-marcha-das-mulheres-negras\/#primaryimage\"},\"thumbnailUrl\":\"https:\/\/psol50.org.br\/inc\/uploads\/2015\/11\/Edmilson-na-Marcha-das-Mulheres-Negras-e1448896716171.jpg\",\"datePublished\":\"2015-11-18T19:59:38+00:00\",\"breadcrumb\":{\"@id\":\"https:\/\/psol50.org.br\/edmilson-rodrigues-repudia-violencia-durante-a-marcha-das-mulheres-negras\/#breadcrumb\"},\"inLanguage\":\"pt-BR\",\"potentialAction\":[{\"@type\":\"ReadAction\",\"target\":[\"https:\/\/psol50.org.br\/edmilson-rodrigues-repudia-violencia-durante-a-marcha-das-mulheres-negras\/\"]}]},{\"@type\":\"ImageObject\",\"inLanguage\":\"pt-BR\",\"@id\":\"https:\/\/psol50.org.br\/edmilson-rodrigues-repudia-violencia-durante-a-marcha-das-mulheres-negras\/#primaryimage\",\"url\":\"https:\/\/psol50.org.br\/inc\/uploads\/2015\/11\/Edmilson-na-Marcha-das-Mulheres-Negras-e1448896716171.jpg\",\"contentUrl\":\"https:\/\/psol50.org.br\/inc\/uploads\/2015\/11\/Edmilson-na-Marcha-das-Mulheres-Negras-e1448896716171.jpg\",\"width\":1000,\"height\":667},{\"@type\":\"BreadcrumbList\",\"@id\":\"https:\/\/psol50.org.br\/edmilson-rodrigues-repudia-violencia-durante-a-marcha-das-mulheres-negras\/#breadcrumb\",\"itemListElement\":[{\"@type\":\"ListItem\",\"position\":1,\"name\":\"In\u00edcio\",\"item\":\"https:\/\/psol50.org.br\/\"},{\"@type\":\"ListItem\",\"position\":2,\"name\":\"Edmilson Rodrigues repudia viol\u00eancia durante marcha das mulheres negras\"}]},{\"@type\":\"WebSite\",\"@id\":\"https:\/\/psol50.org.br\/#website\",\"url\":\"https:\/\/psol50.org.br\/\",\"name\":\"PSOL 50\",\"description\":\"Site oficial do Partido Socialismo e Liberdade\",\"publisher\":{\"@id\":\"https:\/\/psol50.org.br\/#organization\"},\"alternateName\":\"PSOL50\",\"potentialAction\":[{\"@type\":\"SearchAction\",\"target\":{\"@type\":\"EntryPoint\",\"urlTemplate\":\"https:\/\/psol50.org.br\/?s={search_term_string}\"},\"query-input\":{\"@type\":\"PropertyValueSpecification\",\"valueRequired\":true,\"valueName\":\"search_term_string\"}}],\"inLanguage\":\"pt-BR\"},{\"@type\":\"Organization\",\"@id\":\"https:\/\/psol50.org.br\/#organization\",\"name\":\"PSOL 50\",\"alternateName\":\"PSOL 50\",\"url\":\"https:\/\/psol50.org.br\/\",\"logo\":{\"@type\":\"ImageObject\",\"inLanguage\":\"pt-BR\",\"@id\":\"https:\/\/psol50.org.br\/#\/schema\/logo\/image\/\",\"url\":\"https:\/\/psol50.org.br\/inc\/uploads\/2018\/07\/capa.png\",\"contentUrl\":\"https:\/\/psol50.org.br\/inc\/uploads\/2018\/07\/capa.png\",\"width\":1350,\"height\":900,\"caption\":\"PSOL 50\"},\"image\":{\"@id\":\"https:\/\/psol50.org.br\/#\/schema\/logo\/image\/\"},\"sameAs\":[\"https:\/\/www.facebook.com\/psol50\",\"https:\/\/x.com\/psol50\",\"https:\/\/www.instagram.com\/psol50\/\",\"https:\/\/www.youtube.com\/channel\/UC7SnJS5o1os7a6CaiNabzcg\"]},{\"@type\":\"Person\",\"@id\":\"https:\/\/psol50.org.br\/#\/schema\/person\/475dfa57d0b815993c714c2e96491fcd\",\"name\":\"Comunica\u00e7\u00e3o PSOL\",\"image\":{\"@type\":\"ImageObject\",\"inLanguage\":\"pt-BR\",\"@id\":\"https:\/\/psol50.org.br\/#\/schema\/person\/image\/\",\"url\":\"https:\/\/secure.gravatar.com\/avatar\/b34fc4f4e468a4e51785917065a3db57b841f5c95dba6ad8c73aaf8f66f8f9bf?s=96&d=mm&r=g\",\"contentUrl\":\"https:\/\/secure.gravatar.com\/avatar\/b34fc4f4e468a4e51785917065a3db57b841f5c95dba6ad8c73aaf8f66f8f9bf?s=96&d=mm&r=g\",\"caption\":\"Comunica\u00e7\u00e3o PSOL\"}}]}<\/script>\n<!-- \/ Yoast SEO plugin. -->","yoast_head_json":{"title":"Edmilson Rodrigues repudia viol\u00eancia durante marcha das mulheres negras - PSOL 50","robots":{"index":"index","follow":"follow","max-snippet":"max-snippet:-1","max-image-preview":"max-image-preview:large","max-video-preview":"max-video-preview:-1"},"canonical":"https:\/\/psol50.org.br\/edmilson-rodrigues-repudia-violencia-durante-a-marcha-das-mulheres-negras\/","og_locale":"pt_BR","og_type":"article","og_title":"Edmilson Rodrigues repudia viol\u00eancia durante marcha das mulheres negras - PSOL 50","og_description":"No meio da tarde desta quarta-feira (18\/11), a marcha das mulheres negras, que reuniu mais de 15 mil pessoas, em Bras\u00edlia, se aproximava do gramado do Congresso Nacional. O deputado Edmilson Rodrigues (PSOL\/PA) foi ao encontro da manifesta\u00e7\u00e3o que, at\u00e9 ent\u00e3o, era s\u00f3 a express\u00e3o de beleza, alegria e resist\u00eancia. Contudo, ao passar ao lado [&hellip;]","og_url":"https:\/\/psol50.org.br\/edmilson-rodrigues-repudia-violencia-durante-a-marcha-das-mulheres-negras\/","og_site_name":"PSOL 50","article_publisher":"https:\/\/www.facebook.com\/psol50","article_published_time":"2015-11-18T19:59:38+00:00","og_image":[{"width":1000,"height":667,"url":"https:\/\/psol50.org.br\/inc\/uploads\/2015\/11\/Edmilson-na-Marcha-das-Mulheres-Negras-e1448896716171.jpg","type":"image\/jpeg"}],"author":"Comunica\u00e7\u00e3o PSOL","twitter_card":"summary_large_image","twitter_creator":"@psol50","twitter_site":"@psol50","twitter_misc":{"Escrito por":"Comunica\u00e7\u00e3o PSOL","Est. tempo de leitura":"2 minutos"},"schema":{"@context":"https:\/\/schema.org","@graph":[{"@type":"Article","@id":"https:\/\/psol50.org.br\/edmilson-rodrigues-repudia-violencia-durante-a-marcha-das-mulheres-negras\/#article","isPartOf":{"@id":"https:\/\/psol50.org.br\/edmilson-rodrigues-repudia-violencia-durante-a-marcha-das-mulheres-negras\/"},"author":{"name":"Comunica\u00e7\u00e3o PSOL","@id":"https:\/\/psol50.org.br\/#\/schema\/person\/475dfa57d0b815993c714c2e96491fcd"},"headline":"Edmilson Rodrigues repudia viol\u00eancia durante marcha das mulheres negras","datePublished":"2015-11-18T19:59:38+00:00","mainEntityOfPage":{"@id":"https:\/\/psol50.org.br\/edmilson-rodrigues-repudia-violencia-durante-a-marcha-das-mulheres-negras\/"},"wordCount":369,"commentCount":0,"publisher":{"@id":"https:\/\/psol50.org.br\/#organization"},"image":{"@id":"https:\/\/psol50.org.br\/edmilson-rodrigues-repudia-violencia-durante-a-marcha-das-mulheres-negras\/#primaryimage"},"thumbnailUrl":"https:\/\/psol50.org.br\/inc\/uploads\/2015\/11\/Edmilson-na-Marcha-das-Mulheres-Negras-e1448896716171.jpg","keywords":["Edmilson Rodrigues","Marcha Nacional das Mulheres Negras","MBL","PSOL"],"articleSection":["A\u00e7\u00e3o Parlamentar","Brasil","Movimento"],"inLanguage":"pt-BR","potentialAction":[{"@type":"CommentAction","name":"Comment","target":["https:\/\/psol50.org.br\/edmilson-rodrigues-repudia-violencia-durante-a-marcha-das-mulheres-negras\/#respond"]}]},{"@type":"WebPage","@id":"https:\/\/psol50.org.br\/edmilson-rodrigues-repudia-violencia-durante-a-marcha-das-mulheres-negras\/","url":"https:\/\/psol50.org.br\/edmilson-rodrigues-repudia-violencia-durante-a-marcha-das-mulheres-negras\/","name":"Edmilson Rodrigues repudia viol\u00eancia durante marcha das mulheres negras - PSOL 50","isPartOf":{"@id":"https:\/\/psol50.org.br\/#website"},"primaryImageOfPage":{"@id":"https:\/\/psol50.org.br\/edmilson-rodrigues-repudia-violencia-durante-a-marcha-das-mulheres-negras\/#primaryimage"},"image":{"@id":"https:\/\/psol50.org.br\/edmilson-rodrigues-repudia-violencia-durante-a-marcha-das-mulheres-negras\/#primaryimage"},"thumbnailUrl":"https:\/\/psol50.org.br\/inc\/uploads\/2015\/11\/Edmilson-na-Marcha-das-Mulheres-Negras-e1448896716171.jpg","datePublished":"2015-11-18T19:59:38+00:00","breadcrumb":{"@id":"https:\/\/psol50.org.br\/edmilson-rodrigues-repudia-violencia-durante-a-marcha-das-mulheres-negras\/#breadcrumb"},"inLanguage":"pt-BR","potentialAction":[{"@type":"ReadAction","target":["https:\/\/psol50.org.br\/edmilson-rodrigues-repudia-violencia-durante-a-marcha-das-mulheres-negras\/"]}]},{"@type":"ImageObject","inLanguage":"pt-BR","@id":"https:\/\/psol50.org.br\/edmilson-rodrigues-repudia-violencia-durante-a-marcha-das-mulheres-negras\/#primaryimage","url":"https:\/\/psol50.org.br\/inc\/uploads\/2015\/11\/Edmilson-na-Marcha-das-Mulheres-Negras-e1448896716171.jpg","contentUrl":"https:\/\/psol50.org.br\/inc\/uploads\/2015\/11\/Edmilson-na-Marcha-das-Mulheres-Negras-e1448896716171.jpg","width":1000,"height":667},{"@type":"BreadcrumbList","@id":"https:\/\/psol50.org.br\/edmilson-rodrigues-repudia-violencia-durante-a-marcha-das-mulheres-negras\/#breadcrumb","itemListElement":[{"@type":"ListItem","position":1,"name":"In\u00edcio","item":"https:\/\/psol50.org.br\/"},{"@type":"ListItem","position":2,"name":"Edmilson Rodrigues repudia viol\u00eancia durante marcha das mulheres negras"}]},{"@type":"WebSite","@id":"https:\/\/psol50.org.br\/#website","url":"https:\/\/psol50.org.br\/","name":"PSOL 50","description":"Site oficial do Partido Socialismo e Liberdade","publisher":{"@id":"https:\/\/psol50.org.br\/#organization"},"alternateName":"PSOL50","potentialAction":[{"@type":"SearchAction","target":{"@type":"EntryPoint","urlTemplate":"https:\/\/psol50.org.br\/?s={search_term_string}"},"query-input":{"@type":"PropertyValueSpecification","valueRequired":true,"valueName":"search_term_string"}}],"inLanguage":"pt-BR"},{"@type":"Organization","@id":"https:\/\/psol50.org.br\/#organization","name":"PSOL 50","alternateName":"PSOL 50","url":"https:\/\/psol50.org.br\/","logo":{"@type":"ImageObject","inLanguage":"pt-BR","@id":"https:\/\/psol50.org.br\/#\/schema\/logo\/image\/","url":"https:\/\/psol50.org.br\/inc\/uploads\/2018\/07\/capa.png","contentUrl":"https:\/\/psol50.org.br\/inc\/uploads\/2018\/07\/capa.png","width":1350,"height":900,"caption":"PSOL 50"},"image":{"@id":"https:\/\/psol50.org.br\/#\/schema\/logo\/image\/"},"sameAs":["https:\/\/www.facebook.com\/psol50","https:\/\/x.com\/psol50","https:\/\/www.instagram.com\/psol50\/","https:\/\/www.youtube.com\/channel\/UC7SnJS5o1os7a6CaiNabzcg"]},{"@type":"Person","@id":"https:\/\/psol50.org.br\/#\/schema\/person\/475dfa57d0b815993c714c2e96491fcd","name":"Comunica\u00e7\u00e3o PSOL","image":{"@type":"ImageObject","inLanguage":"pt-BR","@id":"https:\/\/psol50.org.br\/#\/schema\/person\/image\/","url":"https:\/\/secure.gravatar.com\/avatar\/b34fc4f4e468a4e51785917065a3db57b841f5c95dba6ad8c73aaf8f66f8f9bf?s=96&d=mm&r=g","contentUrl":"https:\/\/secure.gravatar.com\/avatar\/b34fc4f4e468a4e51785917065a3db57b841f5c95dba6ad8c73aaf8f66f8f9bf?s=96&d=mm&r=g","caption":"Comunica\u00e7\u00e3o PSOL"}}]}},"_links":{"self":[{"href":"https:\/\/psol50.org.br\/rest\/wp\/v2\/posts\/10624","targetHints":{"allow":["GET"]}}],"collection":[{"href":"https:\/\/psol50.org.br\/rest\/wp\/v2\/posts"}],"about":[{"href":"https:\/\/psol50.org.br\/rest\/wp\/v2\/types\/post"}],"author":[{"embeddable":true,"href":"https:\/\/psol50.org.br\/rest\/wp\/v2\/users\/2"}],"replies":[{"embeddable":true,"href":"https:\/\/psol50.org.br\/rest\/wp\/v2\/comments?post=10624"}],"version-history":[{"count":0,"href":"https:\/\/psol50.org.br\/rest\/wp\/v2\/posts\/10624\/revisions"}],"wp:featuredmedia":[{"embeddable":true,"href":"https:\/\/psol50.org.br\/rest\/wp\/v2\/media\/10625"}],"wp:attachment":[{"href":"https:\/\/psol50.org.br\/rest\/wp\/v2\/media?parent=10624"}],"wp:term":[{"taxonomy":"category","embeddable":true,"href":"https:\/\/psol50.org.br\/rest\/wp\/v2\/categories?post=10624"},{"taxonomy":"post_tag","embeddable":true,"href":"https:\/\/psol50.org.br\/rest\/wp\/v2\/tags?post=10624"}],"curies":[{"name":"wp","href":"https:\/\/api.w.org\/{rel}","templated":true}]}}