{"id":10650,"date":"2015-11-19T20:32:58","date_gmt":"2015-11-19T20:32:58","guid":{"rendered":"http:\/\/www.psol50.org.br\/?p=10650"},"modified":"2015-11-19T20:32:58","modified_gmt":"2015-11-19T20:32:58","slug":"psol-repudia-agressoes-sofridas-por-mulheres-negras-em-frente-ao-congresso-nacional","status":"publish","type":"post","link":"https:\/\/psol50.org.br\/psol-repudia-agressoes-sofridas-por-mulheres-negras-em-frente-ao-congresso-nacional\/","title":{"rendered":"PSOL repudia agress\u00f5es contra mulheres negras em frente ao Congresso"},"content":{"rendered":"<p><em>Mais de 15 mil participavam da Marcha Nacional das Mulheres Negras \u2013 contra o Racismo, a Viol\u00eancia e pelo Bem Viver<\/em><br \/>\nMilhares de mulheres negras que marchavam, em Bras\u00edlia, no dia de ontem (18), contra o racismo e a viol\u00eancia foram agredidas assim que chegaram em frente ao Congresso Nacional. As agress\u00f5es partiram de um grupo acampado h\u00e1 dias no gramado, que pede o impeachment da presidente Dilma Roussef.<br \/>\nA Marcha Nacional das Mulheres Negras \u2013 contra o Racismo, a Viol\u00eancia e pelo Bem Viver, que reuniu cerca de 15 mil pessoas, seguia pacificamente desde seu in\u00edcio (do Est\u00e1dio Nacional Man\u00e9 Garrincha at\u00e9 o Congresso, um percurso de quase cinco quil\u00f4metros). Ao chegarem na frente do sede do Poder Legislativo federal foram agredidas por integrantes do Movimento Brasil Livre (MBL) &#8211; bombas caseiras e at\u00e9 tiros para o alto. A Pol\u00edcia Militar deteve o policial civil que fez os disparos com arma calibre 40, mas n\u00e3o revistou o acampamento para verificar se haveriam outras armas e bombas.<br \/>\nO deputado Edmilson Rodrigues foi um dos primeiros a chegar ao local e pode ver a hostilidade do MBL (que exibia explosivos) e o despreparo da PM (que jogou g\u00e1s de pimenta nas integrantes da Marcha e em parlamentares). Ao voltar para o plen\u00e1rio da C\u00e2mara \u2013 ap\u00f3s a confus\u00e3o ser desfeita e a Marcha ter continuidade \u2013 Edmilson cobrou posicionamento do presidente do Congresso, senador Renan Calheiros.<br \/>\n&#8220;Eles continuam l\u00e1 mostrando explosivos que s\u00e3o capazes de arrancar uma m\u00e3o. O deputado Ivan tem a prova: dois projet\u00e9is de calibre 40. O policial foi preso semana passada e tamb\u00e9m essa semana. Uma provoca\u00e7\u00e3o inomin\u00e1vel. Todos t\u00eam direito de se manifestar. Mas armados n\u00e3o d\u00e1. Temos a obriga\u00e7\u00e3o de garantir a ordem democr\u00e1tica. Ningu\u00e9m tem o direito de afrontar as pessoas dessa maneira. Muito menos de portar arma em pra\u00e7a p\u00fablica&#8221;, denunciou Edmilson.<br \/>\nO deputado Ivan Valente mostrou as c\u00e1psulas dos proj\u00e9teis disparados e cobrou do presidente Renan investiga\u00e7\u00e3o sobre o acontecido e ado\u00e7\u00e3o de medidas necess\u00e1rias para punir os respons\u00e1veis. &#8220;N\u00e3o \u00e9 poss\u00edvel desrespeitar movimento social&#8221;, afirmou. &#8220;Infelizmente, um ato de cidadania, a Marcha, sofreu uma agress\u00e3o por parte de provocadores fascistas armados que faziam parte do &#8216;acampamento&#8217; que pede a volta do regime militar no pa\u00eds. Uma demonstra\u00e7\u00e3o de que esses setores antidemocr\u00e1ticos e fascistas s\u00e3o t\u00e3o violentos quando o regime militar que eles reivindicam. Mas para al\u00e9m do rep\u00fadio aos provocadores, queremos aqui parabenizar as mulheres negras pela sua for\u00e7a e disposi\u00e7\u00e3o de luta&#8221;.<br \/>\nO deputado Chico Alencar tamb\u00e9m se manifestou no plen\u00e1rio em solidariedade \u00e0s integrantes da Marcha. &#8220;Vamos punir os respons\u00e1veis pelas bombas contra a democracia. Um ataque fascista. Quem joga bomba em cima dessa marcha est\u00e1 querendo restabelecer a escravid\u00e3o, a argola, ferro, chibata e pau&#8221;.<br \/>\nEm sua p\u00e1gina no Facebook, o deputado Jean Wyllys disse: &#8220;Esse \u00e9 o retrato de um pa\u00eds opressor, violento, machista e desigual que se recusa a mudar. At\u00e9 quando as autoridades p\u00fablicas ficar\u00e3o silentes em rela\u00e7\u00e3o \u00e0 a\u00e7\u00e3o destes grupos? At\u00e9 quando o governo federal ir\u00e1 se apequenar e tolerar que mulheres negras, \u00edndios, a comunidade LGBT, as pessoas com defici\u00eancia, adolescentes em situa\u00e7\u00e3o de risco, e tantas minorias sejam aviltadas diariamente em nosso Pa\u00eds e dentro do Congresso Nacional?&#8221;.<br \/>\nFonte: <em>Lideran\u00e7a do PSOL<\/em><br \/>\n&nbsp;<\/p>\n","protected":false},"excerpt":{"rendered":"<p>Mais de 15 mil participavam da Marcha Nacional das Mulheres Negras \u2013 contra o Racismo, a Viol\u00eancia e pelo Bem Viver Milhares de mulheres negras que marchavam, em Bras\u00edlia, no dia de ontem (18), contra o racismo e a viol\u00eancia foram agredidas assim que chegaram em frente ao Congresso Nacional. As agress\u00f5es partiram de um [&hellip;]<\/p>\n","protected":false},"author":2,"featured_media":10653,"comment_status":"open","ping_status":"open","sticky":false,"template":"","format":"standard","meta":{"_acf_changed":false,"footnotes":""},"categories":[10,1882,6,14],"tags":[2734,1680,973,552,663,4892,156,4906,22,127,233],"class_list":{"0":"post-10650","1":"post","2":"type-post","3":"status-publish","4":"format-standard","5":"has-post-thumbnail","7":"category-acao-parlamentares","8":"category-brasil","9":"category-noticias","10":"category-partido","11":"tag-bancada-do-psol","12":"tag-chico-alencar","13":"tag-edmilson-rodrigues","14":"tag-ivan-valente","15":"tag-jean-wyllys","16":"tag-marcha-nacional-das-mulheres-negras","17":"tag-mbl","18":"tag-movimento-brasil-livre","19":"tag-psol","20":"tag-racismo","21":"tag-violencia"},"acf":[],"yoast_head":"<!-- This site is optimized with the Yoast SEO plugin v26.5 - https:\/\/yoast.com\/wordpress\/plugins\/seo\/ -->\n<title>PSOL repudia agress\u00f5es contra mulheres negras em frente ao Congresso - PSOL 50<\/title>\n<meta name=\"robots\" content=\"index, follow, max-snippet:-1, max-image-preview:large, max-video-preview:-1\" \/>\n<link rel=\"canonical\" href=\"https:\/\/psol50.org.br\/psol-repudia-agressoes-sofridas-por-mulheres-negras-em-frente-ao-congresso-nacional\/\" \/>\n<meta property=\"og:locale\" content=\"pt_BR\" \/>\n<meta property=\"og:type\" content=\"article\" \/>\n<meta property=\"og:title\" content=\"PSOL repudia agress\u00f5es contra mulheres negras em frente ao Congresso - PSOL 50\" \/>\n<meta property=\"og:description\" content=\"Mais de 15 mil participavam da Marcha Nacional das Mulheres Negras \u2013 contra o Racismo, a Viol\u00eancia e pelo Bem Viver Milhares de mulheres negras que marchavam, em Bras\u00edlia, no dia de ontem (18), contra o racismo e a viol\u00eancia foram agredidas assim que chegaram em frente ao Congresso Nacional. As agress\u00f5es partiram de um [&hellip;]\" \/>\n<meta property=\"og:url\" content=\"https:\/\/psol50.org.br\/psol-repudia-agressoes-sofridas-por-mulheres-negras-em-frente-ao-congresso-nacional\/\" \/>\n<meta property=\"og:site_name\" content=\"PSOL 50\" \/>\n<meta property=\"article:publisher\" content=\"https:\/\/www.facebook.com\/psol50\" \/>\n<meta property=\"article:published_time\" content=\"2015-11-19T20:32:58+00:00\" \/>\n<meta property=\"og:image\" content=\"https:\/\/psol50.org.br\/inc\/uploads\/2015\/11\/Confusao-na-Marcha-Marcello-Casal-Jr.-ABr-e1448893485553.jpg\" \/>\n\t<meta property=\"og:image:width\" content=\"1000\" \/>\n\t<meta property=\"og:image:height\" content=\"666\" \/>\n\t<meta property=\"og:image:type\" content=\"image\/jpeg\" \/>\n<meta name=\"author\" content=\"Comunica\u00e7\u00e3o PSOL\" \/>\n<meta name=\"twitter:card\" content=\"summary_large_image\" \/>\n<meta name=\"twitter:creator\" content=\"@psol50\" \/>\n<meta name=\"twitter:site\" content=\"@psol50\" \/>\n<meta name=\"twitter:label1\" content=\"Escrito por\" \/>\n\t<meta name=\"twitter:data1\" content=\"Comunica\u00e7\u00e3o PSOL\" \/>\n\t<meta name=\"twitter:label2\" content=\"Est. tempo de leitura\" \/>\n\t<meta name=\"twitter:data2\" content=\"3 minutos\" \/>\n<script type=\"application\/ld+json\" class=\"yoast-schema-graph\">{\"@context\":\"https:\/\/schema.org\",\"@graph\":[{\"@type\":\"Article\",\"@id\":\"https:\/\/psol50.org.br\/psol-repudia-agressoes-sofridas-por-mulheres-negras-em-frente-ao-congresso-nacional\/#article\",\"isPartOf\":{\"@id\":\"https:\/\/psol50.org.br\/psol-repudia-agressoes-sofridas-por-mulheres-negras-em-frente-ao-congresso-nacional\/\"},\"author\":{\"name\":\"Comunica\u00e7\u00e3o PSOL\",\"@id\":\"https:\/\/psol50.org.br\/#\/schema\/person\/475dfa57d0b815993c714c2e96491fcd\"},\"headline\":\"PSOL repudia agress\u00f5es contra mulheres negras em frente ao Congresso\",\"datePublished\":\"2015-11-19T20:32:58+00:00\",\"mainEntityOfPage\":{\"@id\":\"https:\/\/psol50.org.br\/psol-repudia-agressoes-sofridas-por-mulheres-negras-em-frente-ao-congresso-nacional\/\"},\"wordCount\":602,\"commentCount\":0,\"publisher\":{\"@id\":\"https:\/\/psol50.org.br\/#organization\"},\"image\":{\"@id\":\"https:\/\/psol50.org.br\/psol-repudia-agressoes-sofridas-por-mulheres-negras-em-frente-ao-congresso-nacional\/#primaryimage\"},\"thumbnailUrl\":\"https:\/\/psol50.org.br\/inc\/uploads\/2015\/11\/Confusao-na-Marcha-Marcello-Casal-Jr.-ABr-e1448893485553.jpg\",\"keywords\":[\"Bancada do PSOL\",\"Chico Alencar\",\"Edmilson Rodrigues\",\"Ivan Valente\",\"Jean Wyllys\",\"Marcha Nacional das Mulheres Negras\",\"MBL\",\"Movimento Brasil Livre\",\"PSOL\",\"racismo\",\"viol\u00eancia\"],\"articleSection\":[\"A\u00e7\u00e3o Parlamentar\",\"Brasil\",\"Not\u00edcias\",\"Partido\"],\"inLanguage\":\"pt-BR\",\"potentialAction\":[{\"@type\":\"CommentAction\",\"name\":\"Comment\",\"target\":[\"https:\/\/psol50.org.br\/psol-repudia-agressoes-sofridas-por-mulheres-negras-em-frente-ao-congresso-nacional\/#respond\"]}]},{\"@type\":\"WebPage\",\"@id\":\"https:\/\/psol50.org.br\/psol-repudia-agressoes-sofridas-por-mulheres-negras-em-frente-ao-congresso-nacional\/\",\"url\":\"https:\/\/psol50.org.br\/psol-repudia-agressoes-sofridas-por-mulheres-negras-em-frente-ao-congresso-nacional\/\",\"name\":\"PSOL repudia agress\u00f5es contra mulheres negras em frente ao Congresso - PSOL 50\",\"isPartOf\":{\"@id\":\"https:\/\/psol50.org.br\/#website\"},\"primaryImageOfPage\":{\"@id\":\"https:\/\/psol50.org.br\/psol-repudia-agressoes-sofridas-por-mulheres-negras-em-frente-ao-congresso-nacional\/#primaryimage\"},\"image\":{\"@id\":\"https:\/\/psol50.org.br\/psol-repudia-agressoes-sofridas-por-mulheres-negras-em-frente-ao-congresso-nacional\/#primaryimage\"},\"thumbnailUrl\":\"https:\/\/psol50.org.br\/inc\/uploads\/2015\/11\/Confusao-na-Marcha-Marcello-Casal-Jr.-ABr-e1448893485553.jpg\",\"datePublished\":\"2015-11-19T20:32:58+00:00\",\"breadcrumb\":{\"@id\":\"https:\/\/psol50.org.br\/psol-repudia-agressoes-sofridas-por-mulheres-negras-em-frente-ao-congresso-nacional\/#breadcrumb\"},\"inLanguage\":\"pt-BR\",\"potentialAction\":[{\"@type\":\"ReadAction\",\"target\":[\"https:\/\/psol50.org.br\/psol-repudia-agressoes-sofridas-por-mulheres-negras-em-frente-ao-congresso-nacional\/\"]}]},{\"@type\":\"ImageObject\",\"inLanguage\":\"pt-BR\",\"@id\":\"https:\/\/psol50.org.br\/psol-repudia-agressoes-sofridas-por-mulheres-negras-em-frente-ao-congresso-nacional\/#primaryimage\",\"url\":\"https:\/\/psol50.org.br\/inc\/uploads\/2015\/11\/Confusao-na-Marcha-Marcello-Casal-Jr.-ABr-e1448893485553.jpg\",\"contentUrl\":\"https:\/\/psol50.org.br\/inc\/uploads\/2015\/11\/Confusao-na-Marcha-Marcello-Casal-Jr.-ABr-e1448893485553.jpg\",\"width\":1000,\"height\":666,\"caption\":\"Bras\u00edlia - Manifestantes acampados no gramado do Congresso Nacional entraram em confronto com integrantes da Marcha das Mulheres Negras durante passeata contra o racismo e a viol\u00eancia (Marcello Casal Jr\/Ag\u00eancia Brasil)\"},{\"@type\":\"BreadcrumbList\",\"@id\":\"https:\/\/psol50.org.br\/psol-repudia-agressoes-sofridas-por-mulheres-negras-em-frente-ao-congresso-nacional\/#breadcrumb\",\"itemListElement\":[{\"@type\":\"ListItem\",\"position\":1,\"name\":\"In\u00edcio\",\"item\":\"https:\/\/psol50.org.br\/\"},{\"@type\":\"ListItem\",\"position\":2,\"name\":\"PSOL repudia agress\u00f5es contra mulheres negras em frente ao Congresso\"}]},{\"@type\":\"WebSite\",\"@id\":\"https:\/\/psol50.org.br\/#website\",\"url\":\"https:\/\/psol50.org.br\/\",\"name\":\"PSOL 50\",\"description\":\"Site oficial do Partido Socialismo e Liberdade\",\"publisher\":{\"@id\":\"https:\/\/psol50.org.br\/#organization\"},\"alternateName\":\"PSOL50\",\"potentialAction\":[{\"@type\":\"SearchAction\",\"target\":{\"@type\":\"EntryPoint\",\"urlTemplate\":\"https:\/\/psol50.org.br\/?s={search_term_string}\"},\"query-input\":{\"@type\":\"PropertyValueSpecification\",\"valueRequired\":true,\"valueName\":\"search_term_string\"}}],\"inLanguage\":\"pt-BR\"},{\"@type\":\"Organization\",\"@id\":\"https:\/\/psol50.org.br\/#organization\",\"name\":\"PSOL 50\",\"alternateName\":\"PSOL 50\",\"url\":\"https:\/\/psol50.org.br\/\",\"logo\":{\"@type\":\"ImageObject\",\"inLanguage\":\"pt-BR\",\"@id\":\"https:\/\/psol50.org.br\/#\/schema\/logo\/image\/\",\"url\":\"https:\/\/psol50.org.br\/inc\/uploads\/2018\/07\/capa.png\",\"contentUrl\":\"https:\/\/psol50.org.br\/inc\/uploads\/2018\/07\/capa.png\",\"width\":1350,\"height\":900,\"caption\":\"PSOL 50\"},\"image\":{\"@id\":\"https:\/\/psol50.org.br\/#\/schema\/logo\/image\/\"},\"sameAs\":[\"https:\/\/www.facebook.com\/psol50\",\"https:\/\/x.com\/psol50\",\"https:\/\/www.instagram.com\/psol50\/\",\"https:\/\/www.youtube.com\/channel\/UC7SnJS5o1os7a6CaiNabzcg\"]},{\"@type\":\"Person\",\"@id\":\"https:\/\/psol50.org.br\/#\/schema\/person\/475dfa57d0b815993c714c2e96491fcd\",\"name\":\"Comunica\u00e7\u00e3o PSOL\",\"image\":{\"@type\":\"ImageObject\",\"inLanguage\":\"pt-BR\",\"@id\":\"https:\/\/psol50.org.br\/#\/schema\/person\/image\/\",\"url\":\"https:\/\/secure.gravatar.com\/avatar\/b34fc4f4e468a4e51785917065a3db57b841f5c95dba6ad8c73aaf8f66f8f9bf?s=96&d=mm&r=g\",\"contentUrl\":\"https:\/\/secure.gravatar.com\/avatar\/b34fc4f4e468a4e51785917065a3db57b841f5c95dba6ad8c73aaf8f66f8f9bf?s=96&d=mm&r=g\",\"caption\":\"Comunica\u00e7\u00e3o PSOL\"}}]}<\/script>\n<!-- \/ Yoast SEO plugin. -->","yoast_head_json":{"title":"PSOL repudia agress\u00f5es contra mulheres negras em frente ao Congresso - PSOL 50","robots":{"index":"index","follow":"follow","max-snippet":"max-snippet:-1","max-image-preview":"max-image-preview:large","max-video-preview":"max-video-preview:-1"},"canonical":"https:\/\/psol50.org.br\/psol-repudia-agressoes-sofridas-por-mulheres-negras-em-frente-ao-congresso-nacional\/","og_locale":"pt_BR","og_type":"article","og_title":"PSOL repudia agress\u00f5es contra mulheres negras em frente ao Congresso - PSOL 50","og_description":"Mais de 15 mil participavam da Marcha Nacional das Mulheres Negras \u2013 contra o Racismo, a Viol\u00eancia e pelo Bem Viver Milhares de mulheres negras que marchavam, em Bras\u00edlia, no dia de ontem (18), contra o racismo e a viol\u00eancia foram agredidas assim que chegaram em frente ao Congresso Nacional. As agress\u00f5es partiram de um [&hellip;]","og_url":"https:\/\/psol50.org.br\/psol-repudia-agressoes-sofridas-por-mulheres-negras-em-frente-ao-congresso-nacional\/","og_site_name":"PSOL 50","article_publisher":"https:\/\/www.facebook.com\/psol50","article_published_time":"2015-11-19T20:32:58+00:00","og_image":[{"width":1000,"height":666,"url":"https:\/\/psol50.org.br\/inc\/uploads\/2015\/11\/Confusao-na-Marcha-Marcello-Casal-Jr.-ABr-e1448893485553.jpg","type":"image\/jpeg"}],"author":"Comunica\u00e7\u00e3o PSOL","twitter_card":"summary_large_image","twitter_creator":"@psol50","twitter_site":"@psol50","twitter_misc":{"Escrito por":"Comunica\u00e7\u00e3o PSOL","Est. tempo de leitura":"3 minutos"},"schema":{"@context":"https:\/\/schema.org","@graph":[{"@type":"Article","@id":"https:\/\/psol50.org.br\/psol-repudia-agressoes-sofridas-por-mulheres-negras-em-frente-ao-congresso-nacional\/#article","isPartOf":{"@id":"https:\/\/psol50.org.br\/psol-repudia-agressoes-sofridas-por-mulheres-negras-em-frente-ao-congresso-nacional\/"},"author":{"name":"Comunica\u00e7\u00e3o PSOL","@id":"https:\/\/psol50.org.br\/#\/schema\/person\/475dfa57d0b815993c714c2e96491fcd"},"headline":"PSOL repudia agress\u00f5es contra mulheres negras em frente ao Congresso","datePublished":"2015-11-19T20:32:58+00:00","mainEntityOfPage":{"@id":"https:\/\/psol50.org.br\/psol-repudia-agressoes-sofridas-por-mulheres-negras-em-frente-ao-congresso-nacional\/"},"wordCount":602,"commentCount":0,"publisher":{"@id":"https:\/\/psol50.org.br\/#organization"},"image":{"@id":"https:\/\/psol50.org.br\/psol-repudia-agressoes-sofridas-por-mulheres-negras-em-frente-ao-congresso-nacional\/#primaryimage"},"thumbnailUrl":"https:\/\/psol50.org.br\/inc\/uploads\/2015\/11\/Confusao-na-Marcha-Marcello-Casal-Jr.-ABr-e1448893485553.jpg","keywords":["Bancada do PSOL","Chico Alencar","Edmilson Rodrigues","Ivan Valente","Jean Wyllys","Marcha Nacional das Mulheres Negras","MBL","Movimento Brasil Livre","PSOL","racismo","viol\u00eancia"],"articleSection":["A\u00e7\u00e3o Parlamentar","Brasil","Not\u00edcias","Partido"],"inLanguage":"pt-BR","potentialAction":[{"@type":"CommentAction","name":"Comment","target":["https:\/\/psol50.org.br\/psol-repudia-agressoes-sofridas-por-mulheres-negras-em-frente-ao-congresso-nacional\/#respond"]}]},{"@type":"WebPage","@id":"https:\/\/psol50.org.br\/psol-repudia-agressoes-sofridas-por-mulheres-negras-em-frente-ao-congresso-nacional\/","url":"https:\/\/psol50.org.br\/psol-repudia-agressoes-sofridas-por-mulheres-negras-em-frente-ao-congresso-nacional\/","name":"PSOL repudia agress\u00f5es contra mulheres negras em frente ao Congresso - PSOL 50","isPartOf":{"@id":"https:\/\/psol50.org.br\/#website"},"primaryImageOfPage":{"@id":"https:\/\/psol50.org.br\/psol-repudia-agressoes-sofridas-por-mulheres-negras-em-frente-ao-congresso-nacional\/#primaryimage"},"image":{"@id":"https:\/\/psol50.org.br\/psol-repudia-agressoes-sofridas-por-mulheres-negras-em-frente-ao-congresso-nacional\/#primaryimage"},"thumbnailUrl":"https:\/\/psol50.org.br\/inc\/uploads\/2015\/11\/Confusao-na-Marcha-Marcello-Casal-Jr.-ABr-e1448893485553.jpg","datePublished":"2015-11-19T20:32:58+00:00","breadcrumb":{"@id":"https:\/\/psol50.org.br\/psol-repudia-agressoes-sofridas-por-mulheres-negras-em-frente-ao-congresso-nacional\/#breadcrumb"},"inLanguage":"pt-BR","potentialAction":[{"@type":"ReadAction","target":["https:\/\/psol50.org.br\/psol-repudia-agressoes-sofridas-por-mulheres-negras-em-frente-ao-congresso-nacional\/"]}]},{"@type":"ImageObject","inLanguage":"pt-BR","@id":"https:\/\/psol50.org.br\/psol-repudia-agressoes-sofridas-por-mulheres-negras-em-frente-ao-congresso-nacional\/#primaryimage","url":"https:\/\/psol50.org.br\/inc\/uploads\/2015\/11\/Confusao-na-Marcha-Marcello-Casal-Jr.-ABr-e1448893485553.jpg","contentUrl":"https:\/\/psol50.org.br\/inc\/uploads\/2015\/11\/Confusao-na-Marcha-Marcello-Casal-Jr.-ABr-e1448893485553.jpg","width":1000,"height":666,"caption":"Bras\u00edlia - Manifestantes acampados no gramado do Congresso Nacional entraram em confronto com integrantes da Marcha das Mulheres Negras durante passeata contra o racismo e a viol\u00eancia (Marcello Casal Jr\/Ag\u00eancia Brasil)"},{"@type":"BreadcrumbList","@id":"https:\/\/psol50.org.br\/psol-repudia-agressoes-sofridas-por-mulheres-negras-em-frente-ao-congresso-nacional\/#breadcrumb","itemListElement":[{"@type":"ListItem","position":1,"name":"In\u00edcio","item":"https:\/\/psol50.org.br\/"},{"@type":"ListItem","position":2,"name":"PSOL repudia agress\u00f5es contra mulheres negras em frente ao Congresso"}]},{"@type":"WebSite","@id":"https:\/\/psol50.org.br\/#website","url":"https:\/\/psol50.org.br\/","name":"PSOL 50","description":"Site oficial do Partido Socialismo e Liberdade","publisher":{"@id":"https:\/\/psol50.org.br\/#organization"},"alternateName":"PSOL50","potentialAction":[{"@type":"SearchAction","target":{"@type":"EntryPoint","urlTemplate":"https:\/\/psol50.org.br\/?s={search_term_string}"},"query-input":{"@type":"PropertyValueSpecification","valueRequired":true,"valueName":"search_term_string"}}],"inLanguage":"pt-BR"},{"@type":"Organization","@id":"https:\/\/psol50.org.br\/#organization","name":"PSOL 50","alternateName":"PSOL 50","url":"https:\/\/psol50.org.br\/","logo":{"@type":"ImageObject","inLanguage":"pt-BR","@id":"https:\/\/psol50.org.br\/#\/schema\/logo\/image\/","url":"https:\/\/psol50.org.br\/inc\/uploads\/2018\/07\/capa.png","contentUrl":"https:\/\/psol50.org.br\/inc\/uploads\/2018\/07\/capa.png","width":1350,"height":900,"caption":"PSOL 50"},"image":{"@id":"https:\/\/psol50.org.br\/#\/schema\/logo\/image\/"},"sameAs":["https:\/\/www.facebook.com\/psol50","https:\/\/x.com\/psol50","https:\/\/www.instagram.com\/psol50\/","https:\/\/www.youtube.com\/channel\/UC7SnJS5o1os7a6CaiNabzcg"]},{"@type":"Person","@id":"https:\/\/psol50.org.br\/#\/schema\/person\/475dfa57d0b815993c714c2e96491fcd","name":"Comunica\u00e7\u00e3o PSOL","image":{"@type":"ImageObject","inLanguage":"pt-BR","@id":"https:\/\/psol50.org.br\/#\/schema\/person\/image\/","url":"https:\/\/secure.gravatar.com\/avatar\/b34fc4f4e468a4e51785917065a3db57b841f5c95dba6ad8c73aaf8f66f8f9bf?s=96&d=mm&r=g","contentUrl":"https:\/\/secure.gravatar.com\/avatar\/b34fc4f4e468a4e51785917065a3db57b841f5c95dba6ad8c73aaf8f66f8f9bf?s=96&d=mm&r=g","caption":"Comunica\u00e7\u00e3o PSOL"}}]}},"_links":{"self":[{"href":"https:\/\/psol50.org.br\/rest\/wp\/v2\/posts\/10650","targetHints":{"allow":["GET"]}}],"collection":[{"href":"https:\/\/psol50.org.br\/rest\/wp\/v2\/posts"}],"about":[{"href":"https:\/\/psol50.org.br\/rest\/wp\/v2\/types\/post"}],"author":[{"embeddable":true,"href":"https:\/\/psol50.org.br\/rest\/wp\/v2\/users\/2"}],"replies":[{"embeddable":true,"href":"https:\/\/psol50.org.br\/rest\/wp\/v2\/comments?post=10650"}],"version-history":[{"count":0,"href":"https:\/\/psol50.org.br\/rest\/wp\/v2\/posts\/10650\/revisions"}],"wp:featuredmedia":[{"embeddable":true,"href":"https:\/\/psol50.org.br\/rest\/wp\/v2\/media\/10653"}],"wp:attachment":[{"href":"https:\/\/psol50.org.br\/rest\/wp\/v2\/media?parent=10650"}],"wp:term":[{"taxonomy":"category","embeddable":true,"href":"https:\/\/psol50.org.br\/rest\/wp\/v2\/categories?post=10650"},{"taxonomy":"post_tag","embeddable":true,"href":"https:\/\/psol50.org.br\/rest\/wp\/v2\/tags?post=10650"}],"curies":[{"name":"wp","href":"https:\/\/api.w.org\/{rel}","templated":true}]}}