{"id":1067,"date":"2012-05-19T00:00:00","date_gmt":"2012-05-19T00:00:00","guid":{"rendered":"http:\/\/psol50.org.br\/arquivo\/2012\/05\/19\/andes-informa-que-aumenta-numero-de-instituicoes-federais-de-ensino-em-greve\/"},"modified":"2012-05-19T00:00:00","modified_gmt":"2012-05-19T00:00:00","slug":"andes-informa-que-aumenta-numero-de-instituicoes-federais-de-ensino-em-greve","status":"publish","type":"post","link":"https:\/\/psol50.org.br\/andes-informa-que-aumenta-numero-de-instituicoes-federais-de-ensino-em-greve\/","title":{"rendered":"ANDES informa que aumenta n\u00famero de institui\u00e7\u00f5es federais de ensino em greve"},"content":{"rendered":"<p style=\"text-align: justify\"><a href=\"http:\/\/psol50.org.br\/blog\/2012\/05\/19\/andes-informa-que-aumenta-numero-de-instituicoes-federais-de-ensino-em-greve\/andes_greve\/\" rel=\"attachment wp-att-15521\"><img loading=\"lazy\" decoding=\"async\" class=\"aligncenter size-full wp-image-15521\" src=\"http:\/\/psol50.org.br\/files\/2012\/05\/Andes_greve.jpg\" alt=\"\" width=\"391\" height=\"300\" \/><\/a>No segundo dia da greve iniciada pelos docentes das institui\u00e7\u00f5es federais de ensino, mais seis locais aderiram \u00e0 mobiliza\u00e7\u00e3o convocada pelo Sindicato Nacional dos Docentes de Ensino Superior (ANDES-SN). \u201cEm poucos momentos da nossa hist\u00f3ria come\u00e7amos uma greve com tanta for\u00e7a como estamos agora\u201d, avalia o 2\u00ba vice-presidente da Regional Rio Grande do Sul, Carlos Alberto da Fonseca Pires, que est\u00e1 em Bras\u00edlia participando do Comando Nacional de Greve (CNG).<\/p>\n<p style=\"text-align: justify\">A partir desta sexta-feira (18) tamb\u00e9m paralisaram suas atividades os docentes da Universidade Federal do Rec\u00f4ncavo Baiano, da Universidade Federal de Pernambuco, da Universidade Federal do Acre e das se\u00e7\u00f5es sindicais de Juazeiro, da Universidade Federal do Vale do S\u00e3o Francisco; e de Catal\u00e3o, da Universidade Federal do Goi\u00e1s.<\/p>\n<p style=\"text-align: justify\">Deliberaram entrar em greve na pr\u00f3xima segunda-feira (21), por exemplo, a Universidade de Bras\u00edlia e a Universidade Federal de Juiz de Fora. Os docentes da Universidade Federal Fluminense v\u00e3o paralisar a partir da ter\u00e7a-feira (22). \u201cQuem estava em d\u00favida se era oportuno entrar na greve, agora, devido \u00e0 for\u00e7a inicial, tem decidido pela paralisa\u00e7\u00e3o\u201d, analisa Pires.<\/p>\n<p style=\"text-align: justify\">Durante o dia de ontem (17), o CNG aprovou uma nota em que fazem um balan\u00e7o do primeiro dia e apontam as raz\u00f5es da paralisa\u00e7\u00e3o. Para o CNG, a for\u00e7a dos primeiros dias de paralisa\u00e7\u00e3o \u201cdemonstra de forma contundente e inequ\u00edvoca a indigna\u00e7\u00e3o que tomou conta da categoria depois tantas tentativas de negocia\u00e7\u00e3o com o governo sem resultados concretos.. A precariza\u00e7\u00e3o das condi\u00e7\u00f5es de trabalho nas institui\u00e7\u00f5es federais de ensino vem se agravando dia a dia com falta de professores, de salas de aula, de laborat\u00f3rios e at\u00e9 mesmo materiais b\u00e1sicos para funcionamento\u201d.<\/p>\n<p style=\"text-align: justify\"><span style=\"color: #ff0000\"><em><strong>A nota do CNG, na \u00edntegra, pode ser lida clicando <a href=\"http:\/\/portal.andes.org.br\/imprensa\/noticias\/imp-ult-1810974438.pdf\" target=\"_blank\" rel=\"noopener\"><span style=\"color: #ff0000\">aqui<\/span><\/a>.<\/strong><\/em><\/span><\/p>\n<p style=\"text-align: justify\">Confira a lista das Institui\u00e7\u00f5es Federais de Ensino \/ Se\u00e7\u00f5es Sindicais em greve dos docentes nesta sexta-feira (18)*<\/p>\n<p style=\"text-align: justify\">1- Universidade Federal do Amazonas (ADUA)<br \/>\n2- Universidade Federal de Roraima (SESDUF-RR)<br \/>\n3- Universidade Federal Rural do Amazonas (ADUFRA)<br \/>\n4- Universidade Federal do Par\u00e1 \/Central (ADUFPA)<br \/>\n5- Universidade Federal do Par\u00e1 \/Marab\u00e1 (SINDUFPA-MAR)<br \/>\n6- Universidade Federal do Oeste do Par\u00e1 (SINDUFOPA)<br \/>\n7- Universidade Federal do Amap\u00e1 (SINDUNIFAP)<br \/>\n8- Universidade Federal do Maranh\u00e3o (APRUMA)<br \/>\n9- Universidade Federal do Piau\u00ed (ADUFPI)<br \/>\n10 &#8211; Universidade Federal do Semi-\u00c1rido (Mossor\u00f3) (ADUFESA)<br \/>\n11 &#8211; Universidade Federal da Para\u00edba (ADUFPB)<br \/>\n12 &#8211; Universidade Federal da Campina Grande\/ Patos (ADUFCG-PATOS)<br \/>\n13 &#8211; Universidade Federal da Campina Grande\/ Cajazeiras (ADUC)<br \/>\n14 &#8211; Universidade Federal de Campina Grande (ADUFCG)<br \/>\n15 &#8211; Universidade Federal Rural de Pernambuco (ADUFERPE)<br \/>\n16 &#8211; Universidade Federal de Alagoas (ADUFAL)<br \/>\n17 &#8211; Universidade Federal de Sergipe (ADUFS)<br \/>\n18 &#8211; Universidade Federal do Tri\u00e2ngulo Mineiro (ADFMTM)<br \/>\n19 Universidade Federal de Uberl\u00e2ndia (ADUFU)<br \/>\n20 &#8211; Universidade Federal de Vi\u00e7osa (ASPUV)<br \/>\n21 &#8211; Universidade Federal de Lavras (ADUFLA)<br \/>\n22 &#8211; Universidade Federal de Ouro Preto (ADUFOP)<br \/>\n23 &#8211; Universidade Federal de S\u00e3o Jo\u00e3o Del Rey (ADFUNREI)<br \/>\n24 &#8211; Universidade Federal do Esp\u00edrito Santo (ADUFES)<br \/>\n25 &#8211; Universidade Federal do Paran\u00e1 (APUFPR)<br \/>\n26 &#8211; Universidade Federal do Rio Grande (APROFURG)<br \/>\n27 &#8211; Universidade Federal do Mato Grosso (ADUFMAT)<br \/>\n28 &#8211; Universidade Federal do Mato Grosso \/ Rondon\u00f3polis (ADUFMAT-ROO)<br \/>\n29 &#8211; Universidade Federal Rural do Rio de Janeiro (ADUR-RJ)<br \/>\n30 &#8211; Universidade Federal dos Vales do Jequitinhonha e Mucuri (SINDFAFEID)<br \/>\n31 &#8211; Universidade Tecnol\u00f3gica Federal do Paran\u00e1 (SINDUTF-PR)<br \/>\n32 &#8211; Instituto Federal do Piau\u00ed (SINDCEFET-PI)<br \/>\n33 &#8211; Centro Federal de Educa\u00e7\u00e3o Tecnol\u00f3gica de Minas Gerais (SINDCEFET-MG)<br \/>\n34 &#8211; Universidade Federal do Rec\u00f4ncavo Baiano (APUR)<br \/>\n35 &#8211; Universidade Federal do Vale do S\u00e3o Francisco\/Juazeiro (SINDUNIVASF)<br \/>\n36 &#8211; Universidade Federal de Pernambuco (ADUFEPE)<br \/>\n37 &#8211; Universidade Federal do Acre (ADUFAC)<br \/>\n38 &#8211; Universidade Federal do Estado do Rio de Janeiro (ADUNI-RIO).<br \/>\n39 &#8211; Campus de Catal\u00e3o da Universidade Federal do Goi\u00e1s (ADCAC)<\/p>\n<p style=\"text-align: justify\"><a href=\"http:\/\/www.andes.org.br:8080\/andes\/print-ultimas-noticias.andes?id=5359\"><em><strong>* De acordo com \u00faltimo balan\u00e7o realizado com informa\u00e7\u00f5es enviadas ao Sindicato Nacional at\u00e9 \u00e0s 17h do dia 18\/5.<\/strong><\/em><\/a><\/p>\n<p style=\"text-align: justify\"><a href=\"http:\/\/www.andes.org.br:8080\/andes\/print-ultimas-noticias.andes?id=5359\"><em><strong>**Fonte: Andes<\/strong><\/em><\/a><\/p>\n","protected":false},"excerpt":{"rendered":"<p>No segundo dia da greve iniciada pelos docentes das institui\u00e7\u00f5es federais de ensino, mais seis locais aderiram \u00e0 mobiliza\u00e7\u00e3o convocada pelo Sindicato Nacional dos Docentes de Ensino Superior (ANDES-SN). \u201cEm poucos momentos da nossa hist\u00f3ria come\u00e7amos uma greve com tanta for\u00e7a como estamos agora\u201d, avalia o 2\u00ba vice-presidente da Regional Rio Grande do Sul, Carlos [&hellip;]<\/p>\n","protected":false},"author":2,"featured_media":0,"comment_status":"open","ping_status":"open","sticky":false,"template":"","format":"standard","meta":{"_acf_changed":false,"footnotes":""},"categories":[4766],"tags":[],"class_list":{"0":"post-1067","1":"post","2":"type-post","3":"status-publish","4":"format-standard","6":"category-arquivo"},"acf":[],"yoast_head":"<!-- This site is optimized with the Yoast SEO plugin v26.5 - https:\/\/yoast.com\/wordpress\/plugins\/seo\/ -->\n<title>ANDES informa que aumenta n\u00famero de institui\u00e7\u00f5es federais de ensino em greve - PSOL 50<\/title>\n<meta name=\"robots\" content=\"index, follow, max-snippet:-1, max-image-preview:large, max-video-preview:-1\" \/>\n<link rel=\"canonical\" href=\"https:\/\/psol50.org.br\/andes-informa-que-aumenta-numero-de-instituicoes-federais-de-ensino-em-greve\/\" \/>\n<meta property=\"og:locale\" content=\"pt_BR\" \/>\n<meta property=\"og:type\" content=\"article\" \/>\n<meta property=\"og:title\" content=\"ANDES informa que aumenta n\u00famero de institui\u00e7\u00f5es federais de ensino em greve - PSOL 50\" \/>\n<meta property=\"og:description\" content=\"No segundo dia da greve iniciada pelos docentes das institui\u00e7\u00f5es federais de ensino, mais seis locais aderiram \u00e0 mobiliza\u00e7\u00e3o convocada pelo Sindicato Nacional dos Docentes de Ensino Superior (ANDES-SN). \u201cEm poucos momentos da nossa hist\u00f3ria come\u00e7amos uma greve com tanta for\u00e7a como estamos agora\u201d, avalia o 2\u00ba vice-presidente da Regional Rio Grande do Sul, Carlos [&hellip;]\" \/>\n<meta property=\"og:url\" content=\"https:\/\/psol50.org.br\/andes-informa-que-aumenta-numero-de-instituicoes-federais-de-ensino-em-greve\/\" \/>\n<meta property=\"og:site_name\" content=\"PSOL 50\" \/>\n<meta property=\"article:publisher\" content=\"https:\/\/www.facebook.com\/psol50\" \/>\n<meta property=\"article:published_time\" content=\"2012-05-19T00:00:00+00:00\" \/>\n<meta property=\"og:image\" content=\"http:\/\/psol50.org.br\/files\/2012\/05\/Andes_greve.jpg\" \/>\n<meta name=\"author\" content=\"Comunica\u00e7\u00e3o PSOL\" \/>\n<meta name=\"twitter:card\" content=\"summary_large_image\" \/>\n<meta name=\"twitter:creator\" content=\"@psol50\" \/>\n<meta name=\"twitter:site\" content=\"@psol50\" \/>\n<meta name=\"twitter:label1\" content=\"Escrito por\" \/>\n\t<meta name=\"twitter:data1\" content=\"Comunica\u00e7\u00e3o PSOL\" \/>\n\t<meta name=\"twitter:label2\" content=\"Est. tempo de leitura\" \/>\n\t<meta name=\"twitter:data2\" content=\"3 minutos\" \/>\n<script type=\"application\/ld+json\" class=\"yoast-schema-graph\">{\"@context\":\"https:\/\/schema.org\",\"@graph\":[{\"@type\":\"Article\",\"@id\":\"https:\/\/psol50.org.br\/andes-informa-que-aumenta-numero-de-instituicoes-federais-de-ensino-em-greve\/#article\",\"isPartOf\":{\"@id\":\"https:\/\/psol50.org.br\/andes-informa-que-aumenta-numero-de-instituicoes-federais-de-ensino-em-greve\/\"},\"author\":{\"name\":\"Comunica\u00e7\u00e3o PSOL\",\"@id\":\"https:\/\/psol50.org.br\/#\/schema\/person\/475dfa57d0b815993c714c2e96491fcd\"},\"headline\":\"ANDES informa que aumenta n\u00famero de institui\u00e7\u00f5es federais de ensino em greve\",\"datePublished\":\"2012-05-19T00:00:00+00:00\",\"mainEntityOfPage\":{\"@id\":\"https:\/\/psol50.org.br\/andes-informa-que-aumenta-numero-de-instituicoes-federais-de-ensino-em-greve\/\"},\"wordCount\":654,\"commentCount\":0,\"publisher\":{\"@id\":\"https:\/\/psol50.org.br\/#organization\"},\"image\":{\"@id\":\"https:\/\/psol50.org.br\/andes-informa-que-aumenta-numero-de-instituicoes-federais-de-ensino-em-greve\/#primaryimage\"},\"thumbnailUrl\":\"http:\/\/psol50.org.br\/files\/2012\/05\/Andes_greve.jpg\",\"articleSection\":[\"Arquivo\"],\"inLanguage\":\"pt-BR\",\"potentialAction\":[{\"@type\":\"CommentAction\",\"name\":\"Comment\",\"target\":[\"https:\/\/psol50.org.br\/andes-informa-que-aumenta-numero-de-instituicoes-federais-de-ensino-em-greve\/#respond\"]}]},{\"@type\":\"WebPage\",\"@id\":\"https:\/\/psol50.org.br\/andes-informa-que-aumenta-numero-de-instituicoes-federais-de-ensino-em-greve\/\",\"url\":\"https:\/\/psol50.org.br\/andes-informa-que-aumenta-numero-de-instituicoes-federais-de-ensino-em-greve\/\",\"name\":\"ANDES informa que aumenta n\u00famero de institui\u00e7\u00f5es federais de ensino em greve - PSOL 50\",\"isPartOf\":{\"@id\":\"https:\/\/psol50.org.br\/#website\"},\"primaryImageOfPage\":{\"@id\":\"https:\/\/psol50.org.br\/andes-informa-que-aumenta-numero-de-instituicoes-federais-de-ensino-em-greve\/#primaryimage\"},\"image\":{\"@id\":\"https:\/\/psol50.org.br\/andes-informa-que-aumenta-numero-de-instituicoes-federais-de-ensino-em-greve\/#primaryimage\"},\"thumbnailUrl\":\"http:\/\/psol50.org.br\/files\/2012\/05\/Andes_greve.jpg\",\"datePublished\":\"2012-05-19T00:00:00+00:00\",\"breadcrumb\":{\"@id\":\"https:\/\/psol50.org.br\/andes-informa-que-aumenta-numero-de-instituicoes-federais-de-ensino-em-greve\/#breadcrumb\"},\"inLanguage\":\"pt-BR\",\"potentialAction\":[{\"@type\":\"ReadAction\",\"target\":[\"https:\/\/psol50.org.br\/andes-informa-que-aumenta-numero-de-instituicoes-federais-de-ensino-em-greve\/\"]}]},{\"@type\":\"ImageObject\",\"inLanguage\":\"pt-BR\",\"@id\":\"https:\/\/psol50.org.br\/andes-informa-que-aumenta-numero-de-instituicoes-federais-de-ensino-em-greve\/#primaryimage\",\"url\":\"http:\/\/psol50.org.br\/files\/2012\/05\/Andes_greve.jpg\",\"contentUrl\":\"http:\/\/psol50.org.br\/files\/2012\/05\/Andes_greve.jpg\"},{\"@type\":\"BreadcrumbList\",\"@id\":\"https:\/\/psol50.org.br\/andes-informa-que-aumenta-numero-de-instituicoes-federais-de-ensino-em-greve\/#breadcrumb\",\"itemListElement\":[{\"@type\":\"ListItem\",\"position\":1,\"name\":\"In\u00edcio\",\"item\":\"https:\/\/psol50.org.br\/\"},{\"@type\":\"ListItem\",\"position\":2,\"name\":\"ANDES informa que aumenta n\u00famero de institui\u00e7\u00f5es federais de ensino em greve\"}]},{\"@type\":\"WebSite\",\"@id\":\"https:\/\/psol50.org.br\/#website\",\"url\":\"https:\/\/psol50.org.br\/\",\"name\":\"PSOL 50\",\"description\":\"Site oficial do Partido Socialismo e Liberdade\",\"publisher\":{\"@id\":\"https:\/\/psol50.org.br\/#organization\"},\"alternateName\":\"PSOL50\",\"potentialAction\":[{\"@type\":\"SearchAction\",\"target\":{\"@type\":\"EntryPoint\",\"urlTemplate\":\"https:\/\/psol50.org.br\/?s={search_term_string}\"},\"query-input\":{\"@type\":\"PropertyValueSpecification\",\"valueRequired\":true,\"valueName\":\"search_term_string\"}}],\"inLanguage\":\"pt-BR\"},{\"@type\":\"Organization\",\"@id\":\"https:\/\/psol50.org.br\/#organization\",\"name\":\"PSOL 50\",\"alternateName\":\"PSOL 50\",\"url\":\"https:\/\/psol50.org.br\/\",\"logo\":{\"@type\":\"ImageObject\",\"inLanguage\":\"pt-BR\",\"@id\":\"https:\/\/psol50.org.br\/#\/schema\/logo\/image\/\",\"url\":\"https:\/\/psol50.org.br\/inc\/uploads\/2018\/07\/capa.png\",\"contentUrl\":\"https:\/\/psol50.org.br\/inc\/uploads\/2018\/07\/capa.png\",\"width\":1350,\"height\":900,\"caption\":\"PSOL 50\"},\"image\":{\"@id\":\"https:\/\/psol50.org.br\/#\/schema\/logo\/image\/\"},\"sameAs\":[\"https:\/\/www.facebook.com\/psol50\",\"https:\/\/x.com\/psol50\",\"https:\/\/www.instagram.com\/psol50\/\",\"https:\/\/www.youtube.com\/channel\/UC7SnJS5o1os7a6CaiNabzcg\"]},{\"@type\":\"Person\",\"@id\":\"https:\/\/psol50.org.br\/#\/schema\/person\/475dfa57d0b815993c714c2e96491fcd\",\"name\":\"Comunica\u00e7\u00e3o PSOL\",\"image\":{\"@type\":\"ImageObject\",\"inLanguage\":\"pt-BR\",\"@id\":\"https:\/\/psol50.org.br\/#\/schema\/person\/image\/\",\"url\":\"https:\/\/secure.gravatar.com\/avatar\/b34fc4f4e468a4e51785917065a3db57b841f5c95dba6ad8c73aaf8f66f8f9bf?s=96&d=mm&r=g\",\"contentUrl\":\"https:\/\/secure.gravatar.com\/avatar\/b34fc4f4e468a4e51785917065a3db57b841f5c95dba6ad8c73aaf8f66f8f9bf?s=96&d=mm&r=g\",\"caption\":\"Comunica\u00e7\u00e3o PSOL\"}}]}<\/script>\n<!-- \/ Yoast SEO plugin. -->","yoast_head_json":{"title":"ANDES informa que aumenta n\u00famero de institui\u00e7\u00f5es federais de ensino em greve - PSOL 50","robots":{"index":"index","follow":"follow","max-snippet":"max-snippet:-1","max-image-preview":"max-image-preview:large","max-video-preview":"max-video-preview:-1"},"canonical":"https:\/\/psol50.org.br\/andes-informa-que-aumenta-numero-de-instituicoes-federais-de-ensino-em-greve\/","og_locale":"pt_BR","og_type":"article","og_title":"ANDES informa que aumenta n\u00famero de institui\u00e7\u00f5es federais de ensino em greve - PSOL 50","og_description":"No segundo dia da greve iniciada pelos docentes das institui\u00e7\u00f5es federais de ensino, mais seis locais aderiram \u00e0 mobiliza\u00e7\u00e3o convocada pelo Sindicato Nacional dos Docentes de Ensino Superior (ANDES-SN). \u201cEm poucos momentos da nossa hist\u00f3ria come\u00e7amos uma greve com tanta for\u00e7a como estamos agora\u201d, avalia o 2\u00ba vice-presidente da Regional Rio Grande do Sul, Carlos [&hellip;]","og_url":"https:\/\/psol50.org.br\/andes-informa-que-aumenta-numero-de-instituicoes-federais-de-ensino-em-greve\/","og_site_name":"PSOL 50","article_publisher":"https:\/\/www.facebook.com\/psol50","article_published_time":"2012-05-19T00:00:00+00:00","og_image":[{"url":"http:\/\/psol50.org.br\/files\/2012\/05\/Andes_greve.jpg","type":"","width":"","height":""}],"author":"Comunica\u00e7\u00e3o PSOL","twitter_card":"summary_large_image","twitter_creator":"@psol50","twitter_site":"@psol50","twitter_misc":{"Escrito por":"Comunica\u00e7\u00e3o PSOL","Est. tempo de leitura":"3 minutos"},"schema":{"@context":"https:\/\/schema.org","@graph":[{"@type":"Article","@id":"https:\/\/psol50.org.br\/andes-informa-que-aumenta-numero-de-instituicoes-federais-de-ensino-em-greve\/#article","isPartOf":{"@id":"https:\/\/psol50.org.br\/andes-informa-que-aumenta-numero-de-instituicoes-federais-de-ensino-em-greve\/"},"author":{"name":"Comunica\u00e7\u00e3o PSOL","@id":"https:\/\/psol50.org.br\/#\/schema\/person\/475dfa57d0b815993c714c2e96491fcd"},"headline":"ANDES informa que aumenta n\u00famero de institui\u00e7\u00f5es federais de ensino em greve","datePublished":"2012-05-19T00:00:00+00:00","mainEntityOfPage":{"@id":"https:\/\/psol50.org.br\/andes-informa-que-aumenta-numero-de-instituicoes-federais-de-ensino-em-greve\/"},"wordCount":654,"commentCount":0,"publisher":{"@id":"https:\/\/psol50.org.br\/#organization"},"image":{"@id":"https:\/\/psol50.org.br\/andes-informa-que-aumenta-numero-de-instituicoes-federais-de-ensino-em-greve\/#primaryimage"},"thumbnailUrl":"http:\/\/psol50.org.br\/files\/2012\/05\/Andes_greve.jpg","articleSection":["Arquivo"],"inLanguage":"pt-BR","potentialAction":[{"@type":"CommentAction","name":"Comment","target":["https:\/\/psol50.org.br\/andes-informa-que-aumenta-numero-de-instituicoes-federais-de-ensino-em-greve\/#respond"]}]},{"@type":"WebPage","@id":"https:\/\/psol50.org.br\/andes-informa-que-aumenta-numero-de-instituicoes-federais-de-ensino-em-greve\/","url":"https:\/\/psol50.org.br\/andes-informa-que-aumenta-numero-de-instituicoes-federais-de-ensino-em-greve\/","name":"ANDES informa que aumenta n\u00famero de institui\u00e7\u00f5es federais de ensino em greve - PSOL 50","isPartOf":{"@id":"https:\/\/psol50.org.br\/#website"},"primaryImageOfPage":{"@id":"https:\/\/psol50.org.br\/andes-informa-que-aumenta-numero-de-instituicoes-federais-de-ensino-em-greve\/#primaryimage"},"image":{"@id":"https:\/\/psol50.org.br\/andes-informa-que-aumenta-numero-de-instituicoes-federais-de-ensino-em-greve\/#primaryimage"},"thumbnailUrl":"http:\/\/psol50.org.br\/files\/2012\/05\/Andes_greve.jpg","datePublished":"2012-05-19T00:00:00+00:00","breadcrumb":{"@id":"https:\/\/psol50.org.br\/andes-informa-que-aumenta-numero-de-instituicoes-federais-de-ensino-em-greve\/#breadcrumb"},"inLanguage":"pt-BR","potentialAction":[{"@type":"ReadAction","target":["https:\/\/psol50.org.br\/andes-informa-que-aumenta-numero-de-instituicoes-federais-de-ensino-em-greve\/"]}]},{"@type":"ImageObject","inLanguage":"pt-BR","@id":"https:\/\/psol50.org.br\/andes-informa-que-aumenta-numero-de-instituicoes-federais-de-ensino-em-greve\/#primaryimage","url":"http:\/\/psol50.org.br\/files\/2012\/05\/Andes_greve.jpg","contentUrl":"http:\/\/psol50.org.br\/files\/2012\/05\/Andes_greve.jpg"},{"@type":"BreadcrumbList","@id":"https:\/\/psol50.org.br\/andes-informa-que-aumenta-numero-de-instituicoes-federais-de-ensino-em-greve\/#breadcrumb","itemListElement":[{"@type":"ListItem","position":1,"name":"In\u00edcio","item":"https:\/\/psol50.org.br\/"},{"@type":"ListItem","position":2,"name":"ANDES informa que aumenta n\u00famero de institui\u00e7\u00f5es federais de ensino em greve"}]},{"@type":"WebSite","@id":"https:\/\/psol50.org.br\/#website","url":"https:\/\/psol50.org.br\/","name":"PSOL 50","description":"Site oficial do Partido Socialismo e Liberdade","publisher":{"@id":"https:\/\/psol50.org.br\/#organization"},"alternateName":"PSOL50","potentialAction":[{"@type":"SearchAction","target":{"@type":"EntryPoint","urlTemplate":"https:\/\/psol50.org.br\/?s={search_term_string}"},"query-input":{"@type":"PropertyValueSpecification","valueRequired":true,"valueName":"search_term_string"}}],"inLanguage":"pt-BR"},{"@type":"Organization","@id":"https:\/\/psol50.org.br\/#organization","name":"PSOL 50","alternateName":"PSOL 50","url":"https:\/\/psol50.org.br\/","logo":{"@type":"ImageObject","inLanguage":"pt-BR","@id":"https:\/\/psol50.org.br\/#\/schema\/logo\/image\/","url":"https:\/\/psol50.org.br\/inc\/uploads\/2018\/07\/capa.png","contentUrl":"https:\/\/psol50.org.br\/inc\/uploads\/2018\/07\/capa.png","width":1350,"height":900,"caption":"PSOL 50"},"image":{"@id":"https:\/\/psol50.org.br\/#\/schema\/logo\/image\/"},"sameAs":["https:\/\/www.facebook.com\/psol50","https:\/\/x.com\/psol50","https:\/\/www.instagram.com\/psol50\/","https:\/\/www.youtube.com\/channel\/UC7SnJS5o1os7a6CaiNabzcg"]},{"@type":"Person","@id":"https:\/\/psol50.org.br\/#\/schema\/person\/475dfa57d0b815993c714c2e96491fcd","name":"Comunica\u00e7\u00e3o PSOL","image":{"@type":"ImageObject","inLanguage":"pt-BR","@id":"https:\/\/psol50.org.br\/#\/schema\/person\/image\/","url":"https:\/\/secure.gravatar.com\/avatar\/b34fc4f4e468a4e51785917065a3db57b841f5c95dba6ad8c73aaf8f66f8f9bf?s=96&d=mm&r=g","contentUrl":"https:\/\/secure.gravatar.com\/avatar\/b34fc4f4e468a4e51785917065a3db57b841f5c95dba6ad8c73aaf8f66f8f9bf?s=96&d=mm&r=g","caption":"Comunica\u00e7\u00e3o PSOL"}}]}},"_links":{"self":[{"href":"https:\/\/psol50.org.br\/rest\/wp\/v2\/posts\/1067","targetHints":{"allow":["GET"]}}],"collection":[{"href":"https:\/\/psol50.org.br\/rest\/wp\/v2\/posts"}],"about":[{"href":"https:\/\/psol50.org.br\/rest\/wp\/v2\/types\/post"}],"author":[{"embeddable":true,"href":"https:\/\/psol50.org.br\/rest\/wp\/v2\/users\/2"}],"replies":[{"embeddable":true,"href":"https:\/\/psol50.org.br\/rest\/wp\/v2\/comments?post=1067"}],"version-history":[{"count":0,"href":"https:\/\/psol50.org.br\/rest\/wp\/v2\/posts\/1067\/revisions"}],"wp:attachment":[{"href":"https:\/\/psol50.org.br\/rest\/wp\/v2\/media?parent=1067"}],"wp:term":[{"taxonomy":"category","embeddable":true,"href":"https:\/\/psol50.org.br\/rest\/wp\/v2\/categories?post=1067"},{"taxonomy":"post_tag","embeddable":true,"href":"https:\/\/psol50.org.br\/rest\/wp\/v2\/tags?post=1067"}],"curies":[{"name":"wp","href":"https:\/\/api.w.org\/{rel}","templated":true}]}}