{"id":10684,"date":"2015-11-23T17:24:08","date_gmt":"2015-11-23T17:24:08","guid":{"rendered":"http:\/\/www.psol50.org.br\/?p=10684"},"modified":"2015-11-23T17:24:08","modified_gmt":"2015-11-23T17:24:08","slug":"justica-rejeita-recurso-do-governo-alckmin-e-estudantes-seguem-ocupando-escolas-em-sp","status":"publish","type":"post","link":"https:\/\/psol50.org.br\/justica-rejeita-recurso-do-governo-alckmin-e-estudantes-seguem-ocupando-escolas-em-sp\/","title":{"rendered":"Justi\u00e7a rejeita recurso do governo Alckmin e estudantes seguem ocupando escolas em SP"},"content":{"rendered":"<p>Mais uma vit\u00f3ria dos estudantes secundaristas de S\u00e3o Paulo: nesta segunda-feira (23), o Tribunal de Justi\u00e7a (TJ-SP) negou recurso movido pelo governo Alckmin (PSDB) pela reintegra\u00e7\u00e3o de posse de todas as escolas ocupadas no estado.<br \/>\nSegundo o movimento \u201c<a href=\"https:\/\/www.facebook.com\/naofechemminhaescola\/\">N\u00e3o fechem minha escola<\/a>\u201d, j\u00e1 s\u00e3o cerca de 120 escolas ocupadas contra a proposta de fechamento de quase uma centena delas, contida no projeto de \u201creorganiza\u00e7\u00e3o\u201d, do governo do estado.<br \/>\n<em>Leia mais: <a href=\"http:\/\/www.psol50.org.br\/2015\/11\/psol-repudia-autoritarismo-de-alckmin-e-apoia-ocupacao-das-escolas-em-sp\/\" target=\"_blank\" rel=\"noopener\">PSOL repudia autoritarismo de Alckmin e apoia ocupa\u00e7\u00e3o das escolas em SP<\/a><\/em><br \/>\nNa semana passada, as ocupa\u00e7\u00f5es obrigaram Alckmin a recuar no projeto, suspendendo-o por 10 dias. Por\u00e9m, para isso, todas as escolas deveriam ser desocupadas, proposta n\u00e3o aceita pelo movimento.<br \/>\nVeja a lista completa de escolas ocupadas em todo o estado.<br \/>\n1 E.E. Jo\u00e3o Batista de Aquino. (Agudos)<br \/>\n2 E.E. Dr. Clybas Pinto Ferraz (Assis)<br \/>\n3 E.E. Stela Machado (Bauru)<br \/>\n4 E.E. Carlos Gomes (Campinas)<br \/>\n5 E.E. Francisco Glic\u00e9rio (Campinas)<br \/>\nE.E. Professor Dr. D\u00e9cio Ferraz Alvim<br \/>\n7 E.E. Pequeno Cotolengo (Cotia)<br \/>\n8 E.E. D\u00e9lcio de Souza Cunha (Diadema)<br \/>\n9 E.E. Diadema, antigo Cefam<br \/>\n10 E.E. Homero Silva (Diadema)<br \/>\n11 E.E. Ede Wilson Gonzaga (Embu das Artes)<br \/>\n12 E.E. Suely Machado Silva (Franca)<br \/>\n13 E.E. Ant\u00f4nio Viana de Souza, (Guarulhos)<br \/>\n14 E.E. Alayde Maria Vicente (Guarulhos)<br \/>\n15 E.E. Vila Any (Guarulhos)<br \/>\n16 E.E. Maria de Lurdes Stipp Steffen (Indaiatuba)<br \/>\n17 E.E.Prof\u00b0 Josepha P. Chiavelli (Jandira)<br \/>\n18 E.E. Doutor Eloy de Miranda Chaves (Jundia\u00ed)<br \/>\n19 E.E. Prof\u00aa Antonieta Grassi Malatrasi (Len\u00e7\u00f3is Paulista)<br \/>\n20 E.E. 21 de Abril (Lins)<br \/>\n21 E. E. Sylvia Ribeiro (Mar\u00edlia)<br \/>\n22 E.E. Chilorita de Oliveira Penteado Martins (Mat\u00e3o)<br \/>\n23 E.E. Maria Elena Colonia (Mau\u00e1)<br \/>\n24 E. E. Maria Aparecida Damo (Maua-Guapituba)<br \/>\n25 E.E. Leonardo Villas Boas (Osasco)<br \/>\n26 E.E. Coronel Antonio Paiva de Sampaio (Osasco)<br \/>\n27 E.E. Helo\u00edsa Assump\u00e7\u00e3o (Osasco)<br \/>\n28 E.E. Francisca Peralta Lisboa (Osasco)<br \/>\n29 E.E. Ant\u00f4nio de Mello Cotrim (Piracicaba)<br \/>\n30 E.E. Prof\u00aa Nanci Cristina do Espirito Santo (Po\u00e1)<br \/>\n31 E.E. Santinho Carnavale (Ribeir\u00e3o Pires)<br \/>\n32 E.E. Prefeito Mario Avesani (Santa Cruz das Palmeiras)<br \/>\n33 E.E. Prof. Jos\u00e9 Augusto de Azevedo Antunes (Santo Andr\u00e9)<br \/>\n34 E.E. Ant\u00f4nio Adib Chammas (Santo Andr\u00e9)<br \/>\n35 E.E. Dr. Am\u00e9rico Brasiliense (Santo Andr\u00e9)<br \/>\n36 E.E. Oscavo Paulo (Bangu, Santo Andr\u00e9)<br \/>\n37 E.E. Senador Jo\u00e3o Gale\u00e3o Carvalhal (Santo Andr\u00e9)<br \/>\n38 E.E. Valdomiro Silveira (Santo Andr\u00e9)<br \/>\n39 E.E. 16 de Julho (Santo Andr\u00e9)<br \/>\n40 E.E. 8 de Abril (Santo Andr\u00e9)<br \/>\n41 E.E. Prof. Cle\u00f3bulos Amazonas Duarte (Santos)<br \/>\n42 E.E. Tito Lima (S\u00e3o Bernardo)<br \/>\n43 E.E. Major Miguel Naked (S\u00e3o Jos\u00e9 dos Campos)<br \/>\n44 E.E. Caetano de Campos (Consola\u00e7\u00e3o)<br \/>\n45 E.E. Jo\u00e3o Kopke (Luz)<br \/>\n46 E.E. Fidelino Figueiredo (Centro)<br \/>\n47 E.E. Moacyr de Campos (Zona Leste)<br \/>\n48 E.E. Deputado Jo\u00e3o D\u00f3ria (Itaim Paulista)<br \/>\n49 E.E. Rep\u00fablica do Suriname (Itaim Paulista)<br \/>\n50 E.E. Astrogildo Arruda (Vila Carolina)<br \/>\n51 E.E. Cohab In\u00e1cio Monteiro III (Zona Leste)<br \/>\n52 E.E. Roger Jules Carvalho Mange(Itaim Paulista)<br \/>\n53 E.E. Salvador Allende (Cohab Jos\u00e9 Bonif\u00e1cio)<br \/>\n54 E.E. Shinquichi Agari (Vila Curu\u00e7a)<br \/>\n55 E.E. Wilma Flor (Zona Leste)<br \/>\n56 E.E. Maria Regina M. C. Guimar\u00e3es (Vila Nova Curu\u00e7\u00e1)<br \/>\n57 E.E. Castro Alves (Zona Norte)<br \/>\n58 E.E. Eg\u00eddio Damy (Brasil\u00e2ndia)<br \/>\n59 E.E. S\u00edlvio Xavier Antunes (Piqueri)<br \/>\n60 E.E. Joaquim Leme do Prado (Imirin)<br \/>\n61 E.E. Souza Penna (Freguesia do \u00d3)<br \/>\n62 E.E. Pio Telles (Jaguara)<br \/>\n63 E.E. Dona Ana Rosa (Vila S\u00f4nia)<br \/>\n64 E.E. Fern\u00e3o Dias Paes (Pinheiros)<br \/>\n65 E.E. Godofredo Furtado (Pinheiros)<br \/>\n66 E.E. Gavi\u00e3o Peixoto (Perus)<br \/>\n67 E.E. Miss Browne (Pompeia)<br \/>\n68 E.E. Emiliano Augusto Cavalcanti de Albuquerque E Melo (Alto de Pinheiros)<br \/>\n69 E.E. Lu\u00eds Magalh\u00e3es de Ara\u00fajo (Zona Sul)<br \/>\n70 E.E Caetano de Campos (Aclima\u00e7\u00e3o)<br \/>\n71 E.E. Ant\u00f4nio Manoel Alves de Lima (Jd. S\u00e3o Lu\u00eds, zona sul)<br \/>\n72 E.E. Comendador Miguel Maluhy (Campo Limpo, zona sul)<br \/>\n73 E.E. Fl\u00e1vio Jos\u00e9 Os\u00f3rio Negrini (Jd. Olinda, zona sul)<br \/>\n74 E.E. Jos\u00e9 Lins do Rego (Jd. \u00c2ngela, zona sul)<br \/>\n75 E.E. Marilsa Garbosa ( Jd. S\u00e3o Luiz, zona sul)<br \/>\n76 E.E. Mary Moraes (Portal do Morumbi)<br \/>\n77 E.E. Padre Sab\u00f3ia de Medeiros (Ch\u00e1cara Santo Antonio, z\/s)<br \/>\n78 E.E. Professora Neyde Apparecida Sollitto ( Jd. das Palmas, z\/s)<br \/>\n79 E.E. Raul Fonseca (Sa\u00fade &#8211; ZS)<br \/>\n80 E.E. Sinh\u00e1 Pantoja (Recanto Santo Antonio, zona sul)<br \/>\n81 E.E. Tancredo de Almeida Neves (Extremo sul)<br \/>\n82 E.E. Pedro Fonseca (Jd Monte Kemel)<br \/>\n83 E.E. Eulalia Silva (Jd. Angela)<br \/>\n84 E.E. Maria Petrolina (Santo Amaro)<br \/>\n85 E.E. Hon\u00f3rio Monteiro (ZS)<br \/>\n86 E. E. Lauro Sanches (Sorocaba)<br \/>\n87 E.E.Maria Peccioli Giannasi (ZS)<br \/>\n88 E.E Jos\u00e9 Alfredo de Almeida (Marilia)<br \/>\n89 E.E. Estela Borges Morato (Jardim Helena)<br \/>\n90 E.E. Azevedo Junior (Santos)<br \/>\n91 E.E. Parque Marajoara II (Santo Andr\u00e9)<br \/>\n92 E.E. Professor Nelson Pizzotti Mendes (Santo Andr\u00e9)<br \/>\n93 E.E. Professor Emygdio de Barros (Butant\u00e3)<br \/>\n94 E.E. Ayrton Busch (Bauru)<br \/>\n95 E.E. Sapopemba<br \/>\n96 E.E Cicero Antonio de S\u00e1 Ramalho (Itaquaquecetuba)<br \/>\n97 E.E. Professor Andronico de Mello (Zona Oeste)<br \/>\n98 E.E. Olindo Dartora (Caieiras)<br \/>\n99 E.E. Pl\u00ednio Negr\u00e3o (Zona Sul)<br \/>\n100 E.E. Professor Ciridi\u00e3o Buarque (Lapa)<br \/>\n101 E.E. Jesu\u00edno de Arruda (S\u00e3o Carlos)<br \/>\n102 E.E. Beatriz Caixeiro Del Cistia (Sorocaba)<br \/>\n103 E.E. Helio del Cistia (Sorocaba)<br \/>\n104 E.E. Antonio Vieira (Sorocaba)<br \/>\n105 E.E. Mario Guilherme Notari (Sorocaba)<br \/>\n106 E.E. Julio de Mesquita (Campinas)<br \/>\n107 E.E. Reverendo Eliseu Narciso (Campinas)<br \/>\n108 E.E. Arlindo Bittencourt (S\u00e3o Carlos)<br \/>\n109 E.E. Humberto de Campus (Sorocaba)<br \/>\n110 E.E. Antonio Vilela Junior (Campinas)<br \/>\n111 E.E. Irene Assis Saes (Santa Barbara d&#8217;Oeste)<br \/>\n112 E.E. Jamil Gadia (Campinas)<br \/>\n113 E.E. Riolando Canno (Diadema)<br \/>\n114 E.E. Rachid Jabur (Candido Mota)<br \/>\n115 E.E. Prof\u00aa. Etelvina de G\u00f3es Marcucci (Zona Sul)<br \/>\n116 E.E. Conselheiro Crispiano (Guarulhos)<br \/>\n117 E.E. Capit\u00e3o Amaral (Casa Verde)<br \/>\n118 E.E. Bar\u00e3o de Jundia\u00ed (Jundia\u00ed)<\/p>\n","protected":false},"excerpt":{"rendered":"<p>Mais uma vit\u00f3ria dos estudantes secundaristas de S\u00e3o Paulo: nesta segunda-feira (23), o Tribunal de Justi\u00e7a (TJ-SP) negou recurso movido pelo governo Alckmin (PSDB) pela reintegra\u00e7\u00e3o de posse de todas as escolas ocupadas no estado. Segundo o movimento \u201cN\u00e3o fechem minha escola\u201d, j\u00e1 s\u00e3o cerca de 120 escolas ocupadas contra a proposta de fechamento de [&hellip;]<\/p>\n","protected":false},"author":2,"featured_media":10685,"comment_status":"open","ping_status":"open","sticky":false,"template":"","format":"standard","meta":{"_acf_changed":false,"footnotes":""},"categories":[2208,654,1104,6],"tags":[2950,4617,3905],"class_list":{"0":"post-10684","1":"post","2":"type-post","3":"status-publish","4":"format-standard","5":"has-post-thumbnail","7":"category-educacao","8":"category-estados","9":"category-movimento","10":"category-noticias","11":"tag-alckmin","12":"tag-escolas-ocupadas","13":"tag-nao-fechem-minha-escola"},"acf":[],"yoast_head":"<!-- This site is optimized with the Yoast SEO plugin v26.5 - https:\/\/yoast.com\/wordpress\/plugins\/seo\/ -->\n<title>Justi\u00e7a rejeita recurso do governo Alckmin e estudantes seguem ocupando escolas em SP - PSOL 50<\/title>\n<meta name=\"robots\" content=\"index, follow, max-snippet:-1, max-image-preview:large, max-video-preview:-1\" \/>\n<link rel=\"canonical\" href=\"https:\/\/psol50.org.br\/justica-rejeita-recurso-do-governo-alckmin-e-estudantes-seguem-ocupando-escolas-em-sp\/\" \/>\n<meta property=\"og:locale\" content=\"pt_BR\" \/>\n<meta property=\"og:type\" content=\"article\" \/>\n<meta property=\"og:title\" content=\"Justi\u00e7a rejeita recurso do governo Alckmin e estudantes seguem ocupando escolas em SP - PSOL 50\" \/>\n<meta property=\"og:description\" content=\"Mais uma vit\u00f3ria dos estudantes secundaristas de S\u00e3o Paulo: nesta segunda-feira (23), o Tribunal de Justi\u00e7a (TJ-SP) negou recurso movido pelo governo Alckmin (PSDB) pela reintegra\u00e7\u00e3o de posse de todas as escolas ocupadas no estado. Segundo o movimento \u201cN\u00e3o fechem minha escola\u201d, j\u00e1 s\u00e3o cerca de 120 escolas ocupadas contra a proposta de fechamento de [&hellip;]\" \/>\n<meta property=\"og:url\" content=\"https:\/\/psol50.org.br\/justica-rejeita-recurso-do-governo-alckmin-e-estudantes-seguem-ocupando-escolas-em-sp\/\" \/>\n<meta property=\"og:site_name\" content=\"PSOL 50\" \/>\n<meta property=\"article:publisher\" content=\"https:\/\/www.facebook.com\/psol50\" \/>\n<meta property=\"article:published_time\" content=\"2015-11-23T17:24:08+00:00\" \/>\n<meta property=\"og:image\" content=\"https:\/\/psol50.org.br\/inc\/uploads\/2015\/11\/escolassp-rovena.rosa-agbrasil.jpg\" \/>\n\t<meta property=\"og:image:width\" content=\"580\" \/>\n\t<meta property=\"og:image:height\" content=\"388\" \/>\n\t<meta property=\"og:image:type\" content=\"image\/jpeg\" \/>\n<meta name=\"author\" content=\"Comunica\u00e7\u00e3o PSOL\" \/>\n<meta name=\"twitter:card\" content=\"summary_large_image\" \/>\n<meta name=\"twitter:creator\" content=\"@psol50\" \/>\n<meta name=\"twitter:site\" content=\"@psol50\" \/>\n<meta name=\"twitter:label1\" content=\"Escrito por\" \/>\n\t<meta name=\"twitter:data1\" content=\"Comunica\u00e7\u00e3o PSOL\" \/>\n\t<meta name=\"twitter:label2\" content=\"Est. tempo de leitura\" \/>\n\t<meta name=\"twitter:data2\" content=\"5 minutos\" \/>\n<script type=\"application\/ld+json\" class=\"yoast-schema-graph\">{\"@context\":\"https:\/\/schema.org\",\"@graph\":[{\"@type\":\"Article\",\"@id\":\"https:\/\/psol50.org.br\/justica-rejeita-recurso-do-governo-alckmin-e-estudantes-seguem-ocupando-escolas-em-sp\/#article\",\"isPartOf\":{\"@id\":\"https:\/\/psol50.org.br\/justica-rejeita-recurso-do-governo-alckmin-e-estudantes-seguem-ocupando-escolas-em-sp\/\"},\"author\":{\"name\":\"Comunica\u00e7\u00e3o PSOL\",\"@id\":\"https:\/\/psol50.org.br\/#\/schema\/person\/475dfa57d0b815993c714c2e96491fcd\"},\"headline\":\"Justi\u00e7a rejeita recurso do governo Alckmin e estudantes seguem ocupando escolas em SP\",\"datePublished\":\"2015-11-23T17:24:08+00:00\",\"mainEntityOfPage\":{\"@id\":\"https:\/\/psol50.org.br\/justica-rejeita-recurso-do-governo-alckmin-e-estudantes-seguem-ocupando-escolas-em-sp\/\"},\"wordCount\":996,\"commentCount\":0,\"publisher\":{\"@id\":\"https:\/\/psol50.org.br\/#organization\"},\"image\":{\"@id\":\"https:\/\/psol50.org.br\/justica-rejeita-recurso-do-governo-alckmin-e-estudantes-seguem-ocupando-escolas-em-sp\/#primaryimage\"},\"thumbnailUrl\":\"https:\/\/psol50.org.br\/inc\/uploads\/2015\/11\/escolassp-rovena.rosa-agbrasil.jpg\",\"keywords\":[\"Alckmin\",\"Escolas ocupadas\",\"N\u00e3o fechem minha escola\"],\"articleSection\":[\"Educa\u00e7\u00e3o\",\"Estados\",\"Movimento\",\"Not\u00edcias\"],\"inLanguage\":\"pt-BR\",\"potentialAction\":[{\"@type\":\"CommentAction\",\"name\":\"Comment\",\"target\":[\"https:\/\/psol50.org.br\/justica-rejeita-recurso-do-governo-alckmin-e-estudantes-seguem-ocupando-escolas-em-sp\/#respond\"]}]},{\"@type\":\"WebPage\",\"@id\":\"https:\/\/psol50.org.br\/justica-rejeita-recurso-do-governo-alckmin-e-estudantes-seguem-ocupando-escolas-em-sp\/\",\"url\":\"https:\/\/psol50.org.br\/justica-rejeita-recurso-do-governo-alckmin-e-estudantes-seguem-ocupando-escolas-em-sp\/\",\"name\":\"Justi\u00e7a rejeita recurso do governo Alckmin e estudantes seguem ocupando escolas em SP - PSOL 50\",\"isPartOf\":{\"@id\":\"https:\/\/psol50.org.br\/#website\"},\"primaryImageOfPage\":{\"@id\":\"https:\/\/psol50.org.br\/justica-rejeita-recurso-do-governo-alckmin-e-estudantes-seguem-ocupando-escolas-em-sp\/#primaryimage\"},\"image\":{\"@id\":\"https:\/\/psol50.org.br\/justica-rejeita-recurso-do-governo-alckmin-e-estudantes-seguem-ocupando-escolas-em-sp\/#primaryimage\"},\"thumbnailUrl\":\"https:\/\/psol50.org.br\/inc\/uploads\/2015\/11\/escolassp-rovena.rosa-agbrasil.jpg\",\"datePublished\":\"2015-11-23T17:24:08+00:00\",\"breadcrumb\":{\"@id\":\"https:\/\/psol50.org.br\/justica-rejeita-recurso-do-governo-alckmin-e-estudantes-seguem-ocupando-escolas-em-sp\/#breadcrumb\"},\"inLanguage\":\"pt-BR\",\"potentialAction\":[{\"@type\":\"ReadAction\",\"target\":[\"https:\/\/psol50.org.br\/justica-rejeita-recurso-do-governo-alckmin-e-estudantes-seguem-ocupando-escolas-em-sp\/\"]}]},{\"@type\":\"ImageObject\",\"inLanguage\":\"pt-BR\",\"@id\":\"https:\/\/psol50.org.br\/justica-rejeita-recurso-do-governo-alckmin-e-estudantes-seguem-ocupando-escolas-em-sp\/#primaryimage\",\"url\":\"https:\/\/psol50.org.br\/inc\/uploads\/2015\/11\/escolassp-rovena.rosa-agbrasil.jpg\",\"contentUrl\":\"https:\/\/psol50.org.br\/inc\/uploads\/2015\/11\/escolassp-rovena.rosa-agbrasil.jpg\",\"width\":580,\"height\":388,\"caption\":\"Cr\u00e9ditos: Rovena Rosa\/Ag\u00eancia Brasil\"},{\"@type\":\"BreadcrumbList\",\"@id\":\"https:\/\/psol50.org.br\/justica-rejeita-recurso-do-governo-alckmin-e-estudantes-seguem-ocupando-escolas-em-sp\/#breadcrumb\",\"itemListElement\":[{\"@type\":\"ListItem\",\"position\":1,\"name\":\"In\u00edcio\",\"item\":\"https:\/\/psol50.org.br\/\"},{\"@type\":\"ListItem\",\"position\":2,\"name\":\"Justi\u00e7a rejeita recurso do governo Alckmin e estudantes seguem ocupando escolas em SP\"}]},{\"@type\":\"WebSite\",\"@id\":\"https:\/\/psol50.org.br\/#website\",\"url\":\"https:\/\/psol50.org.br\/\",\"name\":\"PSOL 50\",\"description\":\"Site oficial do Partido Socialismo e Liberdade\",\"publisher\":{\"@id\":\"https:\/\/psol50.org.br\/#organization\"},\"alternateName\":\"PSOL50\",\"potentialAction\":[{\"@type\":\"SearchAction\",\"target\":{\"@type\":\"EntryPoint\",\"urlTemplate\":\"https:\/\/psol50.org.br\/?s={search_term_string}\"},\"query-input\":{\"@type\":\"PropertyValueSpecification\",\"valueRequired\":true,\"valueName\":\"search_term_string\"}}],\"inLanguage\":\"pt-BR\"},{\"@type\":\"Organization\",\"@id\":\"https:\/\/psol50.org.br\/#organization\",\"name\":\"PSOL 50\",\"alternateName\":\"PSOL 50\",\"url\":\"https:\/\/psol50.org.br\/\",\"logo\":{\"@type\":\"ImageObject\",\"inLanguage\":\"pt-BR\",\"@id\":\"https:\/\/psol50.org.br\/#\/schema\/logo\/image\/\",\"url\":\"https:\/\/psol50.org.br\/inc\/uploads\/2018\/07\/capa.png\",\"contentUrl\":\"https:\/\/psol50.org.br\/inc\/uploads\/2018\/07\/capa.png\",\"width\":1350,\"height\":900,\"caption\":\"PSOL 50\"},\"image\":{\"@id\":\"https:\/\/psol50.org.br\/#\/schema\/logo\/image\/\"},\"sameAs\":[\"https:\/\/www.facebook.com\/psol50\",\"https:\/\/x.com\/psol50\",\"https:\/\/www.instagram.com\/psol50\/\",\"https:\/\/www.youtube.com\/channel\/UC7SnJS5o1os7a6CaiNabzcg\"]},{\"@type\":\"Person\",\"@id\":\"https:\/\/psol50.org.br\/#\/schema\/person\/475dfa57d0b815993c714c2e96491fcd\",\"name\":\"Comunica\u00e7\u00e3o PSOL\",\"image\":{\"@type\":\"ImageObject\",\"inLanguage\":\"pt-BR\",\"@id\":\"https:\/\/psol50.org.br\/#\/schema\/person\/image\/\",\"url\":\"https:\/\/secure.gravatar.com\/avatar\/b34fc4f4e468a4e51785917065a3db57b841f5c95dba6ad8c73aaf8f66f8f9bf?s=96&d=mm&r=g\",\"contentUrl\":\"https:\/\/secure.gravatar.com\/avatar\/b34fc4f4e468a4e51785917065a3db57b841f5c95dba6ad8c73aaf8f66f8f9bf?s=96&d=mm&r=g\",\"caption\":\"Comunica\u00e7\u00e3o PSOL\"}}]}<\/script>\n<!-- \/ Yoast SEO plugin. -->","yoast_head_json":{"title":"Justi\u00e7a rejeita recurso do governo Alckmin e estudantes seguem ocupando escolas em SP - PSOL 50","robots":{"index":"index","follow":"follow","max-snippet":"max-snippet:-1","max-image-preview":"max-image-preview:large","max-video-preview":"max-video-preview:-1"},"canonical":"https:\/\/psol50.org.br\/justica-rejeita-recurso-do-governo-alckmin-e-estudantes-seguem-ocupando-escolas-em-sp\/","og_locale":"pt_BR","og_type":"article","og_title":"Justi\u00e7a rejeita recurso do governo Alckmin e estudantes seguem ocupando escolas em SP - PSOL 50","og_description":"Mais uma vit\u00f3ria dos estudantes secundaristas de S\u00e3o Paulo: nesta segunda-feira (23), o Tribunal de Justi\u00e7a (TJ-SP) negou recurso movido pelo governo Alckmin (PSDB) pela reintegra\u00e7\u00e3o de posse de todas as escolas ocupadas no estado. Segundo o movimento \u201cN\u00e3o fechem minha escola\u201d, j\u00e1 s\u00e3o cerca de 120 escolas ocupadas contra a proposta de fechamento de [&hellip;]","og_url":"https:\/\/psol50.org.br\/justica-rejeita-recurso-do-governo-alckmin-e-estudantes-seguem-ocupando-escolas-em-sp\/","og_site_name":"PSOL 50","article_publisher":"https:\/\/www.facebook.com\/psol50","article_published_time":"2015-11-23T17:24:08+00:00","og_image":[{"width":580,"height":388,"url":"https:\/\/psol50.org.br\/inc\/uploads\/2015\/11\/escolassp-rovena.rosa-agbrasil.jpg","type":"image\/jpeg"}],"author":"Comunica\u00e7\u00e3o PSOL","twitter_card":"summary_large_image","twitter_creator":"@psol50","twitter_site":"@psol50","twitter_misc":{"Escrito por":"Comunica\u00e7\u00e3o PSOL","Est. tempo de leitura":"5 minutos"},"schema":{"@context":"https:\/\/schema.org","@graph":[{"@type":"Article","@id":"https:\/\/psol50.org.br\/justica-rejeita-recurso-do-governo-alckmin-e-estudantes-seguem-ocupando-escolas-em-sp\/#article","isPartOf":{"@id":"https:\/\/psol50.org.br\/justica-rejeita-recurso-do-governo-alckmin-e-estudantes-seguem-ocupando-escolas-em-sp\/"},"author":{"name":"Comunica\u00e7\u00e3o PSOL","@id":"https:\/\/psol50.org.br\/#\/schema\/person\/475dfa57d0b815993c714c2e96491fcd"},"headline":"Justi\u00e7a rejeita recurso do governo Alckmin e estudantes seguem ocupando escolas em SP","datePublished":"2015-11-23T17:24:08+00:00","mainEntityOfPage":{"@id":"https:\/\/psol50.org.br\/justica-rejeita-recurso-do-governo-alckmin-e-estudantes-seguem-ocupando-escolas-em-sp\/"},"wordCount":996,"commentCount":0,"publisher":{"@id":"https:\/\/psol50.org.br\/#organization"},"image":{"@id":"https:\/\/psol50.org.br\/justica-rejeita-recurso-do-governo-alckmin-e-estudantes-seguem-ocupando-escolas-em-sp\/#primaryimage"},"thumbnailUrl":"https:\/\/psol50.org.br\/inc\/uploads\/2015\/11\/escolassp-rovena.rosa-agbrasil.jpg","keywords":["Alckmin","Escolas ocupadas","N\u00e3o fechem minha escola"],"articleSection":["Educa\u00e7\u00e3o","Estados","Movimento","Not\u00edcias"],"inLanguage":"pt-BR","potentialAction":[{"@type":"CommentAction","name":"Comment","target":["https:\/\/psol50.org.br\/justica-rejeita-recurso-do-governo-alckmin-e-estudantes-seguem-ocupando-escolas-em-sp\/#respond"]}]},{"@type":"WebPage","@id":"https:\/\/psol50.org.br\/justica-rejeita-recurso-do-governo-alckmin-e-estudantes-seguem-ocupando-escolas-em-sp\/","url":"https:\/\/psol50.org.br\/justica-rejeita-recurso-do-governo-alckmin-e-estudantes-seguem-ocupando-escolas-em-sp\/","name":"Justi\u00e7a rejeita recurso do governo Alckmin e estudantes seguem ocupando escolas em SP - PSOL 50","isPartOf":{"@id":"https:\/\/psol50.org.br\/#website"},"primaryImageOfPage":{"@id":"https:\/\/psol50.org.br\/justica-rejeita-recurso-do-governo-alckmin-e-estudantes-seguem-ocupando-escolas-em-sp\/#primaryimage"},"image":{"@id":"https:\/\/psol50.org.br\/justica-rejeita-recurso-do-governo-alckmin-e-estudantes-seguem-ocupando-escolas-em-sp\/#primaryimage"},"thumbnailUrl":"https:\/\/psol50.org.br\/inc\/uploads\/2015\/11\/escolassp-rovena.rosa-agbrasil.jpg","datePublished":"2015-11-23T17:24:08+00:00","breadcrumb":{"@id":"https:\/\/psol50.org.br\/justica-rejeita-recurso-do-governo-alckmin-e-estudantes-seguem-ocupando-escolas-em-sp\/#breadcrumb"},"inLanguage":"pt-BR","potentialAction":[{"@type":"ReadAction","target":["https:\/\/psol50.org.br\/justica-rejeita-recurso-do-governo-alckmin-e-estudantes-seguem-ocupando-escolas-em-sp\/"]}]},{"@type":"ImageObject","inLanguage":"pt-BR","@id":"https:\/\/psol50.org.br\/justica-rejeita-recurso-do-governo-alckmin-e-estudantes-seguem-ocupando-escolas-em-sp\/#primaryimage","url":"https:\/\/psol50.org.br\/inc\/uploads\/2015\/11\/escolassp-rovena.rosa-agbrasil.jpg","contentUrl":"https:\/\/psol50.org.br\/inc\/uploads\/2015\/11\/escolassp-rovena.rosa-agbrasil.jpg","width":580,"height":388,"caption":"Cr\u00e9ditos: Rovena Rosa\/Ag\u00eancia Brasil"},{"@type":"BreadcrumbList","@id":"https:\/\/psol50.org.br\/justica-rejeita-recurso-do-governo-alckmin-e-estudantes-seguem-ocupando-escolas-em-sp\/#breadcrumb","itemListElement":[{"@type":"ListItem","position":1,"name":"In\u00edcio","item":"https:\/\/psol50.org.br\/"},{"@type":"ListItem","position":2,"name":"Justi\u00e7a rejeita recurso do governo Alckmin e estudantes seguem ocupando escolas em SP"}]},{"@type":"WebSite","@id":"https:\/\/psol50.org.br\/#website","url":"https:\/\/psol50.org.br\/","name":"PSOL 50","description":"Site oficial do Partido Socialismo e Liberdade","publisher":{"@id":"https:\/\/psol50.org.br\/#organization"},"alternateName":"PSOL50","potentialAction":[{"@type":"SearchAction","target":{"@type":"EntryPoint","urlTemplate":"https:\/\/psol50.org.br\/?s={search_term_string}"},"query-input":{"@type":"PropertyValueSpecification","valueRequired":true,"valueName":"search_term_string"}}],"inLanguage":"pt-BR"},{"@type":"Organization","@id":"https:\/\/psol50.org.br\/#organization","name":"PSOL 50","alternateName":"PSOL 50","url":"https:\/\/psol50.org.br\/","logo":{"@type":"ImageObject","inLanguage":"pt-BR","@id":"https:\/\/psol50.org.br\/#\/schema\/logo\/image\/","url":"https:\/\/psol50.org.br\/inc\/uploads\/2018\/07\/capa.png","contentUrl":"https:\/\/psol50.org.br\/inc\/uploads\/2018\/07\/capa.png","width":1350,"height":900,"caption":"PSOL 50"},"image":{"@id":"https:\/\/psol50.org.br\/#\/schema\/logo\/image\/"},"sameAs":["https:\/\/www.facebook.com\/psol50","https:\/\/x.com\/psol50","https:\/\/www.instagram.com\/psol50\/","https:\/\/www.youtube.com\/channel\/UC7SnJS5o1os7a6CaiNabzcg"]},{"@type":"Person","@id":"https:\/\/psol50.org.br\/#\/schema\/person\/475dfa57d0b815993c714c2e96491fcd","name":"Comunica\u00e7\u00e3o PSOL","image":{"@type":"ImageObject","inLanguage":"pt-BR","@id":"https:\/\/psol50.org.br\/#\/schema\/person\/image\/","url":"https:\/\/secure.gravatar.com\/avatar\/b34fc4f4e468a4e51785917065a3db57b841f5c95dba6ad8c73aaf8f66f8f9bf?s=96&d=mm&r=g","contentUrl":"https:\/\/secure.gravatar.com\/avatar\/b34fc4f4e468a4e51785917065a3db57b841f5c95dba6ad8c73aaf8f66f8f9bf?s=96&d=mm&r=g","caption":"Comunica\u00e7\u00e3o PSOL"}}]}},"_links":{"self":[{"href":"https:\/\/psol50.org.br\/rest\/wp\/v2\/posts\/10684","targetHints":{"allow":["GET"]}}],"collection":[{"href":"https:\/\/psol50.org.br\/rest\/wp\/v2\/posts"}],"about":[{"href":"https:\/\/psol50.org.br\/rest\/wp\/v2\/types\/post"}],"author":[{"embeddable":true,"href":"https:\/\/psol50.org.br\/rest\/wp\/v2\/users\/2"}],"replies":[{"embeddable":true,"href":"https:\/\/psol50.org.br\/rest\/wp\/v2\/comments?post=10684"}],"version-history":[{"count":0,"href":"https:\/\/psol50.org.br\/rest\/wp\/v2\/posts\/10684\/revisions"}],"wp:featuredmedia":[{"embeddable":true,"href":"https:\/\/psol50.org.br\/rest\/wp\/v2\/media\/10685"}],"wp:attachment":[{"href":"https:\/\/psol50.org.br\/rest\/wp\/v2\/media?parent=10684"}],"wp:term":[{"taxonomy":"category","embeddable":true,"href":"https:\/\/psol50.org.br\/rest\/wp\/v2\/categories?post=10684"},{"taxonomy":"post_tag","embeddable":true,"href":"https:\/\/psol50.org.br\/rest\/wp\/v2\/tags?post=10684"}],"curies":[{"name":"wp","href":"https:\/\/api.w.org\/{rel}","templated":true}]}}