{"id":10716,"date":"2015-11-24T20:42:14","date_gmt":"2015-11-24T20:42:14","guid":{"rendered":"http:\/\/www.psol50.org.br\/?p=10716"},"modified":"2015-11-24T20:42:14","modified_gmt":"2015-11-24T20:42:14","slug":"franca-medidas-de-emergencia-devem-proteger-populacao-sem-atacar-direitos-humanos","status":"publish","type":"post","link":"https:\/\/psol50.org.br\/franca-medidas-de-emergencia-devem-proteger-populacao-sem-atacar-direitos-humanos\/","title":{"rendered":"Fran\u00e7a: medidas de emerg\u00eancia devem proteger popula\u00e7\u00e3o sem atacar direitos humanos"},"content":{"rendered":"<p>As medidas de emerg\u00eancia que est\u00e3o tramitando com toda a pressa no Parlamento franc\u00eas ap\u00f3s os atrozes atentados de Paris n\u00e3o devem se converter em um elemento do arsenal antiterrorista da Fran\u00e7a, advertiu a Anistia Internacional na \u00faltima quinta-feira (19).<br \/>\n\u201cNesses momentos, a prote\u00e7\u00e3o da popula\u00e7\u00e3o frente a novos ataques iminentes \u00e9, com raz\u00e3o, a prioridade n\u00famero um. Mas os poderes de emerg\u00eancia que est\u00e3o tramitando com toda pressa no Parlamento outorgam um amplo aumento dos poderes do Executivo<em>,<\/em> \u00e0s custas de salvaguardas fundamentais dos direitos humanos. Esses poderes s\u00f3 devem ser utilizados quando estritamente necess\u00e1rios e n\u00e3o devem se converter em uma adi\u00e7\u00e3o permanente ao arsenal antiterrorista da Fran\u00e7a\u201d, declarou John Dalhuisen, diretor do Programa para a Europa e \u00c1sia Central da Anistia Internacional.<br \/>\nSegundo a organiza\u00e7\u00e3o, o projeto de lei proposto\u00a0no dia 18 de novembro amplia o estado de exce\u00e7\u00e3o por tr\u00eas meses e inclui uma s\u00e9rie de medidas adicionais. Entre elas, poderes para realizar registros domiciliares e impor pris\u00f5es domiciliares sem necessidade de autoriza\u00e7\u00e3o judicial. Tamb\u00e9m foram ampliados os poderes para proibir associa\u00e7\u00f5es de forma permanente e manifesta\u00e7\u00f5es p\u00fablicas.<br \/>\nPara a Anistia, medidas como essas podem ser admiss\u00edveis somente em um estado de exce\u00e7\u00e3o declarado formalmente, j\u00e1 que se separam do direito penal ordin\u00e1rio e restringem liberdades civis e direitos humanos. Tamb\u00e9m devem ser tempor\u00e1rias, submetidas \u00e0 vigil\u00e2ncia e utilizadas com parcim\u00f4nia, somente quando absolutamente necess\u00e1rias.<br \/>\n\u201c\u00c0 medida que passam os dias e que os corpos encarregados de fazer cumprir a lei tanto na Fran\u00e7a como em toda a regi\u00e3o trabalham com dilig\u00eancia para levar os respons\u00e1veis \u00e0 justi\u00e7a e evitar amea\u00e7as iminentes, ser\u00e1 preciso reavaliar cuidadosamente a necessidade de poderes de emerg\u00eancia que se apartem do direito ordin\u00e1rio e transgridam direitos humanos\u201d, disse John Dalhuisen.<br \/>\nEntre as mudan\u00e7as legislativas de longo prazo mais problem\u00e1ticas propostas pelo presidente Fran\u00e7ois Hollande est\u00e1 uma revis\u00e3o das regras sobre o uso da for\u00e7a letal e uma amplia\u00e7\u00e3o dos poderes de vigil\u00e2ncia na Fran\u00e7a. O presidente tamb\u00e9m prop\u00f4s privar da nacionalidade francesa as pessoas com dupla nacionalidade, proibir a entrada e perman\u00eancia no pa\u00eds de determinadas pessoas e recorrer a m\u00e9todos acelerados de expuls\u00e3o para os estrangeiros considerados suspeitos de ser uma amea\u00e7a \u00e0 seguran\u00e7a nacional.<br \/>\n\u201cFrequentemente temos presenciado como medidas de emerg\u00eancia se ampliam e se codificam at\u00e9 converterem-se em parte integrante do direito ordin\u00e1rio, reduzindo cada vez mais os direitos humanos. Em longo prazo, a perniciosa ideologia que submerge sob os atentados de Paris s\u00f3 poder\u00e1 ser derrotada defendendo e sustentando os valores que fundaram a Rep\u00fablica Francesa\u201d, declarou John Dalhuisen.<br \/>\nFonte: <em><a href=\"https:\/\/anistia.org.br\/?no-high\">Anistia Internacional<\/a><\/em><br \/>\n&nbsp;<\/p>\n","protected":false},"excerpt":{"rendered":"<p>As medidas de emerg\u00eancia que est\u00e3o tramitando com toda a pressa no Parlamento franc\u00eas ap\u00f3s os atrozes atentados de Paris n\u00e3o devem se converter em um elemento do arsenal antiterrorista da Fran\u00e7a, advertiu a Anistia Internacional na \u00faltima quinta-feira (19). \u201cNesses momentos, a prote\u00e7\u00e3o da popula\u00e7\u00e3o frente a novos ataques iminentes \u00e9, com raz\u00e3o, a [&hellip;]<\/p>\n","protected":false},"author":2,"featured_media":10717,"comment_status":"open","ping_status":"open","sticky":false,"template":"","format":"standard","meta":{"_acf_changed":false,"footnotes":""},"categories":[836],"tags":[2420,4915,4916,534,983,4917],"class_list":{"0":"post-10716","1":"post","2":"type-post","3":"status-publish","4":"format-standard","5":"has-post-thumbnail","7":"category-internacional","8":"tag-anistia-internacional","9":"tag-antiterrorista","10":"tag-atentados","11":"tag-direitos-humanos","12":"tag-franca","13":"tag-francois-hollande"},"acf":[],"yoast_head":"<!-- This site is optimized with the Yoast SEO plugin v26.5 - https:\/\/yoast.com\/wordpress\/plugins\/seo\/ -->\n<title>Fran\u00e7a: medidas de emerg\u00eancia devem proteger popula\u00e7\u00e3o sem atacar direitos humanos - PSOL 50<\/title>\n<meta name=\"robots\" content=\"index, follow, max-snippet:-1, max-image-preview:large, max-video-preview:-1\" \/>\n<link rel=\"canonical\" href=\"https:\/\/psol50.org.br\/franca-medidas-de-emergencia-devem-proteger-populacao-sem-atacar-direitos-humanos\/\" \/>\n<meta property=\"og:locale\" content=\"pt_BR\" \/>\n<meta property=\"og:type\" content=\"article\" \/>\n<meta property=\"og:title\" content=\"Fran\u00e7a: medidas de emerg\u00eancia devem proteger popula\u00e7\u00e3o sem atacar direitos humanos - PSOL 50\" \/>\n<meta property=\"og:description\" content=\"As medidas de emerg\u00eancia que est\u00e3o tramitando com toda a pressa no Parlamento franc\u00eas ap\u00f3s os atrozes atentados de Paris n\u00e3o devem se converter em um elemento do arsenal antiterrorista da Fran\u00e7a, advertiu a Anistia Internacional na \u00faltima quinta-feira (19). \u201cNesses momentos, a prote\u00e7\u00e3o da popula\u00e7\u00e3o frente a novos ataques iminentes \u00e9, com raz\u00e3o, a [&hellip;]\" \/>\n<meta property=\"og:url\" content=\"https:\/\/psol50.org.br\/franca-medidas-de-emergencia-devem-proteger-populacao-sem-atacar-direitos-humanos\/\" \/>\n<meta property=\"og:site_name\" content=\"PSOL 50\" \/>\n<meta property=\"article:publisher\" content=\"https:\/\/www.facebook.com\/psol50\" \/>\n<meta property=\"article:published_time\" content=\"2015-11-24T20:42:14+00:00\" \/>\n<meta property=\"og:image\" content=\"https:\/\/psol50.org.br\/inc\/uploads\/2015\/11\/paris-atentatdos-2-e1448893418698.jpg\" \/>\n\t<meta property=\"og:image:width\" content=\"1000\" \/>\n\t<meta property=\"og:image:height\" content=\"667\" \/>\n\t<meta property=\"og:image:type\" content=\"image\/jpeg\" \/>\n<meta name=\"author\" content=\"Comunica\u00e7\u00e3o PSOL\" \/>\n<meta name=\"twitter:card\" content=\"summary_large_image\" \/>\n<meta name=\"twitter:creator\" content=\"@psol50\" \/>\n<meta name=\"twitter:site\" content=\"@psol50\" \/>\n<meta name=\"twitter:label1\" content=\"Escrito por\" \/>\n\t<meta name=\"twitter:data1\" content=\"Comunica\u00e7\u00e3o PSOL\" \/>\n\t<meta name=\"twitter:label2\" content=\"Est. tempo de leitura\" \/>\n\t<meta name=\"twitter:data2\" content=\"2 minutos\" \/>\n<script type=\"application\/ld+json\" class=\"yoast-schema-graph\">{\"@context\":\"https:\/\/schema.org\",\"@graph\":[{\"@type\":\"Article\",\"@id\":\"https:\/\/psol50.org.br\/franca-medidas-de-emergencia-devem-proteger-populacao-sem-atacar-direitos-humanos\/#article\",\"isPartOf\":{\"@id\":\"https:\/\/psol50.org.br\/franca-medidas-de-emergencia-devem-proteger-populacao-sem-atacar-direitos-humanos\/\"},\"author\":{\"name\":\"Comunica\u00e7\u00e3o PSOL\",\"@id\":\"https:\/\/psol50.org.br\/#\/schema\/person\/475dfa57d0b815993c714c2e96491fcd\"},\"headline\":\"Fran\u00e7a: medidas de emerg\u00eancia devem proteger popula\u00e7\u00e3o sem atacar direitos humanos\",\"datePublished\":\"2015-11-24T20:42:14+00:00\",\"mainEntityOfPage\":{\"@id\":\"https:\/\/psol50.org.br\/franca-medidas-de-emergencia-devem-proteger-populacao-sem-atacar-direitos-humanos\/\"},\"wordCount\":495,\"commentCount\":0,\"publisher\":{\"@id\":\"https:\/\/psol50.org.br\/#organization\"},\"image\":{\"@id\":\"https:\/\/psol50.org.br\/franca-medidas-de-emergencia-devem-proteger-populacao-sem-atacar-direitos-humanos\/#primaryimage\"},\"thumbnailUrl\":\"https:\/\/psol50.org.br\/inc\/uploads\/2015\/11\/paris-atentatdos-2-e1448893418698.jpg\",\"keywords\":[\"Anistia Internacional\",\"antiterrorista\",\"atentados\",\"direitos humanos\",\"Fran\u00e7a\",\"Fran\u00e7ois Hollande\"],\"articleSection\":[\"Internacional\"],\"inLanguage\":\"pt-BR\",\"potentialAction\":[{\"@type\":\"CommentAction\",\"name\":\"Comment\",\"target\":[\"https:\/\/psol50.org.br\/franca-medidas-de-emergencia-devem-proteger-populacao-sem-atacar-direitos-humanos\/#respond\"]}]},{\"@type\":\"WebPage\",\"@id\":\"https:\/\/psol50.org.br\/franca-medidas-de-emergencia-devem-proteger-populacao-sem-atacar-direitos-humanos\/\",\"url\":\"https:\/\/psol50.org.br\/franca-medidas-de-emergencia-devem-proteger-populacao-sem-atacar-direitos-humanos\/\",\"name\":\"Fran\u00e7a: medidas de emerg\u00eancia devem proteger popula\u00e7\u00e3o sem atacar direitos humanos - PSOL 50\",\"isPartOf\":{\"@id\":\"https:\/\/psol50.org.br\/#website\"},\"primaryImageOfPage\":{\"@id\":\"https:\/\/psol50.org.br\/franca-medidas-de-emergencia-devem-proteger-populacao-sem-atacar-direitos-humanos\/#primaryimage\"},\"image\":{\"@id\":\"https:\/\/psol50.org.br\/franca-medidas-de-emergencia-devem-proteger-populacao-sem-atacar-direitos-humanos\/#primaryimage\"},\"thumbnailUrl\":\"https:\/\/psol50.org.br\/inc\/uploads\/2015\/11\/paris-atentatdos-2-e1448893418698.jpg\",\"datePublished\":\"2015-11-24T20:42:14+00:00\",\"breadcrumb\":{\"@id\":\"https:\/\/psol50.org.br\/franca-medidas-de-emergencia-devem-proteger-populacao-sem-atacar-direitos-humanos\/#breadcrumb\"},\"inLanguage\":\"pt-BR\",\"potentialAction\":[{\"@type\":\"ReadAction\",\"target\":[\"https:\/\/psol50.org.br\/franca-medidas-de-emergencia-devem-proteger-populacao-sem-atacar-direitos-humanos\/\"]}]},{\"@type\":\"ImageObject\",\"inLanguage\":\"pt-BR\",\"@id\":\"https:\/\/psol50.org.br\/franca-medidas-de-emergencia-devem-proteger-populacao-sem-atacar-direitos-humanos\/#primaryimage\",\"url\":\"https:\/\/psol50.org.br\/inc\/uploads\/2015\/11\/paris-atentatdos-2-e1448893418698.jpg\",\"contentUrl\":\"https:\/\/psol50.org.br\/inc\/uploads\/2015\/11\/paris-atentatdos-2-e1448893418698.jpg\",\"width\":1000,\"height\":667},{\"@type\":\"BreadcrumbList\",\"@id\":\"https:\/\/psol50.org.br\/franca-medidas-de-emergencia-devem-proteger-populacao-sem-atacar-direitos-humanos\/#breadcrumb\",\"itemListElement\":[{\"@type\":\"ListItem\",\"position\":1,\"name\":\"In\u00edcio\",\"item\":\"https:\/\/psol50.org.br\/\"},{\"@type\":\"ListItem\",\"position\":2,\"name\":\"Fran\u00e7a: medidas de emerg\u00eancia devem proteger popula\u00e7\u00e3o sem atacar direitos humanos\"}]},{\"@type\":\"WebSite\",\"@id\":\"https:\/\/psol50.org.br\/#website\",\"url\":\"https:\/\/psol50.org.br\/\",\"name\":\"PSOL 50\",\"description\":\"Site oficial do Partido Socialismo e Liberdade\",\"publisher\":{\"@id\":\"https:\/\/psol50.org.br\/#organization\"},\"alternateName\":\"PSOL50\",\"potentialAction\":[{\"@type\":\"SearchAction\",\"target\":{\"@type\":\"EntryPoint\",\"urlTemplate\":\"https:\/\/psol50.org.br\/?s={search_term_string}\"},\"query-input\":{\"@type\":\"PropertyValueSpecification\",\"valueRequired\":true,\"valueName\":\"search_term_string\"}}],\"inLanguage\":\"pt-BR\"},{\"@type\":\"Organization\",\"@id\":\"https:\/\/psol50.org.br\/#organization\",\"name\":\"PSOL 50\",\"alternateName\":\"PSOL 50\",\"url\":\"https:\/\/psol50.org.br\/\",\"logo\":{\"@type\":\"ImageObject\",\"inLanguage\":\"pt-BR\",\"@id\":\"https:\/\/psol50.org.br\/#\/schema\/logo\/image\/\",\"url\":\"https:\/\/psol50.org.br\/inc\/uploads\/2018\/07\/capa.png\",\"contentUrl\":\"https:\/\/psol50.org.br\/inc\/uploads\/2018\/07\/capa.png\",\"width\":1350,\"height\":900,\"caption\":\"PSOL 50\"},\"image\":{\"@id\":\"https:\/\/psol50.org.br\/#\/schema\/logo\/image\/\"},\"sameAs\":[\"https:\/\/www.facebook.com\/psol50\",\"https:\/\/x.com\/psol50\",\"https:\/\/www.instagram.com\/psol50\/\",\"https:\/\/www.youtube.com\/channel\/UC7SnJS5o1os7a6CaiNabzcg\"]},{\"@type\":\"Person\",\"@id\":\"https:\/\/psol50.org.br\/#\/schema\/person\/475dfa57d0b815993c714c2e96491fcd\",\"name\":\"Comunica\u00e7\u00e3o PSOL\",\"image\":{\"@type\":\"ImageObject\",\"inLanguage\":\"pt-BR\",\"@id\":\"https:\/\/psol50.org.br\/#\/schema\/person\/image\/\",\"url\":\"https:\/\/secure.gravatar.com\/avatar\/b34fc4f4e468a4e51785917065a3db57b841f5c95dba6ad8c73aaf8f66f8f9bf?s=96&d=mm&r=g\",\"contentUrl\":\"https:\/\/secure.gravatar.com\/avatar\/b34fc4f4e468a4e51785917065a3db57b841f5c95dba6ad8c73aaf8f66f8f9bf?s=96&d=mm&r=g\",\"caption\":\"Comunica\u00e7\u00e3o PSOL\"}}]}<\/script>\n<!-- \/ Yoast SEO plugin. -->","yoast_head_json":{"title":"Fran\u00e7a: medidas de emerg\u00eancia devem proteger popula\u00e7\u00e3o sem atacar direitos humanos - PSOL 50","robots":{"index":"index","follow":"follow","max-snippet":"max-snippet:-1","max-image-preview":"max-image-preview:large","max-video-preview":"max-video-preview:-1"},"canonical":"https:\/\/psol50.org.br\/franca-medidas-de-emergencia-devem-proteger-populacao-sem-atacar-direitos-humanos\/","og_locale":"pt_BR","og_type":"article","og_title":"Fran\u00e7a: medidas de emerg\u00eancia devem proteger popula\u00e7\u00e3o sem atacar direitos humanos - PSOL 50","og_description":"As medidas de emerg\u00eancia que est\u00e3o tramitando com toda a pressa no Parlamento franc\u00eas ap\u00f3s os atrozes atentados de Paris n\u00e3o devem se converter em um elemento do arsenal antiterrorista da Fran\u00e7a, advertiu a Anistia Internacional na \u00faltima quinta-feira (19). \u201cNesses momentos, a prote\u00e7\u00e3o da popula\u00e7\u00e3o frente a novos ataques iminentes \u00e9, com raz\u00e3o, a [&hellip;]","og_url":"https:\/\/psol50.org.br\/franca-medidas-de-emergencia-devem-proteger-populacao-sem-atacar-direitos-humanos\/","og_site_name":"PSOL 50","article_publisher":"https:\/\/www.facebook.com\/psol50","article_published_time":"2015-11-24T20:42:14+00:00","og_image":[{"width":1000,"height":667,"url":"https:\/\/psol50.org.br\/inc\/uploads\/2015\/11\/paris-atentatdos-2-e1448893418698.jpg","type":"image\/jpeg"}],"author":"Comunica\u00e7\u00e3o PSOL","twitter_card":"summary_large_image","twitter_creator":"@psol50","twitter_site":"@psol50","twitter_misc":{"Escrito por":"Comunica\u00e7\u00e3o PSOL","Est. tempo de leitura":"2 minutos"},"schema":{"@context":"https:\/\/schema.org","@graph":[{"@type":"Article","@id":"https:\/\/psol50.org.br\/franca-medidas-de-emergencia-devem-proteger-populacao-sem-atacar-direitos-humanos\/#article","isPartOf":{"@id":"https:\/\/psol50.org.br\/franca-medidas-de-emergencia-devem-proteger-populacao-sem-atacar-direitos-humanos\/"},"author":{"name":"Comunica\u00e7\u00e3o PSOL","@id":"https:\/\/psol50.org.br\/#\/schema\/person\/475dfa57d0b815993c714c2e96491fcd"},"headline":"Fran\u00e7a: medidas de emerg\u00eancia devem proteger popula\u00e7\u00e3o sem atacar direitos humanos","datePublished":"2015-11-24T20:42:14+00:00","mainEntityOfPage":{"@id":"https:\/\/psol50.org.br\/franca-medidas-de-emergencia-devem-proteger-populacao-sem-atacar-direitos-humanos\/"},"wordCount":495,"commentCount":0,"publisher":{"@id":"https:\/\/psol50.org.br\/#organization"},"image":{"@id":"https:\/\/psol50.org.br\/franca-medidas-de-emergencia-devem-proteger-populacao-sem-atacar-direitos-humanos\/#primaryimage"},"thumbnailUrl":"https:\/\/psol50.org.br\/inc\/uploads\/2015\/11\/paris-atentatdos-2-e1448893418698.jpg","keywords":["Anistia Internacional","antiterrorista","atentados","direitos humanos","Fran\u00e7a","Fran\u00e7ois Hollande"],"articleSection":["Internacional"],"inLanguage":"pt-BR","potentialAction":[{"@type":"CommentAction","name":"Comment","target":["https:\/\/psol50.org.br\/franca-medidas-de-emergencia-devem-proteger-populacao-sem-atacar-direitos-humanos\/#respond"]}]},{"@type":"WebPage","@id":"https:\/\/psol50.org.br\/franca-medidas-de-emergencia-devem-proteger-populacao-sem-atacar-direitos-humanos\/","url":"https:\/\/psol50.org.br\/franca-medidas-de-emergencia-devem-proteger-populacao-sem-atacar-direitos-humanos\/","name":"Fran\u00e7a: medidas de emerg\u00eancia devem proteger popula\u00e7\u00e3o sem atacar direitos humanos - PSOL 50","isPartOf":{"@id":"https:\/\/psol50.org.br\/#website"},"primaryImageOfPage":{"@id":"https:\/\/psol50.org.br\/franca-medidas-de-emergencia-devem-proteger-populacao-sem-atacar-direitos-humanos\/#primaryimage"},"image":{"@id":"https:\/\/psol50.org.br\/franca-medidas-de-emergencia-devem-proteger-populacao-sem-atacar-direitos-humanos\/#primaryimage"},"thumbnailUrl":"https:\/\/psol50.org.br\/inc\/uploads\/2015\/11\/paris-atentatdos-2-e1448893418698.jpg","datePublished":"2015-11-24T20:42:14+00:00","breadcrumb":{"@id":"https:\/\/psol50.org.br\/franca-medidas-de-emergencia-devem-proteger-populacao-sem-atacar-direitos-humanos\/#breadcrumb"},"inLanguage":"pt-BR","potentialAction":[{"@type":"ReadAction","target":["https:\/\/psol50.org.br\/franca-medidas-de-emergencia-devem-proteger-populacao-sem-atacar-direitos-humanos\/"]}]},{"@type":"ImageObject","inLanguage":"pt-BR","@id":"https:\/\/psol50.org.br\/franca-medidas-de-emergencia-devem-proteger-populacao-sem-atacar-direitos-humanos\/#primaryimage","url":"https:\/\/psol50.org.br\/inc\/uploads\/2015\/11\/paris-atentatdos-2-e1448893418698.jpg","contentUrl":"https:\/\/psol50.org.br\/inc\/uploads\/2015\/11\/paris-atentatdos-2-e1448893418698.jpg","width":1000,"height":667},{"@type":"BreadcrumbList","@id":"https:\/\/psol50.org.br\/franca-medidas-de-emergencia-devem-proteger-populacao-sem-atacar-direitos-humanos\/#breadcrumb","itemListElement":[{"@type":"ListItem","position":1,"name":"In\u00edcio","item":"https:\/\/psol50.org.br\/"},{"@type":"ListItem","position":2,"name":"Fran\u00e7a: medidas de emerg\u00eancia devem proteger popula\u00e7\u00e3o sem atacar direitos humanos"}]},{"@type":"WebSite","@id":"https:\/\/psol50.org.br\/#website","url":"https:\/\/psol50.org.br\/","name":"PSOL 50","description":"Site oficial do Partido Socialismo e Liberdade","publisher":{"@id":"https:\/\/psol50.org.br\/#organization"},"alternateName":"PSOL50","potentialAction":[{"@type":"SearchAction","target":{"@type":"EntryPoint","urlTemplate":"https:\/\/psol50.org.br\/?s={search_term_string}"},"query-input":{"@type":"PropertyValueSpecification","valueRequired":true,"valueName":"search_term_string"}}],"inLanguage":"pt-BR"},{"@type":"Organization","@id":"https:\/\/psol50.org.br\/#organization","name":"PSOL 50","alternateName":"PSOL 50","url":"https:\/\/psol50.org.br\/","logo":{"@type":"ImageObject","inLanguage":"pt-BR","@id":"https:\/\/psol50.org.br\/#\/schema\/logo\/image\/","url":"https:\/\/psol50.org.br\/inc\/uploads\/2018\/07\/capa.png","contentUrl":"https:\/\/psol50.org.br\/inc\/uploads\/2018\/07\/capa.png","width":1350,"height":900,"caption":"PSOL 50"},"image":{"@id":"https:\/\/psol50.org.br\/#\/schema\/logo\/image\/"},"sameAs":["https:\/\/www.facebook.com\/psol50","https:\/\/x.com\/psol50","https:\/\/www.instagram.com\/psol50\/","https:\/\/www.youtube.com\/channel\/UC7SnJS5o1os7a6CaiNabzcg"]},{"@type":"Person","@id":"https:\/\/psol50.org.br\/#\/schema\/person\/475dfa57d0b815993c714c2e96491fcd","name":"Comunica\u00e7\u00e3o PSOL","image":{"@type":"ImageObject","inLanguage":"pt-BR","@id":"https:\/\/psol50.org.br\/#\/schema\/person\/image\/","url":"https:\/\/secure.gravatar.com\/avatar\/b34fc4f4e468a4e51785917065a3db57b841f5c95dba6ad8c73aaf8f66f8f9bf?s=96&d=mm&r=g","contentUrl":"https:\/\/secure.gravatar.com\/avatar\/b34fc4f4e468a4e51785917065a3db57b841f5c95dba6ad8c73aaf8f66f8f9bf?s=96&d=mm&r=g","caption":"Comunica\u00e7\u00e3o PSOL"}}]}},"_links":{"self":[{"href":"https:\/\/psol50.org.br\/rest\/wp\/v2\/posts\/10716","targetHints":{"allow":["GET"]}}],"collection":[{"href":"https:\/\/psol50.org.br\/rest\/wp\/v2\/posts"}],"about":[{"href":"https:\/\/psol50.org.br\/rest\/wp\/v2\/types\/post"}],"author":[{"embeddable":true,"href":"https:\/\/psol50.org.br\/rest\/wp\/v2\/users\/2"}],"replies":[{"embeddable":true,"href":"https:\/\/psol50.org.br\/rest\/wp\/v2\/comments?post=10716"}],"version-history":[{"count":0,"href":"https:\/\/psol50.org.br\/rest\/wp\/v2\/posts\/10716\/revisions"}],"wp:featuredmedia":[{"embeddable":true,"href":"https:\/\/psol50.org.br\/rest\/wp\/v2\/media\/10717"}],"wp:attachment":[{"href":"https:\/\/psol50.org.br\/rest\/wp\/v2\/media?parent=10716"}],"wp:term":[{"taxonomy":"category","embeddable":true,"href":"https:\/\/psol50.org.br\/rest\/wp\/v2\/categories?post=10716"},{"taxonomy":"post_tag","embeddable":true,"href":"https:\/\/psol50.org.br\/rest\/wp\/v2\/tags?post=10716"}],"curies":[{"name":"wp","href":"https:\/\/api.w.org\/{rel}","templated":true}]}}