{"id":10731,"date":"2015-11-25T20:28:10","date_gmt":"2015-11-25T20:28:10","guid":{"rendered":"http:\/\/www.psol50.org.br\/?p=10731"},"modified":"2015-11-25T20:28:10","modified_gmt":"2015-11-25T20:28:10","slug":"apoiamos-o-aprofundamento-das-investigacoes-nota-da-bancada-do-psol-sobre-as-novas-prisoes-da-lava-jato","status":"publish","type":"post","link":"https:\/\/psol50.org.br\/apoiamos-o-aprofundamento-das-investigacoes-nota-da-bancada-do-psol-sobre-as-novas-prisoes-da-lava-jato\/","title":{"rendered":"\u201cApoiamos o aprofundamento das investiga\u00e7\u00f5es\u201d: Nota da bancada do PSOL sobre as novas pris\u00f5es da Lava Jato"},"content":{"rendered":"<p>As pris\u00f5es do senador Delc\u00eddio do Amaral (PT-MS), l\u00edder do governo no Senado, e do banqueiro Andr\u00e9 Esteves, do banco BTG Pactual, baseiam-se na grav\u00edssima acusa\u00e7\u00e3o de que agiram para interferir nas investiga\u00e7\u00f5es da Lava Jato. Trata-se de um esc\u00e2ndalo nacional que deve ser apurado e investigado at\u00e9 as \u00faltimas consequ\u00eancias, respeitadas as garantias constitucionais.<br \/>\nA den\u00fancia, lastreada em grava\u00e7\u00f5es apresentadas pelo relator dos processos da Lava Jato no STF, ministro Teori Zvascki, revelou que o senador Delc\u00eddio, em conluio com o banqueiro Esteves, teria oferecido o pagamento de uma mesada de R$ 50 mil e um plano de fuga do pa\u00eds para o ex-diretor da Petrobras Nestor Cerver\u00f3; tudo para que este n\u00e3o fechasse acordo de dela\u00e7\u00e3o premiada. O fato \u00e9 t\u00e3o grave que, pela primeira vez na hist\u00f3ria do pa\u00eds, resultou na pris\u00e3o de um senador em pleno exerc\u00edcio do mandato.<br \/>\nApoiamos o aprofundamento das investiga\u00e7\u00f5es, na expectativa de que sejam levadas at\u00e9 o fim, sem qualquer diferencia\u00e7\u00e3o entre os acusados, tendo prerrogativa de foro ou n\u00e3o.<br \/>\n<strong>Bancada do PSOL na C\u00e2mara dos Deputados<br \/>\nBras\u00edlia, 25 de novembro de 2015<\/strong><br \/>\n&nbsp;<\/p>\n","protected":false},"excerpt":{"rendered":"<p>As pris\u00f5es do senador Delc\u00eddio do Amaral (PT-MS), l\u00edder do governo no Senado, e do banqueiro Andr\u00e9 Esteves, do banco BTG Pactual, baseiam-se na grav\u00edssima acusa\u00e7\u00e3o de que agiram para interferir nas investiga\u00e7\u00f5es da Lava Jato. Trata-se de um esc\u00e2ndalo nacional que deve ser apurado e investigado at\u00e9 as \u00faltimas consequ\u00eancias, respeitadas as garantias constitucionais. [&hellip;]<\/p>\n","protected":false},"author":2,"featured_media":10732,"comment_status":"open","ping_status":"open","sticky":false,"template":"","format":"standard","meta":{"_acf_changed":false,"footnotes":""},"categories":[10,1882,6,14],"tags":[4919,2734,4057,976,202],"class_list":{"0":"post-10731","1":"post","2":"type-post","3":"status-publish","4":"format-standard","5":"has-post-thumbnail","7":"category-acao-parlamentares","8":"category-brasil","9":"category-noticias","10":"category-partido","11":"tag-andre-esteves","12":"tag-bancada-do-psol","13":"tag-delcidio-do-amaral","14":"tag-lava-jato","15":"tag-petrobras"},"acf":[],"yoast_head":"<!-- This site is optimized with the Yoast SEO plugin v26.5 - https:\/\/yoast.com\/wordpress\/plugins\/seo\/ -->\n<title>\u201cApoiamos o aprofundamento das investiga\u00e7\u00f5es\u201d: Nota da bancada do PSOL sobre as novas pris\u00f5es da Lava Jato - PSOL 50<\/title>\n<meta name=\"robots\" content=\"index, follow, max-snippet:-1, max-image-preview:large, max-video-preview:-1\" \/>\n<link rel=\"canonical\" href=\"https:\/\/psol50.org.br\/apoiamos-o-aprofundamento-das-investigacoes-nota-da-bancada-do-psol-sobre-as-novas-prisoes-da-lava-jato\/\" \/>\n<meta property=\"og:locale\" content=\"pt_BR\" \/>\n<meta property=\"og:type\" content=\"article\" \/>\n<meta property=\"og:title\" content=\"\u201cApoiamos o aprofundamento das investiga\u00e7\u00f5es\u201d: Nota da bancada do PSOL sobre as novas pris\u00f5es da Lava Jato - PSOL 50\" \/>\n<meta property=\"og:description\" content=\"As pris\u00f5es do senador Delc\u00eddio do Amaral (PT-MS), l\u00edder do governo no Senado, e do banqueiro Andr\u00e9 Esteves, do banco BTG Pactual, baseiam-se na grav\u00edssima acusa\u00e7\u00e3o de que agiram para interferir nas investiga\u00e7\u00f5es da Lava Jato. Trata-se de um esc\u00e2ndalo nacional que deve ser apurado e investigado at\u00e9 as \u00faltimas consequ\u00eancias, respeitadas as garantias constitucionais. [&hellip;]\" \/>\n<meta property=\"og:url\" content=\"https:\/\/psol50.org.br\/apoiamos-o-aprofundamento-das-investigacoes-nota-da-bancada-do-psol-sobre-as-novas-prisoes-da-lava-jato\/\" \/>\n<meta property=\"og:site_name\" content=\"PSOL 50\" \/>\n<meta property=\"article:publisher\" content=\"https:\/\/www.facebook.com\/psol50\" \/>\n<meta property=\"article:published_time\" content=\"2015-11-25T20:28:10+00:00\" \/>\n<meta property=\"og:image\" content=\"https:\/\/psol50.org.br\/inc\/uploads\/2015\/11\/Delcidio-e-Andre-Esteves-presos-Lava-Jato.jpg\" \/>\n\t<meta property=\"og:image:width\" content=\"640\" \/>\n\t<meta property=\"og:image:height\" content=\"426\" \/>\n\t<meta property=\"og:image:type\" content=\"image\/jpeg\" \/>\n<meta name=\"author\" content=\"Comunica\u00e7\u00e3o PSOL\" \/>\n<meta name=\"twitter:card\" content=\"summary_large_image\" \/>\n<meta name=\"twitter:creator\" content=\"@psol50\" \/>\n<meta name=\"twitter:site\" content=\"@psol50\" \/>\n<meta name=\"twitter:label1\" content=\"Escrito por\" \/>\n\t<meta name=\"twitter:data1\" content=\"Comunica\u00e7\u00e3o PSOL\" \/>\n\t<meta name=\"twitter:label2\" content=\"Est. tempo de leitura\" \/>\n\t<meta name=\"twitter:data2\" content=\"1 minuto\" \/>\n<script type=\"application\/ld+json\" class=\"yoast-schema-graph\">{\"@context\":\"https:\/\/schema.org\",\"@graph\":[{\"@type\":\"Article\",\"@id\":\"https:\/\/psol50.org.br\/apoiamos-o-aprofundamento-das-investigacoes-nota-da-bancada-do-psol-sobre-as-novas-prisoes-da-lava-jato\/#article\",\"isPartOf\":{\"@id\":\"https:\/\/psol50.org.br\/apoiamos-o-aprofundamento-das-investigacoes-nota-da-bancada-do-psol-sobre-as-novas-prisoes-da-lava-jato\/\"},\"author\":{\"name\":\"Comunica\u00e7\u00e3o PSOL\",\"@id\":\"https:\/\/psol50.org.br\/#\/schema\/person\/475dfa57d0b815993c714c2e96491fcd\"},\"headline\":\"\u201cApoiamos o aprofundamento das investiga\u00e7\u00f5es\u201d: Nota da bancada do PSOL sobre as novas pris\u00f5es da Lava Jato\",\"datePublished\":\"2015-11-25T20:28:10+00:00\",\"mainEntityOfPage\":{\"@id\":\"https:\/\/psol50.org.br\/apoiamos-o-aprofundamento-das-investigacoes-nota-da-bancada-do-psol-sobre-as-novas-prisoes-da-lava-jato\/\"},\"wordCount\":222,\"commentCount\":0,\"publisher\":{\"@id\":\"https:\/\/psol50.org.br\/#organization\"},\"image\":{\"@id\":\"https:\/\/psol50.org.br\/apoiamos-o-aprofundamento-das-investigacoes-nota-da-bancada-do-psol-sobre-as-novas-prisoes-da-lava-jato\/#primaryimage\"},\"thumbnailUrl\":\"https:\/\/psol50.org.br\/inc\/uploads\/2015\/11\/Delcidio-e-Andre-Esteves-presos-Lava-Jato.jpg\",\"keywords\":[\"Andr\u00e9 Esteves\",\"Bancada do PSOL\",\"Delc\u00eddio do Amaral\",\"Lava Jato\",\"Petrobras\"],\"articleSection\":[\"A\u00e7\u00e3o Parlamentar\",\"Brasil\",\"Not\u00edcias\",\"Partido\"],\"inLanguage\":\"pt-BR\",\"potentialAction\":[{\"@type\":\"CommentAction\",\"name\":\"Comment\",\"target\":[\"https:\/\/psol50.org.br\/apoiamos-o-aprofundamento-das-investigacoes-nota-da-bancada-do-psol-sobre-as-novas-prisoes-da-lava-jato\/#respond\"]}]},{\"@type\":\"WebPage\",\"@id\":\"https:\/\/psol50.org.br\/apoiamos-o-aprofundamento-das-investigacoes-nota-da-bancada-do-psol-sobre-as-novas-prisoes-da-lava-jato\/\",\"url\":\"https:\/\/psol50.org.br\/apoiamos-o-aprofundamento-das-investigacoes-nota-da-bancada-do-psol-sobre-as-novas-prisoes-da-lava-jato\/\",\"name\":\"\u201cApoiamos o aprofundamento das investiga\u00e7\u00f5es\u201d: Nota da bancada do PSOL sobre as novas pris\u00f5es da Lava Jato - PSOL 50\",\"isPartOf\":{\"@id\":\"https:\/\/psol50.org.br\/#website\"},\"primaryImageOfPage\":{\"@id\":\"https:\/\/psol50.org.br\/apoiamos-o-aprofundamento-das-investigacoes-nota-da-bancada-do-psol-sobre-as-novas-prisoes-da-lava-jato\/#primaryimage\"},\"image\":{\"@id\":\"https:\/\/psol50.org.br\/apoiamos-o-aprofundamento-das-investigacoes-nota-da-bancada-do-psol-sobre-as-novas-prisoes-da-lava-jato\/#primaryimage\"},\"thumbnailUrl\":\"https:\/\/psol50.org.br\/inc\/uploads\/2015\/11\/Delcidio-e-Andre-Esteves-presos-Lava-Jato.jpg\",\"datePublished\":\"2015-11-25T20:28:10+00:00\",\"breadcrumb\":{\"@id\":\"https:\/\/psol50.org.br\/apoiamos-o-aprofundamento-das-investigacoes-nota-da-bancada-do-psol-sobre-as-novas-prisoes-da-lava-jato\/#breadcrumb\"},\"inLanguage\":\"pt-BR\",\"potentialAction\":[{\"@type\":\"ReadAction\",\"target\":[\"https:\/\/psol50.org.br\/apoiamos-o-aprofundamento-das-investigacoes-nota-da-bancada-do-psol-sobre-as-novas-prisoes-da-lava-jato\/\"]}]},{\"@type\":\"ImageObject\",\"inLanguage\":\"pt-BR\",\"@id\":\"https:\/\/psol50.org.br\/apoiamos-o-aprofundamento-das-investigacoes-nota-da-bancada-do-psol-sobre-as-novas-prisoes-da-lava-jato\/#primaryimage\",\"url\":\"https:\/\/psol50.org.br\/inc\/uploads\/2015\/11\/Delcidio-e-Andre-Esteves-presos-Lava-Jato.jpg\",\"contentUrl\":\"https:\/\/psol50.org.br\/inc\/uploads\/2015\/11\/Delcidio-e-Andre-Esteves-presos-Lava-Jato.jpg\",\"width\":640,\"height\":426},{\"@type\":\"BreadcrumbList\",\"@id\":\"https:\/\/psol50.org.br\/apoiamos-o-aprofundamento-das-investigacoes-nota-da-bancada-do-psol-sobre-as-novas-prisoes-da-lava-jato\/#breadcrumb\",\"itemListElement\":[{\"@type\":\"ListItem\",\"position\":1,\"name\":\"In\u00edcio\",\"item\":\"https:\/\/psol50.org.br\/\"},{\"@type\":\"ListItem\",\"position\":2,\"name\":\"\u201cApoiamos o aprofundamento das investiga\u00e7\u00f5es\u201d: Nota da bancada do PSOL sobre as novas pris\u00f5es da Lava Jato\"}]},{\"@type\":\"WebSite\",\"@id\":\"https:\/\/psol50.org.br\/#website\",\"url\":\"https:\/\/psol50.org.br\/\",\"name\":\"PSOL 50\",\"description\":\"Site oficial do Partido Socialismo e Liberdade\",\"publisher\":{\"@id\":\"https:\/\/psol50.org.br\/#organization\"},\"alternateName\":\"PSOL50\",\"potentialAction\":[{\"@type\":\"SearchAction\",\"target\":{\"@type\":\"EntryPoint\",\"urlTemplate\":\"https:\/\/psol50.org.br\/?s={search_term_string}\"},\"query-input\":{\"@type\":\"PropertyValueSpecification\",\"valueRequired\":true,\"valueName\":\"search_term_string\"}}],\"inLanguage\":\"pt-BR\"},{\"@type\":\"Organization\",\"@id\":\"https:\/\/psol50.org.br\/#organization\",\"name\":\"PSOL 50\",\"alternateName\":\"PSOL 50\",\"url\":\"https:\/\/psol50.org.br\/\",\"logo\":{\"@type\":\"ImageObject\",\"inLanguage\":\"pt-BR\",\"@id\":\"https:\/\/psol50.org.br\/#\/schema\/logo\/image\/\",\"url\":\"https:\/\/psol50.org.br\/inc\/uploads\/2018\/07\/capa.png\",\"contentUrl\":\"https:\/\/psol50.org.br\/inc\/uploads\/2018\/07\/capa.png\",\"width\":1350,\"height\":900,\"caption\":\"PSOL 50\"},\"image\":{\"@id\":\"https:\/\/psol50.org.br\/#\/schema\/logo\/image\/\"},\"sameAs\":[\"https:\/\/www.facebook.com\/psol50\",\"https:\/\/x.com\/psol50\",\"https:\/\/www.instagram.com\/psol50\/\",\"https:\/\/www.youtube.com\/channel\/UC7SnJS5o1os7a6CaiNabzcg\"]},{\"@type\":\"Person\",\"@id\":\"https:\/\/psol50.org.br\/#\/schema\/person\/475dfa57d0b815993c714c2e96491fcd\",\"name\":\"Comunica\u00e7\u00e3o PSOL\",\"image\":{\"@type\":\"ImageObject\",\"inLanguage\":\"pt-BR\",\"@id\":\"https:\/\/psol50.org.br\/#\/schema\/person\/image\/\",\"url\":\"https:\/\/secure.gravatar.com\/avatar\/b34fc4f4e468a4e51785917065a3db57b841f5c95dba6ad8c73aaf8f66f8f9bf?s=96&d=mm&r=g\",\"contentUrl\":\"https:\/\/secure.gravatar.com\/avatar\/b34fc4f4e468a4e51785917065a3db57b841f5c95dba6ad8c73aaf8f66f8f9bf?s=96&d=mm&r=g\",\"caption\":\"Comunica\u00e7\u00e3o PSOL\"}}]}<\/script>\n<!-- \/ Yoast SEO plugin. -->","yoast_head_json":{"title":"\u201cApoiamos o aprofundamento das investiga\u00e7\u00f5es\u201d: Nota da bancada do PSOL sobre as novas pris\u00f5es da Lava Jato - PSOL 50","robots":{"index":"index","follow":"follow","max-snippet":"max-snippet:-1","max-image-preview":"max-image-preview:large","max-video-preview":"max-video-preview:-1"},"canonical":"https:\/\/psol50.org.br\/apoiamos-o-aprofundamento-das-investigacoes-nota-da-bancada-do-psol-sobre-as-novas-prisoes-da-lava-jato\/","og_locale":"pt_BR","og_type":"article","og_title":"\u201cApoiamos o aprofundamento das investiga\u00e7\u00f5es\u201d: Nota da bancada do PSOL sobre as novas pris\u00f5es da Lava Jato - PSOL 50","og_description":"As pris\u00f5es do senador Delc\u00eddio do Amaral (PT-MS), l\u00edder do governo no Senado, e do banqueiro Andr\u00e9 Esteves, do banco BTG Pactual, baseiam-se na grav\u00edssima acusa\u00e7\u00e3o de que agiram para interferir nas investiga\u00e7\u00f5es da Lava Jato. Trata-se de um esc\u00e2ndalo nacional que deve ser apurado e investigado at\u00e9 as \u00faltimas consequ\u00eancias, respeitadas as garantias constitucionais. [&hellip;]","og_url":"https:\/\/psol50.org.br\/apoiamos-o-aprofundamento-das-investigacoes-nota-da-bancada-do-psol-sobre-as-novas-prisoes-da-lava-jato\/","og_site_name":"PSOL 50","article_publisher":"https:\/\/www.facebook.com\/psol50","article_published_time":"2015-11-25T20:28:10+00:00","og_image":[{"width":640,"height":426,"url":"https:\/\/psol50.org.br\/inc\/uploads\/2015\/11\/Delcidio-e-Andre-Esteves-presos-Lava-Jato.jpg","type":"image\/jpeg"}],"author":"Comunica\u00e7\u00e3o PSOL","twitter_card":"summary_large_image","twitter_creator":"@psol50","twitter_site":"@psol50","twitter_misc":{"Escrito por":"Comunica\u00e7\u00e3o PSOL","Est. tempo de leitura":"1 minuto"},"schema":{"@context":"https:\/\/schema.org","@graph":[{"@type":"Article","@id":"https:\/\/psol50.org.br\/apoiamos-o-aprofundamento-das-investigacoes-nota-da-bancada-do-psol-sobre-as-novas-prisoes-da-lava-jato\/#article","isPartOf":{"@id":"https:\/\/psol50.org.br\/apoiamos-o-aprofundamento-das-investigacoes-nota-da-bancada-do-psol-sobre-as-novas-prisoes-da-lava-jato\/"},"author":{"name":"Comunica\u00e7\u00e3o PSOL","@id":"https:\/\/psol50.org.br\/#\/schema\/person\/475dfa57d0b815993c714c2e96491fcd"},"headline":"\u201cApoiamos o aprofundamento das investiga\u00e7\u00f5es\u201d: Nota da bancada do PSOL sobre as novas pris\u00f5es da Lava Jato","datePublished":"2015-11-25T20:28:10+00:00","mainEntityOfPage":{"@id":"https:\/\/psol50.org.br\/apoiamos-o-aprofundamento-das-investigacoes-nota-da-bancada-do-psol-sobre-as-novas-prisoes-da-lava-jato\/"},"wordCount":222,"commentCount":0,"publisher":{"@id":"https:\/\/psol50.org.br\/#organization"},"image":{"@id":"https:\/\/psol50.org.br\/apoiamos-o-aprofundamento-das-investigacoes-nota-da-bancada-do-psol-sobre-as-novas-prisoes-da-lava-jato\/#primaryimage"},"thumbnailUrl":"https:\/\/psol50.org.br\/inc\/uploads\/2015\/11\/Delcidio-e-Andre-Esteves-presos-Lava-Jato.jpg","keywords":["Andr\u00e9 Esteves","Bancada do PSOL","Delc\u00eddio do Amaral","Lava Jato","Petrobras"],"articleSection":["A\u00e7\u00e3o Parlamentar","Brasil","Not\u00edcias","Partido"],"inLanguage":"pt-BR","potentialAction":[{"@type":"CommentAction","name":"Comment","target":["https:\/\/psol50.org.br\/apoiamos-o-aprofundamento-das-investigacoes-nota-da-bancada-do-psol-sobre-as-novas-prisoes-da-lava-jato\/#respond"]}]},{"@type":"WebPage","@id":"https:\/\/psol50.org.br\/apoiamos-o-aprofundamento-das-investigacoes-nota-da-bancada-do-psol-sobre-as-novas-prisoes-da-lava-jato\/","url":"https:\/\/psol50.org.br\/apoiamos-o-aprofundamento-das-investigacoes-nota-da-bancada-do-psol-sobre-as-novas-prisoes-da-lava-jato\/","name":"\u201cApoiamos o aprofundamento das investiga\u00e7\u00f5es\u201d: Nota da bancada do PSOL sobre as novas pris\u00f5es da Lava Jato - PSOL 50","isPartOf":{"@id":"https:\/\/psol50.org.br\/#website"},"primaryImageOfPage":{"@id":"https:\/\/psol50.org.br\/apoiamos-o-aprofundamento-das-investigacoes-nota-da-bancada-do-psol-sobre-as-novas-prisoes-da-lava-jato\/#primaryimage"},"image":{"@id":"https:\/\/psol50.org.br\/apoiamos-o-aprofundamento-das-investigacoes-nota-da-bancada-do-psol-sobre-as-novas-prisoes-da-lava-jato\/#primaryimage"},"thumbnailUrl":"https:\/\/psol50.org.br\/inc\/uploads\/2015\/11\/Delcidio-e-Andre-Esteves-presos-Lava-Jato.jpg","datePublished":"2015-11-25T20:28:10+00:00","breadcrumb":{"@id":"https:\/\/psol50.org.br\/apoiamos-o-aprofundamento-das-investigacoes-nota-da-bancada-do-psol-sobre-as-novas-prisoes-da-lava-jato\/#breadcrumb"},"inLanguage":"pt-BR","potentialAction":[{"@type":"ReadAction","target":["https:\/\/psol50.org.br\/apoiamos-o-aprofundamento-das-investigacoes-nota-da-bancada-do-psol-sobre-as-novas-prisoes-da-lava-jato\/"]}]},{"@type":"ImageObject","inLanguage":"pt-BR","@id":"https:\/\/psol50.org.br\/apoiamos-o-aprofundamento-das-investigacoes-nota-da-bancada-do-psol-sobre-as-novas-prisoes-da-lava-jato\/#primaryimage","url":"https:\/\/psol50.org.br\/inc\/uploads\/2015\/11\/Delcidio-e-Andre-Esteves-presos-Lava-Jato.jpg","contentUrl":"https:\/\/psol50.org.br\/inc\/uploads\/2015\/11\/Delcidio-e-Andre-Esteves-presos-Lava-Jato.jpg","width":640,"height":426},{"@type":"BreadcrumbList","@id":"https:\/\/psol50.org.br\/apoiamos-o-aprofundamento-das-investigacoes-nota-da-bancada-do-psol-sobre-as-novas-prisoes-da-lava-jato\/#breadcrumb","itemListElement":[{"@type":"ListItem","position":1,"name":"In\u00edcio","item":"https:\/\/psol50.org.br\/"},{"@type":"ListItem","position":2,"name":"\u201cApoiamos o aprofundamento das investiga\u00e7\u00f5es\u201d: Nota da bancada do PSOL sobre as novas pris\u00f5es da Lava Jato"}]},{"@type":"WebSite","@id":"https:\/\/psol50.org.br\/#website","url":"https:\/\/psol50.org.br\/","name":"PSOL 50","description":"Site oficial do Partido Socialismo e Liberdade","publisher":{"@id":"https:\/\/psol50.org.br\/#organization"},"alternateName":"PSOL50","potentialAction":[{"@type":"SearchAction","target":{"@type":"EntryPoint","urlTemplate":"https:\/\/psol50.org.br\/?s={search_term_string}"},"query-input":{"@type":"PropertyValueSpecification","valueRequired":true,"valueName":"search_term_string"}}],"inLanguage":"pt-BR"},{"@type":"Organization","@id":"https:\/\/psol50.org.br\/#organization","name":"PSOL 50","alternateName":"PSOL 50","url":"https:\/\/psol50.org.br\/","logo":{"@type":"ImageObject","inLanguage":"pt-BR","@id":"https:\/\/psol50.org.br\/#\/schema\/logo\/image\/","url":"https:\/\/psol50.org.br\/inc\/uploads\/2018\/07\/capa.png","contentUrl":"https:\/\/psol50.org.br\/inc\/uploads\/2018\/07\/capa.png","width":1350,"height":900,"caption":"PSOL 50"},"image":{"@id":"https:\/\/psol50.org.br\/#\/schema\/logo\/image\/"},"sameAs":["https:\/\/www.facebook.com\/psol50","https:\/\/x.com\/psol50","https:\/\/www.instagram.com\/psol50\/","https:\/\/www.youtube.com\/channel\/UC7SnJS5o1os7a6CaiNabzcg"]},{"@type":"Person","@id":"https:\/\/psol50.org.br\/#\/schema\/person\/475dfa57d0b815993c714c2e96491fcd","name":"Comunica\u00e7\u00e3o PSOL","image":{"@type":"ImageObject","inLanguage":"pt-BR","@id":"https:\/\/psol50.org.br\/#\/schema\/person\/image\/","url":"https:\/\/secure.gravatar.com\/avatar\/b34fc4f4e468a4e51785917065a3db57b841f5c95dba6ad8c73aaf8f66f8f9bf?s=96&d=mm&r=g","contentUrl":"https:\/\/secure.gravatar.com\/avatar\/b34fc4f4e468a4e51785917065a3db57b841f5c95dba6ad8c73aaf8f66f8f9bf?s=96&d=mm&r=g","caption":"Comunica\u00e7\u00e3o PSOL"}}]}},"_links":{"self":[{"href":"https:\/\/psol50.org.br\/rest\/wp\/v2\/posts\/10731","targetHints":{"allow":["GET"]}}],"collection":[{"href":"https:\/\/psol50.org.br\/rest\/wp\/v2\/posts"}],"about":[{"href":"https:\/\/psol50.org.br\/rest\/wp\/v2\/types\/post"}],"author":[{"embeddable":true,"href":"https:\/\/psol50.org.br\/rest\/wp\/v2\/users\/2"}],"replies":[{"embeddable":true,"href":"https:\/\/psol50.org.br\/rest\/wp\/v2\/comments?post=10731"}],"version-history":[{"count":0,"href":"https:\/\/psol50.org.br\/rest\/wp\/v2\/posts\/10731\/revisions"}],"wp:featuredmedia":[{"embeddable":true,"href":"https:\/\/psol50.org.br\/rest\/wp\/v2\/media\/10732"}],"wp:attachment":[{"href":"https:\/\/psol50.org.br\/rest\/wp\/v2\/media?parent=10731"}],"wp:term":[{"taxonomy":"category","embeddable":true,"href":"https:\/\/psol50.org.br\/rest\/wp\/v2\/categories?post=10731"},{"taxonomy":"post_tag","embeddable":true,"href":"https:\/\/psol50.org.br\/rest\/wp\/v2\/tags?post=10731"}],"curies":[{"name":"wp","href":"https:\/\/api.w.org\/{rel}","templated":true}]}}